{"id":978,"date":"2015-06-08T00:34:07","date_gmt":"2015-06-08T00:34:07","guid":{"rendered":"http:\/\/www.noticias1440.com.ar\/?p=978"},"modified":"2015-06-08T00:39:38","modified_gmt":"2015-06-08T00:39:38","slug":"axel-una-semana-entre-la-euforia-y-el-dolor","status":"publish","type":"post","link":"https:\/\/noticias1440.com.ar\/?p=978","title":{"rendered":"Axel, una semana entre la euforia y el dolor."},"content":{"rendered":"<p>El m\u00fasico\u00a0de Rafael Calzada fue el gran ganador de los\u201cPremios Gardel 2015\u201d, una semana que termin\u00f2 con la muerte de su madre. Horas antes de la tr\u00e1gica noticia,el talentoso artista habl\u00f2 a solas con Noticias 1440 en esa\u00a0mezcla de emociones que atravesaba en\u00a0especiales horas cuando nada hac\u00eca preveer la dura p\u00e8rdida familiar.<\/p>\n<p><!--more--><\/p>\n<p><a href=\"http:\/\/www.noticias1440.com.ar\/wp-content\/uploads\/2015\/06\/Axel-Noticias1440-Portada-7-Junio-2015-A0001.jpg\"><img loading=\"lazy\" decoding=\"async\" class=\" size-medium wp-image-979 aligncenter\" src=\"http:\/\/www.noticias1440.com.ar\/wp-content\/uploads\/2015\/06\/Axel-Noticias1440-Portada-7-Junio-2015-A0001-300x234.jpg\" alt=\"Axel (Noticias1440 - Portada 7 Junio 2015 A0001)\" width=\"300\" height=\"234\" srcset=\"https:\/\/noticias1440.com.ar\/wp-content\/uploads\/2015\/06\/Axel-Noticias1440-Portada-7-Junio-2015-A0001-300x234.jpg 300w, https:\/\/noticias1440.com.ar\/wp-content\/uploads\/2015\/06\/Axel-Noticias1440-Portada-7-Junio-2015-A0001.jpg 406w\" sizes=\"auto, (max-width: 300px) 100vw, 300px\" \/><\/a><\/p>\n<p><strong>Por Gabriel Imparato<\/strong><\/p>\n<p><a href=\"http:\/\/www.noticias1440.com.ar\/wp-content\/uploads\/2015\/06\/Buen-Viaje-Mam\u00e0.jpg\"><img loading=\"lazy\" decoding=\"async\" class=\" size-medium wp-image-998 alignright\" src=\"http:\/\/www.noticias1440.com.ar\/wp-content\/uploads\/2015\/06\/Buen-Viaje-Mam\u00e0-250x300.jpg\" alt=\"Buen Viaje Mam\u00e0\" width=\"250\" height=\"300\" srcset=\"https:\/\/noticias1440.com.ar\/wp-content\/uploads\/2015\/06\/Buen-Viaje-Mam\u00e0-250x300.jpg 250w, https:\/\/noticias1440.com.ar\/wp-content\/uploads\/2015\/06\/Buen-Viaje-Mam\u00e0.jpg 390w\" sizes=\"auto, (max-width: 250px) 100vw, 250px\" \/><\/a><\/p>\n<p><strong>(Capital Federal \u2013 Domingo 07 de Junio de 2015)<\/strong> Determinados momentos en la vida quedan grabados de manera definitiva, un collage de sensaciones que el cantante Axel en la \u00faltima semana debi\u00f3 atravesar como pudo, fruto de esa noche triunfal en los\u201cPremios Gardel 2015\u201d, mientras su madre se debat\u00eca en una dificil\u00edsima situaci\u00f3n cl\u00ednica. Todos pudieron percibir el particular momento que el talentos\u00edsimo artista de Rafael Calzada estaba viviendo con esa mezcla de emociones , circunstancia donde al obtener sobre el cierre de la velada en el Gran Rex el\u201cpremio de oro\u201d, llegado el momento del discurso, se quebr\u00f2 e intent\u00f2 sobrellevar una complicada adversidad de la vida como pudo frente a una multitud que no ces\u00f2 en apoyarlo incondicionalmente. La mam\u00e0 de Axel estaba en terapia intensiva desde principios de mayo, pero complicaciones en su cuadro de salud tras una operaci\u00f3n de columna obligaron a un coma inducido como primer respuesta en ese inconveniente f\u00edsico. Llevaba m\u00e0s de un mes en esa situaci\u00f3n, pero el viernes 05 de junio y a pesar del esfuerzo de los m\u00e9dicos, \u201cYuyi\u201dfalleci\u00f3 en la cl\u00ednica ubicada en la localidad de Florencio Varela, provocando el desenlace menos esperado. Despu\u00e8s del impacto inicial, Axel decidi\u00f3 despedir a su mam\u00e0 con una carta colgada en su sitio de internet titulada \u201cBuen Viaje Mam\u00e0!!\u201d (foto lateral).<\/p>\n<p><a href=\"http:\/\/www.noticias1440.com.ar\/wp-content\/uploads\/2015\/06\/Axel-fotos-prensa-Premios-Gardel-JA-B011.jpg\"><img loading=\"lazy\" decoding=\"async\" class=\" size-medium wp-image-993 alignleft\" src=\"http:\/\/www.noticias1440.com.ar\/wp-content\/uploads\/2015\/06\/Axel-fotos-prensa-Premios-Gardel-JA-B011-246x300.jpg\" alt=\"Axel (fotos prensa Premios Gardel - JA B011)\" width=\"246\" height=\"300\" srcset=\"https:\/\/noticias1440.com.ar\/wp-content\/uploads\/2015\/06\/Axel-fotos-prensa-Premios-Gardel-JA-B011-246x300.jpg 246w, https:\/\/noticias1440.com.ar\/wp-content\/uploads\/2015\/06\/Axel-fotos-prensa-Premios-Gardel-JA-B011.jpg 376w\" sizes=\"auto, (max-width: 246px) 100vw, 246px\" \/><\/a><\/p>\n<p>Shockeado por la noticia, Axel comparti\u00f2 la novedad con los millones de personas que siguen su carrera y se llamo a silencio junto con sus familiares para sobrellevar un momento de enorme dolor. Pocas horas antes de ocurrir esta triste novedad, Axel concedi\u00f3 una muy extensa entrevista a Noticias1440, ba\u00f1ado en esa mezcla de sensaciones, una charla que super\u00f2 los 90 minutos en la oficina del sello Sony Music, di\u00e0logo que\u00a0transcurri\u00f3 distendido, cargado de emociones mezcladas, humor y un sentimiento de agradecimiento hacia quienes lo acompa\u00f1aron en esta triunfal carrera art\u00edstica. Lo que sigue a continuaci\u00f3n, es la transcripci\u00f3n completa de la entrevista que Axel realiz\u00f2 horas antes de vivir una dur\u00ecsima p\u00e8rdida familiar, tiempos en los que no descartaba que algo as\u00ec pudiese ocurrirle, casualmente en momentos en que se apresta a ser padre por tercera vez con su pareja Delfina. Nuestros sentidos respetos a Axel y todo su n\u00f9cleo familiar ante la infausta novedad acaecida en estas \u00faltimas horas.<\/p>\n<p>&nbsp;<\/p>\n<p><a href=\"http:\/\/www.noticias1440.com.ar\/wp-content\/uploads\/2015\/06\/Axel-fotos-prensa-Premios-Gardel-JA-B010.jpg\"><img loading=\"lazy\" decoding=\"async\" class=\" size-medium wp-image-992 alignright\" src=\"http:\/\/www.noticias1440.com.ar\/wp-content\/uploads\/2015\/06\/Axel-fotos-prensa-Premios-Gardel-JA-B010-300x199.jpg\" alt=\"Axel (fotos prensa Premios Gardel - JA B010)\" width=\"300\" height=\"199\" srcset=\"https:\/\/noticias1440.com.ar\/wp-content\/uploads\/2015\/06\/Axel-fotos-prensa-Premios-Gardel-JA-B010-300x199.jpg 300w, https:\/\/noticias1440.com.ar\/wp-content\/uploads\/2015\/06\/Axel-fotos-prensa-Premios-Gardel-JA-B010.jpg 450w\" sizes=\"auto, (max-width: 300px) 100vw, 300px\" \/><\/a>\u00a0<\/p>\n<p><strong>\u00bfCuando iniciaste \u201cTus Ojos Mis Ojos\u201dimaginabas una noche as\u00ec de triunfal? <\/strong>Ten\u00ecamos un proyecto muy claro, sin dudas, sab\u00edamos a d\u00f2nde quer\u00ecamos ir, est\u00e1bamos en un momento de templanza, lejos de toda arrogancia, sino que era seguridad lo que est\u00e1bamos haciendo, sab\u00edamos lo que quer\u00ecamos y ten\u00ecamos la idea sobre c\u00f2mo alcanzarlo, despu\u00e9s hay factores que no dependen de nosotros, porque las intenciones son perfectas pero hay cosas que hacen que eso pueda variar, gracias a Dios esos factores jugaron a favor tambi\u00e9n, el viento sopl\u00f2 a favor nuestro, ayer se coron\u00f2 una noche hist\u00f3rica para nosotros, lo que dije ah\u00ec fue muy sincero, es el mejor premio de mi carrera, es el m\u00e0s importante, porqu\u00e8 raz\u00f3n: algunos me dicen \u201ceh, si ma\u00f1ana gan\u00e0s un Grammy\u201d, pero eso no va a ser m\u00e0s importante que esto, porque el Gardel es el premio m\u00e0s importante de mi pa\u00eds. Dado por los colegas que admiro y yo crec\u00ec escuchando su m\u00fasica, los nuevos autores e int\u00e8rpretes, los nuevos cr\u00edticos de m\u00fasica que me conocen desde que inici\u00e8 mi carrera y el p\u00fablico que me vio nacer musicalmente. Entonces no hay mejor premio que este, la verdad, es lo m\u00e0s grande que me pod\u00eda haber pasado. El \u00fanico detalle si cabe, es que me hubiese gustado que mi mam\u00e0 lo viera, obviamente, pero estoy seguro que si mam\u00e0 se despierta del coma y sale, le voy a poner el dvd y le contar\u00e8 \u201cesta es la noticia del d\u00eca\u201d. Habr\u00e0 tambi\u00e9n un video del pr\u00f3ximo nieto que nacer\u00e0 en pocas semanas m\u00e0s, le dir\u00e8\u201cte tengo que contar algo, pas\u00f2 esto\u201d. Ella ya sab\u00eca las nominaciones, cay\u00f2 en coma hace 31 d\u00ecas, el 2 o 3 de mayo, ya se sab\u00edan las nominaciones, le dije \u201csoy el m\u00e0s nominado del pa\u00eds\u201d, saqu\u00e8 una foto, es la \u00faltima que tenemos juntos y fue sacada en la terapia intensiva. El hecho de que yo deseaba que mi mam\u00e0 lo hubiera visto, es mi ego, es por mi ego, si quer\u00eca que mi mam\u00e0 me viera ah\u00ec, es por mi ego, orgullosamente, entonces dije\u201cdespoj\u00e8monos de eso, fue una noche perfecta\u201d, fue muy emocionante.<\/p>\n<p><a href=\"http:\/\/www.noticias1440.com.ar\/wp-content\/uploads\/2015\/06\/Axel-fotos-prensa-Premios-Gardel-JA-B009.jpg\"><img loading=\"lazy\" decoding=\"async\" class=\" size-medium wp-image-991 alignleft\" src=\"http:\/\/www.noticias1440.com.ar\/wp-content\/uploads\/2015\/06\/Axel-fotos-prensa-Premios-Gardel-JA-B009-300x199.jpg\" alt=\"Axel (fotos prensa Premios Gardel - JA B009)\" width=\"300\" height=\"199\" srcset=\"https:\/\/noticias1440.com.ar\/wp-content\/uploads\/2015\/06\/Axel-fotos-prensa-Premios-Gardel-JA-B009-300x199.jpg 300w, https:\/\/noticias1440.com.ar\/wp-content\/uploads\/2015\/06\/Axel-fotos-prensa-Premios-Gardel-JA-B009.jpg 450w\" sizes=\"auto, (max-width: 300px) 100vw, 300px\" \/><\/a><\/p>\n<p><strong>\u00bfTe sorprendi\u00f3 no haber ganado en producci\u00f3n?<\/strong><\/p>\n<p>Ehh, ingenier\u00eda puede ser, porque estaba Santaolalla nominado con\u201cCamino\u201d, porque es una marca registrada y es muy dif\u00edcil competir con \u00e8l, adem\u00e1s este disco fue grabado en la Argentina en mi estudio propio, la gente puede decir \u201cc\u00f2mo es?\u201dy preguntar el estudio que tenemos, en producci\u00f2n perder lo lament\u00e8 por Nico Cotta m\u00e0s que por m\u00ec, Nico es un productor joven, hipertalentoso. De ese resultado me enter\u00e8 a la noche ya estando all\u00ec, porque esa categor\u00eda se entreg\u00f2 antes por la tarde, dije\u201cno importa, ya est\u00e0\u201d. Lo sent\u00ed m\u00e0s por Nico que por m\u00ec, juntos produjimos este disco, sin dudas, hicimos los arreglos, de hecho hab\u00edamos quedado que si gan\u00e1bamos en producci\u00f3n, \u00e8l dar\u00eda el discurso central por el logro alcanzado, es un chico que tiene 26 a\u00f1os, es un pibe. Tiene una gran cabeza con las ideas muy claras, seguimos haciendo cosas nuevas juntos.<\/p>\n<p><a href=\"http:\/\/www.noticias1440.com.ar\/wp-content\/uploads\/2015\/06\/Axel-fotos-prensa-Premios-Gardel-JA-B003.jpg\"><img loading=\"lazy\" decoding=\"async\" class=\" size-medium wp-image-985 alignright\" src=\"http:\/\/www.noticias1440.com.ar\/wp-content\/uploads\/2015\/06\/Axel-fotos-prensa-Premios-Gardel-JA-B003-300x200.jpg\" alt=\"Axel (fotos prensa Premios Gardel - JA B003)\" width=\"300\" height=\"200\" srcset=\"https:\/\/noticias1440.com.ar\/wp-content\/uploads\/2015\/06\/Axel-fotos-prensa-Premios-Gardel-JA-B003-300x200.jpg 300w, https:\/\/noticias1440.com.ar\/wp-content\/uploads\/2015\/06\/Axel-fotos-prensa-Premios-Gardel-JA-B003.jpg 451w\" sizes=\"auto, (max-width: 300px) 100vw, 300px\" \/><\/a><\/p>\n<p><strong>\u00bfTe preocupaba en lo global lo que pod\u00eda pasar en la premiaci\u00f3n nocturna?<\/strong><\/p>\n<p>No, el primero que ganamos fue por\u201cArtista Masculino Pop\u201d, ah\u00ec estaban Vicentico, Maxi Trusso, era una terna dif\u00edcil, tal vez ah\u00ec se empez\u00f3 a orientar la noche, dije como pensaste vos\u201csi ganamos ese, hay una orientaci\u00f3n positiva\u201d. Vicentico es un crack y Maxi puede estar cuestionado porque hace su m\u00fasica en ingl\u00e8s, pero es muy bueno.<\/p>\n<p><a href=\"http:\/\/www.noticias1440.com.ar\/wp-content\/uploads\/2015\/06\/Axel-fotos-prensa-Premios-Gardel-JA-B001.jpg\"><img loading=\"lazy\" decoding=\"async\" class=\" size-medium wp-image-983 alignleft\" src=\"http:\/\/www.noticias1440.com.ar\/wp-content\/uploads\/2015\/06\/Axel-fotos-prensa-Premios-Gardel-JA-B001-191x300.jpg\" alt=\"Axel (fotos prensa Premios Gardel - JA B001)\" width=\"191\" height=\"300\" srcset=\"https:\/\/noticias1440.com.ar\/wp-content\/uploads\/2015\/06\/Axel-fotos-prensa-Premios-Gardel-JA-B001-191x300.jpg 191w, https:\/\/noticias1440.com.ar\/wp-content\/uploads\/2015\/06\/Axel-fotos-prensa-Premios-Gardel-JA-B001.jpg 286w\" sizes=\"auto, (max-width: 191px) 100vw, 191px\" \/><\/a><\/p>\n<p><strong>Despu\u00e8s de 16 a\u00f1os de carrera, \u00bfsent\u00eds que con estos premios, para algunos se empez\u00f3 a legalizar lo que ven\u00ecs haciendo en la m\u00fasica en la \u00faltima d\u00e9cada y media?<\/strong><\/p>\n<p>Puede ser, s\u00ec, porque lo que no esperaba es esto, estos premios se dan cuando cumpl\u00ecs 50 a\u00f1os y que me lo den tan joven me hizo algo especial, como cuando se lo dieron a Abel el a\u00f1o pasado, que buenos que nos lo den a estas generaciones, en esta fase, porque tambi\u00e9n servimos de inspiraci\u00f3n para mucha gente que viene por detr\u00e1s, porque el chico de veinte a\u00f1os hoy no busca de referencia a Calamaro, busca algo m\u00e0s cercano generacionalmente, a m\u00ec me pasa todo el tiempo que vamos por el exterior o vamos por ac\u00e0, chicos de 25 a\u00f1os para abajo con sus bandas, todo el tiempo me dan discos, demos, estamos escuchando, me piden la opini\u00f3n, porque quieren una referencia, entonces yo el martes sin querer ser ejemplo de nadie ni nada, porque yo soy un tipo com\u00fan, que vive una vida sencilla y com\u00fan como todos,pero me pasan cosas extraordinarias. Porqu\u00e8: porque soy disciplinado,\u00a0\u00a0\u00a0\u00a0 \u00a0\u00a0\u00a0\u00a0\u00a0\u00a0\u00a0\u00a0\u00a0\u00a0\u00a0\u00a0\u00a0\u00a0\u00a0\u00a0\u00a0\u00a0\u00a0\u00a0\u00a0\u00a0\u00a0\u00a0\u00a0\u00a0\u00a0\u00a0\u00a0\u00a0porque tengo un equipo de gente excelente alrededor, porque tenemos coherencia a la hora de trabajar, me conoc\u00e8s de cuando estaba en Canal26, entonces sab\u00e8s que esto fue coherencia, fue disciplina, trabajo, tenacidad, esfuerzo, enfoque\u2026<\/p>\n<p><a href=\"http:\/\/www.noticias1440.com.ar\/wp-content\/uploads\/2015\/06\/Axel-fotos-prensa-Premios-Gardel-JA-B002.jpg\"><img loading=\"lazy\" decoding=\"async\" class=\" size-medium wp-image-984 alignright\" src=\"http:\/\/www.noticias1440.com.ar\/wp-content\/uploads\/2015\/06\/Axel-fotos-prensa-Premios-Gardel-JA-B002-179x300.jpg\" alt=\"Axel (fotos prensa Premios Gardel - JA B002)\" width=\"179\" height=\"300\" srcset=\"https:\/\/noticias1440.com.ar\/wp-content\/uploads\/2015\/06\/Axel-fotos-prensa-Premios-Gardel-JA-B002-179x300.jpg 179w, https:\/\/noticias1440.com.ar\/wp-content\/uploads\/2015\/06\/Axel-fotos-prensa-Premios-Gardel-JA-B002.jpg 296w\" sizes=\"auto, (max-width: 179px) 100vw, 179px\" \/><\/a><\/p>\n<p><strong>Y una palabra clave en tu vida. Pasi\u00f2n.<\/strong><\/p>\n<p>Pasi\u00f2n, sin dudas Gabriel. El otro d\u00eca estaba en la casa de un amigo que es un tremendo m\u00fasico de jazz, Pablo Musso, me dijo\u201ctocate algo vos\u201dah\u00ec en su estudio, en la casa, toqu\u00e8 una pavadita, algo muy simple. Me dijo\u201cvos pod\u00e8s tocar algo simple o una pavadita, pero cuando toc\u00e0s\u201cAmo\u201d, lo hac\u00e8 como si fuera la primera vez en tu vida\u201d, el me dec\u00eda que lo hac\u00eca casi de una manera m\u00e0s automatizada, la cuesti\u00f3n es que yo no pierdo la pasi\u00f3n nunca. Cada concierto que hago es como el primero o el \u00faltimo que hago en mi vida. La compa\u00f1\u00eda me dijo, \u201cya que ganamos un oro, todo esto, hacer prensa, a qu\u00e8 hora te parece?\u201d, pod\u00eda haberles dicho \u201cpasado, as\u00ec ma\u00f1ana tengo libre\u201d, en cambio dije\u201cyo estoy a la hora que ustedes me digan, ellos me dijeron\u201cpon\u00e8 la hora vos porque nos acostamos a las cinco de la ma\u00f1ana\u201d, les dije\u201cac\u00e0 no pas\u00f2 nada\u201d. No conozco \u00e9xito que se sostenga en el tiempo que no est\u00e8 basado en el trabajo. \u00a0\u00a0\u00a0<\/p>\n<p><a href=\"http:\/\/www.noticias1440.com.ar\/wp-content\/uploads\/2015\/06\/Axel-fotos-prensa-Premios-Gardel-JA-B014.jpg\"><img loading=\"lazy\" decoding=\"async\" class=\" size-medium wp-image-996 alignleft\" src=\"http:\/\/www.noticias1440.com.ar\/wp-content\/uploads\/2015\/06\/Axel-fotos-prensa-Premios-Gardel-JA-B014-300x261.jpg\" alt=\"Axel (fotos prensa Premios Gardel - JA B014)\" width=\"300\" height=\"261\" srcset=\"https:\/\/noticias1440.com.ar\/wp-content\/uploads\/2015\/06\/Axel-fotos-prensa-Premios-Gardel-JA-B014-300x261.jpg 300w, https:\/\/noticias1440.com.ar\/wp-content\/uploads\/2015\/06\/Axel-fotos-prensa-Premios-Gardel-JA-B014.jpg 389w\" sizes=\"auto, (max-width: 300px) 100vw, 300px\" \/><\/a><\/p>\n<p><strong>\u00bfD\u00f2nde pens\u00e0s que comenz\u00f3 a pegar este disco?<\/strong><\/p>\n<p>Cuando arranc\u00f2 el disco con el video de\u201cAfinidad\u201ds\u00ec hubo una respuesta r\u00e1pida pero uno no puede vaticinar si significa algo todav\u00eda, es la ausencia de que no sacaba disco hace un a\u00f1o y medio, entonces la gente desesperada quiere eso, porque el p\u00fablico lo sigue, m\u00e0s se me hizo firme cuando pusimos a la venta dos fechas en el Opera y se agotaron en un solo d\u00eca. Pusimos dos m\u00e0s y en esa semana se vendieron cuatro, dije\u201cqu\u00e8 pasa?\u201d, agregamos otros dos, hasta que llegamos a catorce, creo que a la industria la sorprendimos la noche que tocamos en el teatro Sony Music, hicimos el show con un audio sorprendente, anoche lo dije en la entrega \u201cyo como cantautor corro riesgos, de refrescarme, renovarme\u201d, y eso cuando largamos\u201cAfinidad\u201dyo fui el primero que dijo\u201ceste es el primer corte\u201d, algunos me dec\u00edan\u201cvamos con una balada como fue\u201cTe voy a amar\u201d, onda eso\u201d, pero en cambio propuse\u201cAfinidad\u201d, porque dije \u201ces de calidad, despu\u00e9s saquemos una balada!\u201d, y bueno, estuvimos acertados porque\u201cAfinidad\u201dsuena super fresco y super moderno. Siento que el disco tiene mucha variedad, de alguna forma\u201cTus Ojos Mis Ojos\u201dno es algo de \u201cworld music\u201d, pero s\u00ec es un disco que tiene un abanico de herramientas e instrumentos que se combinaron muy bien.<\/p>\n<p><a href=\"http:\/\/www.noticias1440.com.ar\/wp-content\/uploads\/2015\/06\/Axel-fotos-prensa-Premios-Gardel-JA-B012.jpg\"><img loading=\"lazy\" decoding=\"async\" class=\" size-medium wp-image-994 alignright\" src=\"http:\/\/www.noticias1440.com.ar\/wp-content\/uploads\/2015\/06\/Axel-fotos-prensa-Premios-Gardel-JA-B012-300x231.jpg\" alt=\"Axel (fotos prensa Premios Gardel - JA B012)\" width=\"300\" height=\"231\" srcset=\"https:\/\/noticias1440.com.ar\/wp-content\/uploads\/2015\/06\/Axel-fotos-prensa-Premios-Gardel-JA-B012-300x231.jpg 300w, https:\/\/noticias1440.com.ar\/wp-content\/uploads\/2015\/06\/Axel-fotos-prensa-Premios-Gardel-JA-B012.jpg 390w\" sizes=\"auto, (max-width: 300px) 100vw, 300px\" \/><\/a><\/p>\n<p><strong>Se combin\u00f2 adem\u00e1s la plenitud del artista con la de la persona.<\/strong><\/p>\n<p>Exacto, si porque yo supe valorar lo que pod\u00eda hacer , al contrario de mi \u00faltimo sello, le d\u00ec confianza a la gente que se reuni\u00f3 conmigo para encararlo al ingresar a Sony y esa uni\u00f3n se vivi\u00f3 en este disco. Cuando iba a arrancar con\u201cTus Ojos Mis Ojos\u201dy cambiamos de compa\u00f1\u00eda, yo le dije a Afo Verde\u201cdame un tiempo para descansar!\u201dy Afo me respondi\u00f3 que\u201cn\u00f2, ten\u00e8s que hacerlo ahora\u201d. Pensaba que no sab\u00eca bien que escribir o decir, pero \u00e8l me dijo\u201cvos ten\u00e8s un mont\u00f2n de cosas para decir, todo eso que charlamos ten\u00e8s que decirlo en una canci\u00f3n\u201d. De repente empez\u00f3 a surgir y surgi\u00f3, sali\u00f3 \u201cTus Ojos Mis Ojos\u201d, disco del a\u00f1o, canci\u00f3n del a\u00f1o, la verdad que estoy feliz porque Afo Verde fue un crack para m\u00ec en todo sentido, todo el tiempo, estoy muy agradecido.<\/p>\n<p><a href=\"http:\/\/www.noticias1440.com.ar\/wp-content\/uploads\/2015\/06\/Axel-fotos-prensa-Premios-Gardel-JA-B005.jpg\"><img loading=\"lazy\" decoding=\"async\" class=\" size-medium wp-image-987 alignleft\" src=\"http:\/\/www.noticias1440.com.ar\/wp-content\/uploads\/2015\/06\/Axel-fotos-prensa-Premios-Gardel-JA-B005-300x198.jpg\" alt=\"Axel (fotos prensa Premios Gardel - JA B005)\" width=\"300\" height=\"198\" srcset=\"https:\/\/noticias1440.com.ar\/wp-content\/uploads\/2015\/06\/Axel-fotos-prensa-Premios-Gardel-JA-B005-300x198.jpg 300w, https:\/\/noticias1440.com.ar\/wp-content\/uploads\/2015\/06\/Axel-fotos-prensa-Premios-Gardel-JA-B005.jpg 451w\" sizes=\"auto, (max-width: 300px) 100vw, 300px\" \/><\/a><\/p>\n<p><strong>\u00bfNo sent\u00eds que hay otro p\u00fablico que tambi\u00e9n te sigue por tu estilo, forma de ser en lo cotidiano o hasta las letras que plante\u00e0s \u00faltimamente en tus discos?<\/strong><\/p>\n<p>S\u00ec, de todo eso un poco Gabriel, un par de amigos rockeros me dec\u00edan con mensajes que este trabajo los emocion\u00f2, los hizo llorar, creo que todo es un poco. La gente te va descubriendo m\u00e0s como persona, por ah\u00ec se produce una empat\u00eca con personas que dicen \u201ctal vez no me gusta tanto su m\u00fasica, pero me cae bien el flaco\u201d, ah\u00ec empiezan a simpatizar con el asunto. Dos, sin dudas que el trabajo con el tiempo va generando m\u00e0s respeto y se toma con m\u00e0s seriedad, cosas como la l\u00ecrica por supuesto, la musicalidad y tambi\u00e9n algo muy importante para m\u00ec, siento que la gente cada vez m\u00e0s me descubre en vivo. El vivo es una aplanadora, la banda te pasa por arriba, ellos grabaron el disco conmigo y nadie les hab\u00eda dado la posibilidad de grabar un disco a este nivel, nunca, entonces yo les hice grabar este disco a este nivel y estaban todos como agradecidos, realmente cuando vamos en vivo, muchos creen que se trata de un baladista con varias canciones de amor, rom\u00e1nticas, pero ya en el segundo tema est\u00e1n saltando, o est\u00e1n muy arriba, los primeros tres o cuatro temas del inicio son como cachetadas que te levantan, el espect\u00e1culo alterna cosas as\u00ec con algunas baladas, no te da respiro, fruto de eso es que el p\u00fablico vari\u00f2 mucho, se ampli\u00f2, sin perder lo que ten\u00ecamos, que eso encima creci\u00f3, hoy se fue para otros lados y es un p\u00fablico familiar con hombres y mujeres,<\/p>\n<p><a href=\"http:\/\/www.noticias1440.com.ar\/wp-content\/uploads\/2015\/06\/Axel-fotos-prensa-Premios-Gardel-JA-B007.jpg\"><img loading=\"lazy\" decoding=\"async\" class=\" size-medium wp-image-989 alignright\" src=\"http:\/\/www.noticias1440.com.ar\/wp-content\/uploads\/2015\/06\/Axel-fotos-prensa-Premios-Gardel-JA-B007-300x199.jpg\" alt=\"Axel (fotos prensa Premios Gardel - JA B007)\" width=\"300\" height=\"199\" srcset=\"https:\/\/noticias1440.com.ar\/wp-content\/uploads\/2015\/06\/Axel-fotos-prensa-Premios-Gardel-JA-B007-300x199.jpg 300w, https:\/\/noticias1440.com.ar\/wp-content\/uploads\/2015\/06\/Axel-fotos-prensa-Premios-Gardel-JA-B007.jpg 450w\" sizes=\"auto, (max-width: 300px) 100vw, 300px\" \/><\/a><\/p>\n<p><strong>\u00bfTe pone mucha presi\u00f3n el momento triunfal mirando a un nuevo disco de estudio?<\/strong><\/p>\n<p>Un periodista me preguntaba si tantos premios me daban libertad para ganar y respond\u00ec que\u201cn\u00f2\u201d, porque nadie nunca me coart\u00f2 la libertad, siempre tuve libertad, desde el primer disco que pod\u00eda haberme sentido condicionado, yo siempre escrib\u00ec y puse lo que quer\u00eca, lo que me da m\u00e0s seguridad a m\u00ec mismo y confianza. La f\u00f2rmula an\u00ecmico- profesional me funciona y lo que tengo que hacer ahora es terminar esta gira ahora por Latinoam\u00e8rica, Espa\u00f1a y Argentina, en diciembre tomarme un descanso de diez d\u00edas como me tomo siempre, del 21 de diciembre hasta el 3 de enero que es mi \u00fanico descanso, ah\u00ed otra vez empezar con festivales en el interior del pa\u00eds, que me gustan porque no me agrada parar de tocar, ponerme a componer y preparar el concepto de un nuevo disco que sorprenda de vuelta, no s\u00e8 que va a ser, el\u00e9ctrico, ac\u00fastico, todav\u00eda no lo s\u00e8.<\/p>\n<p><a href=\"http:\/\/www.noticias1440.com.ar\/wp-content\/uploads\/2015\/06\/Axel-fotos-prensa-Premios-Gardel-JA-B006.jpg\"><img loading=\"lazy\" decoding=\"async\" class=\" size-medium wp-image-988 alignleft\" src=\"http:\/\/www.noticias1440.com.ar\/wp-content\/uploads\/2015\/06\/Axel-fotos-prensa-Premios-Gardel-JA-B006-300x199.jpg\" alt=\"Axel (fotos prensa Premios Gardel - JA B006)\" width=\"300\" height=\"199\" srcset=\"https:\/\/noticias1440.com.ar\/wp-content\/uploads\/2015\/06\/Axel-fotos-prensa-Premios-Gardel-JA-B006-300x199.jpg 300w, https:\/\/noticias1440.com.ar\/wp-content\/uploads\/2015\/06\/Axel-fotos-prensa-Premios-Gardel-JA-B006.jpg 449w\" sizes=\"auto, (max-width: 300px) 100vw, 300px\" \/><\/a><\/p>\n<p><strong>\u00bf\u201cTus Ojos Mis Ojos\u201dva a tener una edici\u00f3n ampliada ahora?\u00a0\u00a0\u00a0\u00a0 \u00a0\u00a0\u00a0\u00a0\u00a0\u00a0\u00a0\u00a0\u00a0\u00a0\u00a0\u00a0 \u00a0\u00a0\u00a0\u00a0\u00a0\u00a0\u00a0\u00a0\u00a0\u00a0\u00a0\u00a0\u00a0\u00a0<\/strong><\/p>\n<p>Ahora en julio sale una reedici\u00f2n con temas en vivo. Es un formato totalmente diferente, con versiones distintas, con su video tambi\u00e9n, es un cd-dvd, alg\u00fan track escondido, alguna versi\u00f3n de\u201cLet it Be\u201dtambi\u00e9n, que la improvic\u00e8 con el ukelele, en vivo me surgen cosas, en un show la propuse y todos tuvieron que seguirme, ni la ensayamos. Dije \u201cel que se siente seguro de meter algo, lo pone, el que n\u00f2 se queda tranquilo con su instrumento la escucha\u201d. Es un caramelito que va a traer la edici\u00f3n ampliada y se van a sorprender.<\/p>\n<p><a href=\"http:\/\/www.noticias1440.com.ar\/wp-content\/uploads\/2015\/06\/Axel-fotos-prensa-Premios-Gardel-JA-B013.jpg\"><img loading=\"lazy\" decoding=\"async\" class=\" size-medium wp-image-995 alignright\" src=\"http:\/\/www.noticias1440.com.ar\/wp-content\/uploads\/2015\/06\/Axel-fotos-prensa-Premios-Gardel-JA-B013-300x257.jpg\" alt=\"Axel (fotos prensa Premios Gardel - JA B013)\" width=\"300\" height=\"257\" srcset=\"https:\/\/noticias1440.com.ar\/wp-content\/uploads\/2015\/06\/Axel-fotos-prensa-Premios-Gardel-JA-B013-300x257.jpg 300w, https:\/\/noticias1440.com.ar\/wp-content\/uploads\/2015\/06\/Axel-fotos-prensa-Premios-Gardel-JA-B013.jpg 362w\" sizes=\"auto, (max-width: 300px) 100vw, 300px\" \/><\/a><\/p>\n<p><strong>Supe que ten\u00e8s otro proyecto para materializar dentro del 2015.<\/strong><\/p>\n<p>Exacto, tengo ganas antes de fin de a\u00f1o de terminar el ciclo del disco haciendo un dvd con p\u00f9blico multitudinario, grabar el show para dejar constancia de lo que nos est\u00e0 pasando en este momento. Ayer escuch\u00e8 all\u00ec en la ceremonia a los IKV que dec\u00edan\u201cel disco est\u00e0 buen\u00edsimo, pero el dvd es otra cosa\u201d, el dvd suena mucho m\u00e0s\u201cpower\u201d, creo que a todos nos pasa lo mismo, me sucede eso, la banda en vivo tiene otro poder, entonces como este disco fue tan premiado y reconocido quiero dejar un sello o huella en vivo de c\u00f3mo suena, lo haremos antes de fin de a\u00f1o si la compa\u00f1\u00eda lo apoya. Est\u00e0bamos hablando hoy de eso, de hacer un concierto multitudinario donde tengamos invitados internacionales.<\/p>\n<p><a href=\"http:\/\/www.noticias1440.com.ar\/wp-content\/uploads\/2015\/06\/Axel-fotos-prensa-Premios-Gardel-JA-B004.jpg\"><img loading=\"lazy\" decoding=\"async\" class=\" size-medium wp-image-986 alignleft\" src=\"http:\/\/www.noticias1440.com.ar\/wp-content\/uploads\/2015\/06\/Axel-fotos-prensa-Premios-Gardel-JA-B004-300x198.jpg\" alt=\"Axel (fotos prensa Premios Gardel - JA B004)\" width=\"300\" height=\"198\" srcset=\"https:\/\/noticias1440.com.ar\/wp-content\/uploads\/2015\/06\/Axel-fotos-prensa-Premios-Gardel-JA-B004-300x198.jpg 300w, https:\/\/noticias1440.com.ar\/wp-content\/uploads\/2015\/06\/Axel-fotos-prensa-Premios-Gardel-JA-B004.jpg 451w\" sizes=\"auto, (max-width: 300px) 100vw, 300px\" \/><\/a><\/p>\n<p><strong>\u00bfC\u00f2mo viv\u00ecs la expansi\u00f3n familiar a pocos d\u00edas de ser padre nuevamente? \u00a0 \u00a0<\/strong><\/p>\n<p>Bueno, las dos hijas anteriores, las calcul\u00e8 mejor, porque en realidad nacieron justo en la \u00e9poca en que yo pod\u00eda componer tranquilo sin apurarme, en esos seis meses yo pod\u00eda dedicarme y componer, entonces durante esos lapsos creativos estaba a full con mis hijas, en cambio este me nace en medio de la gira, de todo, ahora en dos semanas. Bueno, es el var\u00f2n, naci\u00f3 un poco para romperme los esquemas, muy feliz, con ganas de verle la carita, en las \u00faltimas semanas ten\u00e8s muchas ganas de ver c\u00f2mo es.<\/p>\n<p><a href=\"http:\/\/www.noticias1440.com.ar\/wp-content\/uploads\/2015\/06\/Premios-Gardel-de-Axel-foto-Paul-David-Focus-Noticias1440-A001.jpg\"><img loading=\"lazy\" decoding=\"async\" class=\" size-medium wp-image-999 alignright\" src=\"http:\/\/www.noticias1440.com.ar\/wp-content\/uploads\/2015\/06\/Premios-Gardel-de-Axel-foto-Paul-David-Focus-Noticias1440-A001-300x273.jpg\" alt=\"Premios Gardel de Axel (foto Paul David Focus Noticias1440 A001)\" width=\"300\" height=\"273\" srcset=\"https:\/\/noticias1440.com.ar\/wp-content\/uploads\/2015\/06\/Premios-Gardel-de-Axel-foto-Paul-David-Focus-Noticias1440-A001-300x273.jpg 300w, https:\/\/noticias1440.com.ar\/wp-content\/uploads\/2015\/06\/Premios-Gardel-de-Axel-foto-Paul-David-Focus-Noticias1440-A001.jpg 339w\" sizes=\"auto, (max-width: 300px) 100vw, 300px\" \/><\/a><\/p>\n<p><strong>\u00bfC\u00f2mo describ\u00ecs el mayor m\u00e8rito de tu mujer Delfina al acompa\u00f1arte en tu carrera? <\/strong><\/p>\n<p>Tiene muchos m\u00e8ritos, primero saber ubicarse en los lugares donde tiene que ubicarse, ella es as\u00ec, es perfil bajo natural, tranquila, no le gusta la exposici\u00f3n, adem\u00e1s entender mi carrera, mis viajes, mis locuras, ir, venir, los shows, acompa\u00f1arme desde el lugar que le toca, no tensionarme ni presionarme. No es una mujer celosa, porque conmigo no podr\u00eda estar, me entiende muy bien como compa\u00f1era, que es lo que necesito y como debemos complementarnos. Suele decirse que detr\u00e1s de un hombre hay una gran mujer, yo no digo eso, en realidad la mujer est\u00e0 en paralelo, porqu\u00e8 va a estar detr\u00e1s?, es al lado, y si hay dos, una de cada lado, mejor\u2026(risas)<\/p>\n<p><a href=\"http:\/\/www.noticias1440.com.ar\/wp-content\/uploads\/2015\/06\/Axel-fotos-prensa-Premios-Gardel-JA-B015.jpg\"><img loading=\"lazy\" decoding=\"async\" class=\" size-medium wp-image-997 alignleft\" src=\"http:\/\/www.noticias1440.com.ar\/wp-content\/uploads\/2015\/06\/Axel-fotos-prensa-Premios-Gardel-JA-B015-300x242.jpg\" alt=\"Axel (fotos prensa Premios Gardel - JA B015)\" width=\"300\" height=\"242\" srcset=\"https:\/\/noticias1440.com.ar\/wp-content\/uploads\/2015\/06\/Axel-fotos-prensa-Premios-Gardel-JA-B015-300x242.jpg 300w, https:\/\/noticias1440.com.ar\/wp-content\/uploads\/2015\/06\/Axel-fotos-prensa-Premios-Gardel-JA-B015.jpg 399w\" sizes=\"auto, (max-width: 300px) 100vw, 300px\" \/><\/a><\/p>\n<p><strong>\u00bfBuscando armar una familia, sentias en alg\u00fan momento que podd\u00ecas hallar alguien que entendiera tu profesi\u00f3n y todo lo que implica? <\/strong><\/p>\n<p>Yo sab\u00eca que alguien en alg\u00fan momento iba a aparecer, que toda olla tiene su tapita, pero no sab\u00eca cuando iba a aparecer, ni quer\u00eca forzarlo porque disfrutaba mucho de la vida, de mi carrera, de todo lo que me daba, de verdad Delfina apareci\u00f3 de golpe, por sorpresa, totalmente inesperado, bueno, por ahora todo muy bien, coronado con tres hijos.<\/p>\n<p>&nbsp;<\/p>\n<p><a href=\"http:\/\/www.noticias1440.com.ar\/wp-content\/uploads\/2015\/06\/Premios-Gardel-de-Axel-foto-Paul-David-Focus-Noticias1440-A002.jpg\"><img loading=\"lazy\" decoding=\"async\" class=\" size-medium wp-image-1000 alignright\" src=\"http:\/\/www.noticias1440.com.ar\/wp-content\/uploads\/2015\/06\/Premios-Gardel-de-Axel-foto-Paul-David-Focus-Noticias1440-A002-300x251.jpg\" alt=\"Premios Gardel de Axel (foto Paul David Focus Noticias1440 A002)\" width=\"300\" height=\"251\" srcset=\"https:\/\/noticias1440.com.ar\/wp-content\/uploads\/2015\/06\/Premios-Gardel-de-Axel-foto-Paul-David-Focus-Noticias1440-A002-300x251.jpg 300w, https:\/\/noticias1440.com.ar\/wp-content\/uploads\/2015\/06\/Premios-Gardel-de-Axel-foto-Paul-David-Focus-Noticias1440-A002.jpg 376w\" sizes=\"auto, (max-width: 300px) 100vw, 300px\" \/><\/a><\/p>\n<p><strong>Lo cierto es que ahora te espera tambi\u00e9n una segunda etapa en el exterior.<\/strong><\/p>\n<p>La verdad que el desembarco masivo en el exterior con este disco se consolid\u00f2 de una forma espectacular, ven\u00edamos de a poquito trabajando, las cosas fueron pasando de a poco, pero este \u00faltimo disco abre muchos m\u00e0s surcos, ha sido mucho m\u00e0s contundente, claro, lo otro iba de a poco, pero con este disco Espa\u00f1a se abri\u00f3 de una manera colosal y contunden, en marzo me dieron un premio como uno de los 25 artistas m\u00e0s importantes del a\u00f1o pasado, en M\u00e8xico\u201cAfinidad\u201dfue top five, m\u00e0s en un lugar donde publica Dios y Mar\u00eca Sant\u00ecsima. Ahora realmente el desaf\u00edo pasa por lograr cosas all\u00e0, creo que el crecimiento tiene que ir por ese lado tambi\u00e9n, m\u00e0s all\u00e0 que ac\u00e0 hay que seguir siempre sosteniendo y consolidando todo lo que se logr\u00f3. Hay que consolidar M\u00e8xico y Espa\u00f1a, como la estructura base junto con Argentina, ese tri\u00e0ngulo que hace que un artista sea de un peso regional muy fuerte y serio.<\/p>\n<p><a href=\"http:\/\/www.noticias1440.com.ar\/wp-content\/uploads\/2015\/06\/Axel-fotos-prensa-Premios-Gardel-JA-B001.jpg\"><img loading=\"lazy\" decoding=\"async\" class=\" size-medium wp-image-983 alignleft\" src=\"http:\/\/www.noticias1440.com.ar\/wp-content\/uploads\/2015\/06\/Axel-fotos-prensa-Premios-Gardel-JA-B001-191x300.jpg\" alt=\"Axel (fotos prensa Premios Gardel - JA B001)\" width=\"191\" height=\"300\" srcset=\"https:\/\/noticias1440.com.ar\/wp-content\/uploads\/2015\/06\/Axel-fotos-prensa-Premios-Gardel-JA-B001-191x300.jpg 191w, https:\/\/noticias1440.com.ar\/wp-content\/uploads\/2015\/06\/Axel-fotos-prensa-Premios-Gardel-JA-B001.jpg 286w\" sizes=\"auto, (max-width: 191px) 100vw, 191px\" \/><\/a><\/p>\n<p><strong>El destino es muy curioso. Arrancaste en un canal de cable y ahora est\u00e0s ac\u00e0.<\/strong><\/p>\n<p>Me acuerdo de la \u00e9poca en que me tocaba estar del otro lado(26TV), me acuerdo de haber ido a cubrir a Marcela Morelo en La Trastienda, en el 97-98, yo fu\u00ec por el Canal26, por el ranking, todo el tiempo ten\u00eda esa sensaci\u00f3n rara, dec\u00eda \u201ceste no es mi lugar, es otro\u201d\u00b7, no estaba en mi lugar, sent\u00eda que estaba en el horizonte equivocado, estaba como un habitual entrevistador, pero eso me ayud\u00f2 a entender a la industria ahora que estoy del otro lado. En las entrevistas ahora creo que me siento con mucha cancha, porque tambi\u00e9n estuve del otro lado, estoy hecho un\u201ctiempista\u201dporque fu\u00ec aprendiendo. En aqu\u00e8l momento cuando ve\u00eca un premio as\u00ec, dec\u00eda \u201cMe tocar\u00e0?\u201d, so\u00f1aba con eso, pero ahora que ocupo este sitio y me pasan estas cosas, las vivo con mucha conciencia. No es que me pasa y digo\u201cno s\u00e8 lo que viv\u00ec\u201d.<\/p>\n<p>&nbsp;<\/p>\n<p><a href=\"http:\/\/www.noticias1440.com.ar\/wp-content\/uploads\/2015\/06\/Axel-fotos-prensa-Premios-Gardel-JA-B002.jpg\"><img loading=\"lazy\" decoding=\"async\" class=\" size-medium wp-image-984 alignright\" src=\"http:\/\/www.noticias1440.com.ar\/wp-content\/uploads\/2015\/06\/Axel-fotos-prensa-Premios-Gardel-JA-B002-179x300.jpg\" alt=\"Axel (fotos prensa Premios Gardel - JA B002)\" width=\"179\" height=\"300\" srcset=\"https:\/\/noticias1440.com.ar\/wp-content\/uploads\/2015\/06\/Axel-fotos-prensa-Premios-Gardel-JA-B002-179x300.jpg 179w, https:\/\/noticias1440.com.ar\/wp-content\/uploads\/2015\/06\/Axel-fotos-prensa-Premios-Gardel-JA-B002.jpg 296w\" sizes=\"auto, (max-width: 179px) 100vw, 179px\" \/><\/a><\/p>\n<p><strong>\u00bfAlgunos te ponen presiones para que ahora ganes el Grammy? <\/strong><\/p>\n<p>Bueno, reci\u00e9n te dec\u00eda que en Esapa\u00f1a me dieron un premio en Espa\u00f1a, como uno de los 25 mejores artistas, pero ojo, no es un Grammy, en realidad yo creo que tengo que seguir por este camino elegido, que todo se va a ir dando, creo que es as\u00ec, gan\u00e8 dos Gardel en dos ediciones diferentes con discos distintos, pero con otro \u00e1lbum yo tuve un total de cinco nominaciones y me acuerdo que esa noche no gan\u00e8 ninguna. Por eso esta vez que tuve seis y fu\u00ec el m\u00e1ximo nominado, la gente y mis amigos me dec\u00edan\u201cya est\u00e0!\u201d, pero yo recordaba que con el disco anterior tuve cinco y no gan\u00e8 ninguna, igual me fu\u00ec con una sonrisa de oreja a oreja, porque perd\u00ed con Cerati, Charly Garc\u00eca, Sandro y Mercedes Sosa, no es que perd\u00ed con\u201cCarlitos\u201d, dije \u201cya est\u00e0, perd\u00ed con los n\u00famero uno de la m\u00fasica, a los que yo adoro y admiro\u201d, est\u00e0 bien. Este a\u00f1o estaban Calamaro, Vicentico, Fito, Miranda, Tan Bi\u00f2nica, Bersuit, un mont\u00f2n de n\u00famero unos, el Chaque\u00f1o, la Sole, Las Pelotas, iba a la entrega y dec\u00eda que no sab\u00eca que pod\u00eda pasar. Pero llegamos y esta vez nos toc\u00f2 a nosotros, dije\u201cbueno\u201d, nos hemos ido sin nada de una premiaci\u00f3n y no pasaba nada.<\/p>\n<p><a href=\"http:\/\/www.noticias1440.com.ar\/wp-content\/uploads\/2015\/06\/Axel-fotos-prensa-Premios-Gardel-JA-B011.jpg\"><img loading=\"lazy\" decoding=\"async\" class=\" size-medium wp-image-993 alignleft\" src=\"http:\/\/www.noticias1440.com.ar\/wp-content\/uploads\/2015\/06\/Axel-fotos-prensa-Premios-Gardel-JA-B011-246x300.jpg\" alt=\"Axel (fotos prensa Premios Gardel - JA B011)\" width=\"246\" height=\"300\" srcset=\"https:\/\/noticias1440.com.ar\/wp-content\/uploads\/2015\/06\/Axel-fotos-prensa-Premios-Gardel-JA-B011-246x300.jpg 246w, https:\/\/noticias1440.com.ar\/wp-content\/uploads\/2015\/06\/Axel-fotos-prensa-Premios-Gardel-JA-B011.jpg 376w\" sizes=\"auto, (max-width: 246px) 100vw, 246px\" \/><\/a><\/p>\n<p><strong>Te sorprende que en esta \u00e9poca violenta y agresiva haya que salir a recuperar todos esos valores que tus padres te inculcaron en aqu\u00e8l momento?<\/strong><\/p>\n<p>No me sorprende, es un problema cultural. Pero el responsable n\u00famero uno de eso es la televisi\u00f3n que tenemos en nuestro pa\u00eds, me refiero a que como comunicadores con todos nuestros medios, somos responsables de todo lo que decimos y publicamos, creo que hay que dar un mensaje distinto. La ficci\u00f3n en la tv es excelente, pero el d\u00eca a d\u00eca de la televisi\u00f3n es muy chabacano, lo que se hace muchas veces a lo largo del d\u00eca es denigrar a la mujer. Cuando viene una chica a la televisi\u00f3n, est\u00e0 la famosa vueltita para que le enfoquen el culo y las tetas, viste?, eso es rebajar a la mujer. Es rebajar a tu hermana, tu madre, tu compa\u00f1era, tus hijas, eso lo vemos a diario. Pero tambi\u00e9n hay una violencia generalizada que vemos a diario y no es solo con las mujeres, yo soy de la \u00e9poca en que se jugaba a la pelota en la calle y no hab\u00eda problemas, en esa \u00e9poca no hab\u00eda celulares, iba a jugar al Club Calzada de mi barrio, camina ocho cuadras y volv\u00eca a las diez de la noche, vos pens\u00e0s que mi madre estaba preocupada? No hab\u00eda tel\u00e9fono ni nada.<\/p>\n<p><a href=\"http:\/\/www.noticias1440.com.ar\/wp-content\/uploads\/2015\/06\/Premios-Gardel-de-Axel-foto-Paul-David-Focus-Noticias1440-A003.jpg\"><img loading=\"lazy\" decoding=\"async\" class=\" size-medium wp-image-1001 alignright\" src=\"http:\/\/www.noticias1440.com.ar\/wp-content\/uploads\/2015\/06\/Premios-Gardel-de-Axel-foto-Paul-David-Focus-Noticias1440-A003-300x239.jpg\" alt=\"Premios Gardel de Axel (foto Paul David Focus Noticias1440 A003)\" width=\"300\" height=\"239\" srcset=\"https:\/\/noticias1440.com.ar\/wp-content\/uploads\/2015\/06\/Premios-Gardel-de-Axel-foto-Paul-David-Focus-Noticias1440-A003-300x239.jpg 300w, https:\/\/noticias1440.com.ar\/wp-content\/uploads\/2015\/06\/Premios-Gardel-de-Axel-foto-Paul-David-Focus-Noticias1440-A003.jpg 397w\" sizes=\"auto, (max-width: 300px) 100vw, 300px\" \/><\/a><\/p>\n<p><strong>Pero no le cabe la responsabilidad \u00fanicamente a un medio de comunicaci\u00f3n.<\/strong><\/p>\n<p>Creo que esto es un problema cultural tambi\u00e9n, la cultura y la educaci\u00f3n son el camino para poder mejorar a la sociedad. Si la televisi\u00f3n que es el medio m\u00e0s masivo alimenta a diario a un ladr\u00f2n que va persiguiendo turistas con su moto, para transformarlo en medi\u00e1tico, el pibe que est\u00e0 un poco marginado en su casa y que se siente sin muchas oportunidades, lamentablemente porque la sociedad no le da una oportunidad, dice \u201chago eso y soy famoso\u201d. No es mal pibe, pero ve que el otro asaltando a la gente est\u00e0 para \u201cBailando por un sue\u00f1o\u201d, adem\u00e0s Internet ha potenciado todo eso, estamos mal enfocados. Para m\u00ec si queremos que algo cambie, tenemos que cambiar desde lo que mostramos en televisi\u00f3n. Si vos mostr\u00e0s todo el tiempo chicas en pelotas, que encima le hac\u00e8s un chiste toc\u00e1ndole el culo, no hay control de lo que se dice, todo con malas palabras, no hay ning\u00fan ente que lo regule, dond\u00e8 est\u00e0 la AFSCA?, nadie que diga que eso no se puede decir o insinuar, en mi caso en mi hogar trato de sostener aquellos valores que se me inculcaron cuando estaba en casa, por eso en mi casa no hay televisi\u00f3n, tenemos una tev\u00e9 en la cocina para ver las c\u00e1maras y de vez en cuando alguna pel\u00edcula, porque mis hijas est\u00e1n incentivadas desde el arte, pintar, dibujar, ir a danza, bailar esas cosas. Adem\u00e0s si hay una tele, est\u00e1n los padres para poder discernir lo importante en realidad.\u00a0\u00a0\u00a0\u00a0\u00a0\u00a0\u00a0\u00a0<\/p>\n<p>&nbsp;<\/p>\n<p>&nbsp;<\/p>\n<p>&nbsp;<\/p>\n","protected":false},"excerpt":{"rendered":"<p>El m\u00fasico\u00a0de Rafael Calzada fue el gran ganador de los\u201cPremios Gardel 2015\u201d, una semana que termin\u00f2 con la muerte de su madre. Horas antes de la tr\u00e1gica noticia,el talentoso artista habl\u00f2 a solas con Noticias 1440 en esa\u00a0mezcla de emociones que atravesaba en\u00a0especiales horas cuando nada hac\u00eca preveer la dura p\u00e8rdida familiar.<\/p>\n","protected":false},"author":1,"featured_media":979,"comment_status":"closed","ping_status":"open","sticky":false,"template":"","format":"standard","meta":{"footnotes":""},"categories":[3],"tags":[],"class_list":["post-978","post","type-post","status-publish","format-standard","has-post-thumbnail","hentry","category-actualidad"],"_links":{"self":[{"href":"https:\/\/noticias1440.com.ar\/index.php?rest_route=\/wp\/v2\/posts\/978","targetHints":{"allow":["GET"]}}],"collection":[{"href":"https:\/\/noticias1440.com.ar\/index.php?rest_route=\/wp\/v2\/posts"}],"about":[{"href":"https:\/\/noticias1440.com.ar\/index.php?rest_route=\/wp\/v2\/types\/post"}],"author":[{"embeddable":true,"href":"https:\/\/noticias1440.com.ar\/index.php?rest_route=\/wp\/v2\/users\/1"}],"replies":[{"embeddable":true,"href":"https:\/\/noticias1440.com.ar\/index.php?rest_route=%2Fwp%2Fv2%2Fcomments&post=978"}],"version-history":[{"count":4,"href":"https:\/\/noticias1440.com.ar\/index.php?rest_route=\/wp\/v2\/posts\/978\/revisions"}],"predecessor-version":[{"id":1003,"href":"https:\/\/noticias1440.com.ar\/index.php?rest_route=\/wp\/v2\/posts\/978\/revisions\/1003"}],"wp:featuredmedia":[{"embeddable":true,"href":"https:\/\/noticias1440.com.ar\/index.php?rest_route=\/wp\/v2\/media\/979"}],"wp:attachment":[{"href":"https:\/\/noticias1440.com.ar\/index.php?rest_route=%2Fwp%2Fv2%2Fmedia&parent=978"}],"wp:term":[{"taxonomy":"category","embeddable":true,"href":"https:\/\/noticias1440.com.ar\/index.php?rest_route=%2Fwp%2Fv2%2Fcategories&post=978"},{"taxonomy":"post_tag","embeddable":true,"href":"https:\/\/noticias1440.com.ar\/index.php?rest_route=%2Fwp%2Fv2%2Ftags&post=978"}],"curies":[{"name":"wp","href":"https:\/\/api.w.org\/{rel}","templated":true}]}}