{"id":94,"date":"2015-03-07T21:30:58","date_gmt":"2015-03-07T21:30:58","guid":{"rendered":"http:\/\/www.noticias1440.com.ar\/?p=94"},"modified":"2015-03-07T22:09:27","modified_gmt":"2015-03-07T22:09:27","slug":"ricardo-montaner-argentina-hoy-esta-muy-intensa-y-caldeada","status":"publish","type":"post","link":"https:\/\/noticias1440.com.ar\/?p=94","title":{"rendered":"Ricardo Montaner: \u201cArgentina hoy est\u00e0 muy intensa y caldeada\u201d"},"content":{"rendered":"<p>Visit\u00f2 Buenos Aires y C\u00f2rdoba para promocionar su cd\u201cAgradecido\u201d y en una pausa habl\u00f2 a solas con <strong>Noticias1440<\/strong> de su carrera, el pa\u00eds y el\u201cCaso Nisman\u201d.<\/p>\n<p><!--more--><\/p>\n<p>\u00a0<a href=\"http:\/\/www.noticias1440.com.ar\/wp-content\/uploads\/2015\/03\/Foto-Ricardo-Montaner-foto-gentileza-Noticias-1440-A1.jpg\"><img loading=\"lazy\" decoding=\"async\" class=\" size-medium wp-image-95 aligncenter\" src=\"http:\/\/www.noticias1440.com.ar\/wp-content\/uploads\/2015\/03\/Foto-Ricardo-Montaner-foto-gentileza-Noticias-1440-A1-300x215.jpg\" alt=\"Foto Ricardo Montaner (foto gentileza Noticias 1440 A1)\" width=\"300\" height=\"215\" srcset=\"https:\/\/noticias1440.com.ar\/wp-content\/uploads\/2015\/03\/Foto-Ricardo-Montaner-foto-gentileza-Noticias-1440-A1-300x215.jpg 300w, https:\/\/noticias1440.com.ar\/wp-content\/uploads\/2015\/03\/Foto-Ricardo-Montaner-foto-gentileza-Noticias-1440-A1.jpg 580w\" sizes=\"auto, (max-width: 300px) 100vw, 300px\" \/><\/a><\/p>\n<p><strong>Por Impareitor Network<\/strong><\/p>\n<p>&nbsp;<\/p>\n<p><strong>(Capital Federal \u2013 07 de Marzo de 2015)<\/strong> Para Ricardo Montaner las \u00faltimas 96 horas fueron m\u00e0s intensas de lo esperado, una estad\u00eca promocional para difundir el material inclu\u00ecdo en su atractivo \u00e1lbum\u201cAgradecido\u201d, operativo que arranc\u00f2 el mi\u00e9rcoles con su paso por\u201cEl diario de Mariana\u201d, una entrevista radial en Radio 10 donde comparti\u00f2 ese tramo vespertino con el gobernador Daniel Scioli y los animadores de la emisora. Un rato m\u00e0s tarde, lleg\u00f2 al\u00a0Shopping Abasto, sitio\u00a0atestado de fans e innumerables curiosos, all\u00ec el m\u00fasico se ubic\u00f2 en un stand en el primer piso para autografiar discos y sacarse fotos con al menos unas cuatrocientas personas en esa zona del Abasto. Tres horas despu\u00e8s tuvo su break en el Hotel Hyatt Duhau Buenos Aires hasta la madrugada del jueves, cuando visit\u00f2 su querida Valent\u00ecn Alsina para hacer una nota y comer unos fiambres atractivos, dejando la tarde para m\u00e0s notas en la intensa promoci\u00f3n de su flamante disco.<\/p>\n<p>\u00a0<a href=\"http:\/\/www.noticias1440.com.ar\/wp-content\/uploads\/2015\/03\/Foto-Ricardo-Montaner-foto-gentileza-Prensa-Indalo.jpg\"><img loading=\"lazy\" decoding=\"async\" class=\" size-medium wp-image-96 aligncenter\" src=\"http:\/\/www.noticias1440.com.ar\/wp-content\/uploads\/2015\/03\/Foto-Ricardo-Montaner-foto-gentileza-Prensa-Indalo-300x284.jpg\" alt=\"Foto Ricardo Montaner (foto gentileza Prensa Indalo)\" width=\"300\" height=\"284\" srcset=\"https:\/\/noticias1440.com.ar\/wp-content\/uploads\/2015\/03\/Foto-Ricardo-Montaner-foto-gentileza-Prensa-Indalo-300x284.jpg 300w, https:\/\/noticias1440.com.ar\/wp-content\/uploads\/2015\/03\/Foto-Ricardo-Montaner-foto-gentileza-Prensa-Indalo.jpg 434w\" sizes=\"auto, (max-width: 300px) 100vw, 300px\" \/><\/a><\/p>\n<p>Como si todo eso no le hubiese bastado, el mismo jueves a la noche viaj\u00f2 a C\u00f2rdoba con su equipo de producci\u00f3n para acomodarse en un c\u00f3modo lugar donde pas\u00f2 la noche para arrancar el viernes con varias visitas a las emisoras radiales de esa localidad y cerrar como hab\u00eda ocurrido horas antes en Capital Federal, con una firma de aut\u00f3grafos en los discos que sus fans adquirieron en un shopping cordob\u00e9s, lugar donde repiti\u00f3 ese ritual de estar casi tres horas en \u00ecntimo contacto con sus seguidores. De vuelta ya en\u00a0Buenos Aires, no ocult\u00f2 su felicidad al recibir una r\u00e8plica de la camiseta n\u00f9mero 11 del jugador Federico\u00a0Mancuello,\u00a0actual goleador de Independiente, tramo de la noche donde mantuvo\u00a0una charla a solas con <strong>Noticias1440<\/strong>, entrevista donde confirm\u00f2 que probablemente este a\u00f1o no realice conciertos en el pa\u00eds, para darle un mejor asentamiento al \u00e0lbum que promocion\u00f2 en estas horas. Simp\u00e0tico y sin dejar que el despliegue le reste energ\u00eda a la hora de charlar de m\u00fasica y otros temas, Ricardo Montaner concedi\u00f3 una muy larga nota exclusiva\u00a0 que lo muestra muy pleno y activo en exitosa etapa de su carrera profesional.<\/p>\n<p><strong>Este \u00e1lbum muestra tu necesidad de hacer cosas sin que eso signifique rendir un ex\u00e0men despu\u00e9s de lo alcanzado, pero al mismo tiempo con la tranquilidad que en alg\u00fan lugar, alguien quejoso diga\u201cotra vez un disco de Montaner!\u201d. Esquiv\u00e0s muy tranquilo esa carga. <\/strong><\/p>\n<p>No siento esa presi\u00f3n a la hora de sentarme a escribir, a producir el \u00e1lbum, por m\u00e0s que est\u00e0 la idea que van veintipico de discos que hago, estoy con una compa\u00f1\u00eca con la que cumpl\u00ec tres a\u00f1os, con Sony Music, los discos que llevo aqu\u00ed han tenido en com\u00fan es que ellos me han dado la tranquilidad para que yo me deje fluir y que el disco est\u00e8 cuando tenga que estar. A\u00f9n cuando yo no soy de incubar demasiado los trabajos, no soy de tardarme tres a\u00f1os para volver a escribir o trabajar, normalmente cuando me siento a escribir, me dispongo a escribir normalmente sale una canci\u00f3n.<\/p>\n<p><strong>Ven\u00ecs publicando con mucha asiduidad, no parece pesarte el ritmo de las cosas. <\/strong><\/p>\n<p>Este disco creo que lo hice en unos sesenta d\u00edas pr\u00e0cticos, no h\u00e1biles, puede que me haya tomado tres meses desde que lo empec\u00e9 hasta que lo termin\u00e8, pero en la pr\u00e0ctica fueron unos 45 d\u00ecas o casi 60 d\u00edas de trabajo, cuento el tiempo de los viajes, o sea la log\u00edstica total, viaj\u00e8 a Europa e hice gran parte de las bases, en M\u00e8xico algunas cosas, en Miami por supuesto, despu\u00e9s fue el proceso de las cuerdas en Londres, todo eso ocurri\u00f3 en ese tiempo.<\/p>\n<p><strong>Se siente a este \u00e1lbum con una mejor\u201cWall of Sound\u201d(pared de sonido)para respaldar cada una de las partes vocales que llev\u00e0s a cabo en la totalidad del \u00e1lbum. <\/strong><\/p>\n<p>Sab\u00e8s qu\u00e8 tambi\u00e9n?&#8230;cuando tuvimos la idea de incluir la London Metropolitan Orchestra en muchos de los arreglos, a\u00f9n cuando los arreglistas eran distintos, aparte no solamente distintos porque eran diferentes personas, sino porque viven en idiosincrasias y escenarios muy diferentes, no piensan igual, no sienten igual a la hora de arreglar, no siente igual un italiano viviendo en Mil\u00e0n, que un mexicano en el DF, no siente igual a un argentino que vive en Miami, igual todo pod\u00eca funcionar. O sea,al tener diferentes tendencias musicales en cuanto a estilos, pero contando con el com\u00fan denominador de que la orquestaci\u00f3n iba estar a cargo de la London Orchestra, efectivamente, como tu bien dices, all\u00ec todos ellos concibieron sus arreglos tomando a la London como ese colch\u00f2n donde iba a reposar mi voz. Fue como tener en cada tema una\u201ccama King Size\u201d(risas), muy c\u00f3moda, una\u201ccama King\u201d extraordinaria, en verdad disfrut\u00e8 mucho los montajes de voz, tener esa base dentro del o\u00eddo y escuchar esa orquestota, te ayuda y rema mucho. Yo hice dos montajes de voz: uno con los arreglos de base, con todos los demos para que los arreglistas tuvieran una referencia, en tanto que el segundo montaje ya lo hice cuando estaba montada la orquesta.<\/p>\n<p><a href=\"http:\/\/www.noticias1440.com.ar\/wp-content\/uploads\/2015\/03\/Foto-Ricardo-Montaner-foto-gentileza-Noticias-1440.jpg\"><img loading=\"lazy\" decoding=\"async\" class=\" size-medium wp-image-97 aligncenter\" src=\"http:\/\/www.noticias1440.com.ar\/wp-content\/uploads\/2015\/03\/Foto-Ricardo-Montaner-foto-gentileza-Noticias-1440-300x284.jpg\" alt=\"Foto Ricardo Montaner (foto gentileza Noticias 1440)\" width=\"300\" height=\"284\" srcset=\"https:\/\/noticias1440.com.ar\/wp-content\/uploads\/2015\/03\/Foto-Ricardo-Montaner-foto-gentileza-Noticias-1440-300x284.jpg 300w, https:\/\/noticias1440.com.ar\/wp-content\/uploads\/2015\/03\/Foto-Ricardo-Montaner-foto-gentileza-Noticias-1440.jpg 476w\" sizes=\"auto, (max-width: 300px) 100vw, 300px\" \/><\/a><\/p>\n<p><strong>\u00bfC\u00f2mo fue trabajar con\u201cIl Volo\u201den\u201cM\u00e0s all\u00e0\u201d. Ellos son como los\u201cmini-tenores\u201d.<\/strong><\/p>\n<p>Ellos son amigos de mis hijos Mau y Ricky, se conocieron en Estados Unidos, no me acuerdo si fue en New York o Miami, entonces cuando Ricky produjo\u201cM\u00e0s all\u00e0\u201d, me dijo \u201cPap\u00e0, yo siento que el power que ha agarrado esta canci\u00f3n-que no lo ten\u00eda en el demo-, merecer\u00eca que la hicieras a d\u00f9o, con gente que cante arriba, porqu\u00e8 no lo haces con los \u201cIl Volo\u201d?.. porqu\u00e8 no los invit\u00e0s?&#8230;porque no los conozco en persona. \u201cYo s\u00ec\u201dme dijo veloz Ricky,\u00a0\u00a0 \u201cporque son amigos nuestros, d\u00e9jame escribirles y les mandamos el demo\u201d. Agarr\u00f2 y les mand\u00f2 la pista, a ellos les encant\u00f2, cuando fuimos a Mil\u00e0n, a montar los instrumentos, viajamos a Bologna y all\u00ec los \u201cIl Volo\u201dmontaron las voces. La hicieron tanto en italiano como en espa\u00f1ol, quedaron b\u00e0rbaras ambas tomas. Ellos salen en el EPK del disco, son personas muy humildes, simples y con un gran sentido del humor, un lujo trabajar con ellos. La novedad es que a los\u201cIl Volo\u201dlos acaba de fichar Sony Music. Me parece algo fant\u00e1stico.<\/p>\n<p><strong>Hiciste un hit como\u201cEl carrito azul\u201dque lo pone en serios aprietos a Romeo Santos.<\/strong><\/p>\n<p>(risas)Hace unos 18 a\u00f1os hice una bachata, que se llamaba\u201cResumiendo\u201d, esa canci\u00f3n yo la grab\u00e8 en el disco titulado\u201cSue\u00f1o Repetido\u201d, la canci\u00f3n se convirti\u00f3 en ese momento en un pilar en mis conciertos, la canto casi siempre porque tiene esa onda\u201cbachatera\u201d, que gusta siempre tanto. Lo que pasa es que Argentina\u201cdescubre\u201dla bachata de un tiempo para ac\u00e0, pero la bachata viene sonando hace mucho tiempo, el primer exponente que tuvo fuera de Rep\u00f9blica Dominicana fue Juan Luis Guerra, con \u201cBurbujas de amor\u201drecuerdo que conoc\u00ec a Juan Luis en el\u201cFestival de Vi\u00f1a del Mar\u201den 1991 que cantamos juntos, ya Juan Luis hac\u00eca bachata, pero a veces la gente se olvida un poco y cree que es un g\u00e8nero nuevo que acaba de emerger, \u00e8l fue un poco como el\u201cCristobal Col\u00f2n\u201dde la situaci\u00f3n en ese sentido. Entonces el poder hacer una bachata ahora, la hice con la licencia que me da haber hecho bachata hace muchos a\u00f1os.<\/p>\n<p><a href=\"http:\/\/www.noticias1440.com.ar\/wp-content\/uploads\/2015\/03\/Ricardo-Montaner-Noticias-1440-Fotos-Sony-Music-en-baja-001.jpg\"><img loading=\"lazy\" decoding=\"async\" class=\" size-medium wp-image-98 aligncenter\" src=\"http:\/\/www.noticias1440.com.ar\/wp-content\/uploads\/2015\/03\/Ricardo-Montaner-Noticias-1440-Fotos-Sony-Music-en-baja-001-300x209.jpg\" alt=\"Ricardo Montaner (Noticias 1440 - Fotos Sony Music en baja 001)\" width=\"300\" height=\"209\" srcset=\"https:\/\/noticias1440.com.ar\/wp-content\/uploads\/2015\/03\/Ricardo-Montaner-Noticias-1440-Fotos-Sony-Music-en-baja-001-300x209.jpg 300w, https:\/\/noticias1440.com.ar\/wp-content\/uploads\/2015\/03\/Ricardo-Montaner-Noticias-1440-Fotos-Sony-Music-en-baja-001.jpg 466w\" sizes=\"auto, (max-width: 300px) 100vw, 300px\" \/><\/a><\/p>\n<p><strong>La gente valor\u00f2 mucho que hayas realizado dos firmas de discos y fotos en lugares de alto contacto con el p\u00fablico en vez de dedicarte solo a la promoci\u00f3n m\u00e0s relajada.<\/strong><\/p>\n<p>No hay que dormirse en los laureles, no puedes, porque adem\u00e1s dejas de evolucionar, de crecer, no solamente como persona, sino como artista, tienes una obligaci\u00f3n que debes asumir, tienes una obligaci\u00f2n contigo y con el p\u00fablico. Lo de venir a presentarme aqu\u00ed en persona y estar ah\u00ec en el Shopping Abasto a la firma de discos gestionado por la disquera, te permite vivir el cari\u00f1o de la gente de Argentina, algo que continu\u00f2 en C\u00f2rdoba, es como de alguna forma el envoltorio del\u201cAgradecido\u201dde este disco. Es venir a traerte este regalo en persona, es como haber cocinado un pancito y vengo aqu\u00ec para que lo comamos juntos, entonces yo creo que la gente toma para bien cuando los tomas en cuenta y dices \u201coye, te vine a visitar\u201d, no es que vine a un concierto. Estuvo muy bonito lo que ocurri\u00f3 primero en Buenos Aires y luego en C\u00f2rdoba, es tambi\u00e9n impulsar la ilusi\u00f3n, en todos mis discos siempre hay un tema up, que te llame a subir el \u00e0nimo, que sea un canto de esperanza para la gente, dici\u00e9ndole \u201coye, no todo est\u00e0 vencido\u201d.\u201dno todo est\u00e0 perdido, lo mejor a\u00f9n est\u00e0 por venir\u201d, d\u00e1ndole esperanza a la gente.\u00a0\u00a0<\/p>\n<p><strong>\u00bfC\u00f2mo es la foto que te llev\u00e0s de lo que sucede en Argentina? <\/strong><\/p>\n<p>Veo mucho a la gente muy enfocada en el tema del fiscal Alberto Nisman, eso ocupa el tema de conversaci\u00f3n de la gran mayor\u00eda de los medios, yo no s\u00e8 si tanto la gente del pueblo o el com\u00fan que va a tratar de remar todo el d\u00eca para traer la comida a casa est\u00e0 todo el d\u00eca con eso, pero en los medios eso est\u00e0 presente, por lo menos es la imagen que me llevo, siento que los medios hablan de manera monotem\u00e1tica de todo lo que pas\u00f2 porque en realidad es muy importante y muy complicado, m\u00e0s todav\u00eda trat\u00e1ndose de un a\u00f1o pintado por la pol\u00edtica, verdad?&#8230; No s\u00e8 que tanto llega a esta noticia a los estratos m\u00e0s populares, todo esto de la pol\u00edtica, no s\u00e8 si la gente del com\u00fan denominador, el ciudadano ese que va caminando por Pompeya ahora est\u00e0 muy interesado en la pol\u00edtica, o si piensa en eso, pero veo que todos los que es centimetraje en los medios hablan de pol\u00edtica, esa es la foto que me llevo. Es una foto donde todo es pol\u00edtica y la gente de los medios intenta desmenuzar un caso que sin lugar a dudas es turbulento, es muy dif\u00edcil enfrentarse a algo como esto, donde veo que a nivel noticioso genera lo que genera, estando en un caso coyunturalmente muy complicado, algo tan sensible como lo que \u00e8l(Nisman)persegu\u00eda, lo que \u00e8l trababa de demostrar y aclarar. Entonces la foto que me llevo es de una imagen con mucha efervecencia, donde todo est\u00e0 muy intenso y muy caldeado.<\/p>\n<p><strong>Lejos de descansar en lo alcanzado segu\u00eds poni\u00e9ndote una zanahoria delante con el nuevo objetivo, que muestar que\u00a0ten\u00e8s inter\u00e9s en alcanzar otras cosas dentro de una larga carrera con mucho \u00e9xito.<\/strong><\/p>\n<p>Lo que hago es que no dejo que las\u201cfotos\u201ddel pasado me nublen las im\u00e1genes del hoy, el presente es muy rico, entonces no hago nada con vivir de los laureles, del pasado, de esos logros, no mi interesa la nostalgia del \u00e9xito, no me puedo quedar ah\u00ec. Es muy rico tener una Harley Davidson, pero la \u00e9poca de salir en la Harley por la carretera a que el viento me mueva el pelo ya no me atrae, no me puedo quedar en eso, tengo que generarme una nueva motivaci\u00f3n, volver una y otra vez a tener una zanahoria delante que me genere un entusiasmo por lo que vendr\u00e0, en m\u00ec siempre ha sido eso, entonces no me puedo quedar con que me dieron tal cosa porque el d\u00eca de hoy es totalmente nuevo, tengo que crear mi nueva propia foto del d\u00eca de hoy, las del pasado est\u00e1n\u201cch\u00e9vere\u201d. Mientras camino por mi casa veo el portarretrato del alg\u00fan recuerdo bonito pero yo sigo para adelante. Ya compr\u00e8 un portarretrato para la pr\u00f3xima imagen, as\u00ec ya lo tengo listo para la \u00abfoto nueva\u00bb.<\/p>\n","protected":false},"excerpt":{"rendered":"<p>Visit\u00f2 Buenos Aires y C\u00f2rdoba para promocionar su cd\u201cAgradecido\u201d y en una pausa habl\u00f2 a solas con Noticias1440 de su carrera, el pa\u00eds y el\u201cCaso Nisman\u201d.<\/p>\n","protected":false},"author":1,"featured_media":99,"comment_status":"closed","ping_status":"open","sticky":false,"template":"","format":"standard","meta":{"footnotes":""},"categories":[3],"tags":[],"class_list":["post-94","post","type-post","status-publish","format-standard","has-post-thumbnail","hentry","category-actualidad"],"_links":{"self":[{"href":"https:\/\/noticias1440.com.ar\/index.php?rest_route=\/wp\/v2\/posts\/94","targetHints":{"allow":["GET"]}}],"collection":[{"href":"https:\/\/noticias1440.com.ar\/index.php?rest_route=\/wp\/v2\/posts"}],"about":[{"href":"https:\/\/noticias1440.com.ar\/index.php?rest_route=\/wp\/v2\/types\/post"}],"author":[{"embeddable":true,"href":"https:\/\/noticias1440.com.ar\/index.php?rest_route=\/wp\/v2\/users\/1"}],"replies":[{"embeddable":true,"href":"https:\/\/noticias1440.com.ar\/index.php?rest_route=%2Fwp%2Fv2%2Fcomments&post=94"}],"version-history":[{"count":3,"href":"https:\/\/noticias1440.com.ar\/index.php?rest_route=\/wp\/v2\/posts\/94\/revisions"}],"predecessor-version":[{"id":102,"href":"https:\/\/noticias1440.com.ar\/index.php?rest_route=\/wp\/v2\/posts\/94\/revisions\/102"}],"wp:featuredmedia":[{"embeddable":true,"href":"https:\/\/noticias1440.com.ar\/index.php?rest_route=\/wp\/v2\/media\/99"}],"wp:attachment":[{"href":"https:\/\/noticias1440.com.ar\/index.php?rest_route=%2Fwp%2Fv2%2Fmedia&parent=94"}],"wp:term":[{"taxonomy":"category","embeddable":true,"href":"https:\/\/noticias1440.com.ar\/index.php?rest_route=%2Fwp%2Fv2%2Fcategories&post=94"},{"taxonomy":"post_tag","embeddable":true,"href":"https:\/\/noticias1440.com.ar\/index.php?rest_route=%2Fwp%2Fv2%2Ftags&post=94"}],"curies":[{"name":"wp","href":"https:\/\/api.w.org\/{rel}","templated":true}]}}