{"id":889,"date":"2015-06-05T15:00:40","date_gmt":"2015-06-05T15:00:40","guid":{"rendered":"http:\/\/www.noticias1440.com.ar\/?p=889"},"modified":"2015-06-05T15:17:49","modified_gmt":"2015-06-05T15:17:49","slug":"los-premios-gardel-2015-reflejaron-sin-titubeos-una-industria-musical-en-plena-transformacion","status":"publish","type":"post","link":"https:\/\/noticias1440.com.ar\/?p=889","title":{"rendered":"Los \u201cPremios Gardel 2015\u201d reflejaron sin titubeos una industria musical en plena transformaci\u00f3n."},"content":{"rendered":"<p>Desde bailarines al estilo\u201cBlue Man Group\u201dhasta discursos infinitos, la m\u00e1xima noche de la m\u00fasica mostr\u00f2 altas y bajas en un c\u00f2ctel muy vertiginoso dentro y fuera de la sala.<\/p>\n<p><!--more--><\/p>\n<p><a href=\"http:\/\/www.noticias1440.com.ar\/wp-content\/uploads\/2015\/06\/Premios-Gardel-2015-foto-Alexandra-Monges-A001.jpg\"><img loading=\"lazy\" decoding=\"async\" class=\"alignnone size-medium wp-image-892\" src=\"http:\/\/www.noticias1440.com.ar\/wp-content\/uploads\/2015\/06\/Premios-Gardel-2015-foto-Alexandra-Monges-A001-300x198.jpg\" alt=\"Premios Gardel  2015 (foto Alexandra Monges A001)\" width=\"300\" height=\"198\" srcset=\"https:\/\/noticias1440.com.ar\/wp-content\/uploads\/2015\/06\/Premios-Gardel-2015-foto-Alexandra-Monges-A001-300x198.jpg 300w, https:\/\/noticias1440.com.ar\/wp-content\/uploads\/2015\/06\/Premios-Gardel-2015-foto-Alexandra-Monges-A001.jpg 455w\" sizes=\"auto, (max-width: 300px) 100vw, 300px\" \/><\/a><a href=\"http:\/\/www.noticias1440.com.ar\/wp-content\/uploads\/2015\/06\/Premios-Gardel-2015-foto-Alexandra-Monges-A007.jpg\"><img loading=\"lazy\" decoding=\"async\" class=\"alignnone size-medium wp-image-899\" src=\"http:\/\/www.noticias1440.com.ar\/wp-content\/uploads\/2015\/06\/Premios-Gardel-2015-foto-Alexandra-Monges-A007-300x198.jpg\" alt=\"Premios Gardel  2015 (foto Alexandra Monges A007)\" width=\"300\" height=\"198\" srcset=\"https:\/\/noticias1440.com.ar\/wp-content\/uploads\/2015\/06\/Premios-Gardel-2015-foto-Alexandra-Monges-A007-300x198.jpg 300w, https:\/\/noticias1440.com.ar\/wp-content\/uploads\/2015\/06\/Premios-Gardel-2015-foto-Alexandra-Monges-A007.jpg 454w\" sizes=\"auto, (max-width: 300px) 100vw, 300px\" \/><\/a><\/p>\n<p>&nbsp;<\/p>\n<p><strong>Por Julia Rabanal D\u00ecaz<\/strong><\/p>\n<p><strong>(Enviada Especial)<\/strong><\/p>\n<p><strong>(Capital Federal \u2013 Viernes 05 de Junio de 2015)<\/strong> Esta semana que termina no ser\u00e1 una m\u00e0s para los m\u00fasicos, sellos, jefes de prensa y dem\u00e1s empleados de la industria musical. Fue centralmente aquella donde nuevamente el foco anal\u00edtico volvi\u00f3 a estar concentrado en la velada donde todos aguardan a la usanza del Mart\u00ecn Fierro o mucho m\u00e0s lejos de su t\u00eco Oscar en Los Angeles, la decisi\u00f3n de un jurado para dirimir quien ostentar\u00e0 horas m\u00e0s tarde la circunstancia de haber resultado vencedor en los\u201cPremios Gardel 2015\u201d.<\/p>\n<p><a href=\"http:\/\/www.noticias1440.com.ar\/wp-content\/uploads\/2015\/06\/Premios-Gardel-2015-foto-Alexandra-Monges-A002.jpg\"><img loading=\"lazy\" decoding=\"async\" class=\" size-medium wp-image-894 alignleft\" src=\"http:\/\/www.noticias1440.com.ar\/wp-content\/uploads\/2015\/06\/Premios-Gardel-2015-foto-Alexandra-Monges-A002-300x212.jpg\" alt=\"Premios Gardel  2015 (foto Alexandra Monges A002)\" width=\"300\" height=\"212\" srcset=\"https:\/\/noticias1440.com.ar\/wp-content\/uploads\/2015\/06\/Premios-Gardel-2015-foto-Alexandra-Monges-A002-300x212.jpg 300w, https:\/\/noticias1440.com.ar\/wp-content\/uploads\/2015\/06\/Premios-Gardel-2015-foto-Alexandra-Monges-A002.jpg 423w\" sizes=\"auto, (max-width: 300px) 100vw, 300px\" \/><\/a><\/p>\n<p>Para los amantes del show y aquellos que pudieron seguir la ceremonia por TN, el espect\u00e1culo se permiti\u00f3 una apertura con un cuerpo de bailarines fusionando la teatralidad de\u201cBlue Man Group\u201d con algunas coreograf\u00edas bailables house de los\u201990, performance que mezcl\u00f2 con distintas miradas variados ritmos musicales. Oficiando de maestro de ceremonias con un look dorado que no pas\u00f2 desapercibido, Pettinato se permiti\u00f3 un audaz mon\u00f2logo sobre la m\u00fasica, clasific\u00e1ndola como\u201caquella novia celosa que no quiere que veas a nadie, sino se lo cuenta a Rial\u201d. Esa apertura con un atril, mucha clase y naturalmente la iron\u00eda que cada palabra del host puede contener, sumo bromas tem\u00e1ticas con los IKV, gracias a los cuales Pettinato oficializ\u00f2 que as\u00ec logr\u00f3 entender al rap.<\/p>\n<p><a href=\"http:\/\/www.noticias1440.com.ar\/wp-content\/uploads\/2015\/06\/Premios-Gardel-2015-foto-Alexandra-Monges-A006.jpg\"><img loading=\"lazy\" decoding=\"async\" class=\" size-medium wp-image-898 alignright\" src=\"http:\/\/www.noticias1440.com.ar\/wp-content\/uploads\/2015\/06\/Premios-Gardel-2015-foto-Alexandra-Monges-A006-300x198.jpg\" alt=\"Premios Gardel  2015 (foto Alexandra Monges A006)\" width=\"300\" height=\"198\" srcset=\"https:\/\/noticias1440.com.ar\/wp-content\/uploads\/2015\/06\/Premios-Gardel-2015-foto-Alexandra-Monges-A006-300x198.jpg 300w, https:\/\/noticias1440.com.ar\/wp-content\/uploads\/2015\/06\/Premios-Gardel-2015-foto-Alexandra-Monges-A006.jpg 454w\" sizes=\"auto, (max-width: 300px) 100vw, 300px\" \/><\/a><\/p>\n<p>Esa apertura con el p\u00fablico, m\u00fasicos y otras personalidades ingresando a la sala mientras las c\u00e1maras de la se\u00f1al de cable acomodan los \u00faltimos planos y lugares, fue el tramo que el animador aprovech\u00f2 para bromear con Andr\u00e8s Calamaro, uno de los tantos artistas que se sum\u00f2 al juego del legendario conductor televisivo poni\u00e9ndose de pie para saludar y ser ameno c\u00f3mplice de esas bromas gastron\u00f3micas sobre los t\u00edtulos de sus discos y el natural men\u00fa de comidas porte\u00f1as. Catarina Spinetta intent\u00f2 comenzar muy aplacada la entrega de premios, pero fue detenida por el clamor del p\u00fablico, quien le hizo saber veloz a ella y tambi\u00e8n a su acompa\u00f1ante que estar\u00edan marcando el pulso de una fiesta donde la gente y sus gritos ser\u00ecan correlativa partitura de cada bloque de la ceremonia.<\/p>\n<p><a href=\"http:\/\/www.noticias1440.com.ar\/wp-content\/uploads\/2015\/06\/Premios-Gardel-2015-foto-Alexandra-Monges-A005.jpg\"><img loading=\"lazy\" decoding=\"async\" class=\" size-medium wp-image-897 alignleft\" src=\"http:\/\/www.noticias1440.com.ar\/wp-content\/uploads\/2015\/06\/Premios-Gardel-2015-foto-Alexandra-Monges-A005-300x198.jpg\" alt=\"Premios Gardel  2015 (foto Alexandra Monges A005)\" width=\"300\" height=\"198\" srcset=\"https:\/\/noticias1440.com.ar\/wp-content\/uploads\/2015\/06\/Premios-Gardel-2015-foto-Alexandra-Monges-A005-300x198.jpg 300w, https:\/\/noticias1440.com.ar\/wp-content\/uploads\/2015\/06\/Premios-Gardel-2015-foto-Alexandra-Monges-A005.jpg 454w\" sizes=\"auto, (max-width: 300px) 100vw, 300px\" \/><\/a><\/p>\n<p>&nbsp;<\/p>\n<p>Much\u00ecsimos fans de Lali Esp\u00f2sito y Axel, las dos hinchadas m\u00e0s numerosas en el Gran Rex, se hicieron sentir y ese griter\u00edo le permiti\u00f3 a Pettinato encuadrar la molestia s\u00f2nica con el\u201cpor esto dejaron de tocar los Beatles, no se escuchaban\u201d. La magia del mundo televisivo gui\u00f2 cuidadoso a la m\u00e1xima fiesta musical hacia una ceremonia sin inconvenientes, aunque lo observado a primera vista evit\u00f2 detectar esos artilugios que transportaron la atenci\u00f3n lejos de lo que en verdad pod\u00eda acontecer.<\/p>\n<p><a href=\"http:\/\/www.noticias1440.com.ar\/wp-content\/uploads\/2015\/06\/Premios-Gardel-2015-foto-Alexandra-Monges-A003.jpg\"><img loading=\"lazy\" decoding=\"async\" class=\" size-medium wp-image-895 alignright\" src=\"http:\/\/www.noticias1440.com.ar\/wp-content\/uploads\/2015\/06\/Premios-Gardel-2015-foto-Alexandra-Monges-A003-300x197.jpg\" alt=\"Premios Gardel  2015 (foto Alexandra Monges A003)\" width=\"300\" height=\"197\" srcset=\"https:\/\/noticias1440.com.ar\/wp-content\/uploads\/2015\/06\/Premios-Gardel-2015-foto-Alexandra-Monges-A003-300x197.jpg 300w, https:\/\/noticias1440.com.ar\/wp-content\/uploads\/2015\/06\/Premios-Gardel-2015-foto-Alexandra-Monges-A003.jpg 457w\" sizes=\"auto, (max-width: 300px) 100vw, 300px\" \/><\/a><\/p>\n<p>&nbsp;<\/p>\n<p>Muchos hechos y acontecimientos pasaron a un notorio segundo plano,fundamentalmente por una postura televisiva de centrar su foco a los rostros de aquellas personalidades m\u00e1s relevantes de la noche en la \u00f2rbita musical, una velada donde la ausencia de un director de evento se percibi\u00f3 contundente cuando la duraci\u00f3n de los discursos de los ganadores fue el trago duro de sobrellevar. La fiesta de Capif ya hab\u00eda tenido un tramo previo, ese que no mostr\u00f2 la televisi\u00f3n en su emisi\u00f3n central, conminado a min\u00fasculos clips editados para mostrar a los tumbos varias decenas de vencedores, una sutil forma de relegar a la infinita oscuridad del anonimato a las categor\u00edas aludidas,donde el verdadero talento musical pasa de buenas a primera a un segundo y descuidado plano.<\/p>\n<p><a href=\"http:\/\/www.noticias1440.com.ar\/wp-content\/uploads\/2015\/06\/Premios-Gardel-2015-foto-Alexandra-Monges-A004.jpg\"><img loading=\"lazy\" decoding=\"async\" class=\" size-medium wp-image-896 alignleft\" src=\"http:\/\/www.noticias1440.com.ar\/wp-content\/uploads\/2015\/06\/Premios-Gardel-2015-foto-Alexandra-Monges-A004-300x218.jpg\" alt=\"Premios Gardel  2015 (foto Alexandra Monges A004)\" width=\"300\" height=\"218\" srcset=\"https:\/\/noticias1440.com.ar\/wp-content\/uploads\/2015\/06\/Premios-Gardel-2015-foto-Alexandra-Monges-A004-300x218.jpg 300w, https:\/\/noticias1440.com.ar\/wp-content\/uploads\/2015\/06\/Premios-Gardel-2015-foto-Alexandra-Monges-A004.jpg 422w\" sizes=\"auto, (max-width: 300px) 100vw, 300px\" \/><\/a><\/p>\n<p>&nbsp;<\/p>\n<p>Algunos baches de la ceremonia no fueron tales merced a los buenos oficios de Roberto Pettinato, quien aprovechando ese buen raport con el p\u00fablico de las tribunas altas, logr\u00f3 una in\u00e8dita y simp\u00e1tica empat\u00eca de la gente para manifestar sus preferencias, instantes donde los gritos descomunales daban a la ceremonia de una descontrolada euforia emocional,siendo Esp\u00f2sito y el autor de\u201cAmo\u201d los inocultables destinatarios de ese afecto de las masas, un eje dinamizador de la gala en plena calle Corrientes. Ese gag no fue propiedad exclusiva de los anfitriones, sino que en distintas oportunidades, ganadores como Valeria Lynch y Jorge Navarro aprovecharon el efecto para lograr adrenal\u00ecnicos respaldos a sus triunfantes situaciones.<\/p>\n<p><a href=\"http:\/\/www.noticias1440.com.ar\/wp-content\/uploads\/2015\/06\/Premios-Gardel-2015-foto-Alexandra-Monges-A009.jpg\"><img loading=\"lazy\" decoding=\"async\" class=\" size-medium wp-image-901 alignright\" src=\"http:\/\/www.noticias1440.com.ar\/wp-content\/uploads\/2015\/06\/Premios-Gardel-2015-foto-Alexandra-Monges-A009-300x207.jpg\" alt=\"Premios Gardel  2015 (foto Alexandra Monges A009)\" width=\"300\" height=\"207\" srcset=\"https:\/\/noticias1440.com.ar\/wp-content\/uploads\/2015\/06\/Premios-Gardel-2015-foto-Alexandra-Monges-A009-300x207.jpg 300w, https:\/\/noticias1440.com.ar\/wp-content\/uploads\/2015\/06\/Premios-Gardel-2015-foto-Alexandra-Monges-A009.jpg 436w\" sizes=\"auto, (max-width: 300px) 100vw, 300px\" \/><\/a>\u00a0<\/p>\n<p>La necesidad de contar con espacio suficiente para ubicar un sistema de riel para filmar y registrar tomas del escenario en primer\u00edsimo primer plano, conmin\u00f2 a los organizadores a anular la tradicional primera fila del teatro y por una noche, la segunda l\u00ednea de butacas fue la m\u00e0s codiciada de aquellos que estuvieron en la fiesta para percibir todas y cada una de esas emociones lindantes a las principales estrellas musicales. Las ausencias del evento suplieron su imposibilidad de estar preparando videos respectivos de agradecimiento, un detalle que no pas\u00f2 desapercibido, pero muchos se preguntaron d\u00f2nde estaba la bell\u00edsima cantante Melina Lezcano cuando los Agapornis subieron a retirar su premio por\u201cmejor grupo tropical\u201d, galard\u00f3n que alcanzaron por segunda vez consecutiva. Ocupada en su nuevo rol de panelista de un ciclo de Fox Sports a esa hora, su ausencia fue remarcada por Catarina Spinetta, quien certera de reflejos no dud\u00f2 en remarcar el integrante faltante en un conjunto que creci\u00f3 medi\u00e1ticamente por el impacto de su segunda y actual vocalista.<\/p>\n<p><a href=\"http:\/\/www.noticias1440.com.ar\/wp-content\/uploads\/2015\/06\/Premios-Gardel-2015-foto-Alexandra-Monges-A010.jpg\"><img loading=\"lazy\" decoding=\"async\" class=\" size-medium wp-image-902 alignleft\" src=\"http:\/\/www.noticias1440.com.ar\/wp-content\/uploads\/2015\/06\/Premios-Gardel-2015-foto-Alexandra-Monges-A010-300x236.jpg\" alt=\"Premios Gardel  2015 (foto Alexandra Monges A010)\" width=\"300\" height=\"236\" srcset=\"https:\/\/noticias1440.com.ar\/wp-content\/uploads\/2015\/06\/Premios-Gardel-2015-foto-Alexandra-Monges-A010-300x236.jpg 300w, https:\/\/noticias1440.com.ar\/wp-content\/uploads\/2015\/06\/Premios-Gardel-2015-foto-Alexandra-Monges-A010.jpg 417w\" sizes=\"auto, (max-width: 300px) 100vw, 300px\" \/><\/a><\/p>\n<p>&nbsp;<\/p>\n<p>A tono con una ceremonia de alta producci\u00f3n, la parte de conciertos en vivo qued\u00f3 cerrada a aquellos que se alzaron con una estatuilla, lo cual pareci\u00f3 encriptadamente como una muy estrat\u00e9gica maniobra publicitaria para encarar el evento, a excepci\u00f3n de valioso homenaje a Leopoldo Federico, con un set de m\u00fasicos que puso sentimiento a las coreograf\u00edas que plantearon Hern\u00e0n Piqu\u00ecn y Cecilia Figaredo usando la totalidad del escenario, sobre ese inmaculado proscenio y tambi\u00e8n algunos intrincados malabares acrob\u00e1ticos.<\/p>\n<p>&nbsp;<\/p>\n<p><a href=\"http:\/\/www.noticias1440.com.ar\/wp-content\/uploads\/2015\/06\/Premios-Gardel-2015-foto-Alexandra-Monges-A008.jpg\"><img loading=\"lazy\" decoding=\"async\" class=\" size-medium wp-image-900 alignright\" src=\"http:\/\/www.noticias1440.com.ar\/wp-content\/uploads\/2015\/06\/Premios-Gardel-2015-foto-Alexandra-Monges-A008-300x219.jpg\" alt=\"Premios Gardel  2015 (foto Alexandra Monges A008)\" width=\"300\" height=\"219\" srcset=\"https:\/\/noticias1440.com.ar\/wp-content\/uploads\/2015\/06\/Premios-Gardel-2015-foto-Alexandra-Monges-A008-300x219.jpg 300w, https:\/\/noticias1440.com.ar\/wp-content\/uploads\/2015\/06\/Premios-Gardel-2015-foto-Alexandra-Monges-A008.jpg 410w\" sizes=\"auto, (max-width: 300px) 100vw, 300px\" \/><\/a><\/p>\n<p>La mayor\u00eda de los discursos de agradecimiento pasaron obvia y fundamentalmente por los integrantes de esos equipos, allegados y familiares, aunque un lugar privilegiado fue para respaldar la marcha de esta semana bajo la consigna\u201cNi Una Menos\u201d, respaldada por el integrante de Red Soliudaria Juan Car, tramos donde algunos m\u00fasicos confirmaron que se har\u00edan presentes, sin que esto fuese verificable en el lugar de los hechos. Uno de los pocos que rompieron con la monoton\u00eda al agradecer lo obtenido, fue el\u201cChango\u201dSpasiuk, quien al referirse a lo ocurrido subray\u00f2 la importancia de haber inclu\u00ecdo a ese genero de parte de las autoridades de Capif con su contundente\u201cel ganador de este premio es el chamame\u201d, \u00f2ptica para valorar lo alcanzado donde los vencedores Jorge Navarro y Manuel Fraga no desaprovecharon el espacio de pantalla para aludir al problema laboral con el cual lidian los m\u00fasicos, sobre todo en su categor\u00eda, se\u00f1alando ir\u00f3nicamente que \u201cel jazz, como el crimen, no pagan\u201d.<\/p>\n<p><a href=\"http:\/\/www.noticias1440.com.ar\/wp-content\/uploads\/2015\/06\/Premios-Gardel-2015-foto-Alexandra-Monges-A003.jpg\"><img loading=\"lazy\" decoding=\"async\" class=\" size-medium wp-image-895 alignleft\" src=\"http:\/\/www.noticias1440.com.ar\/wp-content\/uploads\/2015\/06\/Premios-Gardel-2015-foto-Alexandra-Monges-A003-300x197.jpg\" alt=\"Premios Gardel  2015 (foto Alexandra Monges A003)\" width=\"300\" height=\"197\" srcset=\"https:\/\/noticias1440.com.ar\/wp-content\/uploads\/2015\/06\/Premios-Gardel-2015-foto-Alexandra-Monges-A003-300x197.jpg 300w, https:\/\/noticias1440.com.ar\/wp-content\/uploads\/2015\/06\/Premios-Gardel-2015-foto-Alexandra-Monges-A003.jpg 457w\" sizes=\"auto, (max-width: 300px) 100vw, 300px\" \/><\/a><\/p>\n<p>&nbsp;<\/p>\n<p>Andr\u00e8s Calamaro, casi al comienzo de la ceremonia, se anticip\u00f2 sin propon\u00e9rselo con el homenaje que la entidad musical desarrollar\u00eca a los fallecidos en el \u00faltimo a\u00f1o, cuando record\u00f3 a\u201cToto\u201d, cantante del grupo Adicta que se suicid\u00f2 el s\u00e1bado pasado en Buenos Aires. Otra que tambi\u00e9n no quiso dejar de lado algo que sign\u00f2 fuerte la anterior entrega, fue la portentosa Valeria Lynch que us\u00f2 sin titubeos algunos de esos valiosos segundos para recordar a Gustavo Cerati, el \u00faltimo gran solista argentino. Casi al final de la ceremonia, Capif en ese sentido tramo de recordaci\u00f3n, emiti\u00f3 un video con las im\u00e1genes de muchos que ya no est\u00e1n, entre ellos el legendario guitarrista Carlos Alberto \u201cEl negro\u201dGarcia L\u00f2pez. La fiesta, como todas las premiaciones, dej\u00f3 algunos artistas en el final de fiesta con las manos vac\u00ecas, siendo los grandes perdedores los conjuntos \u201cTan Bi\u00f2nica\u201dy\u201cEruca Sativa\u201dque, ubicados en categor\u00edas claves, quedaron postergados por el gran ganador de la noche u otras figuras distinguidas. Pettinato con su humor y simpat\u00eda se carg\u00f2 la ceremonia en sus hombros, respaldado por la exitosa noche que vivieron Axel con sus cuatro premios, incluido el oro, y la ascendente Lali Esp\u00f2sito, pasando una gran etapa de su profesi\u00f3n. Fue as\u00ec que entre luces y sombras, los\u201cPremios Gardel 2015\u201dse erigieron en apariencia casi real como un evento exitoso en la consideraci\u00f3n final.<\/p>\n","protected":false},"excerpt":{"rendered":"<p>Desde bailarines al estilo\u201cBlue Man Group\u201dhasta discursos infinitos, la m\u00e1xima noche de la m\u00fasica mostr\u00f2 altas y bajas en un c\u00f2ctel muy vertiginoso dentro y fuera de la sala.<\/p>\n","protected":false},"author":1,"featured_media":890,"comment_status":"closed","ping_status":"open","sticky":false,"template":"","format":"standard","meta":{"footnotes":""},"categories":[5],"tags":[],"class_list":["post-889","post","type-post","status-publish","format-standard","has-post-thumbnail","hentry","category-informes"],"_links":{"self":[{"href":"https:\/\/noticias1440.com.ar\/index.php?rest_route=\/wp\/v2\/posts\/889","targetHints":{"allow":["GET"]}}],"collection":[{"href":"https:\/\/noticias1440.com.ar\/index.php?rest_route=\/wp\/v2\/posts"}],"about":[{"href":"https:\/\/noticias1440.com.ar\/index.php?rest_route=\/wp\/v2\/types\/post"}],"author":[{"embeddable":true,"href":"https:\/\/noticias1440.com.ar\/index.php?rest_route=\/wp\/v2\/users\/1"}],"replies":[{"embeddable":true,"href":"https:\/\/noticias1440.com.ar\/index.php?rest_route=%2Fwp%2Fv2%2Fcomments&post=889"}],"version-history":[{"count":3,"href":"https:\/\/noticias1440.com.ar\/index.php?rest_route=\/wp\/v2\/posts\/889\/revisions"}],"predecessor-version":[{"id":903,"href":"https:\/\/noticias1440.com.ar\/index.php?rest_route=\/wp\/v2\/posts\/889\/revisions\/903"}],"wp:featuredmedia":[{"embeddable":true,"href":"https:\/\/noticias1440.com.ar\/index.php?rest_route=\/wp\/v2\/media\/890"}],"wp:attachment":[{"href":"https:\/\/noticias1440.com.ar\/index.php?rest_route=%2Fwp%2Fv2%2Fmedia&parent=889"}],"wp:term":[{"taxonomy":"category","embeddable":true,"href":"https:\/\/noticias1440.com.ar\/index.php?rest_route=%2Fwp%2Fv2%2Fcategories&post=889"},{"taxonomy":"post_tag","embeddable":true,"href":"https:\/\/noticias1440.com.ar\/index.php?rest_route=%2Fwp%2Fv2%2Ftags&post=889"}],"curies":[{"name":"wp","href":"https:\/\/api.w.org\/{rel}","templated":true}]}}