{"id":876,"date":"2015-06-04T19:57:03","date_gmt":"2015-06-04T19:57:03","guid":{"rendered":"http:\/\/www.noticias1440.com.ar\/?p=876"},"modified":"2015-06-04T20:00:08","modified_gmt":"2015-06-04T20:00:08","slug":"roberto-pettinato-demostro-en-los-premios-gardel-porque-es-el-mejor-animador-de-america-latina-de-los-ultimos-treinta-anos","status":"publish","type":"post","link":"https:\/\/noticias1440.com.ar\/?p=876","title":{"rendered":"Roberto Pettinato demostr\u00f3 en los \u201cPremios Gardel\u201d porque es el mejor animador de Am\u00e8rica Latina de los \u00faltimos treinta a\u00f1os."},"content":{"rendered":"<p>El m\u00fasico, actor, escritor y animador televisivo dio deslumbrante c\u00e1tedra en el Gran Rex durante la m\u00e1xima ceremonia de la industria musical, una noche donde su genial humor sedujo a todos con un impacto sencillamente inolvidable.<\/p>\n<p><!--more--><a href=\"http:\/\/www.noticias1440.com.ar\/wp-content\/uploads\/2015\/06\/Roberto-Pettinato-Premios-Gardel-2015-Paul-David-Focus-000.jpg\"><img loading=\"lazy\" decoding=\"async\" class=\" size-medium wp-image-879 aligncenter\" src=\"http:\/\/www.noticias1440.com.ar\/wp-content\/uploads\/2015\/06\/Roberto-Pettinato-Premios-Gardel-2015-Paul-David-Focus-000-300x201.jpg\" alt=\"Roberto Pettinato (Premios Gardel 2015 Paul David Focus 000)\" width=\"300\" height=\"201\" srcset=\"https:\/\/noticias1440.com.ar\/wp-content\/uploads\/2015\/06\/Roberto-Pettinato-Premios-Gardel-2015-Paul-David-Focus-000-300x201.jpg 300w, https:\/\/noticias1440.com.ar\/wp-content\/uploads\/2015\/06\/Roberto-Pettinato-Premios-Gardel-2015-Paul-David-Focus-000.jpg 386w\" sizes=\"auto, (max-width: 300px) 100vw, 300px\" \/><\/a><\/p>\n<p><strong>Por Gabriel Imparato<\/strong><\/p>\n<p><strong>(Cap\u00ectal Federal \u2013 Jueves 04 de Junio de 2015)<\/strong> \u201cEsta es una fiesta que incluye a todos en el gran mundo de la m\u00fasica, ah\u00ec est\u00e1n las Bandana acomodando a los espectadores en su asientos, los Guachiturros est\u00e1n afuera ocupados con el parking\u201d, fue su primera frase durante esas casi tres horas de ceremonia, una fiesta de la industria que el extraordinario m\u00fasico, periodista, escritor y standupero manej\u00f2 con una precisi\u00f3n quir\u00f9rjica provocando no solo el placer de la audiencia, sino maniobrando al mismo tiempo un evento que tuvo una duraci\u00f3n superior a la estimada originalmente. La ceremonia del a\u00f1o pasado, justo en la misma fecha que hab\u00eda fallecido Gustavo Cerati, debi\u00f3 haber sido postergada pero casi sin titubear Capif decidi\u00f3 hacerla en un error superlativo, velada donde el animador debi\u00f3 debatirse con un estado de \u00e0nimo de general shockeado al m\u00e1ximo con el fallecimiento de la m\u00e0s importante figura de la m\u00fasica de los \u00faltimos treinta a\u00f1os. A pesar de su capacidad y talento, su tarea esa noche del 4 de septiembre qued\u00f3 opacada por lo ocurrido, dejando la pregunta sobre si podr\u00eda demostrar nuevamente su conocimiento del show en vivo para una premiaci\u00f3n de esta naturaleza. Finalmente eso ocurri\u00f3 el martes a la noche, ceremonia que reuni\u00f3 a una gran cantidad de figuras del mundo musical, evento que tuvo una primer fase de entrega durante la tarde en un sal\u00f2n colateral, en la cual el legendario m\u00fasico de Sumo no particip\u00f2, vaya si se not\u00f2 su ausencia en esos casi treinta premios concedidos en la ocasi\u00f3n fuera del marco televisivo.<\/p>\n<p><a href=\"http:\/\/www.noticias1440.com.ar\/wp-content\/uploads\/2015\/06\/Roberto-Pettinato-Premios-Gardel-2015-Paul-David-Focus-002.jpg\"><img loading=\"lazy\" decoding=\"async\" class=\" size-medium wp-image-881 alignleft\" src=\"http:\/\/www.noticias1440.com.ar\/wp-content\/uploads\/2015\/06\/Roberto-Pettinato-Premios-Gardel-2015-Paul-David-Focus-002-300x226.jpg\" alt=\"Roberto Pettinato (Premios Gardel 2015 Paul David Focus 002)\" width=\"300\" height=\"226\" srcset=\"https:\/\/noticias1440.com.ar\/wp-content\/uploads\/2015\/06\/Roberto-Pettinato-Premios-Gardel-2015-Paul-David-Focus-002-300x226.jpg 300w, https:\/\/noticias1440.com.ar\/wp-content\/uploads\/2015\/06\/Roberto-Pettinato-Premios-Gardel-2015-Paul-David-Focus-002.jpg 401w\" sizes=\"auto, (max-width: 300px) 100vw, 300px\" \/><\/a><\/p>\n<p>Para llevar adelante una fiesta donde se re\u00fanen artistas, managers, jefes de prensa, varios directivos de sellos musicales, invitados, p\u00fablico convocado y varios extras, hay que tener una mu\u00f1eca prodigiosa a la hora de dosificar los tiempos de transmisi\u00f3n, regular como va acaeciendo la ceremonia y tambi\u00e9n saber colocar esas dosis de repentizaci\u00f3n sobre todos los momentos que la misma propone. Lejos de ser un espectador de lujo ubicado sobre el mismo proscenio, Roberto Pettinato demostr\u00f3 en los\u201cPremios Gardel 2015\u201dporqu\u00e8 es el mejor animador de Am\u00e8rica Latina de los \u00faltimos 30 a\u00f1os, capaz de entretener a la gente en una fiesta de m\u00fasica, la m\u00e1xima ceremonia de la tv o un gran evento institucional para el cual haya sido contratado. Acompa\u00f1ado en la ocasi\u00f2n por la bella animadora Catarina Spinetta, quien maniobr\u00f2 de muy certera forma los tramos donde gui\u00f2 la ceremonia, todos en el Gran Rex sucumbieron a la magia, carisma y sobre todo un desopilante humor para darle a esa esperada premiaci\u00f3n televisiva el nivel de un evento Premium al menos en la conducci\u00f3n, algo que muy poco logran en la actualidad con este tono tan distintivo. Todos los m\u00fasicos en el comienzo fueron v\u00edctimas de sus bromas,pero lejos de re\u00edrse de aquellos presentes en la entrega, el conductor los convid\u00f2 a bromear ir\u00f3nicamente sobre bastantes conductas que los mismos popularizaron en sus carreras. Por eso no sorprendi\u00f3 que desde el mismo inicio, estrellas como Lali Esp\u00f2sito, los Kuryakis, Juan Carlos Baglietto, Andr\u00e8s Calamaro, Agapornis, Rub\u00e8n Rada y los Aut\u00e8nticos Decadentes establecieran sin titubeos con el animador un ida y vuelta que sostuvo un evento que en manos de otro conductor sin dudas hubiese sido una bochornosa velada sin fin.<\/p>\n<p><a href=\"http:\/\/www.noticias1440.com.ar\/wp-content\/uploads\/2015\/06\/Roberto-Pettinato-Premios-Gardel-2015-Paul-David-Focus-005.jpg\"><img loading=\"lazy\" decoding=\"async\" class=\" size-medium wp-image-884 alignright\" src=\"http:\/\/www.noticias1440.com.ar\/wp-content\/uploads\/2015\/06\/Roberto-Pettinato-Premios-Gardel-2015-Paul-David-Focus-005-300x224.jpg\" alt=\"Roberto Pettinato (Premios Gardel 2015 Paul David Focus 005)\" width=\"300\" height=\"224\" srcset=\"https:\/\/noticias1440.com.ar\/wp-content\/uploads\/2015\/06\/Roberto-Pettinato-Premios-Gardel-2015-Paul-David-Focus-005-300x224.jpg 300w, https:\/\/noticias1440.com.ar\/wp-content\/uploads\/2015\/06\/Roberto-Pettinato-Premios-Gardel-2015-Paul-David-Focus-005.jpg 401w\" sizes=\"auto, (max-width: 300px) 100vw, 300px\" \/><\/a><\/p>\n<p>Regulando los tiempos mientras cada ganador daba su discurso, prepar\u00f2 los siguientes comentarios de presentaci\u00f3n, cheque\u00f2 con su equipo de asistentes ubicado a su derecha la evoluci\u00f3n de la transmisi\u00f3n, orden\u00f2 el ingreso de los presentadores y vencedores a escena en cada bloque, sin dejar de disparar tanta cantidad de bromas y chistes demoledores que muchos no dudaron en preguntarse si en realidad la m\u00e1xima figura de la noche no termin\u00f2 siendo \u00e8l en lugar del talentoso Axel,tomando en cuenta el desaf\u00edo que asumi\u00f3 dejando en claro el inagotable talento que demuestra para esta clase de ceremonias. Hubo durante la premiaci\u00f3n varios momentos que requirieron de su indudable gracia, en especial cuando Andr\u00e8s Calamaro esgrimi\u00f3 un par de hojas con agradecimientos que prolongaron bastante ese tramo de ceremonia, situaci\u00f3n donde\u201cPetti\u201dno dud\u00f2 en ir al backstage para traerse una suculenta porci\u00f3n de pizza que comi\u00f3 realajado en escena mientras el\u201cSalm\u00f2n\u201dsegu\u00eda imperturbable con sus dedicatorias en la categor\u00eda\u201cartista masculino de rock\u201d. Todos los grupos de fans de algunos nominados estaban haci\u00e9ndole sentir su presencia con gritos y otra clase de expresiones, conducta que el animador decidi\u00f3 aprovechar para que todos en la sala pudiesen manifestar, con Roberto de director orquestal de esos v\u00edtores, aplausos y ovaciones que lejos de incomodar se convirtieron en marca registrada arriba de escena, un gracioso tic que permiti\u00f3 escuchar esas expresiones apenas el conductor nombraba a cada una de esas figuras musicales.<\/p>\n<p><a href=\"http:\/\/www.noticias1440.com.ar\/wp-content\/uploads\/2015\/06\/Roberto-Pettinato-Premios-Gardel-2015-Paul-David-Focus-006.jpg\"><img loading=\"lazy\" decoding=\"async\" class=\" size-medium wp-image-885 alignleft\" src=\"http:\/\/www.noticias1440.com.ar\/wp-content\/uploads\/2015\/06\/Roberto-Pettinato-Premios-Gardel-2015-Paul-David-Focus-006-300x222.jpg\" alt=\"Roberto Pettinato (Premios Gardel 2015 Paul David Focus 006)\" width=\"300\" height=\"222\" srcset=\"https:\/\/noticias1440.com.ar\/wp-content\/uploads\/2015\/06\/Roberto-Pettinato-Premios-Gardel-2015-Paul-David-Focus-006-300x222.jpg 300w, https:\/\/noticias1440.com.ar\/wp-content\/uploads\/2015\/06\/Roberto-Pettinato-Premios-Gardel-2015-Paul-David-Focus-006.jpg 402w\" sizes=\"auto, (max-width: 300px) 100vw, 300px\" \/><\/a><\/p>\n<p>Demostrando impiadoso con pergaminos de sobra que es el mejor animador y conductor de cuanto evento, ceremonia o presentaci\u00f3n pueda tocarle en su carrera, Roberto Pettinato mostr\u00f2 una vez m\u00e0s en tiempo real la importancia de un buen conductor en esta especial y desafiante clase de eventos, presentaciones donde los errores no tienen perd\u00f3n y cada una de las actitudes equivocadas puede desembocar en un desastre. Querido hasta el hartazgo por una comunidad musical y empresarial que lo ama sin cabildeos, el notable conductor recibi\u00f3 sobre escena el saludo de no menos de 30 estrellas o figuras participantes del acto, quienes antes de recibir su premio, presentar a los nominados o acompa\u00f1ar a las estrellas no quisieron perderse la ocasi\u00f3n de darle un abrazo o beso al legendario artista,quien puso de manifiesto en el Gran Rex el despampanante nivel que exhibe en su actividad. La gran noche de la m\u00fasica tuvo un nivel impecable desde ese plano, velada en la que numerosos artistas no quisieron perderse la ocasi\u00f3n de ser c\u00f3mplices de ese momento muy divertido de ceremonia, como cuando Rada se permiti\u00f3 un baile tribal con el anfitri\u00f3n retratado por centenares de tel\u00e9fonos ante el delirio generalizado. Mordaz, ir\u00f3nico, divertido sin cansar e incluso entreteniendo al p\u00fablico durante todos los cortes para la publicidad televisiva, Roberto Pettinato volvi\u00f3 a dejar su huella en una de las ceremonias que la industria tiene a lo largo de la temporada, entrega que los televidentes de TN pudieron celebrar felices al disponer del mejor host que ha dado la televisi\u00f3n en los \u00faltimos 35 a\u00f1os. Cabe entonces, al faltar muy pocos d\u00edas , preguntarse porque el pr\u00f3ximo domingo 14 de junio la entrega de los Mart\u00ecn Fierro a la tv y radio ser\u00e1 conducida por una dupla que no mostr\u00f2 jam\u00e0s ese nivel de talento, calidad y gracia para manejar cuatro horas y media de premiaci\u00f3n, dando al gran show de Aptra una pesadez decididamente insoportable. Pettinato se merec\u00eda ese lugar pero los organizadores de la entrega de premios prefirieron una conducta pol\u00edtica y televisivamente correcta para semejante evento de tv abierta, sabi\u00e9ndose que ni Mariana Fabbiani ni Guido Kazka poseen sus recursos histri\u00f3nicos m\u00e0s all\u00e0 de su simpat\u00eda o don de animar sus respectivos ciclos televisivos. \u201cPetti\u201dvolvi\u00f3 a dejar su fabulosa huella con una animaci\u00f3n superlativa que convirti\u00f3 a los Premios Gardel en una fiesta may\u00fascula desde ese plano, m\u00e0s all\u00e0 de los bloopers o comportamientos de las estrellas presentes en semejante reuni\u00f3n del mundo musical.<\/p>\n<p><a href=\"http:\/\/www.noticias1440.com.ar\/wp-content\/uploads\/2015\/06\/Roberto-Pettinato-Premios-Gardel-2015-Paul-David-Focus-001.jpg\"><img loading=\"lazy\" decoding=\"async\" class=\" size-medium wp-image-880 alignleft\" src=\"http:\/\/www.noticias1440.com.ar\/wp-content\/uploads\/2015\/06\/Roberto-Pettinato-Premios-Gardel-2015-Paul-David-Focus-001-300x224.jpg\" alt=\"Roberto Pettinato (Premios Gardel 2015 Paul David Focus 001)\" width=\"300\" height=\"224\" srcset=\"https:\/\/noticias1440.com.ar\/wp-content\/uploads\/2015\/06\/Roberto-Pettinato-Premios-Gardel-2015-Paul-David-Focus-001-300x224.jpg 300w, https:\/\/noticias1440.com.ar\/wp-content\/uploads\/2015\/06\/Roberto-Pettinato-Premios-Gardel-2015-Paul-David-Focus-001.jpg 400w\" sizes=\"auto, (max-width: 300px) 100vw, 300px\" \/><\/a><\/p>\n<p>Premios Gardel 2015: <strong>Canci\u00f3n del a\u00f1o<\/strong>: Axel (\u201cAfinidad\u00bb) \/ <strong>Album del a\u00f1o<\/strong>: Axel (\u00abTus ojos mis ojos\u00bb) \/ <strong>Mejor \u00e1lbum artista femenina pop<\/strong>: Mariana \u00abLali\u00bb Esp\u00f3sito (\u00abA bailar-edici\u00f3n especial\u00bb)\/ <strong>Mejor \u00e1lbum artista masculino pop<\/strong>: Axel (\u00abTus ojos mis ojos\u00bb) \/ <strong>Mejor \u00e1lbum grupo pop<\/strong>: Miranda! (\u00abSafari\u00bb) \/ <strong>Mejor \u00e1lbum nuevo artista pop<\/strong>: Lali Esp\u00f3sito (\u00abA bailar- Edici\u00f3n especial\u00bb) \/ <strong>Mejor \u00e1lbum m\u00fasica electr\u00f3nica<\/strong>: Carlos Cutaia y Daniel Melero (\u00abCutaia-Melero) \/ &#8211; <strong>Mejor \u00e1lbum artista de rock<\/strong>: Andr\u00e9s Calamaro (\u00abPura sangre\u00bb y \u00abJam\u00f3n del medio\u00bb) \/ <strong>Mejor \u00e1lbum grupo de rock<\/strong>: Bersuit Vergarabat (\u00abEl baile interior\u00bb) \/ <strong>Mejor \u00e1lbum rock pesado punk<\/strong>: La Renga (\u00abPesados vestigios\u00bb)\/ <strong>Mejor \u00e1lbum rock-pop alternativo<\/strong>: Octafonic (\u00abMonster\u00bb) \/ <strong>Mejor \u00e1lbum nuevo artista de rock:<\/strong> Octafonic (\u00abMonster\u00bb) \/ <strong>Mejor \u00e1lbum de reggae y m\u00fasica urbana:<\/strong> Dread Mar I (\u00abEn el sendero\u00bb) <strong>\/ Mejor \u00e1lbum electr\u00f2nica<\/strong> Int\u00e9rpretes varios (\u201cElectric Future Beats 2014: New Electronic Music From Argentina Eternal Sunday\u201d) \/ <strong>Mejor \u00e1lbum artista femenina de tango<\/strong>: Adriana Varela (\u00abAdriana Varela y piano\u00bb) \/ <strong>Mejor \u00e1lbum artista masculino de tango<\/strong>: Ariel Ardit Orquesta T\u00edpica (\u00abAn\u00edbal Troilo 100 a\u00f1os\u00bb \/ <strong>Mejor \u00e1lbum Orquesta de Tango Instrumental<\/strong>: Escalandrum proyecto el\u00e9ctrico (\u00abLas cuatros estaciones porte\u00f1as\u00bb)\/ <strong>Mejor \u00e1lbum de tango alternativo<\/strong>: Franco Luciani &amp; Federico Lechner (\u00abGardeler\u00edas\u00bb)<\/p>\n<p><a href=\"http:\/\/www.noticias1440.com.ar\/wp-content\/uploads\/2015\/06\/Roberto-Pettinato-Premios-Gardel-2015-Paul-David-Focus-007.jpg\"><img loading=\"lazy\" decoding=\"async\" class=\" size-medium wp-image-886 alignright\" src=\"http:\/\/www.noticias1440.com.ar\/wp-content\/uploads\/2015\/06\/Roberto-Pettinato-Premios-Gardel-2015-Paul-David-Focus-007-300x224.jpg\" alt=\"Roberto Pettinato (Premios Gardel 2015 Paul David Focus 007)\" width=\"300\" height=\"224\" srcset=\"https:\/\/noticias1440.com.ar\/wp-content\/uploads\/2015\/06\/Roberto-Pettinato-Premios-Gardel-2015-Paul-David-Focus-007-300x224.jpg 300w, https:\/\/noticias1440.com.ar\/wp-content\/uploads\/2015\/06\/Roberto-Pettinato-Premios-Gardel-2015-Paul-David-Focus-007.jpg 400w\" sizes=\"auto, (max-width: 300px) 100vw, 300px\" \/><\/a><\/p>\n<p><strong>Mejor \u00e1lbum nuevo artista de tango<\/strong>: Pablo Estigarribia (\u00abTangos para piano\u00bb)\/ <strong>Mejor \u00e1lbum artista femenina de folklore<\/strong>: Ver\u00f3nica Condom\u00ed con Pablo Fraguela (\u00abCamino de estrellas\u00bb)\/ <strong>Mejor \u00e1lbum artista masculino de folklore<\/strong>: Oscar \u00abChaque\u00f1o\u00bb Palavecino (\u00abPa&#8217;mi gente\u00bb)\/ <strong>Mejor \u00e1lbum grupo de folklore<\/strong>: Quinteto Bataraz (\u00abQuinteto Bataraz\u00bb)\/ <strong>Mejor \u00e1lbum folklore alternativo<\/strong>: Jorge Fandermole (\u00abFander\u00bb)\/ <strong>Mejor \u00e1lbum nuevo artista de folklore<\/strong>: Quinteto Bataraz (\u00abQuinteto Bataraz\u00bb)\/ <strong>Mejor \u00e1lbum de chamam\u00e9<\/strong>: Horacio \u00abChango\u00bb Spasiuk (\u00abTierra Colorada en el Teatro Col\u00f3n\u00bb)\/ <strong>Mejor \u00e1lbum artista femenina tropical<\/strong>: Dalila (\u00abInolvidables\u00bb)\/ <strong>Mejor \u00e1lbum artista masculino tropical<\/strong>: Nolberto Alkla (\u00abEl arte de vivir\u00bb)\/ <strong>Mejor \u00e1lbum grupo tropical<\/strong>: Agapornis (\u00abCon vos\u00bb)\/ &#8211; <strong>Mejor \u00e1lbum artista de cuarteto<\/strong>: Carlos \u00abLa mona\u00bb Jim\u00e9nez (\u00abLa mona en vivo, volumen 1)\/ <strong>Mejor \u00e1lbum grupo de cuarteto<\/strong>: Banda XXI (\u00abBien arriba\u00bb)\/ <strong>Mejor \u00e1lbum artista rom\u00e1ntico \/ mel\u00f3dico<\/strong>: Valeria Lynch (\u00abValeria con todo\u00bb) \/ <strong>Mejor \u00e1lbum artista canci\u00f3n testimonial y de autor<\/strong>: Jairo (\u00abPropio &amp; Ajeno\u00bb)\/ <strong>Mejor \u00e1lbum de m\u00fasica cl\u00e1sica<\/strong>: Mariano Rey (\u00abM\u00fasica Argentina para clarinete y orquesta\u00bb)\/ <strong>Mejor \u00e1lbum de jazz<\/strong>: Jorge Navarro y Manuel Fraga (\u00abViva el swing\u00bb)<\/p>\n<p><a href=\"http:\/\/www.noticias1440.com.ar\/wp-content\/uploads\/2015\/06\/Roberto-Pettinato-Premios-Gardel-2015-Paul-David-Focus-004.jpg\"><img loading=\"lazy\" decoding=\"async\" class=\" size-medium wp-image-883 alignleft\" src=\"http:\/\/www.noticias1440.com.ar\/wp-content\/uploads\/2015\/06\/Roberto-Pettinato-Premios-Gardel-2015-Paul-David-Focus-004-300x227.jpg\" alt=\"Roberto Pettinato (Premios Gardel 2015 Paul David Focus 004)\" width=\"300\" height=\"227\" srcset=\"https:\/\/noticias1440.com.ar\/wp-content\/uploads\/2015\/06\/Roberto-Pettinato-Premios-Gardel-2015-Paul-David-Focus-004-300x227.jpg 300w, https:\/\/noticias1440.com.ar\/wp-content\/uploads\/2015\/06\/Roberto-Pettinato-Premios-Gardel-2015-Paul-David-Focus-004.jpg 400w\" sizes=\"auto, (max-width: 300px) 100vw, 300px\" \/><\/a><\/p>\n<p><strong>Mejor \u00e1lbum instrumental \/ fusi\u00f3n \/ world music<\/strong>: P\u00e1jaro de fuego (\u00abLa rueda de la fortuna\u00bb)\/ <strong>Mejor \u00e1lbum conceptual int\u00e9rpretes varios<\/strong>: \u00abRa\u00edz Spinetta\u00bb\/Int\u00e9rpretes varios<strong>\/ Mejor \u00e1lbum infantil<\/strong> &#8211; Int\u00e9rpretes varios: \u00abJunior express\u00bb\/ <strong>Mejor \u00e1lbum banda de sonido de cine\/televisi\u00f3n<\/strong>: Diego Mizrahi \u00abCortina musical\u00bb\/ <strong>Mejor colecci\u00f3n de cat\u00e1logo:<\/strong> Mercedes Sosa (\u00abAngel\u00bb)\/<strong>Ingenier\u00eda de grabaci\u00f3n<\/strong>: Gustavo Santaolalla (\u00abCamino\u00bb)\/ <strong>Producci\u00f3n del a\u00f1o:<\/strong> Escalandrum Proyecto El\u00e9ctrico (\u00abLas cuatros estaciones porte\u00f1as\u00bb)\/ <strong>Mejor DVD<\/strong>: Illya Kuryaki and The Valderramas (\u00abAplaudan en la luna\u00bb)\/ <strong>Mejor Videoclip: <\/strong>Los aut\u00e9nticos decadentes (\u00abEnciendan los parlantes\u00bb). La fiesta incluy\u00f2 las actuaciones de Axel, el folclorista Oscar\u00bbChaque\u00f1o\u00bb Palavecino, la banda Bersuit Vergarabat y la solista pop Lali Esp\u00f2sito, sin olvidar un homenaje al m\u00fasico Leopoldo Federico con la interpretaci\u00f3n de temas de su autor\u00eda a cargo de cuatro bandoneonistas, quienes acompa\u00f1aron la actuaci\u00f3n de los bailarines Cecilia Figaredo y Hern\u00e1n Piqu\u00edn. <strong>En la ceremonia se record\u00f3 a los artistas fallecidos en el \u00faltimo a\u00f1o:<\/strong> Jovita D\u00edaz, Ben Molar, Horacio Ferrer, Carlos Garc\u00eda L\u00f3pez y Gustavo Cerati.<\/p>\n","protected":false},"excerpt":{"rendered":"<p>El m\u00fasico, actor, escritor y animador televisivo dio deslumbrante c\u00e1tedra en el Gran Rex durante la m\u00e1xima ceremonia de la industria musical, una noche donde su genial humor sedujo a todos con un impacto sencillamente inolvidable.<\/p>\n","protected":false},"author":1,"featured_media":877,"comment_status":"closed","ping_status":"open","sticky":false,"template":"","format":"standard","meta":{"footnotes":""},"categories":[8],"tags":[],"class_list":["post-876","post","type-post","status-publish","format-standard","has-post-thumbnail","hentry","category-criticas"],"_links":{"self":[{"href":"https:\/\/noticias1440.com.ar\/index.php?rest_route=\/wp\/v2\/posts\/876","targetHints":{"allow":["GET"]}}],"collection":[{"href":"https:\/\/noticias1440.com.ar\/index.php?rest_route=\/wp\/v2\/posts"}],"about":[{"href":"https:\/\/noticias1440.com.ar\/index.php?rest_route=\/wp\/v2\/types\/post"}],"author":[{"embeddable":true,"href":"https:\/\/noticias1440.com.ar\/index.php?rest_route=\/wp\/v2\/users\/1"}],"replies":[{"embeddable":true,"href":"https:\/\/noticias1440.com.ar\/index.php?rest_route=%2Fwp%2Fv2%2Fcomments&post=876"}],"version-history":[{"count":3,"href":"https:\/\/noticias1440.com.ar\/index.php?rest_route=\/wp\/v2\/posts\/876\/revisions"}],"predecessor-version":[{"id":888,"href":"https:\/\/noticias1440.com.ar\/index.php?rest_route=\/wp\/v2\/posts\/876\/revisions\/888"}],"wp:featuredmedia":[{"embeddable":true,"href":"https:\/\/noticias1440.com.ar\/index.php?rest_route=\/wp\/v2\/media\/877"}],"wp:attachment":[{"href":"https:\/\/noticias1440.com.ar\/index.php?rest_route=%2Fwp%2Fv2%2Fmedia&parent=876"}],"wp:term":[{"taxonomy":"category","embeddable":true,"href":"https:\/\/noticias1440.com.ar\/index.php?rest_route=%2Fwp%2Fv2%2Fcategories&post=876"},{"taxonomy":"post_tag","embeddable":true,"href":"https:\/\/noticias1440.com.ar\/index.php?rest_route=%2Fwp%2Fv2%2Ftags&post=876"}],"curies":[{"name":"wp","href":"https:\/\/api.w.org\/{rel}","templated":true}]}}