{"id":858,"date":"2015-06-02T00:02:58","date_gmt":"2015-06-02T00:02:58","guid":{"rendered":"http:\/\/www.noticias1440.com.ar\/?p=858"},"modified":"2015-06-02T01:10:45","modified_gmt":"2015-06-02T01:10:45","slug":"elena-roger-habla-con-noticias1440-en-instantes","status":"publish","type":"post","link":"https:\/\/noticias1440.com.ar\/?p=858","title":{"rendered":"Elena Roger y su responsable mirada ecologista: \u201cEn pol\u00edtica ambiental hemos avanzado muy poco\u201d"},"content":{"rendered":"<p>La actriz , cantante y realizadora documental es la principal jurado del 5to\u201cGreen Film Fest\u201d y en una de sus escasas pausas profesionales, la estrella internacional habl\u00f2 a fondo con Noticias1440 sobre diversos aspectos.<\/p>\n<p><!--more--><\/p>\n<p><a href=\"http:\/\/www.noticias1440.com.ar\/wp-content\/uploads\/2015\/06\/Elena-Roger-Foto-Paul-David-Focus-Agencia-Noticias1440.jpg\"><img loading=\"lazy\" decoding=\"async\" class=\" size-medium wp-image-865 aligncenter\" src=\"http:\/\/www.noticias1440.com.ar\/wp-content\/uploads\/2015\/06\/Elena-Roger-Foto-Paul-David-Focus-Agencia-Noticias1440-300x232.jpg\" alt=\"Elena Roger (Foto Paul David Focus - Agencia Noticias1440)\" width=\"300\" height=\"232\" srcset=\"https:\/\/noticias1440.com.ar\/wp-content\/uploads\/2015\/06\/Elena-Roger-Foto-Paul-David-Focus-Agencia-Noticias1440-300x232.jpg 300w, https:\/\/noticias1440.com.ar\/wp-content\/uploads\/2015\/06\/Elena-Roger-Foto-Paul-David-Focus-Agencia-Noticias1440.jpg 411w\" sizes=\"auto, (max-width: 300px) 100vw, 300px\" \/><\/a><\/p>\n<p><strong>Por Impareitor Network<\/strong><\/p>\n<p><strong>(Capital Federal \u2013 Lunes 01 de Junio de 2015)<\/strong> La joven actriz, cantante y realizadora documental Elena Roger present\u00f2 este fin de semana en Mar del Plata el espect\u00e1culo \u201cAy Carmela\u201d, una Ay Carmela!, pieza de Jos\u00e9 Sanchis Sinisterra que la notable int\u00e8rprete de musicales lleva a cabo con su colega Diego Mariani bajo la certera direcci\u00f3n de Jos\u00e9 Luis Arellano. La agenda de la estrella internacional que en los \u00faltimos diez a\u00f1os provoc\u00f2 un demoledor boom con los musicales en Londres, Madrid y New York, es una madre muy responsable que no descuida a su hija mientras compagina su gran crecimiento art\u00edstico en la \u00faltima d\u00e9cada. Despu\u00e8s de largas negociaciones con su legendario equipo de prensa, la famosa dupla Luciana Varas-Mercedes Otero, la sensual performer de\u201cPiaf\u201dy \u201cEvita\u201dle concedi\u00f3 a Noticias 1440 una entrevista de m\u00e0s de dos horas para revisar a fondo como progres\u00f2 personal y profesionalmente en este adrenal\u00ecnico inicio de milenio, una charla con variados matices que la encuentra plena como mujer y artista.<\/p>\n<p><strong>Retomaste tu carrera solista como cantante. Muchos pueden creer que esto es un hobbie, respetuosamente, al lado de todas tus dem\u00e1s tareas art\u00edsticas.<\/strong><\/p>\n<p>N\u00f3, para m\u00ed todo es lo mismo en realidad. Me considero una artista, que hace comedia musical, canta canciones, luego filma pel\u00edculas, me considero una artista que puede hacer distintas cosas, pero mi lado solista precisamente no es un hobbie, all\u00ec hay una presi\u00f3n, la gente que me ve hacer\u201cEvita\u201dy luego viene a ver mi recital tambi\u00e9n quiere algo de mucho nivel, que no va a ser\u201cEvita\u201d, canto all\u00ec algo de ese famoso musical pero esto es otra cosa, hago canciones de rock y estoy haciendo ahora temas de Lisandro Aristimu\u00f1o, todav\u00eda no compongo nada, ni siquiera letras. El otro d\u00eda le coment\u00e8 a mi guitarrista\u201cla pr\u00f3xima cosa que sigue es componer\u201d, pero hay que tener tiempo tambi\u00e9n, as\u00ed de una no me sale agarrar y escribir, pero me encantar\u00eda. Empec\u00e9 con estos shows sola con\u201cMina\u201d, era un repertorio de otra artista. De cierta forma hac\u00eca una\u201ctercerizaci\u00f3n autoral\u201dporque no ten\u00eda nada, pero por ejemplo en los shows de ahora hubo una meta cumplida, fue introducir canciones que solamente canto yo, temas arreglados para m\u00ed, obras que eleg\u00ed y que nadie m\u00e1s las canta.<\/p>\n<p><a href=\"http:\/\/www.noticias1440.com.ar\/wp-content\/uploads\/2015\/06\/Elena-Roger-Foto-Agencia-Varas-Otero-Junio-2015-A02.jpg\"><img loading=\"lazy\" decoding=\"async\" class=\" size-medium wp-image-869 alignleft\" src=\"http:\/\/www.noticias1440.com.ar\/wp-content\/uploads\/2015\/06\/Elena-Roger-Foto-Agencia-Varas-Otero-Junio-2015-A02-204x300.jpg\" alt=\"Elena Roger (Foto Agencia Varas Otero - Junio 2015 A02)\" width=\"204\" height=\"300\" srcset=\"https:\/\/noticias1440.com.ar\/wp-content\/uploads\/2015\/06\/Elena-Roger-Foto-Agencia-Varas-Otero-Junio-2015-A02-204x300.jpg 204w, https:\/\/noticias1440.com.ar\/wp-content\/uploads\/2015\/06\/Elena-Roger-Foto-Agencia-Varas-Otero-Junio-2015-A02.jpg 291w\" sizes=\"auto, (max-width: 204px) 100vw, 204px\" \/><\/a><\/p>\n<p><strong>\u00bfSent\u00eds que \u00faltimamente la actriz le cop\u00f3 un poco la parada a la cantante?<\/strong><\/p>\n<p>N\u00f3, creo que se emparej\u00f3 un poco. Le\u00ec una nota donde el redactor dec\u00eda que arranqu\u00e9 con danza a los once a\u00f1os, luego empec\u00e9 canto pero nunca estudi\u00e9 teatro, hacer esa formaci\u00f3n tradicional de cuatro o cinco a\u00f1os, pasar obras, leer mucho texto, realmente nunca tuve la oportunidad de hacer eso. Como no lo hice de chica y m\u00e0s grande ten\u00eda trabajo, entonces era dif\u00edcil poder hacer, por ende me entren\u00e9 un poco con Julio Ch\u00e1vez y con Elio Romero, pero no m\u00e1s de un a\u00f1o, viste, con muchas faltas, eso era una deuda pendiente, siempre me daba miedo la actriz, eso de hacer films despu\u00e9s del \u00e9xito de \u201cPiaf\u201d, si no me daba miedo hubiese hecho un centenar de films. Ahora me siento actriz, pero cuando empec\u00e9 le ten\u00eda mucho miedo a actuar, much\u00edsimo, no sab\u00eda si era capaz, le ten\u00eda miedo. Hay algo que la realidad suele hacerle a los individuos, cortarles el camino y achicarles las posibilidades, la comedia musical en el general de la gente que hace teatro es como un\u201cg\u00e9nero menor\u201d, en general creen que los que hacen comedia musical no son actores. Nunca ver\u00e0s a una persona que hace comedia musical protagonizando una pel\u00edcula o como cabeza de una tira de Pol-Ka,no es f\u00e1cil,descreen un poco de eso,algunos lo logran y otros n\u00f3,son los menos.<\/p>\n<p><strong>Pero con\u201cLa Piaf\u201dmostraste que m\u00e1s all\u00e1 de la crooner, la actriz exist\u00eda muy bien.<\/strong><\/p>\n<p>S\u00ed. Fue de alguna manera de la mano de un musical, pero que era un musical m\u00e1s obra de teatro, muchas personas que me vieron en ese rol, reconocieron una actriz all\u00ec, hoy siento que la actriz est\u00e1 recontra parada, estoy muy contenta, s\u00ed.<\/p>\n<p><a href=\"http:\/\/www.noticias1440.com.ar\/wp-content\/uploads\/2015\/06\/Elena-Roger-Foto-Agencia-Varas-Otero-Junio-2015-A03.jpg\"><img loading=\"lazy\" decoding=\"async\" class=\" size-medium wp-image-870 alignright\" src=\"http:\/\/www.noticias1440.com.ar\/wp-content\/uploads\/2015\/06\/Elena-Roger-Foto-Agencia-Varas-Otero-Junio-2015-A03-300x240.jpg\" alt=\"Elena Roger (Foto Agencia Varas Otero - Junio 2015 A03)\" width=\"300\" height=\"240\" srcset=\"https:\/\/noticias1440.com.ar\/wp-content\/uploads\/2015\/06\/Elena-Roger-Foto-Agencia-Varas-Otero-Junio-2015-A03-300x240.jpg 300w, https:\/\/noticias1440.com.ar\/wp-content\/uploads\/2015\/06\/Elena-Roger-Foto-Agencia-Varas-Otero-Junio-2015-A03.jpg 449w\" sizes=\"auto, (max-width: 300px) 100vw, 300px\" \/><\/a><\/p>\n<p><strong>\u00bfFue una buena decisi\u00f3n hacer\u201cEvita\u201den los Estados Unidos con Ricky Martin?<\/strong><\/p>\n<p>S\u00ed, en realidad luch\u00e9 mucho con esa decisi\u00f3n. No quer\u00eda hacer otra vez\u201cEvita\u201dporque ya la hab\u00eda hecho, me parec\u00eda que no era nada nuevo, lo \u00fanico nuevo era la experiencia, era ir un a\u00f1o a Broadway y vivir un a\u00f1o en New York, no me parec\u00eda menor, no es mi meta, Estados Unidos, no es un lugar que idolatre o donde tenga much\u00edsimas ganas de vivir, en ese momento no me pareci\u00f3 ninguna mala idea vivir la experiencia de estar un a\u00f1o ah\u00ed y saber bien de qu\u00e9 se trataba, despu\u00e9s trabajar con Ricky era un plus, porque todo el elenco es muy prestigioso. La versi\u00f3n que hicimos no fue una degustaci\u00f3n sencilla para todos los cr\u00edticos, ellos tuvieron que sacarse el cip de lo hecho por Patti Lupone y aquella puesta de Harold Prince, una versi\u00f3n muy distinta, bastante m\u00e0s cercana a un comic. La nuestra era m\u00e0s humanizada, ellos dijeron\u201cc\u00f3mo vamos a ver a una puta d\u00e9spota humanizada?\u201d, por eso les cost\u00f3, todas las cr\u00edticas afuera de Estados Unidos fueron excelentes, mientras que las de Estados Unidos en su interior n\u00f3, nos criticaron mucho, pero eso no me hizo ning\u00fan tipo de click an\u00edmico,ya lo sab\u00eda,sab\u00eda que la experiencia vendr\u00eda con caramelos amargos.<\/p>\n<p><strong>\u00bfTe molest\u00f2 durante tu experiencia en Broadway padecer la distancia emocional? <\/strong><\/p>\n<p>Cuando acept\u00e9 lo de\u201cEvita\u201d, sab\u00eda que era \u201cvoy y vuelvo, voy y vuelvo\u201d, dije \u201cs\u00ed, esta es la experiencia que me est\u00e1 dando el universo, no puedo rechazar algo maravilloso que me va a dar experiencia\u201d, era sumar m\u00e1s colores en la vida. La \u00faltima vez que hice\u201cPiaf\u201den Madrid y\u201cPassion\u201den Londres, la verdad la sufr\u00ed, pas\u00e9 nueve meses afuera y durante una etapa fue como que tuve ganas de estar ac\u00e1, sab\u00eca que era un a\u00f1o afuera y me molestaba un lapso tan extenso, mi pareja me visit\u00f2 bastante, de todas maneras no es f\u00e1cil, igual hay otros momentos que son deliciosos, est\u00e1s en tu burbuja, nadie te jode, est\u00e1s en tu planeta y eso est\u00e1 muy bueno.<\/p>\n<p><a href=\"http:\/\/www.noticias1440.com.ar\/wp-content\/uploads\/2015\/06\/Elena-Roger-Foto-Agencia-Varas-Otero-Junio-2015-A05.jpg\"><img loading=\"lazy\" decoding=\"async\" class=\" size-medium wp-image-872 alignleft\" src=\"http:\/\/www.noticias1440.com.ar\/wp-content\/uploads\/2015\/06\/Elena-Roger-Foto-Agencia-Varas-Otero-Junio-2015-A05-300x201.jpg\" alt=\"Elena Roger (Foto Agencia Varas Otero - Junio 2015 A05)\" width=\"300\" height=\"201\" srcset=\"https:\/\/noticias1440.com.ar\/wp-content\/uploads\/2015\/06\/Elena-Roger-Foto-Agencia-Varas-Otero-Junio-2015-A05-300x201.jpg 300w, https:\/\/noticias1440.com.ar\/wp-content\/uploads\/2015\/06\/Elena-Roger-Foto-Agencia-Varas-Otero-Junio-2015-A05.jpg 472w\" sizes=\"auto, (max-width: 300px) 100vw, 300px\" \/><\/a><\/p>\n<p><strong>\u00bfYa instalada en Argentina, qu\u00e9 impresi\u00f3n te provoca el pa\u00eds con m\u00e0s detenimiento?<\/strong><\/p>\n<p>Mir\u00e1, nunca pude ver el pa\u00eds en lo pol\u00edtico,ac\u00e1 se habla mucho de pol\u00edtica, bien y mal, hay muchas opiniones, siempre trato de alejarme de eso porque es algo que no puedo terminar de entender, que no puedo analizar. Por ejemplo, escucho a un pol\u00edtico hablar y digo\u201ctodo esto es mentira o es verdad?\u201d, escucho a un medio decir algo, leo una nota y pero el t\u00edtulo no condice con la nota, todo es como una gran cosa rara, no analizable para m\u00ed, es perder un poco el tiempo intentando entender lo que sucede. Ac\u00e0 cada uno tiene su verdad, no es f\u00e1cil ser presidenta en un pa\u00eds machista, siempre digo que hay que estar en esos lugares, como cuando se la criticaba tanto a Evita, pero uno lo ve desde afuera, nunca termin\u00e1s de saber la verdad, es como poco analizable, escriben una historia y termina nunca de cuajar.<\/p>\n<p><strong>\u00bfC\u00f3mo te llev\u00e1s con Dios y la religi\u00f2n?<\/strong><\/p>\n<p>Bien\u2026eh, Dios, para m\u00ed Dios es el universo. De chica fui criada en una escuela que ten\u00eda formaci\u00f3n cat\u00f3lica, ya no voy m\u00e1s a la iglesia, ya tengo mis propias creencias, siento que las instituciones m\u00e1s que ayudar, dan para descontrolar y politizar tambi\u00e9n a una religi\u00f3n, por lo cual arm\u00e8 mi propia lectura de lo que es la vida,para m\u00ed no es tan importante lo que hagan o digan los dem\u00e1s,sino lo que uno hace. La gente dice\u201cllegaste a tal lado\u201do\u201cvos que llegaste a lo m\u00e1ximo\u201d, pero siempre siento que no llego a ning\u00fan lado, tengo experiencias ac\u00e1 y all\u00e1, muy grandes, como que la vara siempre sube,la exigencia siempre va subiendo.<\/p>\n<p><a href=\"http:\/\/www.noticias1440.com.ar\/wp-content\/uploads\/2015\/06\/Elena-Roger-Foto-Agencia-Varas-Otero-Junio-2015-A04.jpg\"><img loading=\"lazy\" decoding=\"async\" class=\" size-medium wp-image-871 alignright\" src=\"http:\/\/www.noticias1440.com.ar\/wp-content\/uploads\/2015\/06\/Elena-Roger-Foto-Agencia-Varas-Otero-Junio-2015-A04-300x244.jpg\" alt=\"Elena Roger (Foto Agencia Varas Otero - Junio 2015 A04)\" width=\"300\" height=\"244\" srcset=\"https:\/\/noticias1440.com.ar\/wp-content\/uploads\/2015\/06\/Elena-Roger-Foto-Agencia-Varas-Otero-Junio-2015-A04-300x244.jpg 300w, https:\/\/noticias1440.com.ar\/wp-content\/uploads\/2015\/06\/Elena-Roger-Foto-Agencia-Varas-Otero-Junio-2015-A04.jpg 441w\" sizes=\"auto, (max-width: 300px) 100vw, 300px\" \/><\/a><\/p>\n<p><strong>Durante febrero pasado recalaste en Mar del Plata e hiciste dos formatos diferentes de show.<\/strong><\/p>\n<p>Mir\u00e0, el primer formato de show naci\u00f3 por un festival de m\u00fasica cl\u00e1sica que hubo en Ushuaia, me llamaron para cantar en Anacur, que es un hotel ecol\u00f3gico, para hacer un show de piano y vos, con los musicales, algo \u00ecntimo con el piano y mi voz. Este show qued\u00f3 muy bien, despu\u00e9s lo llevamos a Par\u00ecs con Carlos Grifo al piano, tuvo una buena respuesta y decidimos llevarlo a Mar del Plata en febrero para quien quisiera ver algo cl\u00e1sico y m\u00e0s \u00ecntimo al mismo tiempo. Me gusta eso de cantar con el piano, es algo muy lindo, es un show donde ves cosas que nacen en esos espect\u00e1culos, alguien pide algo y es muy bello no dejarlo de lado.<\/p>\n<p><strong>En el segundo show hiciste los temas que el p\u00fablico suele pedirte habitualmente, pero al mismo tiempo planteaste bastante material cercano al rock. <\/strong><\/p>\n<p>Es verdad, estuvieron todas esas canciones que el p\u00fablico suele pedir de Piaf, Evita u otros espect\u00e1culos, pero tambi\u00e9n hicimos con el grupo un repaso de mis anteriores discos, donde pueden encontrar mucho de ese g\u00e8nero. El rock tiene un lugar especial en mi vida, Charly Garc\u00eca es un artista que me gusta much\u00edsimo y har\u00eda un disco entero con sus canciones, es una de las figuras que m\u00e0s me representa en todo, siempre fue mi \u00eddolo, lo segu\u00eda mucho como solista y obviamente con sus grupos, era muy fana de Ser\u00f9 Gir\u00e0n. Si el destino me permitiese elegir a una figura de afuera con quien cantar y grabar un \u00e0lbum, elegir\u00eda a Sting, pero antes que preguntes porqu\u00e8 dir\u00eda porque &#8230;es lindo, no s\u00e8(risas).<\/p>\n<p><strong>Estuviste en Espa\u00f1a hace pocos meses. \u00bfC\u00f2mo te fue? <\/strong><\/p>\n<p>En Madrid nos fue muy bien, no sab\u00eca muy bien si la gente se acordar\u00eca de m\u00ec, si all\u00e0 me recibir\u00edan bien, como tomar\u00ecan lo de\u201cTiempo Mariposa\u201d o si recordar\u00ecan mis shows, pero la respuesta fue b\u00e0rbara. Los periodistas estaban encantados de hacerme notas, la gente vino a los shows, compr\u00f2 entrada y lo m\u00e0s alucinante fue que el espect\u00e1culo fue recibido de pie. A la gente le encant\u00f2 le encant\u00f2 much\u00edsimo, es un show muy redondo, muy prolijo y eso me dej\u00f3 muy feliz, antes de las presentaciones estaba bastante nerviosa, pero luego las cosas terminaron muy bien.<\/p>\n<p><a href=\"http:\/\/www.noticias1440.com.ar\/wp-content\/uploads\/2015\/06\/Elena-Roger-Foto-Agencia-Varas-Otero-Junio-2015-A01.jpg\"><img loading=\"lazy\" decoding=\"async\" class=\" size-medium wp-image-868 alignleft\" src=\"http:\/\/www.noticias1440.com.ar\/wp-content\/uploads\/2015\/06\/Elena-Roger-Foto-Agencia-Varas-Otero-Junio-2015-A01-300x198.jpg\" alt=\"Elena Roger (Foto Agencia Varas Otero - Junio 2015 A01)\" width=\"300\" height=\"198\" srcset=\"https:\/\/noticias1440.com.ar\/wp-content\/uploads\/2015\/06\/Elena-Roger-Foto-Agencia-Varas-Otero-Junio-2015-A01-300x198.jpg 300w, https:\/\/noticias1440.com.ar\/wp-content\/uploads\/2015\/06\/Elena-Roger-Foto-Agencia-Varas-Otero-Junio-2015-A01.jpg 475w\" sizes=\"auto, (max-width: 300px) 100vw, 300px\" \/><\/a><\/p>\n<p><strong>\u00bfQu\u00e8 respuesta logr\u00f3 tu \u00faltimo \u00e1lbum como solista?<\/strong><\/p>\n<p>Desde que editamos\u201cTiempo Mariposa\u201dy lo presentamos, la respuesta es muy buena, est\u00e0 bastante bien lo que va pasando, todav\u00eda no tengo la informaci\u00f3n sobre discos vendidos o las descargas por i-tunes, hace poco sacamos unos vide\u00ectos de lo que fue la grabaci\u00f3n y ahora haremos otros con lo del Teatro Opera, siento que el disco camina porque cuando lo tocamos la gente lo compra, tengo idea que ha gustado y veo lo que sucede, pero estando solita sin una discogr\u00e1fica todo se hace m\u00e0s duro y mas lento, pero honestamente no tengo problemas en esperar. El show de oficializaci\u00f2n que hicimos en noviembre pasado en el Teatro Opera gust\u00f2, despu\u00e9s de cotejarlo algunas cosas las reformular\u00eca, es un poco ingrato condensar en un solo recital la presentaci\u00f3n porque est\u00e0s m\u00e0s nerviosa, habr\u00eca que hacer varias para poder acomodar todo con el tiempo.<\/p>\n<p><strong>\u00bfSe complican los objetivos fuera de la \u00f2rbita mainstream?<\/strong><\/p>\n<p>Obviamente cuando una est\u00e0 en plan solista la difusi\u00f3n es otra que cuando est\u00e0s con una comedia musical, porque no ten\u00e8s una maquinaria detr\u00e1s o una productora o una obra de teatro. Pero cuando est\u00e0s sola claro las cosas son muy distinta y me pone muy orgullosa cuando los resultados asoman despu\u00e9s de trabajarlo mucho, es un camino que una disfruta considerablemente, ah\u00ec pod\u00e8s hacer tu propia producci\u00f3n y aprend\u00e8s muchas cosas que cuando est\u00e0s dentro de en algo grande no las conoces ni vivenci\u00e0s.<\/p>\n<p><strong>Pero tu \u00f2rbita familiar tambi\u00e9n te reclama otras atenciones.<\/strong><\/p>\n<p>Ese es un tiempo donde mi intenci\u00f3n es estar mucho con mi hija y seguir con esta profesi\u00f3n que me gusta mucho, sab\u00eca que cuando naciera mi hija los tiempos de trabajo se iban a alterar, pero eso es parte de la vida, es posible que en alg\u00fan momento tenga que parar, ya par\u00e8 cuando estuve embarazada, bueno, m\u00e0s o menos. Estar\u00e8 arriba de la vida que es lo me agrada y ver que cosas debo hacer para que los est\u00e0n alrededor m\u00eco se sientan muy bien. Es probable que est\u00e8 m\u00e0s cerca de ocurrir lo de una corta temporada teatral con \u201cAy Carmela\u201d durante este primer semestre o algunas semanas m\u00e0s.<\/p>\n<p><a href=\"http:\/\/www.noticias1440.com.ar\/wp-content\/uploads\/2015\/06\/Elena-Roger-Foto-Agencia-Varas-Otero-Junio-2015-A07.jpg\"><img loading=\"lazy\" decoding=\"async\" class=\" size-medium wp-image-874 alignright\" src=\"http:\/\/www.noticias1440.com.ar\/wp-content\/uploads\/2015\/06\/Elena-Roger-Foto-Agencia-Varas-Otero-Junio-2015-A07-300x284.jpg\" alt=\"Elena Roger (Foto Agencia Varas Otero - Junio 2015 A07)\" width=\"300\" height=\"284\" srcset=\"https:\/\/noticias1440.com.ar\/wp-content\/uploads\/2015\/06\/Elena-Roger-Foto-Agencia-Varas-Otero-Junio-2015-A07-300x284.jpg 300w, https:\/\/noticias1440.com.ar\/wp-content\/uploads\/2015\/06\/Elena-Roger-Foto-Agencia-Varas-Otero-Junio-2015-A07.jpg 389w\" sizes=\"auto, (max-width: 300px) 100vw, 300px\" \/><\/a><\/p>\n<p><strong>\u00bfQu\u00e8 diferencias existen entre\u201cTiempo Mariposa\u201dy el resto?<\/strong><\/p>\n<p>Este tercer \u00e1lbum es muy bello porque al rev\u00e9s de los otros dos, al primero lo grab\u00e8 en vivo y luego no lo pude respaldar mucho, en tanto que el segundo lo grab\u00e8 bien pero realmente ten\u00eda toda mi atenci\u00f3n puesta en Londres donde hac\u00eca Piaf. Este que re\u00fane un repertorio muy bonito, pudimos al principio tocarlo antes en vivo, ver la respuesta de la gente, chequear los temas, incluso el p\u00fablico lo ped\u00eca en los recitales que hac\u00edamos pensando que ya estaba editado. Finalmente lo grabamos tras revisar los arreglos, tomarnos el tiempo para cada tema y cantar en tiempo real, casi con la necesidad de no poner la voz luego para que no quedara despegado de la ejecuci\u00f3n instrumental. Grabamos un tema de Rosal\u201cVamos a dar una vuelta\u201d, con Mar\u00eca Ezquiaga de invitada cantando, estoy muy satisfecha por como qued\u00f3 realmente.<\/p>\n<p><strong>\u00bfC\u00f3mo te viste actuando en\u201cWakolda\u201del nuevo film de Luc\u00eca Puenzo?<\/strong><\/p>\n<p>Me pareci\u00f3 algo alucinante, m\u00e0s all\u00e0que mi personaje era muy peque\u00f1o, cuando Luc\u00eda me entreg\u00f3 el libreto definitivo ese personaje ya era muy grande. Me interes\u00f3 much\u00edsimo ese papel, aparte era lo \u00fanico que pod\u00eda hacer porque era filmar solo quince d\u00edas y yo estaba haciendo\u201cEvita\u201den Broadway, fue como un regalo, venir, filmar y volverme. Me gust\u00f3 y lo atractivo fue que tuvimos que hablar en alem\u00e1n por detalles de la historia, sali\u00f3 bien. .<\/p>\n<p><a href=\"http:\/\/www.noticias1440.com.ar\/wp-content\/uploads\/2015\/06\/Elena-Roger-Foto-Paul-David-Focus-Agencia-Noticias1440.jpg\"><img loading=\"lazy\" decoding=\"async\" class=\" size-medium wp-image-865 alignleft\" src=\"http:\/\/www.noticias1440.com.ar\/wp-content\/uploads\/2015\/06\/Elena-Roger-Foto-Paul-David-Focus-Agencia-Noticias1440-300x232.jpg\" alt=\"Elena Roger (Foto Paul David Focus - Agencia Noticias1440)\" width=\"300\" height=\"232\" srcset=\"https:\/\/noticias1440.com.ar\/wp-content\/uploads\/2015\/06\/Elena-Roger-Foto-Paul-David-Focus-Agencia-Noticias1440-300x232.jpg 300w, https:\/\/noticias1440.com.ar\/wp-content\/uploads\/2015\/06\/Elena-Roger-Foto-Paul-David-Focus-Agencia-Noticias1440.jpg 411w\" sizes=\"auto, (max-width: 300px) 100vw, 300px\" \/><\/a><\/p>\n<p><strong>En tu rol de actriz cinematogr\u00e1fica filmaste con Eugenio Zanetti para su primer pel\u00edcula como director, o sea dirigida por un ganador del Oscar.<\/strong><\/p>\n<p>Bueno, en este caso tambi\u00e8n\u201cAmapola\u201des una pel\u00edcula bastante coral, hay un mont\u00f3n de int\u00e9rpretes, Liz Solari, Nicol\u00e1s Scarpino, Geraldine Chaplin, mi papel era Camille Bell, la hermana de esta chica, transcurre en un hotel en el Tigre. Geraldine es la due\u00f1a del hotel, la abuela de las chicas, todos los a\u00f1os hacen una funci\u00f3n de la obra\u201cSue\u00f1o de una noche de verano\u201d, es como una especie de musical y eso justo transcurre en el d\u00eda que sucede el golpe contra Aruro Ill\u00eca(1966),en la historia asoma la tesis de lo paralelo,pasado, presente y futuro, pero que no es una sola l\u00ednea, sino todo en planos paralelos,Camille de a ratos se desmaya y ve situaciones del futuro que no le gustan. Eugenio me sorprendi\u00f3 much\u00edsimo por como es, la tranquilidad con la que dirige, sabemos que filmar una pel\u00edcula aqu\u00ed tiene sus complicaciones, la verdad que lo disfrut\u00e9 much\u00edsimo en la filmaci\u00f2n.<\/p>\n<p><strong>\u00bfTe satisfizo tu trabajo en el filme\u201cAmapola\u201duna vez estrenada?<\/strong><\/p>\n<p>S\u00ec, la pel\u00edcula hablaba de algo en lo que creo mucho, que son las vidas paralelas, pero tampoco s\u00e8 si ese especial mensaje termin\u00f2 de entenderse, no s\u00e8 que entendi\u00f3 la gente, es muy dif\u00edcil ir a ver una pel\u00edcula en la que vos estuviste desde el principio,pues ten\u00e8s tanta informaci\u00f3n sobre el film que cuando la vas a ver hay un mont\u00f2n de cosas que pasan por tu cabeza, mientras que la gente no tiene esos datos y va de cero para ver de que se trata. Por lo tanto es muy dif\u00edcil para m\u00ec hablar de una pel\u00edcula, me acuerdo que Eugenio (Zanetti) me cuid\u00f2 mucho con mis escenas, fue una pel\u00edcula para mi muy bella, algo inusual en el cine.<\/p>\n<p><strong>\u00bfC\u00f2mo es tu relaci\u00f3n con la industria musical ahora? <\/strong><\/p>\n<p>Muy clara y entendible, porque soy una\u201cartista independiente\u201d, me banqu\u00e8 la grabaci\u00f3n de este disco solita, lo mismo toda la edici\u00f3n, no estoy respaldada por una multinacional ni por nadie, la gente de DBN lo distribuye en una \u00e9poca bastante bisagra, en una \u00e9poca donde coexisten lo digital y lo f\u00edsico. Si tuviese que elegir por una cuesti\u00f3n ecol\u00f2gica, har\u00eda vinilos y contenidos de forma digital, pero tambi\u00e9n hay gente que no se suscribe a eso y quiere el objeto f\u00edsico. Sigo entusiasmada por la m\u00fasica, Annie Lennox me encanta, es una de mis cantantes favoritas, pero hoy no soy consumista realmente, no me paro en las vidrieras, pero entro donde venden libros y discos, me gustan mucho artistas de Brasil y ciertas figuras de la m\u00fasica independiente.<\/p>\n<p><a href=\"http:\/\/www.noticias1440.com.ar\/wp-content\/uploads\/2015\/06\/Elena-Roger-Foto-Agencia-Varas-Otero-Junio-2015-A06.jpg\"><img loading=\"lazy\" decoding=\"async\" class=\" size-medium wp-image-873 alignleft\" src=\"http:\/\/www.noticias1440.com.ar\/wp-content\/uploads\/2015\/06\/Elena-Roger-Foto-Agencia-Varas-Otero-Junio-2015-A06-300x221.jpg\" alt=\"Elena Roger (Foto Agencia Varas Otero - Junio 2015 A06)\" width=\"300\" height=\"221\" srcset=\"https:\/\/noticias1440.com.ar\/wp-content\/uploads\/2015\/06\/Elena-Roger-Foto-Agencia-Varas-Otero-Junio-2015-A06-300x221.jpg 300w, https:\/\/noticias1440.com.ar\/wp-content\/uploads\/2015\/06\/Elena-Roger-Foto-Agencia-Varas-Otero-Junio-2015-A06.jpg 432w\" sizes=\"auto, (max-width: 300px) 100vw, 300px\" \/><\/a><\/p>\n<p><strong>\u00bfC\u00f2mo viviste la cuenta regresiva del estreno teatral con\u201cAy Carmela\u201dhace unas pocas semanas en el Teatro Picadero? <\/strong><\/p>\n<p>Con mucho estr\u00e8s y nervios, porque esto dentro de mi carrera encaja como algo totalmente distinto,vengo haciendo teatro hace bastante a\u00f1os,pero esto es una obra de texto m\u00e0s que un musical, aunque tiene un par de canciones, no piensen que van a ver un musical, no ser\u00e1 eso. Diego Mariani un d\u00eca me llam\u00f2 y me dijo \u201cCarmela sos vos, quiero hacerla ac\u00e0 y me encantar\u00eca que vos la hagas\u201d, a m\u00ec me gust\u00f2 la propuesta y me embarqu\u00e8. Esto es algo nuevo para m\u00ec, no por la magnitud de la obra, o sea, teatro es el teatro, hice algunas obras, un poco m\u00e0s comedia, pero esto es un poco m\u00e0s grande tambi\u00e9n, es tambi\u00e9n volver al teatro, hacemos una temporada m\u00e0s corta, tambi\u00e9n inusual porque no hacemos un circuito comercial, es como una especie de\u201coff\u201do\u201csemi-off\u201d, entonces hacimos los lunes y martes en el Picadero, los fines de semana en el conurbano y algunas provincias, despu\u00e9s veremos si frenamos o n\u00f2, luego de las 8 semanas o seguimos, veremos.<\/p>\n<p><strong>\u00bfQu\u00e8 situaci\u00f3n viv\u00ecs ahora con tu \u201cTiempo Mariposa\u201den medio de este bloque teatral?<\/strong><\/p>\n<p>Con mi disco solista estamos en un break, estuvimos en Mar del Plata toc\u00e0ndolo un par de noches durante febrero, luego hicimos unas fechas en LaTrastiendaClub y nos fue realmente muy bien, seguramente haremos en ese lugar una fecha en julio y otras dos en agosto,es una cosa que estamos terminando de cerrar en estos pr\u00f3ximos d\u00edas, el balance es relamente muy positivo.<\/p>\n<p><a href=\"http:\/\/www.noticias1440.com.ar\/wp-content\/uploads\/2015\/06\/Elena-Roger-Foto-Agencia-Punto-Tiff-junio-2015-A01.jpg\"><img loading=\"lazy\" decoding=\"async\" class=\" size-medium wp-image-866 alignleft\" src=\"http:\/\/www.noticias1440.com.ar\/wp-content\/uploads\/2015\/06\/Elena-Roger-Foto-Agencia-Punto-Tiff-junio-2015-A01-198x300.jpg\" alt=\"Elena Roger (Foto Agencia Punto Tiff - junio 2015 A01)\" width=\"198\" height=\"300\" srcset=\"https:\/\/noticias1440.com.ar\/wp-content\/uploads\/2015\/06\/Elena-Roger-Foto-Agencia-Punto-Tiff-junio-2015-A01-198x300.jpg 198w, https:\/\/noticias1440.com.ar\/wp-content\/uploads\/2015\/06\/Elena-Roger-Foto-Agencia-Punto-Tiff-junio-2015-A01.jpg 330w\" sizes=\"auto, (max-width: 198px) 100vw, 198px\" \/><\/a><\/p>\n<p><strong>Recientemente participaste de la gran presentaci\u00f2n de la quinta edici\u00f3n del Green Film Fest en Buenos Aires.\u00a0\u00a0\u00a0\u00a0\u00a0\u00a0\u00a0\u00a0\u00a0\u00a0 <\/strong><\/p>\n<p>S\u00ec, antes estuve como jurado, cuando estaba embarazada, ahora estamos los dos con mi marido(Mariano Torre)como jurados,se da por una cuesti\u00f3n tambi\u00e9n que con Alejandra Cordes estamos mucho en contacto porque estamos todos con la producci\u00f3n del documental\u201cMadre Tierra\u201d, \u201cGreen Tara\u201dest\u00e0 super metido con ese proyecto, el documental lo vamos a estrenar cuando abra la quinta edici\u00f3n del\u201cGreenFilmFest\u201d. Nos faltan todav\u00eda algunas cosas por filmar, pero verdaderamente hay una gran base que fue la gran construcci\u00f3n que se hizo durante 2014, todo eso lo tenemos filmado con entrevistas y un mont\u00f2n de cosas.<\/p>\n<p><strong>\u00bfSent\u00ecs que ayuda la presencia de figuras en esta tem\u00e1tica?<\/strong><\/p>\n<p>Much\u00ecsimo, me parece que la gente escucha medios, pero estos publican cuando hay un nombre que es un poco m\u00e0s conocido, sino, no publican, entonces creo que es muy importante, s\u00ec.<\/p>\n<p><strong>\u00bfC\u00f3mo es ser ecologista en Argentina donde muchos todav\u00eda no lo son?<\/strong><\/p>\n<p>En todo el mundo la ecolog\u00eda no est\u00e1 con el promedio muy alto, es verdad, pero lo feo es ver que todos los dem\u00e1s no se ocupen, lo dif\u00edcil es que cada uno de los seres humanos que est\u00e1n alrededor tuyo no hacen las cosas que podr\u00edan hacer para generar el menor da\u00f1o, se sabe que siempre se generar\u00e0 da\u00f1o y hay que minimizarlo. Ayer volvi de Rosario hacia la Capital y miraba un basural tremendo, un mont\u00f2n de bolsas de pl\u00e1stico volando, apenas atin\u00e8 a decir\u201cqu\u00e8 l\u00e1stima!, si nosotros recicl\u00e1ramos, habr\u00eda un basural distinto, si nosotros pudi\u00e9ramos separar la comida habr\u00eda m\u00e1s tierra f\u00e9rtil\u201d. Pero es muy dif\u00edcil luchar contra las corporaciones y todos los que hacen el negocio, a los que hacen la bolsita no les va a gustar mucho que les digas\u201cno la hagas\u201d, todos luchan por su negocio, pero cada uno en su hogar puede hacer un mont\u00f3n de cosas.<\/p>\n<p><a href=\"http:\/\/www.noticias1440.com.ar\/wp-content\/uploads\/2015\/06\/Elena-Roger-Foto-Agencia-Punto-Tiff-junio-2015-A02.jpg\"><img loading=\"lazy\" decoding=\"async\" class=\" size-medium wp-image-867 alignright\" src=\"http:\/\/www.noticias1440.com.ar\/wp-content\/uploads\/2015\/06\/Elena-Roger-Foto-Agencia-Punto-Tiff-junio-2015-A02-259x300.jpg\" alt=\"Elena Roger (Foto Agencia Punto Tiff - junio 2015 A02)\" width=\"259\" height=\"300\" srcset=\"https:\/\/noticias1440.com.ar\/wp-content\/uploads\/2015\/06\/Elena-Roger-Foto-Agencia-Punto-Tiff-junio-2015-A02-259x300.jpg 259w, https:\/\/noticias1440.com.ar\/wp-content\/uploads\/2015\/06\/Elena-Roger-Foto-Agencia-Punto-Tiff-junio-2015-A02.jpg 357w\" sizes=\"auto, (max-width: 259px) 100vw, 259px\" \/><\/a><\/p>\n<p><strong>\u00bfC\u00f2mo ves la concientizaci\u00f3n sobre este aspecto ambiental? <\/strong><\/p>\n<p>La verdad que quiero ser siempre positiva, pero pensaba desde que ten\u00eda quince a\u00f1os cuando un poco empec\u00e9 a contactarme a fondo con todos estos temas ambientales, los tiempos en los que estaba en un grupo de la Fundaci\u00f2n Vida Silvestre, que cuidaba la Costanera y la Reserva Ecol\u00f2gica, todo eso, que ahora siento que tengo 40 a\u00f1os, pero que en todos estos a\u00f1os se ha avanzado muy poco. Siento como que nos siguen importando much\u00edsimo m\u00e0s otras cosas, la verdad es esa, puede tratarse de una cuesti\u00f3n cultural, pero tiene tambi\u00e9n que ver con los medios y con cada uno de nosotros. Como cuando hablamos de pol\u00edtica, ah\u00ec dec\u00eds \u201cc\u00f2mo puede ser que los pol\u00edticos sean tan,tan corruptos\u201d,pero bueno, ellos no son de Marte,son argentinos, igual que nosotros, no voy a decir que los medios\u2026si la gente no pide tambi\u00e9n, los medios no dan y si los medios no dan, la gente no pide. Es casi un laberinto sin principio ni fin.<\/p>\n<p><strong>\u00bfLos m\u00e0s peque\u00f1os son los mejores receptores del mensaje?<\/strong><\/p>\n<p>S\u00ec, seguramente. Creo seriamente que si nuestra generaci\u00f3n no hace un click ahora, si los que vivimos ahora en este planeta no modificamos radicalmente las cosas, la verdad, pobres chicos. O sea, les vamos a dejar\u2026nada. Pero bueno,este problema no es el planeta en realidad,porque el planeta una vez que todos nosotros estemos muertos va a estar feliz, quiero decir,la tierra despu\u00e8s se acomodar\u00e0 y se reacomodar\u00e0,el asunto es que nosotros podamos seguir disfrutando de la naturaleza, los animales, todo lo que nos da la Tierra, de respetar. Esto tiene que ver con un respeto hacia la Tierra como el que debemos tener al pr\u00f3jimo, primero hacia nosotros, despu\u00e9s a los animales y luego a la Tierra. Imagin\u00e0, hay guerras todav\u00eda, nos estamos preocupando todav\u00eda por un pedazo de tierra para ver de qui\u00e8n es, entonces c\u00f2mo vamos a cuidar este planeta?&#8230;<\/p>\n<p>&nbsp;<\/p>\n<p>&nbsp;<\/p>\n<p>&nbsp;<\/p>\n","protected":false},"excerpt":{"rendered":"<p>La actriz , cantante y realizadora documental es la principal jurado del 5to\u201cGreen Film Fest\u201d y en una de sus escasas pausas profesionales, la estrella internacional habl\u00f2 a fondo con Noticias1440 sobre diversos aspectos.<\/p>\n","protected":false},"author":1,"featured_media":861,"comment_status":"closed","ping_status":"open","sticky":false,"template":"","format":"standard","meta":{"footnotes":""},"categories":[10],"tags":[],"class_list":["post-858","post","type-post","status-publish","format-standard","has-post-thumbnail","hentry","category-cine-y-teatro"],"_links":{"self":[{"href":"https:\/\/noticias1440.com.ar\/index.php?rest_route=\/wp\/v2\/posts\/858","targetHints":{"allow":["GET"]}}],"collection":[{"href":"https:\/\/noticias1440.com.ar\/index.php?rest_route=\/wp\/v2\/posts"}],"about":[{"href":"https:\/\/noticias1440.com.ar\/index.php?rest_route=\/wp\/v2\/types\/post"}],"author":[{"embeddable":true,"href":"https:\/\/noticias1440.com.ar\/index.php?rest_route=\/wp\/v2\/users\/1"}],"replies":[{"embeddable":true,"href":"https:\/\/noticias1440.com.ar\/index.php?rest_route=%2Fwp%2Fv2%2Fcomments&post=858"}],"version-history":[{"count":5,"href":"https:\/\/noticias1440.com.ar\/index.php?rest_route=\/wp\/v2\/posts\/858\/revisions"}],"predecessor-version":[{"id":875,"href":"https:\/\/noticias1440.com.ar\/index.php?rest_route=\/wp\/v2\/posts\/858\/revisions\/875"}],"wp:featuredmedia":[{"embeddable":true,"href":"https:\/\/noticias1440.com.ar\/index.php?rest_route=\/wp\/v2\/media\/861"}],"wp:attachment":[{"href":"https:\/\/noticias1440.com.ar\/index.php?rest_route=%2Fwp%2Fv2%2Fmedia&parent=858"}],"wp:term":[{"taxonomy":"category","embeddable":true,"href":"https:\/\/noticias1440.com.ar\/index.php?rest_route=%2Fwp%2Fv2%2Fcategories&post=858"},{"taxonomy":"post_tag","embeddable":true,"href":"https:\/\/noticias1440.com.ar\/index.php?rest_route=%2Fwp%2Fv2%2Ftags&post=858"}],"curies":[{"name":"wp","href":"https:\/\/api.w.org\/{rel}","templated":true}]}}