{"id":811,"date":"2015-05-26T00:48:32","date_gmt":"2015-05-26T00:48:32","guid":{"rendered":"http:\/\/www.noticias1440.com.ar\/?p=811"},"modified":"2015-05-26T00:52:03","modified_gmt":"2015-05-26T00:52:03","slug":"richard-coleman-rompe-el-silencio-oficial-estamos-preparando-un-homenaje-a-gustavo-para-tocar-el-21-de-junio-en-el-planetario","status":"publish","type":"post","link":"https:\/\/noticias1440.com.ar\/?p=811","title":{"rendered":"Richard Coleman rompe el silencio oficial: \u201cEstamos preparando un show homenaje a Gustavo para tocar el pr\u00f2ximo 21 de Junio en el Planetario\u201d"},"content":{"rendered":"<p>En la primera entrevista oficial relacionada con este particular tema, el gran guitarrista argentino habl\u00f2 de\u00a0este evento sobre Cerati al aire libre, su pr\u00f3ximo show solista, su tarea creativa en el mundo del cine y otros temas de actualidad.<\/p>\n<p><!--more--><a href=\"http:\/\/www.noticias1440.com.ar\/wp-content\/uploads\/2015\/05\/Richard-Coleman-Portada-Interior-Paul-David-Focus-Noticias-1440-A01.jpg\"><img loading=\"lazy\" decoding=\"async\" class=\" size-medium wp-image-813 aligncenter\" src=\"http:\/\/www.noticias1440.com.ar\/wp-content\/uploads\/2015\/05\/Richard-Coleman-Portada-Interior-Paul-David-Focus-Noticias-1440-A01-300x225.jpg\" alt=\"Richard Coleman (Portada Interior -Paul David Focus Noticias 1440 A01)\" width=\"300\" height=\"225\" srcset=\"https:\/\/noticias1440.com.ar\/wp-content\/uploads\/2015\/05\/Richard-Coleman-Portada-Interior-Paul-David-Focus-Noticias-1440-A01-300x225.jpg 300w, https:\/\/noticias1440.com.ar\/wp-content\/uploads\/2015\/05\/Richard-Coleman-Portada-Interior-Paul-David-Focus-Noticias-1440-A01.jpg 402w\" sizes=\"auto, (max-width: 300px) 100vw, 300px\" \/><\/a><\/p>\n<p><strong>Por Gabriel Imparato <\/strong><\/p>\n<p><strong>(Capital Federal \u2013 Lunes 25 de Mayo de 2015)<\/strong> Lo que parec\u00eda en verdad un farragoso e interminable carrousel de versiones sin confirmar, finalmente dej\u00f3 de ser rumor y ahora al ocurrir lo inesperado, finalmente puede aseverarse que el pr\u00f3ximo s\u00e1bado 21 de junio se llevar\u00e0 a cabo un homenaje al m\u00fasico argentino Gustavo Cerati, artista fallecido el pasado jueves 4 de septiembre de 2014 a las 9:30AM, espect\u00e1culo al aire libre en el Planetario de Buenos Aires del que tomar\u00e0n parte varios m\u00fasicos que tocaron en la gran banda solista que el l\u00edder y guitarrista de Soda St\u00e8reo, un show con varios cantantes invitados. Estos y otros datos fueron suministrados por Richard Coleman, legendario violero que trabaj\u00f2 con Cerati en los \u00faltimos 30 a\u00f1os en distintas situaciones art\u00edsticas. \u201cNo sab\u00e8s lo que fueron los primeros ensayos\u201d, explica Coleman a Noticias1440 durante una charla exclusiva en una pizzer\u00eda de Colegiales, \u201cera ensayar y luego ponerse a llorar, una cosa muy dura\u201d,se sincera el fant\u00e1stico guitarrista argentino. \u201cNo pod\u00ecamos comentar nada hasta el momento pero hoy me dieron la autorizaci\u00f3n para hablar del tema, incluso decid\u00ec hacerlo al ver que en algunas redes sociales se hab\u00eda filtrado la informaci\u00f3n y hab\u00edan publicado una gran cantidad de datos err\u00f3neos, esta semana se dar\u00e0 la comunicaci\u00f3n oficial, por lo tanto me parece normal ya empezar a hablar y confirmar que estamos preparando el homenaje a Gustavo para el 21 de junio\u201d. Con un caf\u00e9 en jarrito cerca de la ventana y una gafas que lo protejen del sol, Richard Coleman aprovech\u00f2 una entrevista con esta agencia por su concierto del pr\u00f3ximo s\u00e1bado en LaTrastiendaClub a las 21 horas, lugar donde recorrer\u00e0 las canciones de su \u00faltimo disco\u201cIncandescente\u201dy otras composiciones, un concierto que ya no ser\u00e1 calificado en la charla como despedida de este \u00e1lbum, pues el espect\u00e1culo en cuesti\u00f3n es actualmente un extenso repaso de toda su carrera solista. Relajado y de muy buen humor Richard Coleman respondi\u00f3 las siguientes consultas:<\/p>\n<p><strong>\u00bfC\u00f2mo tomaste la decisi\u00f3n que la canci\u00f3n \u201cCorre la voz\u201ddel disco\u201cIncandescente\u201d en la que participa Skay Beilinson tuviese un videoclip de respaldo en los canales de emisi\u00f3n tradicional?<\/strong><\/p>\n<p>Bueno, b\u00e1sicamente un poquito por la devoluci\u00f3n que ha tenido la canci\u00f3n, ella estaba seleccionada desde un principio como una de las canciones que pod\u00eda potencialmente ser un corte, por la sonoridad, estribillo, etc. Es una canci\u00f3n que est\u00e0 buena en realidad, llegado el caso que surgi\u00f3 la posibilidad de hacer un nuevo corte de\u201cIncandescente\u201d, al notar que pod\u00ecamos asegurar la continuidad del disco, coment\u00e8 que estaba respondiendo muy bien el p\u00fablico a esa canci\u00f3n en vivo, que la gente se excita mucho y conven\u00eda en ese caso\u201cseguirle la corriente\u201d, me pareci\u00f3 que estaba bien eso. El videoclip me gusta como qued\u00f3, tiene un concepto muy sencillo, muy claro, qued\u00f3 muy lindo y no tard\u00e8 mucho en filmarlo, odio hacer videos y todo eso, el video es una buena reflexi\u00f3n visual de la canci\u00f3n, me gusta como qued\u00f3.<\/p>\n<p><strong>\u00bfHas sido de proponerle a alg\u00fan videasta ciertas ideas para ilustrar alguna canci\u00f3n?<\/strong><\/p>\n<p>S\u00ec..a ver, depende, alguna vez s\u00ec para tener todo resuelto, en general termino tir\u00e1ndole la manera de hacerlo, para hacerla corta. No me gustan los videos, no me parece que sea la manera de hacer llegar la canci\u00f3n a alguien que escucha canciones, en cambio si eso es para tv, es otro tema, es muy larga la discusi\u00f3n, a veces le he pasado algunas ideas sencillas al realizador, para que no se vaya por las ramas, alguna vez alguna cosa m\u00e0s complicada para no hacerla imposible surge eso.<\/p>\n<p><strong>\u00bfCu\u00e0l record\u00e0s que fue tu primer videoclip en el mundo musical?<\/strong><\/p>\n<p>\u201cFricci\u00f2n\u201dtuvo un video del tema\u201cH\u00e8roes\u201d, pero era un clip en vivo, realmente un video clip con im\u00e1genes fuera de la banda tocando ocurri\u00f3 reci\u00e9n con\u201cLos Siete Delfines\u201d, en la canci\u00f3n\u201cTuyo\u201d, all\u00e0 por 1993.<\/p>\n<p><a href=\"http:\/\/www.noticias1440.com.ar\/wp-content\/uploads\/2015\/05\/Richard-Coleman-Foto-RC-Vicky-Zapata-Mayo-2015-A001.jpg\"><img loading=\"lazy\" decoding=\"async\" class=\" size-medium wp-image-814 aligncenter\" src=\"http:\/\/www.noticias1440.com.ar\/wp-content\/uploads\/2015\/05\/Richard-Coleman-Foto-RC-Vicky-Zapata-Mayo-2015-A001-300x275.jpg\" alt=\"Richard Coleman (Foto RC Vicky Zapata - Mayo 2015 A001)\" width=\"300\" height=\"275\" srcset=\"https:\/\/noticias1440.com.ar\/wp-content\/uploads\/2015\/05\/Richard-Coleman-Foto-RC-Vicky-Zapata-Mayo-2015-A001-300x275.jpg 300w, https:\/\/noticias1440.com.ar\/wp-content\/uploads\/2015\/05\/Richard-Coleman-Foto-RC-Vicky-Zapata-Mayo-2015-A001.jpg 388w\" sizes=\"auto, (max-width: 300px) 100vw, 300px\" \/><\/a><\/p>\n<p><strong>\u00bfEste show en La Trastienda es la despedida de\u201cIncandescente\u201d?<\/strong><\/p>\n<p>\u201cDebut y despedida\u201d, en realidad\u201cIncandescente\u201dalgunos shows que ya se integr\u00f2 al repertorio, ya no se presenta m\u00e0s el disco, eso lo hicimos el a\u00f1o pasado, en realidad inclusive, la \u00fanica vez que se toc\u00f2 entero el \u00e1lbum en un show fue en La Trastienda, a partir de ah\u00ec lo empec\u00e9 a integrar al show, inclusive en el Teatro Opera\u201cIncandescente\u201d era una parte importante pero no era lo central del espect\u00e1culo o basado en eso, pero la lista ahora es una revisi\u00f3n m\u00e0s abarcativa en alg\u00fan momento de mi carrera, est\u00e0 bueno, es bastante m\u00e0s entretenido.<\/p>\n<p><strong>\u00bfC\u00f2mo quedaron esos\u201cguitarrazos\u201daislados que hiciste a fines de 2014?<\/strong><\/p>\n<p>Eso est\u00e0 bueno, hicimos esas performances con Body, el tecladista de la banda, que es un multi-instrumentista de la banda, me acompa\u00f1a en algunos temas, estuve en el Gran Buenos Aires, Ramos Mej\u00eca, Quilmes, alg\u00fan otro lugar que no quiero mentir, inclusive fuimos a Santiago de Chile, estuvo buen\u00edsimo, la verdad que ese formato siempre me da satisfacciones, es un estilo de show que no es pretencioso, est\u00e0 apuntado a cierta intimidad o un espacio para poca gente, en la cual hay un ida y vuelta muy mediato, los veo y es algo mucho m\u00e0s suelto, es muy simp\u00e1tico.<\/p>\n<p><strong>\u00bfEst\u00e0s en plan o fase de preparar lo que ser\u00e1 tu nuevo disco solista?<\/strong><\/p>\n<p>S\u00ec, no tengo nada armado, ahora estoy bocetando, hace algunas semanas que ya estoy trabajando en mi casa, diariamente un rato trabajando en el estudio, busc\u00e1ndole la punta al ovillo, ya tengo el estudio armado en mi casa y estoy trabajando c\u00f2mo ah\u00ec, no corro con la presi\u00f3n del tiempo ni ninguna otra clase de presi\u00f3n, decid\u00ec que n\u00f2, decid\u00ec que n\u00f2, en su momento me hab\u00eda puesto un \u201cdeadline\u201dde presi\u00f3n pero decid\u00ec aflojarlo porque no tengo ganas de estar con una presi\u00f3n, quiero encontrarle la vuelta a algo que disfrute y tenga ganas de hacer, sin apurarme al llevarlo a cabo.<\/p>\n<p><a href=\"http:\/\/www.noticias1440.com.ar\/wp-content\/uploads\/2015\/05\/Richard-Coleman-Foto-RC-German-Saez-Mayo-2015-A001.jpg\"><img loading=\"lazy\" decoding=\"async\" class=\" size-medium wp-image-815 alignleft\" src=\"http:\/\/www.noticias1440.com.ar\/wp-content\/uploads\/2015\/05\/Richard-Coleman-Foto-RC-German-Saez-Mayo-2015-A001-300x227.jpg\" alt=\"Richard Coleman (Foto RC German Saez Mayo 2015 A001)\" width=\"300\" height=\"227\" srcset=\"https:\/\/noticias1440.com.ar\/wp-content\/uploads\/2015\/05\/Richard-Coleman-Foto-RC-German-Saez-Mayo-2015-A001-300x227.jpg 300w, https:\/\/noticias1440.com.ar\/wp-content\/uploads\/2015\/05\/Richard-Coleman-Foto-RC-German-Saez-Mayo-2015-A001.jpg 392w\" sizes=\"auto, (max-width: 300px) 100vw, 300px\" \/><\/a><\/p>\n<p><strong>\u00bfTampoco est\u00e0s haciendo ninguna continuaci\u00f3n de \u201cSong is a song\u201d?<\/strong><\/p>\n<p>N\u00f2, \u201cSong is a song\u201des un proyecto que est\u00e0 ah\u00ec suspendido, el famoso\u201cVolumen 2\u201d vendr\u00e0 cuando tenga ganas, digamos, son cosas que se van haciendo en la medida en que uno tenga la necesidad y ahora no tengo la necesidad, hoy no quiero hacer otro disco de covers, quiero componer lo m\u00eco m\u00e0s que revisionar lo de los otros.<\/p>\n<p><strong>\u201cIncandescente\u201dya termin\u00f2 su ciclo de presentaci\u00f3n y est\u00e0 incorporado al listado de los temas que toc\u00e0s en vivo. \u00bfCu\u00e0l es la lectura que hac\u00e8s ahora en esta etapa?<\/strong><\/p>\n<p>Mir\u00e0, la verdad siento que a partir de este disco uno percibe que todo llega junto, tengo una mayor exposici\u00f3n, una mayor respuesta de p\u00fablico, inclusive los medios me est\u00e1n reproduciendo un poco m\u00e0s, en las radios se escucha un poco m\u00e0s mi m\u00fasica, eso est\u00e0 b\u00e1rbaro y me halaga mucho.<\/p>\n<p><strong>Hubo una reconsideraci\u00f2n de tu obra como solista.<\/strong><\/p>\n<p>Puede ser, es una buena manera de ponerlo, es una reconsideraci\u00f3n de mi obra, m\u00e0s all\u00e0 de las bandas, la trayectoria y blah, blah, blah, se trataba de que las canciones sonaran, yo creo que eso es lo m\u00e0s importante, las canciones est\u00e1n pesando por s\u00ec mismas, y yo voy \u201cprendido\u201d(risas)a las canciones porque las toco.<\/p>\n<p><a href=\"http:\/\/www.noticias1440.com.ar\/wp-content\/uploads\/2015\/05\/Richard-Coleman-Foto-RC-German-Saez-Mayo-2015-A003.jpg\"><img loading=\"lazy\" decoding=\"async\" class=\" size-medium wp-image-817 alignright\" src=\"http:\/\/www.noticias1440.com.ar\/wp-content\/uploads\/2015\/05\/Richard-Coleman-Foto-RC-German-Saez-Mayo-2015-A003-300x224.jpg\" alt=\"Richard Coleman (Foto RC German Saez Mayo 2015 A003)\" width=\"300\" height=\"224\" srcset=\"https:\/\/noticias1440.com.ar\/wp-content\/uploads\/2015\/05\/Richard-Coleman-Foto-RC-German-Saez-Mayo-2015-A003-300x224.jpg 300w, https:\/\/noticias1440.com.ar\/wp-content\/uploads\/2015\/05\/Richard-Coleman-Foto-RC-German-Saez-Mayo-2015-A003.jpg 401w\" sizes=\"auto, (max-width: 300px) 100vw, 300px\" \/><\/a><\/p>\n<p><strong>\u00bfQu\u00e8 es m\u00e0s divertido en este momento? \u00bfComponer sin presi\u00f3n o salir a tocar?<\/strong><\/p>\n<p>Sin lugar a dudas, es salir a tocar, salir a tocar en vivo, estoy ansioso por hacer ese show en La Trastienda, es lo que m\u00e0s me gusta, lo que m\u00e0s disfruto, todo lo dem\u00e1s es muy hermoso, cuando cerr\u00e8 la puerta, es un lindo proceso, pero la cosa est\u00e0 en el show en vivo.<\/p>\n<p><strong>\u00bfBarajaste algunas tareas alternativas para esta parte de tu trabajo?<\/strong><\/p>\n<p>Mir\u00e0, ahora se va a estrenar una pel\u00edcula en la cual yo hice la m\u00fasica, el film se llama\u201cLa muerte juega a los dados\u201d, en eso estuve trabajando todo el a\u00f1o pasado, la pel\u00edcula de Mart\u00ecn Riwnyj, es una coronaci\u00f3n a todo ese trabajo, es la primera vez que hago una banda de sonido de un largometraje,es una productora nueva (Super Urban Producciones),\u00a0\u00a0 \u00a0\u00a0\u00a0\u00a0\u00a0\u00a0\u00a0\u00a0\u00a0\u00a0\u00a0\u00a0\u00a0\u00a0\u00a0\u00a0\u00a0\u00a0es una comedia negra, semi-policial\u2026te cuento el final?(risas), muy entretenida y ellos me pidieron hacer el soundtrack, la m\u00fasica incidental, la parte de canci\u00f3n, lo que acompa\u00f1a a la pel\u00edcula mientras hay acci\u00f3n y la canci\u00f3n de cierre.<\/p>\n<p><strong>\u00bfQu\u00e9 tipo de m\u00fasica pusiste ah\u00ec?<\/strong><\/p>\n<p>Carnavalito a full(risas), entiendo porque lo pregunt\u00e0s, pero uno trabaja en base a la necesidad del director, ese es el desaf\u00edo y lo m\u00e0s lindo, no es que hago lo que a m\u00ec se me ocurre, bueno, la canci\u00f3n inclusive est\u00e0 hecha a partir de lo que se me ocurre sobre el gui\u00f2n de la pel\u00edcula, sobre qu\u00e8 va la cosa, despu\u00e9s fui recurriendo a los elementos que est\u00e1n, si era una zona instrumental, selv\u00e1tica iba una bossanova y tengo una canci\u00f3n que se llama\u201cLa muerte juega a los dados\u201d, as\u00ec es. No tengo previsto tocarla en vivo todav\u00eda, pero en un par de meses la canci\u00f3n ya va a estar circulando en youtube, con un video adhoc.<\/p>\n<p><a href=\"http:\/\/www.noticias1440.com.ar\/wp-content\/uploads\/2015\/05\/Richard-Coleman-Foto-RC-German-Saez-Mayo-2015-A004.jpg\"><img loading=\"lazy\" decoding=\"async\" class=\" size-medium wp-image-819 alignleft\" src=\"http:\/\/www.noticias1440.com.ar\/wp-content\/uploads\/2015\/05\/Richard-Coleman-Foto-RC-German-Saez-Mayo-2015-A004-300x200.jpg\" alt=\"Richard Coleman (Foto RC German Saez Mayo 2015 A004)\" width=\"300\" height=\"200\" srcset=\"https:\/\/noticias1440.com.ar\/wp-content\/uploads\/2015\/05\/Richard-Coleman-Foto-RC-German-Saez-Mayo-2015-A004-300x200.jpg 300w, https:\/\/noticias1440.com.ar\/wp-content\/uploads\/2015\/05\/Richard-Coleman-Foto-RC-German-Saez-Mayo-2015-A004.jpg 452w\" sizes=\"auto, (max-width: 300px) 100vw, 300px\" \/><\/a><\/p>\n<p><strong>\u00bfPens\u00e0s que esa banda de sonido alg\u00fan sello puede publicarla como un soundtrack?<\/strong><\/p>\n<p>N\u00f2, no lo considero realmente interesante, es la m\u00fasica que acompa\u00f1a la acci\u00f3n, no creo que sea tanto.<\/p>\n<p><strong>Es algo muy lindo que te llamen como soundtarcker. \u00bfAlguna vez te convocaron como actor?<\/strong><\/p>\n<p>Hago un peque\u00f1o cameo en la pel\u00edcula, tuve una experiencia relativamente importante en los ochentas, pero la filmaci\u00f3n se suspendi\u00f3, llegu\u00e8 a hacer la prueba, cuando estaba por hacerse la pel\u00edcula todo se cay\u00f2, despu\u00e9s hice una participaci\u00f2n en una pel\u00edcula que se llama\u201cLos No Muertos\u201d, se estren\u00f2 en el c\u00ecrculo under en los noventas, tambi\u00e9n ah\u00ec hago de vampiro(risas).<\/p>\n<p><strong>\u00bfEs un cine que estando en casa pueden con tu mujer llegar a ver?\u00a0\u00a0\u00a0\u00a0\u00a0\u00a0 \u00a0\u00a0\u00a0\u00a0\u00a0\u00a0\u00a0<\/strong><\/p>\n<p>Es una pel\u00edcula que yo no la v\u00ec terminada, s\u00e8 que tuvo una difusi\u00f3n muy peque\u00f1a, pero no s\u00e8 si me gusta tanto la idea de actuar, es algo muy cansador la c\u00e1mara, no le tengo mucha paciencia, o sea, tengo paciencia, soy un tipo muy adorable, a veces me felicitan, pero eso no me devuelve nada especial, no, me gustan otras cosas. No es la puntillosidad de toda la filamci\u00f2n sino que en s\u00ec apunto m\u00e0s a que no me devuelve lo que anhelo, la devoluci\u00f3n no me genera eso, no es lo m\u00eco, es otra cosa, no me gratifica. No es lo m\u00eco.<\/p>\n<p><strong>Esta semana se relanzaron vinilos famosos del rock argentino. Vos ten\u00e8s vinilos con Fricci\u00f2n hasta los\u201980.<\/strong><\/p>\n<p>Los Siete Delfines lleg\u00f3 a salir en la \u00faltima tirada de vinilos para todo el pa\u00eds, eso fue en el a\u00f1o 1992, despu\u00e9s se cerr\u00f2 la f\u00e0brica, alguien debe tener el vinilo de ese \u00e1lbum.<\/p>\n<p><strong>\u00bfTuviste ganas que esos discos posteriores vieran la luz en ese formato?\u00a0\u00a0\u00a0\u00a0\u00a0\u00a0\u00a0\u00a0 <\/strong><\/p>\n<p>Mir\u00e0, tengo algunos sentimientos encontrados, porque me parece que hoy hay mucho snobismo con el vinilo, es una bella pieza art\u00edstica, un vinilo lo pod\u00e8s ver asi, porque la tapa es linda, es un objeto grande, lindo, de tener, pero realmente yo le escapo siempre a esas cosas del snobismo realmente, sab\u00e8s que es lo que me pasa con algunas m\u00f9sicas o algunas bandas, me gustan algunas bandas pero no me gusta el p\u00fablico que tienen, eso me aleja. El\u201cregreso del vinilo\u201d(mueve sus dedos haciendo comillas), a m\u00ec me pas\u00f2 eso al ver al\u201cfundamentalista del vinilo\u201d, no s\u00e8.<\/p>\n<p><a href=\"http:\/\/www.noticias1440.com.ar\/wp-content\/uploads\/2015\/05\/Richard-Coleman-Foto-RC-Vicky-Zapata-Mayo-2015-A001.jpg\"><img loading=\"lazy\" decoding=\"async\" class=\" size-medium wp-image-814 alignright\" src=\"http:\/\/www.noticias1440.com.ar\/wp-content\/uploads\/2015\/05\/Richard-Coleman-Foto-RC-Vicky-Zapata-Mayo-2015-A001-300x275.jpg\" alt=\"Richard Coleman (Foto RC Vicky Zapata - Mayo 2015 A001)\" width=\"300\" height=\"275\" srcset=\"https:\/\/noticias1440.com.ar\/wp-content\/uploads\/2015\/05\/Richard-Coleman-Foto-RC-Vicky-Zapata-Mayo-2015-A001-300x275.jpg 300w, https:\/\/noticias1440.com.ar\/wp-content\/uploads\/2015\/05\/Richard-Coleman-Foto-RC-Vicky-Zapata-Mayo-2015-A001.jpg 388w\" sizes=\"auto, (max-width: 300px) 100vw, 300px\" \/><\/a><\/p>\n<p><strong>\u00bfPensaste que\u201cIncandescente\u201dse merec\u00eda al final una edici\u00f3n en vinilo? <\/strong><\/p>\n<p>Me imagino que s\u00ec, yo en alg\u00fan momento lo pens\u00e9 para alg\u00fan momento, es muy lindo hacer una tirada limitada, te dec\u00eda porque el objeto es bello, la tapa es linda, es algo muy grande, pero es tan costoso que\u201cme la baja\u201d, para decirlo en criollo, no me parece que sea necesario para meterse en todo eso, ya te digo, en este momento eso ser\u00eda como un hecho snob, no le encuentro fundalmento alguno. Tampoco me interesa llegar a ese p\u00fablico que pueda interesarse en mi m\u00fasica, solo por el hecho que lo publiqu\u00e8 en vinilo. No creo que sea p\u00fablico eso. Tal vez lo que diga pueda jugarme en contra.<\/p>\n<p><strong>\u00bfQui\u00e8n o qu\u00e8 es un \u201cfundamentalista del vinilo\u201d?<\/strong><\/p>\n<p>\u201cComo el vinilo no suena nada\u201dte dicen\u2026mir\u00e0, el vinilo suena bien en condiciones \u00f2ptimas, que son r\u00e8 dif\u00edciles de conseguir, yo como artista y como m\u00fasico s\u00e8 en qu\u00e8 condiciones quiero que se escuche mi m\u00fasica, entonces por tener el vinilo y el equipo no te hace escuchar mejor la m\u00fasica, la m\u00fasica la escuch\u00e0s bien si te interesa escucharla, no si te interesa exhibir tu colecci\u00f3n, de cualquier manera el coleccionista tiene algo lindo, a m\u00ec me gusta algo del coleccionismo, me interesa m\u00e0s el mel\u00f3mano que el coleccionista, es el tipo que le gusta escuchar m\u00fasica, al otro la ceremonia, est\u00e0 bien, peo hay algo que me aleja del vinilo y no s\u00e8 bien qu\u00e8 es. El snobismo ante todo, casi toda la gente que conozco, no me interesa, es lo que te dec\u00eda reci\u00e9n, no me estoy contradiciendo, o sea, lo que me aleja del formato es el p\u00fablico que lo utiliza o consume.<\/p>\n<p><strong>\u00bf\u201dIncandescente\u201dsent\u00eds que propuso al oyente otro tipo de escucha para tu m\u00fasica?\u00a0\u00a0\u00a0\u00a0\u00a0\u00a0 \u00a0\u00a0\u00a0\u00a0\u00a0\u00a0\u00a0<\/strong><\/p>\n<p>(Asiente con la cabeza), S\u00ec, creo que es un disco que primero..s\u00e8 desde el principio que est\u00e0 planteado como un disco de canciones mucho m\u00e0s directa a lo que est\u00e0 acostumbrada la gente que sigue mi carrera, fue un trabajo que me propuse y que llev\u00e8 adelante, con la supervisi\u00f3n de Alejandro V\u00e0zquez en la producci\u00f3n,entonces por ese lado s\u00ec, ese objetivo se logr\u00f3, canciones m\u00e0s directas, un gancho que por ah\u00ec est\u00e0 trabajado y elaborado para que con una primera escucha de la canci\u00f3n te enganche y puedas acceder a los distintos niveles que tiene la canci\u00f3n, as\u00ec que digamos que el \u00e9nfasis est\u00e0 puesto en eso, en que las canciones sean m\u00e0s importantes que el int\u00e8rprete, me inter\u00e9s\u00f2 que la canci\u00f3n fuera la estrella y no que trascienda el int\u00e8rprete, yo soy quien las canta, pero sucedi\u00f3 primero eso de que la gente escucha la canci\u00f3n y despu\u00e9s se pregunte quien es, eso me interesaba mucho, n\u00f2 que se escuchara como\u201clo nuevo de Coleman\u201d, sino que se escuche una canci\u00f3n nueva y despu\u00e9s llegue a m\u00ec por eso.<\/p>\n<p><a href=\"http:\/\/www.noticias1440.com.ar\/wp-content\/uploads\/2015\/05\/Richard-Coleman-Foto-RC-German-Saez-Mayo-2015-A001.jpg\"><img loading=\"lazy\" decoding=\"async\" class=\" size-medium wp-image-815 alignleft\" src=\"http:\/\/www.noticias1440.com.ar\/wp-content\/uploads\/2015\/05\/Richard-Coleman-Foto-RC-German-Saez-Mayo-2015-A001-300x227.jpg\" alt=\"Richard Coleman (Foto RC German Saez Mayo 2015 A001)\" width=\"300\" height=\"227\" srcset=\"https:\/\/noticias1440.com.ar\/wp-content\/uploads\/2015\/05\/Richard-Coleman-Foto-RC-German-Saez-Mayo-2015-A001-300x227.jpg 300w, https:\/\/noticias1440.com.ar\/wp-content\/uploads\/2015\/05\/Richard-Coleman-Foto-RC-German-Saez-Mayo-2015-A001.jpg 392w\" sizes=\"auto, (max-width: 300px) 100vw, 300px\" \/><\/a><\/p>\n<p><strong>\u00bfC\u00f3mo sigue tu agenda de trabajo en el segundo semestre?<\/strong><\/p>\n<p>Mir\u00e0, tengo ganas de armar un show grande para el segundo semestre para grabarlo, ver si puedo hacer una edici\u00f3n de ese vivo y todo eso, una edici\u00f3n en vivo con un dvd, vamos a ver si logro eso, mientras sigo trabajando en lo que ser\u00e1 el pr\u00f3ximo disco de estudio.<\/p>\n<p><strong>\u00bfTendr\u00ecas entonces por primera vez un \u00e1lbum en vivo?<\/strong><\/p>\n<p>S\u00ec, pero no s\u00e8 todav\u00eda, eso es lo que quiero hacer, bueno, en cuanto a lo segundo, tengo el disco en vivo de Los Siete Delfines, llamado \u201cRegio\u201d. Es un disco en vivo de 1998.<\/p>\n<p><strong>Ten\u00e8s raz\u00f3n, pero como solista ser\u00eda tu primer \u00e1lbum en ese contexto.<\/strong><\/p>\n<p>S\u00ec , como solista, pero me pasa o siento que el momento de la banda est\u00e0 muy bueno, el show que estamos llevando a cabo es b\u00e1rbaro y necesitamos tener una polaroid de lo que est\u00e0 pasando, claro. Exactamente eso.<\/p>\n<p><strong>\u00bfTe gustan los proyectos de cd-dvd en vivo publicados?<\/strong><\/p>\n<p>Mir\u00e0, dvd mucho no consumo y disco en vivo, a ver\u2026no s\u00e8 que decirte, algunos discos en vivo me gustan mucho, el de Led Zeppelin es hermos\u00edsimo, pero n\u00f2 el viejo, sino la reuni\u00f3n del a\u00f1o 2007, es un discazo, hay muchas canciones que me gustan m\u00e0s ah\u00ec que en las versiones originales, as\u00ec que eso es lindo, me gusta del disco de David Gilmour en vivo, me parece genial y las versiones que hace de Pink Floyd en vivo, despu\u00e9s de ac\u00e0 no recuerdo un disco en vivo \u00faltimamente.<\/p>\n<p><a href=\"http:\/\/www.noticias1440.com.ar\/wp-content\/uploads\/2015\/05\/Richard-Coleman-Foto-RC-German-Saez-Mayo-2015-A005.jpg\"><img loading=\"lazy\" decoding=\"async\" class=\" size-medium wp-image-818 aligncenter\" src=\"http:\/\/www.noticias1440.com.ar\/wp-content\/uploads\/2015\/05\/Richard-Coleman-Foto-RC-German-Saez-Mayo-2015-A005-300x199.jpg\" alt=\"Richard Coleman (Foto RC German Saez - Mayo 2015 A005)\" width=\"300\" height=\"199\" srcset=\"https:\/\/noticias1440.com.ar\/wp-content\/uploads\/2015\/05\/Richard-Coleman-Foto-RC-German-Saez-Mayo-2015-A005-300x199.jpg 300w, https:\/\/noticias1440.com.ar\/wp-content\/uploads\/2015\/05\/Richard-Coleman-Foto-RC-German-Saez-Mayo-2015-A005.jpg 429w\" sizes=\"auto, (max-width: 300px) 100vw, 300px\" \/><\/a><\/p>\n<p><strong>Se hab\u00eda se\u00f1alado en algunas agencias que los m\u00fasicos que tocaron con Gustavo Cerati le rendir\u00edan un homenaje al m\u00fasico el pasado 4 de marzo en el predio de Pampa y Alcorta. En los \u00faltimos d\u00edas el bajista Zeta Bosio habl\u00f2 con la Revista Viva y dijo que estaba preparando un gran homenaje a Gustavo para el pr\u00f3ximo 4 de septiembre. \u00bfDese\u00e0s formulas alg\u00f9n comentario sobre todo esto que acabo de mencionarte? <\/strong><\/p>\n<p>Mir\u00e0, no s\u00e8 en que anda Zeta Bosio, no s\u00e8 que hace Zeta pero vamos a hacer el homenaje a Gustavo el pr\u00f2ximo 21 de junio, es que se iba a hacer en marzo, primero se pas\u00f2 a abril y luego se pas\u00f2 a junio, la comunicaci\u00f3n oficial sale la semana que viene pero hoy ya me dijeron que se pod\u00eda hablar de eso, as\u00ec que estamos prepar\u00e1ndolo. Mucho m\u00e0s que eso no te puedo decir, con m\u00fasicos de Gustavo, pero no es la banda original, sino que es una banda hecha con los m\u00fasicos de Gustavo, el show no es en Pampa y Alcorta, ser\u00e1 en el Planetario.<\/p>\n<p><strong>\u00bfVos vas a ser el \u201clead vocal\u201dde esas canciones?\u00a0\u00a0 \u00a0\u00a0\u00a0\u00a0\u00a0\u00a0\u00a0\u00a0\u00a0\u00a0\u00a0\u00a0\u00a0\u00a0\u00a0\u00a0\u00a0\u00a0\u00a0\u00a0\u00a0\u00a0\u00a0<\/strong><\/p>\n<p>Yo voy a ser el\u201clead frazada\u201dporque me parece que va a hacer un fr\u00eco b\u00e1rbaro,n\u00f2, n\u00f2, se va a hacer con artistas invitados, con cantantes invitados, todo en funci\u00f3n que las canciones\u2026digamos, las versiones de las canciones son las instrumentales que se hicieron en la \u00faltima gira, esa son las versiones, o sea, no adaptamos las canciones a los artistas, sino que los artistas interpretan la canci\u00f3n\u201ccomo viene\u201d, eso est\u00e0 bueno, en general mi intenci\u00f3n fue llamar a cantantes y artistas que fueran del gusto de Gustavo, yo s\u00e8 que el apoyaba y aprobaba, o sea que b\u00e1sicamente pasa por ah\u00ec, el coraz\u00f3n del homenaje pasa por ah\u00ec, bueno, se hizo lo que se pudo porque las fechas y las agendas son bastante complicadas, as\u00ec que hay otros artistas que se han ofrecido gentilmente a participar y algunos de ellos estar\u00e1n ah\u00ec.<\/p>\n<p><strong>Por lo que dec\u00eds intuyo que est\u00e0s obrando como curador del proyecto.<\/strong><\/p>\n<p>Exactamente, estoy obrando como curador y director musical, aqu\u00ed el criterio fue invitar a cantantes a hacer dos canciones, n\u00f2 una, porque sino es un desfile, una kermese y nadie entiende nada, cada uno de los cantante va a cantar dos canciones, como para entrar en calor y que la gente un poco se olvide, sin que se entienda mal, se olvide del cantante y se enfoque en la canci\u00f3n, la idea es que lo que m\u00e0s prenda sea la m\u00fasica y que en este caso la canci\u00f3n supere en este caso a los int\u00e8rpretes, porque se trata de eso, de un homenaje a la obra de Gus, por eso la m\u00fasica est\u00e0 reproducida de la manera que \u00e8l eligi\u00f3 reproducirla en vivo, por ah\u00ec no son las mismas. \u00a0<\/p>\n<p><strong>\u00bfVos elegiste los temas para este espect\u00e0culo especial?\u00a0\u00a0 \u00a0<\/strong><\/p>\n<p>Exactamente, hicimos una revisi\u00f3n de la carrera solista de Gustavo, completamente, no hay temas de Soda St\u00e8reo, n\u00f2. Eleg\u00ec la parte solista, por eso al principio te dije que sobre lo de Zeta no s\u00e8 nada, a m\u00ec me pidieron hacer una cosa as\u00ec, los que me encargaron este proyecto me pidieron que hiciera todo este proceso de curaci\u00f3n y direcci\u00f3n, simplemente es eso lo que estoy llevando a cabo.\u00a0\u00a0\u00a0\u00a0<\/p>\n<p>&nbsp;<\/p>\n","protected":false},"excerpt":{"rendered":"<p>En la primera entrevista oficial relacionada con este particular tema, el gran guitarrista argentino habl\u00f2 de\u00a0este evento sobre Cerati al aire libre, su pr\u00f3ximo show solista, su tarea creativa en el mundo del cine y otros temas de actualidad.<\/p>\n","protected":false},"author":1,"featured_media":788,"comment_status":"closed","ping_status":"open","sticky":false,"template":"","format":"standard","meta":{"footnotes":""},"categories":[3],"tags":[],"class_list":["post-811","post","type-post","status-publish","format-standard","has-post-thumbnail","hentry","category-actualidad"],"_links":{"self":[{"href":"https:\/\/noticias1440.com.ar\/index.php?rest_route=\/wp\/v2\/posts\/811","targetHints":{"allow":["GET"]}}],"collection":[{"href":"https:\/\/noticias1440.com.ar\/index.php?rest_route=\/wp\/v2\/posts"}],"about":[{"href":"https:\/\/noticias1440.com.ar\/index.php?rest_route=\/wp\/v2\/types\/post"}],"author":[{"embeddable":true,"href":"https:\/\/noticias1440.com.ar\/index.php?rest_route=\/wp\/v2\/users\/1"}],"replies":[{"embeddable":true,"href":"https:\/\/noticias1440.com.ar\/index.php?rest_route=%2Fwp%2Fv2%2Fcomments&post=811"}],"version-history":[{"count":4,"href":"https:\/\/noticias1440.com.ar\/index.php?rest_route=\/wp\/v2\/posts\/811\/revisions"}],"predecessor-version":[{"id":822,"href":"https:\/\/noticias1440.com.ar\/index.php?rest_route=\/wp\/v2\/posts\/811\/revisions\/822"}],"wp:featuredmedia":[{"embeddable":true,"href":"https:\/\/noticias1440.com.ar\/index.php?rest_route=\/wp\/v2\/media\/788"}],"wp:attachment":[{"href":"https:\/\/noticias1440.com.ar\/index.php?rest_route=%2Fwp%2Fv2%2Fmedia&parent=811"}],"wp:term":[{"taxonomy":"category","embeddable":true,"href":"https:\/\/noticias1440.com.ar\/index.php?rest_route=%2Fwp%2Fv2%2Fcategories&post=811"},{"taxonomy":"post_tag","embeddable":true,"href":"https:\/\/noticias1440.com.ar\/index.php?rest_route=%2Fwp%2Fv2%2Ftags&post=811"}],"curies":[{"name":"wp","href":"https:\/\/api.w.org\/{rel}","templated":true}]}}