{"id":793,"date":"2015-05-25T23:32:22","date_gmt":"2015-05-25T23:32:22","guid":{"rendered":"http:\/\/www.noticias1440.com.ar\/?p=793"},"modified":"2015-05-25T23:42:13","modified_gmt":"2015-05-25T23:42:13","slug":"andrea-frigerio-y-su-sonado-romance-con-la-pantalla-grande-el-cine-se-me-nego-varias-veces-pense-que-no-era-para-mi","status":"publish","type":"post","link":"https:\/\/noticias1440.com.ar\/?p=793","title":{"rendered":"Andrea Frigerio y su so\u00f1ado romance con la pantalla grande: \u201c El cine se me neg\u00f3 varias veces, pens\u00e9 que no era algo realmente para m\u00ec\u201d"},"content":{"rendered":"<p>La superlativa modelo, actriz, animadora televisiva y ascendente empresaria perfumista debuta en \u201cPasaje de Vida\u201d mientras rueda con Oscar Mart\u00ecnez y Dady Brieva \u201cEl Ciudadano Ilustre\u201d.<\/p>\n<p><!--more--><a href=\"http:\/\/www.noticias1440.com.ar\/wp-content\/uploads\/2015\/05\/Andrea-Frigerio-Paul-David-Focus-Noticias1440-Portada-Interna.jpg\"><img loading=\"lazy\" decoding=\"async\" class=\" size-medium wp-image-796 aligncenter\" src=\"http:\/\/www.noticias1440.com.ar\/wp-content\/uploads\/2015\/05\/Andrea-Frigerio-Paul-David-Focus-Noticias1440-Portada-Interna-300x251.jpg\" alt=\"Andrea Frigerio (Paul David Focus - Noticias1440 Portada Interna)\" width=\"300\" height=\"251\" srcset=\"https:\/\/noticias1440.com.ar\/wp-content\/uploads\/2015\/05\/Andrea-Frigerio-Paul-David-Focus-Noticias1440-Portada-Interna-300x251.jpg 300w, https:\/\/noticias1440.com.ar\/wp-content\/uploads\/2015\/05\/Andrea-Frigerio-Paul-David-Focus-Noticias1440-Portada-Interna.jpg 427w\" sizes=\"auto, (max-width: 300px) 100vw, 300px\" \/><\/a><strong>Por Gabriel Imparato<\/strong><\/p>\n<p><strong>(Capital Federal \u2013 Lunes 25 de Mayo de 2015)<\/strong> Este jueves finalmente se estrena el film \u201cPasaje de Vida\u201d, largometraje del realizador Diego Corsini sobre experiencias familiares ocurridas sociopol\u00edticas en los agitados \u201970, una pel\u00edcula que cuenta con las actuaciones de Chino Dar\u00ecn, Carla Quevedo, Miguel Angel Sol\u00e0, Marco Caponi, Carolina Barbosa y el esperado debut de <strong>Andrea Frigerio<\/strong> en la pantalla grande. Convertida en la actualidad en una consolidada empresaria con su firma de belleza\u201cRoses Are Roses\u201d, una de las cinco legendarias modelos nacionales m\u00e0s hermosas de Argentina finalmente cumpli\u00f3 su sue\u00f1o de trabajar en cine, algo corporizado con este papel de una madre de una joven militante, tiempos en los que tambi\u00e9n aprovecha sus breves pausas para el rodaje de\u201cEl ciudadano Ilustre\u201d, film que la halla filmando en distintas locaciones su protag\u00f3nico junto a Oscar Mart\u00ecnez y Dady Brieva. A muy pocas horas del estreno de su primer papel en la pantalla grande, la consagrada modelo, actriz y animadora televisiva habl\u00f2 a solas con <strong>Noticias1440<\/strong> de toda su carrera y sobre otros temas que suelen generarle inter\u00e9s en su vida cotidiana.<\/p>\n<p><strong>En los afiches del film\u201cPasaje de vida\u201dque est\u00e1n pegados en toda la ciudad aparece muy destacado que es el\u201cdebut cinematogr\u00e0fico de Andrea Frigerio\u201d<\/strong><\/p>\n<p>Porque es verdad, es mi debut cinematogr\u00e0fico despu\u00e9s de muchos a\u00f1os, siempre \u201cestuve por\u201d\u2026pero por una raz\u00f3n o por otra pasaban cosas como que se ca\u00eca el cr\u00e9dito o decid\u00ecan no hacer esa pel\u00edcula, siempre pasaba algo y yo sent\u00eda que el cine se me negaba, dec\u00eda \u201cno ser\u00e1 para m\u00ec\u201d. Tuve posibilidades de trabajar en la televisi\u00f3n, tengo, en el teatro tambi\u00e9n surge eso permanentemente pero cada vez que se trataba de cine no llegaba a buen puerto. En este caso, como cuando sucede cuando algo y ocurre s\u00ec o s\u00ec, me llamaron directamente a m\u00ec, me preguntaron si quer\u00eca hacer este especial personaje en\u201cPasaje de vida\u201d(la madre de la protagonista all\u00ec en los\u201970)y por supuesto dije que s\u00ec, entonces clarifiqu\u00e8 las cosas sobre c\u00f2mo pod\u00eda hacerlo.<\/p>\n<p><a href=\"http:\/\/www.noticias1440.com.ar\/wp-content\/uploads\/2015\/05\/Andrea-Frigerio-Film-Pasaje-De-Vida-Foto-Agencia-Raquel-Flotta.jpg\"><img loading=\"lazy\" decoding=\"async\" class=\"alignnone size-medium wp-image-798\" src=\"http:\/\/www.noticias1440.com.ar\/wp-content\/uploads\/2015\/05\/Andrea-Frigerio-Film-Pasaje-De-Vida-Foto-Agencia-Raquel-Flotta-300x170.jpg\" alt=\"Andrea Frigerio Film Pasaje De Vida (Foto Agencia Raquel Flotta)\" width=\"300\" height=\"170\" srcset=\"https:\/\/noticias1440.com.ar\/wp-content\/uploads\/2015\/05\/Andrea-Frigerio-Film-Pasaje-De-Vida-Foto-Agencia-Raquel-Flotta-300x170.jpg 300w, https:\/\/noticias1440.com.ar\/wp-content\/uploads\/2015\/05\/Andrea-Frigerio-Film-Pasaje-De-Vida-Foto-Agencia-Raquel-Flotta-220x126.jpg 220w, https:\/\/noticias1440.com.ar\/wp-content\/uploads\/2015\/05\/Andrea-Frigerio-Film-Pasaje-De-Vida-Foto-Agencia-Raquel-Flotta-460x260.jpg 460w, https:\/\/noticias1440.com.ar\/wp-content\/uploads\/2015\/05\/Andrea-Frigerio-Film-Pasaje-De-Vida-Foto-Agencia-Raquel-Flotta.jpg 637w\" sizes=\"auto, (max-width: 300px) 100vw, 300px\" \/><\/a><a href=\"http:\/\/www.noticias1440.com.ar\/wp-content\/uploads\/2015\/05\/Andrea-Frigerio-Fotos-Sitio-Web-AF-Roses-Are-Roses-000.jpg\"><img loading=\"lazy\" decoding=\"async\" class=\"alignnone size-medium wp-image-799\" src=\"http:\/\/www.noticias1440.com.ar\/wp-content\/uploads\/2015\/05\/Andrea-Frigerio-Fotos-Sitio-Web-AF-Roses-Are-Roses-000-300x198.jpg\" alt=\"Andrea Frigerio (Fotos Sitio Web AF Roses Are Roses 000)\" width=\"300\" height=\"198\" srcset=\"https:\/\/noticias1440.com.ar\/wp-content\/uploads\/2015\/05\/Andrea-Frigerio-Fotos-Sitio-Web-AF-Roses-Are-Roses-000-300x198.jpg 300w, https:\/\/noticias1440.com.ar\/wp-content\/uploads\/2015\/05\/Andrea-Frigerio-Fotos-Sitio-Web-AF-Roses-Are-Roses-000.jpg 606w\" sizes=\"auto, (max-width: 300px) 100vw, 300px\" \/><\/a><\/p>\n<p><strong>\u00bfQu\u00e8 ocurri\u00f3 cuando viste el gui\u00f2n de esta historia?<\/strong><\/p>\n<p>Inmediatamente me dieron ganas de hacerlo, me gust\u00f2 todo el gui\u00f2n, particularmente una historia verdadera digamos ficcionada y que el director fuese parte de esa historia, por lo menos en sus or\u00edgenes. Adem\u00e0s de todo eso me gust\u00f2 el personaje porque me parece que a pesar de estar poco tiempo en pantalla, es un personaje realmente muy contundente, es muy importante en la trama, incluso en el final de la pel\u00edcula uno va conociendo detalles del mismo. Como dije reci\u00e8n cuando me consultaron, cualquier madre con tal de salvar a su hija sin saber muy bien d\u00f2nde est\u00e0 parada, puede llegar a hacer realmente cualquier cosa e incluso creer que ella la est\u00e0 ayudando cuando realmente no es as\u00ec.<\/p>\n<p><strong>\u00bfQu\u00e8 recuerdos ten\u00e8s en lo personal de aqu\u00e8l tiempo del pa\u00eds?<\/strong><\/p>\n<p>Yo nac\u00ec en 1961, con lo cual en la \u00e9poca del Proceso me encontraba en la secundaria y en la universidad, fu\u00ec a la Universidad de Buenos Aires, en Ciencias Exactas, ah\u00ec ubicada en la enorme Ciudad Universitaria. De verdad no tengo mucha conciencia pol\u00edtica porque en mi casa no se hablaba del tema, se viv\u00eca como se viv\u00eda en muchas casas, hab\u00eda un clima de hostilidad pero no sab\u00eca muy bien que era aquello que estaba pasando, adem\u00e1s mi padre se encarg\u00f2 especialmente de decirme que a la Facultad iba a estudiar y punto. Yo no entend\u00eda muy bien lo que estaba diciendo, con el tiempo lo entend\u00ed. En ese momento me dijo serio\u201csi alguien se acerca y quiere hablar de pol\u00edtica o si quer\u00e8s participar, vos lev\u00e1ntate y \u00e1ndate\u201dfue el mensaje de mi padre. \u201cNo te dejes convencer, punto, vos a la Facultad vas a estudiar\u201d, en ese momento no hab\u00eda muchos argumentos del porqu\u00e8 n\u00f2. Pero quedaba el asunto as\u00ec.<\/p>\n<p><a href=\"http:\/\/www.noticias1440.com.ar\/wp-content\/uploads\/2015\/05\/Andrea-Frigerio-Fotos-Sitio-Web-AF-Roses-Are-Roses-002.jpg\"><img loading=\"lazy\" decoding=\"async\" class=\"alignnone size-medium wp-image-801\" src=\"http:\/\/www.noticias1440.com.ar\/wp-content\/uploads\/2015\/05\/Andrea-Frigerio-Fotos-Sitio-Web-AF-Roses-Are-Roses-002-300x195.jpg\" alt=\"Andrea Frigerio (Fotos Sitio Web AF Roses Are Roses 002)\" width=\"300\" height=\"195\" srcset=\"https:\/\/noticias1440.com.ar\/wp-content\/uploads\/2015\/05\/Andrea-Frigerio-Fotos-Sitio-Web-AF-Roses-Are-Roses-002-300x195.jpg 300w, https:\/\/noticias1440.com.ar\/wp-content\/uploads\/2015\/05\/Andrea-Frigerio-Fotos-Sitio-Web-AF-Roses-Are-Roses-002.jpg 476w\" sizes=\"auto, (max-width: 300px) 100vw, 300px\" \/><\/a><a href=\"http:\/\/www.noticias1440.com.ar\/wp-content\/uploads\/2015\/05\/Andrea-Frigerio-Fotos-Sitio-Web-AF-Roses-Are-Roses-001.jpg\"><img loading=\"lazy\" decoding=\"async\" class=\"alignnone size-medium wp-image-800\" src=\"http:\/\/www.noticias1440.com.ar\/wp-content\/uploads\/2015\/05\/Andrea-Frigerio-Fotos-Sitio-Web-AF-Roses-Are-Roses-001-300x199.jpg\" alt=\"Andrea Frigerio (Fotos Sitio Web AF Roses Are Roses 001)\" width=\"300\" height=\"199\" srcset=\"https:\/\/noticias1440.com.ar\/wp-content\/uploads\/2015\/05\/Andrea-Frigerio-Fotos-Sitio-Web-AF-Roses-Are-Roses-001-300x199.jpg 300w, https:\/\/noticias1440.com.ar\/wp-content\/uploads\/2015\/05\/Andrea-Frigerio-Fotos-Sitio-Web-AF-Roses-Are-Roses-001.jpg 477w\" sizes=\"auto, (max-width: 300px) 100vw, 300px\" \/><\/a><\/p>\n<p><strong>\u00bfCu\u00e0ndo interrumpiste tu circuito con la Facultad?<\/strong><\/p>\n<p>Cuando naci\u00f3 mi hijo, cuando naci\u00f3 Tom\u00e0s, yo tenia veinte a\u00f1os y all\u00ec deje la Facultad temporariamente y despu\u00e9s no volv\u00ec nunca m\u00e0s. Estaba estudiando biolog\u00eda, estudiaba esa carrera y estaba en cuarto a\u00f1o pero dej\u00e8 la carrera porque naci\u00f3 mi hijo. Despu\u00e8s empec\u00e9 a trabajar porque ten\u00eda que trabajar, dec\u00eda \u201cvoy a volver, voy a volver\u201d, pero no volv\u00ec nunca m\u00e0s, no la termin\u00e8. Hab\u00eca hecho la tercera parte de la carrera. En ese momento ten\u00eda una gran pasi\u00f3n por la biolog\u00eda y la sigo teniendo, pero hoy yo tengo un mettier secundario, que es mi lado B, que es la perfumer\u00eda, la verdad que sigo despuntando el vicio en el laboratorio, me encanta much\u00edsimo.<\/p>\n<p><strong>Fu\u00ecste modelo probablemente en la \u00e9poca dorada de la profesi\u00f3n, sin dudas.<\/strong><\/p>\n<p>Para nosotros era una profesi\u00f3n, que nos la tom\u00e0bamos muy en serio, y hoy lo veo en realidad como un modo de ganar plata f\u00e1cil, r\u00e1pido y en poco tiempo. Es algo en verdad muy macdonalizado, es algo que sucede en muy poco tiempo. Sin embargo tengo algo a favor de hoy y en contra del ayer, para m\u00ec las modelos de hoy son impersonales, con lo cual la ropa es m\u00e0s la vedette de los desfiles, no se fijan en las modelos. Nosotras cuando desfil\u00e1bamos, era que\u201cdesfilaba Andrea, desfilaba Mariana, desfilaba Ethel\u201d, desfilaba con lo que ten\u00eda puesto, entonces el foco estaba puesto en la modelo y n\u00f2 tanto en la colecci\u00f3n. Hab\u00edamos desarrollado una personalidad muy seductora y fuerte, era atractivo vernos, porque \u00e8ramos doce, siempre las mismas, o quince, pero por ejemplo cuando Gino Bogani nos hac\u00eca las colecciones ten\u00eda que hacerlo para cada una de nosotras, para distinto tipo de mujer, yo era la\u201ccl\u00e1sica y canchera\u201d, la otra era\u201cla sofisticada\u201d, otra era\u201cla jovial\u201d, en fin, como que hab\u00eda\u201ctipos de mujer\u201d, ahora todo es mucho m\u00e0s impersonal. A m\u00ec te digo, no s\u00e8 si me gusta que sea as\u00ec, que arrancan a los 14 a\u00f1os, tengo una hija de 18, en mi casa por supuesto se lo han ofrecido, la han llamado para que sea modelo pero la he tratado de convencer para que n\u00f2 y se convenci\u00f2 que no lo ser\u00e1. En realidad ocurri\u00f3 que le han ofrecido much\u00ecsimo porque\u201cFini\u201des alta como yo, lind\u00edsima, pero ella tiene otras inquietudes y esto no le llam\u00f2 la atenci\u00f3n, o m\u00e0s vale lo padeci\u00f3 con tanta exposici\u00f3n m\u00eca que ella hoy se puso a estudiar cine y c\u00e1mara.<\/p>\n<p><a href=\"http:\/\/www.noticias1440.com.ar\/wp-content\/uploads\/2015\/05\/Andrea-Frigerio-Fotos-Sitio-Web-AF-Roses-Are-Roses-003.jpg\"><img loading=\"lazy\" decoding=\"async\" class=\"alignnone size-medium wp-image-802\" src=\"http:\/\/www.noticias1440.com.ar\/wp-content\/uploads\/2015\/05\/Andrea-Frigerio-Fotos-Sitio-Web-AF-Roses-Are-Roses-003-300x223.jpg\" alt=\"Andrea Frigerio (Fotos Sitio Web AF Roses Are Roses 003)\" width=\"300\" height=\"223\" srcset=\"https:\/\/noticias1440.com.ar\/wp-content\/uploads\/2015\/05\/Andrea-Frigerio-Fotos-Sitio-Web-AF-Roses-Are-Roses-003-300x223.jpg 300w, https:\/\/noticias1440.com.ar\/wp-content\/uploads\/2015\/05\/Andrea-Frigerio-Fotos-Sitio-Web-AF-Roses-Are-Roses-003.jpg 445w\" sizes=\"auto, (max-width: 300px) 100vw, 300px\" \/><\/a><a href=\"http:\/\/www.noticias1440.com.ar\/wp-content\/uploads\/2015\/05\/Andrea-Frigerio-Fotos-Sitio-Web-AF-Roses-Are-Roses-004.jpg\"><img loading=\"lazy\" decoding=\"async\" class=\"alignnone size-medium wp-image-803\" src=\"http:\/\/www.noticias1440.com.ar\/wp-content\/uploads\/2015\/05\/Andrea-Frigerio-Fotos-Sitio-Web-AF-Roses-Are-Roses-004-300x209.jpg\" alt=\"Andrea Frigerio (Fotos Sitio Web AF Roses Are Roses 004)\" width=\"300\" height=\"209\" srcset=\"https:\/\/noticias1440.com.ar\/wp-content\/uploads\/2015\/05\/Andrea-Frigerio-Fotos-Sitio-Web-AF-Roses-Are-Roses-004-300x209.jpg 300w, https:\/\/noticias1440.com.ar\/wp-content\/uploads\/2015\/05\/Andrea-Frigerio-Fotos-Sitio-Web-AF-Roses-Are-Roses-004.jpg 476w\" sizes=\"auto, (max-width: 300px) 100vw, 300px\" \/><\/a><\/p>\n<p><strong>\u00bfSent\u00ecs que te pudiste alejarte a tiempo del modelaje para poder hacer otras cosas?<\/strong><\/p>\n<p>Yo me alej\u00e8 cuando mis tiempos internos lo indicaron, en general yo me manejo as\u00ec. Yo nunca estoy ni con personas con las que no quiero estar, ni hago trabajos que no quiero hacer, a veces lo tuve que hacer por necesidad, pero en general soy bastante fiel a m\u00ec misma en todas las cosas. Cuando en un momento trabajaba de modelo mientras desfilaba no estaba pensando en ese momento sino en cualquier otra cosa, ah\u00ec fue exactamente cuando decid\u00ec dejar de ser modelo. M\u00e0s all\u00e0 de la necesidad y que era un trabajo, dije \u201cno lo estoy viviendo, este no es mi presente\u201d, pensaba en que ten\u00eda que pagar las cuentas de luz y gas, que ten\u00eda que llevar mi hijo al colegio, la lista del super, \u201ccompre esto, no compr\u00e8 lo otro\u201d, entonces me d\u00ec cuenta que estaba pensando en cualquier cosa menos en lo que estaba haciendo, ah\u00ec me hizo el click para no seguir, no estaba siendo honesta. Yo trato de elegir esa m\u00e1xima que dice \u201csi eleg\u00eds un trabajo que te gusta, no vas a trabajar nunca en tu vida, porque est\u00e0s haciendo lo que te gusta\u201d, eso entonces deja de ser un trabajo.<\/p>\n<p><strong>\u00bfC\u00f3mo contemplas tu crecimiento como empresaria en los \u00faltimos diez a\u00f1os?<\/strong><\/p>\n<p>Bueno, en realidad tiene muchos puntos en com\u00fan, porque ser perfumista es ser una artista, crear composiciones arom\u00e1ticas es como crear una canci\u00f3n, entonces todos los conocimientos que adquir\u00ed en la facultad, m\u00e0s todos los conocimientos que adquir\u00ed en mi vida art\u00edstica hicieron como una reuni\u00f3n y esta convergencia hizo que fuera quien soy hoy, soy una mezcla de todo, soy la artista que hace\u201cLa casa de Bernarda Alba\u201d, soy la que viste en la pel\u00edcula, soy la que vas a ver en la pr\u00f3xima pel\u00edcula que voy a hacer, que empec\u00e9 a filmar ya como protagonista, y tambi\u00e9n soy la perfumista.<\/p>\n<p><a href=\"http:\/\/www.noticias1440.com.ar\/wp-content\/uploads\/2015\/05\/Andrea-Frigerio-Fotos-Sitio-Web-AF-Roses-Are-Roses-007.jpg\"><img loading=\"lazy\" decoding=\"async\" class=\"alignnone size-medium wp-image-806\" src=\"http:\/\/www.noticias1440.com.ar\/wp-content\/uploads\/2015\/05\/Andrea-Frigerio-Fotos-Sitio-Web-AF-Roses-Are-Roses-007-300x200.jpg\" alt=\"Andrea Frigerio (Fotos Sitio Web AF Roses Are Roses 007)\" width=\"300\" height=\"200\" srcset=\"https:\/\/noticias1440.com.ar\/wp-content\/uploads\/2015\/05\/Andrea-Frigerio-Fotos-Sitio-Web-AF-Roses-Are-Roses-007-300x200.jpg 300w, https:\/\/noticias1440.com.ar\/wp-content\/uploads\/2015\/05\/Andrea-Frigerio-Fotos-Sitio-Web-AF-Roses-Are-Roses-007.jpg 500w\" sizes=\"auto, (max-width: 300px) 100vw, 300px\" \/><\/a><a href=\"http:\/\/www.noticias1440.com.ar\/wp-content\/uploads\/2015\/05\/Andrea-Frigerio-Fotos-Sitio-Web-AF-Roses-Are-Roses-008.jpg\"><img loading=\"lazy\" decoding=\"async\" class=\"alignnone size-medium wp-image-807\" src=\"http:\/\/www.noticias1440.com.ar\/wp-content\/uploads\/2015\/05\/Andrea-Frigerio-Fotos-Sitio-Web-AF-Roses-Are-Roses-008-300x216.jpg\" alt=\"Andrea Frigerio (Fotos Sitio Web AF Roses Are Roses 008)\" width=\"300\" height=\"216\" srcset=\"https:\/\/noticias1440.com.ar\/wp-content\/uploads\/2015\/05\/Andrea-Frigerio-Fotos-Sitio-Web-AF-Roses-Are-Roses-008-300x216.jpg 300w, https:\/\/noticias1440.com.ar\/wp-content\/uploads\/2015\/05\/Andrea-Frigerio-Fotos-Sitio-Web-AF-Roses-Are-Roses-008.jpg 464w\" sizes=\"auto, (max-width: 300px) 100vw, 300px\" \/><\/a><\/p>\n<p><strong>\u00bfQu\u00e8 descubriste en la industria femenina que te hizo sentir una novata?<\/strong><\/p>\n<p>En todo yo me siento una novata, cuando no me siento novata, me retiro. Hace muy poco estuve en Grass, volv\u00ec hace un mes que es el centro de la perfumer\u00eca mundial, all\u00e0 en el sudeste de Francia, me d\u00ec cuenta que pod\u00eda irme a vivir ah\u00ec un a\u00f1o a aprender, aprender y aprender, pero tengo muchas otras obligaciones y compromisos, no s\u00e8 si los voy a poder superponer, me pasa eso. Soy la misma que fu\u00ec toda la vida, una chica con much\u00ecsimas inquietudes, en cada puerta a m\u00ec me interesa abrir y ver que hay, no soy de preguntar, yo me meto, me zambullo en las cosas y la verdad lo disfruto much\u00edsimo, si hay algo que no me gusta o me deja de gustar, me alejo y me voy a mi sitio. Punto. De hecho yo a la marca de perfumes no le puse mi nombre, porque quer\u00eca que creciera genuinamente, que si era bueno lo que hac\u00eca, entonces que creciera por peso propio, que se desarrollara y as\u00ec pas\u00f2. Lo hice con absoluta seriedad y con mucho compromiso, y despu\u00e9s con intenci\u00f3n, tratando de ir creciendo en ese mettier, de hecho yo no le puse Andrea Frigerio, no pens\u00e9 en mi nombre art\u00edstico que pod\u00eda haber sido marketineramente muy interesante, le puse un nombre de fantas\u00eca y lo dej\u00e8 crecer sola.<\/p>\n<p><strong>Pero en el mundo de la actuaci\u00f3n, los medios y la industria femenina, el nombre \u201cAndrea Frigerio\u201des una marca registrada que esta instalada sin ninguna clase de presi\u00f3n propia.<\/strong><\/p>\n<p>Digamos que es cierto, pero merced a mi trabajo, soy una persona que trabaja todo el tiempo y me preocupo por hacer las cosas lo mejor posible, soy una mujer que las pele\u00f2 en todas, pero yo sent\u00eda que si usaba mi nombre en la perfumer\u00eca era como\u201cexagerar la chapa\u201d,estaba empujando como algo forzado,la gente dir\u00eda \u201cporqu\u00e8 ahora este perfume?\u201d, entonces le puse un nombre\u201cX\u201dque es\u201cRoses Are Roses\u201d, dije \u201cque crezca solo y yo lo acompa\u00f1o\u201d, lo acompa\u00f1o feliz y con mucho entusiasmo.<\/p>\n<p><a href=\"http:\/\/www.noticias1440.com.ar\/wp-content\/uploads\/2015\/05\/Andrea-Frigerio-Interview-Paul-David-Focus-Mayo-2015-A001.jpg\"><img loading=\"lazy\" decoding=\"async\" class=\"alignnone size-medium wp-image-797\" src=\"http:\/\/www.noticias1440.com.ar\/wp-content\/uploads\/2015\/05\/Andrea-Frigerio-Interview-Paul-David-Focus-Mayo-2015-A001-300x174.jpg\" alt=\"Andrea Frigerio Interview (Paul David Focus - Mayo 2015 A001)\" width=\"300\" height=\"174\" srcset=\"https:\/\/noticias1440.com.ar\/wp-content\/uploads\/2015\/05\/Andrea-Frigerio-Interview-Paul-David-Focus-Mayo-2015-A001-300x174.jpg 300w, https:\/\/noticias1440.com.ar\/wp-content\/uploads\/2015\/05\/Andrea-Frigerio-Interview-Paul-David-Focus-Mayo-2015-A001.jpg 662w\" sizes=\"auto, (max-width: 300px) 100vw, 300px\" \/><\/a><a href=\"http:\/\/www.noticias1440.com.ar\/wp-content\/uploads\/2015\/05\/Andrea-Frigerio-Interview-Paul-David-Focus-Mayo-2015-A001.jpg\"><img loading=\"lazy\" decoding=\"async\" class=\"alignnone size-medium wp-image-797\" src=\"http:\/\/www.noticias1440.com.ar\/wp-content\/uploads\/2015\/05\/Andrea-Frigerio-Interview-Paul-David-Focus-Mayo-2015-A001-300x174.jpg\" alt=\"Andrea Frigerio Interview (Paul David Focus - Mayo 2015 A001)\" width=\"300\" height=\"174\" srcset=\"https:\/\/noticias1440.com.ar\/wp-content\/uploads\/2015\/05\/Andrea-Frigerio-Interview-Paul-David-Focus-Mayo-2015-A001-300x174.jpg 300w, https:\/\/noticias1440.com.ar\/wp-content\/uploads\/2015\/05\/Andrea-Frigerio-Interview-Paul-David-Focus-Mayo-2015-A001.jpg 662w\" sizes=\"auto, (max-width: 300px) 100vw, 300px\" \/><\/a><\/p>\n<p><strong>Dijiste que est\u00e0s filmando una nueva pel\u00edcula pero ya como protagonista.<\/strong><\/p>\n<p>Bueno, la pel\u00edcula ya se empez\u00f3 a fimar en Barcelona, el film se llama\u201dEl ciudadano ilustre\u201d, la pel\u00edcula est\u00e0 dirigida por Gast\u00f2n Duprat, el mismo que hizo \u201cEl hombre de al lado\u201d, con Oscar Mart\u00ecnez. La filmaci\u00f3n transcurre en Navarro, porque esta historia transcurre en un pueblo, es lo que pasa en un pueblo chico de la Argentina, me toca hacer a una chica del pueblo, ten\u00eda un novio y se qued\u00f3 esperando que vuelva, ese novio que se fue triunf\u00f2 en el mundo y no volvi\u00f3 hasta hoy. Esta pel\u00edcula tiene como protagonistas masculinos a Oscar Mart\u00ecnez y Dady Brieva, cuando me dieron el gui\u00f2n sent\u00ed como que se abri\u00f3 una puerta, se estrena\u201cPasaje de vida\u201dy ahora esto, mientras estoy haciendo \u201cLa casa de Bernarda Alba\u201d, estoy en un momento de m\u00e1xima en mi carrera, cuando me llamaron para hacer la obra me pareci\u00f3 buen\u00edsimo, yo nunca hab\u00eda hecho un \u201cdramedy\u201d, la verdad es que me adapt\u00e8 perfectamente a las circunstancias, disfruto much\u00edsimo lo que hago, much\u00edsimo, me encanta la direcci\u00f3n de Jos\u00e8 Muscari y ser parte de ese elenco, con Mar\u00eca Rosa Fugazot que es lo m\u00e0s, lo m\u00e0s, lo m\u00e0s.<\/p>\n<p><strong>Se te nota con un entusiasmo realmente distintivo<\/strong><\/p>\n<p>Estoy feliz. Amo hacer teatro, amo el teatro, porque descubr\u00ec que es como meditar, uno entra al escenario y sus cuestiones personales que est\u00e1n sonando en su mente, quedan como en stand-by, se quedan en el camar\u00ecn, la mente est\u00e0 descansando de uno mismo y est\u00e0s en la mente de otro, te traslad\u00e0s a una situaci\u00f3n de meditaci\u00f3n, es muy valioso y muy sanador, requiere una gran entrega espiritual, me entrego a ese personaje y lo soy hasta que termina la obra. Ahora lo que es incre\u00edble, porque mi personaje me angustia, es una hermana mayor que termina muy mal, le quitan el novio, es alguien que lleva las de perder, yo lloro much\u00edsimo en el escenario, pero traspaso la puerta del escenario y enseguida estoy pensando\u201cd\u00f2nde vamos a comer\u201d, la gente entra a saludar y me dice \u201cpobre, como termin\u00e0s\u201d, pero yo estoy perfecta(risas), voy al camar\u00ecn y vuelvo a ser Andrea, no me quedo con la misma angustia, pero est\u00e0 claro que uno est\u00e0 al servicio del personaje.<\/p>\n<p><a href=\"http:\/\/www.noticias1440.com.ar\/wp-content\/uploads\/2015\/05\/Andrea-Frigerio-Fotos-Sitio-Web-AF-Roses-Are-Roses-006.jpg\"><img loading=\"lazy\" decoding=\"async\" class=\"alignnone size-medium wp-image-805\" src=\"http:\/\/www.noticias1440.com.ar\/wp-content\/uploads\/2015\/05\/Andrea-Frigerio-Fotos-Sitio-Web-AF-Roses-Are-Roses-006-300x218.jpg\" alt=\"Andrea Frigerio (Fotos Sitio Web AF Roses Are Roses 006)\" width=\"300\" height=\"218\" srcset=\"https:\/\/noticias1440.com.ar\/wp-content\/uploads\/2015\/05\/Andrea-Frigerio-Fotos-Sitio-Web-AF-Roses-Are-Roses-006-300x218.jpg 300w, https:\/\/noticias1440.com.ar\/wp-content\/uploads\/2015\/05\/Andrea-Frigerio-Fotos-Sitio-Web-AF-Roses-Are-Roses-006.jpg 461w\" sizes=\"auto, (max-width: 300px) 100vw, 300px\" \/><\/a><a href=\"http:\/\/www.noticias1440.com.ar\/wp-content\/uploads\/2015\/05\/Andrea-Frigerio-Fotos-Sitio-Web-AF-Roses-Are-Roses-005.jpg\"><img loading=\"lazy\" decoding=\"async\" class=\"alignnone size-medium wp-image-804\" src=\"http:\/\/www.noticias1440.com.ar\/wp-content\/uploads\/2015\/05\/Andrea-Frigerio-Fotos-Sitio-Web-AF-Roses-Are-Roses-005-300x211.jpg\" alt=\"Andrea Frigerio (Fotos Sitio Web AF Roses Are Roses 005)\" width=\"300\" height=\"211\" srcset=\"https:\/\/noticias1440.com.ar\/wp-content\/uploads\/2015\/05\/Andrea-Frigerio-Fotos-Sitio-Web-AF-Roses-Are-Roses-005-300x211.jpg 300w, https:\/\/noticias1440.com.ar\/wp-content\/uploads\/2015\/05\/Andrea-Frigerio-Fotos-Sitio-Web-AF-Roses-Are-Roses-005.jpg 476w\" sizes=\"auto, (max-width: 300px) 100vw, 300px\" \/><\/a><\/p>\n<p><strong>Hiciste muchas temporadas en televisi\u00f3n. Ahora no est\u00e0s en la tv. \u00bfQu\u00e9 sent\u00eds?<\/strong><\/p>\n<p>No s\u00e8, siento que no estoy en un romance con la tele, porque ni la veo, no lo digo con orgullo porque es mi medio tambi\u00e9n, pero no me est\u00e0 atrapando la tele, para nada, siento que estoy con la mirada puesta en otro lado, no me llamaron para hacer ficci\u00f3n en la tv y si me llaman dir\u00eda que n\u00f2, porque no podr\u00eda estar tanto tiempo en un camar\u00ecn, como estuve en otra \u00e9poca, estoy con muchas cosas, ya no quiero estar tanto tiempo as\u00ec.<\/p>\n<p><strong>Ten\u00e8s realmente mucha adrenalina y un f\u00edsico privilegiado. \u00bfNo te llamaron de \u201cShowMatch\u201d para estar en el\u201cBailando por un sue\u00f1o\u201d?<\/strong><\/p>\n<p>Bueno, eso ha pasado, pero no lo quiero hacer, porque no es un concurso de baile, es un concurso de personalidades, no es un concurso de baile realmente, la tensi\u00f3n que propone esa parte del programa no me interesa, adem\u00e0s siento que no pongo mi personalidad en competencia con la de los dem\u00e1s, tampoco es exponer mi intimidad, que es otro tema, no expongo mi personalidad a un concurso. Porque un concurso es quien es mejor que otro, qui\u00e8n lo hace mejor y en personalidades no hay unas mejores que otras, son distintas, por suerte. Entonces no me gusta esa cosa de confrontar, no me gusta confrontar, me gusta consensuar y tengo un formato interno ense\u00f1ado por mi mam\u00e0 y comprobado por m\u00ec misma, en la vida de querer que el otro est\u00e8 bien. Jam\u00e0s podr\u00eda ponerme a discutir en un lugar con otro, si es bueno, si es mal, si es vos, si es \u00e8l, eso no es para m\u00ec.<\/p>\n<p><a href=\"http:\/\/www.noticias1440.com.ar\/wp-content\/uploads\/2015\/05\/Andrea-Frigerio-Fotos-Sitio-Web-AF-Roses-Are-Roses-002.jpg\"><img loading=\"lazy\" decoding=\"async\" class=\"alignnone size-medium wp-image-801\" src=\"http:\/\/www.noticias1440.com.ar\/wp-content\/uploads\/2015\/05\/Andrea-Frigerio-Fotos-Sitio-Web-AF-Roses-Are-Roses-002-300x195.jpg\" alt=\"Andrea Frigerio (Fotos Sitio Web AF Roses Are Roses 002)\" width=\"300\" height=\"195\" srcset=\"https:\/\/noticias1440.com.ar\/wp-content\/uploads\/2015\/05\/Andrea-Frigerio-Fotos-Sitio-Web-AF-Roses-Are-Roses-002-300x195.jpg 300w, https:\/\/noticias1440.com.ar\/wp-content\/uploads\/2015\/05\/Andrea-Frigerio-Fotos-Sitio-Web-AF-Roses-Are-Roses-002.jpg 476w\" sizes=\"auto, (max-width: 300px) 100vw, 300px\" \/><\/a><a href=\"http:\/\/www.noticias1440.com.ar\/wp-content\/uploads\/2015\/05\/Andrea-Frigerio-Fotos-Sitio-Web-AF-Roses-Are-Roses-000.jpg\"><img loading=\"lazy\" decoding=\"async\" class=\"alignnone size-medium wp-image-799\" src=\"http:\/\/www.noticias1440.com.ar\/wp-content\/uploads\/2015\/05\/Andrea-Frigerio-Fotos-Sitio-Web-AF-Roses-Are-Roses-000-300x198.jpg\" alt=\"Andrea Frigerio (Fotos Sitio Web AF Roses Are Roses 000)\" width=\"300\" height=\"198\" srcset=\"https:\/\/noticias1440.com.ar\/wp-content\/uploads\/2015\/05\/Andrea-Frigerio-Fotos-Sitio-Web-AF-Roses-Are-Roses-000-300x198.jpg 300w, https:\/\/noticias1440.com.ar\/wp-content\/uploads\/2015\/05\/Andrea-Frigerio-Fotos-Sitio-Web-AF-Roses-Are-Roses-000.jpg 606w\" sizes=\"auto, (max-width: 300px) 100vw, 300px\" \/><\/a><\/p>\n<p><strong>Uno de tus mayores m\u00e8ritos fue haber sostenido muy bien tu n\u00facleo familiar.<\/strong><\/p>\n<p>Creo que el \u00e9xito est\u00e0 en encontrar la paz en la casa, ninguna otra cosa m\u00e0s. En la casa interna, \u00ecntima, el coraz\u00f3n, y en la casa familiar. Si uno no encuentra la paz, no es exitoso, para m\u00ec es clave, yo necesito eso, se que esa es la \u00fanica manera que tengo de ser feliz, de encontrarme conmigo misma, con paz, entonces cuido eso m\u00e0s que nada en la tierra, la paz, estar en paz\u201d.<\/p>\n<p><strong>Pertenecemos a un tiempo o \u00e9poca que cuando sonaba el tel\u00e9fono, el aparato no estaba apoyado en cualquier lugar, sino que era una l\u00ednea fija y el aparato ten\u00eda un cable con cierta extensi\u00f3n para moverse.<\/strong><\/p>\n<p>(agrega)S\u00ee, adem\u00e1s ven\u00edan y dec\u00edan \u201ces tal\u201d, \u201cah, decile que estoy comiendo\u201d, \u201cque llame despu\u00e9s<strong>\u201d, <\/strong>pero ahora tenemos las redes sociales e internet, uso much\u00edsimo las redes sociales, Facebook, twitter, instagram, no soy la m\u00e0s tecnol\u00f3gica ni mucho menos, pero por supuesto me sirvo de ellos y lo uso, siento que es muy bueno. Lo \u00fanico que hoy me preocupa es que todo se hace mucho m\u00e0s vertiginoso, antes yo ten\u00eda que mandarte algo, luego vos lo recib\u00ecas, ten\u00ecas que contestarlo, ahora si te mandan algo y no se lo contest\u00e0s, sos un maleducado, y ten\u00e8s que contestarlo enseguida. Est\u00e0 el tema de la pantalla\u201cLo vi\u00f2\u201dy adem\u00e0s te buchonea, \u201choy no me contest\u00f2\u201d, \u201cSi no me contest\u00f2 es que no me piensa contestar\u201d, hay en eso todo un gran dilema psicol\u00f3gico que es terrible, pero por otro lado tambi\u00e9n est\u00e0 bueno porque si no quer\u00e8s hablar ahora y quer\u00e8s hablar despu\u00e9s, no perd\u00e8s tanto tiempo, hay como un submundo, una serie de cosas que est\u00e1n ah\u00ec yendo y viniendo. Soy la \u00e9poca de cuando mand\u00e1bamos las cartas, los regalos, el fax como mucho, despu\u00e9s vino el fax, el fax!!!<\/p>\n<p><strong>Los\u201cDuran Duran\u201d hace un par de a\u00f1os hicieron el video del tema \u201cPanic Girl\u201dy convocaron a famosas modelos \u00bfQu\u00e8 grupo de rock o pop mundial te hubiese gustado que te llamara para hacer un videoclip brutalmente fashion?<\/strong><\/p>\n<p>A mi me gusta Queen. Me gusta como canta Freddie Mercury, soy muy fan de Queen, pero cuando desapareci\u00f3 Freddie(muerto en noviembre de 1991)realmente no los v\u00ec m\u00e0s. Obviamente me hubiese gustado estar en uno de sus videos, son una banda realmente espectacular.<\/p>\n","protected":false},"excerpt":{"rendered":"<p>La superlativa modelo, actriz, animadora televisiva y ascendente empresaria perfumista debuta en \u201cPasaje de Vida\u201d mientras rueda con Oscar Mart\u00ecnez y Dady Brieva \u201cEl Ciudadano Ilustre\u201d.<\/p>\n","protected":false},"author":1,"featured_media":794,"comment_status":"closed","ping_status":"open","sticky":false,"template":"","format":"standard","meta":{"footnotes":""},"categories":[10],"tags":[],"class_list":["post-793","post","type-post","status-publish","format-standard","has-post-thumbnail","hentry","category-cine-y-teatro"],"_links":{"self":[{"href":"https:\/\/noticias1440.com.ar\/index.php?rest_route=\/wp\/v2\/posts\/793","targetHints":{"allow":["GET"]}}],"collection":[{"href":"https:\/\/noticias1440.com.ar\/index.php?rest_route=\/wp\/v2\/posts"}],"about":[{"href":"https:\/\/noticias1440.com.ar\/index.php?rest_route=\/wp\/v2\/types\/post"}],"author":[{"embeddable":true,"href":"https:\/\/noticias1440.com.ar\/index.php?rest_route=\/wp\/v2\/users\/1"}],"replies":[{"embeddable":true,"href":"https:\/\/noticias1440.com.ar\/index.php?rest_route=%2Fwp%2Fv2%2Fcomments&post=793"}],"version-history":[{"count":4,"href":"https:\/\/noticias1440.com.ar\/index.php?rest_route=\/wp\/v2\/posts\/793\/revisions"}],"predecessor-version":[{"id":810,"href":"https:\/\/noticias1440.com.ar\/index.php?rest_route=\/wp\/v2\/posts\/793\/revisions\/810"}],"wp:featuredmedia":[{"embeddable":true,"href":"https:\/\/noticias1440.com.ar\/index.php?rest_route=\/wp\/v2\/media\/794"}],"wp:attachment":[{"href":"https:\/\/noticias1440.com.ar\/index.php?rest_route=%2Fwp%2Fv2%2Fmedia&parent=793"}],"wp:term":[{"taxonomy":"category","embeddable":true,"href":"https:\/\/noticias1440.com.ar\/index.php?rest_route=%2Fwp%2Fv2%2Fcategories&post=793"},{"taxonomy":"post_tag","embeddable":true,"href":"https:\/\/noticias1440.com.ar\/index.php?rest_route=%2Fwp%2Fv2%2Ftags&post=793"}],"curies":[{"name":"wp","href":"https:\/\/api.w.org\/{rel}","templated":true}]}}