{"id":76,"date":"2015-03-03T15:09:49","date_gmt":"2015-03-03T15:09:49","guid":{"rendered":"http:\/\/www.noticias1440.com.ar\/?p=76"},"modified":"2015-03-09T19:33:21","modified_gmt":"2015-03-09T19:33:21","slug":"roberto-pettinato-y-el-inedito-desafio-de-restaurar-la-credibilidad-perdida","status":"publish","type":"post","link":"https:\/\/noticias1440.com.ar\/?p=76","title":{"rendered":"Roberto Pettinato y el in\u00e8dito desaf\u00edo de restaurar toda la credibilidad perdida"},"content":{"rendered":"<p>El m\u00ectico m\u00fasico, periodista, animador y standupero regres\u00f2 al ciclo\u201cDuro De Domar\u201d, con la misi\u00f3n de recuperar audiencia y purificar disparates ideol\u00f3gicos. \u00bfPodr\u00e0 lograrlo?<\/p>\n<p>\u00a0<!--more--><\/p>\n<p><a href=\"http:\/\/www.noticias1440.com.ar\/wp-content\/uploads\/2015\/03\/Roberto-Pettinato-DDD-Noticias-1440-Captura-de-tv-02-Marzo-2015-A001.jpg\"><img loading=\"lazy\" decoding=\"async\" class=\" size-medium wp-image-77 aligncenter\" src=\"http:\/\/www.noticias1440.com.ar\/wp-content\/uploads\/2015\/03\/Roberto-Pettinato-DDD-Noticias-1440-Captura-de-tv-02-Marzo-2015-A001-300x224.jpg\" alt=\"Roberto Pettinato (DDD - Noticias 1440 Captura de tv - 02 Marzo 2015 A001)\" width=\"300\" height=\"224\" srcset=\"https:\/\/noticias1440.com.ar\/wp-content\/uploads\/2015\/03\/Roberto-Pettinato-DDD-Noticias-1440-Captura-de-tv-02-Marzo-2015-A001-300x224.jpg 300w, https:\/\/noticias1440.com.ar\/wp-content\/uploads\/2015\/03\/Roberto-Pettinato-DDD-Noticias-1440-Captura-de-tv-02-Marzo-2015-A001.jpg 522w\" sizes=\"auto, (max-width: 300px) 100vw, 300px\" \/><\/a><\/p>\n<p><strong>Por Esteban Roberto Forrest<\/strong><\/p>\n<p><strong>(Capital Federal\u2013Martes 03 de Marzo de 2015) <\/strong>Este \u00faltimo lunes se produjo una novedad que unos pocos conoc\u00edan hace apenas un par de semanas y finalmente anoche se produjo el regreso de Roberto Pettinato a\u201cDuro De Domar\u201d, una vuelta que sorprendi\u00f3 a muchos, dentro de un esquema donde naturalmente se avizora que vivenciar\u00e0 algunos cambios en los contextos que hasta ahora predominaron hasta la temporada pasada. Ya sin su anterior animador Daniel Tognetti, el juego de inc\u00f3gnitas y adivinanzas que se desarroll\u00f2 durante los \u00faltimos quince d\u00edas, fueron solo una estratagema para permitirle al muy legendario y talentoso contramaestre de Sumo finalizar sus funciones veraniegas de\u201cMe quiero portar vien\u201dtanto en Mar del Plata como en Carlos Paz, show de stand up que el pr\u00f3ximo 17 de marzo celebrar\u00e0 sus primeros tres exitos\u00edsimos a\u00f1os de vida.<\/p>\n<p>El programa que Pettinato dej\u00f3 hace un lustro ya no es aqu\u00e8l ciclo de humor que tomaba de la realidad mayormente noticias de inter\u00e9s general, para luego matizar con entrevistas y otros graciosos formatos dentro del formato sketch, dentro de un contexto donde todos los temas ten\u00ecan una igual cantidad de tiempo en pantalla. Convertido desde su arribo a la pantalla de Canal 9 en un duro env\u00eco formateado a la \u00f2rbita del humor pol\u00edtico con el cual el legendario animador retornado comulga poco o nada, cada temporada del\u201cDDD\u201dcon bajada de l\u00ednea argumental dinamit\u00f2 el inter\u00e9s de aquellos que lo convirtieron en un ciclo de culto en su inicio en Am\u00e8rica y posterior mudanza a Canal 13. Sin dudas subordinado a los tiempos existentes, \u201cDuro De Domar\u201dperdi\u00f3 su esp\u00edritu inicial mientras cada a\u00f1o en pantalla mostraba esc\u00e1ndalos entre sus panelistas, incidentes con algunos invitados y una p\u00e9sima forma de conducirlo bajo un progresismo televisivo tan ab\u00falico e intrascendente.<\/p>\n<p><a href=\"http:\/\/www.noticias1440.com.ar\/wp-content\/uploads\/2015\/03\/Roberto-Pettinato-DDD-Noticias-1440-Captura-de-tv-02-Marzo-2015-A002.jpg\"><img loading=\"lazy\" decoding=\"async\" class=\" size-medium wp-image-80 aligncenter\" src=\"http:\/\/www.noticias1440.com.ar\/wp-content\/uploads\/2015\/03\/Roberto-Pettinato-DDD-Noticias-1440-Captura-de-tv-02-Marzo-2015-A002-300x219.jpg\" alt=\"Roberto Pettinato (DDD - Noticias 1440 Captura de tv - 02 Marzo 2015 A002)\" width=\"300\" height=\"219\" srcset=\"https:\/\/noticias1440.com.ar\/wp-content\/uploads\/2015\/03\/Roberto-Pettinato-DDD-Noticias-1440-Captura-de-tv-02-Marzo-2015-A002-300x219.jpg 300w, https:\/\/noticias1440.com.ar\/wp-content\/uploads\/2015\/03\/Roberto-Pettinato-DDD-Noticias-1440-Captura-de-tv-02-Marzo-2015-A002.jpg 530w\" sizes=\"auto, (max-width: 300px) 100vw, 300px\" \/><\/a>\u00a0<\/p>\n<p>En su debut, \u201cPetti\u201dya comenz\u00f3 a marcarle la cancha a todos all\u00ec en el estudio de Canal 9, probablemente con la obvia venia de su productor Diego Gvirzt sobre que nadie ni nada le impondr\u00e0 l\u00ecmites a su manera de conducir y tratar los temas. Vestido de lujoso smoking y con la m\u00fasica original de apertura que utiliz\u00f2 cuando dirim\u00eca los destinos del ciclo, todos vivenciaron un retorno a ciertos tics del pasado cat\u00f3dico que el formato tuvo, m\u00e0s cuando el conductor y Guillermo Pardini intercambiaron bromas internas, am\u00e8n de un abrazo que marc\u00f2 la zona se\u00f1alando quien es el \u00fanico en el ciclo que puede intercalar sus planteos al animador sin sentirse inc\u00f2modo. Tal como era de esperar Pettinato abri\u00f3 el programa con un mon\u00f2logo consustanciado con el esp\u00edritu humor\u00edstico de\u201cTato\u201dBores, aludiendo a toda la jungla pol\u00edtica disparando sim\u00e9trica munici\u00f3n a cada personalidad mencionada, detalle que no pas\u00f2 desapercibido en un ciclo donde antes solo un cierto sector recib\u00eca misiles de tono editorial.<\/p>\n<p>Pero no todas fueron rosas en el comienzo de este reformulado\u201cDDD\u201dporque despu\u00e9s del inicio con una pol\u00e9mica batalla farandulera entre dos mujeres del ambiente, comenzaron los informes que caracterizaron el \u00faltimo lustro del env\u00eco, a los cuales Pettinato de cuajo les asign\u00f2 nula importancia para imponer su humor y punto de vista sobre cada cosa. Esto debe haber sido un exocet en el est\u00f2mago de ciertos panelistas presentes, porque Petti ya hizo saber que ning\u00fan treinta\u00f1ero hypocrite vendr\u00e0 a primerearlo pol\u00edticamente con nada al m\u00e1ximo anfitri\u00f3n del ciclo. Roberto no dej\u00f3 de lado sus tics de gastar disimuladamente a sus panelistas, algo que debi\u00f3 sobrellevar la modelo Emilia Claudeville, quien como en el pasado su colega Ursula Vargues, recibi\u00f3 comentarios de su torax. ahora\u00a0reducido por temas personales.<\/p>\n<p><a href=\"http:\/\/www.noticias1440.com.ar\/wp-content\/uploads\/2015\/03\/Roberto-Pettinato-DDD-Noticias-1440-Captura-de-tv-02-Marzo-2015-A003.jpg\"><img loading=\"lazy\" decoding=\"async\" class=\" size-medium wp-image-79 aligncenter\" src=\"http:\/\/www.noticias1440.com.ar\/wp-content\/uploads\/2015\/03\/Roberto-Pettinato-DDD-Noticias-1440-Captura-de-tv-02-Marzo-2015-A003-300x216.jpg\" alt=\"Roberto Pettinato (DDD - Noticias 1440 Captura de tv - 02 Marzo 2015 A003)\" width=\"300\" height=\"216\" srcset=\"https:\/\/noticias1440.com.ar\/wp-content\/uploads\/2015\/03\/Roberto-Pettinato-DDD-Noticias-1440-Captura-de-tv-02-Marzo-2015-A003-300x216.jpg 300w, https:\/\/noticias1440.com.ar\/wp-content\/uploads\/2015\/03\/Roberto-Pettinato-DDD-Noticias-1440-Captura-de-tv-02-Marzo-2015-A003.jpg 527w\" sizes=\"auto, (max-width: 300px) 100vw, 300px\" \/><\/a>\u00a0<\/p>\n<p>La aparici\u00f3n del\u201cMini\u201ddentro de un refrigerador bien aprovechada por el conductor, tuvo su contraste con un insulso sketch parodiando un conocido ciclo de almuerzos, secuencia que continu\u00f2 con una manipulada lectura de ciertas notas aparecidas en matutinos, detalle que Pettinato no ignor\u00f2 dentro de un clima argumental que lo llevar\u00e0 a poner en marcha su inagotable gama de recursos para cambiar el perfil del programa para que todos puedan sentirse c\u00f3modos en la presentaci\u00f3n de los temas tratados en pantalla. La pregunta que en realidad surge en este comienzo es\u2026podr\u00e1 lograrlo?&#8230;tendr\u00e0 la aprobaci\u00f3n absoluta de su productor televisivo para dirigir el programa hacia otro rumbo menos conflictivo?&#8230;estos interrogantes comenzar\u00e0n a develarse con el paso de las emisiones, temi\u00e8ndose que Petti pueda vivir la misma desilusi\u00f3n profesional que atraves\u00f2 el a\u00f1o pasado en radio y un poco menos con una olvidable temporada de\u201cCQC\u201dsubordinada a panelistas colaterales y unos movileros cre\u00ecdos que solo consiguieron que la emblem\u00e1tica nave de Pergolini hoy sea un recuerdo borroso y pat\u00e9tico.<\/p>\n<p><a href=\"http:\/\/www.noticias1440.com.ar\/wp-content\/uploads\/2015\/03\/Roberto-Pettinato-DDD-Noticias-1440-Captura-de-tv-02-Marzo-2015-A004.jpg\"><img loading=\"lazy\" decoding=\"async\" class=\" size-medium wp-image-78 aligncenter\" src=\"http:\/\/www.noticias1440.com.ar\/wp-content\/uploads\/2015\/03\/Roberto-Pettinato-DDD-Noticias-1440-Captura-de-tv-02-Marzo-2015-A004-300x130.jpg\" alt=\"Roberto Pettinato (DDD - Noticias 1440 Captura de tv - 02 Marzo 2015 A004)\" width=\"300\" height=\"130\" srcset=\"https:\/\/noticias1440.com.ar\/wp-content\/uploads\/2015\/03\/Roberto-Pettinato-DDD-Noticias-1440-Captura-de-tv-02-Marzo-2015-A004-300x130.jpg 300w, https:\/\/noticias1440.com.ar\/wp-content\/uploads\/2015\/03\/Roberto-Pettinato-DDD-Noticias-1440-Captura-de-tv-02-Marzo-2015-A004.jpg 594w\" sizes=\"auto, (max-width: 300px) 100vw, 300px\" \/><\/a>\u00a0<\/p>\n<p>Roberto Pettinato continur\u00e0 este 2015 con sus funciones de stand up del show\u201cMe quiero portar vien\u201dpor Buenos Aires y todo el interior del pa\u00eds, mientras negocia un posible ciclo de entrevistas en alguna emisora radial. Durante el a\u00f1o en curso se conocer\u00e0 el \u00faltimo y m\u00e0s esperado cap\u00ectulo musical de su saga de free-jazz,dedicado al \u00e1mbito lounge,mientras el saxofonista ajusta los detalles del nuevo grupo que conform\u00f2 el a\u00f1o pasado con varios j\u00f3venes ejecutantes en busca de una banda de m\u00fasica indie. Relacionado de una manera muy \u00ecntima y profesional con la actual jungla rockera, se valdr\u00e0 de todos sus contactos para darle al ciclo un tono ligado a la m\u00fasica, algo que podr\u00e1 comprobarse en la tercera emisi\u00f3n de\u201cDuro De Domar\u201deste mi\u00e9rcoles cuando el famoso rockero Charly Garc\u00eca visite el ciclo para hacer un poco de m\u00fasica y prestarse a una charla distendida con su colega y amigo.<\/p>\n","protected":false},"excerpt":{"rendered":"<p>El m\u00ectico m\u00fasico, periodista, animador y standupero regres\u00f2 al ciclo\u201cDuro De Domar\u201d, con la misi\u00f3n de recuperar audiencia y purificar disparates ideol\u00f3gicos. \u00bfPodr\u00e0 lograrlo? \u00a0<\/p>\n","protected":false},"author":1,"featured_media":77,"comment_status":"closed","ping_status":"open","sticky":false,"template":"","format":"standard","meta":{"footnotes":""},"categories":[9],"tags":[],"class_list":["post-76","post","type-post","status-publish","format-standard","has-post-thumbnail","hentry","category-television"],"_links":{"self":[{"href":"https:\/\/noticias1440.com.ar\/index.php?rest_route=\/wp\/v2\/posts\/76","targetHints":{"allow":["GET"]}}],"collection":[{"href":"https:\/\/noticias1440.com.ar\/index.php?rest_route=\/wp\/v2\/posts"}],"about":[{"href":"https:\/\/noticias1440.com.ar\/index.php?rest_route=\/wp\/v2\/types\/post"}],"author":[{"embeddable":true,"href":"https:\/\/noticias1440.com.ar\/index.php?rest_route=\/wp\/v2\/users\/1"}],"replies":[{"embeddable":true,"href":"https:\/\/noticias1440.com.ar\/index.php?rest_route=%2Fwp%2Fv2%2Fcomments&post=76"}],"version-history":[{"count":2,"href":"https:\/\/noticias1440.com.ar\/index.php?rest_route=\/wp\/v2\/posts\/76\/revisions"}],"predecessor-version":[{"id":120,"href":"https:\/\/noticias1440.com.ar\/index.php?rest_route=\/wp\/v2\/posts\/76\/revisions\/120"}],"wp:featuredmedia":[{"embeddable":true,"href":"https:\/\/noticias1440.com.ar\/index.php?rest_route=\/wp\/v2\/media\/77"}],"wp:attachment":[{"href":"https:\/\/noticias1440.com.ar\/index.php?rest_route=%2Fwp%2Fv2%2Fmedia&parent=76"}],"wp:term":[{"taxonomy":"category","embeddable":true,"href":"https:\/\/noticias1440.com.ar\/index.php?rest_route=%2Fwp%2Fv2%2Fcategories&post=76"},{"taxonomy":"post_tag","embeddable":true,"href":"https:\/\/noticias1440.com.ar\/index.php?rest_route=%2Fwp%2Fv2%2Ftags&post=76"}],"curies":[{"name":"wp","href":"https:\/\/api.w.org\/{rel}","templated":true}]}}