{"id":736,"date":"2015-05-20T20:09:29","date_gmt":"2015-05-20T20:09:29","guid":{"rendered":"http:\/\/www.noticias1440.com.ar\/?p=736"},"modified":"2015-05-21T16:59:54","modified_gmt":"2015-05-21T16:59:54","slug":"ismael-serrano-mis-discos-me-habian-encasillado-dentro-de-un-personaje-muy-solemne","status":"publish","type":"post","link":"https:\/\/noticias1440.com.ar\/?p=736","title":{"rendered":"Ismael Serrano: \u201cMis discos me hab\u00edan encasillado dentro de un personaje muy solemne\u201d"},"content":{"rendered":"<p>Antes de sus presentaciones en el Gran Rex, el extraordinario cantautor espa\u00f1ol habl\u00f2 a solas con Noticias1440 de su \u00faltimo disco, su reciente paternidad, su tarea en cine y la tecnolog\u00eca en la industria musical actual.<\/p>\n<p><!--more--><a href=\"http:\/\/www.noticias1440.com.ar\/wp-content\/uploads\/2015\/05\/Ismael-Serrano-Fotos-Sony-Music-Arg-A005.jpg\"><img loading=\"lazy\" decoding=\"async\" class=\" size-medium wp-image-746 aligncenter\" src=\"http:\/\/www.noticias1440.com.ar\/wp-content\/uploads\/2015\/05\/Ismael-Serrano-Fotos-Sony-Music-Arg-A005-300x205.jpg\" alt=\"Ismael Serrano (Fotos Sony Music Arg - A005)\" width=\"300\" height=\"205\" srcset=\"https:\/\/noticias1440.com.ar\/wp-content\/uploads\/2015\/05\/Ismael-Serrano-Fotos-Sony-Music-Arg-A005-300x205.jpg 300w, https:\/\/noticias1440.com.ar\/wp-content\/uploads\/2015\/05\/Ismael-Serrano-Fotos-Sony-Music-Arg-A005.jpg 385w\" sizes=\"auto, (max-width: 300px) 100vw, 300px\" \/><\/a><strong>Por Gabriel Imparato<\/strong><\/p>\n<p><strong>(Capital Federal \u2013 Mi\u00e8rcoles 20 de Mayo de 2015) <\/strong>A pocas horas de presentar su shows en el Teatro Gran Rex, el m\u00fasico espa\u00f1ol <strong>Ismael Serrano<\/strong> se mostr\u00f2 muy feliz por todo lo alcanzado con su \u00faltimo disco<strong>\u201cLa Llamada\u201d,<\/strong> \u00e1lbum editado por Sony Music Argentina a fines de 2014 que el joven artista hispano oficializ\u00f2 en estas pultimas horas con dos espectaculares conciertos en el famoso teatro porte\u00f1o. En una extensa entrevista con Noticias1440 en un hotel boutique de la zona de Palermo, Serrano aludi\u00f3 a su cambio creativo para armar este \u00faltimo registro, charla en la que se refiri\u00f3 entusiasmado a su cambio personal tras haber sido padre, conversaci\u00f3n en la que tambi\u00e9n no olvid\u00f2 la actual industrial musical y otros temas de inter\u00e9s que este simpatiqu\u00edsimo cantautor de la Madre Patria analiz\u00f2 muy sereno y anal\u00edtico con este medio. Confirmando que regresar\u00e0 antes de fin de a\u00f1o para realizar un completo tour nacional con varias fechas en Buenos Aires y el interior del pa\u00eds, Ismael en di\u00e1logo con esta agencia informativa respondi\u00f3 las siguientes consultas:\u00a0\u00a0 \u00a0\u00a0\u00a0<\/p>\n<p><a href=\"http:\/\/www.noticias1440.com.ar\/wp-content\/uploads\/2015\/05\/Ismael-Serrano-Fotos-Sony-Music-Arg-A003.jpg\"><img loading=\"lazy\" decoding=\"async\" class=\" size-medium wp-image-743 aligncenter\" src=\"http:\/\/www.noticias1440.com.ar\/wp-content\/uploads\/2015\/05\/Ismael-Serrano-Fotos-Sony-Music-Arg-A003-300x156.jpg\" alt=\"Ismael Serrano (Fotos Sony Music Arg - A003)\" width=\"300\" height=\"156\" srcset=\"https:\/\/noticias1440.com.ar\/wp-content\/uploads\/2015\/05\/Ismael-Serrano-Fotos-Sony-Music-Arg-A003-300x156.jpg 300w, https:\/\/noticias1440.com.ar\/wp-content\/uploads\/2015\/05\/Ismael-Serrano-Fotos-Sony-Music-Arg-A003.jpg 654w\" sizes=\"auto, (max-width: 300px) 100vw, 300px\" \/><\/a><\/p>\n<p><strong>Este \u00e0lbum\u201cLa llamada\u201dparece mostrar otra parte de vos en un tono conceptual.<\/strong><\/p>\n<p>Es cierto y reivindico la idea del \u00e1lbum como disco conceptual y en este caso m\u00e0s que nunca, hay un concepto presente en todas las canciones, est\u00e0 en el arte del disco, en el video, en todos los videos previos al lanzamiento. El \u00e1lbum no es una situaci\u00f3n menor y en este caso en alg\u00fan sentido tiene una especial celebraci\u00f3n de la vida, pero no es que uno se olvide de ciertos problemas sino todo lo contrario, es aquello de reivindicar la felicidad dentro de cualquier reivindicaci\u00f3n, cualquier lucha y no perder jam\u00e0s a la felicidad como un valor esencial, es usar a la felicidad como motor de vida para evitar la resignaci\u00f3n, es usarla como un ariete de la resistencia.<\/p>\n<p><a href=\"http:\/\/www.noticias1440.com.ar\/wp-content\/uploads\/2015\/05\/Fotos-Ismael-Serrano-Paul-David-Focus-Noticias1440.jpg\"><img loading=\"lazy\" decoding=\"async\" class=\" size-medium wp-image-750 aligncenter\" src=\"http:\/\/www.noticias1440.com.ar\/wp-content\/uploads\/2015\/05\/Fotos-Ismael-Serrano-Paul-David-Focus-Noticias1440-300x219.jpg\" alt=\"Fotos Ismael Serrano (Paul David Focus - Noticias1440)\" width=\"300\" height=\"219\" srcset=\"https:\/\/noticias1440.com.ar\/wp-content\/uploads\/2015\/05\/Fotos-Ismael-Serrano-Paul-David-Focus-Noticias1440-300x219.jpg 300w, https:\/\/noticias1440.com.ar\/wp-content\/uploads\/2015\/05\/Fotos-Ismael-Serrano-Paul-David-Focus-Noticias1440.jpg 372w\" sizes=\"auto, (max-width: 300px) 100vw, 300px\" \/><\/a><\/p>\n<p><strong>Este \u00e1lbum coincidi\u00f3 con el tiempo en que fu\u00ecste padre. <\/strong><\/p>\n<p>Cuando uno es padre, ah\u00ec te das cuenta que no sabes mucho(risas), tu mirada a largo plazo se extiende mucho m\u00e0s, trasciende el horizonte y relativiza muchas cosas, en el sentido de lo que es urgente y lo que n\u00f2, m\u00e0s que hacerte tambalear en algunas cosas, eso en realidad te refuerza en casi todo lo que haces, desde lo interno hasta lo ideol\u00f3gico buscando como siempre construir un mundo mucho mejor. Aparece ese sentido del deber y la admiraci\u00f3n, la paternidad a tu mirada con un cierto car\u00e1cter de celebraci\u00f3n.<\/p>\n<p><a href=\"http:\/\/www.noticias1440.com.ar\/wp-content\/uploads\/2015\/05\/Ismael-Serrano-Fotos-Sony-Music-Arg-A001.jpg\"><img loading=\"lazy\" decoding=\"async\" class=\" size-medium wp-image-741 aligncenter\" src=\"http:\/\/www.noticias1440.com.ar\/wp-content\/uploads\/2015\/05\/Ismael-Serrano-Fotos-Sony-Music-Arg-A001-300x298.jpg\" alt=\"Ismael Serrano (Fotos Sony Music Arg - A001)\" width=\"300\" height=\"298\" srcset=\"https:\/\/noticias1440.com.ar\/wp-content\/uploads\/2015\/05\/Ismael-Serrano-Fotos-Sony-Music-Arg-A001-300x298.jpg 300w, https:\/\/noticias1440.com.ar\/wp-content\/uploads\/2015\/05\/Ismael-Serrano-Fotos-Sony-Music-Arg-A001-150x150.jpg 150w, https:\/\/noticias1440.com.ar\/wp-content\/uploads\/2015\/05\/Ismael-Serrano-Fotos-Sony-Music-Arg-A001-50x50.jpg 50w, https:\/\/noticias1440.com.ar\/wp-content\/uploads\/2015\/05\/Ismael-Serrano-Fotos-Sony-Music-Arg-A001.jpg 340w\" sizes=\"auto, (max-width: 300px) 100vw, 300px\" \/><\/a><\/p>\n<p><strong>\u00bfTe hace ruido la edad o la famosa y mentada crisis de los\u201940?<\/strong><\/p>\n<p>N\u00f2, m\u00e0s bien al contrario, est\u00e0 claro que en este disco alude a esa situaci\u00f3n de la vida pero en cada uno de los planteos del \u00e1lbum hay un mensaje que dice sobre no quedarse dormido bajo ninguna circunstancia, no rendirse ni dejarse ganar por aquellas cosas que no est\u00e1n bien. Es un \u00e1lbum de celebraci\u00f2n compartida, desde los ritmos hay una enorme apelaci\u00f2n a la danza, de compartir esa situaci\u00f3n, lo plantean casi todos los temas, hay un estado de \u00e0nimo muy contagioso. Yo tambi\u00e9n estoy imbu\u00ecdo en ese esp\u00edritu, porque me siento muy inspirado.<\/p>\n<p><strong>\u00bfTus anteriores discos te hab\u00edan encasillado en un personaje serio y reservado? <\/strong><\/p>\n<p>S\u00ec, absolutamente. A m\u00ec lo que me llena de orgullo respecto a este disco es que percibo especialmente que hay una vuelta de tuerca y un avance, efectivamente quiz\u00e1s he pecado de una cierta solemnidad anteriormente, son ciertas cosas que s\u00ec pueden generar una cierta distancia, puede haber cosas que asuman un tono circunspecto, pero aqu\u00ed es verdad que en el \u00e1lbum busco romper un poco con todo eso, lo valoro profundamente. Me desacartona firme una cierta solemnidad existente sobre mi forma de ser, totalmente y algo as\u00ec creo que me parece saludable, mostr\u00e1ndome como alguien que puede re\u00edrse y tener tambi\u00e9n aquellos pasajes en los que el factor incierto cobra protagonismo. Yo creo que esa actitud despreocupada y muy natural se percibe a lo largo de todo el \u00e1lbum, es muy liberador y te despoja de ciertos lastres. Hay muchos que dicen que en vez de parecer joven de viejo hay que evitar parecer viejo de joven, por la necesidad de ser rotundo y contundente, para que los dem\u00e1s te tomen en serio, pero ahora te das cuenta que esta naturalidad no exige tanta modernidad y m\u00e0s que nada uno la edad la tiene \u00fanicamente en el coraz\u00f3n.<\/p>\n<p><a href=\"http:\/\/www.noticias1440.com.ar\/wp-content\/uploads\/2015\/05\/Ismael-Serrano-Fotos-Sony-Music-Arg-A006.jpg\"><img loading=\"lazy\" decoding=\"async\" class=\" size-medium wp-image-747 aligncenter\" src=\"http:\/\/www.noticias1440.com.ar\/wp-content\/uploads\/2015\/05\/Ismael-Serrano-Fotos-Sony-Music-Arg-A006-300x223.jpg\" alt=\"Ismael Serrano (Fotos Sony Music Arg - A006)\" width=\"300\" height=\"223\" srcset=\"https:\/\/noticias1440.com.ar\/wp-content\/uploads\/2015\/05\/Ismael-Serrano-Fotos-Sony-Music-Arg-A006-300x223.jpg 300w, https:\/\/noticias1440.com.ar\/wp-content\/uploads\/2015\/05\/Ismael-Serrano-Fotos-Sony-Music-Arg-A006.jpg 441w\" sizes=\"auto, (max-width: 300px) 100vw, 300px\" \/><\/a><\/p>\n<p><strong>Trabajaste con Natalia Lafourcade en\u201cMi problema\u201d, un poema de tu padre.<\/strong><\/p>\n<p>No se puede creer todas las cosas que hace Natalia, es alguien profundamente talentosa, una mujer inquieta que adem\u00e1s se ha rebelado incluso contra sus or\u00edgenes, eso de querer encasillarla como una figura del pop, se ha rebelado a cualquier clase de encasillamiento, es una mujer con una cabeza musical muy potente. Yo no s\u00e8, cuando lo analic\u00e8 intu\u00eca que pod\u00eda funcionar, hab\u00eda una canci\u00f3n donde ella tiene ese punto de ternura pero tambi\u00e9n de desgarro, no pierde su esencia, ella es peque\u00f1a pero es inmensa, su forma de cantar y de decir tiene una pegada brutal. Te golpea de lleno en el coraz\u00f3n.<\/p>\n<p><strong>La letra dice\u201clos andenes son todo despedidas,tu nombre ya no est\u00e1 en el diccionario y antes de la muerte no hay vida, sin sentencia me condeno a la c\u00e1rcel de tu abrazo. <\/strong><\/p>\n<p>M\u00e0s all\u00e0 de lo filos\u00f3fico tiene ese punto de canci\u00f3n tradicional a lo Jos\u00e8 Alfredo Jim\u00e8nez, ese tono de s\u00f9plica de las canciones de amor, donde le reprochas esa p\u00e8rdida para volver a la c\u00e1rcel del abrazo. Valor\u00e8 la letra cuando volvimos de masterizar en New York, hicimos una larga escucha sonora donde tienes esa mirada global y distanciada que no tienes en la totalidad de la grabaci\u00f3n, esa\u201cpanor\u00e1mica\u201da m\u00ec me emocion\u00f2 mucho, es un disco que me emociona, sobre todo porque para m\u00ec en este disco no hay canciones menores, es un viaje cuanto menos interesante para el oyente. Es un viaje en el que siento que tengo cosas para decir, n\u00f2?,para m\u00ec fue sacarme prejuicios que puedan haberse adherido en alg\u00fan momento del recorrido. Este \u00e1lbum me permite reivindicarme como m\u00fasico, todos los componentes est\u00e1n equilibrados formando cada parte de la canci\u00f3n y naturalmente cada una refleja sin vacilaciones mi ADN art\u00edstico.<\/p>\n<p><a href=\"http:\/\/www.noticias1440.com.ar\/wp-content\/uploads\/2015\/05\/Ismael-Serrano-Fotos-Sony-Music-Arg-A0041.jpg\"><img loading=\"lazy\" decoding=\"async\" class=\" size-medium wp-image-745 aligncenter\" src=\"http:\/\/www.noticias1440.com.ar\/wp-content\/uploads\/2015\/05\/Ismael-Serrano-Fotos-Sony-Music-Arg-A0041-300x194.jpg\" alt=\"Ismael Serrano (Fotos Sony Music Arg - A004)\" width=\"300\" height=\"194\" srcset=\"https:\/\/noticias1440.com.ar\/wp-content\/uploads\/2015\/05\/Ismael-Serrano-Fotos-Sony-Music-Arg-A0041-300x194.jpg 300w, https:\/\/noticias1440.com.ar\/wp-content\/uploads\/2015\/05\/Ismael-Serrano-Fotos-Sony-Music-Arg-A0041.jpg 553w\" sizes=\"auto, (max-width: 300px) 100vw, 300px\" \/><\/a><\/p>\n<p><strong>En Argentina tu relaci\u00f3n est\u00e0 totalmente asentada y se potencia a\u00f9n en las crisis. No te cans\u00e0s de hacer shows en tiempos buenos y malos, hay un gran link emocional. <\/strong><\/p>\n<p>Es verdad, me siento muy abrumado y muy agradecido con la respuesta de la gente, mira, lo que valoro realmente de los m\u00fasicos es cuando hay una clara honestidad de su trabajo, cuando se corresponde lo que es cantando con lo que quieren hacer de coraz\u00f3n, m\u00e0s all\u00e0 de la pose, entonces ese tono de honestidad he tratado de cultivarlo, me parece esencial, quiero pensar que a lo mejor esa lealtad que sucede con la gente tiene su gran correspondencia con esas cosas que te se\u00f1alaba antes. Adem\u00e0s est\u00e1n todas las dificultades que existen en este momento porque es muy complicado sonar en las radios, para este tipo de m\u00fasica es complicado encontrar un lugar. En Espa\u00f1a hoy es imposible, directamente no suena, no est\u00e0 en las radios. Me puse a pensar a fin de a\u00f1o pasado cuando Serrat edit\u00f2 su\u201cantolog\u00eda desordenada\u201d, dije\u201cqui\u00e8n va a pasar estas canciones?, va a ser muy dif\u00edcil\u201d.<\/p>\n<p><a href=\"http:\/\/www.noticias1440.com.ar\/wp-content\/uploads\/2015\/05\/Ismael-Serrano-Fotos-Sony-Music-Arg-A008.jpg\"><img loading=\"lazy\" decoding=\"async\" class=\" size-medium wp-image-749 aligncenter\" src=\"http:\/\/www.noticias1440.com.ar\/wp-content\/uploads\/2015\/05\/Ismael-Serrano-Fotos-Sony-Music-Arg-A008-300x184.jpg\" alt=\"Ismael Serrano (Fotos Sony Music Arg - A008)\" width=\"300\" height=\"184\" srcset=\"https:\/\/noticias1440.com.ar\/wp-content\/uploads\/2015\/05\/Ismael-Serrano-Fotos-Sony-Music-Arg-A008-300x184.jpg 300w, https:\/\/noticias1440.com.ar\/wp-content\/uploads\/2015\/05\/Ismael-Serrano-Fotos-Sony-Music-Arg-A008.jpg 522w\" sizes=\"auto, (max-width: 300px) 100vw, 300px\" \/><\/a><\/p>\n<p><strong>\u00bfC\u00f2mo describ\u00ecs hoy esa relaci\u00f3n que ten\u00e8s con el mundo del cine?<\/strong><\/p>\n<p>Es verdad, soy de colarme en las pel\u00edculas, en el cine he tenido la oportunidad de colarme un par de veces, es algo que me apasiona, me siento como un cr\u00eco jugando,hay como toda una regresi\u00f3n a la infancia,es un juego que me apetece, es muy motivador, ahora recib\u00ec en los finales de 2014 una nominaci\u00f3n de la academia espa\u00f1ola de cine por mi trabajo, por lo cual me siento totalmente abrumado, pues en el cine siempre me he sent\u00ed como un intruso, pero feliz, ojal\u00e0 esto me lleve a la gran posibilidad de seguir participando en pel\u00edculas una y otra vez, es algo que me apasiona. Me encantar\u00eca trabajar con Ricardo Dar\u00ecn,es una gran bestia de la pantalla, de la escena, es como el Roger Federer de la actuaci\u00f3n argentina.<\/p>\n<p><a href=\"http:\/\/www.noticias1440.com.ar\/wp-content\/uploads\/2015\/05\/Ismael-Serrano-Fotos-Sony-Music-Arg-A002.jpg\"><img loading=\"lazy\" decoding=\"async\" class=\" size-medium wp-image-742 aligncenter\" src=\"http:\/\/www.noticias1440.com.ar\/wp-content\/uploads\/2015\/05\/Ismael-Serrano-Fotos-Sony-Music-Arg-A002-300x200.jpg\" alt=\"Ismael Serrano (Fotos Sony Music Arg - A002)\" width=\"300\" height=\"200\" srcset=\"https:\/\/noticias1440.com.ar\/wp-content\/uploads\/2015\/05\/Ismael-Serrano-Fotos-Sony-Music-Arg-A002-300x200.jpg 300w, https:\/\/noticias1440.com.ar\/wp-content\/uploads\/2015\/05\/Ismael-Serrano-Fotos-Sony-Music-Arg-A002.jpg 538w\" sizes=\"auto, (max-width: 300px) 100vw, 300px\" \/><\/a><\/p>\n<p><strong>\u00bfTe interesa la escena musical actual o la misma es v\u00ecctima de la actual crisis global?<\/strong><\/p>\n<p>Creo que la escena musical no est\u00e0 a la altura de la crisis existente, hablo de Espa\u00f1a sobre todo, en toda crisis la m\u00fasica aparece como un catalizador, para la protesta, discusi\u00f3n y en muchos casos para la resistencia. Desde luego que all\u00e0 hay algunos fen\u00f3menos musicales interesantes, pero hay un terreno que no lo entiendo, aunque ahora veo a m\u00fasicos que han sido ajenos a la protesta o al compromiso social que est\u00e1n dando un paso adelante, igual siento que no hemos estado a la altura de lo que sucede. Cuando pase un poco el tiempo y cambie esta debacle que nos toca vivir, quiero preguntarme muy serio d\u00f2nde han estado los m\u00fasicos\u2026no s\u00e8 que vamos a decir, hemos sido ni\u00f1os viejos, conchetitos, que por miedo a cierta cosa no han dado el paso adelante que hay que dar y que la sociedad da de una forma natural. Est\u00e1n sucediendo fen\u00f3menos pol\u00edticos sin precedentes, movimientos sociales que nunca ha habido, pero no s\u00e8 si los m\u00fasicos estamos siendo capaces de poder construir esa banda sonora, por mi parte trato de contribuir en la medida de lo que puedo, es dif\u00edcil, pero como movimiento colectivo somos hijos del individualismo, estamos m\u00e0s pendientes de nuestras carreras que de lo que realmente pasa.<\/p>\n<p><strong>\u00bfFavoreci\u00f2 la aparici\u00f3n de tecnolog\u00eda para que la gente pueda desarrollar m\u00fasica? <\/strong><\/p>\n<p>Entiendo que apunt\u00e0s a que ahora cualquiera con un par de aparatos puede hacer un disco y autoproclamarse artista, pero en realidad siento que la gente no percibe todo el trabajo de producci\u00f3n en la profesi\u00f3n, por ende el oficio se devalua en una determinada manera, aunque por otro lado se movilice el acceso democr\u00e0tico a esos medios. En verdad lo que ahora percibo desilusionado es un ciberfetichismo que hace sobredimensionar lo que es la capacidad de internet a la hora de pluralizar la m\u00fasica, est\u00e0 bien eso de la cultura libre y que la misma debe circular, pero al mismo tiempo encuentras platafomas de descargas no convencionales, por no decir ilegales, ah\u00ec te das cuenta que los contenidos escandalosos son los m\u00e0s requeridos, mientras que la parte alternativa de la m\u00fasica no encuentras esos canales de acceso o contacto deseado. Lo que no est\u00e0 siendo cuestionado es el modelo de internet,hasta que puntos ciertos conceptos ciberfetichistas favorecen a todos aquellos que dominan y controlan las tecnolog\u00edas, no cuestionamos la calidad del servicio, no est\u00e0 al servicio del ciudadano, sino solo de unos intereses corporativos que quiz\u00e1s no responden a la industria musical, responden a intereses tecnol\u00f3gicos alejados de la gente y solo son \u00f9tiles a ciertos basamentos industriales, nada m\u00e0s.<\/p>\n<p><a href=\"http:\/\/www.noticias1440.com.ar\/wp-content\/uploads\/2015\/05\/Ismael-Serrano-Fotos-Sony-Music-Arg-A007.jpg\"><img loading=\"lazy\" decoding=\"async\" class=\" size-medium wp-image-748 aligncenter\" src=\"http:\/\/www.noticias1440.com.ar\/wp-content\/uploads\/2015\/05\/Ismael-Serrano-Fotos-Sony-Music-Arg-A007-300x218.jpg\" alt=\"Ismael Serrano (Fotos Sony Music Arg - A007)\" width=\"300\" height=\"218\" srcset=\"https:\/\/noticias1440.com.ar\/wp-content\/uploads\/2015\/05\/Ismael-Serrano-Fotos-Sony-Music-Arg-A007-300x218.jpg 300w, https:\/\/noticias1440.com.ar\/wp-content\/uploads\/2015\/05\/Ismael-Serrano-Fotos-Sony-Music-Arg-A007.jpg 470w\" sizes=\"auto, (max-width: 300px) 100vw, 300px\" \/><\/a><\/p>\n<p><strong>Un d\u00eca te despert\u00e0s y en tu tel\u00e9fono te aparece sin pedir el \u00f9ltimo disco de los\u00a0U2. <\/strong><\/p>\n<p>Exacto, hay quienes dicen que la alternativa es esa, se cuestiona el modelo de negocio de la m\u00f9sica, hay algunos que dicen que eso no es muy diferente al modelo de mecenazgo, tradicionalmente se habla de las marcas. Lo que no se da cuenta la gente es que con este tipo de iniciativas, donde las marcas las que pagan al m\u00fasico, evitando esa situaci\u00f3n del comprador que cuando compra decide qu\u00e8 m\u00fasica compra, es que el m\u00fasico tiene m\u00e0s independencia por as\u00ec decirlo que cuando no est\u00e0 sujeto a lo que le dice la marca, o sea que el equilibrio es muy relativo, ah\u00ec no ten\u00e8s a un director de Arte con quien analizar el formato art\u00edstico de lo que hac\u00e8s, sino directivos de una empresa telef\u00f3nica, n\u00f2?, esa es la diferencia, es realmente esa. La gente no lo cuestiona y la tecnolog\u00eda va a tal velocidad, est\u00e1n m\u00e0s viendo las marcas o la promoci\u00f3n industrial que la m\u00fasica que est\u00e0 saliendo. \u00a0\u00a0\u00a0\u00a0\u00a0\u00a0\u00a0<\/p>\n<p>&nbsp;<\/p>\n<p>&nbsp;<\/p>\n<p>&nbsp;<\/p>\n","protected":false},"excerpt":{"rendered":"<p>Antes de sus presentaciones en el Gran Rex, el extraordinario cantautor espa\u00f1ol habl\u00f2 a solas con Noticias1440 de su \u00faltimo disco, su reciente paternidad, su tarea en cine y la tecnolog\u00eca en la industria musical actual.<\/p>\n","protected":false},"author":1,"featured_media":739,"comment_status":"closed","ping_status":"open","sticky":false,"template":"","format":"standard","meta":{"footnotes":""},"categories":[4],"tags":[],"class_list":["post-736","post","type-post","status-publish","format-standard","has-post-thumbnail","hentry","category-entrevistas"],"_links":{"self":[{"href":"https:\/\/noticias1440.com.ar\/index.php?rest_route=\/wp\/v2\/posts\/736","targetHints":{"allow":["GET"]}}],"collection":[{"href":"https:\/\/noticias1440.com.ar\/index.php?rest_route=\/wp\/v2\/posts"}],"about":[{"href":"https:\/\/noticias1440.com.ar\/index.php?rest_route=\/wp\/v2\/types\/post"}],"author":[{"embeddable":true,"href":"https:\/\/noticias1440.com.ar\/index.php?rest_route=\/wp\/v2\/users\/1"}],"replies":[{"embeddable":true,"href":"https:\/\/noticias1440.com.ar\/index.php?rest_route=%2Fwp%2Fv2%2Fcomments&post=736"}],"version-history":[{"count":4,"href":"https:\/\/noticias1440.com.ar\/index.php?rest_route=\/wp\/v2\/posts\/736\/revisions"}],"predecessor-version":[{"id":753,"href":"https:\/\/noticias1440.com.ar\/index.php?rest_route=\/wp\/v2\/posts\/736\/revisions\/753"}],"wp:featuredmedia":[{"embeddable":true,"href":"https:\/\/noticias1440.com.ar\/index.php?rest_route=\/wp\/v2\/media\/739"}],"wp:attachment":[{"href":"https:\/\/noticias1440.com.ar\/index.php?rest_route=%2Fwp%2Fv2%2Fmedia&parent=736"}],"wp:term":[{"taxonomy":"category","embeddable":true,"href":"https:\/\/noticias1440.com.ar\/index.php?rest_route=%2Fwp%2Fv2%2Fcategories&post=736"},{"taxonomy":"post_tag","embeddable":true,"href":"https:\/\/noticias1440.com.ar\/index.php?rest_route=%2Fwp%2Fv2%2Ftags&post=736"}],"curies":[{"name":"wp","href":"https:\/\/api.w.org\/{rel}","templated":true}]}}