{"id":653,"date":"2015-05-17T21:06:04","date_gmt":"2015-05-17T21:06:04","guid":{"rendered":"http:\/\/www.noticias1440.com.ar\/?p=653"},"modified":"2015-05-17T21:14:14","modified_gmt":"2015-05-17T21:14:14","slug":"juan-jose-campanella-anticipa-en-exclusiva-con-noticias-1440-el-esperado-debut-de-la-novela-entre-canibales","status":"publish","type":"post","link":"https:\/\/noticias1440.com.ar\/?p=653","title":{"rendered":"Juan Jos\u00e8 Campanella en exclusiva con Noticias 1440 adelanta el esperado debut de la novela\u201cEntre  Canibales\u201den Telef\u00e8"},"content":{"rendered":"<p>El prestigioso ganador del Oscar por\u201cEl secreto de sus ojos\u201dconcedi\u00f3 a este medio una extensa entrevista durante la presentaci\u00f3n del programa que Telef\u00e8 estrena este mi\u00e9rcoles a las 23 horas.<\/p>\n<p><!--more--><a href=\"http:\/\/www.noticias1440.com.ar\/wp-content\/uploads\/2015\/05\/Entrevista-Juan-Jos\u00e8-Campanella-Noticias1440-Portada-Interior.jpg\"><img loading=\"lazy\" decoding=\"async\" class=\" size-medium wp-image-656 aligncenter\" src=\"http:\/\/www.noticias1440.com.ar\/wp-content\/uploads\/2015\/05\/Entrevista-Juan-Jos\u00e8-Campanella-Noticias1440-Portada-Interior-300x244.jpg\" alt=\"Entrevista Juan Jos\u00e8 Campanella (Noticias1440 - Portada Interior)\" width=\"300\" height=\"244\" srcset=\"https:\/\/noticias1440.com.ar\/wp-content\/uploads\/2015\/05\/Entrevista-Juan-Jos\u00e8-Campanella-Noticias1440-Portada-Interior-300x244.jpg 300w, https:\/\/noticias1440.com.ar\/wp-content\/uploads\/2015\/05\/Entrevista-Juan-Jos\u00e8-Campanella-Noticias1440-Portada-Interior.jpg 471w\" sizes=\"auto, (max-width: 300px) 100vw, 300px\" \/><\/a><\/p>\n<p><strong>Por Gabriel Imparato<\/strong><\/p>\n<p><strong>(Capital Federal \u2013 Domingo 17 de Mayo de 2015)<\/strong> Finalmente en su esperado estreno este mi\u00e9rcoles puntualmente a las 23 horas, Telef\u00e8 presentar\u00e0 <strong>\u201cEntre Can\u00edbales\u201d,<\/strong> una historia de amor, venganza y redenci\u00f3n en el mundo de la pol\u00edtica. Ariana, protagonista central de la gran ficci\u00f3n que debutar\u00e0, es una mujer que fue violada por un grupo de j\u00f3venes hijos del poder en su adolescencia. Hoy, 20 a\u00f1os despu\u00e9s vuelve en busca de justicia y para ello deber\u00e1 insertarse en el entorno del candidato a presidente de la Naci\u00f3n. A pocas horas del estreno del destacado ciclo del canal de las pelotitas, la emisora present\u00f2 este programa en <strong>dos salas del complejo Hoyts en el Shopping DOT<\/strong>,producto de una vital excelencia en sus guiones y direcci\u00f3n a cargo de <strong>Juan Jos\u00e9 Campanella<\/strong>, ganador del premio Oscar por \u201cEl secreto de sus ojos\u201d, proyecto que cuenta con un elenco estelar encabezado por <strong>Natalia Oreiro, Benjam\u00edn Vicu\u00f1a y Joaqu\u00edn Furriel<\/strong>. Resulta en verdad importante destacar que esta esperada ficci\u00f3n ha sido proyectada y producida como una propuesta que re\u00fane los mejores talentos en cada uno de sus rubros, no solo del pa\u00eds sino con reconocimiento internacional para lograr una serie diferente y superior. Para este emprendimiento fue anunciada la alianza estrat\u00e9gica de <strong>Telef\u00e8<\/strong> junto a la se\u00f1al <strong>Monte Carlo Tv de Uruguay y FOX International Channels Latin America<\/strong>, particular uni\u00f3n que deparar\u00e0 gracias a este acuerdo que<strong>\u201cEntre Can\u00edbales\u201d<\/strong>sea emitido un d\u00eda despu\u00e9s a las 0 hs por la se\u00f1al <strong>FOX Life<\/strong> y naturalmente por la se\u00f1al oriental.<\/p>\n<p><a href=\"http:\/\/www.noticias1440.com.ar\/wp-content\/uploads\/2015\/05\/Presentaci\u00f2n-Entre-Canibales-Foto-Telef\u00e8-Noticias1440-C.jpg\"><img loading=\"lazy\" decoding=\"async\" class=\" size-medium wp-image-660 aligncenter\" src=\"http:\/\/www.noticias1440.com.ar\/wp-content\/uploads\/2015\/05\/Presentaci\u00f2n-Entre-Canibales-Foto-Telef\u00e8-Noticias1440-C-300x234.jpg\" alt=\"Presentaci\u00f2n Entre Canibales (Foto Telef\u00e8 - Noticias1440 C)\" width=\"300\" height=\"234\" srcset=\"https:\/\/noticias1440.com.ar\/wp-content\/uploads\/2015\/05\/Presentaci\u00f2n-Entre-Canibales-Foto-Telef\u00e8-Noticias1440-C-300x234.jpg 300w, https:\/\/noticias1440.com.ar\/wp-content\/uploads\/2015\/05\/Presentaci\u00f2n-Entre-Canibales-Foto-Telef\u00e8-Noticias1440-C.jpg 462w\" sizes=\"auto, (max-width: 300px) 100vw, 300px\" \/><\/a><\/p>\n<p>El ciclo que comenzar\u00e0 a mediados de semana destaca la utilizaci\u00f3n de tecnolog\u00eda 4K con las c\u00e1maras Sony F55 y los lentes Canon 120 y Fuji 300 de calidad cinematogr\u00e1fica, una especificaci\u00f3n t\u00e9cnica que permite lograr un producto con una imagen sin precedentes en la tv. En esta presentaci\u00f3n a la que asistieron los realizadores del ciclo, el equipo t\u00e9cnico y los int\u00e8rpretes, adem\u00e1s de sponsors y medios acreditados, se anunci\u00f3 que el programa del canal de las pelotitas contar\u00e0 con la m\u00fasica del reconocido artista <strong>Gustavo Cerati<\/strong>. A trav\u00e9s de un acuerdo con la <strong>familia Cerati<\/strong> y su editorial, la serie ser\u00e1 acompa\u00f1ada con las creaciones del genial artista argentino que est\u00e1n inclu\u00ecdas en el sello discogr\u00e1fico <strong>Sony Music Argentina<\/strong>, una reuni\u00f3n donde asistieron los directivos <strong>Dami\u00e0n Amato y Fernando Travi<\/strong> en representaci\u00f3n del sello musical, presentaci\u00f3n en la zona de Vicente L\u00f2pez que cont\u00f2 con la destacada presencia de <strong>Laura Cerati<\/strong>, hermana del reconocido l\u00edder de <strong>Soda St\u00e8reo<\/strong>, en nombre de la familia del superlativo m\u00fasico argentino. Esta valiosa uni\u00f3n entre aquellos creativos del ciclo de tv, los responsables de la casa discogr\u00e1fica y un familiar del guitarrista, lo que permitir\u00e1 presentar tambi\u00e9n en la tv argentina a nivel musical una excelencia sin precedentes. Minutos despu\u00e9s de la proyecci\u00f3n de un tr\u00e1iler y los primeros dos cap\u00edtulos del programa, el director <strong>Juan Jos\u00e8 Campanella<\/strong> dialog\u00f2 con Noticias 1440, un encuentro donde el ganador del Oscar por \u201cEl secreto de sus ojos\u201dexplic\u00f3 muchas de las caracter\u00edsticas del programa y aspectos vinculados con su faz profesional.<\/p>\n<p><a href=\"http:\/\/www.noticias1440.com.ar\/wp-content\/uploads\/2015\/05\/Sony-Music-y-Laura-Cerati-Foto-Mirta-Magallanes-Noticias1440.jpg\"><img loading=\"lazy\" decoding=\"async\" class=\" size-medium wp-image-657 aligncenter\" src=\"http:\/\/www.noticias1440.com.ar\/wp-content\/uploads\/2015\/05\/Sony-Music-y-Laura-Cerati-Foto-Mirta-Magallanes-Noticias1440-300x267.jpg\" alt=\"Sony Music y Laura Cerati (Foto Mirta Magallanes - Noticias1440)\" width=\"300\" height=\"267\" srcset=\"https:\/\/noticias1440.com.ar\/wp-content\/uploads\/2015\/05\/Sony-Music-y-Laura-Cerati-Foto-Mirta-Magallanes-Noticias1440-300x267.jpg 300w, https:\/\/noticias1440.com.ar\/wp-content\/uploads\/2015\/05\/Sony-Music-y-Laura-Cerati-Foto-Mirta-Magallanes-Noticias1440.jpg 339w\" sizes=\"auto, (max-width: 300px) 100vw, 300px\" \/><\/a><\/p>\n<p><strong>\u00bfQu\u00e8 significa para vos asumir el desaf\u00edo de hacer un ciclo diario de esta magnitud?<\/strong><\/p>\n<p>Lo hablaba un poco con Joaqu\u00ecn (Furriel), que es un veterano de estas l\u00ecdes, \u00e8l iba a hacer dos pel\u00edculas este a\u00f1o, no quer\u00eca volver a hacer una tira diaria, cuando hablamos del proyecto, como era y todo, me dijo una cosa\u201cestuve a\u00f1os diciendo que esto se pod\u00eda hacer bien y ahora que est\u00e0 la oportunidad no lo voy a hacer?\u201d, y entonces se prendi\u00f3. Hay una cosa que es verdad, Argentina tiene que salir a competir al mundo, el formato con el que tenemos que salir a competir tiene que ser este, entonces se trata de hacer las cosas y ver como se adapta a este formato la producci\u00f3n, para que se pueda hacer y el mismo sea sustentable, obviamente no es un cap\u00ectulo de\u201cVientos de agua\u201dpor d\u00eca(risas), pero para que sea sustentable y levante el nivel internacional y se pueda vender a todo el mundo.<\/p>\n<p><strong>Ah\u00ec comienza todo lo que significa la estructura de un programa Premium.<\/strong><\/p>\n<p>Bueno, ah\u00ec empezamos a trabajar y tengo que reconocer que Telef\u00e8 cumpli\u00f2 todas y cada una de las promesas, Tomas Yankelevich lo dijo como al pasar eso de\u201ccompramos c\u00e1maras nuevas\u201d, hay una inversi\u00f3n de un mill\u00f3n y medio de d\u00f3lares en esas c\u00e1maras, los decorados son algo nunca visto, te lo juro, son mejor que los de\u201cLa ley y el orden\u201d, que eran mejor a su vez que los de\u201cDr House\u201d, entr\u00e0s a esa municipalidad y es una municipalidad,son dos pisos as\u00ec, estamos filmando en Teleinde, son realmente excelentes, los montajistas no ponchan como se poncha en la tira, se filma con mucha puesta de c\u00e1mara, los montajistas pueden elegir buenas tomas, hay cinco montajistas, cada uno de ellos tiene seis d\u00edas h\u00e1biles para montar un cap\u00ectulo, o sea, se trabaja mucho m\u00e0s r\u00e1pido que una pel\u00edcula, pero se trabaja mucho m\u00e0s descansado que en una tira.<\/p>\n<p><a href=\"http:\/\/www.noticias1440.com.ar\/wp-content\/uploads\/2015\/05\/Presentaci\u00f2n-Entre-Canibales-Foto-Mirta-Magallanes-Noticias1440-B.jpg\"><img loading=\"lazy\" decoding=\"async\" class=\" size-medium wp-image-658 aligncenter\" src=\"http:\/\/www.noticias1440.com.ar\/wp-content\/uploads\/2015\/05\/Presentaci\u00f2n-Entre-Canibales-Foto-Mirta-Magallanes-Noticias1440-B-300x221.jpg\" alt=\"Presentaci\u00f2n Entre Canibales (Foto Mirta Magallanes - Noticias1440 B)\" width=\"300\" height=\"221\" srcset=\"https:\/\/noticias1440.com.ar\/wp-content\/uploads\/2015\/05\/Presentaci\u00f2n-Entre-Canibales-Foto-Mirta-Magallanes-Noticias1440-B-300x221.jpg 300w, https:\/\/noticias1440.com.ar\/wp-content\/uploads\/2015\/05\/Presentaci\u00f2n-Entre-Canibales-Foto-Mirta-Magallanes-Noticias1440-B.jpg 412w\" sizes=\"auto, (max-width: 300px) 100vw, 300px\" \/><\/a><\/p>\n<p><strong>La\u201cidea cero\u201dde\u201cEntre Can\u00ecbales\u201dfue tuya?<\/strong><\/p>\n<p>N\u00f2, la\u201cidea cero\u201dme la tiraron para ver si me pod\u00eda hacer cargo, lo que fuimos cambiando con el desarrollo fue el contexto, hab\u00eda cosas de pol\u00edtica en el asunto pero no era real, era la pol\u00edtica de una familia aristocr\u00e1tica, no era la pol\u00edtica del conurbamo, digamos, era la pol\u00edtica ficticia de la familia millonaria, cr\u00eca un hijo para ser presidente, eso ac\u00e0 no existe, entonces fuimos tir\u00e1ndola para una cosa m\u00e0s real y m\u00e0s de calle. \u00a0\u00a0\u00a0\u00a0\u00a0\u00a0\u00a0\u00a0\u00a0\u00a0\u00a0\u00a0\u00a0\u00a0\u00a0\u00a0\u00a0\u00a0\u00a0\u00a0\u00a0\u00a0\u00a0\u00a0\u00a0\u00a0<\/p>\n<p><strong>Resististe la intensidad de hacer Metegol\u00bfhace esto en tv te baja en algo la ansiedad? <\/strong><\/p>\n<p>La verdad, la intensidad de este programa es mucho mayor que la de Metegol, pero por lo menos esto en octubre termina, \u201cMetegol\u201d\u2026yo ya no la puedo ver, una larga etapa de mi vida, fueron siete a\u00f1os, esto es lo que tiene de lindo la televisi\u00f3n, yo paso de la televisi\u00f3n al cine y del cine a la televisi\u00f3n, porque es la inmediatez de la televisi\u00f3n, de poder ver ahora las cosas que hemos filmado hace un mes y medio, es incre\u00edble, me gusta, me gusta, estamos tratando de hacer cuatro\u201cunitarios\u201dpor semana, m\u00e0s que una tira propiamente dicha. Estoy escribiendo los guiones, tambi\u00e9n est\u00e0 Gustavo Bellati, Emmanuel Diez, tambi\u00e9n Angie Men\u00e8ndez, Nacho Gatero, estuvo en un tiempo Melania Cucho, y bueno, yo reescribo todos los cap\u00edtulos.<\/p>\n<p><a href=\"http:\/\/www.noticias1440.com.ar\/wp-content\/uploads\/2015\/05\/Presentaci\u00f2n-Entre-Canibales-Foto-Telef\u00e8-Noticias1440-B.jpg\"><img loading=\"lazy\" decoding=\"async\" class=\" size-medium wp-image-659 aligncenter\" src=\"http:\/\/www.noticias1440.com.ar\/wp-content\/uploads\/2015\/05\/Presentaci\u00f2n-Entre-Canibales-Foto-Telef\u00e8-Noticias1440-B-300x203.jpg\" alt=\"Presentaci\u00f2n Entre Canibales (Foto Telef\u00e8 - Noticias1440 B)\" width=\"300\" height=\"203\" srcset=\"https:\/\/noticias1440.com.ar\/wp-content\/uploads\/2015\/05\/Presentaci\u00f2n-Entre-Canibales-Foto-Telef\u00e8-Noticias1440-B-300x203.jpg 300w, https:\/\/noticias1440.com.ar\/wp-content\/uploads\/2015\/05\/Presentaci\u00f2n-Entre-Canibales-Foto-Telef\u00e8-Noticias1440-B.jpg 408w\" sizes=\"auto, (max-width: 300px) 100vw, 300px\" \/><\/a><\/p>\n<p><strong>\u00bfEs una forma de descomprimir la presi\u00f3n hasta volver al cine encarando otra cosa?<\/strong><\/p>\n<p>N\u00f2, los decibeles los voy a bajar cuando haga cine, entiendo a qu\u00e8 apuntas con el \u00e0ngulo de la pregunta, en realidad lo de\u201cMetegol\u201dfue mucha presi\u00f3n y tensi\u00f3n junta, pero el a\u00f1o pasado baj\u00e8 un cachito, \u201cMetegol\u201dla terminamos en 2013, el a\u00f1o pasado hice algunos programas en los Estados Unidos, sigui\u00f3 ac\u00e0\u201cParque Lezama\u201d, estuvimos escribiendo esto desde junio, la segunda mitad del a\u00f1o fue escribir esto, bastante m\u00e0s relajado.<\/p>\n<p><strong>\u00bfC\u00f2mo fue trabajar con Natalia Oreiro y los dos protagonistas?<\/strong><\/p>\n<p>Con ella nos llevamos b\u00e1rbaro y adem\u00e1s se llevan muy bien todos, todo el equipo, ellos con todo el equipo, esto es super mega recontra ultra profesional, no llega tarde un minuto, la letra est\u00e0 sabida siempre, se fija en los m\u00e0s \u00ednfimos detalles, hace tres meses que estamos filmando y los actores vienen con la letra sabida, cosa que en una tira no suele ocurrir, tambi\u00e9n nos genera una obligaci\u00f3n de escribir buen di\u00e1logo, porque cuando empiecen a leer cosas que no les guste se descalabra todo, entonces todos nos estamos manteniendo ah\u00ec. Lo que ustedes vieron hoy es material de los doce primeros cap\u00edtulos, no es que tiramos la carne a la parrilla en el piloto y despu\u00e9s surfeamos, todos los cap\u00edtulos est\u00e1n a ese nivel.<\/p>\n<p><strong>\u00bfQu\u00e9 te genera emplear la m\u00fasica de Gustavo Cerati en esta ficci\u00f3n?<\/strong><\/p>\n<p>Le asigno mucha significaci\u00f3n a que su m\u00fasica est\u00e8 coreografiando buena parte de las im\u00e1genes del programa, es algo muy bueno, fue una idea de Tom\u00e0s Yankelevich, algo que compramos inmediatamente porque no se trata solamente de los temas, no es un recurso en el medio de la acci\u00f3n que aparece un tema de Cerati, sino que es usar su m\u00fasica, la m\u00fasica que \u00e8l compuso, a veces, creo que casi nunca sacando la parte de los t\u00edtulos y al final, es rara la vez que est\u00e0 el tema cantado por \u00e8l, es utilizar su m\u00fasica orquestada y armada especialmente para la serie, cosa que las tiras tampoco tienen porque es la bajada de p\u00f9a en el disco, entonces ah\u00ec cort\u00e0s en cierto lugar, pero ac\u00e0 hay otra utilizaci\u00f3n.<\/p>\n<p><a href=\"http:\/\/www.noticias1440.com.ar\/wp-content\/uploads\/2015\/05\/Juan-Jos\u00e8-Campanella-Foto-Prensa-Raquel-Flotta-B.jpg\"><img loading=\"lazy\" decoding=\"async\" class=\" size-medium wp-image-662 aligncenter\" src=\"http:\/\/www.noticias1440.com.ar\/wp-content\/uploads\/2015\/05\/Juan-Jos\u00e8-Campanella-Foto-Prensa-Raquel-Flotta-B-300x220.jpg\" alt=\"Juan Jos\u00e8 Campanella (Foto Prensa Raquel Flotta B)\" width=\"300\" height=\"220\" srcset=\"https:\/\/noticias1440.com.ar\/wp-content\/uploads\/2015\/05\/Juan-Jos\u00e8-Campanella-Foto-Prensa-Raquel-Flotta-B-300x220.jpg 300w, https:\/\/noticias1440.com.ar\/wp-content\/uploads\/2015\/05\/Juan-Jos\u00e8-Campanella-Foto-Prensa-Raquel-Flotta-B.jpg 458w\" sizes=\"auto, (max-width: 300px) 100vw, 300px\" \/><\/a><\/p>\n<p><strong>\u201cShowMatch\u201d, \u201cOnur\u201d, \u201cEntre can\u00edbales\u201d, la franja primer time est\u00e0 muy heavy!<\/strong><\/p>\n<p>Y s\u00ec, mir\u00e0\u2026vos sab\u00e8s que al final lo que el p\u00fablico elige no tiene nada que ver con la calidad, n\u00f2, no lo quise decir as\u00ec, quiero decir que nosotros podemos hacer algo que est\u00e0 buen\u00edsimo pero si no hay qu\u00edmica entre los personajes, no hay qu\u00edmica entre ellos, aunque est\u00e8 filmado con sonido cuadraf\u00f3nico, que antiguo!!, digo sonido cuadraf\u00f3nico como el paradigma de lo moderno, viste?&#8230;pero creo que la serie engancha mucho, nos estamos fijando mucho en los cap\u00edtulos, hay un crecimiento en los cap\u00edtulos como en toda la serie, hay un crecimiento, hay m\u00e0s acci\u00f3n, m\u00e0s enganche, m\u00e0s amor, cuando las historias se van calentando son cada vez m\u00e0s ricas. Onur no es nuestro problema porque vamos a estar compitiendo en el horario con Tinelli, son dos propuestas muy distintas, yo no creo que vayan a un p\u00fablico distinto, generalmente, adem\u00e1s no quiero ir a un p\u00fablico distinto, pues generalmente cuando se dice que van a un p\u00fablico distinto deja impl\u00edcito que lo nuestro es la \u00e8lite y Tinelli lo grande. Si vos ves lo demogr\u00e1fico, Tinelli tiene un mont\u00f2n de p\u00fablico ABC1,as\u00ec que\u2026es de todos lados, eso es lo que han hecho mis pel\u00edculas y mis programas,\u00a0queremos de todos lados y de todo tipo de p\u00fablico, pero tambi\u00e9n queremos competir con el cable, queremos traer gente que huy\u00f2 de la televisi\u00f3n abierta argentina, la queremos traer de vuelta, como fue y ocurri\u00f3 con\u201cEl hombre de tu vida\u201d. As\u00ec que a ellos apelo tambi\u00e9n.<\/p>\n<p><strong>\u00bfCu\u00e0nto te ayud\u00f2 para este papel que Natalia viniese del personaje de\u201cLynch\u201d?<\/strong><\/p>\n<p>Ella utiliz\u00f2 ciertas cosas, tambi\u00e9n utiliz\u00f2 mucho de cosas que trabaj\u00f2 en\u201cInfancia Clandestina\u201d, pero ella tambi\u00e9n se entrevisto tambi\u00e9n con mujeres que pasaron por ese trance, esa situaci\u00f3n o ese traume, ella hizo mucho trabajo de investigaci\u00f3n, lo que ocurre y sucede con psic\u00f3logos, con asistentes sociales, mujeres violadas, lo que ocurre y uno descubre en el momento es que no hay dos casos iguales, no hay, no es como que hace un puente, hay por ah\u00ec mecanismos que se repiten cada tanto, pero todos reaccionan de una manera distinta, especialmente en las secuelas que dejan, pero es una investigaci\u00f3n que sirvi\u00f3 much\u00edsimo, porque as\u00ec pudimos armar un personaje.<\/p>\n<p><a href=\"http:\/\/www.noticias1440.com.ar\/wp-content\/uploads\/2015\/05\/Juan-Jos\u00e8-Campanella-Foto-Prensa-Raquel-Flotta-A.jpg\"><img loading=\"lazy\" decoding=\"async\" class=\" size-medium wp-image-661 aligncenter\" src=\"http:\/\/www.noticias1440.com.ar\/wp-content\/uploads\/2015\/05\/Juan-Jos\u00e8-Campanella-Foto-Prensa-Raquel-Flotta-A-300x149.jpg\" alt=\"Juan Jos\u00e8 Campanella (Foto Prensa Raquel Flotta A)\" width=\"300\" height=\"149\" srcset=\"https:\/\/noticias1440.com.ar\/wp-content\/uploads\/2015\/05\/Juan-Jos\u00e8-Campanella-Foto-Prensa-Raquel-Flotta-A-300x149.jpg 300w, https:\/\/noticias1440.com.ar\/wp-content\/uploads\/2015\/05\/Juan-Jos\u00e8-Campanella-Foto-Prensa-Raquel-Flotta-A.jpg 522w\" sizes=\"auto, (max-width: 300px) 100vw, 300px\" \/><\/a><\/p>\n<p><strong>\u00bfC\u00f2mo fue la remasterizaci\u00f2n de\u201cLa Tregua\u201dque se vio en el BAFICI17?<\/strong><\/p>\n<p>Es una pel\u00edcula que estaba pr\u00e1cticamente perdida, con una copia que fue la mejor que encontramos, que estaba muy arruinada, como todo film del cine argentino anterior el sonido es desastroso, el software que nosotros trajimos es el \u00fanico en Latinoam\u00e8rica, viste lo que era el antes y el despu\u00e9s?&#8230;el sonido era latoso y r\u00e1pido, a una copia con sonido real, vamos a seguir trabajando, hay un par de escenitas que las vimos por primera vez ah\u00ec en pantalla grande en la pasada del BAFICI que las vamos a seguir depurando, pero la verdad era rescatar una pel\u00edcula que estaba pr\u00e1cticamente p\u00e8rdida, me emocion\u00f2 mucho la presencia de Sergio (Ren\u00e0n) ese d\u00eca, y ahora seguimos, adem\u00e1s de seguir depurando La Tregua, estamos con el film\u201cMujeres que trabajan\u201d, ya vamos a pel\u00edculas m\u00e0s viejas, era la idea de trabajar con La Tregua, ya se cumpl\u00eca el tiempo el a\u00f1o pasado, se cumpl\u00ecan 40 a\u00f1os, llegamos un poco tarde pero en un momento elegimos, hacemos la fiesta aunque no est\u00e8 terminada o la terminamos bien?&#8230;igual como te digo al verla proyectada en pantalla grande vimos un par de cositas que se pueden salvar, pero hay otras cosas que realmente son insalvables, tampoco se puede ir m\u00e0s lejos que el original.<\/p>\n<p><strong>\u00bfTe sorprendi\u00f3 la convocatoria a Szifr\u00f2n para armar la historia del piloto estadounidense\u00a0Steve Austin?<\/strong><\/p>\n<p>Que lo hayan llamado a Dami\u00e0n Szifr\u00f2n para escribir y dirigir la versi\u00f3n f\u00edlmica de la gran serie televisiva \u201cThe Six Million Dollar Man\u201d(El Hombre Nuclear)es b\u00e1rbaro, a Dami\u00e0n le gustan mucho esas cosas, es lo que hace la industria, yo despu\u00e9s del Oscar he recibido propuestas as\u00ec, ocurren siempre, permanentemente buscando talento que salga del molde americano. \u201cRelatos Salvajes\u201des un pel\u00eccul\u00f2n que llam\u00f2 mucho la atenci\u00f3n, yo en el momento que ocurri\u00f3, a m\u00ec no me tira mucho por el lado de los super h\u00e9roes y todo eso, hubo uno que parec\u00eda interesante, me mandaron el gui\u00f2n pero no me hab\u00eda gustado, yo no tengo ganas de escribir, por ah\u00ec Dami\u00e0n tambi\u00e9n lo escribe, tiene ganas de escribilo, le llega mucho, yo la verdad eso cuando pas\u00f2 estaba ac\u00e0, haciendo en ese momento Metegol, me parece b\u00e1rbaro, all\u00e0 se trabaja bien, es otra industria.<\/p>\n","protected":false},"excerpt":{"rendered":"<p>El prestigioso ganador del Oscar por\u201cEl secreto de sus ojos\u201dconcedi\u00f3 a este medio una extensa entrevista durante la presentaci\u00f3n del programa que Telef\u00e8 estrena este mi\u00e9rcoles a las 23 horas.<\/p>\n","protected":false},"author":1,"featured_media":654,"comment_status":"closed","ping_status":"open","sticky":false,"template":"","format":"standard","meta":{"footnotes":""},"categories":[6],"tags":[],"class_list":["post-653","post","type-post","status-publish","format-standard","has-post-thumbnail","hentry","category-lanzamientos"],"_links":{"self":[{"href":"https:\/\/noticias1440.com.ar\/index.php?rest_route=\/wp\/v2\/posts\/653","targetHints":{"allow":["GET"]}}],"collection":[{"href":"https:\/\/noticias1440.com.ar\/index.php?rest_route=\/wp\/v2\/posts"}],"about":[{"href":"https:\/\/noticias1440.com.ar\/index.php?rest_route=\/wp\/v2\/types\/post"}],"author":[{"embeddable":true,"href":"https:\/\/noticias1440.com.ar\/index.php?rest_route=\/wp\/v2\/users\/1"}],"replies":[{"embeddable":true,"href":"https:\/\/noticias1440.com.ar\/index.php?rest_route=%2Fwp%2Fv2%2Fcomments&post=653"}],"version-history":[{"count":7,"href":"https:\/\/noticias1440.com.ar\/index.php?rest_route=\/wp\/v2\/posts\/653\/revisions"}],"predecessor-version":[{"id":719,"href":"https:\/\/noticias1440.com.ar\/index.php?rest_route=\/wp\/v2\/posts\/653\/revisions\/719"}],"wp:featuredmedia":[{"embeddable":true,"href":"https:\/\/noticias1440.com.ar\/index.php?rest_route=\/wp\/v2\/media\/654"}],"wp:attachment":[{"href":"https:\/\/noticias1440.com.ar\/index.php?rest_route=%2Fwp%2Fv2%2Fmedia&parent=653"}],"wp:term":[{"taxonomy":"category","embeddable":true,"href":"https:\/\/noticias1440.com.ar\/index.php?rest_route=%2Fwp%2Fv2%2Fcategories&post=653"},{"taxonomy":"post_tag","embeddable":true,"href":"https:\/\/noticias1440.com.ar\/index.php?rest_route=%2Fwp%2Fv2%2Ftags&post=653"}],"curies":[{"name":"wp","href":"https:\/\/api.w.org\/{rel}","templated":true}]}}