{"id":535,"date":"2015-04-27T23:10:07","date_gmt":"2015-04-27T23:10:07","guid":{"rendered":"http:\/\/www.noticias1440.com.ar\/?p=535"},"modified":"2015-04-29T15:42:05","modified_gmt":"2015-04-29T15:42:05","slug":"jorge-rial-regresa-agran-hermanoen-america-el-sauna-de-la-casa-va-a-ser-la-jaboneria-de-vieytes","status":"publish","type":"post","link":"https:\/\/noticias1440.com.ar\/?p=535","title":{"rendered":"Jorge Rial estrena \u201cGran Hermano 2015\u201d en Am\u00e8rica: \u201cEl sauna de la casa va a ser la Jaboner\u00eca de Vieytes\u201d"},"content":{"rendered":"<p>Este mi\u00e9rcoles a partir de las 21 horas vuelve el m\u00ectico reality de convivencia\u00a0con\u00a0la animaci\u00f3n del conductor de \u201cIntrusos\u201d, una noticia que Jorge Rial analiz\u00f2 a solas con Noticias1440. En una extensa entrevista exclusiva en Palermo, la experimentada estrella de Am\u00e8rica se refiri\u00f3 totalmente sincero y feliz a much\u00edsimos temas de actualidad.<\/p>\n<p><!--more--><a href=\"http:\/\/www.noticias1440.com.ar\/wp-content\/uploads\/2015\/04\/Jorge-Rial-Foto-Noticias1440-Headline-Abril-2015.jpg\"><img loading=\"lazy\" decoding=\"async\" class=\" size-medium wp-image-538 aligncenter\" src=\"http:\/\/www.noticias1440.com.ar\/wp-content\/uploads\/2015\/04\/Jorge-Rial-Foto-Noticias1440-Headline-Abril-2015-300x185.jpg\" alt=\"Jorge Rial (Foto Noticias1440 - Headline  Abril 2015)\" width=\"300\" height=\"185\" srcset=\"https:\/\/noticias1440.com.ar\/wp-content\/uploads\/2015\/04\/Jorge-Rial-Foto-Noticias1440-Headline-Abril-2015-300x185.jpg 300w, https:\/\/noticias1440.com.ar\/wp-content\/uploads\/2015\/04\/Jorge-Rial-Foto-Noticias1440-Headline-Abril-2015.jpg 529w\" sizes=\"auto, (max-width: 300px) 100vw, 300px\" \/><\/a><\/p>\n<p><strong>Por Gabriel Imparato<\/strong><\/p>\n<p><strong>(Capital Federal &#8211; Lunes 27 de Abril de 2015)<\/strong> Este mi\u00e9rcoles segundos antes de las 21 horas, todas las miradas se concentrar\u00e0n en la transmisi\u00f3n de Am\u00e8rica TV, canal que emitir\u00e0 la nueva edici\u00f3n del reality m\u00e0s famoso de todos los tiempos. \u201cGran Hermano 2015\u201des la gran apuesta de la productora Endemol(Mart\u00ecn Kweller)\u00a0en la pantalla de canal dirigido ejecutivamente por Daniel Vila, programa que tendr\u00e1 a su esposa Pamela David como la responsable de conducir los debates del ciclo, con una muy importante gama de panelistas invitados, entre ellos Augusto Tartufoli y Yanina Latorre, secuencia de trabajo donde Rodrigo Lussich obrar\u00e0 como el comunicador con aquellos que vayan entrando o saliendo de la\u201ccasa\u201dm\u00e0s popular de la televisi\u00f3n abierta. A escasas horas de su regreso como animador de este ciclo al que aport\u00f2 toda su impronta, Jorge Rial habl\u00f2 a solas con Noticias1440 en un moderno sal\u00f2n de Palermo\u00a0para explicar la esperada vuelta de este programa y tambi\u00e9n referirse a muchos temas de inter\u00e9s que est\u00e1n relacionados con su inagotable profesi\u00f3n:\u00a0\u00a0\u00a0\u00a0\u00a0\u00a0\u00a0\u00a0\u00a0\u00a0\u00a0\u00a0<\/p>\n<p><a href=\"http:\/\/www.noticias1440.com.ar\/wp-content\/uploads\/2015\/04\/Gran-Hermano-2015-Prensa-Am\u00e8rica-Noticias1440-A001.jpg\"><img loading=\"lazy\" decoding=\"async\" class=\" size-medium wp-image-539 aligncenter\" src=\"http:\/\/www.noticias1440.com.ar\/wp-content\/uploads\/2015\/04\/Gran-Hermano-2015-Prensa-Am\u00e8rica-Noticias1440-A001-300x221.jpg\" alt=\"Gran Hermano 2015 (Prensa Am\u00e8rica - Noticias1440 A001)\" width=\"300\" height=\"221\" srcset=\"https:\/\/noticias1440.com.ar\/wp-content\/uploads\/2015\/04\/Gran-Hermano-2015-Prensa-Am\u00e8rica-Noticias1440-A001-300x221.jpg 300w, https:\/\/noticias1440.com.ar\/wp-content\/uploads\/2015\/04\/Gran-Hermano-2015-Prensa-Am\u00e8rica-Noticias1440-A001.jpg 509w\" sizes=\"auto, (max-width: 300px) 100vw, 300px\" \/><\/a><\/p>\n<p><strong>\u00bfC\u00f2mo viv\u00ecs este regreso del programa a pocas horas de su debut en Am\u00e8rica?<\/strong><\/p>\n<p>Hace cuatro a\u00f1os dej\u00e8 GH y dije \u201cno vuelvo\u201d, cre\u00ec que no volv\u00eca m\u00e0s, pens\u00e9 que GH necesita una nueva generaci\u00f3n pero la uni\u00f3n de GH (Endemol) con Am\u00e8rica que es mi casa fue demasiado fuerte, imposible de rechazar y ac\u00e0 estoy, al frente de la casa m\u00e0s famosa del pa\u00eds, la madre o el padre de todos los realitys. Todos quieren estar dentro de esta casa pero en total van a ser catorce, catorce privilegiados. Como toda casa,la cual hace rato que ya est\u00e0 latiendo, probablemente la m\u00e0s bonita de todas, esta casa va a tener sorpresas, va a tener misterio, desde el primer d\u00eca habr\u00e1 golpes y cosas que van a sorprender. La primera, que GH va por Am\u00e8rica, es un esfuerzo enorme. Las historias son maravillosas. Solo ocho personas conocemos a las personas que van a estar adentro. El mi\u00e9rcoles se abre la casa m\u00e0s famosa del pa\u00eds, con todo el canal detr\u00e1s, las redes social estar\u00e1n dentro y fuera, podr\u00e1 seguirse de adentro y afuera, podr\u00e1 verse todo. El sauna va a ser \u00abla jaboner\u00eca de Vieytes\u00bb, habr\u00e1 transmisi\u00f3n durante la trasnoche de Am\u00e8rica y un canal de Youtube. Todos los d\u00edas habr\u00e1 debate.<\/p>\n<p><strong>Se te nota muy emocionado a pocas horas de la primera emisi\u00f3n.<\/strong><\/p>\n<p>S\u00ec, todav\u00eda no ca\u00ec, el d\u00eca de la gala va a ser muy fuerte ah\u00ec con los chicos, me emociona hacer este programa, pens\u00e9 que no lo iba a hacer m\u00e0s, de verdad. Si no hubiese sido en Am\u00e8rica no lo hubiese hecho, pero se dio que es en mi casa, Am\u00e8rica y ac\u00e0 estoy, no les puedo decir que n\u00f2, con mucha expectativa, muchas ganas, estoy muy entusiasmado, el casting es muy bueno y la casa es la mejor de todas , comparando con las anteriores.<\/p>\n<p><strong>Es el regreso del programa en tiempos sociales totalmente diferentes.<\/strong><\/p>\n<p>Cambi\u00f2 mucho desde aqu\u00e8l momento, en su momento cumbre el programa marc\u00f2 50.3, tambi\u00e9n ten\u00eda que ver que no hab\u00eda en esa \u00e9poca redes sociales, no hab\u00eda nada y entonces la gente pod\u00eda ver GH \u00fanicamente en la televisi\u00f3n, es otro momento donde el rating de la tv es totalmente distinto, ante las expectativas del canal, creo que va a ser un gran programa, yo tengo puesta mucha expectativa personalmente, hay mucha expectativa de la gente, la noto en lo cotidiano, que tienen ganas de conocer a los chicos y a la casa. Creo que vamos a tener un gran producto, creo que va a ser mucho mejor que lo que algunos imaginan.<\/p>\n<p><a href=\"http:\/\/www.noticias1440.com.ar\/wp-content\/uploads\/2015\/04\/Gran-Hermano-2015-Prensa-Am\u00e8rica-Noticias1440-A002.jpg\"><img loading=\"lazy\" decoding=\"async\" class=\" size-medium wp-image-540 aligncenter\" src=\"http:\/\/www.noticias1440.com.ar\/wp-content\/uploads\/2015\/04\/Gran-Hermano-2015-Prensa-Am\u00e8rica-Noticias1440-A002-300x201.jpg\" alt=\"Gran Hermano 2015 (Prensa Am\u00e8rica - Noticias1440 A002)\" width=\"300\" height=\"201\" srcset=\"https:\/\/noticias1440.com.ar\/wp-content\/uploads\/2015\/04\/Gran-Hermano-2015-Prensa-Am\u00e8rica-Noticias1440-A002-300x201.jpg 300w, https:\/\/noticias1440.com.ar\/wp-content\/uploads\/2015\/04\/Gran-Hermano-2015-Prensa-Am\u00e8rica-Noticias1440-A002.jpg 517w\" sizes=\"auto, (max-width: 300px) 100vw, 300px\" \/><\/a><\/p>\n<p><strong>De alguna manera tu relaci\u00f3n con el ciclo qued\u00f3 afectada en el \u00faltimo reality.<\/strong><\/p>\n<p>Para m\u00ec, es una cuesti\u00f3n personal, me fu\u00ec antes que terminara el \u00faltimo GH, en medio de mi separaci\u00f3n,que fue como todos saben, una cuesti\u00f3n muy traum\u00e1tica, ten\u00eda que decidir,\u00a0o le pon\u00eca toda mi energ\u00eda personal a eso que me pasaba o\u00a0ten\u00eda que escuchar veinte historias que para cada uno de los chicos era importante, pero para m\u00ec no lo era, por suerte en ese momento el canal lo entendi\u00f2, dije que no estaba listo para escuchar historias que no fueran las m\u00ecas. Por eso me fu\u00ec, por eso ahora s\u00ec, vuelvo, ya mi historia personal est\u00e0 rearmada y puedo escuchar lo que a uno a veces le parece una tonter\u00eca, la tintura para el pelo, que para nosotros es una estupidez, para ellos es una hecatombe. En verdad para m\u00ec este programa es una revancha, cuando me fu\u00ec, lo hice de una manera que no ten\u00eca ganas, pero me ten\u00eda que ir porque mi vida personal era un caos, mi cabeza no daba para m\u00e0s y no pod\u00eda estar escuchando una chica dentro de la casa que se preocupaba por la tintura, cuando yo ten\u00eda afuera unos quilombos infernales, entonces esta es una revancha que me da Am\u00e8rica.\u00a0\u00a0\u00a0\u00a0<\/p>\n<p><strong>\u00bfEl canal estar\u00e0 alineado a favor del rating con una sinergia de toda la grilla?<\/strong><\/p>\n<p>Yo creo que corresponde y la \u00fanica se\u00f1al que lo puede hacer es Am\u00e8rica, es un canal 24 horas en vivo, adem\u00e1s estamos todos alineados, pero n\u00f2 alineados por una orden desde arriba, digamos que tenemos buena onda. El \u00e9xito de aqu\u00e8l momento con los 50 puntos en Telef\u00e8 tuvo que ver con eso, yo me acuerdo que llegaba y ten\u00eda que salir en vivo con el noticiero, ten\u00eca que hacer nota con AM, me quedaba hasta las 3 de la ma\u00f1ana haciendo notas, creo que parte del \u00e9xito es eso, ten\u00e8s que tener el canal atr\u00e1s, creo que Am\u00e8rica entendi\u00f3 exactamente eso. Todos los programas en vivo, si algo est\u00e0 pasando van a poder espiar la casa. Una semana se nomina y la siguiente se expulsa. Por ahora ser\u00e1 as\u00ec, salvo que explote el minuto a minuto por algo, nos manejaremos.<\/p>\n<p><strong>Intrusos tiene buen rating en su repetici\u00f3n de trasnoche. \u00bfA GH le servir\u00e1 eso?<\/strong><\/p>\n<p>Para GH que haya transmisi\u00f3n durante la trasnoche, es important\u00edsimo, para GH la madrugada es muy importante, yo creo que es fundamental, como son fundamentales los debates, los mismos presiento que van a ser m\u00e0s calientes, porque ac\u00e0 van a rotar mucho los panelistas, habr\u00e1 una persona que va a analizar los gestos. El aislamiento va a ser importante, al final de la historia tal vez cambie un poco, cambian las reglas de juego dentro de la casa, va a haber espacios nuevos, van a tener que estar al palo todo el d\u00eca los chicos. Adem\u00e0s, mir\u00e0, por m\u00e0s redes sociales que haya, a ellos les consta, lo que m\u00e0s valoran es el contacto f\u00edsico, cuando yo entro a la casa y les digo\u201cHermanitos!\u201dy ellos se juntan, ellos analizan como estoy yo de \u00e0nimo ese d\u00eca,si les habl\u00e8, si no les habl\u00e8, aprend\u00ec a manejarlo eso, alguna vez me toc\u00f2 hacerle la psicol\u00f3gica a un chico y en media hora sacarlo de la casa, no importa, as\u00ec que estoy preparado.<\/p>\n<p><a href=\"http:\/\/www.noticias1440.com.ar\/wp-content\/uploads\/2015\/04\/Gran-Hermano-2015-Prensa-Am\u00e8rica-Noticias1440-A003.jpg\"><img loading=\"lazy\" decoding=\"async\" class=\" size-medium wp-image-541 aligncenter\" src=\"http:\/\/www.noticias1440.com.ar\/wp-content\/uploads\/2015\/04\/Gran-Hermano-2015-Prensa-Am\u00e8rica-Noticias1440-A003-300x292.jpg\" alt=\"Gran Hermano 2015 (Prensa Am\u00e8rica - Noticias1440 A003)\" width=\"300\" height=\"292\" srcset=\"https:\/\/noticias1440.com.ar\/wp-content\/uploads\/2015\/04\/Gran-Hermano-2015-Prensa-Am\u00e8rica-Noticias1440-A003-300x292.jpg 300w, https:\/\/noticias1440.com.ar\/wp-content\/uploads\/2015\/04\/Gran-Hermano-2015-Prensa-Am\u00e8rica-Noticias1440-A003-50x50.jpg 50w, https:\/\/noticias1440.com.ar\/wp-content\/uploads\/2015\/04\/Gran-Hermano-2015-Prensa-Am\u00e8rica-Noticias1440-A003.jpg 359w\" sizes=\"auto, (max-width: 300px) 100vw, 300px\" \/><\/a><\/p>\n<p><strong>\u00bfEst\u00e0s entusiasmado con las personas que ingresar\u00e0n este mi\u00e9rcoles?<\/strong><\/p>\n<p>Me gustan mucho las historias de los chicos, me divierten mucho esas cosas, despu\u00e9s es un programa que internacionalmente vas a cualquier lugar y te preguntan. \u201cSoy conductor de GH\u201dy te dicen \u201cen serio?\u201d, es un formato televisivo muy conocido. Se presentaron en el casting muchos que quer\u00ecan mostrar ese lado delator, muchos creyeron que nosotros \u00ecbamos a ir por ese lado, pero ac\u00e0 lo que importa son las historias de los participantes. Esta es la generaci\u00f3n GH, estos pibes ve\u00ecan GH todo el d\u00eca, igual ojo, se creen vivos y se creen que se la saben todas, la casa se los va a llevar puestos. Particip\u00e8 del casting final, conozco quienes son.<\/p>\n<p><strong>\u00bfCu\u00e0nta incidencia tendr\u00e1 el humorista que creci\u00f3 en vos ahora con este programa?<\/strong><\/p>\n<p>Depende mucho de los chicos, eh\u2026yo te voy a decir algo, yo nunca le pegu\u00e8 a un ganador de GH, nunca, a los que yo vot\u00e8 , ninguno gan\u00f3, es muy dif\u00edcil saberlo, porque los chicos son el coraz\u00f3n de la casa, ah\u00ec sabr\u00e8 si en uno pongo humor o en otro pongo dramatismo, a veces ten\u00e8s que ponerle vos pila para levantarlo, porque hay participantes que parecen una planta y cuando entran son unos leones, pero hay leones que cuando entran se transforman en plantas. La verdadera protagonista de GH es la casa, no son los chicos. Es la casa.<\/p>\n<p><strong>Se percibe un notorio cambio an\u00ecmico en tu actual proceder profesional.<\/strong><\/p>\n<p>Yo me divierto, porque aprend\u00ec a divertirme, me saqu\u00e8 de encima varias mochilas, tengo la tranquilidad familiar que hace que todos los d\u00edas vaya a Intrusos a divertirme, logr\u00e8 despegarme de los problemas de la gente del ambiente, que la verdad no me interesan, me interesan hasta las 15:30, despu\u00e9s dejan de interesarme, eso me da un plaf\u00f3n para poder reirme de ellos, n\u00f2\u2026con ellos.<\/p>\n<p><a href=\"http:\/\/www.noticias1440.com.ar\/wp-content\/uploads\/2015\/04\/Gran-Hermano-2015-Prensa-Am\u00e8rica-Noticias1440-A004.jpg\"><img loading=\"lazy\" decoding=\"async\" class=\" size-medium wp-image-542 aligncenter\" src=\"http:\/\/www.noticias1440.com.ar\/wp-content\/uploads\/2015\/04\/Gran-Hermano-2015-Prensa-Am\u00e8rica-Noticias1440-A004-300x215.jpg\" alt=\"Gran Hermano 2015 (Prensa Am\u00e8rica - Noticias1440 A004)\" width=\"300\" height=\"215\" srcset=\"https:\/\/noticias1440.com.ar\/wp-content\/uploads\/2015\/04\/Gran-Hermano-2015-Prensa-Am\u00e8rica-Noticias1440-A004-300x215.jpg 300w, https:\/\/noticias1440.com.ar\/wp-content\/uploads\/2015\/04\/Gran-Hermano-2015-Prensa-Am\u00e8rica-Noticias1440-A004.jpg 453w\" sizes=\"auto, (max-width: 300px) 100vw, 300px\" \/><\/a><\/p>\n<p><strong>Adem\u00e0s en la presentaci\u00f3n del programa admitiste cuanto te cambi\u00f2 GH.<\/strong><\/p>\n<p>Lo dije cuando present\u00e8 esta noche a Pamela en la conducci\u00f3n de los debates, GH te cambia, a m\u00ec me transform\u00f2 en conductor de verdad GH. Yo era un periodista que conduc\u00eda y me transform\u00e8 definitivamente en conductor o entretenedor cuando hice GH, te puedo asegurar que no viv\u00ec nunca la emoci\u00f3n de la final, de aquellos cincuenta puntos cuando se abri\u00f3 la pantalla y entr\u00e8, hab\u00eda mil personas y entr\u00e8 en ese estudio, el grito del lugar, te juro, me tir\u00f2 unos cent\u00ecmetros para atr\u00e1s. Nunca m\u00e0s lo viv\u00ec.<\/p>\n<p><strong>\u00bfEl debut de GH le har\u00e1 ruido en el rating a\u201cEsperanza m\u00eca\u201dy\u201cViudas?<\/strong><\/p>\n<p>Yo ayer puse el tuit porque vamos a compartir con un tipo al que quiero mucho, que es Mariano Peluffo, los dos hicimos GH, hicimos el uno-dos, lo voy a extra\u00f1ar mucho y \u00e8l a m\u00ec tambi\u00e9n, era un tipo que todo el tiempo estaba adentro, viv\u00eda adentro del canal, vamos a compartir espacio. La competencia es otra cosa, ya no depende de m\u00ec, depende de si la gente se engancha o n\u00f2, yo la verdad si tuviese la varita m\u00e1gica y te pudiera decir que te garantizo diez puntos de GH te lo dir\u00eda, pero no es as\u00ec. Me alegra lo que le est\u00e0 pasando ahora a Mariano Peluffo, hay que sacarle de una puta vez el mote de\u201cremador\u201d, sino lo limit\u00e0s, no es un remador, es un gran conductor, ya lo demostr\u00f3 haciendo un gran laburo en\u201cMasterCheff\u201d, coincidiremos en un horario, vamos a compartir y no competir, porque lo quiero mucho a Mariano, es rec\u00ecproco adem\u00e1s, pero esta es otra etapa y Pamela viene a hacer otra cosa, le viene a poner su impronta, los debates van a ser otra cosas en Am\u00e8rica, va a haber debates de verdad, va a ser heavy.\u00a0\u00a0<\/p>\n<p><strong>\u00bfSent\u00ecs que la presencia de GH en Am\u00e8rica te permite reinventarte una vez m\u00e0s?<\/strong><\/p>\n<p>Yo creo que logr\u00f3 reinventarme hace cuatro a\u00f1os cuando tambi\u00e9n decid\u00ec volcarme al periodismo pol\u00edtico, ah\u00ec creo que logr\u00e8 cerrar el c\u00ecrculo, lo que hace GH es ponerme en el lugar de animador, porque en Intrusos tengo que hacer la funci\u00f3n de periodista, ac\u00e0 en GH solo soy animador y lo disfruto mucho, hay menos compromiso que en un programa period\u00edstico. GH a m\u00ec me hizo recibirme de conductor.<\/p>\n<p><a href=\"http:\/\/www.noticias1440.com.ar\/wp-content\/uploads\/2015\/04\/Gran-Hermano-2015-Prensa-Am\u00e8rica-Noticias1440-A005.jpg\"><img loading=\"lazy\" decoding=\"async\" class=\" size-medium wp-image-543 aligncenter\" src=\"http:\/\/www.noticias1440.com.ar\/wp-content\/uploads\/2015\/04\/Gran-Hermano-2015-Prensa-Am\u00e8rica-Noticias1440-A005-300x181.jpg\" alt=\"Gran Hermano 2015 (Prensa Am\u00e8rica - Noticias1440 A005)\" width=\"300\" height=\"181\" srcset=\"https:\/\/noticias1440.com.ar\/wp-content\/uploads\/2015\/04\/Gran-Hermano-2015-Prensa-Am\u00e8rica-Noticias1440-A005-300x181.jpg 300w, https:\/\/noticias1440.com.ar\/wp-content\/uploads\/2015\/04\/Gran-Hermano-2015-Prensa-Am\u00e8rica-Noticias1440-A005.jpg 583w\" sizes=\"auto, (max-width: 300px) 100vw, 300px\" \/><\/a><\/p>\n<p><strong>\u00bfQu\u00e8 importancia tendr\u00e1 este a\u00f1o en la tv todo lo pol\u00edtico con esta situaci\u00f2n?<\/strong><\/p>\n<p>No s\u00e8, a lo mejor alguna vez entra alguno de los candidatos, desconozco, vamos a ver c\u00f2mo va el juego y c\u00f2mo se va desarrollando.<\/p>\n<p><strong>\u00bfPodr\u00ecas describir la simbiosis entre tus presencias en Telef\u00e8 y Am\u00e8rica? <\/strong><\/p>\n<p>A m\u00ec Telef\u00e8 siempre me trat\u00f2 muy bien, no fu\u00ec a la fiesta de los 25 a\u00f1os del canal, agradezco que me hayan invitado, estaba invitado, de hecho me dijeron que vaya por el tema de GH, pero yo siento que soy Am\u00e8rica. A ver\u2026Telef\u00e8 siempre fue una\u201camante\u201d, una gran\u201camante\u201d, debo reconocerlo, hemos tenido unos polvos sensacionales, pero mi \u201cmujer\u201d es Am\u00e8rica. Ahora se dio que no tengo que salir de casa, es trabajar en casa y eso me da mucha alegr\u00eda, me da alegr\u00eda que Am\u00e8rica se juegue a una cosa tan importante como GH, no es una pavada, eh!, son 45 c\u00e0maras, las veinticuatro horas, adem\u00e1s no son c\u00e1maras robot, hay cuarenta y cinco ah\u00ec atr\u00e1s, hay t\u00e9cnicos.<\/p>\n<p><strong>Hubo todo un cimbronazo cuando se supo que Endemol llevaba GH a Am\u00e8rica.<\/strong><\/p>\n<p>Cuando me enter\u00e8 que pod\u00eda ser, jod\u00ec e hinch\u00e8 para que fuera, la condici\u00f3n de ellos era adem\u00e1s que yo lo condujera, yo ten\u00eda algunas dudas, porque para m\u00ec yo ya me hab\u00eda despedido de GH, pero bueno iba a estar en Am\u00e8rica y no pod\u00eda decir que n\u00f2, es una apuesta muy grande del canal y yo quiero que le vaya muy bien, quiero que GH se quede muchos a\u00f1os en Am\u00e8rica, adem\u00e1s es cierto, GH a m\u00ec me hizo crecer como conductor, indudablemente, adem\u00e0s me hizo ver la humildad que uno tiene que tener porque yo la noche que hice 50.3, termin\u00e8,me acuerdo que hab\u00eda una choripaneada para festejar y yo no pod\u00eda,porque al otro d\u00eca ten\u00eda que hacer Intrusos, y al otro d\u00eca en Am\u00e8rica con Intrusos hice 12 puntos, o sea que de 50.3 pas\u00e8 a 12 puntos. Sab\u00e8s qu\u00e8\u2026fu\u00ec feliz con los 50 puntos y fu\u00ec feliz con los 12 puntos, o sea, en otro momento me hubiese puesto los zapatitos blancos y me hubiese puesto en la calle Florida para que la gente me palmeara, pero al d\u00eca siguiente fu\u00ec a laburar a lo que es mi laburo de verdad, que es Intrusos, mi lugar. Nos pusimos muy r\u00e1pido de acuerdo con Am\u00e8rica, ac\u00e0 no fue una cuesti\u00f3n de guita, no hab\u00eda nada que discutir, no discut\u00ec guita, no discut\u00ec cartel, no discut\u00ec nada porque yo lo \u00fanico que quer\u00eca era que GH estuviese en Am\u00e8rica y est\u00e0 en Am\u00e8rica.<\/p>\n<p><a href=\"http:\/\/www.noticias1440.com.ar\/wp-content\/uploads\/2015\/04\/Gran-Hermano-2015-Prensa-Am\u00e8rica-Noticias1440-A006.jpg\"><img loading=\"lazy\" decoding=\"async\" class=\" size-medium wp-image-544 aligncenter\" src=\"http:\/\/www.noticias1440.com.ar\/wp-content\/uploads\/2015\/04\/Gran-Hermano-2015-Prensa-Am\u00e8rica-Noticias1440-A006-300x179.jpg\" alt=\"Gran Hermano 2015 (Prensa Am\u00e8rica - Noticias1440 A006)\" width=\"300\" height=\"179\" srcset=\"https:\/\/noticias1440.com.ar\/wp-content\/uploads\/2015\/04\/Gran-Hermano-2015-Prensa-Am\u00e8rica-Noticias1440-A006-300x179.jpg 300w, https:\/\/noticias1440.com.ar\/wp-content\/uploads\/2015\/04\/Gran-Hermano-2015-Prensa-Am\u00e8rica-Noticias1440-A006.jpg 550w\" sizes=\"auto, (max-width: 300px) 100vw, 300px\" \/><\/a><\/p>\n<p><strong>\u00bfQu\u00e8 preparaci\u00f3n f\u00edsica desarrollar\u00e0s para bancar ambos programas y la radio?<\/strong><\/p>\n<p>Me levantar\u00e8 a las cinco, comer\u00e8 tres claras batidas\u2026onda Rocky(risas), n\u00f2\u2026trato de dormir lo m\u00e1ximo posible, debo dormir mucho, son seis horas por d\u00eca, es mucho y los fines de semana trato de descansar lo m\u00e1ximo posible. Estoy cansado, es cierto, porque es mucho y encima este es un a\u00f1o electoral, ahora estoy con la radio, este domingo estuve transmitiendo las PASO en Capital, me lleva mucho tiempo, tengo otras actividades en marcha que me llevan mucho tiempo, estoy lanzando un sitio de noticias y estoy muy entusiasmado.<\/p>\n<p><strong>\u00bfQu\u00e8 pens\u00e0s que potenci\u00f2 de diferente en vos el hecho de hacer ahora radio?<\/strong><\/p>\n<p>Lo pol\u00edtico, se dieron cuenta que yo soy nada m\u00e0s y nada menos que un periodista, no creo en eso de periodistas de espect\u00e1culos o periodistas deportivos, son periodistas, vos sos periodista y si te pongo ac\u00e0 a Macri vos le vas a hacer la nota, somos periodistas, esa divisi\u00f3n est\u00fapida la hacemos enre nosotros los colegas, nada m\u00e0s.<\/p>\n<p><strong>Hoy la televisi\u00f3n est\u00e0 bastante hu\u00e9rfana de sus mitol\u00f3gicos ratings. <\/strong><\/p>\n<p>No hay m\u00e0s 50 puntos de rating, no es que cambi\u00f2 el p\u00fablico, ahora hay redes sociales, donde vos manej\u00e0s la cosa, vos sos el director, ahora con GH en internet va a haber ocho c\u00e1maras y vos vas a decidir que vas a ver, antes todo lo que pasaba en GH lo ten\u00ecas que ver en la tele, no hab\u00eda twitter, no hab\u00eda nada, hoy hay otra cosa y la tele tambi\u00e9n cambi\u00f2, hoy ves Netflix, ves HBO, yo soy un tipo que a la noche ve varias series a la vez, cuando sali\u00f3 twitter fu\u00ec uno de los primeros en subirse, estoy trabajando personalmente en una plataforma muy moderna de noticias, que lanzar\u00e8 en unos quince d\u00edas, yo creo en la tecnolog\u00eda. Cocodrilo que se duerme lo hacen cartera ac\u00e0.<\/p>\n<p><a href=\"http:\/\/www.noticias1440.com.ar\/wp-content\/uploads\/2015\/04\/Gran-Hermano-2015-Prensa-Am\u00e8rica-Noticias1440-A007.jpg\"><img loading=\"lazy\" decoding=\"async\" class=\" size-medium wp-image-545 aligncenter\" src=\"http:\/\/www.noticias1440.com.ar\/wp-content\/uploads\/2015\/04\/Gran-Hermano-2015-Prensa-Am\u00e8rica-Noticias1440-A007-300x212.jpg\" alt=\"Gran Hermano 2015 (Prensa Am\u00e8rica - Noticias1440 A007)\" width=\"300\" height=\"212\" srcset=\"https:\/\/noticias1440.com.ar\/wp-content\/uploads\/2015\/04\/Gran-Hermano-2015-Prensa-Am\u00e8rica-Noticias1440-A007-300x212.jpg 300w, https:\/\/noticias1440.com.ar\/wp-content\/uploads\/2015\/04\/Gran-Hermano-2015-Prensa-Am\u00e8rica-Noticias1440-A007.jpg 449w\" sizes=\"auto, (max-width: 300px) 100vw, 300px\" \/><\/a><\/p>\n<p><strong>\u00bfPens\u00e0s que puede haber otro GH pegado al que inician en pocas horas, casi como el bicampeonato de River en la Sudamericana?\u00a0\u00a0\u00a0\u00a0 <\/strong><\/p>\n<p>Ojal\u00e0 que gane la Libertadores River, ya con esto me conformo(risas), no s\u00e8 la verdad si se har\u00e1 otra edici\u00f3n antes que termine el 2015, para m\u00ec GH es un programa que hay que cuidarlo, es un programa que si lo hac\u00e8s una vez por a\u00f1o, lo pod\u00e8s hacer cincuenta a\u00f1os, pero tambi\u00e9n s\u00e8 que si funciona bien en estos tiempos, que cuando encontr\u00e0s una pepita de oro la ten\u00e8s que exprimir, el canal decidir\u00e1 y haremos lo que \u00e8l quiera, para eso estamos.<\/p>\n<p><strong>\u00bfQu\u00e8 aprendiste de los GH que se hicieron recientemente en otros pa\u00edses?<\/strong><\/p>\n<p>Mucho, yo lo sigo a GH, lo sigo siempre, de hecho estuve justo ahora en Europa y eso coincidi\u00f3 con el final en Espa\u00f1a de\u201cGH Famosos\u201d, v\u00ec cosas que me sorprendieron, vi cosas en el final del programa donde se romp\u00eca un poco el aislamiento, v\u00ec como los que se hab\u00edan ido de la casa ten\u00edan influencia en los que estaban adentro, tal vez haya cosas que tal vez se puedan adoptar ac\u00e0.<\/p>\n<p><strong>\u00bfQu\u00e8 les dec\u00eds a quienes sosten\u00edan o sostienen que este es un formato desgastado?<\/strong><\/p>\n<p>Lo primero que dir\u00eda a esas personas es que viajen m\u00e0s, segundo que el programa no est\u00e0 desgastado para nada, y tercero, si me pregunt\u00e0s por Lucho Aviles, lamento que se equivoque as\u00ec porque unos d\u00edas antes de decir eso estaba pidiendo de estar en el programa, nunca entend\u00ed despu\u00e9s porqu\u00e8 lo otro.\u00a0\u00a0<\/p>\n<p><a href=\"http:\/\/www.noticias1440.com.ar\/wp-content\/uploads\/2015\/04\/Gran-Hermano-2015-Prensa-Am\u00e8rica-Noticias1440-A008.jpg\"><img loading=\"lazy\" decoding=\"async\" class=\" size-medium wp-image-546 aligncenter\" src=\"http:\/\/www.noticias1440.com.ar\/wp-content\/uploads\/2015\/04\/Gran-Hermano-2015-Prensa-Am\u00e8rica-Noticias1440-A008-300x278.jpg\" alt=\"Gran Hermano 2015 (Prensa Am\u00e8rica - Noticias1440 A008)\" width=\"300\" height=\"278\" srcset=\"https:\/\/noticias1440.com.ar\/wp-content\/uploads\/2015\/04\/Gran-Hermano-2015-Prensa-Am\u00e8rica-Noticias1440-A008-300x278.jpg 300w, https:\/\/noticias1440.com.ar\/wp-content\/uploads\/2015\/04\/Gran-Hermano-2015-Prensa-Am\u00e8rica-Noticias1440-A008.jpg 422w\" sizes=\"auto, (max-width: 300px) 100vw, 300px\" \/><\/a><\/p>\n<p><strong>Paralelo a la radio y la televisi\u00f3n este a\u00f1o te encuentra como un afiatado escritor que ha vendido muy buena cifra de ejemplares de su libro.\u00a0\u00a0 <\/strong><\/p>\n<p>Estoy sorprendido. Yo cuando firm\u00e8 y me dijeron\u201cvamos a lanzar 40 mil ejemplares\u201dles dije \u201custedes est\u00e1n locos!\u201d, dije \u201c40 mil ejemplares no los vendemos!\u201d, pero ya superamos los 80 mil, estuve firmando ejemplares el viernes en la Feria del Libro, es casi como un bestseller hist\u00f3rico, digamos. Plant\u00e8 un \u00e1rbol en San Luis, tengo dos hijas, escribi un libro, para m\u00ec ya est\u00e0.\u00a0\u00a0<\/p>\n<p><strong>Detalle de fotos en pantalla<\/strong>: 1 Jorge Rial <strong>(Noticias 1440<\/strong>) \/\/ 2 Jorge Rial (<strong>Prensa Am\u00e8rica TV<\/strong>) \/\/ 3 Jorge Rial y Pamela David (<strong>Prensa Am\u00e8rica TV<\/strong>) \/\/ 4 Jorge Rial y Mariana Antoniale (<strong>Prensa Am\u00e8rica TV<\/strong>) \/\/ 5 Jorge Rial, Pamela David y Daniel Vila (<strong>Prensa Am\u00e8rica TV<\/strong> \/\/ 6 Jorge Rial, Pamela David, Daniel Vila, Mart\u00ecn Kweller, Liliana Parodi y Rodrigo Lussich (<strong>Prensa Am\u00e8rica TV<\/strong>)\u00a0\/\/ 7 Jorge Rial, Pamela David, Daniel\u00a0Vila, Liliana Parodi y Mart\u00ecn Kweller (<strong>Prensa Am\u00e8rica TV<\/strong>) \/\/ 8 Jorge Rial y Pamela David (<strong>Prensa Am\u00e8rica TV<\/strong>) \/\/ 9 Jorge Rial, Pamela David y Daniel Vila (<strong>Prensa Am\u00e8rica TV<\/strong>)\u00a0\u00a0\u00a0\u00a0\u00a0<\/p>\n<p>&nbsp;<\/p>\n","protected":false},"excerpt":{"rendered":"<p>Este mi\u00e9rcoles a partir de las 21 horas vuelve el m\u00ectico reality de convivencia\u00a0con\u00a0la animaci\u00f3n del conductor de \u201cIntrusos\u201d, una noticia que Jorge Rial analiz\u00f2 a solas con Noticias1440. En una extensa entrevista exclusiva en Palermo, la experimentada estrella de Am\u00e8rica se refiri\u00f3 totalmente sincero y feliz a much\u00edsimos temas de actualidad.<\/p>\n","protected":false},"author":1,"featured_media":536,"comment_status":"closed","ping_status":"open","sticky":false,"template":"","format":"standard","meta":{"footnotes":""},"categories":[3],"tags":[],"class_list":["post-535","post","type-post","status-publish","format-standard","has-post-thumbnail","hentry","category-actualidad"],"_links":{"self":[{"href":"https:\/\/noticias1440.com.ar\/index.php?rest_route=\/wp\/v2\/posts\/535","targetHints":{"allow":["GET"]}}],"collection":[{"href":"https:\/\/noticias1440.com.ar\/index.php?rest_route=\/wp\/v2\/posts"}],"about":[{"href":"https:\/\/noticias1440.com.ar\/index.php?rest_route=\/wp\/v2\/types\/post"}],"author":[{"embeddable":true,"href":"https:\/\/noticias1440.com.ar\/index.php?rest_route=\/wp\/v2\/users\/1"}],"replies":[{"embeddable":true,"href":"https:\/\/noticias1440.com.ar\/index.php?rest_route=%2Fwp%2Fv2%2Fcomments&post=535"}],"version-history":[{"count":7,"href":"https:\/\/noticias1440.com.ar\/index.php?rest_route=\/wp\/v2\/posts\/535\/revisions"}],"predecessor-version":[{"id":554,"href":"https:\/\/noticias1440.com.ar\/index.php?rest_route=\/wp\/v2\/posts\/535\/revisions\/554"}],"wp:featuredmedia":[{"embeddable":true,"href":"https:\/\/noticias1440.com.ar\/index.php?rest_route=\/wp\/v2\/media\/536"}],"wp:attachment":[{"href":"https:\/\/noticias1440.com.ar\/index.php?rest_route=%2Fwp%2Fv2%2Fmedia&parent=535"}],"wp:term":[{"taxonomy":"category","embeddable":true,"href":"https:\/\/noticias1440.com.ar\/index.php?rest_route=%2Fwp%2Fv2%2Fcategories&post=535"},{"taxonomy":"post_tag","embeddable":true,"href":"https:\/\/noticias1440.com.ar\/index.php?rest_route=%2Fwp%2Fv2%2Ftags&post=535"}],"curies":[{"name":"wp","href":"https:\/\/api.w.org\/{rel}","templated":true}]}}