{"id":516,"date":"2015-04-20T20:42:51","date_gmt":"2015-04-20T20:42:51","guid":{"rendered":"http:\/\/www.noticias1440.com.ar\/?p=516"},"modified":"2015-04-26T22:46:55","modified_gmt":"2015-04-26T22:46:55","slug":"charlie-piccoli-las-selfies-muestran-cuan-cholulos-somos-de-nosotros-mismos","status":"publish","type":"post","link":"https:\/\/noticias1440.com.ar\/?p=516","title":{"rendered":"Charlie Piccoli sin medios t\u00e8rminos: \u201cLas selfies nos muestran cu\u00e0n cholulos somos de nosotros mismos\u201d."},"content":{"rendered":"<p>El notable realizador visual viene presentando con mucho \u00e9xito su muestra\u00bbOpuestos Fotogr\u00e0ficos\u00bben el Centro Cultural Borges, paralelo a la muy esperada publicaci\u00f3n de su libro \u201cRock Argentino Fotograf\u00ecas\u201d, un muy destacado trabajo con excelentes im\u00e1genes de las grandes estrellas musicales del panorama\u00a0local.<\/p>\n<p><!--more--><a href=\"http:\/\/www.noticias1440.com.ar\/wp-content\/uploads\/2015\/04\/Exposici\u00f2n-Charlie-Piccoli-Noticias1440-Abril-2015-A00.jpg\"><img loading=\"lazy\" decoding=\"async\" class=\" size-medium wp-image-508 aligncenter\" src=\"http:\/\/www.noticias1440.com.ar\/wp-content\/uploads\/2015\/04\/Exposici\u00f2n-Charlie-Piccoli-Noticias1440-Abril-2015-A00-300x193.jpg\" alt=\"Exposici\u00f2n Charlie Piccoli (Noticias1440 - Abril 2015 A00)\" width=\"300\" height=\"193\" srcset=\"https:\/\/noticias1440.com.ar\/wp-content\/uploads\/2015\/04\/Exposici\u00f2n-Charlie-Piccoli-Noticias1440-Abril-2015-A00-300x193.jpg 300w, https:\/\/noticias1440.com.ar\/wp-content\/uploads\/2015\/04\/Exposici\u00f2n-Charlie-Piccoli-Noticias1440-Abril-2015-A00.jpg 669w\" sizes=\"auto, (max-width: 300px) 100vw, 300px\" \/><\/a><\/p>\n<p><strong>Por Impareitor Network<\/strong><\/p>\n<p><strong>(Capital Federal \u2013 Lunes 20 de Abril de 2015)<\/strong> Desde principios del mes en curso est\u00e0 a consideraci\u00f3n del p\u00fablico en el Centro Cultural Borges la notable muestra de im\u00e1genes denominada<strong>\u201cOpuestos Fotogr\u00e0ficos\u201d,<\/strong> realizaci\u00f3n del creativo <strong>Charlie Piccoli<\/strong> que viene convocando numerosos asistentes al sitio de exposici\u00f3n en la calle Viamonte 525 de 10 a 21 y los domingos de 12 a 21.15. Esta muy especial presentaci\u00f3n en el centro porte\u00f1o de notables trabajos denominada\u201cOpuestos Fotogr\u00e0ficos \u2013 Rock Argentino \/ Muralla China\u201d, se trata de una muestra simult\u00e0nea que el exitoso artista concret\u00f2 en la sala de exposici\u00f3n en plena zona de Retiro. En este evento confluyen dos situaciones: la primera muestra es Rock Argentino, una muy cuidada edici\u00f3n y presentaci\u00f3n oficial del notable libro \u00abRock Argentino Fotograf\u00edas\u00bb de reciente aparici\u00f3n, publicaci\u00f3n conteniendo m\u00e1s de 300 fotos del periodo 1979-2010. La segunda muestra se llama \u00abMuralla China\u00bby es un recorrido fotogr\u00e1fico a lo largo de toda su extensi\u00f3n, de este a oeste, desde el Mar de China hasta el Desierto de Gobi, 8 provincias m\u00e1s de 7000 Kms.<\/p>\n<p><a href=\"http:\/\/www.noticias1440.com.ar\/wp-content\/uploads\/2015\/04\/Exposici\u00f2n-Charlie-Piccoli-Noticias1440-Abril-2015-A06.jpg\"><img loading=\"lazy\" decoding=\"async\" class=\" size-medium wp-image-515 aligncenter\" src=\"http:\/\/www.noticias1440.com.ar\/wp-content\/uploads\/2015\/04\/Exposici\u00f2n-Charlie-Piccoli-Noticias1440-Abril-2015-A06-300x230.jpg\" alt=\"Exposici\u00f2n Charlie Piccoli (Noticias1440 - Abril 2015 A06)\" width=\"300\" height=\"230\" srcset=\"https:\/\/noticias1440.com.ar\/wp-content\/uploads\/2015\/04\/Exposici\u00f2n-Charlie-Piccoli-Noticias1440-Abril-2015-A06-300x230.jpg 300w, https:\/\/noticias1440.com.ar\/wp-content\/uploads\/2015\/04\/Exposici\u00f2n-Charlie-Piccoli-Noticias1440-Abril-2015-A06.jpg 418w\" sizes=\"auto, (max-width: 300px) 100vw, 300px\" \/><\/a><\/p>\n<p>Charlie presenta para sus seguidores y aquellos que ahora conocen su trayectoria ante el mundo musical con fotos de figuras como Spinetta, Charlie Garcia, Soda Stereo, Los Abuelos De La Nada, Sumo, Los Redondos, Fito Paez, Divididos, Ikv, Los Brujos, Los Violadores, Los Twist, Barrock 1982, Almendra, David Lebon, Ratones Paranoicos, Andres Calamaro, La Torre, El Negro Garcia Lopez, Hector Starc, Pappo, Daniel Melero y Los Encargados, G.I.T., Samalea, Pomo, Guille Arron, Javier Malosetti, Porchetto, Leon Gieco, Baglietto, Nebia, Miguel Cantilo, Diana Nylon, Fabi Cantilo, Celeste Carballo, Petinatto, Aznar, Juan Del Barrio, Divididos, Jaff, Los Cadillacs, Riff, Miguel Mateos, Los Socios Del Desierto, Fernado Lupano, Hilda Lizarazu, Rodolfo Garcia y Gustavo Cerati. En la muestra aparecen una serie de trabajos que marcan no solo una gran calidad del fot\u00f3grafo en retratar esos tiempos gloriosos de la m\u00fasica argentina sino tambi\u00e9n un planteo est\u00e8tico sobre la muralla china que muestra al realizador desde una \u00f2ptica muy original y seductora.<\/p>\n<p><a href=\"http:\/\/www.noticias1440.com.ar\/wp-content\/uploads\/2015\/04\/Exposici\u00f2n-Charlie-Piccoli-Noticias1440-Abril-2015-A01.jpg\"><img loading=\"lazy\" decoding=\"async\" class=\" size-medium wp-image-509 aligncenter\" src=\"http:\/\/www.noticias1440.com.ar\/wp-content\/uploads\/2015\/04\/Exposici\u00f2n-Charlie-Piccoli-Noticias1440-Abril-2015-A01-300x230.jpg\" alt=\"Exposici\u00f2n Charlie Piccoli (Noticias1440 - Abril 2015 A01)\" width=\"300\" height=\"230\" srcset=\"https:\/\/noticias1440.com.ar\/wp-content\/uploads\/2015\/04\/Exposici\u00f2n-Charlie-Piccoli-Noticias1440-Abril-2015-A01-300x230.jpg 300w, https:\/\/noticias1440.com.ar\/wp-content\/uploads\/2015\/04\/Exposici\u00f2n-Charlie-Piccoli-Noticias1440-Abril-2015-A01.jpg 427w\" sizes=\"auto, (max-width: 300px) 100vw, 300px\" \/><\/a><\/p>\n<p><strong>Charlie Piccoli<\/strong> naci\u00f3 en Buenos Aires, Argentina en 1960 y ha desarrollado su carrera profesional como fot\u00f3grafo principalmente en el ambiente editorial interviniendo desde el a\u00f1o 1984 en medios como revista La Mano, Rolling Stone, Rock &amp; Pop, Canta Rock, El Musiquero, Tren De Carga, Cerdos &amp; Peces y Expreso Imaginario, entre otros. Pero con su tarea en ese rubro, adem\u00e1s se ha desempe\u00f1ado como dise\u00f1ador gr\u00e1fico, Charlie Piccoli se dedic\u00f3 a la docencia universitaria desde el a\u00f1o 1987, en cargos de titular de las c\u00e1tedras de fotograf\u00eda y dise\u00f1o editorial en las carreras de dise\u00f1o gr\u00e1fico y dise\u00f1o de indumentaria, de la licenciatura en publicidad en la Universidad de Buenos Aires, la Universidad J. F. Kennedy y la Universidad De Palermo. Piccoli de manera individual expuso su material en importantes salas de nuestro pa\u00eds, como el Centro Cultural San Mart\u00edn, Centro Cultural Borges, Museo De Arte Moderno De Buenos Aires y Centro Cultural Recoleta. Combin\u00f3 su formaci\u00f3n fotogr\u00e1fica y la de dise\u00f1ador gr\u00e1fico, realizando desde el a\u00f1o 1990 trabajos de gran importancia como editor en forma individual y compartida. Entre sus principales obras podemos mencionar su desempe\u00f1o como editor y restaurador fotogr\u00e1fico del libro \u201cUna temporada en el ingenio\u201ddel fot\u00f3grafo cubano Chinolope. Actualmente es director de la Escuela de Fotograf\u00eda y da c\u00e1tedra desde el a\u00f1o 2001, trabaj\u00f2 como director de arte de la Fundaci\u00f3n Miguel Abuelo y acaba de publicar como autor el libro \u201cRock Argentino Fotograf\u00edas\u201d, su primer libro de fotos de rock argentino, en su edici\u00f3n de autor 2014. A mitad del extenso tramo en el que viene presentando su trabajo, <strong>Charlie Piccoli<\/strong> habl\u00f2 a solas con <strong>Noticias1440<\/strong>, entrevista en la que analiz\u00f2 su trabajo y otros temas de inter\u00e9s.<\/p>\n<p><a href=\"http:\/\/www.noticias1440.com.ar\/wp-content\/uploads\/2015\/04\/Exposici\u00f2n-Charlie-Piccoli-Noticias1440-Abril-2015-A05.jpg\"><img loading=\"lazy\" decoding=\"async\" class=\" size-medium wp-image-514 aligncenter\" src=\"http:\/\/www.noticias1440.com.ar\/wp-content\/uploads\/2015\/04\/Exposici\u00f2n-Charlie-Piccoli-Noticias1440-Abril-2015-A05-300x218.jpg\" alt=\"Exposici\u00f2n Charlie Piccoli (Noticias1440 - Abril 2015 A05)\" width=\"300\" height=\"218\" srcset=\"https:\/\/noticias1440.com.ar\/wp-content\/uploads\/2015\/04\/Exposici\u00f2n-Charlie-Piccoli-Noticias1440-Abril-2015-A05-300x218.jpg 300w, https:\/\/noticias1440.com.ar\/wp-content\/uploads\/2015\/04\/Exposici\u00f2n-Charlie-Piccoli-Noticias1440-Abril-2015-A05.jpg 434w\" sizes=\"auto, (max-width: 300px) 100vw, 300px\" \/><\/a><\/p>\n<p><strong>\u00bfConsider\u00e0s que fu\u00ecste un testigo privilegiado del arte al poder retratar esa \u00e9poca del rock nacional que todos destacan como de enorme valor musical? <\/strong><\/p>\n<p>Si hacemos un revisionismo y miramos hacia atr\u00e1s fue una \u00e9poca recopada, para nosotros que estuvimos ah\u00ec no es m\u00e0s que algo que pas\u00f2, entienden?, no es ning\u00fan otro m\u00e8rito que el propio, pero el material est\u00e0 bueno, me siguen gustando las fotos.<\/p>\n<p><a href=\"http:\/\/www.noticias1440.com.ar\/wp-content\/uploads\/2015\/04\/Exposici\u00f2n-Charlie-Piccoli-Noticias1440-Abril-2015-A02.jpg\"><img loading=\"lazy\" decoding=\"async\" class=\" size-medium wp-image-510 aligncenter\" src=\"http:\/\/www.noticias1440.com.ar\/wp-content\/uploads\/2015\/04\/Exposici\u00f2n-Charlie-Piccoli-Noticias1440-Abril-2015-A02-300x225.jpg\" alt=\"Exposici\u00f2n Charlie Piccoli (Noticias1440 - Abril 2015 A02)\" width=\"300\" height=\"225\" srcset=\"https:\/\/noticias1440.com.ar\/wp-content\/uploads\/2015\/04\/Exposici\u00f2n-Charlie-Piccoli-Noticias1440-Abril-2015-A02-300x225.jpg 300w, https:\/\/noticias1440.com.ar\/wp-content\/uploads\/2015\/04\/Exposici\u00f2n-Charlie-Piccoli-Noticias1440-Abril-2015-A02.jpg 439w\" sizes=\"auto, (max-width: 300px) 100vw, 300px\" \/><\/a><\/p>\n<p><strong>En aquella \u00e9poca no hab\u00eda photoshop y tampoco otras herramientas tecnol\u00f3gicas. <\/strong><\/p>\n<p>Ten\u00eca el laboratorio en mi casa, era algo indispensable. Desde lo creativo era buen\u00edsimo, porque vos llegabas a tu casa con los rollos y los revelabas, era ver qu\u00e8 momentos hab\u00ecas elegido para retratar, me ayudaba con la memoria y tambi\u00e9n para recordar el concierto, a trav\u00e9s del visor, los shows eran perderse otras cosas. Ah\u00ec hay una intimidad distinta, porque est\u00e0s siguiendo al m\u00fasico, era una situaci\u00f3n m\u00e0s copada, no s\u00e8 si asignarle otros tipos de valores, era distinto. Las c\u00e1maras son iguales ahora, lo que cambi\u00f2 es la rapidez de lo tecnol\u00f3gico.<\/p>\n<p><a href=\"http:\/\/www.noticias1440.com.ar\/wp-content\/uploads\/2015\/04\/Exposici\u00f2n-Charlie-Piccoli-Noticias1440-Abril-2015-A07.jpg\"><img loading=\"lazy\" decoding=\"async\" class=\" size-medium wp-image-512 aligncenter\" src=\"http:\/\/www.noticias1440.com.ar\/wp-content\/uploads\/2015\/04\/Exposici\u00f2n-Charlie-Piccoli-Noticias1440-Abril-2015-A07-300x180.jpg\" alt=\"Exposici\u00f2n Charlie Piccoli (Noticias1440 - Abril 2015 A07)\" width=\"300\" height=\"180\" srcset=\"https:\/\/noticias1440.com.ar\/wp-content\/uploads\/2015\/04\/Exposici\u00f2n-Charlie-Piccoli-Noticias1440-Abril-2015-A07-300x180.jpg 300w, https:\/\/noticias1440.com.ar\/wp-content\/uploads\/2015\/04\/Exposici\u00f2n-Charlie-Piccoli-Noticias1440-Abril-2015-A07.jpg 466w\" sizes=\"auto, (max-width: 300px) 100vw, 300px\" \/><\/a><\/p>\n<p><strong>Se nota que varios artistas estaban muy conectados con tu forma de trabajar.<\/strong><\/p>\n<p>Muchos de ellos son o eran artistas muy plenos, as\u00ec que estar delante de una c\u00e1mara formaba parte de todo ese repertorio y las cosas que ten\u00ecan que hacer, las producciones especiales donde los m\u00fasicos posan lo hacen tan natural que reflejaba el dominio que ten\u00ecan del espacio.<\/p>\n<p><strong>En la muestra y tu libro hay muchas fotos de Spinetta. \u00bfC\u00f2mo fue tu nexo con \u00e8l? <\/strong><\/p>\n<p>El Flaco es un maestro, pasa que yo lo conoc\u00ec de otra manera, lo conoc\u00ec al principio como fot\u00f3grafo de hobbie, era un vecino del barrio, ten\u00ecamos un amigo en com\u00f9n que era Mariano L\u00f2pez, un ingeniero de sonido de casi siempre, as\u00ec que yo fu\u00ec creciendo siendo amigo de \u00e8l, era amigo m\u00eco y yo iba haciendo mis primeras cosas fotogr\u00e1ficas, las pocas veces que pudimos hacer fotos en la intimidad el tipo se prestaba y ten\u00eda buena vibra conmigo.<\/p>\n<p><a href=\"http:\/\/www.noticias1440.com.ar\/wp-content\/uploads\/2015\/04\/Exposici\u00f2n-Charlie-Piccoli-Noticias1440-Abril-2015-A03.jpg\"><img loading=\"lazy\" decoding=\"async\" class=\" size-medium wp-image-511 aligncenter\" src=\"http:\/\/www.noticias1440.com.ar\/wp-content\/uploads\/2015\/04\/Exposici\u00f2n-Charlie-Piccoli-Noticias1440-Abril-2015-A03-300x204.jpg\" alt=\"Exposici\u00f2n Charlie Piccoli (Noticias1440 - Abril 2015 A03)\" width=\"300\" height=\"204\" srcset=\"https:\/\/noticias1440.com.ar\/wp-content\/uploads\/2015\/04\/Exposici\u00f2n-Charlie-Piccoli-Noticias1440-Abril-2015-A03-300x204.jpg 300w, https:\/\/noticias1440.com.ar\/wp-content\/uploads\/2015\/04\/Exposici\u00f2n-Charlie-Piccoli-Noticias1440-Abril-2015-A03.jpg 420w\" sizes=\"auto, (max-width: 300px) 100vw, 300px\" \/><\/a><\/p>\n<p><strong>En la exposici\u00f3n la gente puede encontrar im\u00e1genes de Soda St\u00e8reo del comienzo.<\/strong><\/p>\n<p>Soda, viste que loco, qui\u00e8n iba a imaginar que iba a explotar as\u00ec despu\u00e9s, la verdad es una suerte, es de las pocas fotos que tengo hechas de Soda, son la \u00fanica producci\u00f3n, en vivo dir\u00eda que casi no tengo fotos, o el material no es muy bueno, tengo poquito. S\u00ec, tambi\u00e9n en la muestra hay una foto muy linda de Gustavo Cerati en el Centro Cultural Recoleta, la cl\u00ednica de la Casa Suiza es otra en la que tambi\u00e9n estuve.<\/p>\n<p><strong>Sorprende que no te asignes valor al per\u00ecodo que te toc\u00f2 cubrir del rock nacional. <\/strong><\/p>\n<p>Puede ser que sea un relator de aquella \u00e9poca con estas im\u00e1genes, a m\u00ec se me escapa un poco lo que pasa cuando la gente mira las fotos, pero creo que hay una revalorizaci\u00f3n de esa \u00e9poca por la calidad del material, hay gente ah\u00ec que es muy copada. Fue una \u00e9poca que pas\u00f2, pas\u00f2 lo que pas\u00f2(risas).<\/p>\n<p><a href=\"http:\/\/www.noticias1440.com.ar\/wp-content\/uploads\/2015\/04\/Exposici\u00f2n-Charlie-Piccoli-Noticias1440-Abril-2015-A04.jpg\"><img loading=\"lazy\" decoding=\"async\" class=\" size-medium wp-image-513 aligncenter\" src=\"http:\/\/www.noticias1440.com.ar\/wp-content\/uploads\/2015\/04\/Exposici\u00f2n-Charlie-Piccoli-Noticias1440-Abril-2015-A04-300x224.jpg\" alt=\"Exposici\u00f2n Charlie Piccoli (Noticias1440 - Abril 2015 A04)\" width=\"300\" height=\"224\" srcset=\"https:\/\/noticias1440.com.ar\/wp-content\/uploads\/2015\/04\/Exposici\u00f2n-Charlie-Piccoli-Noticias1440-Abril-2015-A04-300x224.jpg 300w, https:\/\/noticias1440.com.ar\/wp-content\/uploads\/2015\/04\/Exposici\u00f2n-Charlie-Piccoli-Noticias1440-Abril-2015-A04.jpg 484w\" sizes=\"auto, (max-width: 300px) 100vw, 300px\" \/><\/a><\/p>\n<p><strong>Adem\u00e0s mostr\u00e0s otro realizador en vos con la muestra de la Muralla China. <\/strong><\/p>\n<p>Justamente quise mostrar el libro y el Charlie m\u00e0s contempor\u00e1neo que trabaja con cosas m\u00e0s conceptuales, con algunos proyectos, es una muestra de la muralla china, durante muchos a\u00f1os viaje a China y fotografi\u00e8 la muralla de punta a punta, as\u00ec que quer\u00eca mostrar un poco ese material para hacerlo m\u00e0s visible como fot\u00f3grafo, no solo mostrar lo viejo sino mostrar lo nuevo tambi\u00e9n. La verdad, soy muy riguroso con mi material, no veo que haya similitudes entre una foto y la otra, creo que es bastante desparejo visualmente a pesar de que haya continuidad no creo que existan im\u00e1genes que se emparenten mucho.<\/p>\n<p><strong>\u00bfQu\u00e8 relaci\u00f3n hay entre el libro publicado y la muestra?<\/strong><\/p>\n<p>Ac\u00e0 lo que tenemos de fotos de rock es un potpurr\u00ed de im\u00e1genes, en el libro hay 325 fotos, ac\u00e0 hay dos fotos buenas de Charly Garc\u00eca y en el libro por lo menos cinco, hay m\u00e0s fotos de Spinetta, m\u00e0s fotos de P\u00e0ez, , de los Redondos. Son testimonio de un tiempo muy pero muy significativo en m\u00ec, pues me empec\u00e9 a alejar del mundo rock a principios de los\u201990 m\u00e0s o menos, buscaba otra cosa para m\u00ec, otro tipo de fotograf\u00eda, crecer profesionalmente, salir de lo \u00fanico que hac\u00eca, que eran fotos de rock, ya me parec\u00eda que hab\u00eda sido, as\u00ec que mostr\u00e8 lo de la muralla para que vieran otro lado profesional. Soy un aventurero, me gusta la fotograf\u00eda de viaje, as\u00ec que trato de viajar por el mundo, tener la excusa de viajar para sacar fotos.<\/p>\n<p><a href=\"http:\/\/www.noticias1440.com.ar\/wp-content\/uploads\/2015\/04\/Exposici\u00f2n-Charlie-Piccoli-Noticias1440-Abril-2015-A00.jpg\"><img loading=\"lazy\" decoding=\"async\" class=\" size-medium wp-image-508 aligncenter\" src=\"http:\/\/www.noticias1440.com.ar\/wp-content\/uploads\/2015\/04\/Exposici\u00f2n-Charlie-Piccoli-Noticias1440-Abril-2015-A00-300x193.jpg\" alt=\"Exposici\u00f2n Charlie Piccoli (Noticias1440 - Abril 2015 A00)\" width=\"300\" height=\"193\" srcset=\"https:\/\/noticias1440.com.ar\/wp-content\/uploads\/2015\/04\/Exposici\u00f2n-Charlie-Piccoli-Noticias1440-Abril-2015-A00-300x193.jpg 300w, https:\/\/noticias1440.com.ar\/wp-content\/uploads\/2015\/04\/Exposici\u00f2n-Charlie-Piccoli-Noticias1440-Abril-2015-A00.jpg 669w\" sizes=\"auto, (max-width: 300px) 100vw, 300px\" \/><\/a><\/p>\n<p><strong>\u00bfC\u00f2mo ves las fotos que se hacen de los actuales conciertos musicales?<\/strong><\/p>\n<p>Hay algunos que me gustar\u00eda haber estado, no critico las metodolog\u00edas actuales, es una buena ventaja, hay veces que los veo y me gustar\u00eda estar en los shows, como el Lollapalooza o Pearl Jam, cosas as\u00ec. En general hay muchos fot\u00f3grafos y hay muchas buenas fotos tambi\u00e9n.<\/p>\n<p><strong>Hoy la gente tiene un tel\u00e9fono y saca fotos de lo que ve. Tambi\u00e8n se saca selfies.<\/strong><\/p>\n<p>(risas)Mir\u00e0, me parece muy democr\u00e1tico, que el mundo tenga acceso a ese tipo de captura de imagen, est\u00e0 bien, forma parte de la evoluci\u00f3n, de la tecnolog\u00eda y la evoluci\u00f3n, no me molesta para nada. Las selfies muestran cu\u00e0n cholulos somos de nosotros mismos, por lo general queremos mostrar algo en el fondo con nosotros riendo o saliendo bien, es eso, un instante muy cholulo.\u00a0\u00a0\u00a0\u00a0\u00a0\u00a0<\/p>\n<p>&nbsp;<\/p>\n","protected":false},"excerpt":{"rendered":"<p>El notable realizador visual viene presentando con mucho \u00e9xito su muestra\u00bbOpuestos Fotogr\u00e0ficos\u00bben el Centro Cultural Borges, paralelo a la muy esperada publicaci\u00f3n de su libro \u201cRock Argentino Fotograf\u00ecas\u201d, un muy destacado trabajo con excelentes im\u00e1genes de las grandes estrellas musicales del panorama\u00a0local.<\/p>\n","protected":false},"author":1,"featured_media":506,"comment_status":"closed","ping_status":"open","sticky":false,"template":"","format":"standard","meta":{"footnotes":""},"categories":[6],"tags":[],"class_list":["post-516","post","type-post","status-publish","format-standard","has-post-thumbnail","hentry","category-lanzamientos"],"_links":{"self":[{"href":"https:\/\/noticias1440.com.ar\/index.php?rest_route=\/wp\/v2\/posts\/516","targetHints":{"allow":["GET"]}}],"collection":[{"href":"https:\/\/noticias1440.com.ar\/index.php?rest_route=\/wp\/v2\/posts"}],"about":[{"href":"https:\/\/noticias1440.com.ar\/index.php?rest_route=\/wp\/v2\/types\/post"}],"author":[{"embeddable":true,"href":"https:\/\/noticias1440.com.ar\/index.php?rest_route=\/wp\/v2\/users\/1"}],"replies":[{"embeddable":true,"href":"https:\/\/noticias1440.com.ar\/index.php?rest_route=%2Fwp%2Fv2%2Fcomments&post=516"}],"version-history":[{"count":4,"href":"https:\/\/noticias1440.com.ar\/index.php?rest_route=\/wp\/v2\/posts\/516\/revisions"}],"predecessor-version":[{"id":520,"href":"https:\/\/noticias1440.com.ar\/index.php?rest_route=\/wp\/v2\/posts\/516\/revisions\/520"}],"wp:featuredmedia":[{"embeddable":true,"href":"https:\/\/noticias1440.com.ar\/index.php?rest_route=\/wp\/v2\/media\/506"}],"wp:attachment":[{"href":"https:\/\/noticias1440.com.ar\/index.php?rest_route=%2Fwp%2Fv2%2Fmedia&parent=516"}],"wp:term":[{"taxonomy":"category","embeddable":true,"href":"https:\/\/noticias1440.com.ar\/index.php?rest_route=%2Fwp%2Fv2%2Fcategories&post=516"},{"taxonomy":"post_tag","embeddable":true,"href":"https:\/\/noticias1440.com.ar\/index.php?rest_route=%2Fwp%2Fv2%2Ftags&post=516"}],"curies":[{"name":"wp","href":"https:\/\/api.w.org\/{rel}","templated":true}]}}