{"id":461,"date":"2015-04-12T22:38:20","date_gmt":"2015-04-12T22:38:20","guid":{"rendered":"http:\/\/www.noticias1440.com.ar\/?p=461"},"modified":"2015-04-12T22:42:11","modified_gmt":"2015-04-12T22:42:11","slug":"celeste-cid-antes-de-estrenar-nuevo-film-no-soy-muy-fan-de-las-peliculas-de-vampiros","status":"publish","type":"post","link":"https:\/\/noticias1440.com.ar\/?p=461","title":{"rendered":"Celeste Cid a pocas horas de estrenar su nuevo film: \u201cNo soy muy fan de las pel\u00edculas de vampiros\u201d"},"content":{"rendered":"<p>La joven y consagrada actriz protagoniza\u201cLa Parte Ausente\u201dque se estrena este jueves a nivel nacional. En un alto de su trabajo, la int\u00e8rprete habl\u00f2 a solas con Noticias1440 en donde aludi\u00f3 a una variada agenda tem\u00e1tica.<\/p>\n<p><!--more--><a href=\"http:\/\/www.noticias1440.com.ar\/wp-content\/uploads\/2015\/04\/Celeste-Cid-Foto-Telef\u00e8-Noticias-1440-Abril-2015-A000.jpg\"><img loading=\"lazy\" decoding=\"async\" class=\" size-medium wp-image-465 aligncenter\" src=\"http:\/\/www.noticias1440.com.ar\/wp-content\/uploads\/2015\/04\/Celeste-Cid-Foto-Telef\u00e8-Noticias-1440-Abril-2015-A000-300x217.jpg\" alt=\"Celeste Cid (Foto Telef\u00e8 - Noticias 1440 Abril 2015 A000)\" width=\"300\" height=\"217\" srcset=\"https:\/\/noticias1440.com.ar\/wp-content\/uploads\/2015\/04\/Celeste-Cid-Foto-Telef\u00e8-Noticias-1440-Abril-2015-A000-300x217.jpg 300w, https:\/\/noticias1440.com.ar\/wp-content\/uploads\/2015\/04\/Celeste-Cid-Foto-Telef\u00e8-Noticias-1440-Abril-2015-A000.jpg 497w\" sizes=\"auto, (max-width: 300px) 100vw, 300px\" \/><\/a><\/p>\n<p><strong>Por Gabriel Anchorena Uriburu<\/strong><\/p>\n<p><strong>(Capital Federal \u2013 Domingo 12 de Abril de 2015)<\/strong>Este jueves se estrena a nivel nacional el largometraje\u201cLa Parte Ausente\u201d, pel\u00edcula del realizador Galel Maidana que cuenta con las actuaciones protag\u00f3nicas de Celeste Cid, Alberto Ajaka y Guillermo Pfenning, historia que muestra una Buenos Aires en un tono futurista donde ciertas comunidades luchan por hallar la sustancia que pueda prolongar indefinidamente sus vidas. Mientras se emiten los \u00faltimos episodios de la tira\u201cViuda e Hijas de Roque Enrol\u201d, la consagrada artista habl\u00f2 a solas con Noticias1440 sobre este inminente film nacional y tambi\u00e9n sobre muchos temas de su agenda profesional, charla que dej\u00f3 las siguientes apreciaciones:<\/p>\n<p><strong>La pel\u00edcula de Galel muestra a Buenos Aires en un tono futurista. \u00bfCu\u00e0ndo eras un poco m\u00e0s joven so\u00f1aste alguna vez como ser\u00eda el futuro del lugar en donde vivir\u00ecas?<\/strong><\/p>\n<p>A decir verdad nunca so\u00f1\u00e8 con el futuro. Nunca lo imaginaba y no pensaba mucho en \u00e8l, m\u00e0s bien todo eso es algo que me vino con el tiempo, la sensaci\u00f3n de ese futuro, pero no pensaba en el futuro porque era algo temporal y la vida est\u00e0 toda por delante, entonces no iba a acabarse. Luego con la edad pens\u00e0s en la importancia del tiempo y todas esas cosas. Pienso en el futuro m\u00e0s cercano, pero no imagino tanto, imagino situaciones o a m\u00ec de ac\u00e0 a 30 a\u00f1os, pero no tengo idea, me re-cuesta,hoy pienso mucho m\u00e0s a corto plazo e incluso me pasa que cuando termino un a\u00f1o, hago un balance del mismo y ah\u00ec trato de pautarme algunas metas personales a trabajar para el siguiente. Pero una vez que termina el a\u00f1o, de alguna forma lo cierro, porque tambi\u00e9n entiendo que hay esa cosa de que vuelve a suceder y hay que avanzar, sin olvidar las cosas del pasado para realizarlas y tenerlas en cuenta, pero siempre avanzando.<\/p>\n<p><a href=\"http:\/\/www.noticias1440.com.ar\/wp-content\/uploads\/2015\/04\/Celeste-Cid-Foto-Furgang-Noticias-1440-Abril-2015-A002.jpg\"><img loading=\"lazy\" decoding=\"async\" class=\" size-medium wp-image-467 aligncenter\" src=\"http:\/\/www.noticias1440.com.ar\/wp-content\/uploads\/2015\/04\/Celeste-Cid-Foto-Furgang-Noticias-1440-Abril-2015-A002-300x198.jpg\" alt=\"Celeste Cid (Foto Furgang - Noticias 1440 Abril 2015 A002)\" width=\"300\" height=\"198\" srcset=\"https:\/\/noticias1440.com.ar\/wp-content\/uploads\/2015\/04\/Celeste-Cid-Foto-Furgang-Noticias-1440-Abril-2015-A002-300x198.jpg 300w, https:\/\/noticias1440.com.ar\/wp-content\/uploads\/2015\/04\/Celeste-Cid-Foto-Furgang-Noticias-1440-Abril-2015-A002.jpg 496w\" sizes=\"auto, (max-width: 300px) 100vw, 300px\" \/><\/a><\/p>\n<p><strong>Esta pel\u00edcula se pre- estren\u00f2 el a\u00f1o pasado en Mar del Plata. \u00bfC\u00f3mo es tu papel?<\/strong><\/p>\n<p>Acept\u00e8 trabajar con el cineasta hondure\u00f1o Galel Maidana, \u00e8l vive en Argentina hace unos a\u00f1os y me propuso hacer el papel de Lucrecia. Es una pel\u00edcula que filmamos \u00edntegramente de noche, a excepci\u00f3n de una escena especial que ocurre al final de la pel\u00edcula, all\u00ec ocurre una aparici\u00f3n. Result\u00f2 una experiencia especial en pleno invierno en la ciudad, fue ir de una punta a la otra porque en ese relato filmamos en lugares bastante oscuros y tenues. Mi personaje en la historia es un vampiro, una\u201cmujer pantera\u201dpodr\u00eca llamarse as\u00ec,tiene unos 200 a\u00f1os, todo transcurre en un contexto bastante apocal\u00ecptico, como si Buenos Aires hubiese sido destruida dejando solo una escenograf\u00eda natural de varios lugares arrasados, mi personaje no es solo un vampiro, es una chica que est\u00e0 buscando un amor que tuvo, que ante \u00e8 se fug\u00f2 porque no quiere seguir involucrada, ella queda desolada a\u00f1os, a\u00f1os y a\u00f1os, mucho tiempo busc\u00e0ndolo por todos lados, ah\u00ec se vuelven a encontrar. Hice algunas escenas donde me devor\u00e8 a algunas personas(risas), de hecho en un momento del proceso tuve que hacer el doblaje del sonido de esa pantera, con las garras mientras sosten\u00eda algo que devoraba, es una pel\u00edcula que habla de v\u00ednculos tambi\u00e9n con una cuesti\u00f3n m\u00e0s est\u00e8tica donde tambi\u00e9n Buenos Aires es un personaje m\u00e0s.<\/p>\n<p><strong>Digamos que es un papel que se sale de lo cotidiano.<\/strong><\/p>\n<p>Bueno, ese es uno de los atractivos tambi\u00e8n, esa cosa de los l\u00ecmites m\u00e0s expandidos a lo que habitualmente uno hace, creo que s\u00ec, b\u00e1sicamente lo que me pas\u00f2 con la pel\u00edcula es que cuando le\u00ec el gui\u00f2n todas estas im\u00e0genes o este concepto est\u00e8tico y psicol\u00f3gico que tienen ya estaba claro desde el gui\u00f2n. Despu\u00e9s cuando me encontr\u00e8 con Galel Maidana, que es el director de esta pel\u00edcula, me sent\u00ed muy cercana, muy a gusto con sus cosas, digo cine, literatura y poes\u00eda. Entonces de golpe est\u00e1bamos hablando de Horacio Quiroga o de Foucalt o de mitolog\u00eda, esas cosas est\u00e1n en la pel\u00edcula, porque al director le gusta mucho y entend\u00ed que iba a poder encajar en su relato, en ese papel.<\/p>\n<p><a href=\"http:\/\/www.noticias1440.com.ar\/wp-content\/uploads\/2015\/04\/Celeste-Cid-Foto-Furgang-Noticias-1440-Abril-2015-A001.jpg\"><img loading=\"lazy\" decoding=\"async\" class=\" size-medium wp-image-466 aligncenter\" src=\"http:\/\/www.noticias1440.com.ar\/wp-content\/uploads\/2015\/04\/Celeste-Cid-Foto-Furgang-Noticias-1440-Abril-2015-A001-300x216.jpg\" alt=\"Celeste Cid (Foto Furgang - Noticias 1440 Abril 2015 A001)\" width=\"300\" height=\"216\" srcset=\"https:\/\/noticias1440.com.ar\/wp-content\/uploads\/2015\/04\/Celeste-Cid-Foto-Furgang-Noticias-1440-Abril-2015-A001-300x216.jpg 300w, https:\/\/noticias1440.com.ar\/wp-content\/uploads\/2015\/04\/Celeste-Cid-Foto-Furgang-Noticias-1440-Abril-2015-A001.jpg 438w\" sizes=\"auto, (max-width: 300px) 100vw, 300px\" \/><\/a><\/p>\n<p><strong>\u00bfComo espectadora de cine sos fan de esa clase de pel\u00edculas?<\/strong><\/p>\n<p>N\u00f2 particularmente, no es algo que me atraiga, me gusta pero n\u00f2 como algo que me fanatice. No hab\u00eda visto pel\u00edculas argentinas sobre la din\u00e1mica futurista, es m\u00e0s, no sab\u00eca que Charly Garc\u00eca hab\u00eda filmado\u201cLo que vendr\u00e0\u201d, tampoco s\u00e8 si hay tanto antecedente de cine nuestro del g\u00e8nero, me parece que no tanto, a la vez desde lo actoral era importante que las actuaciones sean veros\u00edmiles. Reci\u00e9n lo hablaba, no hay una escena donde se vea un colmillo que asoma y el brillo de la luz reflejado en \u00e8l, o alguien que devora a otro, todo eso est\u00e0 sugerido, \u201cla parte ausente\u201des esa, la parte de las cosas que suceden pero no se muestran en el film, ellas est\u00e1n sugeridas, pero igual para m\u00ec es mucho m\u00e0s atractivo, porque deja tambi\u00e9n que el espectador tengas sus fantas\u00ecas con todas las cosas.<\/p>\n<p><strong>Entre su filmaci\u00f3n y el pr\u00f3ximo lanzamiento pas\u00f2 bastante tiempo. <\/strong><\/p>\n<p>La pel\u00edcula se film\u00f2 hace casi dos a\u00f1os, pero tuvo much\u00edsimo proceso de postproducci\u00f3n, porque despu\u00e9s de esta pel\u00edcula hice\u201cAire Libre\u201dque de hecho ya se estren\u00f2, es como que los tiempos est\u00e1n corridos, creo tambi\u00e9n por la singularidad del g\u00e8nero, adem\u00e0s porque tiene mucho trabajo de postproducci\u00f3n, sonido, imagen, toda esa parte t\u00e8cnica. Pero me gustar\u00eda hacer este tipo de cine porque me sent\u00ed muy c\u00f3moda, pero m\u00e0s que con el g\u00e8nero encarado, con la mirada que tienen los directores al respecto. Lo mismo tambi\u00e9n me pas\u00f2 con Anah\u00ec Berneri, son pel\u00edculas de directores que tienen un lenguaje propio, es como un trazo especial en un cuadro, a m\u00ec me gusta ese v\u00ecnculo especial con lo que es el director de cine, te pon\u00e8s en sus manos y confi\u00e0s porque uno es un elemento m\u00e0s en su pel\u00edcula, no es como el teatro donde todo cae sobre el actor, para m\u00ec esa comunicaci\u00f3n me parece que es muy linda.<\/p>\n<p><a href=\"http:\/\/www.noticias1440.com.ar\/wp-content\/uploads\/2015\/04\/Celeste-Cid-Foto-Telef\u00e8-Noticias-1440-Abril-2015-A004.jpg\"><img loading=\"lazy\" decoding=\"async\" class=\" size-medium wp-image-471 aligncenter\" src=\"http:\/\/www.noticias1440.com.ar\/wp-content\/uploads\/2015\/04\/Celeste-Cid-Foto-Telef\u00e8-Noticias-1440-Abril-2015-A004-300x196.jpg\" alt=\"Celeste Cid (Foto Telef\u00e8 - Noticias 1440 Abril 2015 A004)\" width=\"300\" height=\"196\" srcset=\"https:\/\/noticias1440.com.ar\/wp-content\/uploads\/2015\/04\/Celeste-Cid-Foto-Telef\u00e8-Noticias-1440-Abril-2015-A004-300x196.jpg 300w, https:\/\/noticias1440.com.ar\/wp-content\/uploads\/2015\/04\/Celeste-Cid-Foto-Telef\u00e8-Noticias-1440-Abril-2015-A004.jpg 441w\" sizes=\"auto, (max-width: 300px) 100vw, 300px\" \/><\/a><\/p>\n<p><strong>\u00bfEra complicado adaptarse a una est\u00e8tica temporal bastante distintiva y particular? <\/strong><\/p>\n<p>La verdad no sent\u00ed una dificultad, el gui\u00f2n fue un desaf\u00edo, es un poco vivir la experiencia de correrte de lo habitual, uno incluso como espectador est\u00e0 m\u00e0s acostumbrado a cosas de la cotidianeidad, de que manera se relata eso y ac\u00e0 lo que la pel\u00edcula no tiene es esa clase de cotidianeidad. Nunca vez a un personaje yendo a hacer las compras o pele\u00e1ndose con la pareja, todo lo contrario, entonces era entrar en el lenguaje de Galel, ese fue el mejor desaf\u00edo, como la experiencia de entrar a un g\u00e8nero donde lo que se va a ver va a ser m\u00e0s evocado que lo que se est\u00e0 mostrando, es entrar en esos c\u00f3digos. Me gusta como qued\u00f3 la pel\u00edcula, es el resultado de algo nuevo en un punto, por supuesto en el momento en que lo hac\u00e8s es m\u00e0s emocional, aunque pens\u00e0s cosas y elabor\u00e0s todo, pero despu\u00e9s te decanta otra cosa cuando ves la pel\u00edcula, el film me parece que es muy atrevido,lo digo en el buen sentido, viste?, es una pel\u00edcula de director. Yo festejo eso cuando pasa, es un riesgo, eso est\u00e0 buen\u00edsimo cuando sucede, en cualquier \u00e1mbito, una voz nueva que viene a mostrar un mundo que tiene sus sue\u00f1os y sus pesadillas.<\/p>\n<p><strong>\u00bfHay alguna tono de b\u00fasqueda en esta clase de decisiones profesionales?<\/strong><\/p>\n<p>Tiene que ver con eso,con la b\u00fasqueda de una singularidad, yo tambi\u00e9n estoy encontrando mi propio lenguaje y propia expresi\u00f3n, entonces cuando veo eso en personas que me rodean, tambi\u00e8n me resuenan en alg\u00fan lugar, me gusta ser parte de eso, de esos proyectos.<\/p>\n<p><a href=\"http:\/\/www.noticias1440.com.ar\/wp-content\/uploads\/2015\/04\/Celeste-Cid-Foto-Telef\u00e8-Noticias-1440-Abril-2015-A002.jpg\"><img loading=\"lazy\" decoding=\"async\" class=\" size-medium wp-image-469 aligncenter\" src=\"http:\/\/www.noticias1440.com.ar\/wp-content\/uploads\/2015\/04\/Celeste-Cid-Foto-Telef\u00e8-Noticias-1440-Abril-2015-A002-300x280.jpg\" alt=\"Celeste Cid (Foto Telef\u00e8 - Noticias 1440 Abril 2015 A002)\" width=\"300\" height=\"280\" srcset=\"https:\/\/noticias1440.com.ar\/wp-content\/uploads\/2015\/04\/Celeste-Cid-Foto-Telef\u00e8-Noticias-1440-Abril-2015-A002-300x280.jpg 300w, https:\/\/noticias1440.com.ar\/wp-content\/uploads\/2015\/04\/Celeste-Cid-Foto-Telef\u00e8-Noticias-1440-Abril-2015-A002.jpg 456w\" sizes=\"auto, (max-width: 300px) 100vw, 300px\" \/><\/a><\/p>\n<p><strong>\u00bfSer\u00e0 por eso que te vas a meter en el mundo de la literatura en pocas semanas?<\/strong><\/p>\n<p>S\u00ec, puede ser, es cierto. A m\u00ec siempre me dio mucha intriga en verdad, la literatura o el cine, son formas de lo mismo, el lenguaje en s\u00ec est\u00e0 cristalizado desde la cultura, hasta el tiempo mismo. Como perteneciente a esta generaci\u00f3n yo trato de indagar un poco en esta generaci\u00f3n y de donde venimos, es como que encuentro un nexo entre todo. Una vez escrib\u00ec un libro, pero contarlo me da mucho pudor, yo escrib\u00eca alguna cosas, igual ahora lo estoy reescribiendo, es algo que hago en mi casa y con mis maestros, quiz\u00e1s en alg\u00fan momento cuando considere que no es una estafa para nadie me anime a publicarlo. El t\u00edtulo provisorio que tiene es\u201cIntimidad\u201d\u2026y no habla de ninguna intimidad. Es todo lo contrario.<\/p>\n<p><strong>\u00bfSent\u00ecs que sos una persona tendiente a romper los moldes establecidos?<\/strong><\/p>\n<p>S\u00ec, de alguna forma s\u00ec. Tambi\u00e9n se da que eso responde a una necesidad, una vez le\u00ec en una entrevista que dio Mercedes Moran, all\u00ec dec\u00eda que para ella la actuaci\u00f3n es como un viaje y uno se pone la ropa de otra persona, pero luego vuelve a su vida modificada y los personajes quedan como parientes lejanos, que no hay que darles mucha bola porque despu\u00e9s se te meten en otra pel\u00edcula, es todo un quilombo y me parece que est\u00e0 buen\u00edsimo toda esa definici\u00f3n. Es como ir hacia un lugar, aprender algo y despu\u00e9s salirse de eso, soy de salirme de los personajes, me parece muy importante. Hay que salirse porque es una ficci\u00f3n, algo irreal, real mientras lo hac\u00e8s y en un contexto, porque despu\u00e9s sin\u00f2 sos una loca.<\/p>\n<p><strong>\u00bfTen\u00e8s prevista una nueva pel\u00edcula con Leo Sbaraglia? <\/strong><\/p>\n<p>Todav\u00eca no est\u00e0 confirmada, est\u00e0 postergada y no s\u00e8 cuando se hace, o sea que mientras me dedicar\u00e8 a la literatura y a cuidar a mi hijo, que no es poca tarea. Me han ofrecido hacer tele y hay tambi\u00e9n unas pel\u00edculas, pero para fin de a\u00f1o.<\/p>\n<p><a href=\"http:\/\/www.noticias1440.com.ar\/wp-content\/uploads\/2015\/04\/Celeste-Cid-Foto-Telef\u00e8-Noticias-1440-Abril-2015-A001.jpg\"><img loading=\"lazy\" decoding=\"async\" class=\" size-medium wp-image-468 aligncenter\" src=\"http:\/\/www.noticias1440.com.ar\/wp-content\/uploads\/2015\/04\/Celeste-Cid-Foto-Telef\u00e8-Noticias-1440-Abril-2015-A001-300x187.jpg\" alt=\"Celeste Cid (Foto Telef\u00e8 - Noticias 1440 Abril 2015 A001)\" width=\"300\" height=\"187\" srcset=\"https:\/\/noticias1440.com.ar\/wp-content\/uploads\/2015\/04\/Celeste-Cid-Foto-Telef\u00e8-Noticias-1440-Abril-2015-A001-300x187.jpg 300w, https:\/\/noticias1440.com.ar\/wp-content\/uploads\/2015\/04\/Celeste-Cid-Foto-Telef\u00e8-Noticias-1440-Abril-2015-A001.jpg 534w\" sizes=\"auto, (max-width: 300px) 100vw, 300px\" \/><\/a><\/p>\n<p><strong>Volviste a la televisi\u00f3n el a\u00f1o pasado. \u00bfQu\u00e8 sensaciones aparecen ahora? <\/strong><\/p>\n<p>Si, en\u201cViuda e hijas de Roque Enrol\u201d, me toc\u00f2 hacer a Vera, en su momento la \u00fanica de las hijas no reconocidas de Robi(Lalo Mir). De alguna manera mi personaje lo relat\u00e8 desde un lugar so\u00f1ador, Vera es muy melanc\u00f3lica ante algunas cosas que no pudo vivir, aunque ella tiene mucha bastante m\u00e1s necesidad de disfrutar lo nuevo que ponerse a lamentar aquello que no tuvo. Es una mujer que quiere invadir y revisar todo, ver qu\u00e9 se perdi\u00f3, por ende esa curiosidad hace que su historia no sea densa, siempre busca ponerse en contacto con su identidad pero desde un costado adolescente. Cuando me llamaron de Undergroung me sedujo la propuesta, obviamente estaba la evocaci\u00f3n de aquella banda que hubo en los\u201980, las Viudas eran incre\u00edbles. Me atrajo que la tira suceda en una radio, todo el tiempo est\u00e0 presente el rock de alguna manera con Spinetta, Charly, los Abuelos de la Nada, Virus, todo el fen\u00f3meno de los\u201980, de ah\u00ec tambi\u00e9n viene la cuesti\u00f3n del nombre, es una serie de tiras y aflojes entre todas las mujeres vinculadas a ese poder, es un papel que me permiti\u00f2 lucirme mucho y dar lo mejor de m\u00ec en cada situaci\u00f3n. El saldo de los cap\u00edtulos que quedan es muy positivo, fue una experiencia muy grata, se arm\u00f2 un buen grupo de gente, cada uno con su forma, pero muy distintos algunos entre s\u00ec, ah\u00ec encontramos un lugar de mucho compa\u00f1erismo. Generalmente eso me pasa, pero es muy extra\u00f1o que haya sido as\u00ec todo el a\u00f1o, nunca hubo situaciones contrarias, eran todos muy parejos con un objetivo en com\u00fan.<\/p>\n<p><strong>\u00bfTe sorprende que\u201cOnur\u201d(BinbirGece)se ahora la reina de las novelas?<\/strong><\/p>\n<p>No tengo la imagen de ese actor, la tengo que ver, no estoy muy informada, pero s\u00ec se que hoy es un nombre que resuena mucho, el nombre Onur no me viene con una imagen, ojo, pero yo no creo que haya bajado el nivel de programas nacionales, no creo que esto sea as\u00ec, me parece que son fen\u00f3menos que entran en esas grietas, qui\u00e8n sabe porqu\u00e8. Hay un poco una vuelta a la novela m\u00e0s cl\u00e1sica o de perfil anterior, con muchos m\u00e0s silencios, hay tiempos en las escenas, no es que todo es un griter\u00edo, al contrario y est\u00e1n muy bien filmadas, hay opciones que est\u00e1n en la pantalla, no creo que tenga que ver con que el contexto sea malo.<\/p>\n<p><a href=\"http:\/\/www.noticias1440.com.ar\/wp-content\/uploads\/2015\/04\/Celeste-Cid-Foto-Telef\u00e8-Noticias-1440-Abril-2015-A003.jpg\"><img loading=\"lazy\" decoding=\"async\" class=\" size-medium wp-image-470 aligncenter\" src=\"http:\/\/www.noticias1440.com.ar\/wp-content\/uploads\/2015\/04\/Celeste-Cid-Foto-Telef\u00e8-Noticias-1440-Abril-2015-A003-300x229.jpg\" alt=\"Celeste Cid (Foto Telef\u00e8 - Noticias 1440 Abril 2015 A003)\" width=\"300\" height=\"229\" srcset=\"https:\/\/noticias1440.com.ar\/wp-content\/uploads\/2015\/04\/Celeste-Cid-Foto-Telef\u00e8-Noticias-1440-Abril-2015-A003-300x229.jpg 300w, https:\/\/noticias1440.com.ar\/wp-content\/uploads\/2015\/04\/Celeste-Cid-Foto-Telef\u00e8-Noticias-1440-Abril-2015-A003.jpg 440w\" sizes=\"auto, (max-width: 300px) 100vw, 300px\" \/><\/a><\/p>\n<p><strong>\u00bfMientras estudies literatura que har\u00e0s con las potenciales ofertas de la tv abierta?<\/strong><\/p>\n<p>No voy a aceptar ofrecimientos de tele por el momento, me parece que tambi\u00e9n es muy importante estudiar, para el trabajo en s\u00ec, pues es una forma de nutrirse y aprender cosas nuevas. Hoy me siento m\u00e0s cercana al mundo del cine, el teatro presupone un riesgo, ojo las pel\u00edculas tambi\u00e9n lo tienen, es esa parte tan viva del teatro, tan sin red, a m\u00ec el cine me parece mucho m\u00e0s compacto y contenido, trabaj\u00e0s mucho m\u00e0s con el punto de vista de la otra persona. A m\u00ec esa parte me gusta.\u00a0\u00a0\u00a0\u00a0\u00a0\u00a0\u00a0\u00a0 \u00a0\u00a0\u00a0\u00a0\u00a0\u00a0\u00a0\u00a0\u00a0\u00a0\u00a0\u00a0\u00a0\u00a0\u00a0\u00a0\u00a0\u00a0\u00a0\u00a0<\/p>\n<p><strong>En su momento Admitiste vivir un\u201cS\u00ecndrome Andrea Del Boca\u201d, es decir dar la impresi\u00f3n de haber vivido m\u00e0s experiencias que lo realmente dimensionable en la vida real. \u00bfC\u00f2mo es esa situaci\u00f2n? <\/strong><\/p>\n<p>Curioso, he vivido muchas cosas con mucha intensidad en un per\u00edodo no tan largo de tiempo, el actual es tambi\u00e9n un momento de mucha actividad y mucha alegr\u00eda, pero con muchas cosas que me identifican y las elijo con felicidad. Al mismo tiempo es un desbole, llevo a mi hijo al colegio, estuve con la tira de Underground(Viudas), estren\u00e8 algunas pel\u00edculas, filmando y sigo con todas las cosas de las casa, soy casi como una gran\u201cmadre pulpo\u201d(risas). Estoy muy plena como mujer y profesional, realmente muy contenta, se abren puertas que son muy placenteras para una, para hacer cierta clase de trabajos que me gustan, pude trabajar en una pel\u00edcula de Anah\u00ec Berneri, de la cual soy muy devota, v\u00ec sus anteriores trabajos, realmente so\u00f1aba con trabajar con ella, cuando el proyecto\u201cAire Libre\u201dinclu\u00eca a Leo Sbaraglia, con quien nunca hab\u00edamos trabajado, fue muy dif\u00edcil resistirse.<\/p>\n<p><strong>En el film asom\u00e0s en un plan de derm\u00ecs muy intenso en medio de tensiones humanas. <\/strong><\/p>\n<p>Fue una pel\u00edcula muy intensa en todos los aspectos, realmente. Me gustan mucho toda esa clase de historias, especialmente las que hacen hincapi\u00e9 en los v\u00ednculos, lo que somos, a m\u00ec me gusta mostrar las cosas que nos pasan, esos personajes con toda su humanidad, sus vericuetos y todas sus contradicciones, la pel\u00edcula habla de un amor bastante ap\u00e0tico, un amor intolerable, que se codea suavemente con la violencia, con una cierta tensi\u00f3n, con la bronca, con el odio, hay una enorme crisis en una pareja que lleva ya m\u00e0s de diez a\u00f1os,me gusta poder hablar de esos temas. Son cosas que tambi\u00e9n a todos nos pasan, que romp\u00e8s o golpe\u00e0s una pared cuando est\u00e0s enojado, qui\u00e8n no ha tirado algo por el aire?&#8230;Susana tir\u00f2 el cenicero, todos hemos tirado algo(risas), cuando pasan estos casos uno se identifica, encontr\u00e0s cosas con las que te identificas,no es un film que pase por los desnudos, alguno podr\u00eda decir que son situaciones de dermis muy intensas, en esos momentos que no hay ropas hay mucha tensi\u00f3n e incomodidad, totalmente, son personajes que est\u00e1n expuestos toda la pel\u00edcula, peleando con su vida y sus hijos, construyen y destruyen paralelamente.<\/p>\n<p><a href=\"http:\/\/www.noticias1440.com.ar\/wp-content\/uploads\/2015\/04\/Celeste-Cid-y-Leo-Sbaraglia-Foto-gentileza-Raquel-Flotta-2014.jpg\"><img loading=\"lazy\" decoding=\"async\" class=\" size-medium wp-image-472 aligncenter\" src=\"http:\/\/www.noticias1440.com.ar\/wp-content\/uploads\/2015\/04\/Celeste-Cid-y-Leo-Sbaraglia-Foto-gentileza-Raquel-Flotta-2014-300x164.jpg\" alt=\"Celeste Cid y Leo Sbaraglia (Foto gentileza Raquel Flotta 2014)\" width=\"300\" height=\"164\" srcset=\"https:\/\/noticias1440.com.ar\/wp-content\/uploads\/2015\/04\/Celeste-Cid-y-Leo-Sbaraglia-Foto-gentileza-Raquel-Flotta-2014-300x164.jpg 300w, https:\/\/noticias1440.com.ar\/wp-content\/uploads\/2015\/04\/Celeste-Cid-y-Leo-Sbaraglia-Foto-gentileza-Raquel-Flotta-2014.jpg 581w\" sizes=\"auto, (max-width: 300px) 100vw, 300px\" \/><\/a><\/p>\n<p><strong>En medio de todo esto retomaste tu trabajo cont\u00ecnuo con la televisi\u00f3n.<\/strong><\/p>\n<p>Tal cual, estuve con la tira de Telef\u00e8, hay que congeniar entre el cine y la televisi\u00f3n,en esta \u00faltima los personajes son much\u00ecsimo m\u00e1s espont\u00e1neos con elementos m\u00e1s cercanos, mientras que en el cine ocurre lo contrario. En una pel\u00edcula se da lo opuesto, necesito investigar much\u00ecsimo, estudiar m\u00e1s e indagar otras cosas, pero celebro comulgar ambas cosas y saltar de una a otra y regresar. El cine hoy realmente me fascina, me gusta mucho, soy muy expectadora de los films, tambi\u00e9n veo tele, teatro, pero por el cine siento m\u00e0s que devoci\u00f3n, me demanda cosas f\u00edsicas muy especiales. El rodaje de\u201cAire libre\u201dfue muy intenso, tuve varios moretones porque esas situaciones de tensi\u00f3n eran reales, llegaba a mi casa redolorida, pero festejaba echada en la cama por las buenas tomas que hab\u00edan salido. Sent\u00eca que estaba dejando el alma, una puede criticarse, porque cuesta verse despu\u00e9s tambi\u00e9n, n\u00f2?, sent\u00eda que en ese momento eran cosas muy honestas.<\/p>\n<p><strong>En su momento por cuestiones de salud paraste todo y retomaste despu\u00e9s con una tira con Luciano Castro. \u00bfNecesitabas protegerte de la erosi\u00f3n que acumulabas?\u00a0\u00a0 <\/strong><\/p>\n<p>Probablemente, puede ser que haya armado una mayor resistencia o mejor blindaje para todo lo que venga, tambi\u00e9n hay que ver como uno responde a esas exigencias f\u00edsicas que un papel puede solicitarte, me pas\u00f2 de tener que responder a una determinada situaci\u00f3n aunque f\u00edsicamente no estaba bien. Cuando me llam\u00f2 Adri\u00e0n Suar para hacer\u201cPara vestir santos\u201d, estaba con mi cuerpo bastante hinchada, como muy deformada pero me relaj\u00e8, no pod\u00e8s pelearte con eso, onda ponerte a dieta, salir a entrenar y correr para modificarlo, yo estaba as\u00ec, era un proceso que ten\u00eda que pasar. Dije\u201cesto me lo pongo en contra o le saco jugo a lo que venga\u201d, finalmente se impuso la segunda opci\u00f3n, fue divertirse con lo que estaba pasando, luego hacer esa tira que mencion\u00e0s, estaba realmente m\u00e0s delgada, me pude bancar las exigencias que la situaci\u00f3n me reclamaba,no soy de salir a la calle porque s\u00ec, me gusta tener bien claro las cosas cuando me alejo de mi hogar, siempre fu\u00ec un poco de cuidarme, evaluar sobre aquello que no me aportaba nada en definitiva, tambi\u00e9n me ha pasado tener periodistas en la puerta de mi casa, sab\u00e8s que pasa eso y alguno te avisa por tel\u00e9fono, de esas cosas trato de escapar. Me sale naturalmente, es un juego que incomoda.<\/p>\n<p><a href=\"http:\/\/www.noticias1440.com.ar\/wp-content\/uploads\/2015\/04\/Celeste-Cid-y-Fabi-Cantilo-Foto-gentileza-Raquel-Flotta-2014.jpg\"><img loading=\"lazy\" decoding=\"async\" class=\" size-medium wp-image-473 aligncenter\" src=\"http:\/\/www.noticias1440.com.ar\/wp-content\/uploads\/2015\/04\/Celeste-Cid-y-Fabi-Cantilo-Foto-gentileza-Raquel-Flotta-2014-300x238.jpg\" alt=\"Celeste Cid y Fabi Cantilo (Foto gentileza Raquel Flotta 2014)\" width=\"300\" height=\"238\" srcset=\"https:\/\/noticias1440.com.ar\/wp-content\/uploads\/2015\/04\/Celeste-Cid-y-Fabi-Cantilo-Foto-gentileza-Raquel-Flotta-2014-300x238.jpg 300w, https:\/\/noticias1440.com.ar\/wp-content\/uploads\/2015\/04\/Celeste-Cid-y-Fabi-Cantilo-Foto-gentileza-Raquel-Flotta-2014.jpg 385w\" sizes=\"auto, (max-width: 300px) 100vw, 300px\" \/><\/a><\/p>\n<p><strong>En\u201cAire Libre\u201dtrabajaste con Fabi Cantilo, una leyenda pop de aquellos tiempos. <\/strong><\/p>\n<p>En la pel\u00edcula hace de mi mam\u00e0, Fabi es la gran madre argentina!!!(risas). Fue genial, ella quiere actuar hace mucho, un d\u00eca me llam\u00f2 y me dijo\u201centr\u00e0 a tal p\u00e1gina de internet\u201d, ella hace unos videos donde arma unos personajes, una empleada, una vedette desalojada en la puerta de un teatro, monta unas carpas, telas, ositos de peluche, toda maquillada y act\u00f9a, es algo genial, ella misma lo escribe y lo hace, es b\u00e1rbaro. Tiene un caudal interpretativo muy grande, v\u00ec esos videos y descubr\u00ec su capacidad, tiene una gran formaci\u00f3n porque en su momento estuvo en contacto con ViviTellas, se da la cuesti\u00f3n que ella en su casa pinta y en esa pel\u00edcula tambi\u00e9n, de hecho tambi\u00e9n trajo sus cuadros a la pel\u00edcula, cuando sali\u00f3 la posibilidad para que ella actuara dije\u201cqu\u00e8 m\u00e1gico!\u201d.<\/p>\n<p><a href=\"http:\/\/www.noticias1440.com.ar\/wp-content\/uploads\/2015\/04\/Celeste-Cid-y-Charly-Garc\u00eca-Foto-gentileza-EMI-2003-A.jpg\"><img loading=\"lazy\" decoding=\"async\" class=\" size-medium wp-image-474 aligncenter\" src=\"http:\/\/www.noticias1440.com.ar\/wp-content\/uploads\/2015\/04\/Celeste-Cid-y-Charly-Garc\u00eca-Foto-gentileza-EMI-2003-A-300x196.jpg\" alt=\"Celeste Cid y Charly Garc\u00eca (Foto gentileza EMI 2003 A)\" width=\"300\" height=\"196\" srcset=\"https:\/\/noticias1440.com.ar\/wp-content\/uploads\/2015\/04\/Celeste-Cid-y-Charly-Garc\u00eca-Foto-gentileza-EMI-2003-A-300x196.jpg 300w, https:\/\/noticias1440.com.ar\/wp-content\/uploads\/2015\/04\/Celeste-Cid-y-Charly-Garc\u00eca-Foto-gentileza-EMI-2003-A.jpg 503w\" sizes=\"auto, (max-width: 300px) 100vw, 300px\" \/><\/a><\/p>\n<p><strong>Y encima vos a principios de milenio trabajaste con Charly Garc\u00eca. <\/strong><\/p>\n<p>Exacto, fue una cosa de mucha magia, me llam\u00f2 para actuar en el videoclip de la canci\u00f3n \u201cAsesiname\u201d, que aparec\u00eda en la novela\u201cResistir\u00e8\u201d. En ese video Charly tocaba, no hab\u00eda un gui\u00f2n, no hab\u00eda pautas, era estar ah\u00ec y conectarse con el otro, en este caso \u00e8l, yo estaba atenta a todo lo que pasaba en el lugar, as\u00ec lo fuimos haciendo, \u00e8l de golpe me dec\u00eda una palabra y yo reaccionaba a eso, pero en un momento \u00e8l me tira el piano sobre un pie, de hecho ah\u00ec lo miro con un tono bastante o muy desafiante, no hubo una puesta en palabras de lo que \u00ecbamos a hacer, nos sali\u00f3 eso y yo termin\u00e8 llorando en el video. Fue algo muy intenso, Charly tiene una gran ternura y se nota en cada cosa, cada gesto, aparece en unas cosas bastante maquillado para sus puestas, pero detr\u00e1s hay un ser super sensible que est\u00e0 receptivo a todo, \u00e8l te ladra, pero detr\u00e1s es lo contrario, como cuando encara a un vampiro pero es la ant\u00edtesis de eso, es como un ni\u00f1o jugando medio atolondrado.<\/p>\n<p>&nbsp;<\/p>\n<p>&nbsp;<\/p>\n<p>&nbsp;<\/p>\n","protected":false},"excerpt":{"rendered":"<p>La joven y consagrada actriz protagoniza\u201cLa Parte Ausente\u201dque se estrena este jueves a nivel nacional. En un alto de su trabajo, la int\u00e8rprete habl\u00f2 a solas con Noticias1440 en donde aludi\u00f3 a una variada agenda tem\u00e1tica.<\/p>\n","protected":false},"author":1,"featured_media":464,"comment_status":"closed","ping_status":"open","sticky":false,"template":"","format":"standard","meta":{"footnotes":""},"categories":[10],"tags":[],"class_list":["post-461","post","type-post","status-publish","format-standard","has-post-thumbnail","hentry","category-cine-y-teatro"],"_links":{"self":[{"href":"https:\/\/noticias1440.com.ar\/index.php?rest_route=\/wp\/v2\/posts\/461","targetHints":{"allow":["GET"]}}],"collection":[{"href":"https:\/\/noticias1440.com.ar\/index.php?rest_route=\/wp\/v2\/posts"}],"about":[{"href":"https:\/\/noticias1440.com.ar\/index.php?rest_route=\/wp\/v2\/types\/post"}],"author":[{"embeddable":true,"href":"https:\/\/noticias1440.com.ar\/index.php?rest_route=\/wp\/v2\/users\/1"}],"replies":[{"embeddable":true,"href":"https:\/\/noticias1440.com.ar\/index.php?rest_route=%2Fwp%2Fv2%2Fcomments&post=461"}],"version-history":[{"count":3,"href":"https:\/\/noticias1440.com.ar\/index.php?rest_route=\/wp\/v2\/posts\/461\/revisions"}],"predecessor-version":[{"id":477,"href":"https:\/\/noticias1440.com.ar\/index.php?rest_route=\/wp\/v2\/posts\/461\/revisions\/477"}],"wp:featuredmedia":[{"embeddable":true,"href":"https:\/\/noticias1440.com.ar\/index.php?rest_route=\/wp\/v2\/media\/464"}],"wp:attachment":[{"href":"https:\/\/noticias1440.com.ar\/index.php?rest_route=%2Fwp%2Fv2%2Fmedia&parent=461"}],"wp:term":[{"taxonomy":"category","embeddable":true,"href":"https:\/\/noticias1440.com.ar\/index.php?rest_route=%2Fwp%2Fv2%2Fcategories&post=461"},{"taxonomy":"post_tag","embeddable":true,"href":"https:\/\/noticias1440.com.ar\/index.php?rest_route=%2Fwp%2Fv2%2Ftags&post=461"}],"curies":[{"name":"wp","href":"https:\/\/api.w.org\/{rel}","templated":true}]}}