{"id":3410,"date":"2025-04-04T20:36:37","date_gmt":"2025-04-04T20:36:37","guid":{"rendered":"https:\/\/noticias1440.com.ar\/?p=3410"},"modified":"2026-02-11T20:37:22","modified_gmt":"2026-02-11T20:37:22","slug":"la-11va-edicion-de-la-semana-del-cine-italiano-ya-es-realidad-en-cinepolis-recoleta","status":"publish","type":"post","link":"https:\/\/noticias1440.com.ar\/?p=3410","title":{"rendered":"La 11va Edici\u00f3n de la Semana del Cine Italiano ya es realidad en Cin\u00e9polis Recoleta"},"content":{"rendered":"<h2 style=\"text-align: center;\">Un manjar solo comparable con las mejores pastas y pizzas del mundo podr\u00e1 disfrutarse en el Complejo de Vicente L\u00f3pez 2050, cuando los mejores t\u00edtulos it\u00e1licos desembarquen\u00a0 en el lugar que m\u00e1s disfrutan los amantes del s\u00e9ptimo arte.<\/h2>\n<p><!--more--><\/p>\n<h2 style=\"text-align: center;\"><a href=\"http:\/\/noticias1440.com.ar\/wp-content\/uploads\/2026\/02\/Afiche-Semana-de-Cine-Italiano-2025-Horizontal.jpg\"><img loading=\"lazy\" decoding=\"async\" class=\"wp-image-3411 aligncenter\" src=\"http:\/\/noticias1440.com.ar\/wp-content\/uploads\/2026\/02\/Afiche-Semana-de-Cine-Italiano-2025-Horizontal-300x169.jpg\" alt=\"\" width=\"918\" height=\"517\" srcset=\"https:\/\/noticias1440.com.ar\/wp-content\/uploads\/2026\/02\/Afiche-Semana-de-Cine-Italiano-2025-Horizontal-300x169.jpg 300w, https:\/\/noticias1440.com.ar\/wp-content\/uploads\/2026\/02\/Afiche-Semana-de-Cine-Italiano-2025-Horizontal-1024x576.jpg 1024w, https:\/\/noticias1440.com.ar\/wp-content\/uploads\/2026\/02\/Afiche-Semana-de-Cine-Italiano-2025-Horizontal-768x432.jpg 768w, https:\/\/noticias1440.com.ar\/wp-content\/uploads\/2026\/02\/Afiche-Semana-de-Cine-Italiano-2025-Horizontal-1536x864.jpg 1536w, https:\/\/noticias1440.com.ar\/wp-content\/uploads\/2026\/02\/Afiche-Semana-de-Cine-Italiano-2025-Horizontal-460x260.jpg 460w, https:\/\/noticias1440.com.ar\/wp-content\/uploads\/2026\/02\/Afiche-Semana-de-Cine-Italiano-2025-Horizontal.jpg 1920w\" sizes=\"auto, (max-width: 918px) 100vw, 918px\" \/><\/a><\/h2>\n<h2 style=\"text-align: center;\"><a href=\"http:\/\/noticias1440.com.ar\/wp-content\/uploads\/2026\/02\/NOMBRE-WEB-1440-GUSTAVO-DC.jpg\"><img loading=\"lazy\" decoding=\"async\" class=\"size-medium wp-image-3391 alignleft\" src=\"http:\/\/noticias1440.com.ar\/wp-content\/uploads\/2026\/02\/NOMBRE-WEB-1440-GUSTAVO-DC-300x58.jpg\" alt=\"\" width=\"300\" height=\"58\" srcset=\"https:\/\/noticias1440.com.ar\/wp-content\/uploads\/2026\/02\/NOMBRE-WEB-1440-GUSTAVO-DC-300x58.jpg 300w, https:\/\/noticias1440.com.ar\/wp-content\/uploads\/2026\/02\/NOMBRE-WEB-1440-GUSTAVO-DC.jpg 370w\" sizes=\"auto, (max-width: 300px) 100vw, 300px\" \/><\/a><\/h2>\n<h2><\/h2>\n<h2><\/h2>\n<h2><\/h2>\n<p>&nbsp;<\/p>\n<h2 style=\"text-align: center;\"><strong>(Capital Federal \u2013 Viernes 4 de Abril de 2025)<\/strong> La noticia era muy esperada y finalmente lo bueno no se hace desear para los que aman el s\u00e9ptimo arte. Ya es oficial, desde el 10 al 16 de abril vuelve a Cin\u00e9polis Recoleta la 11va Edici\u00f3n de la Semana de Cine Italiano, un cl\u00e1sico para quienes aman este tipo de realizaciones. Finalmente desde el jueves 10 hasta el mi\u00e9rcoles 16 de abril, tendr\u00e1 lugar en el complejo Cin\u00e9polis Recoleta de Buenos Aires (Vicente L\u00f3pez 2050), la 11\u00aa edici\u00f3n de la Semana del Cine Italiano, un evento anual que celebra lo mejor de la producci\u00f3n cinematogr\u00e1fica italiana. Organizado por Cinecitt\u00e0 con el apoyo de la Embajada de Italia en Argentina, el Instituto Italiano de Cultura de Buenos Aires y el ICE \u2013 Agencia Italiana para el Comercio Exterior, el p\u00fablico podr\u00e1 disfrutar de una selecci\u00f3n exclusiva de 10 pel\u00edculas representativas de la cinematograf\u00eda italiana contempor\u00e1nea. La presente Semana contar\u00e1 con la presencia de importantes invitados\/as, adem\u00e1s de la delegaci\u00f3n organizadora de la muestra. Integrar\u00e1 la partida el director Ferzan Ozpetek por Diamanti, que adem\u00e1s ser\u00e1 la pel\u00edcula de apertura en esta edici\u00f3n. Se trata de una pel\u00edcula navide\u00f1a en toda regla, un verdadero crowd pleaser que re\u00fane a un ej\u00e9rcito de actrices de \u00e9xito (en total, 18) y que est\u00e1 ambientada por completo en uno de los lugares m\u00e1s brillantes y coloridos que se puedan imaginar: un prestigioso taller de costura para cine y teatro en la Roma de los a\u00f1os 70.<\/h2>\n<h2 style=\"text-align: center;\">Contar\u00e1 con Margherita Vicario, directora de Gloria!, una comedia musical estrenada en 2024 en la Berlinale en la que la cantante y actriz hace su debut como directora. Tambi\u00e9n vendr\u00e1 Maura Delpero, directora, escritora y coproductora de Vermiglio una pel\u00edcula dram\u00e1tica italiana de 2024. La pel\u00edcula se estren\u00f3 en el 81.\u00ba Festival Internacional de Cine de Venecia, donde gan\u00f3 el Gran Premio del Jurado., y fue designada como la entrada italiana a Mejor Pel\u00edcula Internacional en los 97.\u00ba Premios \u00d3scar. Completar\u00e1n la programaci\u00f3n: Diva Futura, de Giulia Steigerwalt, pel\u00edcula sobre el estudio pornogr\u00e1fico con ese mismo nombre, protagonizada por Pietro Castellitto; Another End, del director y guionista Piero Messina, con Gael Garc\u00eda Bernal y Renate Reinsve, que sigue una historia de romance y ciencia ficci\u00f3n; Campo Di Battaglia dirigida por el consagrado director Gianni Amelio e inspirada en la novela \u00abLa Sfida\u00bb de Carlo Patriarca; Familia, drama dirigido por Francesco Costabile, basada en un libro autobiogr\u00e1fico que narra una historia real, tiene como objetivo contar una historia sobre la violencia, especialmente la violencia psicol\u00f3gica y la violencia presenciada, y mostrar las profundas heridas que dejan cicatrices en la infancia de una persona, para siempre; L&#8217;Orto Americano, de Pupi Avati, pel\u00edcula de clausura del Festival Internacional de Venecia, se ambienta durante la Liberaci\u00f3n Italiana y est\u00e1 protagonizada por Filippo Scotti; La Vita Accanto, de Marco Tullio Giordana, ambientada en el rico y conformista nordeste italiano una dram\u00e1tica historia de prejuicios y ambig\u00fcedad; y Mine Vaganti (Tengo Algo Que Decirles) (2010) escrita y dirigida por Ferzan Ozpetek una comedia italiana que tuvo su premiere en el 60\u00b0 Festival Internacional de Berl\u00edn.<\/h2>\n<h2 style=\"text-align: center;\"><\/h2>\n<h2 style=\"text-align: center;\">www.facebook.com\/semanadecineitaliano<\/h2>\n<h2 style=\"text-align: center;\">https:\/\/www.youtube.com\/c\/semanadecineitaliano<\/h2>\n<h2 style=\"text-align: center;\"><\/h2>\n","protected":false},"excerpt":{"rendered":"<p>Un manjar solo comparable con las mejores pastas y pizzas del mundo podr\u00e1 disfrutarse en el Complejo de Vicente L\u00f3pez 2050, cuando los mejores t\u00edtulos it\u00e1licos desembarquen\u00a0 en el lugar que m\u00e1s disfrutan los amantes del s\u00e9ptimo arte.<\/p>\n","protected":false},"author":1,"featured_media":3411,"comment_status":"closed","ping_status":"open","sticky":false,"template":"","format":"standard","meta":{"footnotes":""},"categories":[1],"tags":[],"class_list":["post-3410","post","type-post","status-publish","format-standard","has-post-thumbnail","hentry","category-uncategorized"],"_links":{"self":[{"href":"https:\/\/noticias1440.com.ar\/index.php?rest_route=\/wp\/v2\/posts\/3410","targetHints":{"allow":["GET"]}}],"collection":[{"href":"https:\/\/noticias1440.com.ar\/index.php?rest_route=\/wp\/v2\/posts"}],"about":[{"href":"https:\/\/noticias1440.com.ar\/index.php?rest_route=\/wp\/v2\/types\/post"}],"author":[{"embeddable":true,"href":"https:\/\/noticias1440.com.ar\/index.php?rest_route=\/wp\/v2\/users\/1"}],"replies":[{"embeddable":true,"href":"https:\/\/noticias1440.com.ar\/index.php?rest_route=%2Fwp%2Fv2%2Fcomments&post=3410"}],"version-history":[{"count":2,"href":"https:\/\/noticias1440.com.ar\/index.php?rest_route=\/wp\/v2\/posts\/3410\/revisions"}],"predecessor-version":[{"id":3413,"href":"https:\/\/noticias1440.com.ar\/index.php?rest_route=\/wp\/v2\/posts\/3410\/revisions\/3413"}],"wp:featuredmedia":[{"embeddable":true,"href":"https:\/\/noticias1440.com.ar\/index.php?rest_route=\/wp\/v2\/media\/3411"}],"wp:attachment":[{"href":"https:\/\/noticias1440.com.ar\/index.php?rest_route=%2Fwp%2Fv2%2Fmedia&parent=3410"}],"wp:term":[{"taxonomy":"category","embeddable":true,"href":"https:\/\/noticias1440.com.ar\/index.php?rest_route=%2Fwp%2Fv2%2Fcategories&post=3410"},{"taxonomy":"post_tag","embeddable":true,"href":"https:\/\/noticias1440.com.ar\/index.php?rest_route=%2Fwp%2Fv2%2Ftags&post=3410"}],"curies":[{"name":"wp","href":"https:\/\/api.w.org\/{rel}","templated":true}]}}