{"id":3360,"date":"2025-12-15T20:36:49","date_gmt":"2025-12-15T20:36:49","guid":{"rendered":"https:\/\/noticias1440.com.ar\/?p=3360"},"modified":"2025-12-17T20:43:41","modified_gmt":"2025-12-17T20:43:41","slug":"antes-y-despues-de-los-ecos-en-el-movistar-arena-no-hay-nada-mejor-en-la-vida-que-una-buena-sobredosis-de-soda","status":"publish","type":"post","link":"https:\/\/noticias1440.com.ar\/?p=3360","title":{"rendered":"Antes y despu\u00e9s de los \u201cEcos\u201d en el Movistar Arena, no hay nada mejor en la vida que una buena \u201cSobredosis de Soda\u201d"},"content":{"rendered":"<h2 style=\"text-align: center;\">Luego de cerrar el circuito porte\u00f1o con un recital demoledor en el <strong>\u201cTeatro Vorterix\u201d<\/strong>, la notable banda liderada por <strong>Mariano Albergoli<\/strong> conmocion\u00f3 Londres con dos shows en <strong>\u201c21 Soho\u201d<\/strong>. La despedida del tour 2025 es este <strong>viernes 19 en el Centro Cultural San Isidro<\/strong>.<\/h2>\n<p><!--more--><\/p>\n<h2 style=\"text-align: center;\"><\/h2>\n<h2><a href=\"http:\/\/noticias1440.com.ar\/wp-content\/uploads\/2025\/12\/Sobredosis-de-Soda-Vorterix-14-11-2025-Foto-Gabriel-Imparato-A005.jpg\"><img loading=\"lazy\" decoding=\"async\" class=\"wp-image-3368 aligncenter\" src=\"http:\/\/noticias1440.com.ar\/wp-content\/uploads\/2025\/12\/Sobredosis-de-Soda-Vorterix-14-11-2025-Foto-Gabriel-Imparato-A005-300x150.jpg\" alt=\"\" width=\"916\" height=\"458\" srcset=\"https:\/\/noticias1440.com.ar\/wp-content\/uploads\/2025\/12\/Sobredosis-de-Soda-Vorterix-14-11-2025-Foto-Gabriel-Imparato-A005-300x150.jpg 300w, https:\/\/noticias1440.com.ar\/wp-content\/uploads\/2025\/12\/Sobredosis-de-Soda-Vorterix-14-11-2025-Foto-Gabriel-Imparato-A005-1024x511.jpg 1024w, https:\/\/noticias1440.com.ar\/wp-content\/uploads\/2025\/12\/Sobredosis-de-Soda-Vorterix-14-11-2025-Foto-Gabriel-Imparato-A005-768x383.jpg 768w, https:\/\/noticias1440.com.ar\/wp-content\/uploads\/2025\/12\/Sobredosis-de-Soda-Vorterix-14-11-2025-Foto-Gabriel-Imparato-A005.jpg 1199w\" sizes=\"auto, (max-width: 916px) 100vw, 916px\" \/><\/a><\/h2>\n<h2><\/h2>\n<h2 style=\"text-align: center;\"><a href=\"http:\/\/noticias1440.com.ar\/wp-content\/uploads\/2025\/12\/NOMBRE-PARA-SITIO-WEB-3-3.jpg\"><img loading=\"lazy\" decoding=\"async\" class=\"size-medium wp-image-3352 alignleft\" src=\"http:\/\/noticias1440.com.ar\/wp-content\/uploads\/2025\/12\/NOMBRE-PARA-SITIO-WEB-3-3-300x61.jpg\" alt=\"\" width=\"300\" height=\"61\" srcset=\"https:\/\/noticias1440.com.ar\/wp-content\/uploads\/2025\/12\/NOMBRE-PARA-SITIO-WEB-3-3-300x61.jpg 300w, https:\/\/noticias1440.com.ar\/wp-content\/uploads\/2025\/12\/NOMBRE-PARA-SITIO-WEB-3-3.jpg 359w\" sizes=\"auto, (max-width: 300px) 100vw, 300px\" \/><\/a><\/h2>\n<h2 style=\"text-align: center;\"><\/h2>\n<p>&nbsp;<\/p>\n<h2 style=\"text-align: center;\"><strong>(Capital Federal \u2013 Lunes 15 de Diciembre de 2025)<\/strong> En base a los hechos y circunstancias que configuran la realidad en estos tiempos, en la actualidad hay dos formas de escuchar como suena <strong>Soda St\u00e9reo<\/strong> en vivo: una es presenciar los conciertos que realizar\u00e1n <strong>Charly Alberti<\/strong> y <strong>Zeta Bosio<\/strong> con la presencia del 33 por ciento restante planteado con una nueva estructura hologr\u00e1fica, esperado evento que podr\u00e1 disfrutarse durante unas veinte noches\u00a0 en el Movistar Arena durante todo el calendario 2026. El nuevo espect\u00e1culo denominado <strong>\u201cEcos\u201d<\/strong>, de cual hasta ahora no han surgido demasiadas pistas acerca de las caracter\u00edsticas del mismo, marcar\u00e1 el regreso de la base del conjunto tocando con un respaldo de perfil tecnol\u00f3gico. La otra chance existente para comprobar como ser\u00eda un recital del m\u00edtico tr\u00edo en los tiempos que corren, indudablemente es presenciar un show del grupo <strong>\u201cSobredosis de Soda\u201d<\/strong>, algo que podr\u00e1 comprobarse <span style=\"color: #008000;\"><em><strong>este viernes 19 de diciembre en el Centro Cultural San Isidro (Avenida Del Libertador 16.138) desde las 21 horas<\/strong><\/em><\/span>, fecha que cerrar\u00e1 la gira internacional <strong>\u201cSt\u00e9reo Tour Internacional 2025\u201d<\/strong>, recital que tiene puesta a la venta sus entradas en <a href=\"https:\/\/www.passline.com\/\">https:\/\/www.passline.com<\/a>\u00a0 Esta despedida global concluye las actuaciones de un a\u00f1o donde la formaci\u00f3n liderada por <strong>Mariano Albergoli<\/strong> concret\u00f3 gran cantidad de fechas no solo en Argentina, sino en diversas partes del mundo, alcanzando una respuesta jam\u00e1s imaginada por sus protagonistas hace una d\u00e9cada.<\/h2>\n<h2 style=\"text-align: center;\"><a href=\"http:\/\/noticias1440.com.ar\/wp-content\/uploads\/2025\/12\/Sobredosis-de-Soda-Vorterix-14-11-2025-Foto-Gabriel-Imparato-A001.jpg\"><img loading=\"lazy\" decoding=\"async\" class=\"wp-image-3364 aligncenter\" src=\"http:\/\/noticias1440.com.ar\/wp-content\/uploads\/2025\/12\/Sobredosis-de-Soda-Vorterix-14-11-2025-Foto-Gabriel-Imparato-A001-300x150.jpg\" alt=\"\" width=\"918\" height=\"459\" srcset=\"https:\/\/noticias1440.com.ar\/wp-content\/uploads\/2025\/12\/Sobredosis-de-Soda-Vorterix-14-11-2025-Foto-Gabriel-Imparato-A001-300x150.jpg 300w, https:\/\/noticias1440.com.ar\/wp-content\/uploads\/2025\/12\/Sobredosis-de-Soda-Vorterix-14-11-2025-Foto-Gabriel-Imparato-A001-768x383.jpg 768w\" sizes=\"auto, (max-width: 918px) 100vw, 918px\" \/><\/a><\/h2>\n<h2 style=\"text-align: center;\">Lo anteriormente enunciado puede provocar alg\u00fan ruido o confusi\u00f3n en los ac\u00e9rrimos y visiblemente cr\u00edticos seguidores de la banda surgida a principios de los `80s. Est\u00e1 claro que si la formaci\u00f3n que toca este fin de semana en un bello reducto bonaerense fuese la versi\u00f3n 2025 del tr\u00edo que conmocion\u00f3 la escena continental en el milenio pasado, todo quedar\u00eda reducido a preguntarse para que vuelven los artistas originales en el anunciado espect\u00e1culo <strong>\u201cEcos\u201d<\/strong> con producci\u00f3n de <strong>PopArtMusic<\/strong> en el Movistar Arena durante todo el a\u00f1o que viene.<\/h2>\n<h2><a href=\"http:\/\/noticias1440.com.ar\/wp-content\/uploads\/2025\/12\/Sobredosis-de-Soda-Vorterix-14-11-2025-Foto-Gabriel-Imparato-A004.jpg\"><img loading=\"lazy\" decoding=\"async\" class=\"wp-image-3367 aligncenter\" src=\"http:\/\/noticias1440.com.ar\/wp-content\/uploads\/2025\/12\/Sobredosis-de-Soda-Vorterix-14-11-2025-Foto-Gabriel-Imparato-A004-300x150.jpg\" alt=\"\" width=\"916\" height=\"458\" srcset=\"https:\/\/noticias1440.com.ar\/wp-content\/uploads\/2025\/12\/Sobredosis-de-Soda-Vorterix-14-11-2025-Foto-Gabriel-Imparato-A004-300x150.jpg 300w, https:\/\/noticias1440.com.ar\/wp-content\/uploads\/2025\/12\/Sobredosis-de-Soda-Vorterix-14-11-2025-Foto-Gabriel-Imparato-A004-1024x513.jpg 1024w, https:\/\/noticias1440.com.ar\/wp-content\/uploads\/2025\/12\/Sobredosis-de-Soda-Vorterix-14-11-2025-Foto-Gabriel-Imparato-A004-768x385.jpg 768w, https:\/\/noticias1440.com.ar\/wp-content\/uploads\/2025\/12\/Sobredosis-de-Soda-Vorterix-14-11-2025-Foto-Gabriel-Imparato-A004.jpg 1198w\" sizes=\"auto, (max-width: 916px) 100vw, 916px\" \/><\/a><\/h2>\n<h2 style=\"text-align: center;\">Son dos lecturas distintas y se torna obligatorio aclarar un poco el contexto por el cual alguien puede aseverar algo as\u00ed, sin que suene descabellado sostener esta clase de afirmaci\u00f3n sobre rendimiento art\u00edstico en vivo. <strong>Soda St\u00e9reo<\/strong> como banda seguir\u00e1 en el lugar que consigui\u00f3 durante d\u00e9cadas, un camino que debe afrontar planteando todas sus movidas desde septiembre de 2014, cuando su l\u00edder falleci\u00f3 tras una prolongada estad\u00eda en la cl\u00ednica ALCLA, lo que la obliga a concretar recitales o eventos sin su conductor o figura ic\u00f3nica, algo que ya se comprob\u00f3 en eventos como <strong>\u201cS\u00e9ptimo D\u00eda\u201d<\/strong> o la trastocada tourn\u00e9e <strong>\u201cGracias Totales\u201d<\/strong> durante la colapsada post-pandemia.\u00a0 Lo que suceder\u00e1 dentro de pocas semanas cuando se estrene <strong>\u201cEcos\u201d<\/strong> es un misterio y asoma muy falto de respeto, decir algo sobre un show que todav\u00eda se encuentra en su fase final de gestaci\u00f3n.<\/h2>\n<h2 style=\"text-align: center;\"><a href=\"http:\/\/noticias1440.com.ar\/wp-content\/uploads\/2025\/12\/Sobredosis-de-Soda-Vorterix-14-11-2025-Foto-Gabriel-Imparato-A010.jpg\"><img loading=\"lazy\" decoding=\"async\" class=\"wp-image-3373 aligncenter\" src=\"http:\/\/noticias1440.com.ar\/wp-content\/uploads\/2025\/12\/Sobredosis-de-Soda-Vorterix-14-11-2025-Foto-Gabriel-Imparato-A010-300x154.jpg\" alt=\"\" width=\"919\" height=\"472\" srcset=\"https:\/\/noticias1440.com.ar\/wp-content\/uploads\/2025\/12\/Sobredosis-de-Soda-Vorterix-14-11-2025-Foto-Gabriel-Imparato-A010-300x154.jpg 300w, https:\/\/noticias1440.com.ar\/wp-content\/uploads\/2025\/12\/Sobredosis-de-Soda-Vorterix-14-11-2025-Foto-Gabriel-Imparato-A010-1024x525.jpg 1024w, https:\/\/noticias1440.com.ar\/wp-content\/uploads\/2025\/12\/Sobredosis-de-Soda-Vorterix-14-11-2025-Foto-Gabriel-Imparato-A010-768x394.jpg 768w, https:\/\/noticias1440.com.ar\/wp-content\/uploads\/2025\/12\/Sobredosis-de-Soda-Vorterix-14-11-2025-Foto-Gabriel-Imparato-A010.jpg 1202w\" sizes=\"auto, (max-width: 919px) 100vw, 919px\" \/><\/a><\/h2>\n<h2 style=\"text-align: center;\">Del otro lado est\u00e1 <strong>\u201cSobredosis de Soda\u201d<\/strong>. No es una \u201cbanda tributo\u201d, ni un \u201chomenaje a Soda St\u00e9reo\u201d ni nada que encastre en los r\u00f3tulos que ponen los mediocres comunicadores de la decadente generaci\u00f3n informativa. La formaci\u00f3n que lidera <strong>Mariano Albergoli<\/strong> para quienes la vienen siguiendo desde sus comienzos, es algo diferente, porque escapando a los encajonamientos de personas que distan mucho de ser comunicadores, asumieron que la m\u00fasica de <strong>Cerati<\/strong>, <strong>Bosio<\/strong> y <strong>Alberti<\/strong> merece un tratamiento propio de cient\u00edficos que cada d\u00eda se proponen restaurar esa belleza de la forma m\u00e1s respetuosa posible.<\/h2>\n<h2><a href=\"http:\/\/noticias1440.com.ar\/wp-content\/uploads\/2025\/12\/Sobredosis-de-Soda-Vorterix-14-11-2025-Foto-Gabriel-Imparato-A002.jpg\"><img loading=\"lazy\" decoding=\"async\" class=\"wp-image-3365 aligncenter\" src=\"http:\/\/noticias1440.com.ar\/wp-content\/uploads\/2025\/12\/Sobredosis-de-Soda-Vorterix-14-11-2025-Foto-Gabriel-Imparato-A002-300x150.jpg\" alt=\"\" width=\"916\" height=\"458\" srcset=\"https:\/\/noticias1440.com.ar\/wp-content\/uploads\/2025\/12\/Sobredosis-de-Soda-Vorterix-14-11-2025-Foto-Gabriel-Imparato-A002-300x150.jpg 300w, https:\/\/noticias1440.com.ar\/wp-content\/uploads\/2025\/12\/Sobredosis-de-Soda-Vorterix-14-11-2025-Foto-Gabriel-Imparato-A002-1024x513.jpg 1024w, https:\/\/noticias1440.com.ar\/wp-content\/uploads\/2025\/12\/Sobredosis-de-Soda-Vorterix-14-11-2025-Foto-Gabriel-Imparato-A002-768x385.jpg 768w, https:\/\/noticias1440.com.ar\/wp-content\/uploads\/2025\/12\/Sobredosis-de-Soda-Vorterix-14-11-2025-Foto-Gabriel-Imparato-A002.jpg 1199w\" sizes=\"auto, (max-width: 916px) 100vw, 916px\" \/><\/a><\/h2>\n<h2 style=\"text-align: center;\">Est\u00e1n muy lejos de tributar y homenajear lo que ha sonado millones de veces, porque el foco est\u00e1 puesto en tocar las obras escogidas para cada espect\u00e1culo, como si <strong>Soda<\/strong> decidiese interpretarlas en este nuevo milenio. El grupo <strong>SDS<\/strong> cuenta con las actuaciones de <span style=\"color: #339966;\"><em><strong>Julio Di Lisia en bajo, Ezequiel Perez Casas en bater\u00eda y Rocco Aguado en teclados<\/strong><\/em><\/span> y secuencias, guiados por el talento y fant\u00e1stica formaci\u00f3n art\u00edstica de <strong>Mariano Albergoli<\/strong>. Quien asume en vivo todas las partes que en su momento interpret\u00f3 el violero y cantante de la ic\u00f3nica banda de los \u201880s y \u201890s, cuenta con dos ventajas que lo favorecen a la hora de encarar una adecuada recreaci\u00f3n: la primera es que su tono vocal es parecido en un 90 por ciento al del m\u00fasico que interpreta. La segunda es que sus manos en la guitarra hacen exactamente todo lo que el int\u00e9rprete original encar\u00f3 en las tomas de estudio o en vivo, por lo cual desde lo s\u00f3nico su ejecuci\u00f3n en vivo aporta la deseada similitud a la hora de escucharlo. Que f\u00edsica o est\u00e9ticamente tenga un parecido facial o capilar con el fundador de <strong>Soda<\/strong>, le adiciona al calificado artista un bonus est\u00e9tico, pero jam\u00e1s cae en la parodia de la imitaci\u00f3n salvo en alguna frase o gesto entre canci\u00f3n o canci\u00f3n.<\/h2>\n<h2 style=\"text-align: center;\"><a href=\"http:\/\/noticias1440.com.ar\/wp-content\/uploads\/2025\/12\/Sobredosis-de-Soda-Vorterix-14-11-2025-Foto-Gabriel-Imparato-A007.jpg\"><img loading=\"lazy\" decoding=\"async\" class=\"wp-image-3370 aligncenter\" src=\"http:\/\/noticias1440.com.ar\/wp-content\/uploads\/2025\/12\/Sobredosis-de-Soda-Vorterix-14-11-2025-Foto-Gabriel-Imparato-A007-300x151.jpg\" alt=\"\" width=\"918\" height=\"462\" srcset=\"https:\/\/noticias1440.com.ar\/wp-content\/uploads\/2025\/12\/Sobredosis-de-Soda-Vorterix-14-11-2025-Foto-Gabriel-Imparato-A007-300x151.jpg 300w, https:\/\/noticias1440.com.ar\/wp-content\/uploads\/2025\/12\/Sobredosis-de-Soda-Vorterix-14-11-2025-Foto-Gabriel-Imparato-A007-1024x514.jpg 1024w, https:\/\/noticias1440.com.ar\/wp-content\/uploads\/2025\/12\/Sobredosis-de-Soda-Vorterix-14-11-2025-Foto-Gabriel-Imparato-A007.jpg 1196w\" sizes=\"auto, (max-width: 918px) 100vw, 918px\" \/><\/a><\/h2>\n<h2 style=\"text-align: center;\"><strong>\u201cSobredosis de Soda\u201d<\/strong> est\u00e1 celebrando 20 a\u00f1os de carrera y emparentarlas con las dem\u00e1s agrupaciones que tocan temas del grupo original es un disparate may\u00fasculo. As\u00ed como <strong>\u201cThe End\u201d<\/strong> o <strong>\u201cThe Beats\u201d<\/strong> persiguen la recreaci\u00f3n del original, este conjunto no solo busca ese prop\u00f3sito, ya que al mismo tiempo la valiosa curadur\u00eda del proyecto, ubica a <strong>Mariano Albergoli<\/strong> como fant\u00e1stico arquitecto proponiendo en ciertos conciertos, algunas versiones que el propio autor de los temas encaraba sobre el repertorio. Como bonus, algo que todos celebran con indescriptible gratitud, es el anexo de canciones de <strong>Gustavo Cerati<\/strong> en su faz solista, cuyas ejecuciones est\u00e1n construidas en estos conciertos respetando los arreglos y detalles de las obras conocidas en su momento, tanto en estudio como en vivo.<\/h2>\n<p><a href=\"http:\/\/noticias1440.com.ar\/wp-content\/uploads\/2025\/12\/sds-010-scaled.jpg\"><img loading=\"lazy\" decoding=\"async\" class=\"wp-image-3381 aligncenter\" src=\"http:\/\/noticias1440.com.ar\/wp-content\/uploads\/2025\/12\/sds-010-300x169.jpg\" alt=\"\" width=\"918\" height=\"517\" srcset=\"https:\/\/noticias1440.com.ar\/wp-content\/uploads\/2025\/12\/sds-010-300x169.jpg 300w, https:\/\/noticias1440.com.ar\/wp-content\/uploads\/2025\/12\/sds-010-1024x576.jpg 1024w, https:\/\/noticias1440.com.ar\/wp-content\/uploads\/2025\/12\/sds-010-768x432.jpg 768w, https:\/\/noticias1440.com.ar\/wp-content\/uploads\/2025\/12\/sds-010-1536x864.jpg 1536w, https:\/\/noticias1440.com.ar\/wp-content\/uploads\/2025\/12\/sds-010-2048x1152.jpg 2048w, https:\/\/noticias1440.com.ar\/wp-content\/uploads\/2025\/12\/sds-010-460x260.jpg 460w\" sizes=\"auto, (max-width: 918px) 100vw, 918px\" \/><\/a><\/p>\n<h2><\/h2>\n<h2 style=\"text-align: center;\">La tourn\u00e9e 2025 los encontr\u00f3 tocando en lugares de Europa como Alemania, Francia o Inglaterra, sin olvidar que el grupo argentino se present\u00f3 en los Estados Unidos en dos oportunidades en esta temporada, confirmando el boom provocado en Norteam\u00e9rica. La mayor prueba del impacto alcanzado, pudo certificarse a fines de noviembre, m\u00e1s precisamente el viernes 28 cuando el conjunto toc\u00f3 en el local <span style=\"color: #008000;\"><em><strong>\u201c21 Soho\u201d de Londres<\/strong><\/em><\/span>, concretando dos recitales en esa misma jornada. La despampanante recreaci\u00f3n los ha convertido en el conjunto en todo el mundo que mejor interpreta la m\u00fasica de <strong>Soda St\u00e9reo<\/strong>, espect\u00e1culo donde uno con cerrar los ojos puede sentir que est\u00e1 escuchando a aquella banda, m\u00e1s all\u00e1 de todas esas diferencias operativas que existen entre el grupo original y este que ahora se encarga cada noche de llevar a esas canciones no solo a buen puerto, sino con un recorrido hipn\u00f3tico de alta jerarqu\u00eda interpretativa.<\/h2>\n<h2 style=\"text-align: center;\"><a href=\"http:\/\/noticias1440.com.ar\/wp-content\/uploads\/2025\/12\/Sobredosis-de-Soda-Vorterix-14-11-2025-Foto-Gabriel-Imparato-A006.jpg\"><img loading=\"lazy\" decoding=\"async\" class=\"wp-image-3369 aligncenter\" src=\"http:\/\/noticias1440.com.ar\/wp-content\/uploads\/2025\/12\/Sobredosis-de-Soda-Vorterix-14-11-2025-Foto-Gabriel-Imparato-A006-300x150.jpg\" alt=\"\" width=\"922\" height=\"461\" srcset=\"https:\/\/noticias1440.com.ar\/wp-content\/uploads\/2025\/12\/Sobredosis-de-Soda-Vorterix-14-11-2025-Foto-Gabriel-Imparato-A006-300x150.jpg 300w, https:\/\/noticias1440.com.ar\/wp-content\/uploads\/2025\/12\/Sobredosis-de-Soda-Vorterix-14-11-2025-Foto-Gabriel-Imparato-A006-1024x513.jpg 1024w, https:\/\/noticias1440.com.ar\/wp-content\/uploads\/2025\/12\/Sobredosis-de-Soda-Vorterix-14-11-2025-Foto-Gabriel-Imparato-A006-768x385.jpg 768w, https:\/\/noticias1440.com.ar\/wp-content\/uploads\/2025\/12\/Sobredosis-de-Soda-Vorterix-14-11-2025-Foto-Gabriel-Imparato-A006.jpg 1199w\" sizes=\"auto, (max-width: 922px) 100vw, 922px\" \/><\/a><\/h2>\n<h2 style=\"text-align: center;\">En Capital Federal, <strong>\u201cSobredosis de Soda\u201d<\/strong> llen\u00f3 la destacada capacidad f\u00edsica del <strong>Teatro Vorterix<\/strong> el pasado viernes 14 de noviembre, confirmando la destacada respuesta que este ensamble despierta en cada una de sus presentaciones. En aqu\u00e9l concierto la primera parte del show buce\u00f3 en cl\u00e1sicos del repertorio como <strong>\u201c(En el) S\u00e9ptimo D\u00eda\u201d, \u201cHombre Al Agua\u201d, \u201cTexturas\u201d, \u201cJuegos De Seducci\u00f3n\u201d, \u201cIm\u00e1genes Retro\u201d y \u201cEn La Ciudad De La Furia\u201d<\/strong>. Coqueteando con el futuro fen\u00f3meno de la banda original, luego decidieron tocar <strong>\u201cEcos\u201d<\/strong>, tema donde se sum\u00f3 el guitarrista <span style=\"color: #008080;\"><em><strong>Mart\u00edn Cugat<\/strong><\/em><\/span>, quien permaneci\u00f3 para poner sus sonidos en <strong>\u201cLuna Roja\u201d<\/strong>.<\/h2>\n<h2><a href=\"http:\/\/noticias1440.com.ar\/wp-content\/uploads\/2025\/12\/Sobredosis-de-Soda-Vorterix-14-11-2025-Foto-Gabriel-Imparato-A003.jpg\"><img loading=\"lazy\" decoding=\"async\" class=\"wp-image-3366 aligncenter\" src=\"http:\/\/noticias1440.com.ar\/wp-content\/uploads\/2025\/12\/Sobredosis-de-Soda-Vorterix-14-11-2025-Foto-Gabriel-Imparato-A003-300x150.jpg\" alt=\"\" width=\"926\" height=\"463\" srcset=\"https:\/\/noticias1440.com.ar\/wp-content\/uploads\/2025\/12\/Sobredosis-de-Soda-Vorterix-14-11-2025-Foto-Gabriel-Imparato-A003-300x150.jpg 300w, https:\/\/noticias1440.com.ar\/wp-content\/uploads\/2025\/12\/Sobredosis-de-Soda-Vorterix-14-11-2025-Foto-Gabriel-Imparato-A003-1024x513.jpg 1024w, https:\/\/noticias1440.com.ar\/wp-content\/uploads\/2025\/12\/Sobredosis-de-Soda-Vorterix-14-11-2025-Foto-Gabriel-Imparato-A003-768x385.jpg 768w, https:\/\/noticias1440.com.ar\/wp-content\/uploads\/2025\/12\/Sobredosis-de-Soda-Vorterix-14-11-2025-Foto-Gabriel-Imparato-A003.jpg 1199w\" sizes=\"auto, (max-width: 926px) 100vw, 926px\" \/><\/a><\/h2>\n<h2 style=\"text-align: center;\">Inmediatamente lleg\u00f3 un contundente bloque de composiciones de pulsos m\u00e1s elevados como <strong>\u201cZoom\u201d, \u201cCuando Pase El Temblor\u201d y \u201cAzulado\u201d<\/strong>. Dando al concierto un leve respiro con <strong>\u201cFue\u201d<\/strong>, los <strong>SDS<\/strong> tocaron <strong>\u201cLo Que Sangra\u201d <\/strong><span style=\"color: #000080;\"><em>(con Ezequiel Zoka en saxo)<\/em><\/span><strong>, \u201cEn Camino\u201d, \u201cZona De Promesas\u201d y \u201cEl Rito\u201d<\/strong>. Lo m\u00e1s explosivo estaba a segundos de ocurrir, tramo que la gente celebr\u00f3 con un entusiasmo muy poderoso, bloque que <strong>Albergoli<\/strong> present\u00f3 sin vuelta como \u201cGustavo solista\u201d. Lo interesante de este conjunto de temas fue que la banda eligi\u00f3 tocar un tema que <strong>Cerati<\/strong> casi no toc\u00f3 en vivo\u00a0 como <strong>\u201cTu Locura\u201d<\/strong>, una canci\u00f3n que identific\u00f3 un unitario de <strong>ElTrece<\/strong> en su momento protagonizado por <strong>Leticia Br\u00e9dice<\/strong>. El muy emotivo clima que asom\u00f3 en este sector de obras elegidas subi\u00f3 de voltaje con <strong>\u201cPuente\u201d<\/strong> y apenas esta concluy\u00f3, los m\u00fasicos despacharon una trilog\u00eda muy adrenal\u00ednica como <strong>\u201cLago En El Cielo\u201d<\/strong>, <strong>\u201cCosas Imposibles\u201d<\/strong> y <strong>\u201cDeja Vu\u201d<\/strong>.<\/h2>\n<h2 style=\"text-align: center;\"><a href=\"http:\/\/noticias1440.com.ar\/wp-content\/uploads\/2025\/12\/Sobredosis-de-Soda-Vorterix-14-11-2025-Foto-Gabriel-Imparato-A005.jpg\"><img loading=\"lazy\" decoding=\"async\" class=\"wp-image-3368 aligncenter\" src=\"http:\/\/noticias1440.com.ar\/wp-content\/uploads\/2025\/12\/Sobredosis-de-Soda-Vorterix-14-11-2025-Foto-Gabriel-Imparato-A005-300x150.jpg\" alt=\"\" width=\"914\" height=\"457\" srcset=\"https:\/\/noticias1440.com.ar\/wp-content\/uploads\/2025\/12\/Sobredosis-de-Soda-Vorterix-14-11-2025-Foto-Gabriel-Imparato-A005-300x150.jpg 300w, https:\/\/noticias1440.com.ar\/wp-content\/uploads\/2025\/12\/Sobredosis-de-Soda-Vorterix-14-11-2025-Foto-Gabriel-Imparato-A005-1024x511.jpg 1024w, https:\/\/noticias1440.com.ar\/wp-content\/uploads\/2025\/12\/Sobredosis-de-Soda-Vorterix-14-11-2025-Foto-Gabriel-Imparato-A005-768x383.jpg 768w, https:\/\/noticias1440.com.ar\/wp-content\/uploads\/2025\/12\/Sobredosis-de-Soda-Vorterix-14-11-2025-Foto-Gabriel-Imparato-A005.jpg 1199w\" sizes=\"auto, (max-width: 914px) 100vw, 914px\" \/><\/a><\/h2>\n<h2 style=\"text-align: center;\">Uno de los mejores momentos del espect\u00e1culo, por no decir el mejor, lleg\u00f3 con una gran versi\u00f3n de <strong>\u201cSobredosis De TV\u201d<\/strong>, pero como instalando una uni\u00f3n c\u00f3mplice con el bloque anterior, el arreglo del tema no fue ninguno de <strong>Soda St\u00e9reo<\/strong> sino la versi\u00f3n que <strong>Cerati<\/strong> hizo del mismo en vivo durante el 2003 cuando presentaba su \u00e1lbum <strong>\u201cSiempre es hoy\u201d<\/strong>. A esa altura del concierto, <strong>Vorterix<\/strong> era una caldera musical despidiendo voluminosas lenguas de fuego rockero, que se convirtieron en elocuentes impactos musicales como <strong>\u201cPersiana Americana\u201d<\/strong>, <strong>\u201cPr\u00f3fugos\u201d<\/strong> y la eterna <strong>\u201cDe M\u00fasica Ligera\u201d<\/strong>. La euforia del p\u00fablico crec\u00eda sin dudas a borbotones cuando el concierto conclu\u00eda, pero todos los m\u00fasicos decidieron que ante esa energ\u00eda reinante la fiesta merec\u00eda un bonus propio de esa vitalidad an\u00edmica abajo y arriba del escenario. Para ponerle un merecido broche de cierre al espect\u00e1culo, la banda decidi\u00f3 encarar la dupla <strong>\u201cTe Hacen Falta Vitaminas &#8211; Jet Set\u201d<\/strong>, rescatada de los tiempos en los que estos temas se tocaban juntos en el final de alg\u00fan show.<\/h2>\n<h2><a href=\"http:\/\/noticias1440.com.ar\/wp-content\/uploads\/2025\/12\/Sobredosis-de-Soda-Vorterix-14-11-2025-Foto-Gabriel-Imparato-A009.jpg\"><img loading=\"lazy\" decoding=\"async\" class=\"wp-image-3372 aligncenter\" src=\"http:\/\/noticias1440.com.ar\/wp-content\/uploads\/2025\/12\/Sobredosis-de-Soda-Vorterix-14-11-2025-Foto-Gabriel-Imparato-A009-300x150.jpg\" alt=\"\" width=\"916\" height=\"458\" srcset=\"https:\/\/noticias1440.com.ar\/wp-content\/uploads\/2025\/12\/Sobredosis-de-Soda-Vorterix-14-11-2025-Foto-Gabriel-Imparato-A009-300x150.jpg 300w, https:\/\/noticias1440.com.ar\/wp-content\/uploads\/2025\/12\/Sobredosis-de-Soda-Vorterix-14-11-2025-Foto-Gabriel-Imparato-A009-1024x512.jpg 1024w, https:\/\/noticias1440.com.ar\/wp-content\/uploads\/2025\/12\/Sobredosis-de-Soda-Vorterix-14-11-2025-Foto-Gabriel-Imparato-A009-768x384.jpg 768w, https:\/\/noticias1440.com.ar\/wp-content\/uploads\/2025\/12\/Sobredosis-de-Soda-Vorterix-14-11-2025-Foto-Gabriel-Imparato-A009.jpg 1199w\" sizes=\"auto, (max-width: 916px) 100vw, 916px\" \/><\/a><\/h2>\n<h2 style=\"text-align: center;\">Dejando en claro que hoy son la opci\u00f3n m\u00e1s valiosa para todos aquellos que quieren escuchar la m\u00fasica original del recordado trio de rock-pop apropiadamente recreada sobre un escenario, <strong>\u201cSobredosis De Soda\u201d<\/strong> ratific\u00f3 porque son la opci\u00f3n m\u00e1s calificada para disfrutar de la m\u00fasica compuesta por <strong>Cerati, Alberti y Bosio<\/strong> durante su prolongada carrera creativa. Este calendario 2025 tiene reservada una \u00faltima oportunidad para disfrutar estas canciones cuando la formaci\u00f3n que lidera <strong>Mariano Albergoli<\/strong> concrete <span style=\"color: #008000;\"><strong>una despedida a todo rock-pop el viernes 19 a las 21 hs en el Centro Cultural San Isidro (Av Libertador 16.138)<\/strong><\/span>, un espect\u00e1culo que llega al cierre del presente a\u00f1o como gran conclusi\u00f3n de temporada con temas que permanecen grabados a fuego en el inconsciente de numerosas generaciones, necesitadas hoy m\u00e1s que nunca de escuchar composiciones hechas con una excelsa e inolvidable calidad.<\/h2>\n<p>&nbsp;<\/p>\n<h2><em><strong><span style=\"color: #000080;\">Fotos \u00abSobredosis De Soda\u00bb (Teatro Vorterix &#8211; Viernes 14 de Noviembre de 2025):<\/span> <span style=\"color: #0000ff;\">Gabriel Imparato<\/span> \/\/ <span style=\"color: #339966;\"><span style=\"color: #0000ff;\">Agencia Noticias 1440<\/span> agradece al <span style=\"color: #ff0000;\">Chino<\/span> y toda la gente del <span style=\"color: #ff0000;\">Teatro Vorterix<\/span> para efectuar esta cobertura informativa.\u00a0<\/span><\/strong><\/em><\/h2>\n<h2 style=\"text-align: center;\"><\/h2>\n","protected":false},"excerpt":{"rendered":"<p>Luego de cerrar el circuito porte\u00f1o con un recital demoledor en el \u201cTeatro Vorterix\u201d, la notable banda liderada por Mariano Albergoli conmocion\u00f3 Londres con dos shows en \u201c21 Soho\u201d. La despedida del tour 2025 es este viernes 19 en el Centro Cultural San Isidro.<\/p>\n","protected":false},"author":1,"featured_media":3368,"comment_status":"closed","ping_status":"open","sticky":false,"template":"","format":"standard","meta":{"footnotes":""},"categories":[3],"tags":[],"class_list":["post-3360","post","type-post","status-publish","format-standard","has-post-thumbnail","hentry","category-actualidad"],"_links":{"self":[{"href":"https:\/\/noticias1440.com.ar\/index.php?rest_route=\/wp\/v2\/posts\/3360","targetHints":{"allow":["GET"]}}],"collection":[{"href":"https:\/\/noticias1440.com.ar\/index.php?rest_route=\/wp\/v2\/posts"}],"about":[{"href":"https:\/\/noticias1440.com.ar\/index.php?rest_route=\/wp\/v2\/types\/post"}],"author":[{"embeddable":true,"href":"https:\/\/noticias1440.com.ar\/index.php?rest_route=\/wp\/v2\/users\/1"}],"replies":[{"embeddable":true,"href":"https:\/\/noticias1440.com.ar\/index.php?rest_route=%2Fwp%2Fv2%2Fcomments&post=3360"}],"version-history":[{"count":10,"href":"https:\/\/noticias1440.com.ar\/index.php?rest_route=\/wp\/v2\/posts\/3360\/revisions"}],"predecessor-version":[{"id":3382,"href":"https:\/\/noticias1440.com.ar\/index.php?rest_route=\/wp\/v2\/posts\/3360\/revisions\/3382"}],"wp:featuredmedia":[{"embeddable":true,"href":"https:\/\/noticias1440.com.ar\/index.php?rest_route=\/wp\/v2\/media\/3368"}],"wp:attachment":[{"href":"https:\/\/noticias1440.com.ar\/index.php?rest_route=%2Fwp%2Fv2%2Fmedia&parent=3360"}],"wp:term":[{"taxonomy":"category","embeddable":true,"href":"https:\/\/noticias1440.com.ar\/index.php?rest_route=%2Fwp%2Fv2%2Fcategories&post=3360"},{"taxonomy":"post_tag","embeddable":true,"href":"https:\/\/noticias1440.com.ar\/index.php?rest_route=%2Fwp%2Fv2%2Ftags&post=3360"}],"curies":[{"name":"wp","href":"https:\/\/api.w.org\/{rel}","templated":true}]}}