{"id":2936,"date":"2025-09-07T22:42:36","date_gmt":"2025-09-07T22:42:36","guid":{"rendered":"https:\/\/noticias1440.com.ar\/?p=2936"},"modified":"2025-09-16T22:42:55","modified_gmt":"2025-09-16T22:42:55","slug":"la-gran-muestra-art-masters-estrenada-este-jueves-en-la-rural-mantiene-el-nuevo-enfoque-cultural-de-dg-experience-en-la-postpandemia","status":"publish","type":"post","link":"https:\/\/noticias1440.com.ar\/?p=2936","title":{"rendered":"La gran muestra \u201cArt Masters\u201d, estrenada este jueves en La Rural, mantiene el nuevo enfoque cultural de DG Experience en la postpandemia"},"content":{"rendered":"<h2 style=\"text-align: center;\">El productor y empresario Daniel Grinbank estuvo en la inauguraci\u00f3n recibiendo a todas las figuras invitadas al estreno, una gran presentaci\u00f3n art\u00edstica que sorprendi\u00f3 a los m\u00e1s exigentes, un evento que reuni\u00f3 a los referentes de distintas \u00e1reas de la sociedad nacional.<\/h2>\n<p><!--more--><\/p>\n<h2 style=\"text-align: center;\"><a href=\"http:\/\/noticias1440.com.ar\/wp-content\/uploads\/2025\/09\/Art-Masters-Foto-B006-Prensa-DG-Experience-Valeria-Solarz.jpg\"><img loading=\"lazy\" decoding=\"async\" class=\"wp-image-2952 aligncenter\" src=\"http:\/\/noticias1440.com.ar\/wp-content\/uploads\/2025\/09\/Art-Masters-Foto-B006-Prensa-DG-Experience-Valeria-Solarz-300x151.jpg\" alt=\"\" width=\"916\" height=\"461\" srcset=\"https:\/\/noticias1440.com.ar\/wp-content\/uploads\/2025\/09\/Art-Masters-Foto-B006-Prensa-DG-Experience-Valeria-Solarz-300x151.jpg 300w, https:\/\/noticias1440.com.ar\/wp-content\/uploads\/2025\/09\/Art-Masters-Foto-B006-Prensa-DG-Experience-Valeria-Solarz-1024x516.jpg 1024w, https:\/\/noticias1440.com.ar\/wp-content\/uploads\/2025\/09\/Art-Masters-Foto-B006-Prensa-DG-Experience-Valeria-Solarz-768x387.jpg 768w, https:\/\/noticias1440.com.ar\/wp-content\/uploads\/2025\/09\/Art-Masters-Foto-B006-Prensa-DG-Experience-Valeria-Solarz.jpg 1201w\" sizes=\"auto, (max-width: 916px) 100vw, 916px\" \/><\/a><\/h2>\n<h2 style=\"text-align: center;\"><a href=\"http:\/\/noticias1440.com.ar\/wp-content\/uploads\/2025\/09\/NOMBRE-PARA-SITIO-WEB-3-6.jpg\"><img loading=\"lazy\" decoding=\"async\" class=\"size-medium wp-image-2954 alignleft\" src=\"http:\/\/noticias1440.com.ar\/wp-content\/uploads\/2025\/09\/NOMBRE-PARA-SITIO-WEB-3-6-300x61.jpg\" alt=\"\" width=\"300\" height=\"61\" srcset=\"https:\/\/noticias1440.com.ar\/wp-content\/uploads\/2025\/09\/NOMBRE-PARA-SITIO-WEB-3-6-300x61.jpg 300w, https:\/\/noticias1440.com.ar\/wp-content\/uploads\/2025\/09\/NOMBRE-PARA-SITIO-WEB-3-6.jpg 359w\" sizes=\"auto, (max-width: 300px) 100vw, 300px\" \/><\/a><\/h2>\n<h2 style=\"text-align: center;\"><\/h2>\n<h2 style=\"text-align: center;\"><\/h2>\n<p>&nbsp;<\/p>\n<h2 style=\"text-align: center;\"><strong>(Capital Federal \u2013 Domingo 07 de Septiembre de 2025)<\/strong> Ni siquiera la superposici\u00f3n de conciertos en la urbe porte\u00f1a, los partidos por copas continentales o los eventos de ciertas marcas lanzando nuevos productos al mercado lograron afectar\u00a0 el esperado estreno de la muestra <strong>\u201cArt Masters\u201d en La Rural<\/strong> el mi\u00e9rcoles pasado, M\u00e1s de 90 personalidades de la \u00f3rbita cultural dieron el presente en el <strong>Pabell\u00f3n Frers (Santa Fe 3643)<\/strong> el mi\u00e9rcoles desde la tarde, jornada en que los distintos famosos, invitados y medios se dieron cita con gran entusiasmo en el espacio cercano a Plaza Italia, una gala en la que nadie quiso perderse la chance de conocer con la modalidad de realidad virtual inmersiva, las cinco principales obras que habitan <strong>el Museo del Prado<\/strong>. La curiosidad por conocer este sistema que permite con el uso de unos visores (que adem\u00e1s suman un impactante sonido st\u00e9reo) observar el interior de esa estructura cultural, recorriendo as\u00ed cinco cl\u00e1sicos como <em>\u201cLas Meninas\u201d de Diego Vel\u00e1zquez, \u201cEl jard\u00edn de Las Delicias\u201d de El Bosco, \u201cEl Aquelarre\u201d de Francisco de Goya, \u201cVenus y Adonis\u201d de Paolo Veronese y \u201cEl sentido de la Vista\u201d de Rubens y Jan Brueghel<\/em>, provocando una celebrada conmoci\u00f3n por los resultados que brinda este nuevo sistema audiovisual, a quienes en el nuevo milenio buscan una forma de aprender estos contenidos desde una \u00f3rbita moderna, entretenida y din\u00e1mica.<\/h2>\n<h2 style=\"text-align: center;\"><a href=\"http:\/\/noticias1440.com.ar\/wp-content\/uploads\/2025\/09\/Art-Masters-Foto-B003-Prensa-DG-Experience-Valeria-Solarz.jpg\"><img loading=\"lazy\" decoding=\"async\" class=\"wp-image-2949 aligncenter\" src=\"http:\/\/noticias1440.com.ar\/wp-content\/uploads\/2025\/09\/Art-Masters-Foto-B003-Prensa-DG-Experience-Valeria-Solarz-300x154.jpg\" alt=\"\" width=\"912\" height=\"468\" srcset=\"https:\/\/noticias1440.com.ar\/wp-content\/uploads\/2025\/09\/Art-Masters-Foto-B003-Prensa-DG-Experience-Valeria-Solarz-300x154.jpg 300w, https:\/\/noticias1440.com.ar\/wp-content\/uploads\/2025\/09\/Art-Masters-Foto-B003-Prensa-DG-Experience-Valeria-Solarz-1024x526.jpg 1024w, https:\/\/noticias1440.com.ar\/wp-content\/uploads\/2025\/09\/Art-Masters-Foto-B003-Prensa-DG-Experience-Valeria-Solarz-768x395.jpg 768w, https:\/\/noticias1440.com.ar\/wp-content\/uploads\/2025\/09\/Art-Masters-Foto-B003-Prensa-DG-Experience-Valeria-Solarz.jpg 1201w\" sizes=\"auto, (max-width: 912px) 100vw, 912px\" \/><\/a><\/h2>\n<h2 style=\"text-align: center;\"><strong>Ver\u00f3nica Varano, Lalo Mir, Sabrina Garciarena, Flavio Mendoza, Guillermina Valdez, Teresa Calandra, Nequi Galloti, Federico D\u2019El\u00eda, Bobby Flores, Bernarda Llorente, Germ\u00e1n Paoloski, Agustina Kampfer, Diego \u201cChavo\u201d Fucks, Tamara Pettinato y Leonardo Cifelli (Ministro de Cultura de la Naci\u00f3n)<\/strong>, entre otros, visitaron con muy perceptible entusiasmo las amplias instalaciones de <strong>\u201cArt Masters\u201d<\/strong> en <strong>La Rural<\/strong>, inauguraci\u00f3n que tal como era de esperar tuvo al prestigioso empresario y productor <strong>Daniel Grinbank<\/strong> como cordial y c\u00e1lido anfitri\u00f3n en una premiere llena de entusiasmo, sorpresas y numeros\u00edsimos elogios a lo que la mayor\u00eda defini\u00f3 como \u201cel evento cultural del a\u00f1o\u201d. Desde el ingreso a la muestra, ingresando por el sector m\u00e1s protocolar, para luego de inmediato acceder a la zona de eslabones visuales no tradicionales, provoc\u00f3 mucha curiosidad en los invitados la nueva experiencia planteada, quienes una vez instalados en el sector de \u201crealidad virtual inmersa\u201d, descubrieron todos los beneficios y hallazgos de conocer esas cinco hist\u00f3ricas pinturas desde un enfoque inesperado. Decenas y decenas de rostros felices, exhibiendo al finalizar elocuentes gestos de sorpresa ante lo vivido, reflejaron ese comportamiento de inusual entusiasmo ante lo ocurrido, impregnando de elocuente euforia esa estelar gala en el <strong>Pabell\u00f3n Frers<\/strong>, un gran y lujoso estreno en la concurrida zona de Palermo, evento que tuvo la presencia de numerosos miembros de la prensa transmitiendo en vivo desde las primeras horas de la tarde, este esperado lanzamiento art\u00edstico de la firma <strong>DG Experience<\/strong>.<\/h2>\n<h2 style=\"text-align: center;\"><a href=\"http:\/\/noticias1440.com.ar\/wp-content\/uploads\/2025\/09\/Art-Masters-Foto-B004-Prensa-DG-Experience-Valeria-Solarz.jpg\"><img loading=\"lazy\" decoding=\"async\" class=\"wp-image-2950 aligncenter\" src=\"http:\/\/noticias1440.com.ar\/wp-content\/uploads\/2025\/09\/Art-Masters-Foto-B004-Prensa-DG-Experience-Valeria-Solarz-300x150.jpg\" alt=\"\" width=\"910\" height=\"455\" srcset=\"https:\/\/noticias1440.com.ar\/wp-content\/uploads\/2025\/09\/Art-Masters-Foto-B004-Prensa-DG-Experience-Valeria-Solarz-300x150.jpg 300w, https:\/\/noticias1440.com.ar\/wp-content\/uploads\/2025\/09\/Art-Masters-Foto-B004-Prensa-DG-Experience-Valeria-Solarz-1024x513.jpg 1024w, https:\/\/noticias1440.com.ar\/wp-content\/uploads\/2025\/09\/Art-Masters-Foto-B004-Prensa-DG-Experience-Valeria-Solarz-768x385.jpg 768w, https:\/\/noticias1440.com.ar\/wp-content\/uploads\/2025\/09\/Art-Masters-Foto-B004-Prensa-DG-Experience-Valeria-Solarz.jpg 1197w\" sizes=\"auto, (max-width: 910px) 100vw, 910px\" \/><\/a><\/h2>\n<h2 style=\"text-align: center;\">Esta nueva presentaci\u00f3n art\u00edstica en <strong>La Rural<\/strong> que plantea el reconocido y talentoso empresario abocado a la producci\u00f3n de conciertos extranjeros en los \u00faltimos cuarenta a\u00f1os, mantiene un firme hilo conductor con anteriores realizaciones tambi\u00e9n desarrolladas en este gran complejo ubicado en el cruce de las Avenidas Santa Fe y Dorrego por dicha productora <strong>(DG Experience)<\/strong>, destacada realizaci\u00f3n que seg\u00fan los primeros comentarios desde el n\u00facleo organizador, comenz\u00f3 con una importante venta anticipada de tickets para las primeras jornadas. La firma liderada por el empresario que renov\u00f3 el <strong>Teatro Opera<\/strong> a fines de los &#8217;90s, poco\u00a0 despu\u00e9s que se levantaron en 2021 las restricciones duras tras la pandemia de \u201ccovid 19\u201d, eligi\u00f3 el enorme sector del <strong>Pabell\u00f3n Frers en La Rural<\/strong>, buscando en un principio un lugar que conviviese con el eco de las precauciones sanitarias hasta ese momento, pero luego la destacada amplitud de semejante espacio para exhibiciones, supo dar cabida por suerte a un multitudinario volumen de asistentes interesados por la novedad. Cuando finalmente se conoci\u00f3 durante comienzos de 2022 la muestra <strong>\u201cImagine Van Gough\u201d<\/strong>, desafiando a los que se\u00f1alan que este particular perfil cultural no mueve audiencias masivas, la arriesgada apuesta art\u00edstica planteada por <strong>DG Experience<\/strong> no solo rompi\u00f3 con ese viejo paradigma negativo, sino que en muy poco tiempo se vio obligada a prorrogar el plazo de exhibici\u00f3n prevista de este evento, ante una firme demanda de tickets que estuvo bastante super\u00f3 las 500 mil entradas.<\/h2>\n<p><a href=\"http:\/\/noticias1440.com.ar\/wp-content\/uploads\/2025\/09\/Art-Masters-Foto-B002-Prensa-DG-Experience-Valeria-Solarz.jpg\"><img loading=\"lazy\" decoding=\"async\" class=\"wp-image-2947 aligncenter\" src=\"http:\/\/noticias1440.com.ar\/wp-content\/uploads\/2025\/09\/Art-Masters-Foto-B002-Prensa-DG-Experience-Valeria-Solarz-300x154.jpg\" alt=\"\" width=\"912\" height=\"468\" srcset=\"https:\/\/noticias1440.com.ar\/wp-content\/uploads\/2025\/09\/Art-Masters-Foto-B002-Prensa-DG-Experience-Valeria-Solarz-300x154.jpg 300w, https:\/\/noticias1440.com.ar\/wp-content\/uploads\/2025\/09\/Art-Masters-Foto-B002-Prensa-DG-Experience-Valeria-Solarz-1024x526.jpg 1024w, https:\/\/noticias1440.com.ar\/wp-content\/uploads\/2025\/09\/Art-Masters-Foto-B002-Prensa-DG-Experience-Valeria-Solarz-768x395.jpg 768w, https:\/\/noticias1440.com.ar\/wp-content\/uploads\/2025\/09\/Art-Masters-Foto-B002-Prensa-DG-Experience-Valeria-Solarz.jpg 1202w\" sizes=\"auto, (max-width: 912px) 100vw, 912px\" \/><\/a><\/p>\n<h2 style=\"text-align: center;\"><\/h2>\n<h2 style=\"text-align: center;\">La realizaci\u00f3n <strong>\u201cImagine Van Gogh\u00bb<\/strong> fue una muestra inmersiva que proyectaba m\u00e1s de 3.000 im\u00e1genes de las obras del artista sobre las paredes, el suelo y telas monumentales,\u00a0 sin dudas la primera gran experiencia moderna y tecnol\u00f3gica ofreciendo tanto al habitual conocedor como a quienes nunca hab\u00edan pisado un museo, la circunstancia de sumergirse de lleno en el universo del pintor holand\u00e9s, un ineludible referente de la pintura. Esa muy inusual experiencia de tono envolvente con cl\u00e1sicos como \u201cLa noche estrellada\u201d o \u201cLos girasoles\u201d, acompa\u00f1ados de una m\u00fasica acorde a esa propuesta, generaron un boom que sobrepas\u00f3 todo lo esperado, plasmado en una estructura muy llamativa asociada con este perfil cultural. El destacado uso de gran tecnolog\u00eda de avanzada, empleando un sistema de proyecci\u00f3n con gigantograf\u00edas y los 48 proyectores l\u00e1ser de alta definici\u00f3n para crear la ilusi\u00f3n de estar dentro de las obras, sin dudas fue la gran vedette, pero tambi\u00e9n la decisi\u00f3n de enfocarse en los dos \u00faltimos a\u00f1os de la vida de <strong>Vincent Van Gough<\/strong>, abarcando su estancia en la zona de Arles hasta su muerte en pleno Auvers-sur-Oise.<\/h2>\n<h2 style=\"text-align: center;\"><a href=\"http:\/\/noticias1440.com.ar\/wp-content\/uploads\/2025\/09\/Art-Masters-Foto-B007-Prensa-DG-Experience-Valeria-Solarz.jpg\"><img loading=\"lazy\" decoding=\"async\" class=\"wp-image-2953 aligncenter\" src=\"http:\/\/noticias1440.com.ar\/wp-content\/uploads\/2025\/09\/Art-Masters-Foto-B007-Prensa-DG-Experience-Valeria-Solarz-300x150.jpg\" alt=\"\" width=\"918\" height=\"459\" srcset=\"https:\/\/noticias1440.com.ar\/wp-content\/uploads\/2025\/09\/Art-Masters-Foto-B007-Prensa-DG-Experience-Valeria-Solarz-300x150.jpg 300w, https:\/\/noticias1440.com.ar\/wp-content\/uploads\/2025\/09\/Art-Masters-Foto-B007-Prensa-DG-Experience-Valeria-Solarz-1024x512.jpg 1024w, https:\/\/noticias1440.com.ar\/wp-content\/uploads\/2025\/09\/Art-Masters-Foto-B007-Prensa-DG-Experience-Valeria-Solarz-768x384.jpg 768w, https:\/\/noticias1440.com.ar\/wp-content\/uploads\/2025\/09\/Art-Masters-Foto-B007-Prensa-DG-Experience-Valeria-Solarz.jpg 1199w\" sizes=\"auto, (max-width: 918px) 100vw, 918px\" \/><\/a><\/h2>\n<h2 style=\"text-align: center;\">A esta deslumbrante muestra sobre el gran artista holand\u00e9s, lleg\u00f3 poco tiempo despu\u00e9s <strong>\u201cBansky, \u00bfGenio o V\u00e1ndalo?\u201d<\/strong>, exhibici\u00f3n sobre un realizador que emergi\u00f3 fruto del mito alrededor de su figura y su radical postura de permanecer an\u00f3nimo. Los conocedores se\u00f1alan que Banksy es el seud\u00f3nimo de un artista brit\u00e1nico y quienes bucearon en su surgimiento, denotan al ser consultados que existen evidencias de que su nombre es <strong>Robbie Banks<\/strong>, alguien que posiblemente haya nacido en el entorno de Bristol a mediados de la d\u00e9cada de 1970. Con comportamientos fuera de la ley y al mismo tiempo cobrando sus derechos de autor como artista, generando obras a las que imparti\u00f3 autenticidad con el recordado servicio \u201cPest Control\u201d, la segunda muestra de <strong>DG Experience<\/strong> en el <strong>Pabell\u00f3n\u00a0 Frers<\/strong> tambi\u00e9n recibi\u00f3 excelentes cr\u00edticas y una excelente respuesta de p\u00fablico. En aqu\u00e9l momento la productora utiliz\u00f3 ese predio para abrirle esas puertas al m\u00e1s famoso graffitero del planeta, quien con esas pintadas o serigraf\u00edas, decidi\u00f3 abordar a su manera los m\u00e1s acuciantes problemas y contradicciones que interpelan a las sociedades contempor\u00e1neas. Con planteos urbanos muy destacados, no sorprendi\u00f3 encontrar dentro de esa muestra im\u00e1genes conteniendo monos y las ratas, temas recurrentes en la obra de Banksy como la famosa \u201cLaugh now, but one day we\u2019ll be in charge\u201d (R\u00edanse ahora, pero alg\u00fan d\u00eda nosotros estaremos a cargo), sin dudas la m\u00e1s retratada por los visitantes, sobre aqu\u00e9l m\u00edtico cartel que lleva tres monos. Obviamente hubo otra muy emblem\u00e1tica, mostrando una representaci\u00f3n del Parlamento ocupado por simios, en ese gran adalid de \u00bfDistop\u00eda o realidad?<\/h2>\n<h2 style=\"text-align: center;\"><a href=\"http:\/\/noticias1440.com.ar\/wp-content\/uploads\/2025\/09\/Art-Masters-Foto-B005-Prensa-DG-Experience-Valeria-Solarz.jpg\"><img loading=\"lazy\" decoding=\"async\" class=\"wp-image-2951 aligncenter\" src=\"http:\/\/noticias1440.com.ar\/wp-content\/uploads\/2025\/09\/Art-Masters-Foto-B005-Prensa-DG-Experience-Valeria-Solarz-300x154.jpg\" alt=\"\" width=\"916\" height=\"470\" srcset=\"https:\/\/noticias1440.com.ar\/wp-content\/uploads\/2025\/09\/Art-Masters-Foto-B005-Prensa-DG-Experience-Valeria-Solarz-300x154.jpg 300w, https:\/\/noticias1440.com.ar\/wp-content\/uploads\/2025\/09\/Art-Masters-Foto-B005-Prensa-DG-Experience-Valeria-Solarz-1024x527.jpg 1024w, https:\/\/noticias1440.com.ar\/wp-content\/uploads\/2025\/09\/Art-Masters-Foto-B005-Prensa-DG-Experience-Valeria-Solarz-768x395.jpg 768w, https:\/\/noticias1440.com.ar\/wp-content\/uploads\/2025\/09\/Art-Masters-Foto-B005-Prensa-DG-Experience-Valeria-Solarz.jpg 1201w\" sizes=\"auto, (max-width: 916px) 100vw, 916px\" \/><\/a><\/h2>\n<h2 style=\"text-align: center;\">Ahora, despu\u00e9s del exitoso estreno de <strong>\u201cArt Masters\u201d<\/strong>, en estas \u00faltimas horas explot\u00f3 como era de prever una detonaci\u00f3n medi\u00e1tica estructuras de comunicaci\u00f3n, redes o los circuitos art\u00edsticos sobre una exhibici\u00f3n original con la ayuda de la realidad virtual inmersiva. Esta realizaci\u00f3n permite conocer el trasfondo de obras como <em>\u201cLas Meninas\u201d (Diego Vel\u00e1squez), \u201cEl Jard\u00edn de las Delicias\u201d (El Bosco), \u201cEl Aquelarre\u201d (Francisco de Goya), \u201cVenus y Adonis\u201d (Paolo Veronese) y \u201cEl Sentido de La Vista\u201d (Rubens y Jan Brueghel)<\/em> de una manera tan subyugante como plena de gui\u00f1os al amante del arte. La postura de plantear dos mundos como experiencia en el conocimiento cultural, sin dudas representa ahora en esta tercera muestra art\u00edstica, la chance de acceder a piezas ubicadas actualmente en el exterior, con un dosaje informativo in\u00e9dito, inolvidable experiencia audivisual que se divide en tres momentos clave. Por un lado la galer\u00eda introductoria f\u00edsica, que sirve para contextualizar la historia del <strong>Museo del Prado<\/strong> y las obras seleccionadas. Posteriormente<em> la experiencia de realidad virtual inmersiva multiusuario (RVM)<\/em>, donde los visitantes se sumergen en las pinturas desde una perspectiva \u00fanica y luego, tras todo esto, una sensual galer\u00eda de cierre interactiva, para profundizar as\u00ed lo vivido y conectar con los elementos simb\u00f3licos de las obras.<\/h2>\n<h2 style=\"text-align: center;\"><a href=\"http:\/\/noticias1440.com.ar\/wp-content\/uploads\/2025\/09\/Art-Masters-Foto-B001-Prensa-DG-Experience-Valeria-Solarz.jpg\"><img loading=\"lazy\" decoding=\"async\" class=\"wp-image-2946 aligncenter\" src=\"http:\/\/noticias1440.com.ar\/wp-content\/uploads\/2025\/09\/Art-Masters-Foto-B001-Prensa-DG-Experience-Valeria-Solarz-300x157.jpg\" alt=\"\" width=\"915\" height=\"479\" srcset=\"https:\/\/noticias1440.com.ar\/wp-content\/uploads\/2025\/09\/Art-Masters-Foto-B001-Prensa-DG-Experience-Valeria-Solarz-300x157.jpg 300w, https:\/\/noticias1440.com.ar\/wp-content\/uploads\/2025\/09\/Art-Masters-Foto-B001-Prensa-DG-Experience-Valeria-Solarz-768x401.jpg 768w, https:\/\/noticias1440.com.ar\/wp-content\/uploads\/2025\/09\/Art-Masters-Foto-B001-Prensa-DG-Experience-Valeria-Solarz.jpg 1184w\" sizes=\"auto, (max-width: 915px) 100vw, 915px\" \/><\/a><\/h2>\n<h2 style=\"text-align: center;\">La apuesta cultural y art\u00edstica de <strong>\u201cArt Masters\u201d<\/strong>, evento que acapar\u00f3 la atenci\u00f3n desde su inauguraci\u00f3n oficial el jueves 4 desde el mediod\u00eda, propone una gran exhibici\u00f3n con elementos de alta tecnolog\u00eda que reviste enorme calidad art\u00edstica y rigurosidad hist\u00f3rica. La curadur\u00eda fue realizada en colaboraci\u00f3n con el <strong>equipo del Museo del Prado<\/strong>, bajo la supervisi\u00f3n de <strong>Alejandro Vergara, jefe de Conservaci\u00f3n de Pintura Flamenca y Escuelas del Norte<\/strong>, por ende asoma una enorme fidelidad en la representaci\u00f3n art\u00edstica, paralela a este gran desarrollo tecnol\u00f3gico, garantizando as\u00ed una vivencia muy aut\u00e9ntica, educativa y profundamente conmovedora. Ha llegado la hora de permitirle a la imaginaci\u00f3n viajar por terrenos desconocidos y sumergirse, con la ayuda de novedosos implementos, en un sitio donde los grandes creadores generaron esas magistrales obras de arte, las cuales ahora en esta recorrida suman al visitante como parte viva de las mismas, un evento a todas luces muy innovador y cautivante desde el primer segundo, una recorrida distendida con tono hipn\u00f3tico por su belleza, muy alejada del agitado movimiento habitual all\u00ed en el barrio de Palermo<\/h2>\n<h2 style=\"text-align: center;\"><strong>\u201cArt Masters\u201d (muestra de realidad virtual aumentada que va de martes a viernes de 12 a 20 o s\u00e1bados y domingos de 10 a 20 en el Pabell\u00f3n Frers de La Rural (Avenida Santa Fe 4363 \u2013 Capital Federal)<\/strong><\/h2>\n<h2 style=\"text-align: center;\"><span style=\"color: #008000;\"><strong>Entradas disponibles en<\/strong><\/span> <a href=\"https:\/\/www.laruralticket.com.ar\/\">https:\/\/www.laruralticket.com.ar<\/a><\/h2>\n<h2 style=\"text-align: center;\">Con<span style=\"color: #ff6600;\"><strong> tarjeta Visa Galicia<\/strong><\/span> pueden adquirirse hasta en 6 cuotas sin inter\u00e9s.<\/h2>\n<h2 style=\"text-align: center;\"><span style=\"color: #000080;\"><strong>Prensa y Fotos \u201cArt Masters\u201d:<\/strong><\/span> <span style=\"color: #0000ff;\"><strong>Valeria Solarz para \u201cDG Experience 2025\u201d<\/strong><\/span><\/h2>\n<p>&nbsp;<\/p>\n<p>&nbsp;<\/p>\n<p>&nbsp;<\/p>\n","protected":false},"excerpt":{"rendered":"<p>El productor y empresario Daniel Grinbank estuvo en la inauguraci\u00f3n recibiendo a todas las figuras invitadas al estreno, una gran presentaci\u00f3n art\u00edstica que sorprendi\u00f3 a los m\u00e1s exigentes, un evento que reuni\u00f3 a los referentes de distintas \u00e1reas de la sociedad nacional.<\/p>\n","protected":false},"author":1,"featured_media":2952,"comment_status":"closed","ping_status":"open","sticky":false,"template":"","format":"standard","meta":{"footnotes":""},"categories":[3,6],"tags":[],"class_list":["post-2936","post","type-post","status-publish","format-standard","has-post-thumbnail","hentry","category-actualidad","category-lanzamientos"],"_links":{"self":[{"href":"https:\/\/noticias1440.com.ar\/index.php?rest_route=\/wp\/v2\/posts\/2936","targetHints":{"allow":["GET"]}}],"collection":[{"href":"https:\/\/noticias1440.com.ar\/index.php?rest_route=\/wp\/v2\/posts"}],"about":[{"href":"https:\/\/noticias1440.com.ar\/index.php?rest_route=\/wp\/v2\/types\/post"}],"author":[{"embeddable":true,"href":"https:\/\/noticias1440.com.ar\/index.php?rest_route=\/wp\/v2\/users\/1"}],"replies":[{"embeddable":true,"href":"https:\/\/noticias1440.com.ar\/index.php?rest_route=%2Fwp%2Fv2%2Fcomments&post=2936"}],"version-history":[{"count":6,"href":"https:\/\/noticias1440.com.ar\/index.php?rest_route=\/wp\/v2\/posts\/2936\/revisions"}],"predecessor-version":[{"id":2959,"href":"https:\/\/noticias1440.com.ar\/index.php?rest_route=\/wp\/v2\/posts\/2936\/revisions\/2959"}],"wp:featuredmedia":[{"embeddable":true,"href":"https:\/\/noticias1440.com.ar\/index.php?rest_route=\/wp\/v2\/media\/2952"}],"wp:attachment":[{"href":"https:\/\/noticias1440.com.ar\/index.php?rest_route=%2Fwp%2Fv2%2Fmedia&parent=2936"}],"wp:term":[{"taxonomy":"category","embeddable":true,"href":"https:\/\/noticias1440.com.ar\/index.php?rest_route=%2Fwp%2Fv2%2Fcategories&post=2936"},{"taxonomy":"post_tag","embeddable":true,"href":"https:\/\/noticias1440.com.ar\/index.php?rest_route=%2Fwp%2Fv2%2Ftags&post=2936"}],"curies":[{"name":"wp","href":"https:\/\/api.w.org\/{rel}","templated":true}]}}