{"id":230,"date":"2015-03-17T20:55:08","date_gmt":"2015-03-17T20:55:08","guid":{"rendered":"http:\/\/www.noticias1440.com.ar\/?p=230"},"modified":"2015-03-17T20:55:08","modified_gmt":"2015-03-17T20:55:08","slug":"kike-teruel-de-nocheros-concluyente-nosotros-somos-los-chalchaleros-del-siglo-21","status":"publish","type":"post","link":"https:\/\/noticias1440.com.ar\/?p=230","title":{"rendered":"Kike Teruel de Nocheros concluyente: \u201cNosotros somos los Chalchaleros del Siglo 21\u201d"},"content":{"rendered":"<p>El reconocido m\u00fasico regres\u00f2 al grupo luego de un a\u00f1o abocado a cosas personales y en entrevista con <strong>Noticias1440<\/strong> sostuvo que el Festival de Cosqu\u00ecn\u201cest\u00e0 herido de muerte\u201d.<\/p>\n<p><!--more--><a href=\"http:\/\/www.noticias1440.com.ar\/wp-content\/uploads\/2015\/03\/Kike-Teruel-Noticias1440-Foto-Prensa-S-Music-Marzo-2015-A001.jpg\"><img loading=\"lazy\" decoding=\"async\" class=\" size-medium wp-image-232 aligncenter\" src=\"http:\/\/www.noticias1440.com.ar\/wp-content\/uploads\/2015\/03\/Kike-Teruel-Noticias1440-Foto-Prensa-S-Music-Marzo-2015-A001-300x170.jpg\" alt=\"Kike Teruel (Noticias1440 Foto Prensa S-Music - Marzo 2015 A001)\" width=\"300\" height=\"170\" srcset=\"https:\/\/noticias1440.com.ar\/wp-content\/uploads\/2015\/03\/Kike-Teruel-Noticias1440-Foto-Prensa-S-Music-Marzo-2015-A001-300x170.jpg 300w, https:\/\/noticias1440.com.ar\/wp-content\/uploads\/2015\/03\/Kike-Teruel-Noticias1440-Foto-Prensa-S-Music-Marzo-2015-A001-220x126.jpg 220w, https:\/\/noticias1440.com.ar\/wp-content\/uploads\/2015\/03\/Kike-Teruel-Noticias1440-Foto-Prensa-S-Music-Marzo-2015-A001-460x260.jpg 460w, https:\/\/noticias1440.com.ar\/wp-content\/uploads\/2015\/03\/Kike-Teruel-Noticias1440-Foto-Prensa-S-Music-Marzo-2015-A001.jpg 477w\" sizes=\"auto, (max-width: 300px) 100vw, 300px\" \/><\/a>\u00a0<\/p>\n<p><strong>Por Gabriel Imparato<\/strong><\/p>\n<p><strong>(Capital Federal \u2013 Martes 17 de Marzo de 2015)<\/strong> El m\u00fasico salte\u00f1o Kike Teruel regres\u00f2 al conjunto\u201cNocheros\u201d, formaci\u00f3n de la que se ausent\u00f2 por el lapso de un a\u00f1o, durante el cual el artista permaneci\u00f3 junto a su familia en Espa\u00f1a buscando purificar el cansancio y desgaste acaecido en numerosas temporadas laborales. Ya de vuelta en Argentina, junto a sus compa\u00f1eros retom\u00f2 las actuaciones del conjunto ahora con los cuatro integrantes que sellaron el formato tradicional, grupo que presentar\u00e0 el \u00e1lbum\u201cTr\u00eco\u201deste pr\u00f2ximo s\u00e1bado y tambi\u00e9n el jueves 26 del corriente en el Teatro Auditorium de Mar del Plata. Antes del viaje a la costa atl\u00e1ntica, el m\u00fasico y fundador de esta reconocida banda folkl\u00f3rica brind\u00f2 una entrevista a Noticias1440, charla en la que asever\u00f2 sin vacilaciones que\u201clos Nocheros somos los Chalchaleros del Siglo 21\u201d, sobre la poderosa influencia de su grupo sobre los nuevos valores musicales. Asimismo, consultado sobre la actualidad del famoso Festival Cosqu\u00ecn de Folklore, el int\u00e8rprete se\u00f1al\u00f3 que el mismo\u201cest\u00e0 herido de muerte\u201d, charla en la que respondi\u00f3 las siguientes consultas:<\/p>\n<p><strong>\u00bfC\u00f2mo fue reincorporarte a los Nocheros despu\u00e9s de un a\u00f1o viviendo en Espa\u00f1a?\u00a0\u00a0\u00a0\u00a0 <\/strong><\/p>\n<p>Muy natural, fue una reincorporaci\u00f3n muy natural, casi como si no me hubiera ido,en este caso los chicos lo entendieron y se los he agradecido, no cualquiera se va de un trabajo y vuelve como si nada hubiera pasado, eso fue lo que me pas\u00f2, volv\u00ec al trabajo, a la senda de los Nocheros como si nunca me hubiera ido, gracias a ellos y al cari\u00f1o de la gente que estaba esperando que vuelva. Me sent\u00ed sinceramente muy c\u00f3modo cuando volv\u00ec con los chicos, de la misma forma que cuando me fui.<\/p>\n<p><strong>\u00bfC\u00f2mo tomaste la circunstancia de estar fuera del grupo y que ellos grabaran un nuevo disco y lo presentaran durante tu prolongada ausencia? <\/strong><\/p>\n<p>La forma de definirlo ser\u00eda lo que dije al principio, muy natural, realmente, porque Rub\u00e8n (Eizaguirre)ya me hab\u00eda avisado que quer\u00ecan hacer un disco en tr\u00eco, por supuesto que no me molestaba en absoluto, era una cuesti\u00f3n de que cada uno hiciera su vida. Siento que los chicos han hecho algo cuidado, a la altura de las circunstancias y de lo que Nocheros significa para la gente, no lo tengo que decir yo, en este caso lo han hecho solos. Ellos me hab\u00edan avisado, para m\u00ec era eso y esperar la vuelta, la verdad no tuve ninguna opini\u00f3n con respecto al disco, la producci\u00f3n y lo dem\u00e1s, porque lo \u00fanico que me quedaba despu\u00e9s de escucharlo era decir si me gustaba o n\u00f2. Cuando fueron a Espa\u00f1a, Rub\u00e8n me mostr\u00f2 el disco y d\u00ec la opini\u00f3n que siempre d\u00ec con los Nocheros, las cosas que me parecen y las cosas que n\u00f2, pero este disco est\u00e0 muy bien, porque en el verano la estamos rompiendo con el disco. Hay tres o cuatro canciones del \u00e1lbum que pegaron fuerte, cuando eso pasa es que el disco est\u00e0 bueno. Yo no tuve ni arte ni parte en eso. Yo en Espa\u00f1a no estuve haciendo nada, estaba comunicado con ellos como familia con mi hermano, con mi sobrino y con mi amigo, pero nada m\u00e0s.<\/p>\n<p><a href=\"http:\/\/www.noticias1440.com.ar\/wp-content\/uploads\/2015\/03\/Kike-Teruel-Noticias1440-Foto-Prensa-S-Music-Marzo-2015-A006.jpg\"><img loading=\"lazy\" decoding=\"async\" class=\" size-medium wp-image-233 aligncenter\" src=\"http:\/\/www.noticias1440.com.ar\/wp-content\/uploads\/2015\/03\/Kike-Teruel-Noticias1440-Foto-Prensa-S-Music-Marzo-2015-A006-300x169.jpg\" alt=\"Kike Teruel (Noticias1440 Foto Prensa S-Music - Marzo 2015 A006)\" width=\"300\" height=\"169\" srcset=\"https:\/\/noticias1440.com.ar\/wp-content\/uploads\/2015\/03\/Kike-Teruel-Noticias1440-Foto-Prensa-S-Music-Marzo-2015-A006-300x169.jpg 300w, https:\/\/noticias1440.com.ar\/wp-content\/uploads\/2015\/03\/Kike-Teruel-Noticias1440-Foto-Prensa-S-Music-Marzo-2015-A006-460x260.jpg 460w, https:\/\/noticias1440.com.ar\/wp-content\/uploads\/2015\/03\/Kike-Teruel-Noticias1440-Foto-Prensa-S-Music-Marzo-2015-A006.jpg 582w\" sizes=\"auto, (max-width: 300px) 100vw, 300px\" \/><\/a><\/p>\n<p><strong>\u00bfSospechabas que si no te tomabas este break fuera de tu pa\u00eds, en realidad deber\u00edas irte no para una pausa circunstancial sino un alejamiento definitivo del grupo?<\/strong><\/p>\n<p>S\u00ec, lo sent\u00ed as\u00ec, porque hace mucho que estaba mal, muchas veces me hab\u00eca planteado no seguir, y bueno, de verdad si esto no pasaba mi reacci\u00f3n f\u00edsica y mental hubiera sido\u2026 no digo mucho m\u00e0s dr\u00e1stica, porque iba a ser para algo bueno, para estar mejor, pero s\u00ec m\u00e0s cortante, n\u00f2?. De hecho cuando se lo plante\u00e8 a los chicos, ellos aceptaron al toque, en ese momento les dije que si me dec\u00edan que n\u00f2, la conversaci\u00f3n ser\u00eda distinta. Cuando ellos me dijeron que s\u00ec, fue todo como lo hab\u00eda pensado. Eran muchos a\u00f1os, esto lo repet\u00ed muchas veces, eran muchos a\u00f1os y necesitaba parar mi cabeza, mirar todo desde otro lado, no es solo mi vida con los Nocheros, si vendemos m\u00e0s o menos un disco, los Nocheros son un paso en mi vida, no yo un paso por ellos, entonces necesitaba mirar todo desde afuera, es algo que deb\u00eda a mi familia y todos los que me bancan, mis compa\u00f1eros. A los Nocheros los quiero, pero con quienes vivo antes de ser un Nochero es mi se\u00f1ora y mi hijo, ellos me han visto crecer en esto, entonces quer\u00eca tambi\u00e9n ver las cosas desde otro lado, era algo que necesitaba, realmente necesitaba parar.<\/p>\n<p><strong>\u00bfSospech\u00e0s que Mario(Teruel)y Rub\u00e8n(Eizaguirre)pueden llegar a necesitar tomarse un break de la banda como vos lo hiciste en estos \u00faltimos meses? <\/strong><\/p>\n<p>Qu\u00e8 buena pregunta!&#8230;, vos nos conoc\u00e8s de muchos a\u00f1os, hablar con vos no es solo hablar con un amigo sino alguien que vio nacer a Los Nocheros de verdad, de la primera vez que fuimos a Mar del Plata y no hab\u00eda gente, hab\u00eda dos personas y nada m\u00e0s. Te dir\u00eda que s\u00ec, que Mario y Rub\u00e8n podr\u00edan hacerlo, pero siento que la retroalimentaci\u00f3n ellos la tienen con los viajes, los shows y todo lo dem\u00e0s, yo n\u00f2, Honestamente yo me iba vaciando de a poco con eso, creo que los chicos lo deber\u00edan hacer llegado el caso, de todas formas yo estoy listo para todos los que ellos decidan hacer. Ellos est\u00e0n a full, a veces los noto un poco cansados, pero a la vez no se les nota, ser\u00e1 lo que ellos decidan, yo ahora vine a hacer todo lo que ellos decidan.<\/p>\n<p><a href=\"http:\/\/www.noticias1440.com.ar\/wp-content\/uploads\/2015\/03\/Kike-Teruel-Noticias1440-Foto-Prensa-S-Music-Marzo-2015-A002.jpg\"><img loading=\"lazy\" decoding=\"async\" class=\" size-medium wp-image-234 aligncenter\" src=\"http:\/\/www.noticias1440.com.ar\/wp-content\/uploads\/2015\/03\/Kike-Teruel-Noticias1440-Foto-Prensa-S-Music-Marzo-2015-A002-300x169.jpg\" alt=\"Kike Teruel (Noticias1440 Foto Prensa S-Music - Marzo 2015 A002)\" width=\"300\" height=\"169\" srcset=\"https:\/\/noticias1440.com.ar\/wp-content\/uploads\/2015\/03\/Kike-Teruel-Noticias1440-Foto-Prensa-S-Music-Marzo-2015-A002-300x169.jpg 300w, https:\/\/noticias1440.com.ar\/wp-content\/uploads\/2015\/03\/Kike-Teruel-Noticias1440-Foto-Prensa-S-Music-Marzo-2015-A002-460x260.jpg 460w, https:\/\/noticias1440.com.ar\/wp-content\/uploads\/2015\/03\/Kike-Teruel-Noticias1440-Foto-Prensa-S-Music-Marzo-2015-A002.jpg 501w\" sizes=\"auto, (max-width: 300px) 100vw, 300px\" \/><\/a><\/p>\n<p><strong>\u00bfDesconectarte de todo implicaba vivir en el exterior y tomar fuerte distancia? <\/strong><\/p>\n<p>Me fui justamente al exterior por eso, porque si yo me hubiera quedado en la Argentina, por m\u00e0s que hubiera descansado, me hubiera hecho ruido, hubiera visto las cosas de otra manera, el hecho que ellos siguiesen cantando, pero el hecho de all\u00e0 en Espa\u00f1a, en otro contexto, en algo que no ten\u00eda nada que ver, en un pa\u00ecs y con gente que no tiene nada que ver, ellos ac\u00e0 en invierno y yo all\u00e0 con calor, no ten\u00eda chance, para m\u00ec estaba todo bien, lo claro es que a Mart\u00ecn(su hijo)le hizo bien. F\u00ecsicamente vine nuevo, bien para todo y nunca me puse a pensar si estaba bien o mal lo que ellos hab\u00edan hecho, era todo yo y los que me acompa\u00f1aban, era eso, a ver como resolv\u00eda mi vuelta, como me adaptaba, al principio me estaba por volver, mientras estuve all\u00e0 por suerte me olvid\u00e8 de todo, porque si no hubiese podido olvidar, tendr\u00eda que haber vuelto.<\/p>\n<p><strong>\u00bfAl hacer televisi\u00f3n hace unos a\u00f1os percibiste que esa era una forma de tomar distancia y evitar que el ambiente del\u201cPlaneta Nocheros\u201dte asfixiara?<\/strong><\/p>\n<p>N\u00f2, a m\u00ec nunca me han asfixiado los Nocheros. Me asfixi\u00e8 yo solo, en realidad ten\u00eda un cansancio que era algo normal, con todos los viajes, con los a\u00f1os, pero cada uno lo toma distinto. Mi presencia en el programa\u201cTalento Argentino\u201dde Telef\u00e8 ha sido algo nuevo y bueno, como cambiar de casa, pero no fue que dije\u201cuy, menos mal\u201d, dije \u201cque bueno que me pas\u00f2 algo diferente\u201d. Cuando veo una veta profesional que puede ser diferente la sigo, o la busco hasta encontrarla. Lo de hacer televisi\u00f3n lo volver\u00eca a realizar con los mismos compa\u00f1eros y en el mismo programa.<\/p>\n<p><a href=\"http:\/\/www.noticias1440.com.ar\/wp-content\/uploads\/2015\/03\/Kike-Teruel-Noticias1440-Foto-Prensa-S-Music-Marzo-2015-A003.jpg\"><img loading=\"lazy\" decoding=\"async\" class=\" size-medium wp-image-235 aligncenter\" src=\"http:\/\/www.noticias1440.com.ar\/wp-content\/uploads\/2015\/03\/Kike-Teruel-Noticias1440-Foto-Prensa-S-Music-Marzo-2015-A003-300x169.jpg\" alt=\"Kike Teruel (Noticias1440 Foto Prensa S-Music - Marzo 2015 A003)\" width=\"300\" height=\"169\" srcset=\"https:\/\/noticias1440.com.ar\/wp-content\/uploads\/2015\/03\/Kike-Teruel-Noticias1440-Foto-Prensa-S-Music-Marzo-2015-A003-300x169.jpg 300w, https:\/\/noticias1440.com.ar\/wp-content\/uploads\/2015\/03\/Kike-Teruel-Noticias1440-Foto-Prensa-S-Music-Marzo-2015-A003-460x260.jpg 460w, https:\/\/noticias1440.com.ar\/wp-content\/uploads\/2015\/03\/Kike-Teruel-Noticias1440-Foto-Prensa-S-Music-Marzo-2015-A003.jpg 501w\" sizes=\"auto, (max-width: 300px) 100vw, 300px\" \/><\/a><\/p>\n<p><strong>\u00bfA esta altura de tu carrera sent\u00eds que la banda termin\u00f2 de asimilar el reemplazo que llev\u00f2 a cabo Alvaro Teruel tras la inesperada partida de Jorge Rojas? <\/strong><\/p>\n<p>Lo traum\u00e1tico puede haber sido para la gente que nos sigue, porque tampoco\u2026no es que se hab\u00eda ido\u2026.no s\u00e8, las comparaciones son un poco odiosas, pero esto para m\u00ec no fue traum\u00e1tico, para el grupo tampoco. Nosotros nos hemos adaptado, si por supuesto con la profesionalidad que nos caracteriza hemos tomado la situaci\u00f3n con seriedad y creemos que desde el inicio al tomar la decisi\u00f3n, Alvaro estaba listo. Cuando sali\u00f3 el \u00e1lbum \u201cCr\u00f2nica\u201dtuvimos esa sensaci\u00f3n e hicimos tres Luna Park a full con \u00e8l, para nosotros ya estaba listo. S\u00ec hubo un quiebre en el \u00e9xito por el hecho de que Rojas se hab\u00eda ido de los Nocheros y lo que eso significaba, entonces eso hac\u00eca pensar en su memento sobre que Alvaro no estar\u00eca adaptado y que era ser\u00eda un lugar dif\u00edcil de llenar, que fue lo que se dijo en ese momento. Pero lo cierto es que nosotros est\u00e1bamos tranquilos porque hemos hecho siempre las cosas bien, a nuestro criterio, la gente as\u00ec tambi\u00e9n lo tom\u00f2 y ahora hasta se da la circunstancia de que puedan cantar tres y todo funcione adecuadamente. Para m\u00ec el cambio de integrante nunca fue traum\u00e1tico, tal vez lo haya sido para alguna que otra fan, pero para nosotros n\u00f2, estamos muy tranquilos con eso realmente.<\/p>\n<p><strong>En su momento fueron muy discutidos por la forma de hacer esta m\u00fasica, pero en la actualidad muchos los toman como referencia, lo que los convierte en un trademark.<\/strong><\/p>\n<p>Siempre opin\u00e8, como dec\u00eda Vanessa Mae que\u201cLa tradici\u00f2n es hoy\u201d, para m\u00ec la tradici\u00f3n es hoy y n\u00f2 estar en 1810 con velas, cantando por las calles negros espirituals, entonces hoy la m\u00fasica\u201cnochera\u201des una tradici\u00f3n en la base nuestra, la forma de plantear la parte musical, ya es algo tradicional. Nosotros somos los\u201cChalchaleros del Siglo 21\u201d, entonces tenemos que buscar otras formas, si los encontramos, genial. Nosotros vivimos todos los cambios que hicimos y sabemos que los chicos han hecho muchos grupos, han cambiado su forma de lucir, de interpretar, que se escuche diferente, todo por nuestra influencia, eso es algo digno y lindo que te llena de orgullo, siempre estamos en la b\u00fasqueda de la canci\u00f3n o de un sonido que sea nuevo. El show actual est\u00e0 muy contundente, muy fuerte, tenemos una banda con la que sentimos que estamos en la b\u00fasqueda de un nuevo sonido, porque no sonamos como antes, para m\u00ec sonamos mucho m\u00e0s fuertes, estamos mucho m\u00e0s compactos, entonces eso hace que sigamos en esa b\u00fasqueda y creo que lo vamos a encontrar. Esto es lo que tienen que hacer todos los grupos y mucho m\u00e0s los de la m\u00fasica popular, porque parece que la m\u00fasica popular va por un solo camino. Nosotros siempre hemos tratado de corrernos un poquito.<\/p>\n<p><a href=\"http:\/\/www.noticias1440.com.ar\/wp-content\/uploads\/2015\/03\/Kike-Teruel-Noticias1440-Foto-Prensa-S-Music-Marzo-2015-A004.jpg\"><img loading=\"lazy\" decoding=\"async\" class=\" size-medium wp-image-236 aligncenter\" src=\"http:\/\/www.noticias1440.com.ar\/wp-content\/uploads\/2015\/03\/Kike-Teruel-Noticias1440-Foto-Prensa-S-Music-Marzo-2015-A004-300x169.jpg\" alt=\"Kike Teruel (Noticias1440 Foto Prensa S-Music - Marzo 2015 A004)\" width=\"300\" height=\"169\" srcset=\"https:\/\/noticias1440.com.ar\/wp-content\/uploads\/2015\/03\/Kike-Teruel-Noticias1440-Foto-Prensa-S-Music-Marzo-2015-A004-300x169.jpg 300w, https:\/\/noticias1440.com.ar\/wp-content\/uploads\/2015\/03\/Kike-Teruel-Noticias1440-Foto-Prensa-S-Music-Marzo-2015-A004-460x260.jpg 460w, https:\/\/noticias1440.com.ar\/wp-content\/uploads\/2015\/03\/Kike-Teruel-Noticias1440-Foto-Prensa-S-Music-Marzo-2015-A004.jpg 501w\" sizes=\"auto, (max-width: 300px) 100vw, 300px\" \/><\/a><\/p>\n<p><strong>\u00bfC\u00f2mo viv\u00ecs los sue\u00f1os que elgrupo ten\u00eca ahora convertidos en realidad?<\/strong><\/p>\n<p>Ehhh\u2026no vivo de los recuerdos. S\u00ec me lo ha hecho ver mi hijo un d\u00eca cuando est\u00e1bamos conversando, a veces uno se olvida, \u00e8l era chico cuando todos nosotros \u00ecbamos creciendo a pasos agigantados, entonces me llena de orgullo. Uno cuando cumple los objetivos cambia, eso me hizo cambiar mucho, a m\u00ec, mi familia, mis amigos, yo con ellos, hemos ido madurando en este \u00e9xito que en un momento fue arrollador, para todos, porque el \u00e9xito no es vender discos o un mont\u00f2n de entradas por todos lados, sino haber logrado lo que uno so\u00f1aba. Y ese sue\u00f1o lo participaba toda la familia porque iban a atr\u00e1s los sue\u00f1os de todos apoyando, entonces lo vivo muy feliz. Cuando me acuerdo, me acuerdo de todo, de los escenarios, como ahora de haber agregado una nueva funci\u00f3n para esta visita que estamos haciendo a Mar del Plata. Yo me fu\u00ec de esto para poder hacerlo de nuevo con esa intensidad, es decir, poder hacer m\u00e0s de una fecha all\u00e0 en la costa es bueno, porque Mar del Plata siempre nos cost\u00f2, es un p\u00fablico dif\u00edcil, pero ahora llenamos un Auditorium y vamos por otro, entonces quiero vivirlo con la misma intensidad, todos los recuerdos los estoy haciendo as\u00ec para poder actualizarlos.<\/p>\n<p><strong>\u00bfA ra\u00edz de las recientes pol\u00e9micas y problemas que evidenci\u00f2 el tradicional Festival de Cosqu\u00ecn, sent\u00eds que este cl\u00e1sico flokl\u00f2rico asoma actualmente lastimado?\u00a0\u00a0 <\/strong><\/p>\n<p>S\u00ec, s\u00ec, el Festival Cosqu\u00ecn est\u00e0 herido de muerte. Todos ellos van a tener que trabajar, digo van a tener, porque nosotros ya lo hemos intentado\u2026de hecho a nosotros a\u00f9n nos deben el cachet del a\u00f1o pasado cuando actuamos. A pesar de eso \u00ecbamos a ir a tocar igual en el caso que ellos pudiesen combinar las fechas. Pero cuando se politiza tanto todo, hay que tambi\u00e9n dejar paso a la parte privada, no todos los sponsors tienen que ser Canal 7, YPF, Banco Hipotecario, tenemos que buscar otros porque despu\u00e9s uno carga al Estado con todas las culpas y cuando queremos hacer algo decimos\u201cuh, que me sponsor\u00e8 el Estado\u201d. Y bueno, este famoso festival se viene haciendo as\u00ec hace a\u00f1os, en lo art\u00edstico est\u00e0 muerto, la cultura se politiza, el f\u00fatbol se politiza, si todos vamos por ese mismo lado siento que estamos perdidos, nos tenemos que poner las pilas para pensar un poco si tenemos ganas de trabajar. Ac\u00e0 la cuesti\u00f3n es que el Festival de Cosqu\u00ecn no es lo \u00fanico que hoy est\u00e0 complicado.<\/p>\n<p><a href=\"http:\/\/www.noticias1440.com.ar\/wp-content\/uploads\/2015\/03\/Kike-Teruel-Noticias1440-Foto-Prensa-S-Music-Marzo-2015-A005.jpg\"><img loading=\"lazy\" decoding=\"async\" class=\" size-medium wp-image-237 aligncenter\" src=\"http:\/\/www.noticias1440.com.ar\/wp-content\/uploads\/2015\/03\/Kike-Teruel-Noticias1440-Foto-Prensa-S-Music-Marzo-2015-A005-300x157.jpg\" alt=\"Kike Teruel (Noticias1440 Foto Prensa S-Music - Marzo 2015 A005)\" width=\"300\" height=\"157\" srcset=\"https:\/\/noticias1440.com.ar\/wp-content\/uploads\/2015\/03\/Kike-Teruel-Noticias1440-Foto-Prensa-S-Music-Marzo-2015-A005-300x157.jpg 300w, https:\/\/noticias1440.com.ar\/wp-content\/uploads\/2015\/03\/Kike-Teruel-Noticias1440-Foto-Prensa-S-Music-Marzo-2015-A005.jpg 578w\" sizes=\"auto, (max-width: 300px) 100vw, 300px\" \/><\/a><\/p>\n<p><strong>\u00bfA ra\u00edz de estos conceptos, avizor\u00e0s un cambio de signo pol\u00edtico en diciembre? <\/strong>\u00a0\u00a0\u00a0\u00a0\u00a0\u00a0\u00a0<\/p>\n<p>Es que tiene que haberlo, tiene que ocurrir, porque ya ninguno ac\u00e0 come vidrio. Esto te lo digo as\u00ec, hay que echarle la culpa al Estado de lo que tiene, pero n\u00f2 de todo, tenemos que cambiar. Los que no quieren salir a trabajar, tienen que hacerlo, o sea, no tenemos que vivir todos del Estado, los que trabajamos tenemos que hacer un mix, un poco el Estado que nos debe y lo que nosotros contribu\u00ecmos, pero otro poco la parte privada, para que entre todos apoyemos nuestro paso a la cultura, en otro caso el deporte, en otro caso la parte educativa, tenemos que trabajar todos. De los tres candidatos que figuran para ser potencialmente presidente en diciembre del 2015, ninguno va a seguir la pol\u00edtica que est\u00e0 ahora. Es una pol\u00edtica de muchos a\u00f1os que tiene una parte buena y otra parte mala, pero que seguro hay que cambiar.<\/p>\n<p><strong>Estuvieron con el grupo hace unos d\u00edas participando en\u201cDar la nota\u201d, el programa de Guido Kazka donde la gente participa cantando patrullada por una m\u00e0quina. \u00bfSent\u00ecs que la gente tiene la necesidad de cantar en tv en alg\u00fan momento?<\/strong><\/p>\n<p>Todas las personas que conozco quieren cantar. Parece que los Nocheros somos unos agradecidos a la vida por poder vivir de esto. Podemos cantar, despu\u00e9s vemos si podemos llegar, si pod\u00e8s grabar un disco, el programa de Guido Kazka est\u00e0 buen\u00edsimo, hay gente que cree que canta bien y cuando vos crees que cant\u00e0s bien, es porque cant\u00e0s bien. De ah\u00ec a que un jurado o una m\u00e0quina te diga que cant\u00e0s mal, es cuesti\u00f3n de afinaci\u00f3n, de t\u00e9cnica y de gusto, pero el que quiere cantar y lo hace con ganas, es porque canta bien. Me parece que ese programa est\u00e0 buen\u00edsimo porque la gente va y se saca las ganas, aparte est\u00e0s ah\u00ec y la pasas bien, la cuesti\u00f3n es esa, pasarla bien.<\/p>\n<p><strong>\u00bfC\u00f2mo es la agenda que contemplan ahora? \u00bfPiensan grabar algo nuevo? <\/strong><\/p>\n<p>N\u00f2, aparte tenemos mucho trabajo hasta junio y ah\u00ec nos tomaremos un parate, despu\u00e9s no s\u00e8, si sale alguna canci\u00f3n nueva, capaz, pero no tenemos nada pensado, lo que hablamos este a\u00f1o con los chicos es que disco nuevo este a\u00f1o no vamos a sacar. Te coment\u00e8 antes que el disco\u201cTr\u00eco\u201dque ahora presentamos los cuatro anda bastante bien, entonces ah\u00ec hay muchas canciones para seguir cantando y muchos shows. Despu\u00e8s hay que esperar, esto despu\u00e9s de mitad de a\u00f1o va a ser un quilombo, todos tenemos que ponernos a trabajar en lo que nos toca, pero hay que esperar que termine el a\u00f1o y pasen las elecciones. Si en ese lapso surge alg\u00fan tema nuevo, ya nos conoc\u00e8s, lo pondremos a conocimiento de la gente.<\/p>\n<p>&nbsp;<\/p>\n<p>&nbsp;<\/p>\n","protected":false},"excerpt":{"rendered":"<p>El reconocido m\u00fasico regres\u00f2 al grupo luego de un a\u00f1o abocado a cosas personales y en entrevista con Noticias1440 sostuvo que el Festival de Cosqu\u00ecn\u201cest\u00e0 herido de muerte\u201d.<\/p>\n","protected":false},"author":1,"featured_media":231,"comment_status":"closed","ping_status":"open","sticky":false,"template":"","format":"standard","meta":{"footnotes":""},"categories":[4],"tags":[],"class_list":["post-230","post","type-post","status-publish","format-standard","has-post-thumbnail","hentry","category-entrevistas"],"_links":{"self":[{"href":"https:\/\/noticias1440.com.ar\/index.php?rest_route=\/wp\/v2\/posts\/230","targetHints":{"allow":["GET"]}}],"collection":[{"href":"https:\/\/noticias1440.com.ar\/index.php?rest_route=\/wp\/v2\/posts"}],"about":[{"href":"https:\/\/noticias1440.com.ar\/index.php?rest_route=\/wp\/v2\/types\/post"}],"author":[{"embeddable":true,"href":"https:\/\/noticias1440.com.ar\/index.php?rest_route=\/wp\/v2\/users\/1"}],"replies":[{"embeddable":true,"href":"https:\/\/noticias1440.com.ar\/index.php?rest_route=%2Fwp%2Fv2%2Fcomments&post=230"}],"version-history":[{"count":1,"href":"https:\/\/noticias1440.com.ar\/index.php?rest_route=\/wp\/v2\/posts\/230\/revisions"}],"predecessor-version":[{"id":238,"href":"https:\/\/noticias1440.com.ar\/index.php?rest_route=\/wp\/v2\/posts\/230\/revisions\/238"}],"wp:featuredmedia":[{"embeddable":true,"href":"https:\/\/noticias1440.com.ar\/index.php?rest_route=\/wp\/v2\/media\/231"}],"wp:attachment":[{"href":"https:\/\/noticias1440.com.ar\/index.php?rest_route=%2Fwp%2Fv2%2Fmedia&parent=230"}],"wp:term":[{"taxonomy":"category","embeddable":true,"href":"https:\/\/noticias1440.com.ar\/index.php?rest_route=%2Fwp%2Fv2%2Fcategories&post=230"},{"taxonomy":"post_tag","embeddable":true,"href":"https:\/\/noticias1440.com.ar\/index.php?rest_route=%2Fwp%2Fv2%2Ftags&post=230"}],"curies":[{"name":"wp","href":"https:\/\/api.w.org\/{rel}","templated":true}]}}