{"id":1928,"date":"2025-03-23T23:46:47","date_gmt":"2025-03-23T23:46:47","guid":{"rendered":"https:\/\/noticias1440.com.ar\/?p=1928"},"modified":"2025-03-24T23:52:27","modified_gmt":"2025-03-24T23:52:27","slug":"nahuel-pennisi-mostro-su-gran-calidad-interpretativa-en-el-festival-palpitar-2025-convocante-espectaculo-realizado-en-el-centro-cultural-konex","status":"publish","type":"post","link":"https:\/\/noticias1440.com.ar\/?p=1928","title":{"rendered":"Nahuel Pennisi mostr\u00f3 su destacada calidad interpretativa en el \u201cFestival Palpitar 2025\u201d, cautivante espect\u00e1culo realizado en el Centro Cultural Konex"},"content":{"rendered":"<h2 style=\"text-align: center;\">En una presentaci\u00f3n que convoc\u00f3 1000 personas para este evento en el Abasto, el cantautor de Florencio Varela repas\u00f3 sus tres discos como solista sumando varios cl\u00e1sicos tel\u00faricos, jornada en la que tambi\u00e9n se presentaron previamente la solista Milena Salamanca y los \u201cCampedrinos\u201d.<\/h2>\n<p><!--more--><\/p>\n<p>&nbsp;<\/p>\n<p><a href=\"http:\/\/noticias1440.com.ar\/wp-content\/uploads\/2025\/03\/Fotos-Festival-Palpitar-2025-Foto-Lorena-Martinez-A006.jpg\"><img loading=\"lazy\" decoding=\"async\" class=\"wp-image-1935 aligncenter\" src=\"http:\/\/noticias1440.com.ar\/wp-content\/uploads\/2025\/03\/Fotos-Festival-Palpitar-2025-Foto-Lorena-Martinez-A006-300x149.jpg\" alt=\"\" width=\"902\" height=\"448\" srcset=\"https:\/\/noticias1440.com.ar\/wp-content\/uploads\/2025\/03\/Fotos-Festival-Palpitar-2025-Foto-Lorena-Martinez-A006-300x149.jpg 300w, https:\/\/noticias1440.com.ar\/wp-content\/uploads\/2025\/03\/Fotos-Festival-Palpitar-2025-Foto-Lorena-Martinez-A006-1024x509.jpg 1024w, https:\/\/noticias1440.com.ar\/wp-content\/uploads\/2025\/03\/Fotos-Festival-Palpitar-2025-Foto-Lorena-Martinez-A006-768x382.jpg 768w, https:\/\/noticias1440.com.ar\/wp-content\/uploads\/2025\/03\/Fotos-Festival-Palpitar-2025-Foto-Lorena-Martinez-A006.jpg 1198w\" sizes=\"auto, (max-width: 902px) 100vw, 902px\" \/><\/a><\/p>\n<p><a href=\"http:\/\/noticias1440.com.ar\/wp-content\/uploads\/2025\/03\/NOMBRE-PARA-SITIO-WEB-11.jpg\"><img loading=\"lazy\" decoding=\"async\" class=\"alignnone size-medium wp-image-1936\" src=\"http:\/\/noticias1440.com.ar\/wp-content\/uploads\/2025\/03\/NOMBRE-PARA-SITIO-WEB-11-300x61.jpg\" alt=\"\" width=\"300\" height=\"61\" srcset=\"https:\/\/noticias1440.com.ar\/wp-content\/uploads\/2025\/03\/NOMBRE-PARA-SITIO-WEB-11-300x61.jpg 300w, https:\/\/noticias1440.com.ar\/wp-content\/uploads\/2025\/03\/NOMBRE-PARA-SITIO-WEB-11.jpg 359w\" sizes=\"auto, (max-width: 300px) 100vw, 300px\" \/><\/a><\/p>\n<h2 style=\"text-align: center;\"><strong>(Capital Federal \u2013 Domingo 23 de Marzo de 2025)<\/strong> Ver a Nahuel Pennisi en vivo significa abrirse a un artista que construy\u00f3 su carrera desde el llano de la dificultad, sin permitirse nunca la circunstancia de ostentar victimizaci\u00f3n por su dur\u00edsimo inconveniente de salud desde el mismo momento en que naci\u00f3. Pero al mismo tiempo, este joven que creci\u00f3 y se convirti\u00f3 en un hombre de 34 a\u00f1os que hoy seduce a millones apenas acompa\u00f1ado con su guitarra, se las ingeni\u00f3 para superar esa ceguera causada por una microftalmia y descubrir que ten\u00eda no solo el don de cantar con much\u00edsima gracia y sensibilidad, sino la bendici\u00f3n de poder \u201cobservar\u201d esa gama de melod\u00edas que los dem\u00e1s no divisamos, un muy invisible sendero de bellos sonidos encajados entre s\u00ed con magia y delicada simpleza. Anoche, casi cuando Buenos Aires se preparaba para recibir una tormenta fronteriza entre un verano de duraci\u00f3n XXL y un oto\u00f1o que no muestra ganas de hacernos compa\u00f1\u00eda, subi\u00f3 al escenario del Konex Indoor para sacar conejos y estrellas de su guitarra, para mostrar que a la hora de construir las mejores canciones posibles, solo hace falta mucha paciencia, buenas ideas y genuina pasi\u00f3n por la m\u00fasica.<\/h2>\n<h2 style=\"text-align: center;\"><a href=\"http:\/\/noticias1440.com.ar\/wp-content\/uploads\/2025\/03\/Fotos-Festival-Palpitar-2025-Foto-Gabriel-Imparato-A003.jpg\"><img loading=\"lazy\" decoding=\"async\" class=\"wp-image-1932 aligncenter\" src=\"http:\/\/noticias1440.com.ar\/wp-content\/uploads\/2025\/03\/Fotos-Festival-Palpitar-2025-Foto-Gabriel-Imparato-A003-300x156.jpg\" alt=\"\" width=\"904\" height=\"470\" srcset=\"https:\/\/noticias1440.com.ar\/wp-content\/uploads\/2025\/03\/Fotos-Festival-Palpitar-2025-Foto-Gabriel-Imparato-A003-300x156.jpg 300w, https:\/\/noticias1440.com.ar\/wp-content\/uploads\/2025\/03\/Fotos-Festival-Palpitar-2025-Foto-Gabriel-Imparato-A003-1024x532.jpg 1024w, https:\/\/noticias1440.com.ar\/wp-content\/uploads\/2025\/03\/Fotos-Festival-Palpitar-2025-Foto-Gabriel-Imparato-A003-768x399.jpg 768w, https:\/\/noticias1440.com.ar\/wp-content\/uploads\/2025\/03\/Fotos-Festival-Palpitar-2025-Foto-Gabriel-Imparato-A003.jpg 1188w\" sizes=\"auto, (max-width: 904px) 100vw, 904px\" \/><\/a><\/h2>\n<h2 style=\"text-align: center;\">Encargado de cerrar la edici\u00f3n 2025 del \u201cFestival Palpitar\u201d en el centro cultural ubicado en la calle Sarmiento 3131, Nahuel Pennisi solo necesit\u00f3 en ese anochecer la compa\u00f1\u00eda de su guitarra para trasladar al numeroso p\u00fablico a esas actuaciones que deber\u00edan ocurrir de manera m\u00e1s frecuente, sin la parafernalia de muchos ejecutantes en escena y un dossier de efectos para darle pomposidad a sus temas. La gente reunida en el anfiteatro previamente hab\u00eda degustado el percutir r\u00edtmico de la cantante Milena Salamanca, una artista que supo bancarse el desaf\u00edo de abrir un festival de esta tem\u00e1tica tel\u00farica sin exponer fallas, dando al triple banquete un inicio apropiado con sus canciones. Traspas\u00f3 la posta luego de\u00a0 40 minutos a los \u201cCampedrinos\u201d, una muy din\u00e1mica dupla canora formada por Sergio Prada (Campana) y Agust\u00edn Fantilli (San Pedro), dos afiatados int\u00e9rpretes de 27 a\u00f1os que llegan a este destacado presente, tras comenzar de manera profesional hace un d\u00e9cada, cuando la fenomenolog\u00eda de los programas de tv buscando nuevas voces comenzaba a evidenciar un cierto desgaste estructural. Eran las 19:30 y el dueto vocal respaldado por un cuarteto de guitarra, bajo, acorde\u00f3n y bater\u00eda, supo que no pod\u00eda andarse con volteretas innecesarias para mostrar lo que saben hacer.<\/h2>\n<h2 style=\"text-align: center;\"><a href=\"http:\/\/noticias1440.com.ar\/wp-content\/uploads\/2025\/03\/Fotos-Festival-Palpitar-2025-Foto-Lorena-Martinez-A005.jpg\"><img loading=\"lazy\" decoding=\"async\" class=\"wp-image-1934 aligncenter\" src=\"http:\/\/noticias1440.com.ar\/wp-content\/uploads\/2025\/03\/Fotos-Festival-Palpitar-2025-Foto-Lorena-Martinez-A005-300x155.jpg\" alt=\"\" width=\"902\" height=\"466\" srcset=\"https:\/\/noticias1440.com.ar\/wp-content\/uploads\/2025\/03\/Fotos-Festival-Palpitar-2025-Foto-Lorena-Martinez-A005-300x155.jpg 300w, https:\/\/noticias1440.com.ar\/wp-content\/uploads\/2025\/03\/Fotos-Festival-Palpitar-2025-Foto-Lorena-Martinez-A005-1024x530.jpg 1024w, https:\/\/noticias1440.com.ar\/wp-content\/uploads\/2025\/03\/Fotos-Festival-Palpitar-2025-Foto-Lorena-Martinez-A005-768x398.jpg 768w, https:\/\/noticias1440.com.ar\/wp-content\/uploads\/2025\/03\/Fotos-Festival-Palpitar-2025-Foto-Lorena-Martinez-A005.jpg 1190w\" sizes=\"auto, (max-width: 902px) 100vw, 902px\" \/><\/a><\/h2>\n<h2 style=\"text-align: center;\">\u201cCampedrinos\u201d, nomenclatura que mancomuna dos localidades bonaerenses con enorme cantidad de incipientes artistas en la \u00faltima d\u00e9cada, profesa un estilo que halla ra\u00edces muy identificables en el ADN de \u201cLos Nocheros\u201d con ese folklore rom\u00e1ntico, pero sumando a esa estructura la picard\u00eda provincial, buenos empalmes vocales y enorme simpat\u00eda hacia la audiencia contagiando a los centenares de chicas que suspiran con insistente frecuencia en sus conciertos. Sergio Prada y Agust\u00edn Fantili acumularon un repertorio chequeado en sus conciertos que funciona impecable, donde sobresalen temas como \u201cBailarina Carpera\u201d, \u00a0\u201cNada tengo de ti\u201d, \u201cLlorar\u00e1n tus ojos\u201d, \u201cMujer ni\u00f1a y amiga\u201d, \u201cGallitos del aire\u201d y \u201cPor esas calles del amor\u201d, un espect\u00e1culo que sube de voltaje con \u201cLa revancha\u201d, \u201cJuan de la calle\u201d y \u201cSi estaba donde nac\u00ed lo que buscaba por ah\u00ed\u201d. El \u00e1gil show de los \u201csanpedrinos\u00a0acampanados\u201d suma tambi\u00e9n cl\u00e1sicos como \u201cLuna cautiva\u201d, \u201cLuna Tucumana\u201d y \u201cZamba de mi esperanza\u201d, para rematar un bloque muy cuidado con la contagiosa \u201cFestivalero\u201d y el perceptible perfume del Chaque\u00f1o Palavecino con \u201cEl dedo en la llaga\u201d, concierto que dej\u00f3 todo a temperatura apropiada para el espect\u00e1culo central.<\/h2>\n<h2 style=\"text-align: center;\"><a href=\"http:\/\/noticias1440.com.ar\/wp-content\/uploads\/2025\/03\/Fotos-Festival-Palpitar-2025-Foto-Lorena-Martinez-A004.jpg\"><img loading=\"lazy\" decoding=\"async\" class=\"wp-image-1933 aligncenter\" src=\"http:\/\/noticias1440.com.ar\/wp-content\/uploads\/2025\/03\/Fotos-Festival-Palpitar-2025-Foto-Lorena-Martinez-A004-300x155.jpg\" alt=\"\" width=\"906\" height=\"468\" srcset=\"https:\/\/noticias1440.com.ar\/wp-content\/uploads\/2025\/03\/Fotos-Festival-Palpitar-2025-Foto-Lorena-Martinez-A004-300x155.jpg 300w, https:\/\/noticias1440.com.ar\/wp-content\/uploads\/2025\/03\/Fotos-Festival-Palpitar-2025-Foto-Lorena-Martinez-A004-1024x529.jpg 1024w, https:\/\/noticias1440.com.ar\/wp-content\/uploads\/2025\/03\/Fotos-Festival-Palpitar-2025-Foto-Lorena-Martinez-A004-768x397.jpg 768w, https:\/\/noticias1440.com.ar\/wp-content\/uploads\/2025\/03\/Fotos-Festival-Palpitar-2025-Foto-Lorena-Martinez-A004.jpg 1186w\" sizes=\"auto, (max-width: 906px) 100vw, 906px\" \/><\/a><\/h2>\n<h2 style=\"text-align: center;\">A las 20:30 y con un anfiteatro que acusaba el calor de una t\u00f3rrida jornada sin piedad para el organismo, Nahuel Pennisi no se anduvo con vueltas y subi\u00f3 al escenario sabiendo que su set, algo m\u00e1s extenso que el de sus colegas, le permitir\u00eda crear otros climas a lo largo de setenta minutos para deleite del p\u00fablico reunido, en una noche con ese desbordante e inconfundible fervor que provoca la renovaci\u00f3n del folklore argento. La forma de tocar del artista oriundo de Florencio Varela merece much\u00edsima atenci\u00f3n, porque ya exist\u00edan otras figuras en el horizonte mundial con esta dificultad f\u00edsica, pero lo del m\u00fasico nacido en suelo bonaerense es una grata reinvenci\u00f3n de otros referentes. Aunque no profesa un inter\u00e9s demasiado concreto por el blues o rock, Nahuel coloca su guitarra electroac\u00fastica sobre sus piernas de la misma manera que lo hac\u00eda el recordado canadiense Jeff Healey, un brillante ejecutante que hab\u00eda sufrido de muy peque\u00f1o una retinoblastoma, enfermedad que lo oblig\u00f3 a emprender su carrera como ejecutante con esa inicial desventaja que poco despu\u00e9s revirti\u00f3 con su talento y sentimiento en las seis cuerdas. Pennisi, a diferencia del ya desaparecido violero de Canad\u00e1, toca su instrumento como performer zurdo, usando su mano derecha con distintas t\u00e9cnicas de tapping para construir acordes, sin olvidar que sus dedos se mueven como los autos de Indy Car para armar melod\u00edas implacables. Dejando a todas luces entender que su romance con el diapas\u00f3n funciona de memoria, aplica muchos y variados recursos de ejecuci\u00f3n, postura donde su mano izquierda no solo sabe calentar calderas con estrat\u00e9gicos rasguidos, sino armando paredes arm\u00f3nicas de gran eficiencia.<\/h2>\n<h2 style=\"text-align: center;\"><a href=\"http:\/\/noticias1440.com.ar\/wp-content\/uploads\/2025\/03\/Fotos-Festival-Palpitar-2025-Foto-Gabriel-Imparato-A001.jpg\"><img loading=\"lazy\" decoding=\"async\" class=\"wp-image-1930 aligncenter\" src=\"http:\/\/noticias1440.com.ar\/wp-content\/uploads\/2025\/03\/Fotos-Festival-Palpitar-2025-Foto-Gabriel-Imparato-A001-300x157.jpg\" alt=\"\" width=\"906\" height=\"474\" srcset=\"https:\/\/noticias1440.com.ar\/wp-content\/uploads\/2025\/03\/Fotos-Festival-Palpitar-2025-Foto-Gabriel-Imparato-A001-300x157.jpg 300w, https:\/\/noticias1440.com.ar\/wp-content\/uploads\/2025\/03\/Fotos-Festival-Palpitar-2025-Foto-Gabriel-Imparato-A001-1024x535.jpg 1024w, https:\/\/noticias1440.com.ar\/wp-content\/uploads\/2025\/03\/Fotos-Festival-Palpitar-2025-Foto-Gabriel-Imparato-A001-768x401.jpg 768w, https:\/\/noticias1440.com.ar\/wp-content\/uploads\/2025\/03\/Fotos-Festival-Palpitar-2025-Foto-Gabriel-Imparato-A001.jpg 1186w\" sizes=\"auto, (max-width: 906px) 100vw, 906px\" \/><\/a><\/h2>\n<h2 style=\"text-align: center;\">Nahuel sabe lo que es entretener a distintos p\u00fablicos, fruto de haber tocado como artista callejero en las peatonales de Lomas de Zamora, Quilmes y la mism\u00edsima calle Florida, pero su sentido m\u00e1s calibrado son sus o\u00eddos, capaces de detectar en el respetuoso silencio de sus oyentes, donde intercalar vol\u00famenes m\u00e1s delicados, aplicando metodolog\u00eda propia de un pedal de sustain, para jugar con las alturas de su voz abrazada a su guitarra \u00a0A los 34 a\u00f1os, con tres discos solistas (Primavera \u2013 Feliz \u2013 Renacer) y cuatro premios Gardel en sus estantes hogare\u00f1os, el m\u00fasico de la Provincia de Buenos Aires propuso un listado con subidas y bajadas r\u00edtmicas bien calculadas, provocando siempre ese clima c\u00f3mplice para generar sutiles atm\u00f3sferas o adrenal\u00ednicas guitarreadas poli-rubro, donde su voz vuela a voluntad recorriendo varias octavas como un biplano cantor con ajustada destreza. Dando a sus comensales sonoros la degustaci\u00f3n de un variado caleidoscopio de temas, el artista de melena tradicional sin raros peinados nueos o estramb\u00f3ticos cortes post-milenium va generando casi sin proponerlo, un v\u00ednculo invisible con una audiencia que valora all\u00ed cada segundo del joven sobre el proscenio armado en el barrio del Abasto.<\/h2>\n<h2 style=\"text-align: center;\"><a href=\"http:\/\/noticias1440.com.ar\/wp-content\/uploads\/2025\/03\/Fotos-Festival-Palpitar-2025-Foto-Gabriel-Imparato-A002.jpg\"><img loading=\"lazy\" decoding=\"async\" class=\"wp-image-1931 aligncenter\" src=\"http:\/\/noticias1440.com.ar\/wp-content\/uploads\/2025\/03\/Fotos-Festival-Palpitar-2025-Foto-Gabriel-Imparato-A002-300x151.jpg\" alt=\"\" width=\"908\" height=\"457\" srcset=\"https:\/\/noticias1440.com.ar\/wp-content\/uploads\/2025\/03\/Fotos-Festival-Palpitar-2025-Foto-Gabriel-Imparato-A002-300x151.jpg 300w, https:\/\/noticias1440.com.ar\/wp-content\/uploads\/2025\/03\/Fotos-Festival-Palpitar-2025-Foto-Gabriel-Imparato-A002-1024x515.jpg 1024w, https:\/\/noticias1440.com.ar\/wp-content\/uploads\/2025\/03\/Fotos-Festival-Palpitar-2025-Foto-Gabriel-Imparato-A002-768x387.jpg 768w, https:\/\/noticias1440.com.ar\/wp-content\/uploads\/2025\/03\/Fotos-Festival-Palpitar-2025-Foto-Gabriel-Imparato-A002.jpg 1194w\" sizes=\"auto, (max-width: 908px) 100vw, 908px\" \/><\/a><\/h2>\n<h2 style=\"text-align: center;\">El concierto arranc\u00f3 con \u201cSoy Juan del monte\u201d, \u201cAbrojito\u201d, \u201cHoy\u201d y \u201cPor segunda vez\u201d, estacada que fue explicando entre canci\u00f3n y canci\u00f3n, pendiente de la respuesta de todos sus seguidores en esa emotiva performance. El show gan\u00f3 en variaci\u00f3n con \u201cCoraz\u00f3n santiague\u00f1o\u201d, \u201cEl d\u00eda muere en la noche\u201d, \u201cHacia el coraz\u00f3n del vino\u201d y \u201cToco y me voy\u201d, pero decidi\u00f3 poner retro-cohetes para entonar \u201cSerenata a Cafayate\u201d, mientras gran parte del p\u00fablico sum\u00f3 voluntariosos coros en medio del calor reinante. La ajustada faena del varelense\u00a0 concluy\u00f3 con \u201cDesv\u00edo\u201d, \u201cEterno Amor\u201d, \u201cEl humahuaque\u00f1o\u201d, \u201cHoy\u201d, la en\u00e9rgica \u201cMundo\u201dy su inmaculado hit pop-folk \u201cUniverso Paralelo\u201d, que provoc\u00f3 al final la mayor ovaci\u00f3n de su recital. Lejos de comportarse como un divo oper\u00edstico qued\u00e1ndose con el cierre global del evento, Nahuel Pennisi de inmediato llam\u00f3 al escenario a Milena Salamanca y los \u201cCampedrinos\u201d, para clausurar de una manera coral una acertada trilog\u00eda folkl\u00f3rica en un espacio destacado lejos del microcentro. Ya en un previsible pla\u00f1 \u201cWe are the World\u201d con guitarras y bombo,\u00a0 los artistas sobre escena regalaron versiones muy entretenidas de \u201cZamba para olvidar\u201d, \u201cAl jard\u00edn de la republica\u201d y \u201cDejame que me vaya\u201d. Pcoos minutos despu\u00e9s de las 22, la gente dej\u00f3 el lugar bastante sorprendida por la humedad del suelo, tras un chaparr\u00f3n que presagiaba una tormenta muy fuerte durante la noche, luego de haber disfrutado una variada propuesta sonora, esa \u00a0que justificaba resistir al calor y escuchar casi sin distracciones temas que est\u00e1n en el alma y coraz\u00f3n de muchos oyentes.<\/h2>\n<p>&nbsp;<\/p>\n<h2><em><strong><span style=\"color: #0000ff;\">Prensa \u00abFestival Palpitar 2025\u00bb y Foto lateral:<\/span> <span style=\"color: #003300;\">Prensa Lorena Mart\u00ednez<\/span> \/\/ Fotos Shows \u00abFestival Palpitar 2025\u00bb (frontales) : <span style=\"color: #800080;\">Gabriel Imparato<\/span> para <span style=\"color: #ff0000;\">\u00abTormato Visual Studios\u00bb (2025)\u00a0<\/span><\/strong><\/em><\/h2>\n<p>&nbsp;<\/p>\n<p>&nbsp;<\/p>\n<h2 style=\"text-align: center;\"><\/h2>\n<h2 style=\"text-align: center;\"><\/h2>\n<h2 style=\"text-align: center;\"><\/h2>\n","protected":false},"excerpt":{"rendered":"<p>En una presentaci\u00f3n que convoc\u00f3 1000 personas para este evento en el Abasto, el cantautor de Florencio Varela repas\u00f3 sus tres discos como solista sumando varios cl\u00e1sicos tel\u00faricos, jornada en la que tambi\u00e9n se presentaron previamente la solista Milena Salamanca y los \u201cCampedrinos\u201d.<\/p>\n","protected":false},"author":1,"featured_media":1935,"comment_status":"closed","ping_status":"open","sticky":false,"template":"","format":"standard","meta":{"footnotes":""},"categories":[3,7],"tags":[],"class_list":["post-1928","post","type-post","status-publish","format-standard","has-post-thumbnail","hentry","category-actualidad","category-shows"],"_links":{"self":[{"href":"https:\/\/noticias1440.com.ar\/index.php?rest_route=\/wp\/v2\/posts\/1928","targetHints":{"allow":["GET"]}}],"collection":[{"href":"https:\/\/noticias1440.com.ar\/index.php?rest_route=\/wp\/v2\/posts"}],"about":[{"href":"https:\/\/noticias1440.com.ar\/index.php?rest_route=\/wp\/v2\/types\/post"}],"author":[{"embeddable":true,"href":"https:\/\/noticias1440.com.ar\/index.php?rest_route=\/wp\/v2\/users\/1"}],"replies":[{"embeddable":true,"href":"https:\/\/noticias1440.com.ar\/index.php?rest_route=%2Fwp%2Fv2%2Fcomments&post=1928"}],"version-history":[{"count":5,"href":"https:\/\/noticias1440.com.ar\/index.php?rest_route=\/wp\/v2\/posts\/1928\/revisions"}],"predecessor-version":[{"id":1940,"href":"https:\/\/noticias1440.com.ar\/index.php?rest_route=\/wp\/v2\/posts\/1928\/revisions\/1940"}],"wp:featuredmedia":[{"embeddable":true,"href":"https:\/\/noticias1440.com.ar\/index.php?rest_route=\/wp\/v2\/media\/1935"}],"wp:attachment":[{"href":"https:\/\/noticias1440.com.ar\/index.php?rest_route=%2Fwp%2Fv2%2Fmedia&parent=1928"}],"wp:term":[{"taxonomy":"category","embeddable":true,"href":"https:\/\/noticias1440.com.ar\/index.php?rest_route=%2Fwp%2Fv2%2Fcategories&post=1928"},{"taxonomy":"post_tag","embeddable":true,"href":"https:\/\/noticias1440.com.ar\/index.php?rest_route=%2Fwp%2Fv2%2Ftags&post=1928"}],"curies":[{"name":"wp","href":"https:\/\/api.w.org\/{rel}","templated":true}]}}