{"id":185,"date":"2015-03-15T01:37:19","date_gmt":"2015-03-15T01:37:19","guid":{"rendered":"http:\/\/www.noticias1440.com.ar\/?p=185"},"modified":"2015-03-17T01:07:30","modified_gmt":"2015-03-17T01:07:30","slug":"pablo-alboran-soy-alguien-muy-sensible-y-especial-todo-me-afecta","status":"publish","type":"post","link":"https:\/\/noticias1440.com.ar\/?p=185","title":{"rendered":"Pablo Albor\u00e0n: \u201cSoy alguien muy sensible y especial, todo me importa y afecta\u201d"},"content":{"rendered":"<p>El pr\u00f3ximo s\u00e1bado actuar\u00e0 ante ocho mil fans en el Luna Park, pero antes del concierto m\u00e0s grande aqu\u00ed en Argentina, habl\u00f2 a solas con <strong>Noticias1440<\/strong> para confesar lo que vive en el tiempo m\u00e0s importante de toda su carrera.<\/p>\n<p><!--more--><\/p>\n<p><a href=\"http:\/\/www.noticias1440.com.ar\/wp-content\/uploads\/2015\/03\/Pablo-Alboran-Noticias-1440-15-Marzo-2015-A06.jpg\"><img loading=\"lazy\" decoding=\"async\" class=\" size-medium wp-image-186 aligncenter\" src=\"http:\/\/www.noticias1440.com.ar\/wp-content\/uploads\/2015\/03\/Pablo-Alboran-Noticias-1440-15-Marzo-2015-A06-300x172.jpg\" alt=\"Pablo Alboran (Noticias 1440 - 15 Marzo 2015 A06)\" width=\"300\" height=\"172\" srcset=\"https:\/\/noticias1440.com.ar\/wp-content\/uploads\/2015\/03\/Pablo-Alboran-Noticias-1440-15-Marzo-2015-A06-300x172.jpg 300w, https:\/\/noticias1440.com.ar\/wp-content\/uploads\/2015\/03\/Pablo-Alboran-Noticias-1440-15-Marzo-2015-A06-220x126.jpg 220w, https:\/\/noticias1440.com.ar\/wp-content\/uploads\/2015\/03\/Pablo-Alboran-Noticias-1440-15-Marzo-2015-A06.jpg 437w\" sizes=\"auto, (max-width: 300px) 100vw, 300px\" \/><\/a><\/p>\n<p><strong>Por Impareitor Network<\/strong><\/p>\n<p><strong>(Capital Federal\u2013S\u00e0bado 14 de Marzo de 2015) <\/strong>Este pr\u00f2ximo s\u00e1bado el joven m\u00fasico <strong>Pablo Albo<\/strong>r\u00e0n presentar\u00e0 oficialmente<strong>\u201cTerral\u201d,<\/strong> probablemente el trabajo m\u00e0s logrado de toda su carrera, un logrado disco que recorrer\u00e0 en una extensa performance prevista en el estadio Luna Park de Buenos Aires. Ubicado casi de inc\u00f2gnito en el mismo hotel donde realiz\u00f2 la mayor\u00eda de las notas cada vez que visit\u00f2 Argentina, el m\u00fasico espa\u00f1ol habl\u00f2 a solas con <strong>Noticias1440<\/strong> de su \u00faltimo disco, las cosas que vive en sus ratos libres y c\u00f2mo lo tom\u00f2 la enorme repercusi\u00f3n mundial de un \u00e1lbum destinado a la conquista definitiva de aquellos oyentes que siempre oyeron de su obra y no se animaron a tomar un contacto m\u00e0s \u00ecntimo.<\/p>\n<p><strong>Uno percibe en esta circunstancia con un \u00e1lbum que parece haber encontrado un fuerte sincronismo entre tus canciones y la respuesta que provoca en toda la gente.<\/strong><\/p>\n<p>Realmente este es un disco hecho con mucho amor, con la intenci\u00f2n de que sea un disco lo m\u00e0s honesto posible, con un audio realmente muy cuidado, que sientas al escucharlo que te est\u00e0 cantando a t\u00ec. El disco postula un concepto de producci\u00f2n, donde lo b\u00e1sico en este caso alude a que\u201cmenos es m\u00e0s\u201d. Todos est\u00e1n muy entusiasmados y consustanciados con este objetivo, me junt\u00e8 con un equipo de personas a las cuales no les hiciese ruido o inconveniente asumir desaf\u00edos intensos, que no tuviesen temor de mezclar influencias en lo musical y eso se percibe absolutamente.<\/p>\n<p><a href=\"http:\/\/www.noticias1440.com.ar\/wp-content\/uploads\/2015\/03\/Pablo-Alboran-Noticias-1440-15-Marzo-2015-A02.jpg\"><img loading=\"lazy\" decoding=\"async\" class=\" size-medium wp-image-189 aligncenter\" src=\"http:\/\/www.noticias1440.com.ar\/wp-content\/uploads\/2015\/03\/Pablo-Alboran-Noticias-1440-15-Marzo-2015-A02-300x199.jpg\" alt=\"Pablo Alboran (Noticias 1440 - 15 Marzo 2015 A02)\" width=\"300\" height=\"199\" srcset=\"https:\/\/noticias1440.com.ar\/wp-content\/uploads\/2015\/03\/Pablo-Alboran-Noticias-1440-15-Marzo-2015-A02-300x199.jpg 300w, https:\/\/noticias1440.com.ar\/wp-content\/uploads\/2015\/03\/Pablo-Alboran-Noticias-1440-15-Marzo-2015-A02.jpg 485w\" sizes=\"auto, (max-width: 300px) 100vw, 300px\" \/><\/a><\/p>\n<p><strong>Desde presenciar las tomas con tu baterista hasta dedicarte entero a generar las tomas de referencia en piano o guitarra, est\u00e0s enchufado con cada etapa del disco.<\/strong><\/p>\n<p>Es verdad, fu\u00ec a escuchar cuando Sterling grab\u00f2 las partes de bater\u00eca, Aaron no pod\u00eda creer que fuese a escuchar lo que \u00e8l grabar\u00eca, por lo general ellos trabajan para discos en lo que el artista no se interesa de esas cosas, en cambio para m\u00ec era decisivio tener una relaci\u00f3n intensa con cada uno de los que har\u00edan este \u00e1lbum. Son tan buenos los m\u00fasicos que tocan aqu\u00ed, que cada uno de ellos deber\u00eda tener su propio \u00e1lbum solista, est\u00e1bamos escuchando lo que Aaron tocaba y cuando termin\u00f2 sus partes me dijo\u201ctus canciones son de un color que no existe\u201d, eso encajaba con su an\u00e1lisis, pues nos enteramos que Aaron ve a las canciones como colores. En cuanto a las tomas de referencia, fue muy raro tener en este disco que tocar piano y guitarra, no sabia sin esas tomas quedar\u00ecan en el trabajo y lo m\u00e0s sorpresivo fue que todas finalmente quedaron, hay referencias de mis partes que han quedado para guiar y acompa\u00f1ar las que tocaron los dem\u00e1s, Erir Rosse me convenci\u00f2 que en el \u00e1lbum deber\u00edan quedar mis tomas con todo el groove y estilo que tengo para tocar. \u00a0\u00a0\u00a0\u00a0\u00a0<\/p>\n<p><strong>\u00bfC\u00f2mo definiste las canciones que realmente te representan en este tiempo?<\/strong><\/p>\n<p>Estuve varios d\u00edas analizando con el presidente de Warner Music y empezamos a ver las cosas que pod\u00edan conformar el repertorio, la verdad en ese momento fue que decidimos hacer todo lo que ten\u00eda preparado, grabarlo casi todo y despu\u00e9s ver si nos qued\u00e1bamos con la totalidad de lo registrado. Hubo unas seis o siete canciones que no entraron, por una cuesti\u00f3n de l\u00f3gica, porque buscamos que el engranaje entre los temas que s\u00ec hab\u00edan quedado fuera elocuente y sin vacilaciones. Pod\u00eca haber cedido a la tentaci\u00f3n y colocar dentro alguna que exclu\u00ecmos, de tono cl\u00e1sico, pero al insertarla con las dem\u00e1s hubiese chirriado un poco la mezcla, tambi\u00e9n hab\u00eda otras que ped\u00ecan ciertos arreglos, si ellos se daban naturalmente quedaban, comprobamos que las que finalmente est\u00e1n guardan una gran relaci\u00f3n entre s\u00ec.\u00a0\u00a0<\/p>\n<p><a href=\"http:\/\/www.noticias1440.com.ar\/wp-content\/uploads\/2015\/03\/Pablo-Alboran-Noticias-1440-15-Marzo-2015-A03.jpg\"><img loading=\"lazy\" decoding=\"async\" class=\" size-medium wp-image-190 aligncenter\" src=\"http:\/\/www.noticias1440.com.ar\/wp-content\/uploads\/2015\/03\/Pablo-Alboran-Noticias-1440-15-Marzo-2015-A03-300x198.jpg\" alt=\"Pablo Alboran (Noticias 1440 - 15 Marzo 2015 A03)\" width=\"300\" height=\"198\" srcset=\"https:\/\/noticias1440.com.ar\/wp-content\/uploads\/2015\/03\/Pablo-Alboran-Noticias-1440-15-Marzo-2015-A03-300x198.jpg 300w, https:\/\/noticias1440.com.ar\/wp-content\/uploads\/2015\/03\/Pablo-Alboran-Noticias-1440-15-Marzo-2015-A03.jpg 445w\" sizes=\"auto, (max-width: 300px) 100vw, 300px\" \/><\/a><\/p>\n<p><strong>El \u00e0lbum se\u00f1alabas que apunta a un concepto integral donde\u201cmenos es m\u00e0s\u201d<\/strong><\/p>\n<p>La grandilocuencia verdaderamente en los discos no rinde. En mis anteriores \u00e1lbumes hab\u00eda alg\u00fan que otro tema con mucha sobreproducci\u00f3n, pero en este disco necesitaba desnudar absolutamente mi m\u00fasica, son canciones en donde no existe parafernalia sonora pero los instrumentos que all\u00ec aparecen tienen que sonar tocados a m\u00e0s no poder. En cada tema los m\u00fasicos\u201cdejaban la piel\u201dy se emocionaban, la idea era que sintieran que lo que se est\u00e0 tocando era lo que se ten\u00eca que tocar, que nada all\u00ec est\u00e8 de m\u00e0s y que al mismo tiempo nada est\u00e8 de menos.<\/p>\n<p><strong>Ricky Martin participa con vos en\u201cQuimera\u201dpero en el documental que incluiste en un dvd con el \u00e1lbum, solo aparece su voz y no delante de c\u00e1maras explic\u00e1ndolo.<\/strong><\/p>\n<p>S\u00ec, es verdad, pero Ricky quer\u00eca aparecer en pantalla, hubo una entrevista que hizo pero al final se puso su voz en off, porque era m\u00e0s interesante lo que suced\u00eca all\u00ec adentro del estudio cuando hicimos la grabaci\u00f3n, que la t\u00ecpica toma con \u00e8l sentado en un sof\u00e0, eso es algo que ves en todos los EPK. En realidad quer\u00ecamos mostrar esa enorme magia que se estaba viviendo en el estudio, destacar el compa\u00f1erismo, la relaci\u00f3n, el buen rollo que en ese momento hab\u00eda con Eric, era la primera vez que Ricky trabajaba con Erik Rosse. Todo en la canci\u00f3n qued\u00f2 espectacular y nos re\u00ecmos much\u00edsimo, si prest\u00e0s atenci\u00f3n se oyen los gritos de festejos despu\u00e8s que grabamos\u201cQuimera\u201dy la verdad que Ricky la pas\u00f2 muy bien, eso fue una fiesta.<\/p>\n<p><a href=\"http:\/\/www.noticias1440.com.ar\/wp-content\/uploads\/2015\/03\/Pablo-Alboran-Noticias-1440-15-Marzo-2015-A04.jpg\"><img loading=\"lazy\" decoding=\"async\" class=\" size-medium wp-image-191 aligncenter\" src=\"http:\/\/www.noticias1440.com.ar\/wp-content\/uploads\/2015\/03\/Pablo-Alboran-Noticias-1440-15-Marzo-2015-A04-300x199.jpg\" alt=\"Pablo Alboran (Noticias 1440 - 15 Marzo 2015 A04)\" width=\"300\" height=\"199\" srcset=\"https:\/\/noticias1440.com.ar\/wp-content\/uploads\/2015\/03\/Pablo-Alboran-Noticias-1440-15-Marzo-2015-A04-300x199.jpg 300w, https:\/\/noticias1440.com.ar\/wp-content\/uploads\/2015\/03\/Pablo-Alboran-Noticias-1440-15-Marzo-2015-A04.jpg 449w\" sizes=\"auto, (max-width: 300px) 100vw, 300px\" \/><\/a><\/p>\n<p><strong>\u00bfQu\u00e8 te sorprendi\u00f3 de Eric Rosse produciendo\u201cTerral\u201d?<\/strong><\/p>\n<p>Bueno, \u00e8l vino a verme a Las Vegas en la entrega de los Premios Grammy, eso result\u00f2 en realidad una sorpresa enorme, \u00e8l ah\u00ec delante de los medios y mis colegas dijo delante de todos\u201ceste es el disco que m\u00e0s me ha gustado hacer, donde m\u00e0s me he sentido realizado en esta tarea que me ha tocado hacer\u201d. Yo no s\u00e8 realmente si le d\u00ec a su calificada labor un protagonismo especial, pero te juro honestamente que hubo mucha magia, Eric Rosse se sinti\u00f3 realmente c\u00f3modo y yo tambi\u00e9n, con los m\u00fasicos y todos los t\u00e8cnicos, era como que todo el engranaje era perfecto. Hab\u00eda una simbiosis entre todos, hab\u00eda mucha calma para hacer los temas, escuch\u00e1bamos las canciones y dec\u00edamos \u201cvamos a ir por ah\u00ed, probemos esto\u201dy se percib\u00eca el relax que nos inundaba. Ambos nos qued\u00e1bamos hasta las 5 de la ma\u00f1ana, ya sin las presiones de estar pensando en la fecha que hab\u00eda que entregarlo, o que yo en un momento lo viera y dijese\u201cson las 3AM, este tipo tiene que irse a dormir\u201d o que \u00e8l en su caso pensara que estar\u00eda cansado para cantar, no hab\u00eda nada de eso. Siento que se daba entre nosotros como un entusiasmo casi adolescente, hab\u00eda all\u00ec una atm\u00f2sfera donde se descomprimi\u00f3 todo eso.<\/p>\n<p><strong>El entusiasmo te acompa\u00f1a perceptiblemente desde que iniciaste la promoci\u00f3n.<\/strong><\/p>\n<p>Estoy con m\u00e0s\u201cdulce de leche\u201d, estoy muy seguro que en este disco he dejado casi la piel, escucho el disco y no hay nada que me desvirtue, escucho el disco y digo \u201csoy yo, soy yo musicalmente\u201d, a nivel arreglos, voces, producci\u00f3n, incluso si te fij\u00e0s hay cosas que no est\u00e1n perfectas. Pero la m\u00fasica no es perfecta, el sonido tampoco, la voz humana no es perfecta, ac\u00e0 es todo en estado real, he cumplido con el objetivo que era ser real en este disco.<\/p>\n<p><a href=\"http:\/\/www.noticias1440.com.ar\/wp-content\/uploads\/2015\/03\/Pablo-Albor\u00e0n-Caesar-Park-Hotel-Noviembre-2014-A001.jpg\"><img loading=\"lazy\" decoding=\"async\" class=\" size-medium wp-image-194 aligncenter\" src=\"http:\/\/www.noticias1440.com.ar\/wp-content\/uploads\/2015\/03\/Pablo-Albor\u00e0n-Caesar-Park-Hotel-Noviembre-2014-A001-183x300.jpg\" alt=\"Pablo Albor\u00e0n (Caesar Park Hotel - Noviembre 2014 A001)\" width=\"183\" height=\"300\" srcset=\"https:\/\/noticias1440.com.ar\/wp-content\/uploads\/2015\/03\/Pablo-Albor\u00e0n-Caesar-Park-Hotel-Noviembre-2014-A001-183x300.jpg 183w, https:\/\/noticias1440.com.ar\/wp-content\/uploads\/2015\/03\/Pablo-Albor\u00e0n-Caesar-Park-Hotel-Noviembre-2014-A001.jpg 193w\" sizes=\"auto, (max-width: 183px) 100vw, 183px\" \/><\/a><\/p>\n<p><strong>\u00bfEstas preparado para todo lo que este disco est\u00e0 provocando a nivel mundial?<\/strong><\/p>\n<p>S\u00ec, pero no me la quiero creer, nada de\u201cchampagne y el podio\u201d,prefiero el\u201cdulce de leche\u201d y la tierra, que es el mejor lugar en donde se est\u00e0. Pero es verdad que se est\u00e1n abriendo un mont\u00f2n de puertas, ese para m\u00ec es el \u00e9xito, que se abran puertas con lo que estoy haciendo con mi m\u00fasica, la oportunidad de hacer el Luna Park aqu\u00ed en Buenos Aires. Por primera vez lo v\u00ec estando de promo, las entradas estaban volando, adem\u00e1s vamos a hacer una gira en lugares donde nunca he estado. Conseguimos el n\u00famero 1 en\u201cLatin Bilboard\u201den los Estados Unidos, empezar a encontrar un poco todas esas cosas que estaba anhelando, este es un disco de equipo, lo s\u00e8 sin ninguna duda. Es un \u00e1lbum creado para que cuando toda la gente lo escuche se sienta parte de este disco. Esta parte muy intensa de m\u00ec, en todo lo que pod\u00e8s escuchar, como las letras, en algunos momentos de estas canciones he llorado, o me he muerto de la risa, no quiero quitar eso. Tengo la curiosidad de ver que pasa, yo estoy preparado ahora para disfrutar.<\/p>\n<p><strong>\u00bfEs complicado reinventar la escritura musical actual para hablarle al amor?<\/strong><\/p>\n<p>Tampoco me he preguntado qu\u00e8 es lo que tenia que hacer, creo que esa ha sido la clave, aqu\u00ed nadie se ha preguntado lo que ten\u00eda que hacer, son canciones muy v\u00ecvidas tambi\u00e9n, son temas donde he tenido mucho tiempo para preparar las letras. Busqu\u00e8 que las cosas no tuvieran demasiada historia en contar lo que estaba sucediendo, hab\u00eda tiempo para ver lo que quer\u00eca decir y no complicarlo en el armado del tema. \u201cLa escalera\u201dcuenta todo en la canci\u00f2n desde una mirada muy cinematogr\u00e0fica, son cosas sacadas de mis entra\u00f1as, no me ha ocurrido estar en un momento y expresar\u201cqu\u00e8 tengo que decir en este momento?\u201d, no fue ponerme a pensar como reinventarme con los temas sino agarrar el l\u00e0piz y entrar en trance con el tema de una buena vez.<\/p>\n<p><strong>En el EPK del \u00e1lbum aparec\u00e8s cocinando, haciendo ejercicio y entrenando como si fueras\u00bbRocky Balboa\u00bben la primera de sus seis pel\u00edculas. Suena bastante divertido. <\/strong><\/p>\n<p>(risas)En Los Angeles mostr\u00e8 como era la rutina de trabajar este disco, estaba solo en un departamento y me cocinaba, me hac\u00eca los\u201chotcakes\u201d,estaba ah\u00ec como con unos diez kilos m\u00e0s, con la barba muy crecida y eso qued\u00f3 en el documental para mostrar todo lo que all\u00ec me estaba pasando all\u00ec. Me levantaba muy temprano, tal vez por el efecto del jet-lag, n\u00f2?, en ese lugar empec\u00e9 a hacer yoga y estiramientos que nunca los hab\u00eca hecho, aquello ah\u00ec me ven\u00eca muy bien, no me descuidaba, me com\u00eca mi tortilla de huevos con jam\u00f2n y tomate, quer\u00eca que saliera eso y me pareci\u00f2 interesante que el equipo de filmaci\u00f3n lo mostrara.<\/p>\n<p><a href=\"http:\/\/www.noticias1440.com.ar\/wp-content\/uploads\/2015\/03\/Pablo-Alboran-Noticias-1440-15-Marzo-2015-A00.jpg\"><img loading=\"lazy\" decoding=\"async\" class=\" size-medium wp-image-195 aligncenter\" src=\"http:\/\/www.noticias1440.com.ar\/wp-content\/uploads\/2015\/03\/Pablo-Alboran-Noticias-1440-15-Marzo-2015-A00-300x236.jpg\" alt=\"Pablo Alboran (Noticias 1440 - 15 Marzo 2015 A00)\" width=\"300\" height=\"236\" srcset=\"https:\/\/noticias1440.com.ar\/wp-content\/uploads\/2015\/03\/Pablo-Alboran-Noticias-1440-15-Marzo-2015-A00-300x236.jpg 300w, https:\/\/noticias1440.com.ar\/wp-content\/uploads\/2015\/03\/Pablo-Alboran-Noticias-1440-15-Marzo-2015-A00.jpg 443w\" sizes=\"auto, (max-width: 300px) 100vw, 300px\" \/><\/a><\/p>\n<p><strong>En ese documental aparec\u00e8s mirando desde tu departamento el horizonte, totalmente pensativo y concentrado. \u00bfHoy m\u00e0s sereno por d\u00f2nde pasan tus ideas?<\/strong><\/p>\n<p>Yo soy muy sensible, soy alguien muy sensible y muy pasional, todo me importa, todo me afecta y utilizo mucho la empat\u00eca con los dem\u00e1s, porque me gusta que lo hagan conmigo mucho, Me gusta vivir sabore\u00e0ndolo todo, para m\u00ec todo es como un\u201cmatrix\u201d, disfruto cada una de las partes que componen la situaci\u00f3n, vivo siempre al cien por cien absolutamente todo lo que hago, por lo menos lo intento. Entonces a la hora de componer y vivir tantas emociones como las que vivo, con toda esta carrera, cuando llego a mi casa y estoy en silencio explota todo. Entonces autom\u00e1ticamente me pongo a escribir todo lo que me sucede, es como un cuadro abstracto, hay veces que ni se entiende, hay veces que la gente escucha las canciones y dice\u201cqu\u00e8 carajo me quieres contar?\u201d, me da igual, yo s\u00e8 lo que quiero contar. Est\u00e0n mis inquietudes, las relaciones, lo que me cuentan, lo que veo en la calle, lo que est\u00e0 pasando en mi pa\u00eds, lo que le sucede a gente de mi edad, esas cosas terminan armando un todo, es mi manera de comunicarme a trav\u00e8s de las canciones.<\/p>\n<p><strong>\u00bfC\u00f2mo acomod\u00e0s esta realidad con los sue\u00f1os que ten\u00ecas en tus comienzos?<\/strong><\/p>\n<p>Verdaderamente es un sue\u00f1o todo este momento que estoy viviendo con\u201cTerral\u201d, pero he vuelto a la ilusi\u00f3n de cuando ten\u00eda 16 a\u00f1os y daba mis conciertos, he vuelto a todas esas emociones nuevas, a ponerme nervioso y tenerle respeto absolutamente a todos los pasos que se dan, desde una entrevista peque\u00f1a hasta la m\u00e0s grande que se da, o esos encuentros con los fans,n\u00f2?, Por otro lado ayer v\u00ec im\u00e1genes de la primera vez que vine a presentarme en Argentina, v\u00ec la foto que sacaron en el aeropuerto con diez personas y tambi\u00e9n v\u00ec la de anteayer que es muy fuerte, es algo espectacular, ah\u00ec de repente se te encoge el alma y el pecho se te comprime. An\u00e1liz\u00e0ndolo te das cuenta que he tenido mucha suerte, con mucha gente que ha estado conmigo, por otro lado el trabajo que hemos hecho todos, todas las coss que han pasado en los \u00f9ltimos cuatro a\u00f1os, es un trabajo grupal. Yo soy el que est\u00e0 delante de las c\u00e1maras, pero todos transpiramos para lograr lo que se alcanz\u00f2 hasta ahora, sent\u00ec en su momento que EMI era una familia por suerte para m\u00ec y con Warner tambi\u00e9n me est\u00e0 pasando lo mismo ahora, hay un equipo que se entrega y trabaja cada d\u00eca sin parar para conseguir todas estas cosas. Ellos saben bien que tienen un\u201cpiloto\u201dque va a pisar fuerte el acelerador para que suceda, lo que tenga que pasar, pero sin estrellar ese \u201cveh\u00edculo\u201dmusical.\u00a0\u00a0\u00a0\u00a0\u00a0\u00a0\u00a0\u00a0 \u00a0\u00a0\u00a0\u00a0\u00a0\u00a0\u00a0\u00a0\u00a0\u00a0\u00a0\u00a0\u00a0\u00a0\u00a0\u00a0\u00a0<\/p>\n<p>&nbsp;<\/p>\n","protected":false},"excerpt":{"rendered":"<p>El pr\u00f3ximo s\u00e1bado actuar\u00e0 ante ocho mil fans en el Luna Park, pero antes del concierto m\u00e0s grande aqu\u00ed en Argentina, habl\u00f2 a solas con Noticias1440 para confesar lo que vive en el tiempo m\u00e0s importante de toda su carrera.<\/p>\n","protected":false},"author":1,"featured_media":186,"comment_status":"closed","ping_status":"open","sticky":false,"template":"","format":"standard","meta":{"footnotes":""},"categories":[4],"tags":[],"class_list":["post-185","post","type-post","status-publish","format-standard","has-post-thumbnail","hentry","category-entrevistas"],"_links":{"self":[{"href":"https:\/\/noticias1440.com.ar\/index.php?rest_route=\/wp\/v2\/posts\/185","targetHints":{"allow":["GET"]}}],"collection":[{"href":"https:\/\/noticias1440.com.ar\/index.php?rest_route=\/wp\/v2\/posts"}],"about":[{"href":"https:\/\/noticias1440.com.ar\/index.php?rest_route=\/wp\/v2\/types\/post"}],"author":[{"embeddable":true,"href":"https:\/\/noticias1440.com.ar\/index.php?rest_route=\/wp\/v2\/users\/1"}],"replies":[{"embeddable":true,"href":"https:\/\/noticias1440.com.ar\/index.php?rest_route=%2Fwp%2Fv2%2Fcomments&post=185"}],"version-history":[{"count":6,"href":"https:\/\/noticias1440.com.ar\/index.php?rest_route=\/wp\/v2\/posts\/185\/revisions"}],"predecessor-version":[{"id":224,"href":"https:\/\/noticias1440.com.ar\/index.php?rest_route=\/wp\/v2\/posts\/185\/revisions\/224"}],"wp:featuredmedia":[{"embeddable":true,"href":"https:\/\/noticias1440.com.ar\/index.php?rest_route=\/wp\/v2\/media\/186"}],"wp:attachment":[{"href":"https:\/\/noticias1440.com.ar\/index.php?rest_route=%2Fwp%2Fv2%2Fmedia&parent=185"}],"wp:term":[{"taxonomy":"category","embeddable":true,"href":"https:\/\/noticias1440.com.ar\/index.php?rest_route=%2Fwp%2Fv2%2Fcategories&post=185"},{"taxonomy":"post_tag","embeddable":true,"href":"https:\/\/noticias1440.com.ar\/index.php?rest_route=%2Fwp%2Fv2%2Ftags&post=185"}],"curies":[{"name":"wp","href":"https:\/\/api.w.org\/{rel}","templated":true}]}}