{"id":165,"date":"2015-03-12T00:12:03","date_gmt":"2015-03-12T00:12:03","guid":{"rendered":"http:\/\/www.noticias1440.com.ar\/?p=165"},"modified":"2015-03-12T20:59:51","modified_gmt":"2015-03-12T20:59:51","slug":"dante-spinetta-y-emannuel-horvilleur-ikv-no-se-tiene-que-separar-mas","status":"publish","type":"post","link":"https:\/\/noticias1440.com.ar\/?p=165","title":{"rendered":"Dante Spinetta y Emmanuel Horvilleur: \u201cIKV no se tiene que separar m\u00e0s\u201d"},"content":{"rendered":"<p>El grupo cerr\u00f2 la tourn\u00e9e de\u201cChances\u201den Mendoza y en\u00a045 d\u00ecas comenzar\u00e0n algunas maquetas del pr\u00f3ximo disco de estudio. En medio de ambas situaciones hablaron a solas con <strong>Noticias1440<\/strong> fieles a su forma de ser.<\/p>\n<p><!--more--><a href=\"http:\/\/www.noticias1440.com.ar\/wp-content\/uploads\/2015\/03\/IKV-Noticias1440-Marzo-2015-A001.jpg\"><img loading=\"lazy\" decoding=\"async\" class=\" size-medium wp-image-170 aligncenter\" src=\"http:\/\/www.noticias1440.com.ar\/wp-content\/uploads\/2015\/03\/IKV-Noticias1440-Marzo-2015-A001-300x201.jpg\" alt=\"IKV (Noticias1440 - Marzo 2015 A001)\" width=\"300\" height=\"201\" srcset=\"https:\/\/noticias1440.com.ar\/wp-content\/uploads\/2015\/03\/IKV-Noticias1440-Marzo-2015-A001-300x201.jpg 300w, https:\/\/noticias1440.com.ar\/wp-content\/uploads\/2015\/03\/IKV-Noticias1440-Marzo-2015-A001.jpg 575w\" sizes=\"auto, (max-width: 300px) 100vw, 300px\" \/><\/a><\/p>\n<p><strong>Por Gabriel Imparato<\/strong><\/p>\n<p><strong>(Capital Federal \u2013 Mi\u00e8rcoles 11 de Marzo de 2015)<\/strong> El viernes pasado Dante Spinetta y Emmanuel Horvilleur tocaron en la Plaza Independencia de la ciudad de Mendoza ante miles de personas que ovacionaron ese concierto demoledor. <strong>Noticias1440 <\/strong>estuvo en esa provincia y los acompa\u00f1\u00f2 en el recital de cierre de la tourn\u00e8e de\u201cChances\u201d, de la cual se desprendi\u00f3 posteriormente el cd-dvd\u201cAplaudan en la Luna\u201dpublicado a fines del 2014, el cual fue refrendado semanas m\u00e0s tarde en el Luna Park. En la moderna aeronave de l\u00ednea que los traslad\u00f2 a Buenos Aires, los IKV hablaron a solas sobre este especial momento de sus carreras. \u201cLos shows que vivimos en Mendoza fueron de los mejores para nosotros, sentimos ah\u00ec una energ\u00eda tremenda. Estar en la Fiesta Nacional de la Vendimia fue algo muy especial, pero m\u00e0s lo es porque fue el \u00faltimo que hicimos por bastante tiempo, hasta que terminemos de grabar el nuevo disco. Por ende fue el \u00faltimo concierto de esta etapa de\u201cChances\u201dy de\u201cAplaudan en la Luna\u201d, sab\u00edamos que la Vendimia es s\u00faper importante y nunca hab\u00edamos estado, fue una gran oportunidad para disfrutar y hacer que las familias salten lo m\u00e1s alto posible\u00bb, destacan ubicados en la parte delantera del avi\u00f3n mientras la altitud promedio de la nave es un objetivo ya alcanzado.<\/p>\n<p><strong>\u00bfEn alg\u00fan momento sintieron que era necesario ser soberbio en el mundo rockero para poder concretar aquellos objetivos complicados?<\/strong><\/p>\n<p><strong>Emmanuel:<\/strong>Lo dec\u00eds por\u201cAplaudan en la Luna\u201d?(t\u00edtulo del dvd)&#8230;porque como ya nos aplaudieron mucho en la tierra(risas).<\/p>\n<p><strong>Dante:<\/strong>Hay que tener seguridad en lo que uno hace, no s\u00e8 si soberbia, en verdad soberbia me suena a tratar mal a la gente, si es eso, paso. Nosotros no tratamos mal a nadie, s\u00ec nos plantamos defendiendo lo nuestro, cuando sentimos que peligra un concepto nuestro ah\u00ec s\u00ec nos plantamos y sacamos nuestra carga espiritual, musicalmente alguna soberbia hay.<\/p>\n<p><strong>Emmanuel:<\/strong>Tenemos momentos\u201caltaneros\u201d, nos paramos de una manera que no es\u2026<\/p>\n<p><strong>Dante:<\/strong>humilde,en el escenario s\u00ec somos altaneros, pero porque es el flasheo de la m\u00fasica, es el borde filoso que tiene la m\u00fasica que uno hace, no es m\u00fasica para todo el mundo, se da que alguna persona no interpreta nuestra actitud flashera, capaz, pero es as\u00ec. Soberbia, por ser soberbios, n\u00f2.<\/p>\n<p><a href=\"http:\/\/www.noticias1440.com.ar\/wp-content\/uploads\/2015\/03\/IKV-Noticias1440-Marzo-2015-A004.jpg\"><img loading=\"lazy\" decoding=\"async\" class=\" size-medium wp-image-167 aligncenter\" src=\"http:\/\/www.noticias1440.com.ar\/wp-content\/uploads\/2015\/03\/IKV-Noticias1440-Marzo-2015-A004-300x209.jpg\" alt=\"IKV (Noticias1440 - Marzo 2015 A004)\" width=\"300\" height=\"209\" srcset=\"https:\/\/noticias1440.com.ar\/wp-content\/uploads\/2015\/03\/IKV-Noticias1440-Marzo-2015-A004-300x209.jpg 300w, https:\/\/noticias1440.com.ar\/wp-content\/uploads\/2015\/03\/IKV-Noticias1440-Marzo-2015-A004.jpg 427w\" sizes=\"auto, (max-width: 300px) 100vw, 300px\" \/><\/a><\/p>\n<p><strong>Estamos a muy pocas horas de la segunda edici\u00f2n del\u201cFestival Lollapalooza\u201d. El a\u00f1o pasado despu\u00e9s que tocaron asom\u00f2 un rumor sobre que iban a separarse, para iniciar nuevamente sus carreras solistas. \u00bfEso fue verdad?<\/strong><\/p>\n<p><strong>Dante:<\/strong>No nos \u00ecbamos a separar, \u00ecbamos a sacar discos solistas, pero no sab\u00edamos cu\u00e0ndo y esa fue la bola que se corri\u00f3, pero no era verdad. Lo podemos decir ahora, sacaremos discos solistas, pero primero vamos a publicar un nuevo disco con Kuryaki. En aqu\u00e8l momento las cosas no se sab\u00edan muy bien, pero no hablamos de separarnos, pensamos que Kuryaki no se tiene que separar m\u00e0s, S\u00ec vamos a continuar nuestras carreras solistas, pero eso es generar m\u00e0s m\u00fasica b\u00e1sicamente, generar m\u00e0s conceptos, tirar m\u00e0s cosas a la parrilla del escucha.<\/p>\n<p><strong>Los discos en vivo significan mucho, los fans del rock progresivo aman\u201cYessongs\u201d y los amantes pop-rock valoran tener \u201cFrampton Comes Alive\u201d\u2026<\/strong><\/p>\n<p><strong>Emmanuel:<\/strong> Iba a decir ese porque fue uno de los discos m\u00e0s vendidos de la historia.<\/p>\n<p><strong>\u00bfTomaron conciencia que el cd-dvd muestra el verdadero poder del grupo en vivo?\u00a0\u00a0\u00a0\u00a0 \u00a0\u00a0\u00a0\u00a0<\/strong><\/p>\n<p><strong>Emmanuel:<\/strong>S\u00ec,creo que con el tiempo el \u00e1lbum ir\u00e0 tomando esa \u00e8pica, tono o concepto, lo har\u00e1 con el paso del tiempo. Fue nuestro primer Luna Park, fue una noche \u00fanica porque la gente estuvo a la altura de las circunstancias, nosotros estuvimos a la altura requerida, fue un show que desbord\u00f2 de psicodelia. Nosotros no lo hab\u00edamos pensado de esa manera, las im\u00e1genes y la pantalla hasta un poco fuera de escala, casi nos super\u00f2, nos mostraban esas fotos del show y dec\u00edamos uyyy!!,era tremendo. As\u00ec como\u201cChances\u201dtambi\u00e9n sali\u00f3 de una forma t\u00ecmida y despu\u00e9s cosech\u00f2 de todo, grammys, gardeles, cr\u00ecticas incre\u00edbles, creo que tambi\u00e9n este disco har\u00e1 eso, genera m\u00e0s trabajo, viene un disco de estudio. Originalmente pens\u00e1bamos que \u201ces un disco en vivo, bueno, se graba y ya est\u00e0\u201d, pero n\u00f2 , tuvimos gran cantidad de trabajo posterior, sobre todo en el dvd, hab\u00eda unas cuarenta c\u00e1maras\u2026<\/p>\n<p><strong>Dante:<\/strong>Sumale toda la previa, los ensayos, hay un trabajo previo al show muy grande, el haberlo hecho creo que es una buena manera de plasmar como suena IKV en vivo, lo que es el grupo ahora, es un buen resumen, alguien te dice\u201cqu\u00e8 es IKV?\u201dy no ten\u00e8s que ir al noventa y pico, agarr\u00e0s\u201cAplaudan en la Luna\u201dy dec\u00eds\u201cesto es IKV\u201d.<\/p>\n<p><a href=\"http:\/\/www.noticias1440.com.ar\/wp-content\/uploads\/2015\/03\/IKV-Noticias1440-Marzo-2015-A005.jpg\"><img loading=\"lazy\" decoding=\"async\" class=\" size-medium wp-image-166 aligncenter\" src=\"http:\/\/www.noticias1440.com.ar\/wp-content\/uploads\/2015\/03\/IKV-Noticias1440-Marzo-2015-A005-300x180.jpg\" alt=\"IKV (Noticias1440 - Marzo 2015 A005)\" width=\"300\" height=\"180\" srcset=\"https:\/\/noticias1440.com.ar\/wp-content\/uploads\/2015\/03\/IKV-Noticias1440-Marzo-2015-A005-300x180.jpg 300w, https:\/\/noticias1440.com.ar\/wp-content\/uploads\/2015\/03\/IKV-Noticias1440-Marzo-2015-A005.jpg 586w\" sizes=\"auto, (max-width: 300px) 100vw, 300px\" \/><\/a><\/p>\n<p><strong>Como profesionales han conseguido mucho en la m\u00fasica, pero percibo que les cuesta mucho lograr cierta estabilidad con sus parejas\u2026\u00bftiene incidencia esta profesi\u00f3n?<\/strong><\/p>\n<p><strong>Dante: <\/strong>Creo que hay situaciones de amor donde uno queda bien parado y otras en las que n\u00f2, hay veces en las que sufr\u00ecs, otras que n\u00f2, como cualquier persona, digamos m\u00e0s all\u00e0 de lo que seamos, que capaz que uno a veces en las elecciones se equivoca o n\u00f2, por eso uno a veces busca mujeres tan particulares, algunas incre\u00edblemente grosas, otras no tanto, es como la vida.<\/p>\n<p><strong>Emmanuel:<\/strong>En el plano del amor somos distintos, nos pasan esas cosas, somos diferentes, cada uno lleva las cosas a su manera, cada uno se topa con mujeres distintas, igual hemos incurrido en ciertas vicisitudes enmarcadas en algo similar.<\/p>\n<p><strong>Reci\u00e8n hablaban de un pr\u00f3ximo disco de estudio. \u00bfC\u00f2mo avizoran esa maniobra?<\/strong><\/p>\n<p><strong>Emmanuel:<\/strong>Est\u00e0n esos sentimientos, existe una presi\u00f3n que es autoimpuesta, de mejorar lo que hacemos, tampoco es una cosa espesa laboral, siempre nos gusta llegar a lugares nuevos, encarar esa expedici\u00f3n, creo que eso es de lo que se trata, c\u00f2mo nos movemos en esto, es natural. \u201cChances\u201dfue una b\u00fasqueda especial, un disco musicalmente diferente a los otros, abordamos estilos, ah\u00ec intentamos colocar nuestro sello de c\u00f2mo hacer la m\u00fasica y las canciones en esa situaci\u00f3n especial.<\/p>\n<p><strong>Dante:<\/strong>Tal cual, en el pr\u00f3ximo disco tenemos un par de nortes, varios, tenemos un poco la sensaci\u00f3n que el disco que sigue va a ser el \u00e0lbum m\u00e0s musical, m\u00e0s por la supremac\u00eda,lo que siento es que vamos a tratar de encarar por ese lado de la canci\u00f3n,el concepto de ella, porque estamos los dos componiendo mucho eso y bueno, capaz que ah\u00ec escribimos todas esas canciones de desamor, que las ten\u00e8s en el alma, que te quedaron, esas experiencias.<\/p>\n<p><a href=\"http:\/\/www.noticias1440.com.ar\/wp-content\/uploads\/2015\/03\/IKV-Noticias1440-Marzo-2015-A003.jpg\"><img loading=\"lazy\" decoding=\"async\" class=\" size-medium wp-image-168 aligncenter\" src=\"http:\/\/www.noticias1440.com.ar\/wp-content\/uploads\/2015\/03\/IKV-Noticias1440-Marzo-2015-A003-300x198.jpg\" alt=\"IKV (Noticias1440 - Marzo 2015 A003)\" width=\"300\" height=\"198\" srcset=\"https:\/\/noticias1440.com.ar\/wp-content\/uploads\/2015\/03\/IKV-Noticias1440-Marzo-2015-A003-300x198.jpg 300w, https:\/\/noticias1440.com.ar\/wp-content\/uploads\/2015\/03\/IKV-Noticias1440-Marzo-2015-A003.jpg 478w\" sizes=\"auto, (max-width: 300px) 100vw, 300px\" \/><\/a><\/p>\n<p><strong>\u201cPechugo\u201dse inici\u00f2 en un disco solista de Spinetta y con los a\u00f1os termin\u00f2 en esto.<\/strong><\/p>\n<p><strong>Emmanuel:<\/strong>Fue como la primer probada que tuvimos de lo que es esto, el hecho de hacer canciones, escucharnos en una radio, recuerdo que la canci\u00f3n\u201cEl Mono Tremendo\u201dtodos los d\u00edas la pasaban en la Rock And Pop a las seis de la tarde, tipo cinco y media la pon\u00eca y me quedaba escuchando la radio,escuchaba\u201cy ahora Luis Alberto Spinetta y Pechugo\u201d,me volv\u00eca loco, dec\u00eda\u201ces la nuestra\u201d, por eso despu\u00e9s hice radio, para m\u00ec es algo re-m\u00e0gico escuchar la canci\u00f3n una canci\u00f3n propia en la radio.<\/p>\n<p><strong>Dante:<\/strong>Por eso en el futuro disco de estudio vamos a ir justamente por ese lado, ambos en verdad tenemos ganas de algo as\u00ec, nos estuvimos mostrando maquetas,hallamos cosas que son musicalmente muy intensas, ser\u00e1 un gran disco, musicalmente hablando. Hoy en d\u00eca hay que ir por la supremac\u00eda art\u00edstica, no importa la tv o las radios, no hay que pensar en nada, hay que pensar en la m\u00fasica, eso es GOL!&#8230;eso es GOL! porque hoy es una mierda lo que hay. Entonces si vos pon\u00e8s algo de calidad en este mundo con un buen concepto y una buena imagen, con todo el laburo que ten\u00e8s que hacer, es perfecto, tenemos un sello que nos apoya tambi\u00e9n(Sony Music), para poder poner eso en la calle y mostrarlo a todos.<\/p>\n<p><strong>\u00bfC\u00f2mo se lleva con el\u201cMundo Fashion\u201d?suelen asomar en esa \u00f2rbita profesional\u00a0\u00a0 <\/strong><\/p>\n<p><strong>Dante:<\/strong>la ropa tambi\u00e9n es arte, tambi\u00e9n es una cosa art\u00edstica.<\/p>\n<p><strong>Emmanuel:<\/strong>Nosotros tambi\u00e9n tenemos esa mirada, lo tomamos como algo natural, si fuera una cosa impuesta no reaccionar\u00edamos de esta manera, es algo que se da de una manera natural, nosotros trabajamos con nuestro vestuario, con nuestro look y nuestra imagen, hay mucho, estamos con las corrientes de dise\u00f1adores nuevos, con gente aparte que labura,n\u00f2?, hay varias personas que hacen cosas muy buenas. Nos interesa y es una pata m\u00e0s de lo que somos los Kuryaki, siempre la imagen, desde los videoclips hasta la tapa de los discos, siempre nos ha interesado y no lo vemos como un laburo tercerizado, sino que nos metemos en eso y estamos divertidos, creo que es parte de todo el andamiaje que se mueve con nosotros. Tal vez ahora es mucho m\u00e0s normal ver en el mundo a los m\u00fasicos ligados a la moda, tengo Instagram, todos tienen algo ligado a la moda, porque los dise\u00f1adores de moda se dan cuenta que los m\u00fasicos toman la moda desde un lugar muy sincero y real, Rita hace cosas con Adidas y est\u00e0 bueno, Lenny Kravitz tiene como una empresa de dise\u00f1o.<\/p>\n<p><strong>Dante:<\/strong>S\u00ec, Kayne West,muchos artistas,nosotros crecimos tambi\u00e9n inspirados en bastantes artistas, Prince, Michael Jackson, Los Beatles, Elvis, todos ten\u00ecan algo, Elvis el jopo, Los Beatles el pelo taza, todos igual, Kiss el maquillaje, el funk ni hablar, record\u00e0 la moda de Parliament Funkadelic, el rap tambi\u00e9n, toda una moda. Hay bandas que le dan m\u00e0s pelota que otras, nosotros le damos pelota porque nos complementa y hay una parte de cebarte, de subirte al escenario\u2026\u201dsomos eso\u201d, estamos sonando.<\/p>\n<p><a href=\"http:\/\/www.noticias1440.com.ar\/wp-content\/uploads\/2015\/03\/IKV-Noticias1440-Marzo-2015-A002.jpg\"><img loading=\"lazy\" decoding=\"async\" class=\" size-medium wp-image-169 aligncenter\" src=\"http:\/\/www.noticias1440.com.ar\/wp-content\/uploads\/2015\/03\/IKV-Noticias1440-Marzo-2015-A002-300x211.jpg\" alt=\"IKV (Noticias1440 - Marzo 2015 A002)\" width=\"300\" height=\"211\" srcset=\"https:\/\/noticias1440.com.ar\/wp-content\/uploads\/2015\/03\/IKV-Noticias1440-Marzo-2015-A002-300x211.jpg 300w, https:\/\/noticias1440.com.ar\/wp-content\/uploads\/2015\/03\/IKV-Noticias1440-Marzo-2015-A002.jpg 503w\" sizes=\"auto, (max-width: 300px) 100vw, 300px\" \/><\/a><\/p>\n<p><strong>Una de las cosas que IKV le aport\u00f2 a la m\u00fasica es la cuesti\u00f2n del humor.<\/strong><\/p>\n<p><strong>Dante:<\/strong>podemos poner el\u201cstand-up(comienzan a re\u00edrse)de Kuryaki\u201d, sab\u00e8s, algunas veces nos engachamos mal y podr\u00edamos hacer una hora de eso, con platillos(hace el ruido del hi hat), porque nos copa.<\/p>\n<p><strong>\u00bfC\u00f2mo imaginan a IKV dentro de diez a\u00f1os?<\/strong><\/p>\n<p><strong>Emmanuel:<\/strong>vamos a estar bien<\/p>\n<p><strong>Dante:<\/strong>botoxeados\u2026<\/p>\n<p><strong>Emmanuel:<\/strong>vamos a estar bien, vamos a tocar m\u00e0s la ac\u00fastica<\/p>\n<p><strong>Dante<\/strong>:m\u00e0s botoxeados, botox-ac\u00f9stica(r\u00ecen y se miran)un disco que se llame \u201cBotox y ac\u00fastica\u201d(siguen riendo)\u2026n\u00f2, n\u00f2, creo que ah\u00ed tendremos que funkear duro, como James Brown.<\/p>\n","protected":false},"excerpt":{"rendered":"<p>El grupo cerr\u00f2 la tourn\u00e9e de\u201cChances\u201den Mendoza y en\u00a045 d\u00ecas comenzar\u00e0n algunas maquetas del pr\u00f3ximo disco de estudio. En medio de ambas situaciones hablaron a solas con Noticias1440 fieles a su forma de ser.<\/p>\n","protected":false},"author":1,"featured_media":170,"comment_status":"closed","ping_status":"open","sticky":false,"template":"","format":"standard","meta":{"footnotes":""},"categories":[4],"tags":[],"class_list":["post-165","post","type-post","status-publish","format-standard","has-post-thumbnail","hentry","category-entrevistas"],"_links":{"self":[{"href":"https:\/\/noticias1440.com.ar\/index.php?rest_route=\/wp\/v2\/posts\/165","targetHints":{"allow":["GET"]}}],"collection":[{"href":"https:\/\/noticias1440.com.ar\/index.php?rest_route=\/wp\/v2\/posts"}],"about":[{"href":"https:\/\/noticias1440.com.ar\/index.php?rest_route=\/wp\/v2\/types\/post"}],"author":[{"embeddable":true,"href":"https:\/\/noticias1440.com.ar\/index.php?rest_route=\/wp\/v2\/users\/1"}],"replies":[{"embeddable":true,"href":"https:\/\/noticias1440.com.ar\/index.php?rest_route=%2Fwp%2Fv2%2Fcomments&post=165"}],"version-history":[{"count":2,"href":"https:\/\/noticias1440.com.ar\/index.php?rest_route=\/wp\/v2\/posts\/165\/revisions"}],"predecessor-version":[{"id":173,"href":"https:\/\/noticias1440.com.ar\/index.php?rest_route=\/wp\/v2\/posts\/165\/revisions\/173"}],"wp:featuredmedia":[{"embeddable":true,"href":"https:\/\/noticias1440.com.ar\/index.php?rest_route=\/wp\/v2\/media\/170"}],"wp:attachment":[{"href":"https:\/\/noticias1440.com.ar\/index.php?rest_route=%2Fwp%2Fv2%2Fmedia&parent=165"}],"wp:term":[{"taxonomy":"category","embeddable":true,"href":"https:\/\/noticias1440.com.ar\/index.php?rest_route=%2Fwp%2Fv2%2Fcategories&post=165"},{"taxonomy":"post_tag","embeddable":true,"href":"https:\/\/noticias1440.com.ar\/index.php?rest_route=%2Fwp%2Fv2%2Ftags&post=165"}],"curies":[{"name":"wp","href":"https:\/\/api.w.org\/{rel}","templated":true}]}}