{"id":157,"date":"2015-03-11T22:03:10","date_gmt":"2015-03-11T22:03:10","guid":{"rendered":"http:\/\/www.noticias1440.com.ar\/?p=157"},"modified":"2015-03-11T22:13:13","modified_gmt":"2015-03-11T22:13:13","slug":"las-pelotas-nuestra-vida-como-musicos-nunca-fue-facil","status":"publish","type":"post","link":"https:\/\/noticias1440.com.ar\/?p=157","title":{"rendered":"Las Pelotas: \u201cNuestra vida como m\u00fasicos nunca fue f\u00e1cil\u201d"},"content":{"rendered":"<p>El s\u00e1bado 21 presentan su cd-dvd\u201c5 x 5\u201den\u201cGroove\u201d, tras una exitosa serie de actuaciones en el interior del pa\u00eds, temas que Germ\u00e0n Daffunchio y Sebasti\u00e0n Schachtel analizaron en una entrevista exclusiva con <strong>Noticias1440<\/strong> sin guardarse nada.<\/p>\n<p><!--more--><a href=\"http:\/\/www.noticias1440.com.ar\/wp-content\/uploads\/2015\/03\/Las-Pelotas-Noticias-1440-11-Marzo-2015-01.jpg\"><img loading=\"lazy\" decoding=\"async\" class=\" size-medium wp-image-158 aligncenter\" src=\"http:\/\/www.noticias1440.com.ar\/wp-content\/uploads\/2015\/03\/Las-Pelotas-Noticias-1440-11-Marzo-2015-01-300x191.jpg\" alt=\"Las Pelotas (Noticias 1440 - 11 Marzo 2015 01)\" width=\"300\" height=\"191\" srcset=\"https:\/\/noticias1440.com.ar\/wp-content\/uploads\/2015\/03\/Las-Pelotas-Noticias-1440-11-Marzo-2015-01-300x191.jpg 300w, https:\/\/noticias1440.com.ar\/wp-content\/uploads\/2015\/03\/Las-Pelotas-Noticias-1440-11-Marzo-2015-01.jpg 497w\" sizes=\"auto, (max-width: 300px) 100vw, 300px\" \/><\/a><\/p>\n<p><strong>Por Gabriel Imparato<\/strong><\/p>\n<p><strong>(Capital Federal \u2013 Mi\u00e8rcoles 11 de Marzo de 2015)<\/strong> Muy fieles a su tradici\u00f2n de tocar y tocar despu\u00e9s de publicar un \u00e1lbum, el grupo\u201cLas Pelotas\u201drealiz\u00f2 un fant\u00e1stico cruce de temporadas con varias fechas en\u201cLa Trastienda Club\u201d, el \u201cFestival Clandestino\u201dall\u00ec en el estadio Malvinas Argentinas y tambi\u00e9n un recital bastante m\u00e0s tradicional en\u201cGroove\u201d. Precisamente en ese lugar la banda argentina actuar\u00e0 el pr\u00f3ximo s\u00e1bado 21 con un show bastante extenso, haciendo un cuidadoso hincapi\u00e9 en las canciones inclu\u00ecdas en su cd-dvd en vivo\u201c5 x 5\u201d. Tras una muy importante cantidad de espect\u00e1culos que desarrollaron en el interior, incluyendo como era de esperar su participaci\u00f3n en el\u201cCosqu\u00ecn Rock Fest\u201d, los integrantes del grupo Germ\u00e0n Daffunchio y Sebasti\u00e0n Schachtel dialogaron con <strong>Noticias1440<\/strong> para hablar de ese disco y otros temas de actualidad.<\/p>\n<p><a href=\"http:\/\/www.noticias1440.com.ar\/wp-content\/uploads\/2015\/03\/Las-Pelotas-Noticias-1440-11-Marzo-2015-02.jpg\"><img loading=\"lazy\" decoding=\"async\" class=\" size-medium wp-image-159 aligncenter\" src=\"http:\/\/www.noticias1440.com.ar\/wp-content\/uploads\/2015\/03\/Las-Pelotas-Noticias-1440-11-Marzo-2015-02-300x199.jpg\" alt=\"Las Pelotas (Noticias 1440 - 11 Marzo 2015 02)\" width=\"300\" height=\"199\" srcset=\"https:\/\/noticias1440.com.ar\/wp-content\/uploads\/2015\/03\/Las-Pelotas-Noticias-1440-11-Marzo-2015-02-300x199.jpg 300w, https:\/\/noticias1440.com.ar\/wp-content\/uploads\/2015\/03\/Las-Pelotas-Noticias-1440-11-Marzo-2015-02.jpg 502w\" sizes=\"auto, (max-width: 300px) 100vw, 300px\" \/><\/a><strong>Cerraron el a\u00f1o con la salida de\u201c5 x 5\u201dy much\u00ecsimas fechas en vivo. \u00bfQu\u00e8 signific\u00f2 aqu\u00e8l show que registraron para conmemorar dos d\u00e9cadas y media de carrera? <\/strong><\/p>\n<p><strong>Germ\u00e0n Daffunchio:<\/strong>Vos sab\u00e8s Gabriel que ese dvd que grabamos en el Malvinas fue solo para dejar testimonio de la conmemoraci\u00f3n de esta particular fecha\u2026son 25 a\u00f1os, en realidad no s\u00e8 cu\u00e0ndo fue el d\u00eca de ese aniversario , igual cumplimos 25 a\u00f1os(risas). Es nada m\u00e0s que eso y en realidad aquello qued\u00f3 plasmado con lo que pas\u00f2 ah\u00ec en ese lugar, de buena manera, nada, es algo para compartirlo con la gente.<\/p>\n<p><strong>Al principio el p\u00fablico y los medios miraron raro la aparici\u00f3n de la banda luego de la separaci\u00f3n de Sumo. \u00bfAlguien apost\u00f2 a que llegar\u00ecan a dos d\u00e9cadas y media de carrera musical? <\/strong><\/p>\n<p><strong>Sebasti\u00e0n Schachtel:<\/strong>Y lo que pasa es que esas cosas uno no las piensa, realmente no pens\u00e0s que vigencia vas a tener, pero uno va haciendo, va construyendo con lo que tiene y con lo que puede. Despu\u00e9s en un momento dec\u00eds\u201cuy!, mir\u00e0 todo lo que hicimos!\u201d. Por lo menos a m\u00ec me pasa eso, no es que est\u00e0s todo el tiempo pensando\u201cuhmm, en los pr\u00f3ximos diez a\u00f1os qu\u00e8 vamos a hacer?\u201d. La verdad, a nosotros no nos funciona eso, no lo hacemos demasiado as\u00ec y s\u00ec nos encontramos ahora con una agrabable sorpresa de estos 25 a\u00f1os y la cantidad de temas que hay, que est\u00e1n buen\u00edsimos. Veo la lista de temas que qued\u00f3 en el dvd y a m\u00ec me da orgullo poder estar tocando ah\u00ec, me entend\u00e8s?. me siento muy orgulloso de los temas en los que particip\u00e8, tambi\u00e9n en los que no particip\u00e8 componiendo y que estoy ah\u00ec interpretando, adem\u00e1s tuve la suerte de tocar un par de temas de Sumo incre\u00edbles.<\/p>\n<p><a href=\"http:\/\/www.noticias1440.com.ar\/wp-content\/uploads\/2015\/03\/Las-Pelotas-Noticias-1440-11-Marzo-2015-03.jpg\"><img loading=\"lazy\" decoding=\"async\" class=\" size-medium wp-image-160 aligncenter\" src=\"http:\/\/www.noticias1440.com.ar\/wp-content\/uploads\/2015\/03\/Las-Pelotas-Noticias-1440-11-Marzo-2015-03-300x200.jpg\" alt=\"Las Pelotas (Noticias 1440 - 11 Marzo 2015 03)\" width=\"300\" height=\"200\" srcset=\"https:\/\/noticias1440.com.ar\/wp-content\/uploads\/2015\/03\/Las-Pelotas-Noticias-1440-11-Marzo-2015-03-300x200.jpg 300w, https:\/\/noticias1440.com.ar\/wp-content\/uploads\/2015\/03\/Las-Pelotas-Noticias-1440-11-Marzo-2015-03.jpg 500w\" sizes=\"auto, (max-width: 300px) 100vw, 300px\" \/><\/a><\/p>\n<p><strong>\u00bfC\u00f2mo fue maniobrar este \u00faltimo lustro de m\u00fasica, una etapa donde se produjo una fuerte reinvenci\u00f3n art\u00edstica de Las Pelotas en todos los aspectos?<\/strong><\/p>\n<p><strong>Germ\u00e0n Daffunchio:<\/strong>Estoy bastante acostumbrado a entender que nuestra vida como m\u00fasicos nunca fue f\u00e1cil, siempre hubo que luchar, es una lucha constante. El \u00faltimo lustro marc\u00f2 cambios y los percibimos, pero ahora ya te puedo adelantar que estamos trabajando en un nuevo material. Siempre te dije que lo importante es que haya m\u00fasica, n\u00f2?, porque no soy de aquellos que viven en el pasado, de recordar historias, eso me lo dejo reservado para m\u00e0s adelante. Pero realmente estoy muy contento con nuestra lucha, digamos, lucha en el sentido de poder vivir del arte, de lo que hacemos.<\/p>\n<p><strong>\u00bfC\u00f2mo ven que el \u00e1lbum\u201cCerca de las nubes\u201dhaya recibido una muy poderosa consideraci\u00f3n del p\u00fablico y medios, mientras muchos artistas nuevos o aquellos consagrados se animen a declarar p\u00fablicamente\u201cme gustar\u00eda hacer un disco as\u00ec?<\/strong><\/p>\n<p><strong>Sebasti\u00e0n Schachtel:<\/strong>Me parece algo genial, es buen\u00edsimo que hayamos podido hacer una m\u00fasica que tiene resonancia en gente joven y que el p\u00fablico se renueve. Desear\u00eca que con lo pr\u00f3ximo que vamos a hacer suceda o pase lo mismo, es decir, siento como un poderoso deseo de avanzar y seguir haciendo m\u00fasica que nos gusta. Pareciera que cuando uno hace eso, esto resuena mucho en los dem\u00e1s y especialmente en la gente m\u00e0s joven, creo que en ese sentido hubo un recambio incre\u00edble en el p\u00fablico de Las Pelotas, hoy hay un p\u00fablico muy distinto, muy variado, gente grande, gente chica, pero especialmente hay mucho p\u00f9blico joven y el disco entr\u00f2 en la imaginaci\u00f3n de muchos, es lo mejor que puede pasar.<\/p>\n<p><a href=\"http:\/\/www.noticias1440.com.ar\/wp-content\/uploads\/2015\/03\/Las-Pelotas-Noticias-1440-11-Marzo-2015-04.jpg\"><img loading=\"lazy\" decoding=\"async\" class=\" size-medium wp-image-161 aligncenter\" src=\"http:\/\/www.noticias1440.com.ar\/wp-content\/uploads\/2015\/03\/Las-Pelotas-Noticias-1440-11-Marzo-2015-04-300x159.jpg\" alt=\"Las Pelotas (Noticias 1440 - 11 Marzo 2015 04)\" width=\"300\" height=\"159\" srcset=\"https:\/\/noticias1440.com.ar\/wp-content\/uploads\/2015\/03\/Las-Pelotas-Noticias-1440-11-Marzo-2015-04-300x159.jpg 300w, https:\/\/noticias1440.com.ar\/wp-content\/uploads\/2015\/03\/Las-Pelotas-Noticias-1440-11-Marzo-2015-04.jpg 645w\" sizes=\"auto, (max-width: 300px) 100vw, 300px\" \/><\/a><\/p>\n<p><strong>\u00bfLes pone presi\u00f3n a lo que sigue haber levantado la vara tan alto con el cd anterior?\u00a0\u00a0\u00a0\u00a0\u00a0\u00a0\u00a0\u00a0 \u00a0\u00a0\u00a0\u00a0\u00a0\u00a0\u00a0\u00a0\u00a0\u00a0\u00a0<\/strong><\/p>\n<p><strong>Sebasti\u00e0n Schachtel:<\/strong>N\u00f2, n\u00f2, la \u00f9nica presi\u00f3n existente es interna, es por hacer la mejor m\u00fasica posible, \u00fanicamente eso.<\/p>\n<p><strong>Germ\u00e0n Daffunchio:<\/strong>El pr\u00f3ximo disco se va a llamar\u201cm\u00e0s all\u00e0 de las estrellas\u201d(risas), por esa asociaci\u00f3n de\u201ccerca de las nubes, m\u00e0s all\u00e0 de las estrellas\u201d(m\u00e0s risas), creo que en realidad para nosotros siempre es un desaf\u00edo, siempre es un desaf\u00edo. Me viene a la mente recordar que despu\u00e9s que hicimos\u201cDespierta\u201dtambi\u00e9n nos apareci\u00f3 esa misma pregunta, es decir\u201cc\u00f2mo van a superar\u201cDespierta\u201d?\u201d\u2026no s\u00e8 si se trata de superar, se trata de hacer buena m\u00fasica, o al menos lo que nosotros consideramos buena m\u00fasica. Despu\u00e9s lo dem\u00e1s va a estar en la gente, es lo que hay. No hay un temor, es siempre el desaf\u00edo, la poderosa incertidumbre y el placer de hacerlo tambi\u00e9n, es simplemente ese desaf\u00edo.<\/p>\n<p><strong>Uno percibe que no se duermen en aquellos laureles alcanzados.<\/strong><\/p>\n<p><strong>Germ\u00e0n Daffunchio:<\/strong>N\u00f2, n\u00f2. Verdaderamente si te dorm\u00eds en los laureles alcanzados no entendiste nada de lo que es esto, para m\u00ec siempre hay un disco mejor por hacer, siempre hay un tema mejor por hacer, creo que siempre te lo dije. Sigo pensando lo mismo, lo que viene es lo mejor.<\/p>\n<p><strong>El lugar donde registraron\u201c5&#215;5\u201dse est\u00e0 convirtiendo en un espacio al que acuden los m\u00fasicos locales y tambi\u00e9n algunas figuras extranjeras,perciben tal vez que el estadio Malvinas Argentinas se convirti\u00f3 con el paso del tiempo en el nuevo\u201cObras\u201d?<\/strong><\/p>\n<p><strong>Germ\u00e0n Daffunchio:<\/strong>N\u00f2, el Malvinas es m\u00e0s grande que Obras Sanitarias, es una meca actual. Pero tambi\u00e9n es cierto que estadios de esta capacidad en Buenos Aires hay pocos para poder tocar. Seguimos esperando la existencia de m\u00e0s lugares para tocar, pero por el momento no surgen y afortunadamente existe el Malvinas Argentinas, ah\u00ec estuvimos con el\u201cFestival Clandestino\u201d,que fue una reuni\u00f3n realmente muy interesante de bandas, de las tendencias e historias existentes. Digo esto porque cada banda tiene su historia, las bandas nuevas que est\u00e1n empezando m\u00e0s todas las viejas que tienen su historia y su carrera, fue realmente una linda mezcla.\u00a0\u00a0\u00a0\u00a0\u00a0\u00a0\u00a0\u00a0<\/p>\n<p>&nbsp;<\/p>\n","protected":false},"excerpt":{"rendered":"<p>El s\u00e1bado 21 presentan su cd-dvd\u201c5 x 5\u201den\u201cGroove\u201d, tras una exitosa serie de actuaciones en el interior del pa\u00eds, temas que Germ\u00e0n Daffunchio y Sebasti\u00e0n Schachtel analizaron en una entrevista exclusiva con Noticias1440 sin guardarse nada.<\/p>\n","protected":false},"author":1,"featured_media":158,"comment_status":"closed","ping_status":"open","sticky":false,"template":"","format":"standard","meta":{"footnotes":""},"categories":[4],"tags":[],"class_list":["post-157","post","type-post","status-publish","format-standard","has-post-thumbnail","hentry","category-entrevistas"],"_links":{"self":[{"href":"https:\/\/noticias1440.com.ar\/index.php?rest_route=\/wp\/v2\/posts\/157","targetHints":{"allow":["GET"]}}],"collection":[{"href":"https:\/\/noticias1440.com.ar\/index.php?rest_route=\/wp\/v2\/posts"}],"about":[{"href":"https:\/\/noticias1440.com.ar\/index.php?rest_route=\/wp\/v2\/types\/post"}],"author":[{"embeddable":true,"href":"https:\/\/noticias1440.com.ar\/index.php?rest_route=\/wp\/v2\/users\/1"}],"replies":[{"embeddable":true,"href":"https:\/\/noticias1440.com.ar\/index.php?rest_route=%2Fwp%2Fv2%2Fcomments&post=157"}],"version-history":[{"count":3,"href":"https:\/\/noticias1440.com.ar\/index.php?rest_route=\/wp\/v2\/posts\/157\/revisions"}],"predecessor-version":[{"id":164,"href":"https:\/\/noticias1440.com.ar\/index.php?rest_route=\/wp\/v2\/posts\/157\/revisions\/164"}],"wp:featuredmedia":[{"embeddable":true,"href":"https:\/\/noticias1440.com.ar\/index.php?rest_route=\/wp\/v2\/media\/158"}],"wp:attachment":[{"href":"https:\/\/noticias1440.com.ar\/index.php?rest_route=%2Fwp%2Fv2%2Fmedia&parent=157"}],"wp:term":[{"taxonomy":"category","embeddable":true,"href":"https:\/\/noticias1440.com.ar\/index.php?rest_route=%2Fwp%2Fv2%2Fcategories&post=157"},{"taxonomy":"post_tag","embeddable":true,"href":"https:\/\/noticias1440.com.ar\/index.php?rest_route=%2Fwp%2Fv2%2Ftags&post=157"}],"curies":[{"name":"wp","href":"https:\/\/api.w.org\/{rel}","templated":true}]}}