{"id":1502,"date":"2015-08-18T00:05:04","date_gmt":"2015-08-18T00:05:04","guid":{"rendered":"http:\/\/www.noticias1440.com.ar\/?p=1502"},"modified":"2015-08-18T00:15:09","modified_gmt":"2015-08-18T00:15:09","slug":"fabi-cantilo-la-hermosa-y-aguerrida-domadora-de-ballenas-azules","status":"publish","type":"post","link":"https:\/\/noticias1440.com.ar\/?p=1502","title":{"rendered":"Fabi Cantilo, a puro \u00abSuper Amor\u00bb, dom\u00f2 una ballena azul repleta de inconvenientes t\u00e8cnicos."},"content":{"rendered":"<p>La solista n\u00famero uno del rock argentino present\u00f2\u201cSuper Amor\u201den el edificio donde hace pocos a\u00f1os funcion\u00f2 el Correo Central, un notable recital que dej\u00f3 expuestas numerosas falencias t\u00e9cnicas de un \u00e1mbito todav\u00eda poco propicio para estos espect\u00e1culos.<\/p>\n<p><!--more--><\/p>\n<p><a href=\"http:\/\/www.noticias1440.com.ar\/wp-content\/uploads\/2015\/08\/Fabi-Cantilo-Centro-Cultural-Alem-y-Corrientes-Paul-David-Focus-001.jpg\"><img loading=\"lazy\" decoding=\"async\" class=\"alignnone size-medium wp-image-1506\" src=\"http:\/\/www.noticias1440.com.ar\/wp-content\/uploads\/2015\/08\/Fabi-Cantilo-Centro-Cultural-Alem-y-Corrientes-Paul-David-Focus-001-300x224.jpg\" alt=\"Fabi Cantilo (Centro Cultural Alem y Corrientes - Paul David Focus 001)\" width=\"300\" height=\"224\" srcset=\"https:\/\/noticias1440.com.ar\/wp-content\/uploads\/2015\/08\/Fabi-Cantilo-Centro-Cultural-Alem-y-Corrientes-Paul-David-Focus-001-300x224.jpg 300w, https:\/\/noticias1440.com.ar\/wp-content\/uploads\/2015\/08\/Fabi-Cantilo-Centro-Cultural-Alem-y-Corrientes-Paul-David-Focus-001.jpg 401w\" sizes=\"auto, (max-width: 300px) 100vw, 300px\" \/><\/a><a href=\"http:\/\/www.noticias1440.com.ar\/wp-content\/uploads\/2015\/08\/Fabi-Cantilo-Centro-Cultural-Alem-y-Corrientes-Paul-David-Focus-002.jpg\"><img loading=\"lazy\" decoding=\"async\" class=\"alignnone size-medium wp-image-1507\" src=\"http:\/\/www.noticias1440.com.ar\/wp-content\/uploads\/2015\/08\/Fabi-Cantilo-Centro-Cultural-Alem-y-Corrientes-Paul-David-Focus-002-300x224.jpg\" alt=\"Fabi Cantilo (Centro Cultural Alem y Corrientes - Paul David Focus 002)\" width=\"300\" height=\"224\" srcset=\"https:\/\/noticias1440.com.ar\/wp-content\/uploads\/2015\/08\/Fabi-Cantilo-Centro-Cultural-Alem-y-Corrientes-Paul-David-Focus-002-300x224.jpg 300w, https:\/\/noticias1440.com.ar\/wp-content\/uploads\/2015\/08\/Fabi-Cantilo-Centro-Cultural-Alem-y-Corrientes-Paul-David-Focus-002.jpg 401w\" sizes=\"auto, (max-width: 300px) 100vw, 300px\" \/><\/a>\u00a0<\/p>\n<p><a href=\"http:\/\/www.noticias1440.com.ar\/wp-content\/uploads\/2015\/08\/Fabi-Cantilo-Centro-Cultural-Alem-y-Corrientes-Paul-David-Focus-005.jpg\"><img loading=\"lazy\" decoding=\"async\" class=\" size-medium wp-image-1510 alignleft\" src=\"http:\/\/www.noticias1440.com.ar\/wp-content\/uploads\/2015\/08\/Fabi-Cantilo-Centro-Cultural-Alem-y-Corrientes-Paul-David-Focus-005-300x224.jpg\" alt=\"Fabi Cantilo (Centro Cultural Alem y Corrientes - Paul David Focus 005)\" width=\"300\" height=\"224\" srcset=\"https:\/\/noticias1440.com.ar\/wp-content\/uploads\/2015\/08\/Fabi-Cantilo-Centro-Cultural-Alem-y-Corrientes-Paul-David-Focus-005-300x224.jpg 300w, https:\/\/noticias1440.com.ar\/wp-content\/uploads\/2015\/08\/Fabi-Cantilo-Centro-Cultural-Alem-y-Corrientes-Paul-David-Focus-005.jpg 400w\" sizes=\"auto, (max-width: 300px) 100vw, 300px\" \/><\/a><\/p>\n<p><strong>Por Gabriel Imparato<\/strong><\/p>\n<p><strong>(Capital Federal \u2013 Lunes 17 de Agosto de 2015)<\/strong> Aunque en una entrevista concedida a esta agencia hace pocas semanas, la autora del tema\u201cArcos\u201dhab\u00eda se\u00f1alado que el lugar de presentaci\u00f3n de su \u00faltimo \u00e1lbum ser\u00eda el Teatro Opera Allianz a fin del presente a\u00f1o, tras algunos acuerdos de \u00faltimo momento, la cantante y compositora Fabiana Cantilo decidi\u00f3 oficializar su reciente producci\u00f3n \u201cSuper Amor\u201den el edificio donde hace algunos a\u00f1os funcion\u00f2 el viejo Correo Central, ahora remodelado y rebautizado CCK, cuya sala central fue denominada\u201cLa Ballena Azul\u201d. Las ventajas y desventajas de concretar un concierto en un lugar que tiene muy pocas semanas de rodaje en el circuito de conciertos asomaron r\u00e1pidamente, circunstancia que pudieron comprobar aquellos que se acercaron al edificio ubicado en la intersecci\u00f3n de la avenidas Alem y Corrientes.<\/p>\n<p><a href=\"http:\/\/www.noticias1440.com.ar\/wp-content\/uploads\/2015\/08\/Fabi-Cantilo-Centro-Cultural-Alem-y-Corrientes-Paul-David-Focus-003.jpg\"><img loading=\"lazy\" decoding=\"async\" class=\" size-medium wp-image-1508 alignright\" src=\"http:\/\/www.noticias1440.com.ar\/wp-content\/uploads\/2015\/08\/Fabi-Cantilo-Centro-Cultural-Alem-y-Corrientes-Paul-David-Focus-003-300x225.jpg\" alt=\"Fabi Cantilo (Centro Cultural Alem y Corrientes - Paul David Focus 003)\" width=\"300\" height=\"225\" srcset=\"https:\/\/noticias1440.com.ar\/wp-content\/uploads\/2015\/08\/Fabi-Cantilo-Centro-Cultural-Alem-y-Corrientes-Paul-David-Focus-003-300x225.jpg 300w, https:\/\/noticias1440.com.ar\/wp-content\/uploads\/2015\/08\/Fabi-Cantilo-Centro-Cultural-Alem-y-Corrientes-Paul-David-Focus-003.jpg 400w\" sizes=\"auto, (max-width: 300px) 100vw, 300px\" \/><\/a><\/p>\n<p>El costado positivo fue que las localidades se entregaron gratuitamente a todos aquellos que se acercaron a este nuevo centro cultural algunas semanas antes del espect\u00e1culo, pero al mismo tiempo esto de una inesperada forma conspir\u00f2 con el clima ideal para un recital donde mucho p\u00fablico lleg\u00f3 al show sin conocer a la protagonista,sin olvidar que algunos,transcurridos pocos minutos se retiraron de la sala reprobando con murmullos lo que hab\u00edan observado. Tampoco falt\u00f2 un desubicado, que algo pasado de sustancias et\u00edlicas, sorprendi\u00f3 a la gente de seguridad en las primeras filas saludando a la protagonista con gestos y gritos desubicados, situaci\u00f3n a principio de espect\u00e1culo que rompi\u00f3 con cualquier clima conceptual anhelado en el inicio del show, mientras la seguridad retiraba al despistado en cuesti\u00f3n.<\/p>\n<p><a href=\"http:\/\/www.noticias1440.com.ar\/wp-content\/uploads\/2015\/08\/Fabi-Cantilo-Centro-Cultural-Alem-y-Corrientes-Paul-David-Focus-004.jpg\"><img loading=\"lazy\" decoding=\"async\" class=\" size-medium wp-image-1509 alignleft\" src=\"http:\/\/www.noticias1440.com.ar\/wp-content\/uploads\/2015\/08\/Fabi-Cantilo-Centro-Cultural-Alem-y-Corrientes-Paul-David-Focus-004-300x225.jpg\" alt=\"Fabi Cantilo (Centro Cultural Alem y Corrientes - Paul David Focus 004)\" width=\"300\" height=\"225\" srcset=\"https:\/\/noticias1440.com.ar\/wp-content\/uploads\/2015\/08\/Fabi-Cantilo-Centro-Cultural-Alem-y-Corrientes-Paul-David-Focus-004-300x225.jpg 300w, https:\/\/noticias1440.com.ar\/wp-content\/uploads\/2015\/08\/Fabi-Cantilo-Centro-Cultural-Alem-y-Corrientes-Paul-David-Focus-004.jpg 401w\" sizes=\"auto, (max-width: 300px) 100vw, 300px\" \/><\/a><\/p>\n<p>Ubicada en el segundo nivel del viejo Correo Central, instalaci\u00f3n con cientos de j\u00f3venes portando remeras con grandes nomenclaturas pol\u00edticas y las respectivas credenciales en su frente replicando esa denominaci\u00f2n gubernamental, el p\u00fablico accedi\u00f3 lentamennte a esta sala vivenciando una gran demora en llegar al sal\u00f2n central de show por las innumerables vueltas y laberintos creados por la cantidad de paneles colocados en much\u00edsimos sitios de la edificaci\u00f3n, para evitar sectores f\u00edsicos que no corresponden al teatro en s\u00ec. La ausencia del programa de mano de concierto, asom\u00f2 notoria en el ingreso al lugar, reemplazado en la ocasi\u00f3n por una revista con la revista semanal del complejo, sin que esta brindara a los espectadores los datos puntuales del espect\u00e1culo que iban a presenciar.<\/p>\n<p><a href=\"http:\/\/www.noticias1440.com.ar\/wp-content\/uploads\/2015\/08\/Fabi-Cantilo-Centro-Cultural-Alem-y-Corrientes-Paul-David-Focus-006.jpg\"><img loading=\"lazy\" decoding=\"async\" class=\" size-medium wp-image-1511 alignright\" src=\"http:\/\/www.noticias1440.com.ar\/wp-content\/uploads\/2015\/08\/Fabi-Cantilo-Centro-Cultural-Alem-y-Corrientes-Paul-David-Focus-006-300x226.jpg\" alt=\"Fabi Cantilo (Centro Cultural Alem y Corrientes - Paul David Focus 006)\" width=\"300\" height=\"226\" srcset=\"https:\/\/noticias1440.com.ar\/wp-content\/uploads\/2015\/08\/Fabi-Cantilo-Centro-Cultural-Alem-y-Corrientes-Paul-David-Focus-006-300x226.jpg 300w, https:\/\/noticias1440.com.ar\/wp-content\/uploads\/2015\/08\/Fabi-Cantilo-Centro-Cultural-Alem-y-Corrientes-Paul-David-Focus-006.jpg 400w\" sizes=\"auto, (max-width: 300px) 100vw, 300px\" \/><\/a><\/p>\n<p>Anunciado a las 20:30, el show de la ex-vocalista de\u201cLos Twist\u201darranc\u00f2 a las 21:11 mientras todav\u00eda los \u00faltimos asistentes tomaban ubicaci\u00f3n en una sala donde los te\u00f3ricos acomodadores solo brindaban una informaci\u00f3n poco precisa del lugar a ocupar. Inaugurado en mayo de este a\u00f1o, \u201cLa Ballena Azul\u201des t\u00e9cnicamente una irregular copia del mismo tipo de sal\u00f2n que hace varios a\u00f1os ostenta La Usina Del Arte, complejo cultural en el barrio de la Boca que tiene una infraestructura superior, pero que ve amortiguada su convocatoria general por la p\u00e9sima estructura de iluminaci\u00f3n del barrio y la incomodidad del p\u00fablico ante la ausencia de custodia exterior en todo el per\u00ecmetro y unidades de transporte p\u00fablico.<\/p>\n<p><a href=\"http:\/\/www.noticias1440.com.ar\/wp-content\/uploads\/2015\/08\/Fabi-Cantilo-Centro-Cultural-Alem-y-Corrientes-Paul-David-Focus-007.jpg\"><img loading=\"lazy\" decoding=\"async\" class=\" size-medium wp-image-1512 alignleft\" src=\"http:\/\/www.noticias1440.com.ar\/wp-content\/uploads\/2015\/08\/Fabi-Cantilo-Centro-Cultural-Alem-y-Corrientes-Paul-David-Focus-007-300x225.jpg\" alt=\"Fabi Cantilo (Centro Cultural Alem y Corrientes - Paul David Focus 007)\" width=\"300\" height=\"225\" srcset=\"https:\/\/noticias1440.com.ar\/wp-content\/uploads\/2015\/08\/Fabi-Cantilo-Centro-Cultural-Alem-y-Corrientes-Paul-David-Focus-007-300x225.jpg 300w, https:\/\/noticias1440.com.ar\/wp-content\/uploads\/2015\/08\/Fabi-Cantilo-Centro-Cultural-Alem-y-Corrientes-Paul-David-Focus-007.jpg 399w\" sizes=\"auto, (max-width: 300px) 100vw, 300px\" \/><\/a><\/p>\n<p>Con plataformas de madera semicirculares en madera con distintos niveles, a los artistas les cost\u00f2 m\u00e0s de lo esperado acomodarse al lugar, incluso haciendo malabares con ciertas partes del piso que lucieron ciertamente muy resbaladizas,lo que casi provoca un blopper con el bajista Cay Guti\u00e8rrez cuando en un tramo del concierto pis\u00f2 mal y casi termina en el suelo, algo que con reflejos pudo en el \u00faltimo segundo evitar. El concierto comenz\u00f3 en su primer tramo con la esperada oficializaci\u00f3n del \u00e1lbum\u201cSuper Amor\u201d, material que la anfitriona produjo con Lisandro Aristimu\u00f1o, quien no pudo estar presente por un adverso cuadro de salud durante las \u00faltimas jornadas. En los primeros instantes,<\/p>\n<p><a href=\"http:\/\/www.noticias1440.com.ar\/wp-content\/uploads\/2015\/08\/Fabi-Cantilo-Centro-Cultural-Alem-y-Corrientes-Paul-David-Focus-008.jpg\"><img loading=\"lazy\" decoding=\"async\" class=\" size-medium wp-image-1513 alignright\" src=\"http:\/\/www.noticias1440.com.ar\/wp-content\/uploads\/2015\/08\/Fabi-Cantilo-Centro-Cultural-Alem-y-Corrientes-Paul-David-Focus-008-300x226.jpg\" alt=\"Fabi Cantilo (Centro Cultural Alem y Corrientes - Paul David Focus 008)\" width=\"300\" height=\"226\" srcset=\"https:\/\/noticias1440.com.ar\/wp-content\/uploads\/2015\/08\/Fabi-Cantilo-Centro-Cultural-Alem-y-Corrientes-Paul-David-Focus-008-300x226.jpg 300w, https:\/\/noticias1440.com.ar\/wp-content\/uploads\/2015\/08\/Fabi-Cantilo-Centro-Cultural-Alem-y-Corrientes-Paul-David-Focus-008.jpg 400w\" sizes=\"auto, (max-width: 300px) 100vw, 300px\" \/><\/a><\/p>\n<p>Cantilo intent\u00f2 tomar dimensi\u00f3n del \u00e1rea de espect\u00e1culo, pero algunos cambios computarizados y cierta incomodidad que produc\u00edan los desniveles sobre el escenario provocaron que caminara en primera instancia inquieta, midiendo y calculando cada paso sobre escena, proscenio que ostenta una lejana distancia de los laterales, lo cual complica el acceso de los t\u00e9cnicos a escena en caso de surgir un inconveniente. Con el respaldo de una importante pantalla de video detr\u00e1s del escenario, en la cual se emitieron proyecciones preparadas especialmente para cada canci\u00f3n, la anfitriona llev\u00f2 este tramo del show de la forma m\u00e0s equilibrada que pudo, a pesar que ciertos detalles t\u00e9cnicos de audio y luz conspiraban seriamente para que el concierto transcurriese de la manera anhelada.<\/p>\n<p><a href=\"http:\/\/www.noticias1440.com.ar\/wp-content\/uploads\/2015\/08\/Fabi-Cantilo-Centro-Cultural-Alem-y-Corrientes-Paul-David-Focus-011.jpg\"><img loading=\"lazy\" decoding=\"async\" class=\" size-medium wp-image-1516 alignleft\" src=\"http:\/\/www.noticias1440.com.ar\/wp-content\/uploads\/2015\/08\/Fabi-Cantilo-Centro-Cultural-Alem-y-Corrientes-Paul-David-Focus-011-300x224.jpg\" alt=\"Fabi Cantilo (Centro Cultural Alem y Corrientes - Paul David Focus 011)\" width=\"300\" height=\"224\" srcset=\"https:\/\/noticias1440.com.ar\/wp-content\/uploads\/2015\/08\/Fabi-Cantilo-Centro-Cultural-Alem-y-Corrientes-Paul-David-Focus-011-300x224.jpg 300w, https:\/\/noticias1440.com.ar\/wp-content\/uploads\/2015\/08\/Fabi-Cantilo-Centro-Cultural-Alem-y-Corrientes-Paul-David-Focus-011.jpg 401w\" sizes=\"auto, (max-width: 300px) 100vw, 300px\" \/><\/a><\/p>\n<p>As\u00ec entonces pasaron sucesivamente temas como\u201cDesde el cielo\u201d, \u201cGirasoles\u201d, \u201cTerra\u201d, \u201cPayaso\u201dy el track que titula su nuevo \u00e1lbum. Despu\u00e8s de la bell\u00edsima balada titulada \u201cSuper Amor\u201dy la clim\u00e1tica \u201cTren(Volar en c\u00edrculos)\u201d, sucedi\u00f3 el primer incidente que signar\u00eca la justificada incomodidad de la artista ante la infraestructura existente. Fue justo en el momento de encarar la canci\u00f3n\u201cC\u00e0psula de Escape\u201dcuando las cosas se fueron veloz de control y un asistente ingres\u00f2 al centro f\u00edsico con una silla que supuestamente alguien de la organizaci\u00f3n del lugar deb\u00eda llevar para la s\u00e9ptima pieza de concierto. Buscando en respetuosa conducta mantener el equilibrio all\u00ec dentro, Fabi tom\u00f2 ubicaci\u00f3n pero cuando eso ocurr\u00eca un inesperado haz de luz la encandil\u00f2 de manera brutal desde el fondo de la sala, alterando su buen humor y simpat\u00eda. \u201cSacame eso, ac\u00e0 la\u201cpizzer\u00eda\u201dn\u00f2, sac\u00e0 esa luz ya mismo, tengo muchas ganas de romperte ese foco\u201dse\u00f1al\u00f3 correctamente molesta la protagonista por el desfasaje t\u00e9cnico, cuando la infraestructura del lugar comenzaba muy r\u00e1pido e inocultablemnete a mostrar grav\u00edsimas falencias operativas.<\/p>\n<p><a href=\"http:\/\/www.noticias1440.com.ar\/wp-content\/uploads\/2015\/08\/Fabi-Cantilo-Centro-Cultural-Alem-y-Corrientes-Paul-David-Focus-010.jpg\"><img loading=\"lazy\" decoding=\"async\" class=\" size-medium wp-image-1515 alignright\" src=\"http:\/\/www.noticias1440.com.ar\/wp-content\/uploads\/2015\/08\/Fabi-Cantilo-Centro-Cultural-Alem-y-Corrientes-Paul-David-Focus-010-300x225.jpg\" alt=\"Fabi Cantilo (Centro Cultural Alem y Corrientes - Paul David Focus 010)\" width=\"300\" height=\"225\" srcset=\"https:\/\/noticias1440.com.ar\/wp-content\/uploads\/2015\/08\/Fabi-Cantilo-Centro-Cultural-Alem-y-Corrientes-Paul-David-Focus-010-300x225.jpg 300w, https:\/\/noticias1440.com.ar\/wp-content\/uploads\/2015\/08\/Fabi-Cantilo-Centro-Cultural-Alem-y-Corrientes-Paul-David-Focus-010.jpg 401w\" sizes=\"auto, (max-width: 300px) 100vw, 300px\" \/><\/a><\/p>\n<p>\u201cAhora ya estamos en confianza. Rompimos el hielo, ya pute\u00e8 y estamos en confianza, podemos seguir\u201dfue el claro comentario de la artista, quien no ocult\u00f2 las falencias operativas que denota a todos los involucrados un sitio que no parece haber sido concebido para este tipo de shows. Una amplificaci\u00f3n que le llev\u00f2 al sonidista al menos 40 minutos encontrar una ecualizaci\u00f3n de l\u00f3gica impedancia, sumado a los retumbes por la ausencia de deflectores de sonido en ciertos sectores del lugar, se confabularon para que concierto transitara tramos ce\u00f1idos a la preocupaci\u00f3n de quienes sobre escena deb\u00edan llevar las cosas a muy buen puerto.<\/p>\n<p><a href=\"http:\/\/www.noticias1440.com.ar\/wp-content\/uploads\/2015\/08\/Fabi-Cantilo-Centro-Cultural-Alem-y-Corrientes-Paul-David-Focus-009.jpg\"><img loading=\"lazy\" decoding=\"async\" class=\" size-medium wp-image-1514 alignleft\" src=\"http:\/\/www.noticias1440.com.ar\/wp-content\/uploads\/2015\/08\/Fabi-Cantilo-Centro-Cultural-Alem-y-Corrientes-Paul-David-Focus-009-300x225.jpg\" alt=\"Fabi Cantilo (Centro Cultural Alem y Corrientes - Paul David Focus 009)\" width=\"300\" height=\"225\" srcset=\"https:\/\/noticias1440.com.ar\/wp-content\/uploads\/2015\/08\/Fabi-Cantilo-Centro-Cultural-Alem-y-Corrientes-Paul-David-Focus-009-300x225.jpg 300w, https:\/\/noticias1440.com.ar\/wp-content\/uploads\/2015\/08\/Fabi-Cantilo-Centro-Cultural-Alem-y-Corrientes-Paul-David-Focus-009.jpg 400w\" sizes=\"auto, (max-width: 300px) 100vw, 300px\" \/><\/a><\/p>\n<p>La primera parte del show, aunque temporalmente no depar\u00f2 un intervalo, culmin\u00f2 con la presencia de Laura Cassarino interpretando el tema\u201cEscritos del mar\u201d, canci\u00f3n que Fabi en su \u00faltima placa incluy\u00f2 muy entusiasmada. Mientras esto ocurr\u00eca, fabi sali\u00f3 presurosa a cambiarse de vestuario y su vestido inicial en tonos claros, mut\u00f2 a un conjunto con falda negra, botitas, portaligas y algunos suaves toques de color en torax. \u201cMiedo\u201d, \u201cBailarines de cart\u00f2n\u201d,\u201cRock Tradici\u00f2n\u201dy la ambiental\u201cDelfines\u201d fueron el \u00faltimo bloque desarrollado en esa primera parte te\u00f1ida de incontables einpeditos problemas sobre el escenario,los que dignamente la anfitriona sobrellev\u00f2 de la manera m\u00e0s educada posible.<\/p>\n<p><a href=\"http:\/\/www.noticias1440.com.ar\/wp-content\/uploads\/2015\/08\/Fabi-Cantilo-Centro-Cultural-Alem-y-Corrientes-Paul-David-Focus-012.jpg\"><img loading=\"lazy\" decoding=\"async\" class=\" size-medium wp-image-1517 alignright\" src=\"http:\/\/www.noticias1440.com.ar\/wp-content\/uploads\/2015\/08\/Fabi-Cantilo-Centro-Cultural-Alem-y-Corrientes-Paul-David-Focus-012-300x226.jpg\" alt=\"Fabi Cantilo (Centro Cultural Alem y Corrientes - Paul David Focus 012)\" width=\"300\" height=\"226\" srcset=\"https:\/\/noticias1440.com.ar\/wp-content\/uploads\/2015\/08\/Fabi-Cantilo-Centro-Cultural-Alem-y-Corrientes-Paul-David-Focus-012-300x226.jpg 300w, https:\/\/noticias1440.com.ar\/wp-content\/uploads\/2015\/08\/Fabi-Cantilo-Centro-Cultural-Alem-y-Corrientes-Paul-David-Focus-012.jpg 399w\" sizes=\"auto, (max-width: 300px) 100vw, 300px\" \/><\/a><\/p>\n<p>Fue entonces que lleg\u00f3 la parte tal vez m\u00e0s esperada por sus seguidores, bloque con cl\u00e1sicos del repertorio de la cantautora y aquellos covers que en la \u00faltima d\u00e9cada se sumaron al listado de show que Cantilo suele desarrollar en vivo. Algo m\u00e0s distendida, pero sin descuidar cada uno de los elementos que conformaban su recital, Fabi encar\u00f2 un bloque el\u00e9ctrico intenso y vital con\u201cUna tregua\u201d, \u201cMeteoritos\u201dy\u201cJ\u00f9piter\u201d, aunque entre estas dos \u00faltimas asom\u00f2 la pegadiza recreaci\u00f3n de \u201cCanci\u00f2n de Alicia\u201d, un hit del grupo Ser\u00f9 Gir\u00e0n que finalmente orient\u00f2 para el lado positivo la parte final del espect\u00e1culo. Poniendo en marcha una muy atractiva secuencia de canciones con artistas invitados, lleg\u00f3\u201cEiti Leda\u201dotro hit del grupo que sobresali\u00f3 a fines de los\u201970s y principios de los\u201980s en Argentina, canci\u00f3n que sum\u00f2 a Claudia Puy\u00f2 en voces y al guitarrista David Leb\u00f2n en guitarra y tambi\u00e9n en coros casi al final del track seleccionado.<\/p>\n<p><a href=\"http:\/\/www.noticias1440.com.ar\/wp-content\/uploads\/2015\/08\/Fabi-Cantilo-Centro-Cultural-Alem-y-Corrientes-Paul-David-Focus-013.jpg\"><img loading=\"lazy\" decoding=\"async\" class=\"alignnone size-medium wp-image-1518\" src=\"http:\/\/www.noticias1440.com.ar\/wp-content\/uploads\/2015\/08\/Fabi-Cantilo-Centro-Cultural-Alem-y-Corrientes-Paul-David-Focus-013-300x225.jpg\" alt=\"Fabi Cantilo (Centro Cultural Alem y Corrientes - Paul David Focus 013)\" width=\"300\" height=\"225\" srcset=\"https:\/\/noticias1440.com.ar\/wp-content\/uploads\/2015\/08\/Fabi-Cantilo-Centro-Cultural-Alem-y-Corrientes-Paul-David-Focus-013-300x225.jpg 300w, https:\/\/noticias1440.com.ar\/wp-content\/uploads\/2015\/08\/Fabi-Cantilo-Centro-Cultural-Alem-y-Corrientes-Paul-David-Focus-013.jpg 399w\" sizes=\"auto, (max-width: 300px) 100vw, 300px\" \/><\/a>\u00a0<a href=\"http:\/\/www.noticias1440.com.ar\/wp-content\/uploads\/2015\/08\/Fabi-Cantilo-Centro-Cultural-Alem-y-Corrientes-Paul-David-Focus-014.jpg\"><img loading=\"lazy\" decoding=\"async\" class=\"alignnone size-medium wp-image-1519\" src=\"http:\/\/www.noticias1440.com.ar\/wp-content\/uploads\/2015\/08\/Fabi-Cantilo-Centro-Cultural-Alem-y-Corrientes-Paul-David-Focus-014-300x225.jpg\" alt=\"Fabi Cantilo (Centro Cultural Alem y Corrientes - Paul David Focus 014)\" width=\"300\" height=\"225\" srcset=\"https:\/\/noticias1440.com.ar\/wp-content\/uploads\/2015\/08\/Fabi-Cantilo-Centro-Cultural-Alem-y-Corrientes-Paul-David-Focus-014-300x225.jpg 300w, https:\/\/noticias1440.com.ar\/wp-content\/uploads\/2015\/08\/Fabi-Cantilo-Centro-Cultural-Alem-y-Corrientes-Paul-David-Focus-014.jpg 402w\" sizes=\"auto, (max-width: 300px) 100vw, 300px\" \/><\/a><\/p>\n<p><a href=\"http:\/\/www.noticias1440.com.ar\/wp-content\/uploads\/2015\/08\/Fabi-Cantilo-Centro-Cultural-Alem-y-Corrientes-Paul-David-Focus-015.jpg\"><img loading=\"lazy\" decoding=\"async\" class=\"alignnone size-medium wp-image-1520\" src=\"http:\/\/www.noticias1440.com.ar\/wp-content\/uploads\/2015\/08\/Fabi-Cantilo-Centro-Cultural-Alem-y-Corrientes-Paul-David-Focus-015-300x224.jpg\" alt=\"Fabi Cantilo (Centro Cultural Alem y Corrientes - Paul David Focus 015)\" width=\"300\" height=\"224\" srcset=\"https:\/\/noticias1440.com.ar\/wp-content\/uploads\/2015\/08\/Fabi-Cantilo-Centro-Cultural-Alem-y-Corrientes-Paul-David-Focus-015-300x224.jpg 300w, https:\/\/noticias1440.com.ar\/wp-content\/uploads\/2015\/08\/Fabi-Cantilo-Centro-Cultural-Alem-y-Corrientes-Paul-David-Focus-015.jpg 401w\" sizes=\"auto, (max-width: 300px) 100vw, 300px\" \/><\/a><a href=\"http:\/\/www.noticias1440.com.ar\/wp-content\/uploads\/2015\/08\/Fabi-Cantilo-Centro-Cultural-Alem-y-Corrientes-Paul-David-Focus-016.jpg\"><img loading=\"lazy\" decoding=\"async\" class=\"alignnone size-medium wp-image-1521\" src=\"http:\/\/www.noticias1440.com.ar\/wp-content\/uploads\/2015\/08\/Fabi-Cantilo-Centro-Cultural-Alem-y-Corrientes-Paul-David-Focus-016-300x224.jpg\" alt=\"Fabi Cantilo (Centro Cultural Alem y Corrientes - Paul David Focus 016)\" width=\"300\" height=\"224\" srcset=\"https:\/\/noticias1440.com.ar\/wp-content\/uploads\/2015\/08\/Fabi-Cantilo-Centro-Cultural-Alem-y-Corrientes-Paul-David-Focus-016-300x224.jpg 300w, https:\/\/noticias1440.com.ar\/wp-content\/uploads\/2015\/08\/Fabi-Cantilo-Centro-Cultural-Alem-y-Corrientes-Paul-David-Focus-016.jpg 399w\" sizes=\"auto, (max-width: 300px) 100vw, 300px\" \/><\/a><\/p>\n<p><a href=\"http:\/\/www.noticias1440.com.ar\/wp-content\/uploads\/2015\/08\/Fabi-Cantilo-Centro-Cultural-Alem-y-Corrientes-Paul-David-Focus-017.jpg\"><img loading=\"lazy\" decoding=\"async\" class=\" size-medium wp-image-1522 alignleft\" src=\"http:\/\/www.noticias1440.com.ar\/wp-content\/uploads\/2015\/08\/Fabi-Cantilo-Centro-Cultural-Alem-y-Corrientes-Paul-David-Focus-017-300x224.jpg\" alt=\"Fabi Cantilo (Centro Cultural Alem y Corrientes - Paul David Focus 017)\" width=\"300\" height=\"224\" srcset=\"https:\/\/noticias1440.com.ar\/wp-content\/uploads\/2015\/08\/Fabi-Cantilo-Centro-Cultural-Alem-y-Corrientes-Paul-David-Focus-017-300x224.jpg 300w, https:\/\/noticias1440.com.ar\/wp-content\/uploads\/2015\/08\/Fabi-Cantilo-Centro-Cultural-Alem-y-Corrientes-Paul-David-Focus-017.jpg 400w\" sizes=\"auto, (max-width: 300px) 100vw, 300px\" \/><\/a><\/p>\n<p>Cuando todo parec\u00eda que se direccionaba hacia un equilibrio esc\u00e9nico tranquilizador, las cosas volvieron a salirse de control. Una vez ingresado a escena, el legendario guitarrista de Ser\u00f9 Gir\u00e0n debi\u00f3 esperar varios minutos hasta que los t\u00e9cnicos pudieron hacer sonar su instrumento, en una plataforma t\u00e9cnica que dej\u00f3 al desnudo ciertas falencias que esta sala ostenta desde su artificial creaci\u00f3n. \u201cPensar que estaba viendo en video un show de U2, donde hay una infinita cantidad de racks de guitarra que andan y ac\u00e0 hay en este lugar veo solo dos cables en el suelo y ninguno funciona, pero, el lugar es lindo\u201d fue el demoledor e ir\u00f3nico comentario de Leb\u00f2n sobre este flamante \u00e1mbito de espect\u00e1culos, plataforma que no cuenta hasta el momento con un sistema de luces que pueda modificarse de acuerdo a las necesidades de cada artista y espect\u00e1culo en cuesti\u00f3n. Superado ese p\u00e9simo momento t\u00e9cnico, por suerte los protagonistas olvidaron semejante dejadez operativa para encarar a puro rock un tema que finalmente obr\u00f2 como bisagra para quebrar esa firme adversidad an\u00ecmica que cada tanto vaporizaba el \u00e1mbito de show. Un sensacional solo de guitarra y las tres voces al frente emocionaron a la audiencia, mientras la anfitriona por primera vez en ese proscenio se permit\u00eca moverse sin la tensi\u00f3n inicial provocada por los incontables inconvenientes que el lugar f\u00edsicamente depar\u00f2, tramo donde la gente percibi\u00f3 la calma de la protagonista con las cosas encauzadas hacia el lado positivo.<\/p>\n<p><a href=\"http:\/\/www.noticias1440.com.ar\/wp-content\/uploads\/2015\/08\/Fabi-Cantilo-Centro-Cultural-Alem-y-Corrientes-Paul-David-Focus-018.jpg\"><img loading=\"lazy\" decoding=\"async\" class=\" size-medium wp-image-1523 alignright\" src=\"http:\/\/www.noticias1440.com.ar\/wp-content\/uploads\/2015\/08\/Fabi-Cantilo-Centro-Cultural-Alem-y-Corrientes-Paul-David-Focus-018-300x224.jpg\" alt=\"Fabi Cantilo (Centro Cultural Alem y Corrientes - Paul David Focus 018)\" width=\"300\" height=\"224\" srcset=\"https:\/\/noticias1440.com.ar\/wp-content\/uploads\/2015\/08\/Fabi-Cantilo-Centro-Cultural-Alem-y-Corrientes-Paul-David-Focus-018-300x224.jpg 300w, https:\/\/noticias1440.com.ar\/wp-content\/uploads\/2015\/08\/Fabi-Cantilo-Centro-Cultural-Alem-y-Corrientes-Paul-David-Focus-018.jpg 401w\" sizes=\"auto, (max-width: 300px) 100vw, 300px\" \/><\/a><\/p>\n<p>El desenlace del espect\u00e1culo lleg\u00f3 con\u201cFue Amor\u201d, junto a Claudia Puy\u00f2, el ingreso a la plataforma esc\u00e9nica de Hilda Lizarazu para\u201cUn micr\u00f3n de segundo\u201d, culminando con la presencia de la banda completa y las vocalistas para\u201cFue Amor\u201d, otro de los tracks donde se luci\u00f2 la inmaculada trompeta de Miguel Angel Tallarita. Despu\u00e8s de unos muy pocos segundos de descanso, el grupo y su l\u00edder regresaron al escenario para encarar la pegadiza \u201cMary Poppins y el deshollinador\u201d, donde volvi\u00f3 a lucirse el veterano trompetista en una parte muy recordada de este hit, canci\u00f3n en la que todas las vocalistas decidieron cantar al fondo del escenario desarrollando una muy divertida y graciosa coreograf\u00eda.<\/p>\n<p><a href=\"http:\/\/www.noticias1440.com.ar\/wp-content\/uploads\/2015\/08\/Fabi-Cantilo-Centro-Cultural-Alem-y-Corrientes-Paul-David-Focus-008.jpg\"><img loading=\"lazy\" decoding=\"async\" class=\" size-medium wp-image-1513 alignleft\" src=\"http:\/\/www.noticias1440.com.ar\/wp-content\/uploads\/2015\/08\/Fabi-Cantilo-Centro-Cultural-Alem-y-Corrientes-Paul-David-Focus-008-300x226.jpg\" alt=\"Fabi Cantilo (Centro Cultural Alem y Corrientes - Paul David Focus 008)\" width=\"300\" height=\"226\" srcset=\"https:\/\/noticias1440.com.ar\/wp-content\/uploads\/2015\/08\/Fabi-Cantilo-Centro-Cultural-Alem-y-Corrientes-Paul-David-Focus-008-300x226.jpg 300w, https:\/\/noticias1440.com.ar\/wp-content\/uploads\/2015\/08\/Fabi-Cantilo-Centro-Cultural-Alem-y-Corrientes-Paul-David-Focus-008.jpg 400w\" sizes=\"auto, (max-width: 300px) 100vw, 300px\" \/><\/a><\/p>\n<p>Para tocar el \u00faltimo tema, Fabi Cantilo volvi\u00f3 a calzarse la electroac\u00fastica y tomar posici\u00f3n central en una c\u00f3moda banqueta, para interpretar con todos los presentes la emotiva canci\u00f3n\u201cZona de Promesas\u201d, hit de Soda St\u00e8reo que la artista public\u00f2 primero en su discograf\u00eda solista antes que la banda argentina lo interpretara y registrara en la gira final del 2007. Dando a esa canci\u00f3n el merecido homenaje que la anfitriona deseaba tributar a la memoria de su colega Gustavo Cerati, de cuya defunci\u00f3n est\u00e1 por cumplirse un a\u00f1o, el concierto cerr\u00f2 de forma muy emotiva, mientras el p\u00fablico aplaud\u00eca de pie la sensacional performance de la artista argentina. Ratificando sus pergaminos profesionales y haciendo gala de una firme energ\u00eda para sobreponerse a un lugar de show al que le faltan horas de actividad y mucha cocci\u00f3n organizativa, Fabi Cantilo demostr\u00f3 porqu\u00e8 es la solista femenina n\u00famero uno del pa\u00eds, una noche donde\u201cMary Poppins\u201dsac\u00f2 t\u00edtulo de rockera domadora de ballenas azules.\u00a0\u00a0\u00a0\u00a0\u00a0\u00a0\u00a0\u00a0\u00a0\u00a0\u00a0<\/p>\n<p><strong>Fabiana Cantilo \u2013 Presentaci\u00f2n del disco \u201cSuper Amor\u201d(Sirena Records 2015)- Sala \u201cLa Ballena Azul\u201d \u2013 CCK \u2013 Alem y Corrientes \u2013 S\u00e0bado 15 de Agosto de 2015 (Lista final de temas: 01 Desde el cielo \/\/ 02 Girasoles \/\/ 03 Terra \/\/ 04 Payaso \/\/ 05 SuperAmor \/\/ 06 Tren (Volar en c\u00edrculos) \/\/ 07 C\u00e0psula de escape \/\/ 08 Escritos de Mar (Laura Cassarino \u2013 lead vocal) \/\/ 09 Miedo \/\/ 10 Bailarines de cart\u00f3n \/\/ 11 Rock Tradici\u00f2n \/\/ 12 Delfines \/\/ 13 Una tregua \/\/ 14 Meteoritos \/\/ 15 Canci\u00f2n de Alicia \/\/ 16 J\u00f9piter \/\/ 17 Eiti Leda (con David Leb\u00f2n y Claudia Puy\u00f2) \/\/ 18 Fue Amor (con Claudia Puy\u00f2) \/\/ 19 Un micr\u00f3n de segundo (con Hilda Lizarazu) \/\/ 20 Ya fue (Full Band) \/\/ 21 Mary Poppins y el deshollinador (All backing vocals) \/\/ 22 Zona de promesas -All backing vocals-) \u00a0<\/strong><\/p>\n<p><strong>\u00a0<\/strong><\/p>\n","protected":false},"excerpt":{"rendered":"<p>La solista n\u00famero uno del rock argentino present\u00f2\u201cSuper Amor\u201den el edificio donde hace pocos a\u00f1os funcion\u00f2 el Correo Central, un notable recital que dej\u00f3 expuestas numerosas falencias t\u00e9cnicas de un \u00e1mbito todav\u00eda poco propicio para estos espect\u00e1culos.<\/p>\n","protected":false},"author":1,"featured_media":1504,"comment_status":"closed","ping_status":"open","sticky":false,"template":"","format":"standard","meta":{"footnotes":""},"categories":[8],"tags":[],"class_list":["post-1502","post","type-post","status-publish","format-standard","has-post-thumbnail","hentry","category-criticas"],"_links":{"self":[{"href":"https:\/\/noticias1440.com.ar\/index.php?rest_route=\/wp\/v2\/posts\/1502","targetHints":{"allow":["GET"]}}],"collection":[{"href":"https:\/\/noticias1440.com.ar\/index.php?rest_route=\/wp\/v2\/posts"}],"about":[{"href":"https:\/\/noticias1440.com.ar\/index.php?rest_route=\/wp\/v2\/types\/post"}],"author":[{"embeddable":true,"href":"https:\/\/noticias1440.com.ar\/index.php?rest_route=\/wp\/v2\/users\/1"}],"replies":[{"embeddable":true,"href":"https:\/\/noticias1440.com.ar\/index.php?rest_route=%2Fwp%2Fv2%2Fcomments&post=1502"}],"version-history":[{"count":6,"href":"https:\/\/noticias1440.com.ar\/index.php?rest_route=\/wp\/v2\/posts\/1502\/revisions"}],"predecessor-version":[{"id":1531,"href":"https:\/\/noticias1440.com.ar\/index.php?rest_route=\/wp\/v2\/posts\/1502\/revisions\/1531"}],"wp:featuredmedia":[{"embeddable":true,"href":"https:\/\/noticias1440.com.ar\/index.php?rest_route=\/wp\/v2\/media\/1504"}],"wp:attachment":[{"href":"https:\/\/noticias1440.com.ar\/index.php?rest_route=%2Fwp%2Fv2%2Fmedia&parent=1502"}],"wp:term":[{"taxonomy":"category","embeddable":true,"href":"https:\/\/noticias1440.com.ar\/index.php?rest_route=%2Fwp%2Fv2%2Fcategories&post=1502"},{"taxonomy":"post_tag","embeddable":true,"href":"https:\/\/noticias1440.com.ar\/index.php?rest_route=%2Fwp%2Fv2%2Ftags&post=1502"}],"curies":[{"name":"wp","href":"https:\/\/api.w.org\/{rel}","templated":true}]}}