{"id":1427,"date":"2015-08-12T20:56:27","date_gmt":"2015-08-12T20:56:27","guid":{"rendered":"http:\/\/www.noticias1440.com.ar\/?p=1427"},"modified":"2015-08-14T13:11:27","modified_gmt":"2015-08-14T13:11:27","slug":"pablo-trapero-la-pelicula-aparece-en-el-momento-apropiado","status":"publish","type":"post","link":"https:\/\/noticias1440.com.ar\/?p=1427","title":{"rendered":"Pablo Trapero estrena \u201cEl Clan\u201d: \u201cPara m\u00ec era importante recuperar la tradici\u00f3n del g\u00e8nero policial argentino\u201d"},"content":{"rendered":"<p>El afamado director en di\u00e1logo a solas con Noticias1440 analiz\u00f2 el largometraje sobre la familia Puccio, recreaci\u00f3n con Guillermo Francella y Peter Lanzani que muestra el raid criminal de una familia de clase media a principios de los\u201980.<\/p>\n<p><!--more-->\u00a0<a href=\"http:\/\/www.noticias1440.com.ar\/wp-content\/uploads\/2015\/08\/Pablo-Trapero-foto-gentileza-20-Century-Fox-A014.jpg\"><img loading=\"lazy\" decoding=\"async\" class=\"alignnone size-medium wp-image-1453\" src=\"http:\/\/www.noticias1440.com.ar\/wp-content\/uploads\/2015\/08\/Pablo-Trapero-foto-gentileza-20-Century-Fox-A014-300x234.jpg\" alt=\"Pablo Trapero (foto gentileza 20 Century Fox A014)\" width=\"300\" height=\"234\" srcset=\"https:\/\/noticias1440.com.ar\/wp-content\/uploads\/2015\/08\/Pablo-Trapero-foto-gentileza-20-Century-Fox-A014-300x234.jpg 300w, https:\/\/noticias1440.com.ar\/wp-content\/uploads\/2015\/08\/Pablo-Trapero-foto-gentileza-20-Century-Fox-A014.jpg 416w\" sizes=\"auto, (max-width: 300px) 100vw, 300px\" \/><\/a><a href=\"http:\/\/www.noticias1440.com.ar\/wp-content\/uploads\/2015\/08\/Pablo-Trapero-foto-Paul-David-Focus-A002.jpg\"><img loading=\"lazy\" decoding=\"async\" class=\"alignnone size-medium wp-image-1437\" src=\"http:\/\/www.noticias1440.com.ar\/wp-content\/uploads\/2015\/08\/Pablo-Trapero-foto-Paul-David-Focus-A002-300x167.jpg\" alt=\"Pablo Trapero (foto Paul David Focus A002)\" width=\"300\" height=\"167\" srcset=\"https:\/\/noticias1440.com.ar\/wp-content\/uploads\/2015\/08\/Pablo-Trapero-foto-Paul-David-Focus-A002-300x167.jpg 300w, https:\/\/noticias1440.com.ar\/wp-content\/uploads\/2015\/08\/Pablo-Trapero-foto-Paul-David-Focus-A002.jpg 536w\" sizes=\"auto, (max-width: 300px) 100vw, 300px\" \/><\/a><\/p>\n<p><a href=\"http:\/\/www.noticias1440.com.ar\/wp-content\/uploads\/2015\/08\/Pablo-Trapero-foto-Paul-David-Focus-A000.jpg\"><img loading=\"lazy\" decoding=\"async\" class=\" size-medium wp-image-1435 alignright\" src=\"http:\/\/www.noticias1440.com.ar\/wp-content\/uploads\/2015\/08\/Pablo-Trapero-foto-Paul-David-Focus-A000-166x300.jpg\" alt=\"Pablo Trapero (foto Paul David Focus A000)\" width=\"166\" height=\"300\" srcset=\"https:\/\/noticias1440.com.ar\/wp-content\/uploads\/2015\/08\/Pablo-Trapero-foto-Paul-David-Focus-A000-166x300.jpg 166w, https:\/\/noticias1440.com.ar\/wp-content\/uploads\/2015\/08\/Pablo-Trapero-foto-Paul-David-Focus-A000.jpg 238w\" sizes=\"auto, (max-width: 166px) 100vw, 166px\" \/><\/a><\/p>\n<p><strong>Por Gabriel Imparato<\/strong><\/p>\n<p><strong>(Capital Federal \u2013 Mi\u00e8rcoles 12 de Agosto de 2015)<\/strong> Este jueves finalmente se estrenar\u00e0 a nivel nacional el largometraje\u201cEl Clan\u201d, la nueva pel\u00edcula del talentoso director Pablo Trapero, historia que cuenta con las actuaciones protag\u00f3nicas de los int\u00e8rpretes Guillermo Francella y Peter Lanzani, encarnando a Arqu\u00ecmedes y Alejandro Puccio, integrantes del clan familiar que perpetr\u00f2 varios secuestros y asesinatos a principios de los\u201980. Durante la noche del martes, 20 Century Fox, las productoras K &amp; S y El Deseo llevaron a cabo una espectacular premiere en el Hoyts Cines del Dot Shopping ocupando la totalidad del gran complejo cinematogr\u00e0fico ubicado en la zona de Vicente L\u00f2pez, fiesta f\u00edlmica a la que se dieron cita figuras del mundo del espect\u00e1culo como Dami\u00e0n Szifr\u00f2n,Mar\u00eca Marull, Adri\u00e0n Suar, Pablo Codevilla, Nicol\u00e0s Repetto, Florencia Raggi, Luis Scalella, Carlos Mentasti, Flavia Palmiero, Daniel Grinbank y Andrea Pietra, entre otros, sobresaliendo tambi\u00e9n las presencias del candidato a presidente por Cambiemos Mauricio Macri y el presidente de Aerol\u00ecneas Argentinas Mariano Recalde, en una m\u00faltiple exhibici\u00f3n del largometraje para las 2200 personas que se dieron cita en esas modernas salas de exhibici\u00f3n.<\/p>\n<p><a href=\"http:\/\/www.noticias1440.com.ar\/wp-content\/uploads\/2015\/08\/Foto-Pablo-Trapero-Paul-David-Focus-Noticias1440-X002.jpg\"><img loading=\"lazy\" decoding=\"async\" class=\" size-medium wp-image-1433 alignleft\" src=\"http:\/\/www.noticias1440.com.ar\/wp-content\/uploads\/2015\/08\/Foto-Pablo-Trapero-Paul-David-Focus-Noticias1440-X002-300x254.jpg\" alt=\"Foto Pablo Trapero (Paul David Focus - Noticias1440 X002)\" width=\"300\" height=\"254\" srcset=\"https:\/\/noticias1440.com.ar\/wp-content\/uploads\/2015\/08\/Foto-Pablo-Trapero-Paul-David-Focus-Noticias1440-X002-300x254.jpg 300w, https:\/\/noticias1440.com.ar\/wp-content\/uploads\/2015\/08\/Foto-Pablo-Trapero-Paul-David-Focus-Noticias1440-X002.jpg 336w\" sizes=\"auto, (max-width: 300px) 100vw, 300px\" \/><\/a><\/p>\n<p>La prensa argentina ya hab\u00eda tenido la ocasi\u00f3n de apreciar la nueva pel\u00edcula del realizador de\u201cMundo Gr\u00f9a\u201d, largometraje exhibido durante la madrugada del lunes 10 de agosto en el Hoyts Cines Abasto,en una presentaci\u00f3n especial para medios locales y extranjeros que al finalizar la proyecci\u00f3n incluy\u00f2 una extensa conferencia de prensa con los dos actores del in\u00e8dito film argentino acompa\u00f1ados por el director y los productores asociados de esta nueva producci\u00f3n nacional. La semana de promoci\u00f3n del equipo de producci\u00f3n incluy\u00f2 el viaje a Mendoza y C\u00f2rdoba de los actores y director junto con un gran staff de producci\u00f3n acompa\u00f1ados de la manager de prensa Agostina Mentasti del famoso equipo difusional de la Agencia Raquel Flotta, legendaria presswoman responsable por su lado tuvo a su cargo la coordinaci\u00f3n de las entrevistas junto a Connie Mavroyani, y Ana Cienfuegos que los int\u00e8rpretes brindaron en el Hotel Intercontinental la semana pasada durante dos jornadas de notas para todos los medios locales y extranjeros reunidos en el hotel porte\u00f1o. Durante la primera fecha jornada de entrevistas que este triunvirato de artistas ofreci\u00f2 a la prensa all\u00ec reunida, el talentoso realizador Pablo Trapero habl\u00f2 a solas con Noticias 1440 para contar detalles de su trabajo y referirse en extenso a su gran momento profesional:<\/p>\n<p><a href=\"http:\/\/www.noticias1440.com.ar\/wp-content\/uploads\/2015\/08\/Pablo-Trapero-foto-Paul-David-Focus-A001.jpg\"><img loading=\"lazy\" decoding=\"async\" class=\" size-medium wp-image-1436 alignright\" src=\"http:\/\/www.noticias1440.com.ar\/wp-content\/uploads\/2015\/08\/Pablo-Trapero-foto-Paul-David-Focus-A001-300x167.jpg\" alt=\"Pablo Trapero (foto Paul David Focus A001)\" width=\"300\" height=\"167\" srcset=\"https:\/\/noticias1440.com.ar\/wp-content\/uploads\/2015\/08\/Pablo-Trapero-foto-Paul-David-Focus-A001-300x167.jpg 300w, https:\/\/noticias1440.com.ar\/wp-content\/uploads\/2015\/08\/Pablo-Trapero-foto-Paul-David-Focus-A001.jpg 536w\" sizes=\"auto, (max-width: 300px) 100vw, 300px\" \/><\/a><\/p>\n<p><strong>Los a\u00f1os \u201980 muchos los recuerdan ahora de una manera m\u00e1gica pero al mismo tiempo esas temporadas tuvieron un lado dark que no fue demasiado difundido.\u00a0 <\/strong>Bueno, esa relaci\u00f3n que hac\u00e8s de un modo un poco casual no es tan as\u00ec, justamente los \u201980 y el policial argentino tienen una tradici\u00f3n, para m\u00ec era importante recuperar un poco esa tradici\u00f3n de g\u00e8nero de esa \u00e9poca, hubo muchas pel\u00edculas en esos \u201980 que dialogaban con esa realidad social, con lo que significaba la vuelta a la democracia, algunas con m\u00e0s \u00e9xito que otras, pero exist\u00eda esa necesidad de evocar la ficci\u00f3n con nuestra propia historia. Entonces para m\u00ec\u201cEl Clan\u201dera la posibilidad, treinta a\u00f1os despu\u00e9s, era la posibilidad de reflexionar primero sobre esta historia personal de esta familia tan extrema, tan de la ficci\u00f3n, como un villano que muestra esta pel\u00edcula, \u201cEl Clan\u201des entre otras cosas es la pel\u00edcula sobre un villano y a trav\u00e9s de esa familia y este patriarca narrar una \u00e9poca de Argentina, narrar una \u00e9poca muy intensa muy traum\u00e1tica y a la vez de una \u00e8poca de la que se habla muy poco. Si yo hablara de las operaciones de la dictadura o de la guerra de Malvinas, pero se habla muy poco de esa transici\u00f3n de lo que signific\u00f2 dejar esa dictadura para convertirnos en un pa\u00eds democr\u00e1tico, la verdad que en ese sentido el caso o por lo menos esta parte del caso, estos a\u00f1os comprendidos entre 1982 y 1985 me permit\u00ecan contar este universo del Clan Puccio pero a la vez a trav\u00e9s de ellos repasar un fragmento de la historia argentina que por su crudeza y su intensidad hizo posible tambi\u00e9n un caso como el de los Puccio.<\/p>\n<p><strong>\u00a0<a href=\"http:\/\/www.noticias1440.com.ar\/wp-content\/uploads\/2015\/08\/Pablo-Trapero-foto-gentileza-20-Century-Fox-A001.jpg\"><img loading=\"lazy\" decoding=\"async\" class=\"alignnone size-medium wp-image-1438\" src=\"http:\/\/www.noticias1440.com.ar\/wp-content\/uploads\/2015\/08\/Pablo-Trapero-foto-gentileza-20-Century-Fox-A001-300x197.jpg\" alt=\"Pablo Trapero (foto gentileza 20 Century Fox A001)\" width=\"300\" height=\"197\" srcset=\"https:\/\/noticias1440.com.ar\/wp-content\/uploads\/2015\/08\/Pablo-Trapero-foto-gentileza-20-Century-Fox-A001-300x197.jpg 300w, https:\/\/noticias1440.com.ar\/wp-content\/uploads\/2015\/08\/Pablo-Trapero-foto-gentileza-20-Century-Fox-A001.jpg 455w\" sizes=\"auto, (max-width: 300px) 100vw, 300px\" \/><\/a><a href=\"http:\/\/www.noticias1440.com.ar\/wp-content\/uploads\/2015\/08\/Pablo-Trapero-foto-gentileza-20-Century-Fox-A008.jpg\"><img loading=\"lazy\" decoding=\"async\" class=\"alignnone size-medium wp-image-1445\" src=\"http:\/\/www.noticias1440.com.ar\/wp-content\/uploads\/2015\/08\/Pablo-Trapero-foto-gentileza-20-Century-Fox-A008-300x200.jpg\" alt=\"Pablo Trapero (foto gentileza 20 Century Fox A008)\" width=\"300\" height=\"200\" srcset=\"https:\/\/noticias1440.com.ar\/wp-content\/uploads\/2015\/08\/Pablo-Trapero-foto-gentileza-20-Century-Fox-A008-300x200.jpg 300w, https:\/\/noticias1440.com.ar\/wp-content\/uploads\/2015\/08\/Pablo-Trapero-foto-gentileza-20-Century-Fox-A008.jpg 450w\" sizes=\"auto, (max-width: 300px) 100vw, 300px\" \/><\/a><\/strong><\/p>\n<p><a href=\"http:\/\/www.noticias1440.com.ar\/wp-content\/uploads\/2015\/08\/Pablo-Trapero-foto-gentileza-20-Century-Fox-A002.jpg\"><img loading=\"lazy\" decoding=\"async\" class=\"alignnone size-medium wp-image-1439\" src=\"http:\/\/www.noticias1440.com.ar\/wp-content\/uploads\/2015\/08\/Pablo-Trapero-foto-gentileza-20-Century-Fox-A002-300x197.jpg\" alt=\"Pablo Trapero (foto gentileza 20 Century Fox A002)\" width=\"300\" height=\"197\" srcset=\"https:\/\/noticias1440.com.ar\/wp-content\/uploads\/2015\/08\/Pablo-Trapero-foto-gentileza-20-Century-Fox-A002-300x197.jpg 300w, https:\/\/noticias1440.com.ar\/wp-content\/uploads\/2015\/08\/Pablo-Trapero-foto-gentileza-20-Century-Fox-A002.jpg 455w\" sizes=\"auto, (max-width: 300px) 100vw, 300px\" \/><\/a><a href=\"http:\/\/www.noticias1440.com.ar\/wp-content\/uploads\/2015\/08\/Pablo-Trapero-foto-gentileza-20-Century-Fox-A005.jpg\"><img loading=\"lazy\" decoding=\"async\" class=\"alignnone size-medium wp-image-1442\" src=\"http:\/\/www.noticias1440.com.ar\/wp-content\/uploads\/2015\/08\/Pablo-Trapero-foto-gentileza-20-Century-Fox-A005-300x199.jpg\" alt=\"Pablo Trapero (foto gentileza 20 Century Fox A005)\" width=\"300\" height=\"199\" srcset=\"https:\/\/noticias1440.com.ar\/wp-content\/uploads\/2015\/08\/Pablo-Trapero-foto-gentileza-20-Century-Fox-A005-300x199.jpg 300w, https:\/\/noticias1440.com.ar\/wp-content\/uploads\/2015\/08\/Pablo-Trapero-foto-gentileza-20-Century-Fox-A005.jpg 450w\" sizes=\"auto, (max-width: 300px) 100vw, 300px\" \/><\/a><\/p>\n<p><a href=\"http:\/\/www.noticias1440.com.ar\/wp-content\/uploads\/2015\/08\/Pablo-Trapero-foto-gentileza-20-Century-Fox-A006.jpg\"><img loading=\"lazy\" decoding=\"async\" class=\" size-medium wp-image-1443 alignleft\" src=\"http:\/\/www.noticias1440.com.ar\/wp-content\/uploads\/2015\/08\/Pablo-Trapero-foto-gentileza-20-Century-Fox-A006-300x200.jpg\" alt=\"Pablo Trapero (foto gentileza 20 Century Fox A006)\" width=\"300\" height=\"200\" srcset=\"https:\/\/noticias1440.com.ar\/wp-content\/uploads\/2015\/08\/Pablo-Trapero-foto-gentileza-20-Century-Fox-A006-300x200.jpg 300w, https:\/\/noticias1440.com.ar\/wp-content\/uploads\/2015\/08\/Pablo-Trapero-foto-gentileza-20-Century-Fox-A006.jpg 451w\" sizes=\"auto, (max-width: 300px) 100vw, 300px\" \/><\/a><\/p>\n<p><strong>\u00bfC\u00f2mo fue desarrollar la recreaci\u00f3n de esos tan especiales a\u00f1os\u201980?\u00a0 <\/strong>Bueno, hubo que reconstruir, obviamente en una pel\u00edcula ten\u00e8s que elegir las tazas que se usan, el vestuario, cualquier pel\u00edcula de \u00e9poca te presenta ese desaf\u00edo, pero ac\u00e0 hay como un desaf\u00eco extra y es que la gente tiene la sensaci\u00f3n como que los\u201980 son muy cercanos, inclu\u00ecdos nosotros, casi decimos que\u201clos 80 son ac\u00e0 a la vuelta de la esquina\u201d, pero son 30 a\u00f1os. Por lo tanto all\u00ec hay un mill\u00f3n de cosas que se cambiaron de una manera muy radical, no hab\u00eda celulares y la televisi\u00f3n color no era muy popular, no hab\u00eda internet y tampoco televisi\u00f3n por cable, todo eso hace que cuando te pon\u00e8s a reconstruir la \u00e9poca te das cuenta que no hay nada parecido. Te doy un ejemplo muy sencillo, los exteriores de la calle no hab\u00eda rejas,por m\u00e0s que veas una casa de la \u00e9poca es una casa que hoy tiene rejas, de ah\u00ec en adelante imag\u00ednate que se han construido muchas torres, rascacielos, los aire acondicionados antes eran cuadrados, ahora son splits. La casa de surf es un buen ejemplo de eso, adem\u00e1s en algunos casos hubo que construir cosas, todas esas marcas de las casas de surf porque incluso hubo marcas que ya no existen m\u00e0s, hubo que reconstruir logos, reconstruir fotograf\u00edas, para los afiches que hay en el fondo de la locaci\u00f3n.<\/p>\n<p><a href=\"http:\/\/www.noticias1440.com.ar\/wp-content\/uploads\/2015\/08\/Pablo-Trapero-foto-gentileza-20-Century-Fox-A009.jpg\"><img loading=\"lazy\" decoding=\"async\" class=\" size-medium wp-image-1446 alignright\" src=\"http:\/\/www.noticias1440.com.ar\/wp-content\/uploads\/2015\/08\/Pablo-Trapero-foto-gentileza-20-Century-Fox-A009-300x199.jpg\" alt=\"Pablo Trapero (foto gentileza 20 Century Fox A009)\" width=\"300\" height=\"199\" srcset=\"https:\/\/noticias1440.com.ar\/wp-content\/uploads\/2015\/08\/Pablo-Trapero-foto-gentileza-20-Century-Fox-A009-300x199.jpg 300w, https:\/\/noticias1440.com.ar\/wp-content\/uploads\/2015\/08\/Pablo-Trapero-foto-gentileza-20-Century-Fox-A009.jpg 450w\" sizes=\"auto, (max-width: 300px) 100vw, 300px\" \/><\/a><\/p>\n<p><strong>\u00bfPediste material period\u00edstico de aquella \u00e9poca en video? <\/strong>S\u00ec, pedimos de todo, a todos los lugares, la verdad es que hab\u00eda curiosamente muy poco material al respecto de esa \u00e9poca, para que te des una idea los discursos de Raul Alfons\u00ecn y Leopoldo Galtieri nos llev\u00f2 meses conseguirlos, estamos hablando de lo que fueron en su momento dos transmisiones de la cadena nacional, era como si estuvi\u00e9ramos buscando un reportaje en las sombras bastante ex\u00f2tico. Aunque te parezca mentira lo conseguimos en la calidad buscada, con toda la cadena de autorizaciones del material en las \u00faltimas semanas, hab\u00edamos estado meses con esa b\u00fasqueda, ida y vuelta, no es que est\u00e1bamos atr\u00e1s de un material ex\u00f3tico, era cuando Galtieri anuncia el fin de la guerra, o cuando Alfons\u00ecn habla con S\u00e0bato sobre la Conadep, estamos hablando de materiales muy importantes de la Argentina que no est\u00e1n en ning\u00fan lado. Para m\u00ec en un sentido es un orgullo decir que la pel\u00edcula los deja en una buena calidad para el futuro, \u201ceste material va a quedar ac\u00e0 muy bien para alguien\u201d.<\/p>\n<p><a href=\"http:\/\/www.noticias1440.com.ar\/wp-content\/uploads\/2015\/08\/Pablo-Trapero-foto-gentileza-20-Century-Fox-A004.jpg\"><img loading=\"lazy\" decoding=\"async\" class=\" size-medium wp-image-1441 alignleft\" src=\"http:\/\/www.noticias1440.com.ar\/wp-content\/uploads\/2015\/08\/Pablo-Trapero-foto-gentileza-20-Century-Fox-A004-300x198.jpg\" alt=\"Pablo Trapero (foto gentileza 20 Century Fox A004)\" width=\"300\" height=\"198\" srcset=\"https:\/\/noticias1440.com.ar\/wp-content\/uploads\/2015\/08\/Pablo-Trapero-foto-gentileza-20-Century-Fox-A004-300x198.jpg 300w, https:\/\/noticias1440.com.ar\/wp-content\/uploads\/2015\/08\/Pablo-Trapero-foto-gentileza-20-Century-Fox-A004.jpg 453w\" sizes=\"auto, (max-width: 300px) 100vw, 300px\" \/><\/a><\/p>\n<p><strong>\u00bfSent\u00ecs que con cada pel\u00edcula realizada te levantaste la vara a un nivel demasiado exigente para que deb\u00eda continuarla en tu exitosa carrera cinematogr\u00e0fica? <\/strong>Eso es justamente un poco de lo que yo admiro de mis colegas o de la gente que sigo, sobre todo como espectador veo pel\u00edculas de otros, escucho m\u00fasica de varios m\u00fasicos que admiro, veo teatro y otras cosas. Para m\u00ec lo m\u00e0s lindo y lo m\u00e0s fascinante de hacer pel\u00edculas es la posibilidad, aunque esto suene a lugar com\u00fan, de empezar de vuelta cada vez o por lo menos ese es mi planteo. Mi planteo entre\u201cMundo Gr\u00f9a\u201dy \u201cEl bonaerense\u201d fue pasar de blanco y negro a mucho color, ese v\u00e9rtigo que yo siento al hacer la siguiente pel\u00edcula es lo que me ayuda a crear un universo que tambi\u00e9n se nutre en cada pel\u00edcula que hacemos. Una cosa es ver ahora la pel\u00edcula terminada y otra cosa es estar, uno, dos, tres a\u00f1os trabajando, hay un mont\u00f2n de gente que tiene que sentir ese v\u00e9rtigo, porque para m\u00ec el desaf\u00edo m\u00e0s grande es que las mismas ganas de hacer mi pel\u00edcula que la gente con la que hice\u201cMundo Grua\u201d. Si la gente viene a trabajar a mi pel\u00edcula, que es un film grande, con otro presupuesto, como si fuera a repetir una experiencia que ya vivi\u00f3, mi pel\u00edcula es menos atractiva para m\u00ec y para el p\u00fablico. Entonces yo quiero que la gente que me acompa\u00f1a tengan el mismo v\u00e9rtigo que siento yo al hacer una pel\u00edcula, la verdad por suerte siempre me sent\u00ed muy acompa\u00f1ado, justamente necesito un mont\u00f2n de gente que me diga\u201cdale!\u201d, no lo puedo hacer solo.<\/p>\n<p><a href=\"http:\/\/www.noticias1440.com.ar\/wp-content\/uploads\/2015\/08\/Pablo-Trapero-foto-gentileza-20-Century-Fox-A007.jpg\"><img loading=\"lazy\" decoding=\"async\" class=\" size-medium wp-image-1444 alignright\" src=\"http:\/\/www.noticias1440.com.ar\/wp-content\/uploads\/2015\/08\/Pablo-Trapero-foto-gentileza-20-Century-Fox-A007-300x201.jpg\" alt=\"Pablo Trapero (foto gentileza 20 Century Fox A007)\" width=\"300\" height=\"201\" srcset=\"https:\/\/noticias1440.com.ar\/wp-content\/uploads\/2015\/08\/Pablo-Trapero-foto-gentileza-20-Century-Fox-A007-300x201.jpg 300w, https:\/\/noticias1440.com.ar\/wp-content\/uploads\/2015\/08\/Pablo-Trapero-foto-gentileza-20-Century-Fox-A007.jpg 451w\" sizes=\"auto, (max-width: 300px) 100vw, 300px\" \/><\/a><\/p>\n<p><strong>Tu cine tiene buena respuesta en el pa\u00ecs pero en Europa tambi\u00e9n te hiciste un lugar.\u00a0 <\/strong>Que el p\u00fablico europeo reciba mis pel\u00edculas con tanto inter\u00e9s me hace sentir un gran privilegiado, porque es realmente sorprendente, a mi me sigue sorprendiendo mucho que p\u00fablicos tan diversos esperan las pel\u00edculas y esta pel\u00edcula(\u201cEl Clan\u201d)se vendi\u00f3 a varios pa\u00edses antes de estar terminada, justamente porque ese tipo que las compra tambi\u00e9n sabe que alguien las va a ver, no s\u00e8 si a esta altura de mi vida soy un\u201ctrademark art\u00edstico\u201d, lo que s\u00e8 es que gracias a esa clase de p\u00fablico yo puedo seguir haciendo pel\u00edculas, eso me alegra. Me pas\u00f2 cuando hicimos\u201cMundo Gr\u00f9a\u201dtoda en blanco y negro, mi primera pel\u00edcula con una tem\u00e1tica que en su momento era muy dif\u00edcil, hoy estamos quince a\u00f1os despu\u00e9s con una tem\u00e1tica que tambi\u00e9n es dif\u00edcil, que no es una historia necesariamente f\u00e1cil, pero a la vez todo el p\u00fablico la quiere ver, estoy con Francella, una persona con una enorme trayectoria y Peter Lanzani, una gran productora que nos acompa\u00f1a, para otras personas eso puede ser una presi\u00f3n, pero yo no lo vivo as\u00ec.<\/p>\n<p><a href=\"http:\/\/www.noticias1440.com.ar\/wp-content\/uploads\/2015\/08\/Pablo-Trapero-foto-gentileza-20-Century-Fox-A012.jpg\"><img loading=\"lazy\" decoding=\"async\" class=\" size-medium wp-image-1449 alignleft\" src=\"http:\/\/www.noticias1440.com.ar\/wp-content\/uploads\/2015\/08\/Pablo-Trapero-foto-gentileza-20-Century-Fox-A012-300x199.jpg\" alt=\"Pablo Trapero (foto gentileza 20 Century Fox A012)\" width=\"300\" height=\"199\" srcset=\"https:\/\/noticias1440.com.ar\/wp-content\/uploads\/2015\/08\/Pablo-Trapero-foto-gentileza-20-Century-Fox-A012-300x199.jpg 300w, https:\/\/noticias1440.com.ar\/wp-content\/uploads\/2015\/08\/Pablo-Trapero-foto-gentileza-20-Century-Fox-A012.jpg 450w\" sizes=\"auto, (max-width: 300px) 100vw, 300px\" \/><\/a><\/p>\n<p><strong>Alcanzaste gran prestigio al correr int\u00e8rpretes ic\u00f3nicos de su perfil de actuaci\u00f3n.\u00a0 <\/strong>Sacar a Dar\u00ecn y Francella de papeles potencialmente previsibles fue un desaf\u00edo enorme, en todos los casos que mencion\u00e0s fueron desaf\u00edos enormes, no fu\u00ec a la f\u00e1cil porque sab\u00eca c\u00f2mo iba a resultar, ahora veo\u201cEl Clan\u201dy estoy feliz, me siento orgulloso, estoy realmente muy contento de haber trabajado con Guillermo, cuando lo llam\u00e8 no sab\u00eca como iba a reaccionar, incluso diciendo que s\u00ec, porque puede decir que s\u00ec y empezar a trabajar pero mir\u00e0 si no encontr\u00e0bamos el tono del personaje, lo mismo me ocurri\u00f3 con Ricardo en su momento, pero siento que yo como espectador me form\u00e8 viendo directores que trabajaron con muchos actores distintos. Para dar un ejemplo de cosas contempor\u00e1neas, personales, mi curiosidad por Guillermo\u2026es que yo siento que \u00e8l es un gran actor, siento que las herramientas que tienen le permite ser un capoc\u00f2mico como es, pero para ser capoc\u00f2mico ten\u00e8s que ser un actor con muchas herramientas.<\/p>\n<p><a href=\"http:\/\/www.noticias1440.com.ar\/wp-content\/uploads\/2015\/08\/Pablo-Trapero-foto-gentileza-20-Century-Fox-A013.jpg\"><img loading=\"lazy\" decoding=\"async\" class=\" size-medium wp-image-1452 alignright\" src=\"http:\/\/www.noticias1440.com.ar\/wp-content\/uploads\/2015\/08\/Pablo-Trapero-foto-gentileza-20-Century-Fox-A013-300x238.jpg\" alt=\"Pablo Trapero (foto gentileza 20 Century Fox A013)\" width=\"300\" height=\"238\" srcset=\"https:\/\/noticias1440.com.ar\/wp-content\/uploads\/2015\/08\/Pablo-Trapero-foto-gentileza-20-Century-Fox-A013-300x238.jpg 300w, https:\/\/noticias1440.com.ar\/wp-content\/uploads\/2015\/08\/Pablo-Trapero-foto-gentileza-20-Century-Fox-A013.jpg 392w\" sizes=\"auto, (max-width: 300px) 100vw, 300px\" \/><\/a><\/p>\n<p><strong>\u00bfQu\u00e8 referencias hallaste en ese perfil cuando desarrollaste tu carrera? <\/strong>Yo por ejemplo me form\u00e8 viendo Charles Chaplin. Chaplin para muchos era un tipo que hac\u00eca morisquetas, para m\u00ec es uno de los maestros del cine, as\u00ec como director tambi\u00e9n, porque creo que esa versatilidad ante un p\u00fablico solo es posible si ten\u00e8s ese talento, el caso de Guillermo es exactamente igual, Chaplin hacia Carlitos y Mrs Bordeaux, pod\u00eda hacer un ser querible y tambi\u00e9n un villano, o la mirada \u00e0cida de\u201cEl gran dictador\u201d. Esos son los directores que me llevaron a hacer cine, que los sigo recordando y los tomo como referencia, Mastroiani hace cosas muy distintas con Fellini que con otros directores, esto no es que me est\u00e8 comparando con Fellini o con Chaplin, estoy diciendo que son esos directores de los que yo aprendo. Scorcese con esas comedias que te sorprenden, pero luego ves pel\u00edculas que te sorprenden tambi\u00e9n as\u00ec de fuertes, entonces sigo esa tradici\u00f3n de cine.<\/p>\n<p><a href=\"http:\/\/www.noticias1440.com.ar\/wp-content\/uploads\/2015\/08\/Foto-Pablo-Trapero-Paul-David-Focus-Noticias1440-X003.jpg\"><img loading=\"lazy\" decoding=\"async\" class=\" size-medium wp-image-1434 alignleft\" src=\"http:\/\/www.noticias1440.com.ar\/wp-content\/uploads\/2015\/08\/Foto-Pablo-Trapero-Paul-David-Focus-Noticias1440-X003-300x225.jpg\" alt=\"Foto Pablo Trapero (Paul David Focus - Noticias1440 X003)\" width=\"300\" height=\"225\" srcset=\"https:\/\/noticias1440.com.ar\/wp-content\/uploads\/2015\/08\/Foto-Pablo-Trapero-Paul-David-Focus-Noticias1440-X003-300x225.jpg 300w, https:\/\/noticias1440.com.ar\/wp-content\/uploads\/2015\/08\/Foto-Pablo-Trapero-Paul-David-Focus-Noticias1440-X003.jpg 373w\" sizes=\"auto, (max-width: 300px) 100vw, 300px\" \/><\/a><\/p>\n<p><strong>\u00bfQu\u00e8 valor le asign\u00e0s a participar en festivales internacionales de cine? <\/strong>Digamos que son\u201clindas medallas moment\u00e1neas\u201dpero tambi\u00e9n son p\u00fablico, es un p\u00fablico como el que estaba en la funci\u00f3n de prensa que hicimos la semana pasada, yo no puedo pensar que el p\u00fablico de hoy o el del festival o el del 13 de agosto es m\u00e0s importante que el de otro lugar, para m\u00ec son todos importantes, todos son muy importantes y te lo digo porque es algo que siento muy sinceramente. Yo como realizador quiero que el tipo que la ve en Venecia le encante la pel\u00edcula y el que la vea el 13 de agosto en el estreno nacional en un cine de La Plata o C\u00f2rdoba tambi\u00e9n, lo mismo aqu\u00e8l que la vea en una funci\u00f3n de prensa. Mir\u00e0, me pas\u00f2 hace much\u00edsimos a\u00f1os cuando estudiaba cine, escuche a Kusturica que dijo\u201cyo hago cine para que la gente quiera ver m\u00e0s pel\u00edculas\u201d, n\u00f2 en el sentido de que lo quieran a \u00e8l sino que quieran ver sus pel\u00edculas, eso a m\u00ec me qued\u00f3 como una cosa muy grabada. Tuve el privilegio de conocerlo y trabajar con \u00e8l, charlar mucho y lo que yo m\u00e0s quiero es que las pel\u00edculas se comuniquen, El festival de Venecia es tan importante como un cine de ac\u00e0 a la vuelta. Eso es lo que vale. Por supuesto que un premio es algo muy importante, pero m\u00e0s importante es que los tipos que est\u00e1n viendo el film les guste, o el que fue a Venecia la compre para estrenarla en Rumania, que as\u00ec suele ocurrir.<\/p>\n<p><a href=\"http:\/\/www.noticias1440.com.ar\/wp-content\/uploads\/2015\/08\/Foto-Pablo-Trapero-Paul-David-Focus-Noticias1440-X002.jpg\"><img loading=\"lazy\" decoding=\"async\" class=\" size-medium wp-image-1433 alignright\" src=\"http:\/\/www.noticias1440.com.ar\/wp-content\/uploads\/2015\/08\/Foto-Pablo-Trapero-Paul-David-Focus-Noticias1440-X002-300x254.jpg\" alt=\"Foto Pablo Trapero (Paul David Focus - Noticias1440 X002)\" width=\"300\" height=\"254\" srcset=\"https:\/\/noticias1440.com.ar\/wp-content\/uploads\/2015\/08\/Foto-Pablo-Trapero-Paul-David-Focus-Noticias1440-X002-300x254.jpg 300w, https:\/\/noticias1440.com.ar\/wp-content\/uploads\/2015\/08\/Foto-Pablo-Trapero-Paul-David-Focus-Noticias1440-X002.jpg 336w\" sizes=\"auto, (max-width: 300px) 100vw, 300px\" \/><\/a><\/p>\n<p><strong>La pantalla de invierno vivi\u00f3 una tormenta de estrenos de blockbusters f\u00edlmicos. \u00bfSent\u00ecs que esta es una situaci\u00f2n apropiada para dar a conocimiento tu nuevo film? <\/strong>Este es un muy buen momento para poner mi pel\u00edcula en el circuito de proyecci\u00f3n, no solo porque ocurre despu\u00e9s de un invierno donde hubo una cantidad de estrenos de pel\u00edculas enormes, pero no solo porque a estas les fue muy bien, sino porque son muy buenas pel\u00edculas, porque a veces vas a ver pel\u00edculas que les fue muy bien y te qued\u00e0s afuera de lo que provocaron. Yo estos d\u00edas fu\u00ec a ver pel\u00edculas que disfrut\u00e8, siento que si ese \u00e0nimo donde yo disfrut\u00e8 como espectador le pasa a cualquiera que vea mi pel\u00edcula, me vuelvo a meter en el cine para ver si me puedo sentir igual, ilusionado. Me parece que en este caso en particular no solo me ha pasado con varias pel\u00edculas americanas, sino tambi\u00e9n con varias pel\u00edculas argentinas. Eso me ha provocado una gran sorpresa, me parece que puede generar una curiosidad adicional a la que ya trae el proyecto, Guillermo, lo dem\u00e1s, bienvenido sea.<\/p>\n<p>&nbsp;<\/p>\n","protected":false},"excerpt":{"rendered":"<p>El afamado director en di\u00e1logo a solas con Noticias1440 analiz\u00f2 el largometraje sobre la familia Puccio, recreaci\u00f3n con Guillermo Francella y Peter Lanzani que muestra el raid criminal de una familia de clase media a principios de los\u201980.<\/p>\n","protected":false},"author":1,"featured_media":1428,"comment_status":"closed","ping_status":"open","sticky":false,"template":"","format":"standard","meta":{"footnotes":""},"categories":[3],"tags":[],"class_list":["post-1427","post","type-post","status-publish","format-standard","has-post-thumbnail","hentry","category-actualidad"],"_links":{"self":[{"href":"https:\/\/noticias1440.com.ar\/index.php?rest_route=\/wp\/v2\/posts\/1427","targetHints":{"allow":["GET"]}}],"collection":[{"href":"https:\/\/noticias1440.com.ar\/index.php?rest_route=\/wp\/v2\/posts"}],"about":[{"href":"https:\/\/noticias1440.com.ar\/index.php?rest_route=\/wp\/v2\/types\/post"}],"author":[{"embeddable":true,"href":"https:\/\/noticias1440.com.ar\/index.php?rest_route=\/wp\/v2\/users\/1"}],"replies":[{"embeddable":true,"href":"https:\/\/noticias1440.com.ar\/index.php?rest_route=%2Fwp%2Fv2%2Fcomments&post=1427"}],"version-history":[{"count":5,"href":"https:\/\/noticias1440.com.ar\/index.php?rest_route=\/wp\/v2\/posts\/1427\/revisions"}],"predecessor-version":[{"id":1480,"href":"https:\/\/noticias1440.com.ar\/index.php?rest_route=\/wp\/v2\/posts\/1427\/revisions\/1480"}],"wp:featuredmedia":[{"embeddable":true,"href":"https:\/\/noticias1440.com.ar\/index.php?rest_route=\/wp\/v2\/media\/1428"}],"wp:attachment":[{"href":"https:\/\/noticias1440.com.ar\/index.php?rest_route=%2Fwp%2Fv2%2Fmedia&parent=1427"}],"wp:term":[{"taxonomy":"category","embeddable":true,"href":"https:\/\/noticias1440.com.ar\/index.php?rest_route=%2Fwp%2Fv2%2Fcategories&post=1427"},{"taxonomy":"post_tag","embeddable":true,"href":"https:\/\/noticias1440.com.ar\/index.php?rest_route=%2Fwp%2Fv2%2Ftags&post=1427"}],"curies":[{"name":"wp","href":"https:\/\/api.w.org\/{rel}","templated":true}]}}