{"id":1403,"date":"2015-08-09T22:36:10","date_gmt":"2015-08-09T22:36:10","guid":{"rendered":"http:\/\/www.noticias1440.com.ar\/?p=1403"},"modified":"2015-08-12T23:03:15","modified_gmt":"2015-08-12T23:03:15","slug":"guillermo-francella-no-milito-en-nada-porque-no-hay-nada-en-que-militar","status":"publish","type":"post","link":"https:\/\/noticias1440.com.ar\/?p=1403","title":{"rendered":"Guillermo Francella muy concluyente: \u201cNo milito en nada porque no hay nada en que militar\u201d."},"content":{"rendered":"<p>El protagonista del nuevo film de Pablo Trapero, brind\u00f2 detalles sobre la pel\u00eccula que recuerda los hist\u00f2ricos cr\u00edmenes del famoso Clan Puccio. El consagrado actor de\u00bbPon\u00e8 a Francella\u00bbhabl\u00f2\u00a0a solas con Noticias1440 sobre este nuevo film y tambi\u00e8n sobre varios aspectos de su carrera profesional.<\/p>\n<p><!--more--><a href=\"http:\/\/www.noticias1440.com.ar\/wp-content\/uploads\/2015\/08\/Guillermo-Francella-Foto-Paul-David-Focus-Agosto-2015-01.jpg\"><img loading=\"lazy\" decoding=\"async\" class=\" size-medium wp-image-1419 alignright\" src=\"http:\/\/www.noticias1440.com.ar\/wp-content\/uploads\/2015\/08\/Guillermo-Francella-Foto-Paul-David-Focus-Agosto-2015-01-246x300.jpg\" alt=\"Guillermo Francella (Foto Paul David Focus - Agosto 2015 01)\" width=\"246\" height=\"300\" srcset=\"https:\/\/noticias1440.com.ar\/wp-content\/uploads\/2015\/08\/Guillermo-Francella-Foto-Paul-David-Focus-Agosto-2015-01-246x300.jpg 246w, https:\/\/noticias1440.com.ar\/wp-content\/uploads\/2015\/08\/Guillermo-Francella-Foto-Paul-David-Focus-Agosto-2015-01.jpg 317w\" sizes=\"auto, (max-width: 246px) 100vw, 246px\" \/><\/a><\/p>\n<p><strong>Por Gabriel Imparato<\/strong><\/p>\n<p><strong>(Capital Federal \u2013 Domingo 09 de Agosto de 2015)<\/strong> Este jueves se estrena el nuevo film \u201cEl Clan\u201ddel prestigioso realizador cinematogr\u00e0fico Pablo Trapero, pel\u00edcula que cuenta con las actuaciones protag\u00f3nicas de Guillermo Francella y Peter Lanzani, una historia que hace alusi\u00f3n a la secuencia delicitiva de la familia Puccio a principios de los\u201980. Durante las \u00faltimas horas la prensa argentina pudo observar completa la realizaci\u00f3n distribu\u00ecda por 20 Century Fox Films, un esperado largometraje que se conocer\u00e0 en al menos 250 salas de los complejos cinematogr\u00e0ficos en nuestro pa\u00eds. La historia criminal del Clan Puccio a priori demand\u00f2 en la recreaci\u00f3n cinematogr\u00e1fica de esta historia un particular trabajo en la reconstrucci\u00f2n de im\u00e0genes de aqu\u00e8l momento, sin olvidar la especial caracterizaci\u00f3n del protagonista Guillermo Francella, que debi\u00f3 aclarar su cabello para dar con el look del l\u00edder de aquella gavilla criminal, composici\u00f3n que fue aclamada por toda la cr\u00ectica y todos aquellos que observaron la producci\u00f3n en esta cuenta regresiva del debut. A escasas horas de este estreno nacional, el talentoso actor Guillermo Francella habl\u00f2 a solas con Noticias 1440 para contar su experiencia en esta realizaci\u00f3n y tambi\u00e9n dar detalles de su actividad profesional en los \u00faltimos a\u00f1os:<\/p>\n<p><a href=\"http:\/\/www.noticias1440.com.ar\/wp-content\/uploads\/2015\/08\/Foto-El-Clan-foto-cortes\u00eca-20-Century-Fox-008.jpg\"><img loading=\"lazy\" decoding=\"async\" class=\" size-medium wp-image-1413 alignleft\" src=\"http:\/\/www.noticias1440.com.ar\/wp-content\/uploads\/2015\/08\/Foto-El-Clan-foto-cortes\u00eca-20-Century-Fox-008-272x300.jpg\" alt=\"Foto El Clan (foto cortes\u00eca 20 Century Fox 008)\" width=\"272\" height=\"300\" srcset=\"https:\/\/noticias1440.com.ar\/wp-content\/uploads\/2015\/08\/Foto-El-Clan-foto-cortes\u00eca-20-Century-Fox-008-272x300.jpg 272w, https:\/\/noticias1440.com.ar\/wp-content\/uploads\/2015\/08\/Foto-El-Clan-foto-cortes\u00eca-20-Century-Fox-008.jpg 282w\" sizes=\"auto, (max-width: 272px) 100vw, 272px\" \/><\/a><\/p>\n<p><strong>Desde el estreno de\u201cRudo y Cursi\u201dven\u00ecas insistiendo en la necesidad de involucrarte en otro tipo de papeles actorales que te corrieran de manera contrastante y brusca con el cl\u00e1sico comediante que ocupa un privilegiado lugar en la actuaci\u00f3n nacional. <\/strong>S\u00ec, es verdad, cuando v\u00ec la pel\u00edcula esa sensaci\u00f3n cobr\u00f2 una vez m\u00e0s forma concreta, es otro tipo de cuerdas actorales que ten\u00eda ganas de tocar, cuerdas diferentes, esto era algo diferente e importante, era no reconocerme, no ver en m\u00ec ning\u00fan recurso, no desde lo est\u00e8tico, sino no percibir algo con lo que me pueda reconocer. Me provoc\u00f2 una enorme satisfacci\u00f3n en lo actoral y corporal, fue percibir una forma muy distinta de hablar, mirar, decir, sentenciar, tan diferente a todo lo realizado y descubr\u00ec que fue muy \u00fatil todo el proceso de ensayo antes del rodaje, cuando lleg\u00e1bamos a filmar era todo muy milim\u00e9trico, eso a m\u00ec me hizo sentir muy pleno. Me encontr\u00e8 en una postura diferente que era lo que buscaba, hay veces que no es tan sencillo manejarlo, adem\u00e1s hubo una gran econom\u00eda de gestos en mi personaje, era todo en c\u00e1mara lenta, un hombre muy distinto, muy calmo.<\/p>\n<p><a href=\"http:\/\/www.noticias1440.com.ar\/wp-content\/uploads\/2015\/08\/Foto-El-Clan-foto-cortes\u00eca-20-Century-Fox-007.jpg\"><img loading=\"lazy\" decoding=\"async\" class=\" size-medium wp-image-1412 alignright\" src=\"http:\/\/www.noticias1440.com.ar\/wp-content\/uploads\/2015\/08\/Foto-El-Clan-foto-cortes\u00eca-20-Century-Fox-007-300x225.jpg\" alt=\"Foto El Clan (foto cortes\u00eca 20 Century Fox 007)\" width=\"300\" height=\"225\" srcset=\"https:\/\/noticias1440.com.ar\/wp-content\/uploads\/2015\/08\/Foto-El-Clan-foto-cortes\u00eca-20-Century-Fox-007-300x225.jpg 300w, https:\/\/noticias1440.com.ar\/wp-content\/uploads\/2015\/08\/Foto-El-Clan-foto-cortes\u00eca-20-Century-Fox-007.jpg 386w\" sizes=\"auto, (max-width: 300px) 100vw, 300px\" \/><\/a><\/p>\n<p><strong>\u00bfC\u00f2mo rememor\u00e0s tu relaci\u00f3n con aqu\u00e8l momento hist\u00f3rico del pa\u00eds? <\/strong>Mis recuerdo de los Puccio antes de involucrarme en esta pel\u00edcula estaban muy vivos, yo era de San Isidro, hice primaria y secundaria en colegios de la zona, mi primer obra fue en un teatro de San Isidro a una cuadra de la casa de los Puccio, camin\u00e8 por la puerta de esa casa centenares de veces. Fue algo muy significativo, primero por ser vecinos, era gente que uno conoc\u00eda, esos lugares, adem\u00e1s me informaba mucho, ten\u00eda ese\u201cplus\u201dpor ser de ah\u00ec,cuando los atraparon todos dijimos\u201cqu\u00e8 cama que les est\u00e1n haciendo\u201d, no pens\u00e0bamos que eran culpables, cuando despu\u00e9s se comprob\u00f2 que s\u00ec, fue muy impactante para todos, pasaron muchos a\u00f1os, cerca de treinta. Cuando Pablo(Trapero) me llam\u00f2 por este proyecto no lo pod\u00eda creer, acept\u00e8 primeramente porque me sent\u00ed protegido por alguien como Pablo Trapero para encararlo, \u00e8l me explic\u00f3 toda la historia y todo lo que necesitaba de m\u00ec, pero estaba sereno y tranquilo por la forma de manejarse que tuvo con el proyecto todo el tiempo.<\/p>\n<p><a href=\"http:\/\/www.noticias1440.com.ar\/wp-content\/uploads\/2015\/08\/Foto-El-Clan-foto-cortes\u00eca-20-Century-Fox-006.jpg\"><img loading=\"lazy\" decoding=\"async\" class=\" size-medium wp-image-1411 alignleft\" src=\"http:\/\/www.noticias1440.com.ar\/wp-content\/uploads\/2015\/08\/Foto-El-Clan-foto-cortes\u00eca-20-Century-Fox-006-300x259.jpg\" alt=\"Foto El Clan (foto cortes\u00eca 20 Century Fox 006)\" width=\"300\" height=\"259\" srcset=\"https:\/\/noticias1440.com.ar\/wp-content\/uploads\/2015\/08\/Foto-El-Clan-foto-cortes\u00eca-20-Century-Fox-006-300x259.jpg 300w, https:\/\/noticias1440.com.ar\/wp-content\/uploads\/2015\/08\/Foto-El-Clan-foto-cortes\u00eca-20-Century-Fox-006.jpg 377w\" sizes=\"auto, (max-width: 300px) 100vw, 300px\" \/><\/a><\/p>\n<p><strong>El film muestra en su inicio el discurso de Alfons\u00ecn. \u00bfC\u00f2mo ves 30 a\u00f1os m\u00e0s tarde la relaci\u00f3n entre los pol\u00edticos y el destino nacional tras la vuelta de la democracia? <\/strong>Bueno,con la llegada de Don Raul hab\u00eda un enorme optimismo entre todos los argentinos, era un hombre muy simp\u00e1tico, muy angelado, con una fuerza en sus discursos, incluso cada vez que lo escuchaba me emocionaba, pero a Alfons\u00ecn no se la hicieron sencilla, fue interesante lo de volver al estado democr\u00e1tico que tanto anhelamos. Despu\u00e8s bueno, este pa\u00eds vivi\u00f3 una seguidilla de aciertos y desaciertos, porque ahora ni todo es malo ni todo es bueno. Por eso repito aquello de que ojal\u00e0 que est\u00e8 muy iluminado quien llegue al sill\u00f2n presidencial, que le vaya bien, yo no milito con nada porque no hay con que militar, hoy veo aciertos y desaciertos, pero creo que necesitamos que haya una bocanada de ox\u00edgeno en la gente y bajar la tensi\u00f3n que hoy percib\u00ecs en cualquier lugar y situaci\u00f3n, bajar un poco las cosas a 220 y salir del 380 en el que parece que est\u00e0 todo. En realidad dir\u00eda a 16 RPM(risas), necesitamos que est\u00e8 un poco m\u00e0s tranquilo todo.<\/p>\n<p><a href=\"http:\/\/www.noticias1440.com.ar\/wp-content\/uploads\/2015\/08\/Guillermo-Francella-Foto-Anita-Tomaselli-Agosto-2015.jpg\"><img loading=\"lazy\" decoding=\"async\" class=\" size-medium wp-image-1415 alignright\" src=\"http:\/\/www.noticias1440.com.ar\/wp-content\/uploads\/2015\/08\/Guillermo-Francella-Foto-Anita-Tomaselli-Agosto-2015-300x274.jpg\" alt=\"Guillermo Francella (Foto Anita Tomaselli - Agosto 2015)\" width=\"300\" height=\"274\" srcset=\"https:\/\/noticias1440.com.ar\/wp-content\/uploads\/2015\/08\/Guillermo-Francella-Foto-Anita-Tomaselli-Agosto-2015-300x274.jpg 300w, https:\/\/noticias1440.com.ar\/wp-content\/uploads\/2015\/08\/Guillermo-Francella-Foto-Anita-Tomaselli-Agosto-2015.jpg 324w\" sizes=\"auto, (max-width: 300px) 100vw, 300px\" \/><\/a><\/p>\n<p><strong>\u00bfQu\u00e8 sentimientos experimentaste al cambiar tu perfil actoral en esta profesi\u00f3n? <\/strong>Las sorpresas que me aparecieron en estos \u00faltimos siete largometrajes donde me corr\u00ec del Francella que la gente conoce, fueron de satisfacci\u00f3n, percibir firme el deber o la misi\u00f3n cumplida, del objetivo trazado y ahora poder observarlo, sentir tranquilidad y poder decir \u201cqu\u00e8 bueno!\u201d, me generaba una especial relajaci\u00f3n. Yo en 1984 hab\u00eca hecho un personaje bastante oscuro, siniestro en\u201cHistorias de un trepador\u201d, pasaron muchos a\u00f1os desde aqu\u00e8l personaje. Luego vinieron cosas desde la comedia, a todos les result\u00f2 efectivo verme en ese costado y dijimos\u201cvamos por la comedia\u201d, estaba feliz, me posicionaba m\u00e0s, lograba m\u00e0s cosas, era un muchacho joven, quer\u00eca dejar la actividad que estaba haciendo, para poder vivir como actor, empez\u00f2 una cadena de cosas que nunca me esperaba y entonces a pensar c\u00f2mo sostener esa situaci\u00f3n, por eso en aqu\u00e8l momento no se tocaba una coma del texto o las cosas marcadas.<\/p>\n<p><a href=\"http:\/\/www.noticias1440.com.ar\/wp-content\/uploads\/2015\/08\/Foto-El-Clan-foto-cortes\u00eca-20-Century-Fox-004.jpg\"><img loading=\"lazy\" decoding=\"async\" class=\" size-medium wp-image-1409 alignleft\" src=\"http:\/\/www.noticias1440.com.ar\/wp-content\/uploads\/2015\/08\/Foto-El-Clan-foto-cortes\u00eca-20-Century-Fox-004-300x213.jpg\" alt=\"Foto El Clan (foto cortes\u00eca 20 Century Fox 004)\" width=\"300\" height=\"213\" srcset=\"https:\/\/noticias1440.com.ar\/wp-content\/uploads\/2015\/08\/Foto-El-Clan-foto-cortes\u00eca-20-Century-Fox-004-300x213.jpg 300w, https:\/\/noticias1440.com.ar\/wp-content\/uploads\/2015\/08\/Foto-El-Clan-foto-cortes\u00eca-20-Century-Fox-004.jpg 438w\" sizes=\"auto, (max-width: 300px) 100vw, 300px\" \/><\/a><\/p>\n<p><strong>En ese momento de tu carrera era alterar todo aquello que te hac\u00eca muy popular en la gente y la industria mientras buscabas afianzarte con tu ascendente labor. <\/strong>Claro, yo lo entend\u00eda, sab\u00eca lo que estaba pasando y lo aceptaba,entonces en ese momento dec\u00eda\u201cbienvenido sea\u201d, pero despu\u00e9s dije\u201cpodemos hacer otras cosas\u201d,de las pel\u00edculas blancas para ni\u00f1os que hac\u00eca pasamos a hacer otro cine, obviamente surgieron las ganas de hacer otra cosa. En mi carrera hubo riesgos y cambios demenciales, cuando hace diez a\u00f1os hice una comedia musical, nunca hab\u00eda transitado eso cantando y bailando, \u201cLos Productores\u201do\u201cEl Joven Frankestein\u201d, obviamente me anim\u00e8 a otras cosas como lo de\u201cCasado con hijos\u201do\u201cPon\u00e8 a Francella\u201dque fueron novedosos, diferentes. Esos fueron como mis\u201cSargent Pepper\u201do\u201cYellow Submarine\u201d, pero yo ten\u00eda muchas ganas de poder tocar otras partituras. Pero ojo, tambi\u00e9n tengo ganas de volver a hacer algo de comedia si surge y me propone salir de lo establecido, no me cierro a esa posibilidad. Al cambiar el enfoque de las cosas que hago \u00faltimamente en el cine percibi un cambio y me veo mucho m\u00e0s entusiasmado en el d\u00eca a d\u00eca para encararlas, me gusta mucho poder tocar roles nuevos, tal vez ha sido bastante m\u00e0s alto el riesgo desde el punto de vista de la composici\u00f3n, pero me gusta mucho todo lo que me viene pasando, me encanta que me convoquen y me pasen estas cosas.<\/p>\n<p><a href=\"http:\/\/www.noticias1440.com.ar\/wp-content\/uploads\/2015\/08\/Foto-El-Clan-foto-cortes\u00eca-20-Century-Fox-002.jpg\"><img loading=\"lazy\" decoding=\"async\" class=\" size-medium wp-image-1407 alignright\" src=\"http:\/\/www.noticias1440.com.ar\/wp-content\/uploads\/2015\/08\/Foto-El-Clan-foto-cortes\u00eca-20-Century-Fox-002-300x214.jpg\" alt=\"Foto El Clan (foto cortes\u00eca 20 Century Fox 002)\" width=\"300\" height=\"214\" srcset=\"https:\/\/noticias1440.com.ar\/wp-content\/uploads\/2015\/08\/Foto-El-Clan-foto-cortes\u00eca-20-Century-Fox-002-300x214.jpg 300w, https:\/\/noticias1440.com.ar\/wp-content\/uploads\/2015\/08\/Foto-El-Clan-foto-cortes\u00eca-20-Century-Fox-002.jpg 435w\" sizes=\"auto, (max-width: 300px) 100vw, 300px\" \/><\/a><\/p>\n<p><strong>Dijiste que quer\u00e8s dirigir una pel\u00edcula. Ven\u00ecs trabajando con leyendas del g\u00e8nero y me imagino que los observ\u00e0s detenidamente para aprender todo lo posible. <\/strong>S\u00ec, ve muy detenidamente como se manejan los directores a la hora de hacer una pel\u00edcula y veo que es algo muy dif\u00edcil, es una cosa muy minuciosa y artesanal, hay que tener la pel\u00edcula muy bien en la cabeza. Capaz que las pel\u00edculas que m\u00e0s entusiasman para hacer como director, tambi\u00e9n tengo que actuar, ah\u00ec me asoma como un peque\u00f1o conflicto entre ambos roles, pero posiblemente n\u00f2, pero seguramente tambi\u00e9n creo que voy a estar muy protegido con los mejores asistentes en esa situaci\u00f3n. En el fondo m\u00e0s all\u00e0 de los nervios que puedan surgir, creo que me voy a sentir muy a gusto, no es f\u00e1cil poder contar a toda la gente una pel\u00eccula pero tengo mucha noci\u00f2n,en teatro ejerc\u00ec el rol de director, me encanta\u00a0\u00a0 esa tarea, es demandante, despu\u00e9s hay que si el\u201cFrankestein\u201dcuando lo vas armando se convierte en una gran pel\u00edcula o n\u00f2. Estoy seguro que no me voy a quedar con las ganas de dirigir en alg\u00fan momento en los pr\u00f3ximos a\u00f1os.<\/p>\n<p><a href=\"http:\/\/www.noticias1440.com.ar\/wp-content\/uploads\/2015\/08\/Foto-El-Clan-foto-cortes\u00eca-20-Century-Fox-005.jpg\"><img loading=\"lazy\" decoding=\"async\" class=\" size-medium wp-image-1410 alignleft\" src=\"http:\/\/www.noticias1440.com.ar\/wp-content\/uploads\/2015\/08\/Foto-El-Clan-foto-cortes\u00eca-20-Century-Fox-005-300x198.jpg\" alt=\"Foto El Clan (foto cortes\u00eca 20 Century Fox 005)\" width=\"300\" height=\"198\" srcset=\"https:\/\/noticias1440.com.ar\/wp-content\/uploads\/2015\/08\/Foto-El-Clan-foto-cortes\u00eca-20-Century-Fox-005-300x198.jpg 300w, https:\/\/noticias1440.com.ar\/wp-content\/uploads\/2015\/08\/Foto-El-Clan-foto-cortes\u00eca-20-Century-Fox-005.jpg 452w\" sizes=\"auto, (max-width: 300px) 100vw, 300px\" \/><\/a><\/p>\n<p><strong>Segu\u00ecs esta semana promocionando el film con la premiere en el \u201cHoyts Cines\u201ddel Shopping DOT y tambi\u00e9n viajando al interior para respaldar esta nueva pel\u00edcula. <\/strong>Tal cual, me conoc\u00e8s, toda la vida estuve al palo con las pel\u00edculas, siempre las acompa\u00f1o, voy a Rosario, Mendoza, C\u00f2rdoba, donde sea, siempre las acompa\u00f1ar\u00e8, no es la cosa del \u201cartista\u201dque hace la pel\u00edcula y se desliga de todo despu\u00e9s, me gusta acompa\u00f1arlas, es mi deber y lo hago con mucho gusto. Sinceramente, estamos con mucha ilusi\u00f3n, no nos tenemos que pelear con los\u201cMinions\u201d(risas), con mucha expectativa antes del estreno, sentimos que este es un buen momento para salir con la pel\u00edcula, es una buena fecha de estreno y creo que va a gustar mucho.<\/p>\n<p><a href=\"http:\/\/www.noticias1440.com.ar\/wp-content\/uploads\/2015\/08\/Guillermo-Francella-Foto-Paul-David-Focus-Agosto-2015-02.jpg\"><img loading=\"lazy\" decoding=\"async\" class=\" size-medium wp-image-1420 alignright\" src=\"http:\/\/www.noticias1440.com.ar\/wp-content\/uploads\/2015\/08\/Guillermo-Francella-Foto-Paul-David-Focus-Agosto-2015-02-233x300.jpg\" alt=\"Guillermo Francella (Foto Paul David Focus - Agosto 2015 02)\" width=\"233\" height=\"300\" srcset=\"https:\/\/noticias1440.com.ar\/wp-content\/uploads\/2015\/08\/Guillermo-Francella-Foto-Paul-David-Focus-Agosto-2015-02-233x300.jpg 233w, https:\/\/noticias1440.com.ar\/wp-content\/uploads\/2015\/08\/Guillermo-Francella-Foto-Paul-David-Focus-Agosto-2015-02.jpg 277w\" sizes=\"auto, (max-width: 233px) 100vw, 233px\" \/><\/a><\/p>\n<p><strong>\u00bfCu\u00e0l es tu relaci\u00f3n actualmente con la famosa\u201cpantalla chica\u201d? <\/strong>Hoy en la televisi\u00f3n estoy \u00fanicamente en latas, tambi\u00e9n tengo la sensaci\u00f3n que la teve actual no est\u00e0 a la altura de las demandas profesionales que vivo en el teatro y el cine, la tele cambi\u00f2, hay algunos unitarios. Ahora se abri\u00f3 un nicho muy bueno que sali\u00f3 m\u00e0s all\u00e0 de la tv tradicional como es Netflix o las cosas de HBO, tambi\u00e9n ciertas cosas de Direct TV, que tienen un contenido m\u00e0s cinematogr\u00e0fico, m\u00e0s artesanal, con cosas como thrillers o cosas de suspenso, tem\u00e1ticas interesantes bien interpretadas y dirigidas, est\u00e0 muy bueno todo ese nicho creativo que est\u00e0 apareciendo como alternativa. La televisi\u00f3n abierta est\u00e0 rara, no mala, es todo tira y todo est\u00e0 cargado de una tensi\u00f3n muy fuerte que antes no hab\u00eda, fueron con las brasileras, ahora van con las turcas, empieza a mermar la producci\u00f3n local, los unitarios hoy no le resultan econ\u00f3micamente a ninguno, porque no es un buen negocio y lo semanal no rinde. Lo de\u201cAvenida Brasil\u201d realmente no me sorprendi\u00f3, era extraordinaria, pero lo que pasa con\u201cOnur\u201d y \u201cLas mil y una noches\u201ds\u00ec, es muy antigua, muy pero muy lenta, pero la cosa de coraz\u00f3n sigue atrapando y lo entiendo, eso le llega al coraz\u00f3n y el culebr\u00f3n al argentino le gusta mucho. Pero en la televisi\u00f2n aparezco tambi\u00e9n respaldando mis otros trabajos y la gente lo agradece, estuve promocionando la pel\u00edcula con Mirtha Legrand, incluso Mirtha siempre me pide que cuente la misma an\u00e9cdota, pues a ella la divierte mucho, la cont\u00e8 una vez y se divirti\u00f3 tanto que todas las veces que voy a su programa me la hace contar otra vez. Entonces nada, con mucho placer se la cont\u00e8 de nuevo.<\/p>\n<p><a href=\"http:\/\/www.noticias1440.com.ar\/wp-content\/uploads\/2015\/08\/Guillermo-Francella-Foto-Furgang-Comunicaciones-Agosto-2015-A.jpg\"><img loading=\"lazy\" decoding=\"async\" class=\" size-medium wp-image-1416 alignleft\" src=\"http:\/\/www.noticias1440.com.ar\/wp-content\/uploads\/2015\/08\/Guillermo-Francella-Foto-Furgang-Comunicaciones-Agosto-2015-A-300x201.jpg\" alt=\"Guillermo Francella (Foto Furgang Comunicaciones - Agosto 2015 A)\" width=\"300\" height=\"201\" srcset=\"https:\/\/noticias1440.com.ar\/wp-content\/uploads\/2015\/08\/Guillermo-Francella-Foto-Furgang-Comunicaciones-Agosto-2015-A-300x201.jpg 300w, https:\/\/noticias1440.com.ar\/wp-content\/uploads\/2015\/08\/Guillermo-Francella-Foto-Furgang-Comunicaciones-Agosto-2015-A.jpg 446w\" sizes=\"auto, (max-width: 300px) 100vw, 300px\" \/><\/a><\/p>\n<p><strong>\u00bfC\u00f2mo compagin\u00e0s lo personal con lo profesional despu\u00e9s de tantas d\u00e9cadas? <\/strong>Mi familia me respalda mucho en cada instante de mi profesi\u00f3n, mis hijos, mi esposa, es muy importante estar al lado de mis hijos, la necesidad de respaldarlos, la reciprocidad que tenemos con ellos, encima mis dos hijos est\u00e1n haciendo un buen desembarco en las cosas que quieren hacer, Nico est\u00e0 a full con la actuaci\u00f3n, yo lo inici\u00e8 con la novela de Pol-Ka, ahora est\u00e0 intentando mantenerse, aman esto que hacen, ahora estoy con ellos a cada segundo acompa\u00f1\u00e1ndolos, porque es un gran placer respaldarlos.<\/p>\n<p><a href=\"http:\/\/www.noticias1440.com.ar\/wp-content\/uploads\/2015\/08\/Guillermo-Francella-Foto-Furgang-Comunicaciones-Agosto-2015-B.jpg\"><img loading=\"lazy\" decoding=\"async\" class=\" size-medium wp-image-1417 alignright\" src=\"http:\/\/www.noticias1440.com.ar\/wp-content\/uploads\/2015\/08\/Guillermo-Francella-Foto-Furgang-Comunicaciones-Agosto-2015-B-300x200.jpg\" alt=\"Guillermo Francella (Foto Furgang Comunicaciones - Agosto 2015 B)\" width=\"300\" height=\"200\" srcset=\"https:\/\/noticias1440.com.ar\/wp-content\/uploads\/2015\/08\/Guillermo-Francella-Foto-Furgang-Comunicaciones-Agosto-2015-B-300x200.jpg 300w, https:\/\/noticias1440.com.ar\/wp-content\/uploads\/2015\/08\/Guillermo-Francella-Foto-Furgang-Comunicaciones-Agosto-2015-B.jpg 450w\" sizes=\"auto, (max-width: 300px) 100vw, 300px\" \/><\/a><\/p>\n<p><strong>\u00bfC\u00f2mo sigue tu agenda en el segundo semestre de actividad? <\/strong>Ahora voy a acompa\u00f1ar esta pel\u00edcula, voy al Festival de Venecia seguramente, despu\u00e9s voy a ver, porque ten\u00eda una pel\u00edcula para octubre que se cay\u00f2, estaba hablada, un proyecto con Espa\u00f1a y Francia muy interesante pero est\u00e0 frenado, entonces me queda un cierre de a\u00f1o un poco vac\u00edo. Adri\u00e0n(Suar)no me tir\u00f2 ning\u00fan convite para hacer algo juntos, estoy contemplando esos nichos que te he hablado, estoy leyendo unos libros de algo pero est\u00e0 muy verde a\u00f9n. Tambi\u00e9n tengo una posibilidad teatral para el a\u00f1o que viene con una gran comedia, es una de las cosas que m\u00e0s me atrapan y seguramente lo har\u00e8 (se trata de la comedia titulada tentativamente \u00abTr\u00eco\u00bben la que actuar\u00e0 junto a Arturo Puig y Jorge Marrale en el Teatro Metropolitan, bajo la direcci\u00f2n de Javier Daulte).\u00a0El teatro tiene toda esa ingenier\u00eda de la repentizaci\u00f3n y las cosas que experiment\u00e0s en el d\u00eca a d\u00eca y ni hablar de la devoluci\u00f3n inmediata del p\u00fablico, es una de las cosas m\u00e0s hermosas que hay en esta profesi\u00f3n.<\/p>\n<p><a href=\"http:\/\/www.noticias1440.com.ar\/wp-content\/uploads\/2015\/08\/Foto-El-Clan-foto-cortes\u00eca-20-Century-Fox-001.jpg\"><img loading=\"lazy\" decoding=\"async\" class=\" size-medium wp-image-1406 alignleft\" src=\"http:\/\/www.noticias1440.com.ar\/wp-content\/uploads\/2015\/08\/Foto-El-Clan-foto-cortes\u00eca-20-Century-Fox-001-300x205.jpg\" alt=\"Foto El Clan (foto cortes\u00eca 20 Century Fox 001)\" width=\"300\" height=\"205\" srcset=\"https:\/\/noticias1440.com.ar\/wp-content\/uploads\/2015\/08\/Foto-El-Clan-foto-cortes\u00eca-20-Century-Fox-001-300x205.jpg 300w, https:\/\/noticias1440.com.ar\/wp-content\/uploads\/2015\/08\/Foto-El-Clan-foto-cortes\u00eca-20-Century-Fox-001.jpg 411w\" sizes=\"auto, (max-width: 300px) 100vw, 300px\" \/><\/a><\/p>\n<p><strong>\u00bfC\u00f2mo manej\u00e0s los tiempos libres entre un proyecto y otro? <\/strong>Me llevo muy bien con el ocio, estoy mucho en casa, me gustar estar, viajo, soy de leer mucho, no me gusta cocinar, leo mucho y veo mucha televisi\u00f3n, muchas pel\u00edculas, estoy mucho conmigo, hago gimnasia, me gusta el golf, siento que mi ocio es muy creativo, siempre pensando, craneando lo que vendr\u00e0, charlando. En el golf compet\u00ecs con la otra persona, en realidad vas contra la cancha, es un deporte tambi\u00e9n milim\u00e9trico, de una gran precisi\u00f3n y si hac\u00e8s algo diferente lo not\u00e0s enseguida. Me gusta tener un fin de semana libre, encontrarme con amigos, esas comidas, son cosas que me permiten bajar a tierra, me gusta ver f\u00fatbol y Saja es que mayor tranquilidad me da(risas).\u00a0\u00a0\u00a0\u00a0\u00a0<\/p>\n<p><a href=\"http:\/\/www.noticias1440.com.ar\/wp-content\/uploads\/2015\/08\/Foto-El-Clan-foto-cortes\u00eca-20-Century-Fox-009.jpg\"><img loading=\"lazy\" decoding=\"async\" class=\" size-medium wp-image-1414 alignright\" src=\"http:\/\/www.noticias1440.com.ar\/wp-content\/uploads\/2015\/08\/Foto-El-Clan-foto-cortes\u00eca-20-Century-Fox-009-300x214.jpg\" alt=\"Foto El Clan (foto cortes\u00eca 20 Century Fox 009)\" width=\"300\" height=\"214\" srcset=\"https:\/\/noticias1440.com.ar\/wp-content\/uploads\/2015\/08\/Foto-El-Clan-foto-cortes\u00eca-20-Century-Fox-009-300x214.jpg 300w, https:\/\/noticias1440.com.ar\/wp-content\/uploads\/2015\/08\/Foto-El-Clan-foto-cortes\u00eca-20-Century-Fox-009.jpg 407w\" sizes=\"auto, (max-width: 300px) 100vw, 300px\" \/><\/a>\u00a0<\/p>\n<p><strong>Argentina vive un a\u00f1o electoral muy tenso. \u00bfCu\u00e1l es tu deseo al respecto? <\/strong>Me encantar\u00eca que haya m\u00e0s mesura, que haya m\u00e0s tranquilidad, que no haya tanta grieta, es muy cansador, ojal\u00e0 que se puedan encontrar soluciones, que el que sea elegido en las pr\u00f3ximas elecciones tenga las decisiones para que estemos mejor, ese es el sue\u00f1o de todos los argentinos.<\/p>\n<p>&nbsp;<\/p>\n<p>&nbsp;<\/p>\n<p>&nbsp;<\/p>\n<p>&nbsp;<\/p>\n","protected":false},"excerpt":{"rendered":"<p>El protagonista del nuevo film de Pablo Trapero, brind\u00f2 detalles sobre la pel\u00eccula que recuerda los hist\u00f2ricos cr\u00edmenes del famoso Clan Puccio. El consagrado actor de\u00bbPon\u00e8 a Francella\u00bbhabl\u00f2\u00a0a solas con Noticias1440 sobre este nuevo film y tambi\u00e8n sobre varios aspectos de su carrera profesional.<\/p>\n","protected":false},"author":1,"featured_media":1404,"comment_status":"closed","ping_status":"open","sticky":false,"template":"","format":"standard","meta":{"footnotes":""},"categories":[4],"tags":[],"class_list":["post-1403","post","type-post","status-publish","format-standard","has-post-thumbnail","hentry","category-entrevistas"],"_links":{"self":[{"href":"https:\/\/noticias1440.com.ar\/index.php?rest_route=\/wp\/v2\/posts\/1403","targetHints":{"allow":["GET"]}}],"collection":[{"href":"https:\/\/noticias1440.com.ar\/index.php?rest_route=\/wp\/v2\/posts"}],"about":[{"href":"https:\/\/noticias1440.com.ar\/index.php?rest_route=\/wp\/v2\/types\/post"}],"author":[{"embeddable":true,"href":"https:\/\/noticias1440.com.ar\/index.php?rest_route=\/wp\/v2\/users\/1"}],"replies":[{"embeddable":true,"href":"https:\/\/noticias1440.com.ar\/index.php?rest_route=%2Fwp%2Fv2%2Fcomments&post=1403"}],"version-history":[{"count":7,"href":"https:\/\/noticias1440.com.ar\/index.php?rest_route=\/wp\/v2\/posts\/1403\/revisions"}],"predecessor-version":[{"id":1455,"href":"https:\/\/noticias1440.com.ar\/index.php?rest_route=\/wp\/v2\/posts\/1403\/revisions\/1455"}],"wp:featuredmedia":[{"embeddable":true,"href":"https:\/\/noticias1440.com.ar\/index.php?rest_route=\/wp\/v2\/media\/1404"}],"wp:attachment":[{"href":"https:\/\/noticias1440.com.ar\/index.php?rest_route=%2Fwp%2Fv2%2Fmedia&parent=1403"}],"wp:term":[{"taxonomy":"category","embeddable":true,"href":"https:\/\/noticias1440.com.ar\/index.php?rest_route=%2Fwp%2Fv2%2Fcategories&post=1403"},{"taxonomy":"post_tag","embeddable":true,"href":"https:\/\/noticias1440.com.ar\/index.php?rest_route=%2Fwp%2Fv2%2Ftags&post=1403"}],"curies":[{"name":"wp","href":"https:\/\/api.w.org\/{rel}","templated":true}]}}