{"id":1374,"date":"2015-08-08T19:42:55","date_gmt":"2015-08-08T19:42:55","guid":{"rendered":"http:\/\/www.noticias1440.com.ar\/?p=1374"},"modified":"2015-08-13T20:29:05","modified_gmt":"2015-08-13T20:29:05","slug":"facundo-arana-lo-que-me-paso-en-estos-anos-no-me-saco-ganas-de-laburar-en-la-tv","status":"publish","type":"post","link":"https:\/\/noticias1440.com.ar\/?p=1374","title":{"rendered":"Facundo Arana: \u00abLo que me pas\u00f2 en estos \u00f9ltimos a\u00f1os no me sac\u00f2 las ganas de laburar en la televisi\u00f2n\u00bb"},"content":{"rendered":"<p>El protagonista de\u201cSolamente Vos\u201dactu\u00f3 con su grupo musical a sala repleta en \u201cLa Trastienda Club\u201d, antes de iniciar un gran gira con su disco solista por Israel y Rusia. Despu\u00e8s del show, habl\u00f2 muy tranquilo a solas con Noticias1440.<\/p>\n<p><!--more--><\/p>\n<p><a href=\"http:\/\/www.noticias1440.com.ar\/wp-content\/uploads\/2015\/08\/Facundo-Arana-LaTrastiendaClub-07-08-15-Foto-Paul-David-Focus-A013.jpg\"><img loading=\"lazy\" decoding=\"async\" class=\"alignnone size-medium wp-image-1393\" src=\"http:\/\/www.noticias1440.com.ar\/wp-content\/uploads\/2015\/08\/Facundo-Arana-LaTrastiendaClub-07-08-15-Foto-Paul-David-Focus-A013-300x225.jpg\" alt=\"Facundo Arana (LaTrastiendaClub 07 08 15 - Foto Paul David Focus A013)\" width=\"300\" height=\"225\" srcset=\"https:\/\/noticias1440.com.ar\/wp-content\/uploads\/2015\/08\/Facundo-Arana-LaTrastiendaClub-07-08-15-Foto-Paul-David-Focus-A013-300x225.jpg 300w, https:\/\/noticias1440.com.ar\/wp-content\/uploads\/2015\/08\/Facundo-Arana-LaTrastiendaClub-07-08-15-Foto-Paul-David-Focus-A013.jpg 402w\" sizes=\"auto, (max-width: 300px) 100vw, 300px\" \/><\/a><a href=\"http:\/\/www.noticias1440.com.ar\/wp-content\/uploads\/2015\/08\/Facundo-Arana-LaTrastiendaClub-07-08-15-Foto-Paul-David-Focus-A014.jpg\"><img loading=\"lazy\" decoding=\"async\" class=\"alignnone size-medium wp-image-1394\" src=\"http:\/\/www.noticias1440.com.ar\/wp-content\/uploads\/2015\/08\/Facundo-Arana-LaTrastiendaClub-07-08-15-Foto-Paul-David-Focus-A014-300x225.jpg\" alt=\"Facundo Arana (LaTrastiendaClub 07 08 15 - Foto Paul David Focus A014)\" width=\"300\" height=\"225\" srcset=\"https:\/\/noticias1440.com.ar\/wp-content\/uploads\/2015\/08\/Facundo-Arana-LaTrastiendaClub-07-08-15-Foto-Paul-David-Focus-A014-300x225.jpg 300w, https:\/\/noticias1440.com.ar\/wp-content\/uploads\/2015\/08\/Facundo-Arana-LaTrastiendaClub-07-08-15-Foto-Paul-David-Focus-A014.jpg 402w\" sizes=\"auto, (max-width: 300px) 100vw, 300px\" \/><\/a><\/p>\n<p><a href=\"http:\/\/www.noticias1440.com.ar\/wp-content\/uploads\/2015\/08\/Facundo-Arana-LaTrastiendaClub-07-08-15-Foto-Paul-David-Focus-A011.jpg\"><img loading=\"lazy\" decoding=\"async\" class=\"alignnone size-medium wp-image-1391\" src=\"http:\/\/www.noticias1440.com.ar\/wp-content\/uploads\/2015\/08\/Facundo-Arana-LaTrastiendaClub-07-08-15-Foto-Paul-David-Focus-A011-300x225.jpg\" alt=\"Facundo Arana (LaTrastiendaClub 07 08 15 - Foto Paul David Focus A011)\" width=\"300\" height=\"225\" srcset=\"https:\/\/noticias1440.com.ar\/wp-content\/uploads\/2015\/08\/Facundo-Arana-LaTrastiendaClub-07-08-15-Foto-Paul-David-Focus-A011-300x225.jpg 300w, https:\/\/noticias1440.com.ar\/wp-content\/uploads\/2015\/08\/Facundo-Arana-LaTrastiendaClub-07-08-15-Foto-Paul-David-Focus-A011.jpg 402w\" sizes=\"auto, (max-width: 300px) 100vw, 300px\" \/><\/a><a href=\"http:\/\/www.noticias1440.com.ar\/wp-content\/uploads\/2015\/08\/Facundo-Arana-LaTrastiendaClub-07-08-15-Foto-Paul-David-Focus-A009.jpg\"><img loading=\"lazy\" decoding=\"async\" class=\"alignnone size-medium wp-image-1389\" src=\"http:\/\/www.noticias1440.com.ar\/wp-content\/uploads\/2015\/08\/Facundo-Arana-LaTrastiendaClub-07-08-15-Foto-Paul-David-Focus-A009-300x225.jpg\" alt=\"Facundo Arana (LaTrastiendaClub 07 08 15 - Foto Paul David Focus A009)\" width=\"300\" height=\"225\" srcset=\"https:\/\/noticias1440.com.ar\/wp-content\/uploads\/2015\/08\/Facundo-Arana-LaTrastiendaClub-07-08-15-Foto-Paul-David-Focus-A009-300x225.jpg 300w, https:\/\/noticias1440.com.ar\/wp-content\/uploads\/2015\/08\/Facundo-Arana-LaTrastiendaClub-07-08-15-Foto-Paul-David-Focus-A009.jpg 402w\" sizes=\"auto, (max-width: 300px) 100vw, 300px\" \/><\/a><\/p>\n<p><a href=\"http:\/\/www.noticias1440.com.ar\/wp-content\/uploads\/2015\/08\/Facundo-Arana-LaTrastiendaClub-07-08-15-Foto-Paul-David-Focus-A012.jpg\"><img loading=\"lazy\" decoding=\"async\" class=\" size-medium wp-image-1392 alignright\" src=\"http:\/\/www.noticias1440.com.ar\/wp-content\/uploads\/2015\/08\/Facundo-Arana-LaTrastiendaClub-07-08-15-Foto-Paul-David-Focus-A012-300x225.jpg\" alt=\"Facundo Arana (LaTrastiendaClub 07 08 15 - Foto Paul David Focus A012)\" width=\"300\" height=\"225\" srcset=\"https:\/\/noticias1440.com.ar\/wp-content\/uploads\/2015\/08\/Facundo-Arana-LaTrastiendaClub-07-08-15-Foto-Paul-David-Focus-A012-300x225.jpg 300w, https:\/\/noticias1440.com.ar\/wp-content\/uploads\/2015\/08\/Facundo-Arana-LaTrastiendaClub-07-08-15-Foto-Paul-David-Focus-A012.jpg 402w\" sizes=\"auto, (max-width: 300px) 100vw, 300px\" \/><\/a><\/p>\n<p><strong>Por Gabriel Imparato<\/strong><\/p>\n<p><strong>(Capital Federal \u2013 S\u00e0bado 08 Agosto 2015)<\/strong> Sin dudas su decisi\u00f3n de dedicarle bastante tiempo a su demorada carrera musical parece estar rindi\u00e9ndole optimistas frutos, despu\u00e9s del lanzamiento de su \u00e1lbum debut\u201cSalir A Tocar\u201d, publicado por Sony Music Argentina durante el 2014. Despu\u00e8s de una serie exitosa de actuaciones en el interior, entre las que sobresali\u00f3 un concierto en Mendoza, el prestigioso actor Facundo Arana se present\u00f2 ayer a la noche en\u201cLa Trastienda Club\u201d, concierto con localidades agotadas varios d\u00edas antes de la funci\u00f3n despedida antes de su primer gira internacional como m\u00fasico. Acompa\u00f1ado por la\u201cBlue Light Orchestra\u201d(Orquesta de la Luz Azul), el int\u00e8rprete de\u201cSolamente vos\u201d llen\u00f2 tres veces el conocido local de la calle Balcarce y ahora iniciar\u00e0 entre el 17 y el 30 de octubre pr\u00f3ximos una gira por Israel, previ\u00e9ndose para el 27 de noviembre una fecha del rubio saxofonista y cantante en el Centro de Artes Esc\u00e8nicas de Mosc\u00f9.<\/p>\n<p><a href=\"http:\/\/www.noticias1440.com.ar\/wp-content\/uploads\/2015\/08\/Facundo-Arana-LaTrastiendaClub-07-08-15-Foto-Paul-David-Focus-A010.jpg\"><img loading=\"lazy\" decoding=\"async\" class=\" size-medium wp-image-1390 alignleft\" src=\"http:\/\/www.noticias1440.com.ar\/wp-content\/uploads\/2015\/08\/Facundo-Arana-LaTrastiendaClub-07-08-15-Foto-Paul-David-Focus-A010-300x225.jpg\" alt=\"Facundo Arana (LaTrastiendaClub 07 08 15 - Foto Paul David Focus A010)\" width=\"300\" height=\"225\" srcset=\"https:\/\/noticias1440.com.ar\/wp-content\/uploads\/2015\/08\/Facundo-Arana-LaTrastiendaClub-07-08-15-Foto-Paul-David-Focus-A010-300x225.jpg 300w, https:\/\/noticias1440.com.ar\/wp-content\/uploads\/2015\/08\/Facundo-Arana-LaTrastiendaClub-07-08-15-Foto-Paul-David-Focus-A010.jpg 402w\" sizes=\"auto, (max-width: 300px) 100vw, 300px\" \/><\/a><\/p>\n<p>Desde que public\u00f2\u201cSalir A Tocar\u201d, Facundo Arana concret\u00f2 unos cuarenta recitales en distintas localidades de Argentina, tourn\u00e9e por nuestra naci\u00f3n que este \u00faltimo viernes le depar\u00f2 su tercer show\u201csold out\u201den el fant\u00e1stico escenario de\u201cLaTrastiendaClub\u201d, recital que reuni\u00f3 un numeroso p\u00fablico femenino que lo ovacion\u00f2, aplaudi\u00f3 y como siempre se da en estas situaciones tambi\u00e9n le grit\u00f2 frases impublicables haci\u00e9ndole saber la fuerte seducci\u00f3n que provoca en el \u00e0mbito femenino. Este concierto acaeci\u00f2 d\u00edas despu\u00e9s de la emisi\u00f3n del pen\u00faltimo cap\u00ectulo de la ficci\u00f3n\u201cNoche y D\u00eca\u201d, una novela que finalizar\u00e0 el d\u00eca 12 de agosto con la emisi\u00f3n a las 23:30 de su \u00faltimo episodio. La tira emitida por El Trece, que inicialmente fue puesta en pantalla en el horario central de las 22 horas, fue trasladada semanas m\u00e0s tarde al pol\u00e9mico horario de las 23, debido a la excelente marca que la famosa novela turca\u201cLas Mil Y Unas Noches\u201d(\u201cBinbir Gece\u201d)en ese duro horario, provocando con ello el intercambio de bandas de emisi\u00f3n para mejorar as\u00ec el rating en la banda prime-time de la emisora del solcito. Pero esto no fue el \u00fanico traspi\u00e9 que vivi\u00f3 el ciclo, ya que a poco de iniciado sufri\u00f3 las partidas de Romina Gaetani y Oscar Mart\u00ecnez, quienes dejaron por distintas razones esta ficci\u00f3n, la cual tras muy bajas mediciones fue convertida en unitario ante el debut de\u201cShowMatch\u201d, quedando en la franja de los d\u00edas mi\u00e9rcoles a las 23 horas como amargo consuelo operativo para un programa que hab\u00eda debutado con otra clase de expectativas.<\/p>\n<p><a href=\"http:\/\/www.noticias1440.com.ar\/wp-content\/uploads\/2015\/08\/Facundo-Arana-LaTrastiendaClub-07-08-15-Foto-Paul-David-Focus-A008.jpg\"><img loading=\"lazy\" decoding=\"async\" class=\"alignnone size-medium wp-image-1388\" src=\"http:\/\/www.noticias1440.com.ar\/wp-content\/uploads\/2015\/08\/Facundo-Arana-LaTrastiendaClub-07-08-15-Foto-Paul-David-Focus-A008-300x225.jpg\" alt=\"Facundo Arana (LaTrastiendaClub 07 08 15 - Foto Paul David Focus A008)\" width=\"300\" height=\"225\" srcset=\"https:\/\/noticias1440.com.ar\/wp-content\/uploads\/2015\/08\/Facundo-Arana-LaTrastiendaClub-07-08-15-Foto-Paul-David-Focus-A008-300x225.jpg 300w, https:\/\/noticias1440.com.ar\/wp-content\/uploads\/2015\/08\/Facundo-Arana-LaTrastiendaClub-07-08-15-Foto-Paul-David-Focus-A008.jpg 402w\" sizes=\"auto, (max-width: 300px) 100vw, 300px\" \/><\/a><a href=\"http:\/\/www.noticias1440.com.ar\/wp-content\/uploads\/2015\/08\/Facundo-Arana-LaTrastiendaClub-07-08-15-Foto-Paul-David-Focus-A006.jpg\"><img loading=\"lazy\" decoding=\"async\" class=\"alignnone size-medium wp-image-1386\" src=\"http:\/\/www.noticias1440.com.ar\/wp-content\/uploads\/2015\/08\/Facundo-Arana-LaTrastiendaClub-07-08-15-Foto-Paul-David-Focus-A006-300x225.jpg\" alt=\"Facundo Arana (LaTrastiendaClub 07 08 15 - Foto Paul David Focus A006)\" width=\"300\" height=\"225\" srcset=\"https:\/\/noticias1440.com.ar\/wp-content\/uploads\/2015\/08\/Facundo-Arana-LaTrastiendaClub-07-08-15-Foto-Paul-David-Focus-A006-300x225.jpg 300w, https:\/\/noticias1440.com.ar\/wp-content\/uploads\/2015\/08\/Facundo-Arana-LaTrastiendaClub-07-08-15-Foto-Paul-David-Focus-A006.jpg 402w\" sizes=\"auto, (max-width: 300px) 100vw, 300px\" \/><\/a><\/p>\n<p>Tras el fallecimiento de estos personajes que acompa\u00f1aban al rol desempe\u00f1ado por Arana en esta historia de neto corte policial, la historia sufri\u00f3 bastantes modificaciones y durante los \u00faltimos meses varios artistas emigraron del ciclo, ingresando otros, como el caso de la actriz Florencia Raggi, cuyo personaje falleci\u00f3 en la narraci\u00f3n televisiva este mi\u00e9rcoles 05 de Agosto por un c\u00e1ncer tras una penosa agon\u00eda. En medio de esta emisi\u00f3n transcurrida en la mitad de semana y el \u00faltimo episodio de la novela\u201cNoche y D\u00eca\u201dque se ver\u00e0 el pr\u00f3ximo mi\u00e9rcoles 12,el actor Facundo Arana concret\u00f2 finalmente su tercer fecha en La Trastienda Club con localidades totalmente agotadas, concierto que present\u00f2 cl\u00e1sicos de su cd debut como\u201cStand By Me\u201do\u201cNever Tears Us Apart\u201den vivo con aceitadas versiones de\u201cCome Together\u201d, \u201cKnocking On The Heaven\u2019s Door\u201d, \u201cDo You Love Me?\u201do el gran cl\u00e1sico de Aerosmith \u201cToys In The Attic\u201d.<\/p>\n<p><a href=\"http:\/\/www.noticias1440.com.ar\/wp-content\/uploads\/2015\/08\/Facundo-Arana-LaTrastiendaClub-07-08-15-Foto-Paul-David-Focus-A005.jpg\"><img loading=\"lazy\" decoding=\"async\" class=\"alignnone size-medium wp-image-1385\" src=\"http:\/\/www.noticias1440.com.ar\/wp-content\/uploads\/2015\/08\/Facundo-Arana-LaTrastiendaClub-07-08-15-Foto-Paul-David-Focus-A005-300x225.jpg\" alt=\"Facundo Arana (LaTrastiendaClub 07 08 15 - Foto Paul David Focus A005)\" width=\"300\" height=\"225\" srcset=\"https:\/\/noticias1440.com.ar\/wp-content\/uploads\/2015\/08\/Facundo-Arana-LaTrastiendaClub-07-08-15-Foto-Paul-David-Focus-A005-300x225.jpg 300w, https:\/\/noticias1440.com.ar\/wp-content\/uploads\/2015\/08\/Facundo-Arana-LaTrastiendaClub-07-08-15-Foto-Paul-David-Focus-A005.jpg 402w\" sizes=\"auto, (max-width: 300px) 100vw, 300px\" \/><\/a><a href=\"http:\/\/www.noticias1440.com.ar\/wp-content\/uploads\/2015\/08\/Facundo-Arana-LaTrastiendaClub-07-08-15-Foto-Paul-David-Focus-A007.jpg\"><img loading=\"lazy\" decoding=\"async\" class=\"alignnone size-medium wp-image-1387\" src=\"http:\/\/www.noticias1440.com.ar\/wp-content\/uploads\/2015\/08\/Facundo-Arana-LaTrastiendaClub-07-08-15-Foto-Paul-David-Focus-A007-300x225.jpg\" alt=\"Facundo Arana (LaTrastiendaClub 07 08 15 - Foto Paul David Focus A007)\" width=\"300\" height=\"225\" srcset=\"https:\/\/noticias1440.com.ar\/wp-content\/uploads\/2015\/08\/Facundo-Arana-LaTrastiendaClub-07-08-15-Foto-Paul-David-Focus-A007-300x225.jpg 300w, https:\/\/noticias1440.com.ar\/wp-content\/uploads\/2015\/08\/Facundo-Arana-LaTrastiendaClub-07-08-15-Foto-Paul-David-Focus-A007.jpg 402w\" sizes=\"auto, (max-width: 300px) 100vw, 300px\" \/><\/a><\/p>\n<p>El recital adem\u00e1s propuso una original reversi\u00f3n del tema \u201cEverybody Hurts\u201ddel grupo estadounidense REM, adem\u00e1s de jugados covers de\u201cHit The Road Jack\u201do \u201cProud Mary\u201d, adicionando un tema in\u00e8dito al repertorio en una gran recital con una banda muy afiatada y ajustada que supo acompa\u00f1ar con enorme calidad y clase a su rubio anfitri\u00f3n en esos casi cien minutos de espect\u00e1culo. Desde las butacas ubicadas en el primer piso, el actor recibi\u00f3 el respaldo de las prestigiosas actrices Florencia Raggi y Eleonora Wexler, la ascendente int\u00e8rprete Candela Vetrano y por supuesto de su esposa, la conductora televisiva y modelo Mar\u00eca Sussini. Obviamente, ante la cercan\u00eca del final de su ciclo televisivo y tambi\u00e9n el inminente tour que el artista concretar\u00e0 por dos pa\u00ecses en pocas semanas, el actor Facundo Arana recibi\u00f3 a <strong>Noticias1440<\/strong> a solas en su camar\u00ecn para responder las siguientes consultas formuladas:<\/p>\n<p><a href=\"http:\/\/www.noticias1440.com.ar\/wp-content\/uploads\/2015\/08\/Facundo-Arana-LaTrastiendaClub-07-08-15-Foto-Paul-David-Focus-A003.jpg\"><img loading=\"lazy\" decoding=\"async\" class=\"alignnone size-medium wp-image-1383\" src=\"http:\/\/www.noticias1440.com.ar\/wp-content\/uploads\/2015\/08\/Facundo-Arana-LaTrastiendaClub-07-08-15-Foto-Paul-David-Focus-A003-300x225.jpg\" alt=\"Facundo Arana (LaTrastiendaClub 07 08 15 - Foto Paul David Focus A003)\" width=\"300\" height=\"225\" srcset=\"https:\/\/noticias1440.com.ar\/wp-content\/uploads\/2015\/08\/Facundo-Arana-LaTrastiendaClub-07-08-15-Foto-Paul-David-Focus-A003-300x225.jpg 300w, https:\/\/noticias1440.com.ar\/wp-content\/uploads\/2015\/08\/Facundo-Arana-LaTrastiendaClub-07-08-15-Foto-Paul-David-Focus-A003.jpg 402w\" sizes=\"auto, (max-width: 300px) 100vw, 300px\" \/><\/a><a href=\"http:\/\/www.noticias1440.com.ar\/wp-content\/uploads\/2015\/08\/Facundo-Arana-LaTrastiendaClub-07-08-15-Foto-Paul-David-Focus-A004.jpg\"><img loading=\"lazy\" decoding=\"async\" class=\"alignnone size-medium wp-image-1384\" src=\"http:\/\/www.noticias1440.com.ar\/wp-content\/uploads\/2015\/08\/Facundo-Arana-LaTrastiendaClub-07-08-15-Foto-Paul-David-Focus-A004-300x225.jpg\" alt=\"Facundo Arana (LaTrastiendaClub 07 08 15 - Foto Paul David Focus A004)\" width=\"300\" height=\"225\" srcset=\"https:\/\/noticias1440.com.ar\/wp-content\/uploads\/2015\/08\/Facundo-Arana-LaTrastiendaClub-07-08-15-Foto-Paul-David-Focus-A004-300x225.jpg 300w, https:\/\/noticias1440.com.ar\/wp-content\/uploads\/2015\/08\/Facundo-Arana-LaTrastiendaClub-07-08-15-Foto-Paul-David-Focus-A004.jpg 402w\" sizes=\"auto, (max-width: 300px) 100vw, 300px\" \/><\/a><\/p>\n<p><a href=\"http:\/\/www.noticias1440.com.ar\/wp-content\/uploads\/2015\/08\/Facundo-Arana-LaTrastiendaClub-07-08-15-Foto-Paul-David-Focus-A002.jpg\"><img loading=\"lazy\" decoding=\"async\" class=\"alignnone size-medium wp-image-1382\" src=\"http:\/\/www.noticias1440.com.ar\/wp-content\/uploads\/2015\/08\/Facundo-Arana-LaTrastiendaClub-07-08-15-Foto-Paul-David-Focus-A002-300x225.jpg\" alt=\"Facundo Arana (LaTrastiendaClub 07 08 15 - Foto Paul David Focus A002)\" width=\"300\" height=\"225\" srcset=\"https:\/\/noticias1440.com.ar\/wp-content\/uploads\/2015\/08\/Facundo-Arana-LaTrastiendaClub-07-08-15-Foto-Paul-David-Focus-A002-300x225.jpg 300w, https:\/\/noticias1440.com.ar\/wp-content\/uploads\/2015\/08\/Facundo-Arana-LaTrastiendaClub-07-08-15-Foto-Paul-David-Focus-A002.jpg 402w\" sizes=\"auto, (max-width: 300px) 100vw, 300px\" \/><\/a><a href=\"http:\/\/www.noticias1440.com.ar\/wp-content\/uploads\/2015\/08\/Facundo-Arana-LaTrastiendaClub-07-08-15-Foto-Paul-David-Focus-A001.jpg\"><img loading=\"lazy\" decoding=\"async\" class=\"alignnone size-medium wp-image-1381\" src=\"http:\/\/www.noticias1440.com.ar\/wp-content\/uploads\/2015\/08\/Facundo-Arana-LaTrastiendaClub-07-08-15-Foto-Paul-David-Focus-A001-300x225.jpg\" alt=\"Facundo Arana (LaTrastiendaClub 07 08 15 - Foto Paul David Focus A001)\" width=\"300\" height=\"225\" srcset=\"https:\/\/noticias1440.com.ar\/wp-content\/uploads\/2015\/08\/Facundo-Arana-LaTrastiendaClub-07-08-15-Foto-Paul-David-Focus-A001-300x225.jpg 300w, https:\/\/noticias1440.com.ar\/wp-content\/uploads\/2015\/08\/Facundo-Arana-LaTrastiendaClub-07-08-15-Foto-Paul-David-Focus-A001.jpg 402w\" sizes=\"auto, (max-width: 300px) 100vw, 300px\" \/><\/a><\/p>\n<p><a href=\"http:\/\/www.noticias1440.com.ar\/wp-content\/uploads\/2015\/08\/Facundo-Arana-LaTrastiendaClub-07-08-15-Foto-Paul-David-Focus-A016.jpg\"><img loading=\"lazy\" decoding=\"async\" class=\" size-medium wp-image-1396 alignright\" src=\"http:\/\/www.noticias1440.com.ar\/wp-content\/uploads\/2015\/08\/Facundo-Arana-LaTrastiendaClub-07-08-15-Foto-Paul-David-Focus-A016-300x225.jpg\" alt=\"Facundo Arana (LaTrastiendaClub 07 08 15 - Foto Paul David Focus A016)\" width=\"300\" height=\"225\" srcset=\"https:\/\/noticias1440.com.ar\/wp-content\/uploads\/2015\/08\/Facundo-Arana-LaTrastiendaClub-07-08-15-Foto-Paul-David-Focus-A016-300x225.jpg 300w, https:\/\/noticias1440.com.ar\/wp-content\/uploads\/2015\/08\/Facundo-Arana-LaTrastiendaClub-07-08-15-Foto-Paul-David-Focus-A016.jpg 377w\" sizes=\"auto, (max-width: 300px) 100vw, 300px\" \/><\/a><\/p>\n<p><strong>\u00bfC\u00f2mo describ\u00ecs esta etapa como m\u00fasico que celebra 18 meses de firme labor? <\/strong>Vivo una felicidad absoluta, adem\u00e1s a esta altura del partido se crece espect\u00e1culo a espect\u00e1culo, como una obra de teatro y ya llevamos la suficiente cantidad de funciones como si fuera teatro como para poder disfrutarla distendido sobre el escenario, eso nos pasa a todos sobre escena, nos conocemos bien, nos miramos mucho, nos re\u00ecmos, nos permitimos mucho disfrutar, de eso se trata y si bien lo hac\u00edamos desde la primera vez, hoy el disfrute ocurre todo el tiempo sobre la concentraci\u00f3n, que es absoluta, entonces el disfrute ya es absoluto.<\/p>\n<p><strong>\u00bfQu\u00e8 significa viajar pr\u00f3ximamente a pa\u00edses donde estuviste antes como actor? <\/strong>Ir a Israel y Rusia como\u00a0m\u00f9sico es algo muy impactante, muy importante y tambi\u00e9n una situaci\u00f3n muy conmovedora, porque ir a Israel, donde ya me he presentado y recibir un premio por algo que tiene que ver con mi oficio de actor en televisi\u00f3n fue notable, ir ahora como cantante, como m\u00fasico, con mi saxo, voy con el mismo saxo con el que empez\u00f3 todo, hay un tema que toco con el saxo alto que es el mismo que toqu\u00e8 cuando arranque tocando en el subte, es todo un mensaje hoy y un gui\u00f1o a aqu\u00e8l chico que arranc\u00f2 tratando de hacerse un lugar en una estaci\u00f3n subterr\u00e1nea.<\/p>\n<p><a href=\"http:\/\/www.noticias1440.com.ar\/wp-content\/uploads\/2015\/08\/Facundo-Arana-LaTrastiendaClub-07-08-15-Foto-Paul-David-Focus-A015.jpg\"><img loading=\"lazy\" decoding=\"async\" class=\" size-medium wp-image-1395 alignleft\" src=\"http:\/\/www.noticias1440.com.ar\/wp-content\/uploads\/2015\/08\/Facundo-Arana-LaTrastiendaClub-07-08-15-Foto-Paul-David-Focus-A015-300x225.jpg\" alt=\"Facundo Arana (LaTrastiendaClub 07 08 15 - Foto Paul David Focus A015)\" width=\"300\" height=\"225\" srcset=\"https:\/\/noticias1440.com.ar\/wp-content\/uploads\/2015\/08\/Facundo-Arana-LaTrastiendaClub-07-08-15-Foto-Paul-David-Focus-A015-300x225.jpg 300w, https:\/\/noticias1440.com.ar\/wp-content\/uploads\/2015\/08\/Facundo-Arana-LaTrastiendaClub-07-08-15-Foto-Paul-David-Focus-A015.jpg 391w\" sizes=\"auto, (max-width: 300px) 100vw, 300px\" \/><\/a><\/p>\n<p><strong>\u00bfLa m\u00fasica te proporciona las alegr\u00ecas que \u00f9ltimamente la tele te viene retaceando? <\/strong><strong>Sufriste bastante con\u201cFarsantes\u201d y ahora no todo cerr\u00f2 bien con\u201cNoche y D\u00eca\u201d. <\/strong>N\u00f2, la televisi\u00f3n siempre me dio alegr\u00ecas, pero las alegr\u00ecas no tienen que ver con el rating, tienen que ver con c\u00f2mo uno se siente. El trauma del \u201cotro programa\u201d(por\u201cFarsantes\u201d)ya lo dej\u00e8 atr\u00e1s.<\/p>\n<p><strong>Viviste situaciones inc\u00f2modas con Julio Ch\u00e0vez y\u201cNoche y D\u00eca\u201dparad\u00f3jicamente fue casi como un\u201cGran Hermano Arana\u201ddonde buena parte del elenco se fue y quedaste vos con las riendas del ciclo en medio de muchos cambios de historia y personajes. <\/strong>Lo importante es como te sent\u00eds vos y como est\u00e0s vos con tu grupo, el p\u00fablico se da cuenta inmediatamente, lo que pas\u00f2 con\u201cFarsantes\u201dlo dej\u00e8 atr\u00e1s, fue un programa y lo dej\u00e8 atr\u00e1s, como he dejado tantos otros. En cambio\u201cNoche y d\u00eca\u201dfue una comuni\u00f3n, un extraordinario trabajo, con un buen equipo, que a veces tiene m\u00e0s o menos suerte, despu\u00e9s hoy hay medios que te acompa\u00f1an y medios que tiran bombas para hacer twitteos, son medios poco replicados que tiran esas cosas oscuras y no sab\u00e8s siquiera quienes escriben.<\/p>\n<p><a href=\"http:\/\/www.noticias1440.com.ar\/wp-content\/uploads\/2015\/08\/Facundo-Arana-foto-Facundo-Arana-Cuenta-Instagram-2015.jpg\"><img loading=\"lazy\" decoding=\"async\" class=\" size-medium wp-image-1380 alignright\" src=\"http:\/\/www.noticias1440.com.ar\/wp-content\/uploads\/2015\/08\/Facundo-Arana-foto-Facundo-Arana-Cuenta-Instagram-2015-300x275.jpg\" alt=\"Facundo Arana (foto Facundo Arana Cuenta Instagram 2015)\" width=\"300\" height=\"275\" srcset=\"https:\/\/noticias1440.com.ar\/wp-content\/uploads\/2015\/08\/Facundo-Arana-foto-Facundo-Arana-Cuenta-Instagram-2015-300x275.jpg 300w, https:\/\/noticias1440.com.ar\/wp-content\/uploads\/2015\/08\/Facundo-Arana-foto-Facundo-Arana-Cuenta-Instagram-2015.jpg 317w\" sizes=\"auto, (max-width: 300px) 100vw, 300px\" \/><\/a><\/p>\n<p><strong>\u00bfEstas experiencias te restaron ganas de volver pr\u00f3ximamente a la televisi\u00f3n? <\/strong>Lo que pas\u00f2 no me sac\u00f2 las ganas de laburar en tele, si algo alguna vez me saca ganas de hacer lo que me gusta en mi oficio, algo est\u00e0 mal en m\u00ec.<\/p>\n<p><strong>\u00bfYa ten\u00e8s material para tu pr\u00f3ximo disco como solista? <\/strong>S\u00ec, ya hay listas unas ocho canciones y vamos a seguir preparando m\u00e0s material, hicimos hoy un tema in\u00e8dito en vivo y estamos muy entusiasmados con la Blue Light Orchestra por las cosas que est\u00e1n saliendo, mejor no puedo estar con esta situaci\u00f3n. Apenas den los tiempos retomaremos este proceso que viene muy bien encaminado.<\/p>\n<p>&nbsp;<\/p>\n","protected":false},"excerpt":{"rendered":"<p>El protagonista de\u201cSolamente Vos\u201dactu\u00f3 con su grupo musical a sala repleta en \u201cLa Trastienda Club\u201d, antes de iniciar un gran gira con su disco solista por Israel y Rusia. Despu\u00e8s del show, habl\u00f2 muy tranquilo a solas con Noticias1440.<\/p>\n","protected":false},"author":1,"featured_media":1375,"comment_status":"closed","ping_status":"open","sticky":false,"template":"","format":"standard","meta":{"footnotes":""},"categories":[3],"tags":[],"class_list":["post-1374","post","type-post","status-publish","format-standard","has-post-thumbnail","hentry","category-actualidad"],"_links":{"self":[{"href":"https:\/\/noticias1440.com.ar\/index.php?rest_route=\/wp\/v2\/posts\/1374","targetHints":{"allow":["GET"]}}],"collection":[{"href":"https:\/\/noticias1440.com.ar\/index.php?rest_route=\/wp\/v2\/posts"}],"about":[{"href":"https:\/\/noticias1440.com.ar\/index.php?rest_route=\/wp\/v2\/types\/post"}],"author":[{"embeddable":true,"href":"https:\/\/noticias1440.com.ar\/index.php?rest_route=\/wp\/v2\/users\/1"}],"replies":[{"embeddable":true,"href":"https:\/\/noticias1440.com.ar\/index.php?rest_route=%2Fwp%2Fv2%2Fcomments&post=1374"}],"version-history":[{"count":9,"href":"https:\/\/noticias1440.com.ar\/index.php?rest_route=\/wp\/v2\/posts\/1374\/revisions"}],"predecessor-version":[{"id":1477,"href":"https:\/\/noticias1440.com.ar\/index.php?rest_route=\/wp\/v2\/posts\/1374\/revisions\/1477"}],"wp:featuredmedia":[{"embeddable":true,"href":"https:\/\/noticias1440.com.ar\/index.php?rest_route=\/wp\/v2\/media\/1375"}],"wp:attachment":[{"href":"https:\/\/noticias1440.com.ar\/index.php?rest_route=%2Fwp%2Fv2%2Fmedia&parent=1374"}],"wp:term":[{"taxonomy":"category","embeddable":true,"href":"https:\/\/noticias1440.com.ar\/index.php?rest_route=%2Fwp%2Fv2%2Fcategories&post=1374"},{"taxonomy":"post_tag","embeddable":true,"href":"https:\/\/noticias1440.com.ar\/index.php?rest_route=%2Fwp%2Fv2%2Ftags&post=1374"}],"curies":[{"name":"wp","href":"https:\/\/api.w.org\/{rel}","templated":true}]}}