{"id":1343,"date":"2015-08-02T19:22:53","date_gmt":"2015-08-02T19:22:53","guid":{"rendered":"http:\/\/www.noticias1440.com.ar\/?p=1343"},"modified":"2015-08-13T20:30:06","modified_gmt":"2015-08-13T20:30:06","slug":"la-hija-de-jim-henson-felicito-a-mauro-conforti-y-la-vida-marciana-por-el-videoclip-del-tema-el-encanto-bajo-el-mar-hecho-con-muy-originales-titeres","status":"publish","type":"post","link":"https:\/\/noticias1440.com.ar\/?p=1343","title":{"rendered":"La hija de Jim Henson felicit\u00f2 a \u201cMauro Conforti y la Vida Marciana\u201d por el videoclip del tema \u201cEl encanto bajo el mar\u201d hecho con t\u00edteres nacionales."},"content":{"rendered":"<p>La responsable de la\u201cFundaci\u00f2n Jim Henson\u201dfelicit\u00f2 por mail al grupo argentino por el logrado videoclip del nuevo single del disco\u201cLos Anteojos\u201d, material que fue presentado recientemente en el Teatro Sony, moderna sala que debut\u00f2 como lugar comercial.<\/p>\n<p><!--more--><a href=\"http:\/\/www.noticias1440.com.ar\/wp-content\/uploads\/2015\/08\/Mauro-Conforti-Foto-Paul-David-Focus-A003.jpg\"><img loading=\"lazy\" decoding=\"async\" class=\"alignnone size-medium wp-image-1355\" src=\"http:\/\/www.noticias1440.com.ar\/wp-content\/uploads\/2015\/08\/Mauro-Conforti-Foto-Paul-David-Focus-A003-300x264.jpg\" alt=\"Mauro Conforti (Foto Paul David Focus A003)\" width=\"300\" height=\"264\" srcset=\"https:\/\/noticias1440.com.ar\/wp-content\/uploads\/2015\/08\/Mauro-Conforti-Foto-Paul-David-Focus-A003-300x264.jpg 300w, https:\/\/noticias1440.com.ar\/wp-content\/uploads\/2015\/08\/Mauro-Conforti-Foto-Paul-David-Focus-A003.jpg 328w\" sizes=\"auto, (max-width: 300px) 100vw, 300px\" \/><\/a><a href=\"http:\/\/www.noticias1440.com.ar\/wp-content\/uploads\/2015\/08\/Mauro-Conforti-Foto-Paul-David-Focus-A001.jpg\"><img loading=\"lazy\" decoding=\"async\" class=\"alignnone size-medium wp-image-1353\" src=\"http:\/\/www.noticias1440.com.ar\/wp-content\/uploads\/2015\/08\/Mauro-Conforti-Foto-Paul-David-Focus-A001-300x224.jpg\" alt=\"Mauro Conforti (Foto Paul David Focus A001)\" width=\"300\" height=\"224\" srcset=\"https:\/\/noticias1440.com.ar\/wp-content\/uploads\/2015\/08\/Mauro-Conforti-Foto-Paul-David-Focus-A001-300x224.jpg 300w, https:\/\/noticias1440.com.ar\/wp-content\/uploads\/2015\/08\/Mauro-Conforti-Foto-Paul-David-Focus-A001.jpg 401w\" sizes=\"auto, (max-width: 300px) 100vw, 300px\" \/><\/a>\u00a0<\/p>\n<p><a href=\"http:\/\/www.noticias1440.com.ar\/wp-content\/uploads\/2015\/08\/Mauro-Conforti-Foto-Paul-David-Focus-A002.jpg\"><img loading=\"lazy\" decoding=\"async\" class=\" size-medium wp-image-1354 alignleft\" src=\"http:\/\/www.noticias1440.com.ar\/wp-content\/uploads\/2015\/08\/Mauro-Conforti-Foto-Paul-David-Focus-A002-300x225.jpg\" alt=\"Mauro Conforti (Foto Paul David Focus A002)\" width=\"300\" height=\"225\" srcset=\"https:\/\/noticias1440.com.ar\/wp-content\/uploads\/2015\/08\/Mauro-Conforti-Foto-Paul-David-Focus-A002-300x225.jpg 300w, https:\/\/noticias1440.com.ar\/wp-content\/uploads\/2015\/08\/Mauro-Conforti-Foto-Paul-David-Focus-A002.jpg 401w\" sizes=\"auto, (max-width: 300px) 100vw, 300px\" \/><\/a><\/p>\n<p><strong>Por\u00a0Silvio Balboa<\/strong><\/p>\n<p><strong>(Capital Federal \u2013 Domingo 02 de Agosto de 2015)<\/strong> Luego de una exitosa presentaci\u00f3n en la sala del\u201cTeatro Sony\u201dcon motivo de la oficializaci\u00f3n del videoclip \u201cEl encanto bajo el mar\u201d, la banda argentina\u201cMauro Conforti y La Vida Marciana\u201drecibi\u00f2 la felicitaci\u00f3n de Lisa Henson, titular de la\u201cFundaci\u00f2n Jim Henson\u201d, quien en una emotiva carta destac\u00f3 la calidad del video musical incluyendo la presencia de elaborados t\u00edteres que clonan casi a la perfecci\u00f3n a los integrantes del grupo pop argentino. En un di\u00e1logo con Noticias1440 tras el espect\u00e1culo que la banda realizo en la nueva sala del barrio de Palermo, Conforti le coment\u00f3 a este medio la inesperada respuesta de la descendiente del creador de\u201cEl show de los Muppets\u201dy\u201cPlaza S\u00e8samo\u201d.<\/p>\n<p><a href=\"http:\/\/www.noticias1440.com.ar\/wp-content\/uploads\/2015\/08\/Mauro-Conforti-Postal-MCYLAVM.jpg\"><img loading=\"lazy\" decoding=\"async\" class=\" size-medium wp-image-1356 alignright\" src=\"http:\/\/www.noticias1440.com.ar\/wp-content\/uploads\/2015\/08\/Mauro-Conforti-Postal-MCYLAVM-300x196.jpg\" alt=\"Mauro Conforti (Postal MCYLAVM)\" width=\"300\" height=\"196\" srcset=\"https:\/\/noticias1440.com.ar\/wp-content\/uploads\/2015\/08\/Mauro-Conforti-Postal-MCYLAVM-300x196.jpg 300w, https:\/\/noticias1440.com.ar\/wp-content\/uploads\/2015\/08\/Mauro-Conforti-Postal-MCYLAVM.jpg 426w\" sizes=\"auto, (max-width: 300px) 100vw, 300px\" \/><\/a><\/p>\n<p>Al respecto y consultado por esta agencia, Conforti al respecto destac\u00f3 que\u201cle enviamos una copia del material a Lisa, la hija de Jim, con todos nuestros saludos y reconocimientos a su fundaci\u00f3n, contenidos que le acerc\u00f2 la manager de prensa de dicha entidad. Para nuestra sorpresa, a los pocos d\u00edas recibimos un mail que ella nos envi\u00f3 para contarnos sus emociones al verlo. Nos dijo que\u201cv\u00ec el videoclip de la canci\u00f3n que hicieron y me pareci\u00f3 completamente adorable, lo vimos junto a mi hijo en casa y me emocion\u00f2 mucho cuando los mu\u00f1ecos subieron a tocar con los m\u00fasicos reales en esa situaci\u00f3n homenajeando el teatro de mi padre, me pareci\u00f3 algo muy adorable y les escribo para felicitarlos por la tarea hecha con respecto a esta situaci\u00f3n art\u00edstica\u201d.\u00a0\u00a0\u00a0\u00a0\u00a0\u00a0<\/p>\n<p><a href=\"http:\/\/www.noticias1440.com.ar\/wp-content\/uploads\/2015\/08\/Mauro-Conforti-Foto-Paul-David-Focus-001.jpg\"><img loading=\"lazy\" decoding=\"async\" class=\"alignnone size-medium wp-image-1345\" src=\"http:\/\/www.noticias1440.com.ar\/wp-content\/uploads\/2015\/08\/Mauro-Conforti-Foto-Paul-David-Focus-001-300x225.jpg\" alt=\"Mauro Conforti (Foto Paul David Focus 001)\" width=\"300\" height=\"225\" srcset=\"https:\/\/noticias1440.com.ar\/wp-content\/uploads\/2015\/08\/Mauro-Conforti-Foto-Paul-David-Focus-001-300x225.jpg 300w, https:\/\/noticias1440.com.ar\/wp-content\/uploads\/2015\/08\/Mauro-Conforti-Foto-Paul-David-Focus-001.jpg 398w\" sizes=\"auto, (max-width: 300px) 100vw, 300px\" \/><\/a><a href=\"http:\/\/www.noticias1440.com.ar\/wp-content\/uploads\/2015\/08\/Mauro-Conforti-Foto-Paul-David-Focus-002.jpg\"><img loading=\"lazy\" decoding=\"async\" class=\"alignnone size-medium wp-image-1346\" src=\"http:\/\/www.noticias1440.com.ar\/wp-content\/uploads\/2015\/08\/Mauro-Conforti-Foto-Paul-David-Focus-002-300x226.jpg\" alt=\"Mauro Conforti (Foto Paul David Focus 002)\" width=\"300\" height=\"226\" srcset=\"https:\/\/noticias1440.com.ar\/wp-content\/uploads\/2015\/08\/Mauro-Conforti-Foto-Paul-David-Focus-002-300x226.jpg 300w, https:\/\/noticias1440.com.ar\/wp-content\/uploads\/2015\/08\/Mauro-Conforti-Foto-Paul-David-Focus-002.jpg 401w\" sizes=\"auto, (max-width: 300px) 100vw, 300px\" \/><\/a><a href=\"http:\/\/www.noticias1440.com.ar\/wp-content\/uploads\/2015\/08\/Mauro-Conforti-Foto-Paul-David-Focus-003.jpg\"><img loading=\"lazy\" decoding=\"async\" class=\"alignnone size-medium wp-image-1348\" src=\"http:\/\/www.noticias1440.com.ar\/wp-content\/uploads\/2015\/08\/Mauro-Conforti-Foto-Paul-David-Focus-003-300x224.jpg\" alt=\"Mauro Conforti (Foto Paul David Focus 003)\" width=\"300\" height=\"224\" srcset=\"https:\/\/noticias1440.com.ar\/wp-content\/uploads\/2015\/08\/Mauro-Conforti-Foto-Paul-David-Focus-003-300x224.jpg 300w, https:\/\/noticias1440.com.ar\/wp-content\/uploads\/2015\/08\/Mauro-Conforti-Foto-Paul-David-Focus-003.jpg 401w\" sizes=\"auto, (max-width: 300px) 100vw, 300px\" \/><\/a><a href=\"http:\/\/www.noticias1440.com.ar\/wp-content\/uploads\/2015\/08\/Mauro-Conforti-Foto-Paul-David-Focus-004.jpg\"><img loading=\"lazy\" decoding=\"async\" class=\"alignnone size-medium wp-image-1347\" src=\"http:\/\/www.noticias1440.com.ar\/wp-content\/uploads\/2015\/08\/Mauro-Conforti-Foto-Paul-David-Focus-004-300x225.jpg\" alt=\"Mauro Conforti (Foto Paul David Focus 004)\" width=\"300\" height=\"225\" srcset=\"https:\/\/noticias1440.com.ar\/wp-content\/uploads\/2015\/08\/Mauro-Conforti-Foto-Paul-David-Focus-004-300x225.jpg 300w, https:\/\/noticias1440.com.ar\/wp-content\/uploads\/2015\/08\/Mauro-Conforti-Foto-Paul-David-Focus-004.jpg 400w\" sizes=\"auto, (max-width: 300px) 100vw, 300px\" \/><\/a><\/p>\n<p>La ascendente banda argentina hab\u00eca vivido una circunstancia realmente muy distintiva, pues el pasado viernes 17 de julio vivi\u00f3 la particular situaci\u00f3n de inaugurar ya de manera comercial el\u201cTeatro Sony\u201d, una modern\u00edsima sala en el barrio de Palermo con capacidad para 400 espectadores, ocasi\u00f3n en la que oficializaron buena parte del segundo disco\u201cLos Anteojos\u201d, junto a las canciones del trabajo debut. El \u00faltimo \u00e1lbum de esta formaci\u00f3n, tal como destac\u00f3 su l\u00edder a esta agencia informativa, homenajea al rock ingl\u00e8s de los \u201960 con toques de campi\u00f1a americana, trabajo presentado con un gran recital del grupo que lidera el afiatado tecladista argentino. Casi trescientas personas, incluyendo medios e invitados, degustaron lentamente los 15 tracks del concierto,que en su primera parte ofreci\u00f3 suave y progresivamente temas como\u201cVivo como el sol\u201d, \u201cParalelos\u201dy \u201cEl momento\u201d,sum\u00e1ndose una espectacular versi\u00f3n del cl\u00e1sico\u201cBenny &amp; The Jets\u201d(Elton John), mientras el p\u00fablico ganaba confianza ante una banda ajustada y prolija. Este show adicion\u00f2 como detalle de color un falso entreacto, donde transcurri\u00f3 la proyecci\u00f2n de un video de 10 minutos que con calidad de film mostr\u00f2 la aparici\u00f3n de los Muppets replicando fielmente a cada uno de los integrantes del conjunto porte\u00f1o, escenas con buenos gags y mucho humor indie en desopilante conjunci\u00f3n.<\/p>\n<p><a href=\"http:\/\/www.noticias1440.com.ar\/wp-content\/uploads\/2015\/08\/Mauro-Conforti-Foto-Paul-David-Focus-005.jpg\"><img loading=\"lazy\" decoding=\"async\" class=\" size-medium wp-image-1349 alignleft\" src=\"http:\/\/www.noticias1440.com.ar\/wp-content\/uploads\/2015\/08\/Mauro-Conforti-Foto-Paul-David-Focus-005-300x224.jpg\" alt=\"Mauro Conforti (Foto Paul David Focus 005)\" width=\"300\" height=\"224\" srcset=\"https:\/\/noticias1440.com.ar\/wp-content\/uploads\/2015\/08\/Mauro-Conforti-Foto-Paul-David-Focus-005-300x224.jpg 300w, https:\/\/noticias1440.com.ar\/wp-content\/uploads\/2015\/08\/Mauro-Conforti-Foto-Paul-David-Focus-005.jpg 401w\" sizes=\"auto, (max-width: 300px) 100vw, 300px\" \/><\/a><\/p>\n<p>Transcurrida esta divertida situaci\u00f3n documental con grandes homenajes a los ciclos que llev\u00f2 a cabo Jim Henson en la tev\u00e9 norteamericana, la banda tom\u00f2 control del escenario nuevamente para tocar como era de esperar la canci\u00f2n\u201cEl encanto bajo el mar\u201d, cuyo videoclip muestra a t\u00edteres y m\u00fasicos confluyendo a modo de gran homenaje a Henson, especial momento del espect\u00e1culo que inesperada y m\u00e1gicamente shocke\u00f2 a los asistentes con la genial entrada de los\u201cmuppets musicales\u201dpara tocar y cantar con estos int\u00e8rpretes provocando un jocoso delirio teatral.<\/p>\n<p>&nbsp;<\/p>\n<p><a href=\"http:\/\/www.noticias1440.com.ar\/wp-content\/uploads\/2015\/08\/Mauro-Conforti-Foto-Paul-David-Focus-006.jpg\"><img loading=\"lazy\" decoding=\"async\" class=\" size-medium wp-image-1350 alignright\" src=\"http:\/\/www.noticias1440.com.ar\/wp-content\/uploads\/2015\/08\/Mauro-Conforti-Foto-Paul-David-Focus-006-300x226.jpg\" alt=\"Mauro Conforti (Foto Paul David Focus 006)\" width=\"300\" height=\"226\" srcset=\"https:\/\/noticias1440.com.ar\/wp-content\/uploads\/2015\/08\/Mauro-Conforti-Foto-Paul-David-Focus-006-300x226.jpg 300w, https:\/\/noticias1440.com.ar\/wp-content\/uploads\/2015\/08\/Mauro-Conforti-Foto-Paul-David-Focus-006.jpg 400w\" sizes=\"auto, (max-width: 300px) 100vw, 300px\" \/><\/a><\/p>\n<p>El cierre lleg\u00f3 con tres temas y un forzoso bis para satisfacer el pedido de la gente con el track\u201cCiencia Ficci\u00f2n\u201d, aunque el desenlace de este divertido espect\u00e1culo se prolong\u00f2 con la salidad de los titiriteros al hall de esta moderna sala, para saludar cari\u00f1osamente a la audiencia y acceder a todas las fotos obviamente que la gente requiri\u00f3 con estos personajes. Estrenado muy pocas semanas en todas las se\u00f1ales musicales, la repercusi\u00f2n del clip de Agust\u00edn Rolandelli junto al gran equipo de artesanos, fue de menor a mayor para valorar la gran ayuda del grupo de titiriteros de la Universidad de San Mart\u00ecn, video demand\u00f2 un a\u00f1o de trabajo para la creaci\u00f3n de los mu\u00f1ecos y todos sus instrumentos de cart\u00f3n. A poco de haber recibido la carta que envi\u00f3 la hija del creador de\u201cThe Muppets Show\u201d, Mauro Conforti habl\u00f2 con Noticias1440, respondiendo algunas consultas sobre la situaci\u00f3n que vive su exitoso proyecto musical en este milenio: \u00a0<\/p>\n<p><a href=\"http:\/\/www.noticias1440.com.ar\/wp-content\/uploads\/2015\/08\/Mauro-Conforti-Foto-Paul-David-Focus-008.jpg\"><img loading=\"lazy\" decoding=\"async\" class=\"alignnone size-medium wp-image-1352\" src=\"http:\/\/www.noticias1440.com.ar\/wp-content\/uploads\/2015\/08\/Mauro-Conforti-Foto-Paul-David-Focus-008-300x224.jpg\" alt=\"Mauro Conforti (Foto Paul David Focus 008)\" width=\"300\" height=\"224\" srcset=\"https:\/\/noticias1440.com.ar\/wp-content\/uploads\/2015\/08\/Mauro-Conforti-Foto-Paul-David-Focus-008-300x224.jpg 300w, https:\/\/noticias1440.com.ar\/wp-content\/uploads\/2015\/08\/Mauro-Conforti-Foto-Paul-David-Focus-008.jpg 401w\" sizes=\"auto, (max-width: 300px) 100vw, 300px\" \/><\/a><a href=\"http:\/\/www.noticias1440.com.ar\/wp-content\/uploads\/2015\/08\/Mauro-Conforti-Foto-Paul-David-Focus-007.jpg\"><img loading=\"lazy\" decoding=\"async\" class=\"alignnone size-medium wp-image-1351\" src=\"http:\/\/www.noticias1440.com.ar\/wp-content\/uploads\/2015\/08\/Mauro-Conforti-Foto-Paul-David-Focus-007-300x225.jpg\" alt=\"Mauro Conforti (Foto Paul David Focus 007)\" width=\"300\" height=\"225\" srcset=\"https:\/\/noticias1440.com.ar\/wp-content\/uploads\/2015\/08\/Mauro-Conforti-Foto-Paul-David-Focus-007-300x225.jpg 300w, https:\/\/noticias1440.com.ar\/wp-content\/uploads\/2015\/08\/Mauro-Conforti-Foto-Paul-David-Focus-007.jpg 399w\" sizes=\"auto, (max-width: 300px) 100vw, 300px\" \/><\/a><\/p>\n<p><a href=\"http:\/\/www.noticias1440.com.ar\/wp-content\/uploads\/2015\/08\/Mauro-Conforti-Postal-MCYLAVM.jpg\"><img loading=\"lazy\" decoding=\"async\" class=\" size-medium wp-image-1356 alignright\" src=\"http:\/\/www.noticias1440.com.ar\/wp-content\/uploads\/2015\/08\/Mauro-Conforti-Postal-MCYLAVM-300x196.jpg\" alt=\"Mauro Conforti (Postal MCYLAVM)\" width=\"300\" height=\"196\" srcset=\"https:\/\/noticias1440.com.ar\/wp-content\/uploads\/2015\/08\/Mauro-Conforti-Postal-MCYLAVM-300x196.jpg 300w, https:\/\/noticias1440.com.ar\/wp-content\/uploads\/2015\/08\/Mauro-Conforti-Postal-MCYLAVM.jpg 426w\" sizes=\"auto, (max-width: 300px) 100vw, 300px\" \/><\/a><\/p>\n<p><strong>\u00bfC\u00f2mo describir\u00edas el momento que vive esta formaci\u00f3n en estas semanas?<\/strong><\/p>\n<p>Bueno, el segundo \u00e1lbum tiene ya un a\u00f1o de recorrido, tengo un estudio de grabaci\u00f3n en mi hogar y los m\u00fasicos que tocan en mi banda son productores, por lo cual la creaci\u00f3n de este trabajo nos permiti\u00f3 mucho tiempo para experimentar, el estudio se agrand\u00f2, primero hicimos\u201cLa vida marciana\u201d, el disco debut y luego tras lo ocurrido le qued\u00f3 ese nombre al grupo. Sobre\u201cLos Anteojos\u201d, segundo \u00e1lbum con todo m\u00e0s armado, buscamos que todo lo que sonara tuviese un aire a Phil Spector, m\u00e0s que nada en el sonido. Estamos de a poco pensando en el tercer \u00e1lbum y ser\u00e1 muy distinto, porque en el segundo cd hay cosas que est\u00e1n cercanas al perfil de David Bowie y Charly Garc\u00eca, ahora buscamos algo cercano al rock en vivo, pero igual no oculto que soy amante de los teclados vintage, tengo varios en mi estudio aunque me gusta el wurlitzer como mi unidad principal.<\/p>\n<p><a href=\"http:\/\/www.noticias1440.com.ar\/wp-content\/uploads\/2015\/08\/Mauro-Conforti-Foto-Paul-David-Focus-A001.jpg\"><img loading=\"lazy\" decoding=\"async\" class=\" size-medium wp-image-1353 alignleft\" src=\"http:\/\/www.noticias1440.com.ar\/wp-content\/uploads\/2015\/08\/Mauro-Conforti-Foto-Paul-David-Focus-A001-300x224.jpg\" alt=\"Mauro Conforti (Foto Paul David Focus A001)\" width=\"300\" height=\"224\" srcset=\"https:\/\/noticias1440.com.ar\/wp-content\/uploads\/2015\/08\/Mauro-Conforti-Foto-Paul-David-Focus-A001-300x224.jpg 300w, https:\/\/noticias1440.com.ar\/wp-content\/uploads\/2015\/08\/Mauro-Conforti-Foto-Paul-David-Focus-A001.jpg 401w\" sizes=\"auto, (max-width: 300px) 100vw, 300px\" \/><\/a><\/p>\n<p>Sentimos serenos que el segundo disco fue subir un escal\u00f2n en lo que ven\u00edamos haciendo,fue editado por Geiser y lo distribuy\u00f2 posteriormente Sony Music, es un \u00e0lbum que disfruto mucho desde todo el audio alcanzado, hay cuerdas grabadas con un solo ejecutante que tuvieron tomas y tomas con buen microfoneo, tambi\u00e9n se nota un crecimiento en las letras, una maduraci\u00f3n de un tono perceptible comparado con el primer \u00e1lbum, que respetuosamente era casi un rejunte de canciones. El segundo se llama\u201cLos Anteojos\u201d, tal vez porque honestamente estaba en la necesidad de enfocarme bien y que todo el mundo se enfoque con nosotros. Me parece que la sociedad hoy est\u00e0 fuera de foco, porque hay mucha informaci\u00f3n r\u00e1pida y ves casi a cotidiano que todos est\u00e1n apurados. Por m\u00e0s que la gente no suscriba al disco como algo cercano a la unidad art\u00ecstica, igual voy a seguir defendiendo el formato de \u00e1lbum.<\/p>\n<p><a href=\"http:\/\/www.noticias1440.com.ar\/wp-content\/uploads\/2015\/08\/Mauro-Conforti-Foto-Paul-David-Focus-A002.jpg\"><img loading=\"lazy\" decoding=\"async\" class=\" size-medium wp-image-1354 alignright\" src=\"http:\/\/www.noticias1440.com.ar\/wp-content\/uploads\/2015\/08\/Mauro-Conforti-Foto-Paul-David-Focus-A002-300x225.jpg\" alt=\"Mauro Conforti (Foto Paul David Focus A002)\" width=\"300\" height=\"225\" srcset=\"https:\/\/noticias1440.com.ar\/wp-content\/uploads\/2015\/08\/Mauro-Conforti-Foto-Paul-David-Focus-A002-300x225.jpg 300w, https:\/\/noticias1440.com.ar\/wp-content\/uploads\/2015\/08\/Mauro-Conforti-Foto-Paul-David-Focus-A002.jpg 401w\" sizes=\"auto, (max-width: 300px) 100vw, 300px\" \/><\/a><\/p>\n<p>\u00bf<strong>Qu\u00e8 valor le asign\u00e0s a preparar un videoclip muy elaborado para una canci\u00f3n?<\/strong><\/p>\n<p>Me parece que el videoclip hoy es algo muy importante, adem\u00e1s a este videoclip le puse casi la misma energ\u00eda que le puse a todo el disco que publicamos, fue un clip que hicimos con Agust\u00ecn Rolandeli, con \u00e8l ten\u00eda muy buena onda porque hab\u00eda hecho la m\u00fasica de su pel\u00edcula\u201cTorino\u201dy para apoyarlo fu\u00ecmos a filmar con Vera Spinetta a Villa Gesell, casi \u201cSentados en el medio del azar\u201d.<\/p>\n<p><strong>\u00bfC\u00f2mo se dio todo este proceso con un clip acompa\u00f1ado por los muppets sonoros?<\/strong><\/p>\n<p>En el segundo \u00e1lbum ten\u00ecamos el tema, antes de esta canci\u00f3n(\u201cEl encanto bajo el mar\u201d), ya ten\u00ecamos la idea para hacer un video con t\u00edteres, pero no surg\u00eda la composici\u00f3n para encararlo, mientras que este tema del segundo disco es una canci\u00f3n muy pop con tiempo up y dijimos enseguida\u201chay que hacerlo\u201d, pero tardamos casi un a\u00f1o, hicimos nosotros los mu\u00f1ecos, tardamos un a\u00f1o entre la idea madre y lo que la gente ve ahora. Obviamente en m\u00ec hay una gran influencia de lo hecho por Jim Henson, crec\u00ec viendo en casa\u201cEl show de los Muppets\u201dy siento gran admiraci\u00f2n por su trabajo, tambi\u00e9n por cosas como\u201cLaberinto\u201d y\u201cEl cristal encantado\u201d, cada vez que ve\u00eda un poster de los Muppets me parec\u00eca una cosa de otro mundo sin dudas. Sin ir m\u00e0s lejos con la visita de Paul Williams al programa, eso me empez\u00f3 a cerrar muyclaro. El video de\u201cAn Old Fashioned Love Song\u201d fue para decir lo correcto nuestra mayor inspiraci\u00f3n, los videos de Jim con m\u00fasicos era algo bastante lis\u00e9rgico, sin dudas me siento muy relacionado con los guiones de los Muppets, donde la rana Ren\u00e8 est\u00e0 juntando a todos en el grupo.<\/p>\n<p><a href=\"http:\/\/www.noticias1440.com.ar\/wp-content\/uploads\/2015\/08\/Mauro-Conforti-Foto-Paul-David-Focus-A003.jpg\"><img loading=\"lazy\" decoding=\"async\" class=\" size-medium wp-image-1355 alignleft\" src=\"http:\/\/www.noticias1440.com.ar\/wp-content\/uploads\/2015\/08\/Mauro-Conforti-Foto-Paul-David-Focus-A003-300x264.jpg\" alt=\"Mauro Conforti (Foto Paul David Focus A003)\" width=\"300\" height=\"264\" srcset=\"https:\/\/noticias1440.com.ar\/wp-content\/uploads\/2015\/08\/Mauro-Conforti-Foto-Paul-David-Focus-A003-300x264.jpg 300w, https:\/\/noticias1440.com.ar\/wp-content\/uploads\/2015\/08\/Mauro-Conforti-Foto-Paul-David-Focus-A003.jpg 328w\" sizes=\"auto, (max-width: 300px) 100vw, 300px\" \/><\/a><\/p>\n<p><strong>Encima recibieron ese respaldo de Lisa, su hija.<\/strong><\/p>\n<p>S\u00ec, nos emociona la novedad, fue una primicia incre\u00ecble, porque la hija de Jim henson vio en su casa el video de la canci\u00f3n, se lo mandamos y la manager que atiende sus cosas nos coment\u00f3 que se lo hab\u00edan acercado despu\u00e9s de observarlo una y otra vez. Le pareci\u00f3 una cosa muy adorable, lo vio con su hijo y se emocion\u00f2 mucho cuando observ\u00f2 la parte del clip donde los m\u00f9sicos tocan con los mu\u00f1ecos, eso le result\u00f2 muy adorable, Imaginate lo que significa eso para nosotros, estamos hechos, n\u00f2?. Un clip as\u00ec te permite llegar sin que suene preparado a un p\u00fablico mucho m\u00e0s amplio, inclu\u00ecdo el bloque de chicos, sin dudas me emociona esa latente posibilidad, porque es una cosa muy fuerte, el video es a\u00f9n una cosa muy reciente, notamos que los chicos se quedan mir\u00e1ndolo, porque ah\u00ec tenemos esos mu\u00f1ecos y no lo pueden creer, sentimos que hay otra alternativa para los m\u00e0s peque\u00f1o en el mundo de la m\u00f9sica.<\/p>\n<p><a href=\"http:\/\/www.noticias1440.com.ar\/wp-content\/uploads\/2015\/08\/Mauro-Conforti-Foto-Paul-David-Focus-002.jpg\"><img loading=\"lazy\" decoding=\"async\" class=\" size-medium wp-image-1346 alignright\" src=\"http:\/\/www.noticias1440.com.ar\/wp-content\/uploads\/2015\/08\/Mauro-Conforti-Foto-Paul-David-Focus-002-300x226.jpg\" alt=\"Mauro Conforti (Foto Paul David Focus 002)\" width=\"300\" height=\"226\" srcset=\"https:\/\/noticias1440.com.ar\/wp-content\/uploads\/2015\/08\/Mauro-Conforti-Foto-Paul-David-Focus-002-300x226.jpg 300w, https:\/\/noticias1440.com.ar\/wp-content\/uploads\/2015\/08\/Mauro-Conforti-Foto-Paul-David-Focus-002.jpg 401w\" sizes=\"auto, (max-width: 300px) 100vw, 300px\" \/><\/a><\/p>\n<p><strong>\u00bfC\u00f2mo sigue la agenda de trabajo con este proyecto? <\/strong><\/p>\n<p>Bueno, ahora tocamos este pr\u00f3ximo fin de semana en La Usina del Arte dentro de las dos jornadas de show que PopArt organiza en el lugar, van a estar La Pelotas y Catupecu Machu tocando como n\u00fameros principales. Despu\u00e8s iremos con el baterista a M\u00e8xico para mostrar en otro formato el disco, mientras estoy con las maquetas del \u00e0lbum que viene, ya tenemos algunas cosas tengo armadas, siento que un disco m\u00e0s relajado para tocar en vivo y tal vez sea m\u00e0s f\u00e1cil grabarlo en vivo, somos un conjunto que viene tocando desde 1997 y eso se nota en el escenario.<\/p>\n<p><a href=\"http:\/\/www.noticias1440.com.ar\/wp-content\/uploads\/2015\/08\/Mauro-Conforti-Foto-Paul-David-Focus-003.jpg\"><img loading=\"lazy\" decoding=\"async\" class=\" size-medium wp-image-1348 alignleft\" src=\"http:\/\/www.noticias1440.com.ar\/wp-content\/uploads\/2015\/08\/Mauro-Conforti-Foto-Paul-David-Focus-003-300x224.jpg\" alt=\"Mauro Conforti (Foto Paul David Focus 003)\" width=\"300\" height=\"224\" srcset=\"https:\/\/noticias1440.com.ar\/wp-content\/uploads\/2015\/08\/Mauro-Conforti-Foto-Paul-David-Focus-003-300x224.jpg 300w, https:\/\/noticias1440.com.ar\/wp-content\/uploads\/2015\/08\/Mauro-Conforti-Foto-Paul-David-Focus-003.jpg 401w\" sizes=\"auto, (max-width: 300px) 100vw, 300px\" \/><\/a><\/p>\n<p>Cuando las cosas se empiezan a dar, percib\u00ecs que son buenas y suceden en su debido momento, ah\u00ec uno siente la clara satisfacci\u00f2n que va por el buen camino, me parece que la clave es tampoco no esperar mucho actualmente de la industria y concentrarse m\u00e0s que nada en llegar a la mayor cantidad de gente posible con lo que uno viene haciendo a cada momento. No es una \u00e9poca donde note mucha pasi\u00f3n de todos los seguidores por lo m\u00e0s novel, por eso si me pregunt\u00e0s a que artista le comprar\u00eca hoy un disco, sinceramente te dir\u00eda que hoy sigo descubriendo a los viejos artistas, por eso estoy comprando muchos vinilos, tambi\u00e9n los escuch\u00e0s de otra forma, vas redescubriendo cosas m\u00e0s que interesarte en escuchar lo nuevo. Lo \u00faltimo que me parti\u00f2 la cabeza fue el disco de\u201cDaft Punk\u201d, pero ah\u00ec est\u00e1n Paul Williams, Giorgio Moroder y Nile Rodgers, es un gran \u00e1lbum que tengo en vinilo y suena muy incre\u00edble, hay una modernidad pero con un aura muy especial, entonces hoy hay que buscarle una vuelta de rosca a lo conocido para lograr cosas m\u00e0s interesantes. Estamos esperanzados con lo que puede depararnos sacar un tercer disco, me gustar\u00eda que fuese el \u00e1lbum que suene en las radios, pero cuesta lograr eso en la actualidad, no es f\u00e1cil que algo hoy sea muy escuchable por todo el mundo, ojo, no tengo ninguna presi\u00f3n especial para hacerlo, actualmente tengo el respaldo de PopArt y todos mis m\u00fasicos, esa es una buena plataforma para encarar lo que viene sin dudas. \u00a0\u00a0\u00a0<\/p>\n<p>&nbsp;<\/p>\n<p>&nbsp;<\/p>\n","protected":false},"excerpt":{"rendered":"<p>La responsable de la\u201cFundaci\u00f2n Jim Henson\u201dfelicit\u00f2 por mail al grupo argentino por el logrado videoclip del nuevo single del disco\u201cLos Anteojos\u201d, material que fue presentado recientemente en el Teatro Sony, moderna sala que debut\u00f2 como lugar comercial.<\/p>\n","protected":false},"author":1,"featured_media":1344,"comment_status":"closed","ping_status":"open","sticky":false,"template":"","format":"standard","meta":{"footnotes":""},"categories":[6],"tags":[],"class_list":["post-1343","post","type-post","status-publish","format-standard","has-post-thumbnail","hentry","category-lanzamientos"],"_links":{"self":[{"href":"https:\/\/noticias1440.com.ar\/index.php?rest_route=\/wp\/v2\/posts\/1343","targetHints":{"allow":["GET"]}}],"collection":[{"href":"https:\/\/noticias1440.com.ar\/index.php?rest_route=\/wp\/v2\/posts"}],"about":[{"href":"https:\/\/noticias1440.com.ar\/index.php?rest_route=\/wp\/v2\/types\/post"}],"author":[{"embeddable":true,"href":"https:\/\/noticias1440.com.ar\/index.php?rest_route=\/wp\/v2\/users\/1"}],"replies":[{"embeddable":true,"href":"https:\/\/noticias1440.com.ar\/index.php?rest_route=%2Fwp%2Fv2%2Fcomments&post=1343"}],"version-history":[{"count":2,"href":"https:\/\/noticias1440.com.ar\/index.php?rest_route=\/wp\/v2\/posts\/1343\/revisions"}],"predecessor-version":[{"id":1478,"href":"https:\/\/noticias1440.com.ar\/index.php?rest_route=\/wp\/v2\/posts\/1343\/revisions\/1478"}],"wp:featuredmedia":[{"embeddable":true,"href":"https:\/\/noticias1440.com.ar\/index.php?rest_route=\/wp\/v2\/media\/1344"}],"wp:attachment":[{"href":"https:\/\/noticias1440.com.ar\/index.php?rest_route=%2Fwp%2Fv2%2Fmedia&parent=1343"}],"wp:term":[{"taxonomy":"category","embeddable":true,"href":"https:\/\/noticias1440.com.ar\/index.php?rest_route=%2Fwp%2Fv2%2Fcategories&post=1343"},{"taxonomy":"post_tag","embeddable":true,"href":"https:\/\/noticias1440.com.ar\/index.php?rest_route=%2Fwp%2Fv2%2Ftags&post=1343"}],"curies":[{"name":"wp","href":"https:\/\/api.w.org\/{rel}","templated":true}]}}