{"id":1004,"date":"2015-06-09T18:13:35","date_gmt":"2015-06-09T18:13:35","guid":{"rendered":"http:\/\/www.noticias1440.com.ar\/?p=1004"},"modified":"2015-06-09T20:19:53","modified_gmt":"2015-06-09T20:19:53","slug":"los-legendarios-instrumentistas-del-rock-argentino-reivindican-el-recordado-genero-progresivo","status":"publish","type":"post","link":"https:\/\/noticias1440.com.ar\/?p=1004","title":{"rendered":"Los legendarios instrumentistas argentinos reivindican con todo su talento el recordado g\u00e8nero progresivo."},"content":{"rendered":"<p>\u201cAtl\u00e0nticus\u201dsigue oficializando su \u00e1lbum debut con una gran cantidad de recitales,tarea que sus responsables explicaron en exclusiva en una c\u00e0lida pausa a Noticias1440.<\/p>\n<p><!--more--><\/p>\n<p><a href=\"http:\/\/www.noticias1440.com.ar\/wp-content\/uploads\/2015\/06\/Atlanticus-foto-Alexandra-Monges-Junio-2015-A005.jpg\"><img loading=\"lazy\" decoding=\"async\" class=\" size-medium wp-image-1013 aligncenter\" src=\"http:\/\/www.noticias1440.com.ar\/wp-content\/uploads\/2015\/06\/Atlanticus-foto-Alexandra-Monges-Junio-2015-A005-300x207.jpg\" alt=\"Atlanticus (foto Alexandra Monges -Junio 2015 A005)\" width=\"300\" height=\"207\" srcset=\"https:\/\/noticias1440.com.ar\/wp-content\/uploads\/2015\/06\/Atlanticus-foto-Alexandra-Monges-Junio-2015-A005-300x207.jpg 300w, https:\/\/noticias1440.com.ar\/wp-content\/uploads\/2015\/06\/Atlanticus-foto-Alexandra-Monges-Junio-2015-A005.jpg 435w\" sizes=\"auto, (max-width: 300px) 100vw, 300px\" \/><\/a><\/p>\n<p><strong>Por Julia Rabanal D\u00ecaz y Alexandra Monges<\/strong><\/p>\n<p><strong>(Informe Especial para Noticias1440)<\/strong><\/p>\n<p><a href=\"http:\/\/www.noticias1440.com.ar\/wp-content\/uploads\/2015\/06\/Atlanticus-foto-sello-Aqua-Records-Junio-2015-A001.jpg\"><img loading=\"lazy\" decoding=\"async\" class=\" size-medium wp-image-1015 alignright\" src=\"http:\/\/www.noticias1440.com.ar\/wp-content\/uploads\/2015\/06\/Atlanticus-foto-sello-Aqua-Records-Junio-2015-A001-300x300.jpg\" alt=\"Atlanticus (foto sello Aqua Records - Junio 2015 A001)\" width=\"300\" height=\"300\" srcset=\"https:\/\/noticias1440.com.ar\/wp-content\/uploads\/2015\/06\/Atlanticus-foto-sello-Aqua-Records-Junio-2015-A001-300x300.jpg 300w, https:\/\/noticias1440.com.ar\/wp-content\/uploads\/2015\/06\/Atlanticus-foto-sello-Aqua-Records-Junio-2015-A001-150x150.jpg 150w, https:\/\/noticias1440.com.ar\/wp-content\/uploads\/2015\/06\/Atlanticus-foto-sello-Aqua-Records-Junio-2015-A001-50x50.jpg 50w, https:\/\/noticias1440.com.ar\/wp-content\/uploads\/2015\/06\/Atlanticus-foto-sello-Aqua-Records-Junio-2015-A001.jpg 367w\" sizes=\"auto, (max-width: 300px) 100vw, 300px\" \/><\/a><\/p>\n<p><strong>(Capital Federal \u2013 Martes 09 de Junio de 2015)<\/strong> Detr\u00e0s de las legendarias figuras del rock argentino, siempre est\u00e1n aquellos instrumentistas que le ponen virtuosismo a todos esos cl\u00e1sicos de la m\u00fasica que permanecen inalterables en nuestros recuerdos. Aplicados, inmaculados esgrimiendo cada nota como si fuera la \u00faltima, son el coraz\u00f3n de las grandes canciones que golpean en nuestros sentidos una y otra vez. Humildes pero no por ello los outsiders de cualquier conjunto que deja su huella, finalmente han decidido unir como en una liga de super h\u00e9roes rockeros sus poderes para mostrar no solo su talento, sino todas sus ideas para crear una m\u00fasica tan contundente como seductora. Los integrantes de este reciente conjunto\u201cAtl\u00e0nticus\u201dprovienen de distintas ramas musicales aportando cada uno sus colores e influencias; Oscar Reyna y Ricky S\u00e1enz Paz de larga trayectoria en el rock argentino desde hace a\u00f1os, Andr\u00e9s Figueroa desde una corriente m\u00e1s jazz\u00edstica y V\u00edctor Lerner desde horizontes m\u00e1s cercanos al metal. Formados durante mitad del 2012, casi al concluir la temporada pasada publicaron su disco debut, editado por el reconocido sello \u201cAqua Records\u201dcon doce tracks (La direcci\u00f3n opuesta\/Casi Miro\/ Mundo Canibal\/ El a\u00f1o del drag\u00f3n\/Consultar\u00e9 al viento\/Atrapado en Samsara\/Koi en mi mente\/ Diab\u00f3lico cham\u00e1n hereje\/Vac\u00edo\/Paisaje mental\/ Vas\/ Extra\u00f1o). Los sobrados pergaminos de dichos integrantes superan lejos cualquier cuestionamiento ante el proyecto ya formulado, con la presencia del guitarrista Oscar Reyna(Guardia del Fuego, Fena Della Maggiora, Fabi Cantilo y Skay Beilinson), el bajista y stickista Ricky Saenz Paz (Los 7 Delfines, Clap,Daniel Melero, La Guardia del Fuego, Gustavo Cerati, Frenkel y Fabi Cantilo), el batero V\u00ecctor Lerner(Prog Nois)y el vientista Andr\u00e9s Figueroa(Sul Divano).<\/p>\n<p><a href=\"http:\/\/www.noticias1440.com.ar\/wp-content\/uploads\/2015\/06\/Atlanticus-foto-Alexandra-Monges-Junio-2015-A001.jpg\"><img loading=\"lazy\" decoding=\"async\" class=\" size-medium wp-image-1009 alignleft\" src=\"http:\/\/www.noticias1440.com.ar\/wp-content\/uploads\/2015\/06\/Atlanticus-foto-Alexandra-Monges-Junio-2015-A001-300x199.jpg\" alt=\"Atlanticus (foto Alexandra Monges -Junio 2015 A001)\" width=\"300\" height=\"199\" srcset=\"https:\/\/noticias1440.com.ar\/wp-content\/uploads\/2015\/06\/Atlanticus-foto-Alexandra-Monges-Junio-2015-A001-300x199.jpg 300w, https:\/\/noticias1440.com.ar\/wp-content\/uploads\/2015\/06\/Atlanticus-foto-Alexandra-Monges-Junio-2015-A001.jpg 453w\" sizes=\"auto, (max-width: 300px) 100vw, 300px\" \/><\/a><\/p>\n<p>\u201cAtl\u00e0nticus\u201des un cuarteto formado por m\u00fasicos de larga trayectoria en el rock nacional, que con la atrevida idea de revalorizar todas aquellas propuestas originales que el rock argentino desarroll\u00f3 en sus comienzos a trav\u00e9s de famosos grupos como Pescado Rabioso, Invisible, Aquelarre, Color Humano, sumando las influencias de artistas extranjeros como King Crimson, Jethro Tull o Mahavishnu Orchestra,se formaron con el objetivo central de desarrollar estas especiales ideas en el marco de un sonido musical actual.Los integrantes de\u201cAtl\u00e0nticus\u201dprovienen de distintas ramas musicales, aportando talentosamente cada uno sus colores e influencias con Oscar Reyna y Ricky S\u00e1enz Paz de muy larga trayectoria en el rock argentino desde hace a\u00f1os, Andr\u00e9s Figueroa desde una corriente m\u00e1s jazz\u00edstica y V\u00edctor Lerner desde horizontes m\u00e1s cercanos al metal. La formaci\u00f3n viene realizando una importante cantidad de conciertos para oficializar esta reciente placa publicada, ocasi\u00f3n en la que hablaron con Noticias1440 sobre su proyecto y otros t\u00f2picos de inter\u00e9s:<\/p>\n<p><a href=\"http:\/\/www.noticias1440.com.ar\/wp-content\/uploads\/2015\/06\/Atlanticus-foto-Alexandra-Monges-Junio-2015-A003.jpg\"><img loading=\"lazy\" decoding=\"async\" class=\" size-medium wp-image-1011 alignright\" src=\"http:\/\/www.noticias1440.com.ar\/wp-content\/uploads\/2015\/06\/Atlanticus-foto-Alexandra-Monges-Junio-2015-A003-300x199.jpg\" alt=\"Atlanticus (foto Alexandra Monges -Junio 2015 A003)\" width=\"300\" height=\"199\" srcset=\"https:\/\/noticias1440.com.ar\/wp-content\/uploads\/2015\/06\/Atlanticus-foto-Alexandra-Monges-Junio-2015-A003-300x199.jpg 300w, https:\/\/noticias1440.com.ar\/wp-content\/uploads\/2015\/06\/Atlanticus-foto-Alexandra-Monges-Junio-2015-A003.jpg 454w\" sizes=\"auto, (max-width: 300px) 100vw, 300px\" \/><\/a><\/p>\n<p><strong>\u201cAtl\u00e0nticus\u201dnaci\u00f3 como una banda muy federal. \u00bfD\u00f2nde estuvieron recientemente? <\/strong><\/p>\n<p><strong>Ricky:<\/strong> Hace pocas horas tocamos en La Pampa, la experiencia estuvo buen\u00edsima, siempre es genial ir a tocar al interior. Pero en este caso particular no estuvo realmente muy bien organizado, pero esperamos que nos den otra oportunidad, en general la gente all\u00ec tiene una postura muy receptiva y agradecida con los artistas, esta buen\u00edsimo. Sirve para poder expandir tu m\u00fasica a otros territorios. Tendremos varias presentaciones entre los meses de octubre y noviembre, ahora estamos reconfigurando el show que podr\u00e1 observarse.<\/p>\n<p><strong>Ser\u00eca importante para aquellos que a\u00f9n no los conocen el nombre de vuestra banda.<\/strong><\/p>\n<p><strong>Oscar:<\/strong>\u201cAtl\u00e0nticus\u201des un molusco que habita en el mar, cuya denominaci\u00f3n original tiene como nomenclatura\u201c Glaucus Atlanticus\u201d. Es un particular molusco que suele fagocitar el veneno de la calavera portuguesa, que es una de las medusas m\u00e0s venenosas que hay en el mar, digamos. Por lo tanto, es un molusco que positiviza y limpia las aguas de medusas peligrosas. por eso la resonancia de\u201cAtl\u00e0nticus\u201d nos parec\u00eda algo muy musical, encima el color del molusco es azul, una tonalidad que nosotros relacionamos mucho con eso y nos daba la idea de un viaje sonoro, de una curisosa travesia, un camino a recorrer, intrigante y misterioso, seductor e incansable. Espero que est\u00e8 bien esta explicaci\u00f3n, porque acabo de darme cuenta que el nombre es genial<\/p>\n<p><a href=\"http:\/\/www.noticias1440.com.ar\/wp-content\/uploads\/2015\/06\/Atlanticus-foto-Alexandra-Monges-Junio-2015-A004.jpg\"><img loading=\"lazy\" decoding=\"async\" class=\" size-medium wp-image-1012 alignleft\" src=\"http:\/\/www.noticias1440.com.ar\/wp-content\/uploads\/2015\/06\/Atlanticus-foto-Alexandra-Monges-Junio-2015-A004-300x198.jpg\" alt=\"Atlanticus (foto Alexandra Monges -Junio 2015 A004)\" width=\"300\" height=\"198\" srcset=\"https:\/\/noticias1440.com.ar\/wp-content\/uploads\/2015\/06\/Atlanticus-foto-Alexandra-Monges-Junio-2015-A004-300x198.jpg 300w, https:\/\/noticias1440.com.ar\/wp-content\/uploads\/2015\/06\/Atlanticus-foto-Alexandra-Monges-Junio-2015-A004.jpg 454w\" sizes=\"auto, (max-width: 300px) 100vw, 300px\" \/><\/a><\/p>\n<p><strong>Aluden en sus referencias al mundo marino, lo \u00e8pico y tambi\u00e9n al hinduismo. \u00bfCreen que hay alguna relaci\u00f3n en esos t\u00f2picos a la vida contempor\u00e0nea nacional?<\/strong><\/p>\n<p>Oscar: La referencia pol\u00edtica es inevitable en tanto estamos sumergidos en el mundo. Y estamos sumergidos en Argentina. Vivimos aca y eso es inevitable\u2026 pero no existe un sesgo digamos de realidad, o una apreciaci\u00f3n de la realidad circundante. Buscamos que no piensen que estamos tratando bajar una determinada l\u00ednea idelogica, sino que cada persona saque su conclusi\u00f3n. O sea, lo que tienen las letras es que tratan de ser en lo posible sugerentes, como para que cada uno encuentre una explicaci\u00f3n de lo que est\u00e1n diciendo. Soy el encargado de escribirlas, es muy raro lo que pasa porque toman sentido despu\u00e9s de ser escritas. Al escribirlas, es muy raro lo que sucede porque toman sentido por ah\u00ed meses despu\u00e9s de haberlas hecho. Cuando las hago, simplemente suenan bien musicalmente y parece que estuvieran acompa\u00f1ando la m\u00fasica tocada, el significado en realidad se lo asigna cada uno. Ojo, no se trata de letras tan surrealistas tampoco.<\/p>\n<p><a href=\"http:\/\/www.noticias1440.com.ar\/wp-content\/uploads\/2015\/06\/Atlanticus-foto-Alexandra-Monges-Junio-2015-A002.jpg\"><img loading=\"lazy\" decoding=\"async\" class=\" size-medium wp-image-1010 alignright\" src=\"http:\/\/www.noticias1440.com.ar\/wp-content\/uploads\/2015\/06\/Atlanticus-foto-Alexandra-Monges-Junio-2015-A002-300x207.jpg\" alt=\"Atlanticus (foto Alexandra Monges -Junio 2015 A002)\" width=\"300\" height=\"207\" srcset=\"https:\/\/noticias1440.com.ar\/wp-content\/uploads\/2015\/06\/Atlanticus-foto-Alexandra-Monges-Junio-2015-A002-300x207.jpg 300w, https:\/\/noticias1440.com.ar\/wp-content\/uploads\/2015\/06\/Atlanticus-foto-Alexandra-Monges-Junio-2015-A002.jpg 477w\" sizes=\"auto, (max-width: 300px) 100vw, 300px\" \/><\/a><\/p>\n<p><strong>El espect\u00e1culo en vivo puede obrar como detonador de esos razonamientos.<\/strong><\/p>\n<p><strong>Oscar:<\/strong> Sucede que el es tal porque tiene una m\u00fasica, responsable de acompa\u00f1arla en esa circunstancia. Una poes\u00eda es una poes\u00eda, un manifiesto, un panfleto es un panfleto. Una canci\u00f3n es una canci\u00f3n porque tiene m\u00fasica. Ah\u00ec la m\u00fasica completa el sentido. Vos podes lanzar una letra completamente pol\u00edtica y comprometida sobre una m\u00fasica circense y el efecto ir\u00f2nico es el triple del que seria si la ubicas en un heavy metal, por ejemplo,en ese sentido como encargado de las l\u00ecricas siento que la cuesti\u00f3n \u201cAtl\u00e0nticus\u201d tiende a una cierta espiritualidad pero con los pies firmes en el mundo, con lo pies en la realidad de lo que est\u00e0 sucediendo. Es algo inevitable tratando a la vez de vivir entonces en una travesia totalmente maravillosa sumergidos en la m\u00fasica.<\/p>\n<p><strong>Debe haber una mirada particular con este planteo sensorial.<\/strong><\/p>\n<p><strong>Ricky:<\/strong> A mi no me toca tan puntual. Tengo una vida hermosa, donde toco m\u00fasica. Estoy con la mejor banda que puedo estar, tocando la mejor m\u00fasica m\u00e0s bella que puedo hacer y sintiendo que estoy sumergido en un viaje, honestamente no me toca toda esta cosa, toda esta oscuridad, toda esta vanalidad, toda esta brutalidad.<\/p>\n<p><strong>Oscar:<\/strong>No le llega el famoso\u201cgas pimienta\u201d(risas).<\/p>\n<p><strong>Ricky:<\/strong>El gas pimienta no me llega y exactamente es asi.<\/p>\n<p><strong>Oscar:<\/strong>Hay un compromiso puntual con la realidad pero est\u00e0 encarado desde un punto de vista cercano al que planteaba el rubio David Lee Roth. Todos recuerda que David sol\u00eca criticar el optimismo de las letras de Van Halen, donde buscaban lo positivo, en vez de ser los eternos perdedores. En realidad, al ver al\u201cGlaucus Atlanticus\u201d, percib\u00ecs entonces casi de inmediato que tiene que ver buscar positivizar y sanar el ambiente donde estamos sumergidos. Es una pretensi\u00f3n muy grande pero hacemos todo lo posible que se encuentre a nuestro alcance para tratar de lograrlo.<\/p>\n<p><a href=\"http:\/\/www.noticias1440.com.ar\/wp-content\/uploads\/2015\/06\/Atlanticus-foto-sello-Aqua-Records-Junio-2015-A001.jpg\"><img loading=\"lazy\" decoding=\"async\" class=\" size-medium wp-image-1015 alignleft\" src=\"http:\/\/www.noticias1440.com.ar\/wp-content\/uploads\/2015\/06\/Atlanticus-foto-sello-Aqua-Records-Junio-2015-A001-300x300.jpg\" alt=\"Atlanticus (foto sello Aqua Records - Junio 2015 A001)\" width=\"300\" height=\"300\" srcset=\"https:\/\/noticias1440.com.ar\/wp-content\/uploads\/2015\/06\/Atlanticus-foto-sello-Aqua-Records-Junio-2015-A001-300x300.jpg 300w, https:\/\/noticias1440.com.ar\/wp-content\/uploads\/2015\/06\/Atlanticus-foto-sello-Aqua-Records-Junio-2015-A001-150x150.jpg 150w, https:\/\/noticias1440.com.ar\/wp-content\/uploads\/2015\/06\/Atlanticus-foto-sello-Aqua-Records-Junio-2015-A001-50x50.jpg 50w, https:\/\/noticias1440.com.ar\/wp-content\/uploads\/2015\/06\/Atlanticus-foto-sello-Aqua-Records-Junio-2015-A001.jpg 367w\" sizes=\"auto, (max-width: 300px) 100vw, 300px\" \/><\/a><\/p>\n<p><strong>\u00bfC\u00f2mo ven a las bandas actuales que est\u00e1n en constante actividad?<\/strong><\/p>\n<p><strong>Ricky:<\/strong> Primero, hay muchas bandas tocando, muchas son muy buenas. Nosotros hemos compartido sala con un monton de ellas.<\/p>\n<p><strong>Victor:<\/strong>banda nacional, verdad?(risas)<\/p>\n<p><strong>Ricky:<\/strong> Lo que pasa que Victor es muy \u201cextranjero\u201d.<\/p>\n<p><strong>Victor:<\/strong>En realidad no tiene que ver con ser extranjero. Tiene que ver con que&#8230; mi bronca en alg\u00fan punto con lo que pasa en este pa\u00eds en particular con la m\u00fasica, particularmente con el rock, es que veo que el circuito es muy chico. Desde el inversor m\u00e0s grande hasta la banda m\u00e0s chiquita, todo pasa por un tubo muy chico de espacios, de gente que apuesta los festivales, por ende todo pasa por tres, cuatro personas y estar\u00eda bueno que el mercado de bandas que logran, no digo vivir de la m\u00fasica pero por lo menos hacer circular su arte, sea poder tocar sin que eso represente un dolor de cabeza. Si todo esto fuera m\u00e0s grande, seria bastante m\u00e0s feliz, eso es lo que me suceded cuando se habla del rock nacional, me acuerdo enseguida de la problem\u00e1tica existente aqu\u00ed, cualquiera que tenga una banda lo sabe perfectamente.<\/p>\n<p><a href=\"http:\/\/www.noticias1440.com.ar\/wp-content\/uploads\/2015\/06\/Atlanticus-foto-Alexandra-Monges-Junio-2015-A006.jpg\"><img loading=\"lazy\" decoding=\"async\" class=\" size-medium wp-image-1014 alignright\" src=\"http:\/\/www.noticias1440.com.ar\/wp-content\/uploads\/2015\/06\/Atlanticus-foto-Alexandra-Monges-Junio-2015-A006-204x300.jpg\" alt=\"Atlanticus (foto Alexandra Monges -Junio 2015 A006)\" width=\"204\" height=\"300\" srcset=\"https:\/\/noticias1440.com.ar\/wp-content\/uploads\/2015\/06\/Atlanticus-foto-Alexandra-Monges-Junio-2015-A006-204x300.jpg 204w, https:\/\/noticias1440.com.ar\/wp-content\/uploads\/2015\/06\/Atlanticus-foto-Alexandra-Monges-Junio-2015-A006.jpg 277w\" sizes=\"auto, (max-width: 204px) 100vw, 204px\" \/><\/a><\/p>\n<p><strong>Oscar:<\/strong> Percibo que hay un nivel muy muy grande, m\u00e0s alla del gusto. Hace poco escuch\u00e8 un par de bandas de La Plata que me impresionaron mucho, el sexteto de Sergio Poli, el violinista que toc\u00f3 en los discos de los Redondos como invitado.. es de un nivel musical superlativo, excelente. Tambi\u00e8n est\u00e1n los\u201cArgonautics\u201d, otra banda linda de La Plata, es un especial punto de vista, veo que est\u00e0 lleno de bandas que ponen guita para tocar, guita para la sala y siguen tocando. Est\u00e0 buen\u00edsimo, me parece genial. Estaria bueno que todos los canales para salir fueran un poco m\u00e0s abiertos.<\/p>\n<p><strong>Andr\u00e8s:<\/strong> Esto no pasa solamente en el rock, tambi\u00e9n ocurre en otros g\u00e8neros. Es una problem\u00e1tica de la m\u00fasica o de la cultura nacional, en el jazz pasa lo mismo, no se en el tango porque lo desconozco.<\/p>\n<p><strong>Oscar:<\/strong>En el tango tambi\u00e9n hay un circuito impuesto.<\/p>\n<p><strong>Ricky:<\/strong>Pero por suerte est\u00e1n cerrando centros culturales todo el tiempo, ya han cerrado como 15, vamos muy bien.(risas) Estamos al borde de la banquina.<\/p>\n<p><strong>\u00bfC\u00f2mo surgi\u00f3 el arte de tapa, lo ven relacionado al estilo de la banda?<\/strong><\/p>\n<p><strong>Ricky<\/strong>: El arte de tapa fue realmente incre\u00edble, venimos laburando con IvanKan y lo que hicimos fue a medida que \u00edbamos grabando, admito que nos llev\u00f2 bastante tiempo grabar el \u00e1lbum porque lo hicimos sin ning\u00fan apuro, labur\u00e0ndolo en nuestro propio estudio, muy tranquilos, a medida que iban bajando las mezclas, se las mand\u00e1bamos a Ivan. Entonces \u00e8l escuchaba y dibujaba. Nos empez\u00f3 a traer los dibujos y nos hac\u00eca comentarios, un d\u00eca nos trajo a la sala los dibujos y cuando vimos este dibujo,puntualmente este (se\u00f1ala su remera, que tiene el arte de tapa del disco), nos quedamos asi de una pieza y dijimos \u201cGuauu\u201d. Le puso el mar atr\u00e1s y result\u00f2 genial. Ivan se pleg\u00f2 de cuajo y se sum\u00f2 a la banda, porque una banda no son solamente cuatro tipos que tocan, tambi\u00e8n esta Carola, encargada de lo relacionado a la comunicaci\u00f3n hacia afuera de la banda, como Facebook, por ejemplo.<\/p>\n<p><a href=\"http:\/\/www.noticias1440.com.ar\/wp-content\/uploads\/2015\/06\/Atlanticus-foto-Alexandra-Monges-Junio-2015-A003.jpg\"><img loading=\"lazy\" decoding=\"async\" class=\" size-medium wp-image-1011 alignleft\" src=\"http:\/\/www.noticias1440.com.ar\/wp-content\/uploads\/2015\/06\/Atlanticus-foto-Alexandra-Monges-Junio-2015-A003-300x199.jpg\" alt=\"Atlanticus (foto Alexandra Monges -Junio 2015 A003)\" width=\"300\" height=\"199\" srcset=\"https:\/\/noticias1440.com.ar\/wp-content\/uploads\/2015\/06\/Atlanticus-foto-Alexandra-Monges-Junio-2015-A003-300x199.jpg 300w, https:\/\/noticias1440.com.ar\/wp-content\/uploads\/2015\/06\/Atlanticus-foto-Alexandra-Monges-Junio-2015-A003.jpg 454w\" sizes=\"auto, (max-width: 300px) 100vw, 300px\" \/><\/a><\/p>\n<p><strong>Adquiere una significaci\u00f3n totalmente distintiva.<\/strong><\/p>\n<p>Ricky: S\u00ec, efectivamente. Es la primera vez que me siento tan integrado con los que no est\u00e1n con un instrumento en la mano, que son otros integrantes y que tambi\u00e9n son parte de la banda, tomamos decisiones entre todos. No es que solamente est\u00e0n haciendo dibujitos, viste?o mandando comunicaciones.<\/p>\n<p><strong>\u00bfEl estilo proyecta alg\u00fan perfil diferenciable a lo existente?<\/strong><\/p>\n<p><strong>Ricky:<\/strong> Muy probablemente pero el estilo no es algo como pensado a priori. Es la manera en que nos gusta hacer las cosas. De hecho ten\u00ecamos con Andr\u00e8s otro proyecto y aquellos temas de ese tramo ahora con\u201cAtl\u00e0nticus\u201dcambiaron completamente, mutaron su energ\u00eda, los arreglos, obviamente guarda nexo con el rock progresivo, hay un rescate no textual, pero s\u00ec consciente de lo que mamamos en los\u201970, no es que estamos haciendo esa m\u00fasica, pero s\u00ec capitalizamos ese esp\u00edritu. En aquella \u00e9poca\u201cYes\u201dpublicaba el \u00e0lbum\u201cTales From Topographic Oceans\u201d, era casi inescuchable pero lo vend\u00edan en todo el mundo. Se vendia eso. Hoy en dia hac\u00e8s un disco exactamente asi y te sacan a patadas en el culo de todos lados, te dicen \u201cflaco, producilo vos\u201d.<\/p>\n<p><strong>Victor:<\/strong> te lo tiran de cuajo en la cara.<\/p>\n<p><strong>Oscar:<\/strong> Pero ojo, no solo son discos que se vendieron, sino que los tipos tocaban en festivales para 500 mil personas. Estan las filmaciones, no es que lo inventamos<\/p>\n<p><strong>Ricky:<\/strong> por eso digo, un poco volver a todo ese esp\u00edritu, sent\u00eds que hay ganas de hacer un arreglo y no claudicar en aquello de porque es una canci\u00f3n debe ser estrofa y estribillo.<\/p>\n<p><a href=\"http:\/\/www.noticias1440.com.ar\/wp-content\/uploads\/2015\/06\/Atlanticus-foto-Alexandra-Monges-Junio-2015-A004.jpg\"><img loading=\"lazy\" decoding=\"async\" class=\" size-medium wp-image-1012 alignright\" src=\"http:\/\/www.noticias1440.com.ar\/wp-content\/uploads\/2015\/06\/Atlanticus-foto-Alexandra-Monges-Junio-2015-A004-300x198.jpg\" alt=\"Atlanticus (foto Alexandra Monges -Junio 2015 A004)\" width=\"300\" height=\"198\" srcset=\"https:\/\/noticias1440.com.ar\/wp-content\/uploads\/2015\/06\/Atlanticus-foto-Alexandra-Monges-Junio-2015-A004-300x198.jpg 300w, https:\/\/noticias1440.com.ar\/wp-content\/uploads\/2015\/06\/Atlanticus-foto-Alexandra-Monges-Junio-2015-A004.jpg 454w\" sizes=\"auto, (max-width: 300px) 100vw, 300px\" \/><\/a><\/p>\n<p><strong>\u00bfC\u00f2mo describir la g\u00e9nesis de esta situaci\u00f3n sonora?<\/strong><\/p>\n<p><strong>Ricky:<\/strong> Tiene que ver con lo que es el estilo de la banda, podr\u00edamos definirlo para ser en ese sentido muy simples, recordando que Oscar y yo ven\u00edamos desde hace un monton, Victor viene de una tremenda banda de n\u00fc metal progresive, y Andres de un palo mucho m\u00e0s jazzero con tocar esas deformidades que te vuelan la peluca.<\/p>\n<p><strong>Ricky:<\/strong> Iba m\u00e0s a los estilos. En esta sopa sale esto.. algo distinto. Hoy una chica se me acerc\u00f2 y dijo\u201cel batero tocaba metal no?\u201d, dije \u201cS\u00ec y el saxofonista tocaba jazz\u201d(risas)es algo que no lo podemos ocultar, de esta sopa sale esta cosa que tiene gran power.<\/p>\n<p><a href=\"http:\/\/www.noticias1440.com.ar\/wp-content\/uploads\/2015\/06\/Atlanticus-foto-sello-Aqua-Records-Junio-2015-A002.jpg\"><img loading=\"lazy\" decoding=\"async\" class=\" size-medium wp-image-1016 alignleft\" src=\"http:\/\/www.noticias1440.com.ar\/wp-content\/uploads\/2015\/06\/Atlanticus-foto-sello-Aqua-Records-Junio-2015-A002-300x226.jpg\" alt=\"Atlanticus (foto sello Aqua Records - Junio 2015 A002)\" width=\"300\" height=\"226\" srcset=\"https:\/\/noticias1440.com.ar\/wp-content\/uploads\/2015\/06\/Atlanticus-foto-sello-Aqua-Records-Junio-2015-A002-300x226.jpg 300w, https:\/\/noticias1440.com.ar\/wp-content\/uploads\/2015\/06\/Atlanticus-foto-sello-Aqua-Records-Junio-2015-A002.jpg 391w\" sizes=\"auto, (max-width: 300px) 100vw, 300px\" \/><\/a><\/p>\n<p><strong>Victor:<\/strong> A mi me suced\u00eca que cuando hacia metal progresivo, aunque hubiese diferentes estilos, todo apuntaba a seguir haciendo metal progresivo. Era casi obvio el resultado: si quer\u00edas hacer un arreglo, tenias una referencia directa a lo que se estaba sacando, no era copiado. Vos decias\u201cesto s\u00e8 de donde viene\u201d, pero ac\u00e0 no es as\u00ec: aca es completamente inesperado el resultado. Es verlo de cuatro maneras diferentes, yo estoy en el medio y en los extremos al mismo tiempo, algo muy genial. Es inesperado para todos. El resultado es buen\u00edsimo<\/p>\n<p>&nbsp;<\/p>\n<p><strong>\u00bfC\u00f2mo definir esto con una frase o una palabra?<\/strong><\/p>\n<p><strong>Oscar:<\/strong> Libertad<\/p>\n<p><strong>Ricky:<\/strong> para mi es un viaje constante.<\/p>\n<p><strong>Victor:<\/strong> Ten\u00eca algo de inspiraci\u00f3n pero\u201clibertad\u201d me mat\u00f2. Ya tiene dos votos.<\/p>\n<p><strong>Andr\u00e8s:<\/strong> Es un sonido sin ning\u00fan tipo de miramientos. .<\/p>\n<p><strong>Ricky:<\/strong> Es algo sanador y tambi\u00e9n muy inspirador. Energiza bastante.<\/p>\n<p><strong>Oscar:<\/strong> mucho y te digo que a mi edad es bastante, n\u00f2?(risas)<\/p>\n<p>&nbsp;<\/p>\n","protected":false},"excerpt":{"rendered":"<p>\u201cAtl\u00e0nticus\u201dsigue oficializando su \u00e1lbum debut con una gran cantidad de recitales,tarea que sus responsables explicaron en exclusiva en una c\u00e0lida pausa a Noticias1440.<\/p>\n","protected":false},"author":1,"featured_media":1005,"comment_status":"closed","ping_status":"open","sticky":false,"template":"","format":"standard","meta":{"footnotes":""},"categories":[5],"tags":[],"class_list":["post-1004","post","type-post","status-publish","format-standard","has-post-thumbnail","hentry","category-informes"],"_links":{"self":[{"href":"https:\/\/noticias1440.com.ar\/index.php?rest_route=\/wp\/v2\/posts\/1004","targetHints":{"allow":["GET"]}}],"collection":[{"href":"https:\/\/noticias1440.com.ar\/index.php?rest_route=\/wp\/v2\/posts"}],"about":[{"href":"https:\/\/noticias1440.com.ar\/index.php?rest_route=\/wp\/v2\/types\/post"}],"author":[{"embeddable":true,"href":"https:\/\/noticias1440.com.ar\/index.php?rest_route=\/wp\/v2\/users\/1"}],"replies":[{"embeddable":true,"href":"https:\/\/noticias1440.com.ar\/index.php?rest_route=%2Fwp%2Fv2%2Fcomments&post=1004"}],"version-history":[{"count":5,"href":"https:\/\/noticias1440.com.ar\/index.php?rest_route=\/wp\/v2\/posts\/1004\/revisions"}],"predecessor-version":[{"id":1018,"href":"https:\/\/noticias1440.com.ar\/index.php?rest_route=\/wp\/v2\/posts\/1004\/revisions\/1018"}],"wp:featuredmedia":[{"embeddable":true,"href":"https:\/\/noticias1440.com.ar\/index.php?rest_route=\/wp\/v2\/media\/1005"}],"wp:attachment":[{"href":"https:\/\/noticias1440.com.ar\/index.php?rest_route=%2Fwp%2Fv2%2Fmedia&parent=1004"}],"wp:term":[{"taxonomy":"category","embeddable":true,"href":"https:\/\/noticias1440.com.ar\/index.php?rest_route=%2Fwp%2Fv2%2Fcategories&post=1004"},{"taxonomy":"post_tag","embeddable":true,"href":"https:\/\/noticias1440.com.ar\/index.php?rest_route=%2Fwp%2Fv2%2Ftags&post=1004"}],"curies":[{"name":"wp","href":"https:\/\/api.w.org\/{rel}","templated":true}]}}