{"id":2832,"date":"2025-08-29T17:23:04","date_gmt":"2025-08-29T17:23:04","guid":{"rendered":"https:\/\/noticias1440.com.ar\/?p=2832"},"modified":"2025-09-05T22:05:55","modified_gmt":"2025-09-05T22:05:55","slug":"marina-pinal-a-pocas-horas-de-su-nuevo-show-por-el-exito-no-voy-a-vender-mi-alma-al-diablo","status":"publish","type":"post","link":"http:\/\/noticias1440.com.ar\/?p=2832","title":{"rendered":"Marina Pinal a pocas horas de su nuevo show: \u201cPor el \u00e9xito no voy a vender mi alma al diablo\u201d"},"content":{"rendered":"<h2 style=\"text-align: center;\">La cantante, bailarina y actriz presentar\u00e1 \u201cTe aviso Te anuncio Live Show \u2013 Tributo a Shakira\u201d en el \u201cEspacio Arena\u201d del Complejo La Plaza este viernes a las 20:45. Una semana antes,\u00a0 la artista habl\u00f3 con este medio sobre dicho espect\u00e1culo y su extensa carrera creativa.<\/h2>\n<p><!--more--><\/p>\n<h2 style=\"text-align: center;\"><a href=\"http:\/\/noticias1440.com.ar\/wp-content\/uploads\/2025\/09\/Marina-Pinal-008-Foto-Prensa-Mariana-Guerrero.jpg\"><img loading=\"lazy\" decoding=\"async\" class=\"wp-image-2841 aligncenter\" src=\"http:\/\/noticias1440.com.ar\/wp-content\/uploads\/2025\/09\/Marina-Pinal-008-Foto-Prensa-Mariana-Guerrero-300x161.jpg\" alt=\"\" width=\"911\" height=\"489\" srcset=\"http:\/\/noticias1440.com.ar\/wp-content\/uploads\/2025\/09\/Marina-Pinal-008-Foto-Prensa-Mariana-Guerrero-300x161.jpg 300w, http:\/\/noticias1440.com.ar\/wp-content\/uploads\/2025\/09\/Marina-Pinal-008-Foto-Prensa-Mariana-Guerrero-1024x550.jpg 1024w, http:\/\/noticias1440.com.ar\/wp-content\/uploads\/2025\/09\/Marina-Pinal-008-Foto-Prensa-Mariana-Guerrero-768x412.jpg 768w, http:\/\/noticias1440.com.ar\/wp-content\/uploads\/2025\/09\/Marina-Pinal-008-Foto-Prensa-Mariana-Guerrero.jpg 1149w\" sizes=\"auto, (max-width: 911px) 100vw, 911px\" \/><\/a><a href=\"http:\/\/noticias1440.com.ar\/wp-content\/uploads\/2025\/09\/NOMBRE-PARA-SITIO-WEB-3.jpg\"><img loading=\"lazy\" decoding=\"async\" class=\"size-medium wp-image-2827 alignleft\" src=\"http:\/\/noticias1440.com.ar\/wp-content\/uploads\/2025\/09\/NOMBRE-PARA-SITIO-WEB-3-300x61.jpg\" alt=\"\" width=\"300\" height=\"61\" srcset=\"http:\/\/noticias1440.com.ar\/wp-content\/uploads\/2025\/09\/NOMBRE-PARA-SITIO-WEB-3-300x61.jpg 300w, http:\/\/noticias1440.com.ar\/wp-content\/uploads\/2025\/09\/NOMBRE-PARA-SITIO-WEB-3.jpg 359w\" sizes=\"auto, (max-width: 300px) 100vw, 300px\" \/><\/a><\/h2>\n<h2 style=\"text-align: center;\"><\/h2>\n<h2 style=\"text-align: center;\"><\/h2>\n<p>&nbsp;<\/p>\n<h2 style=\"text-align: center;\"><span style=\"color: #000000;\"><strong>(Capital Federal \u2013 Viernes 29 de Agosto de 2025)<\/strong><\/span> La artista <span style=\"color: #000000;\"><strong>Marina Pinal<\/strong><\/span> se presentar\u00e1 el pr\u00f3ximo <em><span style=\"color: #000080;\">Viernes 5 de Septiembre de 2025 a las 20:45 horas en el \u201cEspacio Arena\u201d, plataforma de shows que tiene el \u201cComplejo La Plaza\u201d\u00a0 (Avenida Corrientes 1660 \u2013 CABA)<\/span><\/em><strong>,<\/strong> dentro de su amplia propuesta teatral o de espacios del mundo standapero. La destacada cantante, bailarina y compositora nacida en Buenos Aires que cuenta con amplia experiencia en el mundo del arte en lugares como M\u00e9xico o Am\u00e9rica Central, finalmente oficializar\u00e1 en la destacada sala de shows de \u201cLa Plaza\u201d su espect\u00e1culo <strong>\u201cTe aviso, Te anuncio, Live Show \u2013 Tributo a Shakira\u201d<\/strong> donde recorrer\u00e1 buena parte del repertorio de la cantante colombiana en sus distintas etapas musicales. A muy pocos d\u00edas de estrenar este nuevo espect\u00e1culo en Argentina, la joven performer habl\u00f3 con <strong>Noticias 1440<\/strong> por este show y tambi\u00e9n para dar algunas novedades de su costado como cantante, puesto que en paralelo a su carrera en distintos espect\u00e1culos del continente, se encuentra preparando su primer \u00e1lbum solista por el sello Universal Music Argentina:<\/h2>\n<h2 style=\"text-align: center;\"><a href=\"http:\/\/noticias1440.com.ar\/wp-content\/uploads\/2025\/09\/Marina-Pinal-002-Foto-Prensa-Mariana-Guerrero.jpg\"><img loading=\"lazy\" decoding=\"async\" class=\"wp-image-2835 aligncenter\" src=\"http:\/\/noticias1440.com.ar\/wp-content\/uploads\/2025\/09\/Marina-Pinal-002-Foto-Prensa-Mariana-Guerrero-300x150.jpg\" alt=\"\" width=\"892\" height=\"446\" srcset=\"http:\/\/noticias1440.com.ar\/wp-content\/uploads\/2025\/09\/Marina-Pinal-002-Foto-Prensa-Mariana-Guerrero-300x150.jpg 300w, http:\/\/noticias1440.com.ar\/wp-content\/uploads\/2025\/09\/Marina-Pinal-002-Foto-Prensa-Mariana-Guerrero-1024x512.jpg 1024w, http:\/\/noticias1440.com.ar\/wp-content\/uploads\/2025\/09\/Marina-Pinal-002-Foto-Prensa-Mariana-Guerrero-768x384.jpg 768w, http:\/\/noticias1440.com.ar\/wp-content\/uploads\/2025\/09\/Marina-Pinal-002-Foto-Prensa-Mariana-Guerrero.jpg 1200w\" sizes=\"auto, (max-width: 892px) 100vw, 892px\" \/><\/a><\/h2>\n<h2 style=\"text-align: center;\">\u00a0<span style=\"color: #000080;\"><strong>\u00bfEstudiaste \u201ccomedia musical\u201d en la \u201cEscuela Proscenio\u201d y tambi\u00e9n con Julio Boca?<\/strong> <span style=\"color: #000000;\"><strong>Marina Pinal:<\/strong><\/span><\/span> S\u00ed, primero en la \u201cEscuela Proscenio\u201d. M\u00e1s que nada, en la \u201cEscuela Proscenio\u201d primero todo lo general del formato, y despu\u00e9s en la \u201cEscuela Julio Boca\u201d all\u00ed en el Centro Cultural Borges hice como, a veces hab\u00eda como cursos de verano, clases sueltas, pero s\u00ed me dediqu\u00e9 en la \u201cEscuela Proscenio\u201d, que ya no est\u00e1, no existe, que quedaba ah\u00ed en el barrio de Belgrano, hice tres a\u00f1os, no termin\u00e9 todo el ciclo, suelen ser cuatro temporadas, por ah\u00ed hice como tres, intenso, a todo trapo. En la de Julio Boca tom\u00e9 clases que eran en verano, de jazz, de baile contempor\u00e1neo.<\/h2>\n<h2 style=\"text-align: center;\"><strong><span style=\"color: #000080;\">Digamos que eso ayud\u00f3 bastante a tu rol de bailarina.<\/span>\u00a0<span style=\"color: #000000;\">Marina Pinal:<\/span><\/strong> S\u00ed y previo, que por ah\u00ed no s\u00e9 si lo hab\u00eda dicho, pero previo a eso hab\u00eda hecho como 12 o 13 a\u00f1os de danza con una profesora de barrio, que fue la que creo que me dio todo, porque con ella era, s\u00ed o s\u00ed, el cl\u00e1sico, el contempor\u00e1neo y el jazz. Hice muchos a\u00f1os y reci\u00e9n ah\u00ed tambi\u00e9n a la Escuela de Comedia Musical. Adem\u00e1s del EMBA y del escuela del Teatro San Mart\u00edn.<\/h2>\n<h2 style=\"text-align: center;\"><a href=\"http:\/\/noticias1440.com.ar\/wp-content\/uploads\/2025\/09\/Marina-Pinal-012-Foto-Prensa-Mariana-Guerrero.jpg\"><img loading=\"lazy\" decoding=\"async\" class=\"wp-image-2845 aligncenter\" src=\"http:\/\/noticias1440.com.ar\/wp-content\/uploads\/2025\/09\/Marina-Pinal-012-Foto-Prensa-Mariana-Guerrero-300x149.jpg\" alt=\"\" width=\"912\" height=\"453\" srcset=\"http:\/\/noticias1440.com.ar\/wp-content\/uploads\/2025\/09\/Marina-Pinal-012-Foto-Prensa-Mariana-Guerrero-300x149.jpg 300w, http:\/\/noticias1440.com.ar\/wp-content\/uploads\/2025\/09\/Marina-Pinal-012-Foto-Prensa-Mariana-Guerrero-1024x507.jpg 1024w, http:\/\/noticias1440.com.ar\/wp-content\/uploads\/2025\/09\/Marina-Pinal-012-Foto-Prensa-Mariana-Guerrero-768x380.jpg 768w, http:\/\/noticias1440.com.ar\/wp-content\/uploads\/2025\/09\/Marina-Pinal-012-Foto-Prensa-Mariana-Guerrero.jpg 1199w\" sizes=\"auto, (max-width: 912px) 100vw, 912px\" \/><\/a><\/h2>\n<h2 style=\"text-align: center;\"><strong><span style=\"color: #000080;\">\u00bfY eso cu\u00e1nto te fue orientando hacia donde quer\u00edas ir?<\/span>\u00a0<span style=\"color: #000000;\">Marina Pinal:<\/span><\/strong> Un mont\u00f3n, yo creo que un mont\u00f3n, porque las cosas se fueron aclarando.<\/h2>\n<h2 style=\"text-align: center;\"><strong><span style=\"color: #000080;\">Podr\u00edas haber sido simplemente bailarina.<\/span>\u00a0<span style=\"color: #000000;\">Marina Pinal:<\/span><\/strong> S\u00ed, total, te lo voy a llevar desde ahora&#8230;para atr\u00e1s. Como que, igual lo de ser bailarina, artista, todo como que ya siento que lo ten\u00eda dentro, \u00bfviste? Pero me dediqu\u00e9 tambi\u00e9n al patinaje sobre hielo, era como muy introvertida, me daba mucha verg\u00fcenza todo y expresaba con mi arte, \u00bfviste? Dibujando, haciendo, con arcilla, todo era como dibujar, quer\u00eda ser dibujante en Disney.<\/h2>\n<h2 style=\"text-align: center;\"><a href=\"http:\/\/noticias1440.com.ar\/wp-content\/uploads\/2025\/09\/Marina-Pinal-010-Foto-Prensa-Mariana-Guerrero.jpg\"><img loading=\"lazy\" decoding=\"async\" class=\"wp-image-2843 aligncenter\" src=\"http:\/\/noticias1440.com.ar\/wp-content\/uploads\/2025\/09\/Marina-Pinal-010-Foto-Prensa-Mariana-Guerrero-300x160.jpg\" alt=\"\" width=\"911\" height=\"486\" srcset=\"http:\/\/noticias1440.com.ar\/wp-content\/uploads\/2025\/09\/Marina-Pinal-010-Foto-Prensa-Mariana-Guerrero-300x160.jpg 300w, http:\/\/noticias1440.com.ar\/wp-content\/uploads\/2025\/09\/Marina-Pinal-010-Foto-Prensa-Mariana-Guerrero-1024x545.jpg 1024w, http:\/\/noticias1440.com.ar\/wp-content\/uploads\/2025\/09\/Marina-Pinal-010-Foto-Prensa-Mariana-Guerrero-768x409.jpg 768w, http:\/\/noticias1440.com.ar\/wp-content\/uploads\/2025\/09\/Marina-Pinal-010-Foto-Prensa-Mariana-Guerrero.jpg 1151w\" sizes=\"auto, (max-width: 911px) 100vw, 911px\" \/><\/a><\/h2>\n<h2 style=\"text-align: center;\"><strong><span style=\"color: #000080;\">Tu expresi\u00f3n en esos tiempos era el patinaje.<\/span>\u00a0<span style=\"color: #000000;\">Marina Pinal:<\/span><\/strong> Exacto y ah\u00ed en el deporte como que empec\u00e9, \u201cbueno, me tengo que poner derecha\u201d, como era patinaje art\u00edstico, entr\u00e9 al mundo de la danza como complemento, pero me dije, \u201cme gusta, quiero bailar\u201d, entonces me lo empec\u00e9 a tomar en serio. Y as\u00ed mismo, aparte, tomaba clases de canto, clases de teatro. Y cuando me met\u00ed en la \u201cEscuela de Comedia Musical\u201d, dije \u201cno s\u00e9 si voy a hacer los cuatro a\u00f1os o cu\u00e1nto tiempo dure, pero de ac\u00e1 me voy a sacar la verg\u00fcenza de cantar en p\u00fablico y me voy a lanzar\u201d. As\u00ed fue.<\/h2>\n<h2 style=\"text-align: center;\"><strong><span style=\"color: #000080;\">Vos sos una artista multi-performer.<\/span>\u00a0<span style=\"color: #000000;\">Marina Pinal:<\/span><\/strong> Un poco todo. Y siento que por ah\u00ed me ayud\u00f3 un poco en mi verg\u00fcenza y en mi b\u00fasqueda de por ah\u00ed como que enfoqu\u00e9 m\u00e1s a la cantante, pero primero me dediqu\u00e9 al deporte. Fue de alguna manera arnar a la artista, hacer danza, teatro y todo eso me ayud\u00f3 finalmente a cantar.<\/h2>\n<h2 style=\"text-align: center;\"><a href=\"http:\/\/noticias1440.com.ar\/wp-content\/uploads\/2025\/09\/Marina-Pinal-001-Foto-Prensa-Mariana-Guerrero.jpg\"><img loading=\"lazy\" decoding=\"async\" class=\"wp-image-2834 aligncenter\" src=\"http:\/\/noticias1440.com.ar\/wp-content\/uploads\/2025\/09\/Marina-Pinal-001-Foto-Prensa-Mariana-Guerrero-300x156.jpg\" alt=\"\" width=\"917\" height=\"477\" srcset=\"http:\/\/noticias1440.com.ar\/wp-content\/uploads\/2025\/09\/Marina-Pinal-001-Foto-Prensa-Mariana-Guerrero-300x156.jpg 300w, http:\/\/noticias1440.com.ar\/wp-content\/uploads\/2025\/09\/Marina-Pinal-001-Foto-Prensa-Mariana-Guerrero-1024x534.jpg 1024w, http:\/\/noticias1440.com.ar\/wp-content\/uploads\/2025\/09\/Marina-Pinal-001-Foto-Prensa-Mariana-Guerrero.jpg 1181w\" sizes=\"auto, (max-width: 917px) 100vw, 917px\" \/><\/a><\/h2>\n<h2 style=\"text-align: center;\"><strong><span style=\"color: #000080;\">\u00bfA qu\u00e9 edad te fuiste a M\u00e9xico?\u00a0<\/span><span style=\"color: #000000;\">Marina Pinal:<\/span><\/strong> A qu\u00e9 edad? Estoy haciendo mal los c\u00e1lculos para atr\u00e1s. Ten\u00eda&#8230; \u00bf36? \u00bf35? Por ah\u00ed. No hace tanto. Y Volv\u00ed a Argentina.<\/h2>\n<h2 style=\"text-align: center;\"><strong><span style=\"color: #000080;\">Pens\u00e9 que te hab\u00edas ido mucho m\u00e1s joven.<\/span>\u00a0<span style=\"color: #000000;\">Marina Pinal:<\/span><\/strong> N\u00f3, n\u00f3, fue algo m\u00e1s acotado y puntual.<\/h2>\n<h2 style=\"text-align: center;\"><strong><span style=\"color: #000080;\">\u00bfY c\u00f3mo fue la experiencia trabajando en M\u00e9xico?\u00a0<\/span><span style=\"color: #000000;\">Marina Pinal:<\/span><\/strong> Creo que super\u00f3 todas mis expectativas. O sea, necesitaba como un cambio de todo en realidad, de vida directamente, m\u00e1s all\u00e1 de lo art\u00edstico. Entonces eso creo que me empuj\u00f3 como a decir&#8230; necesito salir de lo que conozco. Y empec\u00e9 a buscar contactos, a ver de qu\u00e9 manera pod\u00eda ir a cantar, a d\u00f3nde. Hab\u00eda de todo. Hasta que finalmente llegu\u00e9 a la Riviera Maya, que me parec\u00eda aparte un lugar hermoso. Empec\u00e9 cantando en tributos vocales. Y despu\u00e9s termin\u00e9 fija en un hotel donde empec\u00e9 a hacer estos tributos musicales donde como que la carga por ah\u00ed art\u00edstica y responsable era mucho m\u00e1s. Y ah\u00ed sent\u00eda que pod\u00eda crecer.<\/h2>\n<h2 style=\"text-align: center;\"><a href=\"http:\/\/noticias1440.com.ar\/wp-content\/uploads\/2025\/09\/Marina-Pinal-007-Foto-Prensa-Mariana-Guerrero.jpg\"><img loading=\"lazy\" decoding=\"async\" class=\"wp-image-2840 aligncenter\" src=\"http:\/\/noticias1440.com.ar\/wp-content\/uploads\/2025\/09\/Marina-Pinal-007-Foto-Prensa-Mariana-Guerrero-300x153.jpg\" alt=\"\" width=\"916\" height=\"467\" srcset=\"http:\/\/noticias1440.com.ar\/wp-content\/uploads\/2025\/09\/Marina-Pinal-007-Foto-Prensa-Mariana-Guerrero-300x153.jpg 300w, http:\/\/noticias1440.com.ar\/wp-content\/uploads\/2025\/09\/Marina-Pinal-007-Foto-Prensa-Mariana-Guerrero-1024x523.jpg 1024w, http:\/\/noticias1440.com.ar\/wp-content\/uploads\/2025\/09\/Marina-Pinal-007-Foto-Prensa-Mariana-Guerrero-768x392.jpg 768w, http:\/\/noticias1440.com.ar\/wp-content\/uploads\/2025\/09\/Marina-Pinal-007-Foto-Prensa-Mariana-Guerrero.jpg 1200w\" sizes=\"auto, (max-width: 916px) 100vw, 916px\" \/><\/a><\/h2>\n<h2 style=\"text-align: center;\"><strong><span style=\"color: #000080;\">\u00bfEsos hoteles internacionales tienen una infraestructura fuerte, incluso bandas?<\/span>\u00a0<span style=\"color: #000000;\">Marina Pinal:<\/span><\/strong> Tienen de todo. Bandas en vivo, bailarines, muchos cambios de vestuario, la iluminaci\u00f3n. O sea, era todo de primera l\u00ednea. Entonces como que sent\u00eda que a medida que pasaban los a\u00f1os iba alcanzando concederme todos esos deseos que quer\u00eda cumplir arriba del escenario. Tambi\u00e9n sum\u00e9 much\u00edsimas horas de vuelo cantando, que es algo en verdad fundamental en los shows. Aparte era a veces todos los d\u00edas. Era salir al show en un formato diario, hab\u00eda que estar y hab\u00eda que estar.\u00a0 Entonces yo tambi\u00e9n me puse las pilas con un desaf\u00edo as\u00ed.<\/h2>\n<h2 style=\"text-align: center;\"><strong><span style=\"color: #000080;\">S\u00ed, tambi\u00e9n trabajar con esos cruceros que tambi\u00e9n tienen bandas.<\/span>\u00a0<span style=\"color: #000000;\">Marina Pinal:<\/span><\/strong> Tal cual, es algo as\u00ed, tal cual. Y depende la \u00e9poca que estaba viviendo. A veces ten\u00eda dos shows por d\u00eda o ten\u00eda doble un d\u00eda y tres al siguiente, un training para la profesi\u00f3n bastante fuerte.<\/h2>\n<h2 style=\"text-align: center;\"><a href=\"http:\/\/noticias1440.com.ar\/wp-content\/uploads\/2025\/09\/Marina-Pinal-014-Foto-Prensa-Mariana-Guerrero.jpg\"><img loading=\"lazy\" decoding=\"async\" class=\"wp-image-2847 aligncenter\" src=\"http:\/\/noticias1440.com.ar\/wp-content\/uploads\/2025\/09\/Marina-Pinal-014-Foto-Prensa-Mariana-Guerrero-300x159.jpg\" alt=\"\" width=\"921\" height=\"488\" srcset=\"http:\/\/noticias1440.com.ar\/wp-content\/uploads\/2025\/09\/Marina-Pinal-014-Foto-Prensa-Mariana-Guerrero-300x159.jpg 300w, http:\/\/noticias1440.com.ar\/wp-content\/uploads\/2025\/09\/Marina-Pinal-014-Foto-Prensa-Mariana-Guerrero-1024x544.jpg 1024w, http:\/\/noticias1440.com.ar\/wp-content\/uploads\/2025\/09\/Marina-Pinal-014-Foto-Prensa-Mariana-Guerrero-768x408.jpg 768w, http:\/\/noticias1440.com.ar\/wp-content\/uploads\/2025\/09\/Marina-Pinal-014-Foto-Prensa-Mariana-Guerrero.jpg 1149w\" sizes=\"auto, (max-width: 921px) 100vw, 921px\" \/><\/a><\/h2>\n<h2 style=\"text-align: center;\"><strong><span style=\"color: #000080;\">\u00bfQu\u00e9 es lo que te divert\u00eda cantar en esa \u00e9poca?<\/span>\u00a0<span style=\"color: #000000;\">Marina Pinal:<\/span><\/strong> Es dif\u00edcil porque son varias cosas, me parece. Pero el ejemplo que puedo dar es&#8230;\u00a0 hab\u00eda un momento donde justo estaba haciendo solo \u201cshows tributos\u201d. Solo tributos, al principio n\u00f3i. Entonces ten\u00eda el de Madonna, el de Shakira y el de Lady Gaga, que son como muy distintos. Y a veces&#8230; Me preguntaban, \u201c\u00bfcu\u00e1l te gusta m\u00e1s?\u201d Eso es lo \u00fanico que tienen en similidad o igualdad, que te pon\u00edan en un lugar de trabajo muy pero muy profesional. En lo art\u00edstico era como que me gustaban ciertas cosas de cada una, por ah\u00ed, no s\u00e9, Madonna con la parte que baila, much\u00edsimo la parte bailada. S\u00ed, en definitiva lo de Lady Gaga era por su parte vocal. Porque me encanta. Y por ah\u00ed con el de Shakira, lo que sent\u00eda era desde lo est\u00e9tico&#8230; no me ten\u00eda que lookear mucho, \u00bfviste? Con el pelo. Me soltaba el pelo. S\u00ed, la voz es la que le viste a ella. La voz es la que la define. Pero es m\u00e1s relajada a la hora del show. Y yo so\u00f1aba&#8230; o sea, mientras yo sal\u00eda del show de Shakira, siempre visualizaba que era mi show. Disfrutaba el repertorio, en otra la cuesti\u00f3n de bailar y en la restante lo de cantar.<\/h2>\n<h2 style=\"text-align: center;\"><a href=\"http:\/\/noticias1440.com.ar\/wp-content\/uploads\/2025\/09\/Marina-Pinal-006-Foto-Prensa-Mariana-Guerrero.jpg\"><img loading=\"lazy\" decoding=\"async\" class=\"wp-image-2839 aligncenter\" src=\"http:\/\/noticias1440.com.ar\/wp-content\/uploads\/2025\/09\/Marina-Pinal-006-Foto-Prensa-Mariana-Guerrero-300x161.jpg\" alt=\"\" width=\"911\" height=\"489\" srcset=\"http:\/\/noticias1440.com.ar\/wp-content\/uploads\/2025\/09\/Marina-Pinal-006-Foto-Prensa-Mariana-Guerrero-300x161.jpg 300w, http:\/\/noticias1440.com.ar\/wp-content\/uploads\/2025\/09\/Marina-Pinal-006-Foto-Prensa-Mariana-Guerrero-1024x548.jpg 1024w, http:\/\/noticias1440.com.ar\/wp-content\/uploads\/2025\/09\/Marina-Pinal-006-Foto-Prensa-Mariana-Guerrero-768x411.jpg 768w\" sizes=\"auto, (max-width: 911px) 100vw, 911px\" \/><\/a><\/h2>\n<h2 style=\"text-align: center;\"><strong><span style=\"color: #000080;\">Est\u00e1 bien. Ah\u00ed nombr\u00e1s a Shakira. Como habr\u00e1s advertido desde el principio, tiene un tono de voz con cierta desafinaci\u00f3n. Muchos dicen que es como \u201cEl Gallo Claudio\u201d, que ella es la esposa del gallo Claudio, cantando.\u00a0<\/span><span style=\"color: #000000;\">Marina Pinal:<\/span><\/strong> (risas) S\u00ed, s\u00ed, se le corre. Tuve que encontrarle el tono para sacarlo igual en los conciertos. Hay que encontrarlo, hay que buscar. Que igual, m\u00e1s all\u00e1 de Shakira, que es algo muy espec\u00edfico, aunque no parezca, Lady Gaga y Madonna tambi\u00e9n tienen su cuerda espec\u00edfica de tono vocal. Pero con Shakira hay una \u201cdesafinaci\u00f3n afinada\u201d. S\u00ed, tal cual, me hab\u00edan que una vez me hab\u00edan pedido un pedacito de algo de ella, era cantar un pedacito, no me acuerdo qu\u00e9 canci\u00f3n. Y bueno, ah\u00ed era como, \u201cbueno, a ver\u201d. Entonces es como que ten\u00e9s que meter la voz ac\u00e1. Bueno, no, vas escuchando y probando.<\/h2>\n<h2 style=\"text-align: center;\"><strong><span style=\"color: #000080;\">\u00bfPor qu\u00e9 volviste a Buenos Aires?\u00a0<\/span><span style=\"color: #000000;\">Marina Pinal:<\/span><\/strong> Es el pa\u00eds de uno, es mi pa\u00eds, es mi cultura, digan lo que digan, est\u00e1 en la situaci\u00f3n. Y ya voy para tres temporadas&#8230; Ya voy ac\u00e1 dos a\u00f1os y medio que voy aqu\u00ed y siento que puedo encontrar mi lugar en el arte.<\/h2>\n<h2 style=\"text-align: center;\"><a href=\"http:\/\/noticias1440.com.ar\/wp-content\/uploads\/2025\/09\/Marina-Pinal-011-Foto-Prensa-Mariana-Guerrero.jpg\"><img loading=\"lazy\" decoding=\"async\" class=\"wp-image-2844 aligncenter\" src=\"http:\/\/noticias1440.com.ar\/wp-content\/uploads\/2025\/09\/Marina-Pinal-011-Foto-Prensa-Mariana-Guerrero-300x151.jpg\" alt=\"\" width=\"914\" height=\"460\" srcset=\"http:\/\/noticias1440.com.ar\/wp-content\/uploads\/2025\/09\/Marina-Pinal-011-Foto-Prensa-Mariana-Guerrero-300x151.jpg 300w, http:\/\/noticias1440.com.ar\/wp-content\/uploads\/2025\/09\/Marina-Pinal-011-Foto-Prensa-Mariana-Guerrero-1024x514.jpg 1024w, http:\/\/noticias1440.com.ar\/wp-content\/uploads\/2025\/09\/Marina-Pinal-011-Foto-Prensa-Mariana-Guerrero-768x386.jpg 768w, http:\/\/noticias1440.com.ar\/wp-content\/uploads\/2025\/09\/Marina-Pinal-011-Foto-Prensa-Mariana-Guerrero.jpg 1197w\" sizes=\"auto, (max-width: 914px) 100vw, 914px\" \/><\/a><\/h2>\n<h2 style=\"text-align: center;\"><strong><span style=\"color: #000080;\">\u00bfC\u00f3mo encontraste Argentina a tu regreso? Te viniste justo en 2023, la etapa previa a la \u00faltima \u00a0elecci\u00f3n presidencial.\u00a0<\/span><span style=\"color: #000000;\">Marina Pinal:<\/span><\/strong> S\u00ed. El primer a\u00f1o fue medio duro, bastante, porque bueno, por todo lo que hab\u00eda dejado el per\u00edodo anterior. Pa\u00eds post-pandemia. El ir por todo en el pa\u00eds. Entonces de a poco fue reencontrarme de nuevo con todo, \u00bfn\u00f3? Como bueno, es como que ten\u00e9s que volver a bajar, pero es lo que necesito. Bajar en el sentido de&#8230; \u201c\u00bfqu\u00e9 hac\u00e9s si me va mal ac\u00e1 o si es una pesadilla Buenos Aires? \u00bfMe vuelvo a M\u00e9xico?\u201d A ver, yo ya tengo all\u00e1 mi residencia. La puerta est\u00e1 abierta. Pero la verdad es que en el fondo de mi coraz\u00f3n yo quer\u00eda quedarme en Buenos Aires. Una cosa es decir, bueno, voy un poquito y vuelvo. Pero la verdad es que la familia, las amistades, la cultura, me gustar\u00eda como decir, hago tierra firme ac\u00e1.\u00a0 Ser artista ac\u00e1. Y bueno, en lo art\u00edstico donde se pueda picotear, ir y venir, bienvenido sea.<\/h2>\n<h2 style=\"text-align: center;\"><a href=\"http:\/\/noticias1440.com.ar\/wp-content\/uploads\/2025\/09\/Marina-Pinal-013-Foto-Prensa-Mariana-Guerrero.jpg\"><img loading=\"lazy\" decoding=\"async\" class=\"wp-image-2846 aligncenter\" src=\"http:\/\/noticias1440.com.ar\/wp-content\/uploads\/2025\/09\/Marina-Pinal-013-Foto-Prensa-Mariana-Guerrero-300x145.jpg\" alt=\"\" width=\"923\" height=\"446\" srcset=\"http:\/\/noticias1440.com.ar\/wp-content\/uploads\/2025\/09\/Marina-Pinal-013-Foto-Prensa-Mariana-Guerrero-300x145.jpg 300w, http:\/\/noticias1440.com.ar\/wp-content\/uploads\/2025\/09\/Marina-Pinal-013-Foto-Prensa-Mariana-Guerrero-1024x496.jpg 1024w, http:\/\/noticias1440.com.ar\/wp-content\/uploads\/2025\/09\/Marina-Pinal-013-Foto-Prensa-Mariana-Guerrero-768x372.jpg 768w, http:\/\/noticias1440.com.ar\/wp-content\/uploads\/2025\/09\/Marina-Pinal-013-Foto-Prensa-Mariana-Guerrero.jpg 1201w\" sizes=\"auto, (max-width: 923px) 100vw, 923px\" \/><\/a><\/h2>\n<h2 style=\"text-align: center;\"><strong><span style=\"color: #000080;\">S\u00e9 que participaste en los ciclos \u201cLa Voz Argentina\u201d y \u201cBienvenidos a Ganar\u201d.<\/span> <span style=\"color: #000080;\">\u00bfEso cu\u00e1ndo fue?<\/span>\u00a0<span style=\"color: #000000;\">Marina Pinal:<\/span><\/strong> Mir\u00e1, hoy justo hab\u00eda nombrado eso de \u201cLa Voz Argentina\u201d. Realmente no me acuerdo bien si fue 2011 o 2012. Fue en la primera edici\u00f3n. Porque fue el primer programa de \u201cLa Voz Argentina\u201d que se hizo. El primero. S\u00ed, tiene un tiempito. En el caso de \u201cBienvenidos a Ganar\u201d pas\u00e9 varias veces. Est\u00e1 bonito, me confund\u00eda, porque es un ciclo con muchos a\u00f1os y conductores. Estuve en uno de Guido (Kazka), pero estuve en los de Laurita (Fern\u00e1ndez) varias veces. Este a\u00f1o, principio de este a\u00f1o, tambi\u00e9n el a\u00f1o pasado y el anterior. Y a m\u00ed me divierte. Es algo muy divertido. Nom\u00e1s la cuesti\u00f3n est\u00e1 que ten\u00e9s que estar todo el d\u00eda ah\u00ed en el estudio, mucho tiempo ah\u00ed, \u00bfviste? Esperando. Si sal\u00eds y no sal\u00eds, y uno est\u00e1 esperando. Ten\u00e9s que estar como ah\u00ed siempre. Pero me parece que siempre est\u00e1 bueno tener esa clase de experiencia. En \u201cLa Voz Argentina\u201d me fue bien, pero como que ya estaban los equipos armados. Fue como la resaca de lo \u00faltimo y la pas\u00e9 bien, ahora el programa est\u00e1 en pantalla y\u00a0 yo en su momento lo recontra disfrut\u00e9, me gusta esa cosa de los m\u00fasicos en vivo, por ah\u00ed reversionaban un poquito la canci\u00f3n pero a m\u00ed me gust\u00f3.<\/h2>\n<h2 style=\"text-align: center;\"><a href=\"http:\/\/noticias1440.com.ar\/wp-content\/uploads\/2025\/09\/Marina-Pinal-009-Foto-Prensa-Mariana-Guerrero.jpg\"><img loading=\"lazy\" decoding=\"async\" class=\"wp-image-2842 aligncenter\" src=\"http:\/\/noticias1440.com.ar\/wp-content\/uploads\/2025\/09\/Marina-Pinal-009-Foto-Prensa-Mariana-Guerrero-300x150.jpg\" alt=\"\" width=\"914\" height=\"457\" srcset=\"http:\/\/noticias1440.com.ar\/wp-content\/uploads\/2025\/09\/Marina-Pinal-009-Foto-Prensa-Mariana-Guerrero-300x150.jpg 300w, http:\/\/noticias1440.com.ar\/wp-content\/uploads\/2025\/09\/Marina-Pinal-009-Foto-Prensa-Mariana-Guerrero-1024x511.jpg 1024w, http:\/\/noticias1440.com.ar\/wp-content\/uploads\/2025\/09\/Marina-Pinal-009-Foto-Prensa-Mariana-Guerrero-768x383.jpg 768w, http:\/\/noticias1440.com.ar\/wp-content\/uploads\/2025\/09\/Marina-Pinal-009-Foto-Prensa-Mariana-Guerrero.jpg 1198w\" sizes=\"auto, (max-width: 914px) 100vw, 914px\" \/><\/a><\/h2>\n<h2 style=\"text-align: center;\"><strong><span style=\"color: #000080;\">\u00bfEra llegar al final o era para que te vieran?<\/span>\u00a0<span style=\"color: #000000;\">Marina Pinal:<\/span><\/strong> Uno en esos formatos entra a caminar y ve que pasa. La verdad, no s\u00e9. O sea, no pod\u00e9s so\u00f1ar con ganar&#8230; pero no s\u00e9.\u00a0 Bueno, donde s\u00ed sab\u00edamos que si alguna vez te decid\u00edas a eso, te iba a ir bien, era el famoso \u201cPatinando por un sue\u00f1o\u201d, yo dentro de ese formato fui coach y tambi\u00e9n patinaba alguna que otra vez. Pas\u00e9 por varias etapas, se trataba de cosas fijas, estuve dos a\u00f1os y tuve parejas fijas los dos a\u00f1os. Pero antes que el ciclo arrancara, tambi\u00e9n uno coacheaba un mont\u00f3n, el caso de Evangelina Anderson, Luli Fern\u00e1ndez, en el otro a\u00f1o fue Cynthia Fern\u00e1ndez o Adabel Guerrero.<\/h2>\n<h2 style=\"text-align: center;\"><a href=\"http:\/\/noticias1440.com.ar\/wp-content\/uploads\/2025\/09\/Marina-Pinal-004-Foto-Prensa-Mariana-Guerrero.jpg\"><img loading=\"lazy\" decoding=\"async\" class=\"wp-image-2837 aligncenter\" src=\"http:\/\/noticias1440.com.ar\/wp-content\/uploads\/2025\/09\/Marina-Pinal-004-Foto-Prensa-Mariana-Guerrero-300x154.jpg\" alt=\"\" width=\"921\" height=\"473\" srcset=\"http:\/\/noticias1440.com.ar\/wp-content\/uploads\/2025\/09\/Marina-Pinal-004-Foto-Prensa-Mariana-Guerrero-300x154.jpg 300w, http:\/\/noticias1440.com.ar\/wp-content\/uploads\/2025\/09\/Marina-Pinal-004-Foto-Prensa-Mariana-Guerrero-1024x527.jpg 1024w, http:\/\/noticias1440.com.ar\/wp-content\/uploads\/2025\/09\/Marina-Pinal-004-Foto-Prensa-Mariana-Guerrero-768x395.jpg 768w, http:\/\/noticias1440.com.ar\/wp-content\/uploads\/2025\/09\/Marina-Pinal-004-Foto-Prensa-Mariana-Guerrero.jpg 1197w\" sizes=\"auto, (max-width: 921px) 100vw, 921px\" \/><\/a><\/h2>\n<h2 style=\"text-align: center;\"><strong><span style=\"color: #000080;\">\u00bfC\u00f3mo reaccionaban las mujeres famosas cuando vos les explicabas ese formato?<\/span>\u00a0<span style=\"color: #000000;\">Marina Pinal:<\/span><\/strong> Muy bien, pero la verdad que hay que estar ensayando todos los d\u00edas. le pon\u00edan onda. S\u00ed, ellas ensayaban todos los d\u00edas. Y aparte eran seis meses antes de que empezara el programa en la tv, porque si no nadie patina, \u00bfn\u00f3? O sea, no hay nadie que patine de la noche a la ma\u00f1ana. No tuve ninguna que se haya golpeado. N\u00f3, grave n\u00f3, en su momento se lastim\u00f3 Wanda Nara, pero no la ten\u00eda entrenando yo. Lo que s\u00ed me pas\u00f3 en su momento es que yo me lastim\u00e9, ninguna cosa grave. Me lastim\u00e9 yo. Me abr\u00ed haciendo el casting con uno de los chicos famosos que concursaba, me abr\u00ed la pera as\u00ed, pack en ese lugar. Qued\u00f3 en un video en c\u00e1mara lenta as\u00ed. Pero ahora est\u00e1 bien. Un blooper (risas).<\/h2>\n<h2 style=\"text-align: center;\"><a href=\"http:\/\/noticias1440.com.ar\/wp-content\/uploads\/2025\/09\/Marina-Pinal-003-Foto-Prensa-Mariana-Guerrero.jpg\"><img loading=\"lazy\" decoding=\"async\" class=\"wp-image-2836 aligncenter\" src=\"http:\/\/noticias1440.com.ar\/wp-content\/uploads\/2025\/09\/Marina-Pinal-003-Foto-Prensa-Mariana-Guerrero-300x155.jpg\" alt=\"\" width=\"915\" height=\"473\" srcset=\"http:\/\/noticias1440.com.ar\/wp-content\/uploads\/2025\/09\/Marina-Pinal-003-Foto-Prensa-Mariana-Guerrero-300x155.jpg 300w, http:\/\/noticias1440.com.ar\/wp-content\/uploads\/2025\/09\/Marina-Pinal-003-Foto-Prensa-Mariana-Guerrero-1024x528.jpg 1024w, http:\/\/noticias1440.com.ar\/wp-content\/uploads\/2025\/09\/Marina-Pinal-003-Foto-Prensa-Mariana-Guerrero-768x396.jpg 768w, http:\/\/noticias1440.com.ar\/wp-content\/uploads\/2025\/09\/Marina-Pinal-003-Foto-Prensa-Mariana-Guerrero.jpg 1200w\" sizes=\"auto, (max-width: 915px) 100vw, 915px\" \/><\/a><\/h2>\n<h2 style=\"text-align: center;\"><strong><span style=\"color: #000080;\">\u00bfEn qu\u00e9 momento dec\u00eds \u201ctengo que tener una banda y cantar\u201d?\u00a0 \u00bfCu\u00e1ndo surgi\u00f3 lo de la banda \u201cDivas de Red Lips\u201d?\u00a0<\/span><span style=\"color: #000000;\">Marina Pinal:<\/span><\/strong> Fue en el 2011, que creo que fue ese a\u00f1o o 2012. Como yo estaba todav\u00eda en el mundo del patinaje, porque daba clases y met\u00ed otras cosas por ah\u00ed, fue un momento bisagra, porque audicion\u00e9 para \u201cDisney On Ice\u201d, qued\u00e9, pero no me llamaban, lo mismo con \u201cHoliday On Ice\u201d y ah\u00ed fue un momento bisagra. Y dije, \u201c\u00bfqu\u00e9 hago?\u201d Quiero armar mi banda. \u00bfqu\u00e9 har\u00eda? \u00bfqu\u00e9 canciones cantabas? Inicialmente hac\u00edamos temas de Amy Winehouse, de Adele y de Lady Gaga, tambi\u00e9n temas de Aretha Franklin, us\u00e1bamos un poco de todo, est\u00e1bamos bien consolidados como banda. Cuando hac\u00edamos los shows grandes eran 11 m\u00fasicos, hab\u00eda un coro gospel, metimos bailarines,\u00a0 obviamente todo era la gente que ten\u00eda alrededor, pero planific\u00e1bamos un lugar para tocar, onda como el \u201cVelma Caf\u00e9\u201d (actualmente Club Lucille) o el \u201cPaseo de la Plaza\u201d, trat\u00e1bamos de poner todo en juego, eran tiempos de apostar a la m\u00fasica con todo.<\/h2>\n<h2 style=\"text-align: center;\"><a href=\"http:\/\/noticias1440.com.ar\/wp-content\/uploads\/2025\/09\/Marina-Pinal-015-Foto-Prensa-Mariana-Guerrero.jpg\"><img loading=\"lazy\" decoding=\"async\" class=\"wp-image-2848 aligncenter\" src=\"http:\/\/noticias1440.com.ar\/wp-content\/uploads\/2025\/09\/Marina-Pinal-015-Foto-Prensa-Mariana-Guerrero-300x161.jpg\" alt=\"\" width=\"917\" height=\"492\" srcset=\"http:\/\/noticias1440.com.ar\/wp-content\/uploads\/2025\/09\/Marina-Pinal-015-Foto-Prensa-Mariana-Guerrero-300x161.jpg 300w, http:\/\/noticias1440.com.ar\/wp-content\/uploads\/2025\/09\/Marina-Pinal-015-Foto-Prensa-Mariana-Guerrero-1024x548.jpg 1024w, http:\/\/noticias1440.com.ar\/wp-content\/uploads\/2025\/09\/Marina-Pinal-015-Foto-Prensa-Mariana-Guerrero-768x411.jpg 768w, http:\/\/noticias1440.com.ar\/wp-content\/uploads\/2025\/09\/Marina-Pinal-015-Foto-Prensa-Mariana-Guerrero.jpg 1151w\" sizes=\"auto, (max-width: 917px) 100vw, 917px\" \/><\/a><\/h2>\n<h2 style=\"text-align: center;\">\u00a0<strong><span style=\"color: #000080;\">En tu lado como compositora s\u00e9 que ya ten\u00e9s canciones publicadas en plataformas digitales.<\/span> <span style=\"color: #000000;\">Marina Pinal:<\/span><\/strong> Exacto. La primera fue \u201cAqu\u00ed\u201d, luego \u201cBosque de lobos\u201d y ahora ya sali\u00f3 el tema \u201cMi Oscura Yo\u201d. Estamos pensando un video para \u201cMi Oscura Yo\u201d, en ese rol de cantante me doy cuenta que tengo un mont\u00f3n de cosas para decir. Como que hay cosas que tienen que aflorar y me permito que suceda de manera natural.<\/h2>\n<h2 style=\"text-align: center;\"><strong><span style=\"color: #000080;\">\u00bfLo de ser \u00fanicamente cantante ser\u00eda un mundo nuevo a lo hecho antes?<\/span>\u00a0<span style=\"color: #000000;\">Marina Pinal:<\/span><\/strong> N\u00f3, a ver, es un mundo nuevo o que lo estoy obviamente transitando por primera vez de esta forma, porque es bastante reciente, el hecho de plasmarlo realmente, el hacerlo realidad, digamos. Pero s\u00ed, est\u00e1 dentro de mi mundo, que no es al mostrarlo, las canciones como que me van aflorando y surgieron con los a\u00f1os, ten\u00eda guardadas en el caj\u00f3n un mont\u00f3n de cosas. Y era una de las cuestiones por las cuales vine a la Argentina, todo lo que dije,\u00a0 no porque all\u00e1 no pod\u00eda, porque all\u00e1 hab\u00eda m\u00fasicos, hab\u00eda todo&#8230;pero no s\u00e9 qu\u00e9 pasaba y sent\u00eda que ten\u00eda que venir ac\u00e1. Que de alguna manera deb\u00eda hacerlo en mi pa\u00eds. No me fall\u00f3 mi instinto, porque vine y empec\u00e9 a grabar.<\/h2>\n<h2 style=\"text-align: center;\"><a href=\"http:\/\/noticias1440.com.ar\/wp-content\/uploads\/2025\/09\/Marina-Pinal-010-Foto-Prensa-Mariana-Guerrero.jpg\"><img loading=\"lazy\" decoding=\"async\" class=\"wp-image-2843 aligncenter\" src=\"http:\/\/noticias1440.com.ar\/wp-content\/uploads\/2025\/09\/Marina-Pinal-010-Foto-Prensa-Mariana-Guerrero-300x160.jpg\" alt=\"\" width=\"917\" height=\"489\" srcset=\"http:\/\/noticias1440.com.ar\/wp-content\/uploads\/2025\/09\/Marina-Pinal-010-Foto-Prensa-Mariana-Guerrero-300x160.jpg 300w, http:\/\/noticias1440.com.ar\/wp-content\/uploads\/2025\/09\/Marina-Pinal-010-Foto-Prensa-Mariana-Guerrero-1024x545.jpg 1024w, http:\/\/noticias1440.com.ar\/wp-content\/uploads\/2025\/09\/Marina-Pinal-010-Foto-Prensa-Mariana-Guerrero-768x409.jpg 768w, http:\/\/noticias1440.com.ar\/wp-content\/uploads\/2025\/09\/Marina-Pinal-010-Foto-Prensa-Mariana-Guerrero.jpg 1151w\" sizes=\"auto, (max-width: 917px) 100vw, 917px\" \/><\/a><\/h2>\n<h2 style=\"text-align: center;\"><strong><span style=\"color: #000080;\">\u00bfEs pop? \u00bfQu\u00e9 onda tiene eso? \u00bfEst\u00e1s firmada con alguna compa\u00f1\u00eda discogr\u00e1fica?<\/span>\u00a0<span style=\"color: #000000;\">Marina Pinal:<\/span><\/strong> Hay un poco de todo..es generalizado y pone foco en el pop, pero tambi\u00e9n obviamente hay algunas baladas, hay otras cosas m\u00e1s movidas, hay otro tema m\u00e1s folk, voy mechando hasta encontrar mi tono. Firm\u00e9 con Universal Music Argentina, esos tres temas los public\u00f3 Universal. S\u00e9 que no es f\u00e1cil hacerse un lugar en este momento donde hay tantas vocalistas nuevas, pero por el \u00e9xito yo no vendo mi alma al diablo, digamos. No voy a decir, cambiar mi forma de hacerlo. Te pueden decir \u201cse vende esto\u201d. Bueno, que se venda menos, pero esto es lo que quiero hacer. La respuesta a mis canciones es alentadora, bastante buena. Les gusta lo que hago.<\/h2>\n<h2 style=\"text-align: center;\"><strong><span style=\"color: #000080;\">Al menos nadie te persigue con una escopeta.\u00a0<\/span><span style=\"color: #000000;\">Marina Pinal:<\/span><\/strong> (risas) N\u00f3, para nada. Vamos a ver ahora, estoy tambi\u00e9n empezando a ver como el concepto del disco. Es encarar un \u00e1lbum, que casi nadie hace un \u00e1lbum ahora. No s\u00e9, eso hay que planificarlo mucho, por ah\u00ed es verdad que en estos tiempos salen muchos singles&#8230;no s\u00e9 si lanzarlo todo junto, por ahora voy de a poco..<\/h2>\n<h2 style=\"text-align: center;\"><a href=\"http:\/\/noticias1440.com.ar\/wp-content\/uploads\/2025\/09\/Marina-Pinal-005-Foto-Prensa-Mariana-Guerrero.jpg\"><img loading=\"lazy\" decoding=\"async\" class=\"wp-image-2838 aligncenter\" src=\"http:\/\/noticias1440.com.ar\/wp-content\/uploads\/2025\/09\/Marina-Pinal-005-Foto-Prensa-Mariana-Guerrero-300x150.jpg\" alt=\"\" width=\"920\" height=\"460\" srcset=\"http:\/\/noticias1440.com.ar\/wp-content\/uploads\/2025\/09\/Marina-Pinal-005-Foto-Prensa-Mariana-Guerrero-300x150.jpg 300w, http:\/\/noticias1440.com.ar\/wp-content\/uploads\/2025\/09\/Marina-Pinal-005-Foto-Prensa-Mariana-Guerrero-1024x512.jpg 1024w, http:\/\/noticias1440.com.ar\/wp-content\/uploads\/2025\/09\/Marina-Pinal-005-Foto-Prensa-Mariana-Guerrero-768x384.jpg 768w, http:\/\/noticias1440.com.ar\/wp-content\/uploads\/2025\/09\/Marina-Pinal-005-Foto-Prensa-Mariana-Guerrero.jpg 1199w\" sizes=\"auto, (max-width: 920px) 100vw, 920px\" \/><\/a><\/h2>\n<h2 style=\"text-align: center;\"><strong><span style=\"color: #000080;\">\u00bfEn qu\u00e9 momento de tu vida apareci\u00f3 lo de un \u201cshow tributo a Shakira\u201d?\u00a0<\/span><span style=\"color: #000000;\">Marina Pinal:<\/span><\/strong> Se dieron una serie de factores y circunstancias. Primero que nada Shakira volvi\u00f3 al ruedo con sus conciertos, con todos sus shows. Est\u00e1 como.. muy presente. Igual nunca dej\u00f3 de estarlo, es como muy ic\u00f3nica, no s\u00e9. Por un tiempo ella no fue noticia por lo musical, pero se mantuvo en la consideraci\u00f3n. Totalmente. S\u00ed. Porque va variando por ah\u00ed su m\u00fasica. Ella se va adaptando a los tiempos, pero no se dejan de escuchar los temas que hizo en toda su carrera, por ejemplo, los m\u00e1s viejos que son los que m\u00e1s me gustan, que es lo que hacemos m\u00e1s hincapi\u00e9 por ah\u00ed en nuestro show. Los de \u201cPies descalzos\u201d o \u201cD\u00f3nde est\u00e1n los ladrones?\u201d, \u201cTe dejo Madrid\u201d, \u201cWhatever, Whatever\u201d. Me encantan o esos hits como \u201cOjos as\u00ed\u201d, adem\u00e1s veo que les gusta desde el m\u00e1s chico hasta el se\u00f1or m\u00e1s grande. Bueno. As\u00ed tom\u00e9 la decisi\u00f3n en estos tiempos de decir, bueno,\u00a0 est\u00e1 la \u201cShakira original\u201d en la mira medi\u00e1tica y voy a empezar a hacer \u201cmi show\u201d de Shakira, es un repaso por toda su carrera. Empezamos m\u00e1s o menos por aquellos discos donde asoma la parte rockera de ella, despu\u00e9s hay otra parte donde por ah\u00ed los temas son un poquito m\u00e1s rom\u00e1nticos, m\u00e1s tranquilos, donde baja el clima, m\u00e1s ac\u00fasticos. Luego tenemos la parte donde es m\u00e1s reggaetonera, m\u00e1s en lo de ahora, m\u00e1s bailable. Despu\u00e9s volvemos un poquito al rock, es muy entretenido. Llega la cuenta regresiva del espect\u00e1culo que tenemos este viernes en La Plaza, no siento temor, pero preg\u00fantamelo el d\u00eda antes (risas). No, miedo n\u00f3, miedo no. Ahora estoy como ansiosa y obviamente el d\u00eda viernes en la previa voy a estar con las pulsaciones a diez mil, bueno, eso es inevitable, esa es una cosa me parece que tiene que estar un poco tambi\u00e9n dentro del concierto.<\/h2>\n<h2 style=\"text-align: center;\"><a href=\"http:\/\/noticias1440.com.ar\/wp-content\/uploads\/2025\/09\/Marina-Pinal-007-Foto-Prensa-Mariana-Guerrero.jpg\"><img loading=\"lazy\" decoding=\"async\" class=\"wp-image-2840 aligncenter\" src=\"http:\/\/noticias1440.com.ar\/wp-content\/uploads\/2025\/09\/Marina-Pinal-007-Foto-Prensa-Mariana-Guerrero-300x153.jpg\" alt=\"\" width=\"918\" height=\"468\" srcset=\"http:\/\/noticias1440.com.ar\/wp-content\/uploads\/2025\/09\/Marina-Pinal-007-Foto-Prensa-Mariana-Guerrero-300x153.jpg 300w, http:\/\/noticias1440.com.ar\/wp-content\/uploads\/2025\/09\/Marina-Pinal-007-Foto-Prensa-Mariana-Guerrero-1024x523.jpg 1024w, http:\/\/noticias1440.com.ar\/wp-content\/uploads\/2025\/09\/Marina-Pinal-007-Foto-Prensa-Mariana-Guerrero-768x392.jpg 768w, http:\/\/noticias1440.com.ar\/wp-content\/uploads\/2025\/09\/Marina-Pinal-007-Foto-Prensa-Mariana-Guerrero.jpg 1200w\" sizes=\"auto, (max-width: 918px) 100vw, 918px\" \/><\/a><\/h2>\n<h2 style=\"text-align: center;\"><span style=\"color: #000080;\">\u00bf<\/span><strong><span style=\"color: #000080;\">Tuviste que aprender para el baile en vivo un poco todo ese juego corporal de \u201chuesos y v\u00e9rtebras quebradas\u201d que tiene ella para poder moverse, n\u00f3?.<\/span>\u00a0<span style=\"color: #000000;\">Marina Pinal:<\/span><\/strong> Totalmente, s\u00ed, viendo muchos videos, muchos videos, muchos videos todo el tiempo, era ver videos, videos, videos, videos, videos, una locura, ver como hace cada cosa. Pero la cosa se fue armando hace mucho. Lo hice, lo ven\u00eda haciendo en M\u00e9xico y despu\u00e9s ac\u00e1 tambi\u00e9n pas\u00e9 por el Hard Rock Caf\u00e9 que est\u00e1 en Puerto Madero, s\u00ed. Eso sali\u00f3 hermoso, me gust\u00f3. El lugar no tiene un escenario grande, realmente es muy chiquito, la verdad.<\/h2>\n<h2 style=\"text-align: center;\"><strong><span style=\"color: #000080;\">\u00bfCu\u00e1ndo eras chica, qu\u00e9 quer\u00edas ser? \u00bfSo\u00f1abas con ser arquitecta o veterinaria?<\/span>\u00a0<span style=\"color: #000000;\">Marina Pinal:<\/span><\/strong> Yo quer\u00eda ser artista, estaba en el jard\u00edn todav\u00eda, cuando empez\u00e1s como a copiar las letras, \u00bfviste? me hab\u00edan dejado una tarea que era el cuaderno, un papel donde dec\u00eda \u201ccuando sea grande que quiero ser\u201d y uno ten\u00eda que escribir y yo puse \u201cartista\u201d, que en realidad la palabra artista es muy amplia, es algo muy amplio. Esta realidad ahora me encuentra con el concierto del viernes, pero tambi\u00e9n estoy tambi\u00e9n a full con el tema del disco, terminando la primera parte, que es tener armados los demos, para tener una idea global sobre como es, si logramos definir todo empezar\u00e1 la segunda etapa, que es la que me divierte m\u00e1s, que es empezar a grabar. Eso son horas y horas, pero calculo que en los primeros meses de 2026 tendr\u00e9 el disco ya terminado.<\/h2>\n<h2><span style=\"color: #993366;\"><strong>Entradas para ver a Marina Pinal disponibles en:<\/strong><\/span><\/h2>\n<h2><strong>https:\/\/www.passline.com\/eventos\/te-aviso-te-anuncio-live-show-tributo-a-shakira-by-marina-pinal?srsltid=AfmBOop81XdIBQA7yJuvUhi7MCmxoTkO3k0-Cdv0ObXe0usiP2NCcTbP<\/strong><\/h2>\n<h2><span style=\"color: #008000;\"><strong>https:\/\/www.passline.com\/eventos\/te-aviso-te-anuncio-live-show-tributo-a-shakira-by-marina-pinal<\/strong><\/span><\/h2>\n<h2><em><strong><span style=\"color: #000080;\">Fotos Marina Pinal:<\/span> <span style=\"color: #800080;\">Prensa Mariana Guerrero (2025)<\/span><\/strong><\/em><\/h2>\n<h2 style=\"text-align: center;\"><\/h2>\n<h2 style=\"text-align: center;\"><\/h2>\n","protected":false},"excerpt":{"rendered":"<p>La cantante, bailarina y actriz presentar\u00e1 \u201cTe aviso Te anuncio Live Show \u2013 Tributo a Shakira\u201d en el \u201cEspacio Arena\u201d del Complejo La Plaza este viernes a las 20:45. Una semana antes,\u00a0 la artista habl\u00f3 con este medio sobre dicho espect\u00e1culo y su extensa carrera creativa.<\/p>\n","protected":false},"author":1,"featured_media":2841,"comment_status":"closed","ping_status":"open","sticky":false,"template":"","format":"standard","meta":{"footnotes":""},"categories":[4,6],"tags":[],"class_list":["post-2832","post","type-post","status-publish","format-standard","has-post-thumbnail","hentry","category-entrevistas","category-lanzamientos"],"_links":{"self":[{"href":"http:\/\/noticias1440.com.ar\/index.php?rest_route=\/wp\/v2\/posts\/2832","targetHints":{"allow":["GET"]}}],"collection":[{"href":"http:\/\/noticias1440.com.ar\/index.php?rest_route=\/wp\/v2\/posts"}],"about":[{"href":"http:\/\/noticias1440.com.ar\/index.php?rest_route=\/wp\/v2\/types\/post"}],"author":[{"embeddable":true,"href":"http:\/\/noticias1440.com.ar\/index.php?rest_route=\/wp\/v2\/users\/1"}],"replies":[{"embeddable":true,"href":"http:\/\/noticias1440.com.ar\/index.php?rest_route=%2Fwp%2Fv2%2Fcomments&post=2832"}],"version-history":[{"count":7,"href":"http:\/\/noticias1440.com.ar\/index.php?rest_route=\/wp\/v2\/posts\/2832\/revisions"}],"predecessor-version":[{"id":2873,"href":"http:\/\/noticias1440.com.ar\/index.php?rest_route=\/wp\/v2\/posts\/2832\/revisions\/2873"}],"wp:featuredmedia":[{"embeddable":true,"href":"http:\/\/noticias1440.com.ar\/index.php?rest_route=\/wp\/v2\/media\/2841"}],"wp:attachment":[{"href":"http:\/\/noticias1440.com.ar\/index.php?rest_route=%2Fwp%2Fv2%2Fmedia&parent=2832"}],"wp:term":[{"taxonomy":"category","embeddable":true,"href":"http:\/\/noticias1440.com.ar\/index.php?rest_route=%2Fwp%2Fv2%2Fcategories&post=2832"},{"taxonomy":"post_tag","embeddable":true,"href":"http:\/\/noticias1440.com.ar\/index.php?rest_route=%2Fwp%2Fv2%2Ftags&post=2832"}],"curies":[{"name":"wp","href":"https:\/\/api.w.org\/{rel}","templated":true}]}}