{"id":2728,"date":"2025-08-06T22:57:10","date_gmt":"2025-08-06T22:57:10","guid":{"rendered":"https:\/\/noticias1440.com.ar\/?p=2728"},"modified":"2025-08-22T09:24:54","modified_gmt":"2025-08-22T09:24:54","slug":"los-autenticos-decadentes-anunciaron-en-el-club-lucille-su-gira-mundial-mi-vida-loca-30-anos-la-fiesta-inolvidable","status":"publish","type":"post","link":"http:\/\/noticias1440.com.ar\/?p=2728","title":{"rendered":"Los Aut\u00e9nticos Decadentes anunciaron en el Club Lucille su gira mundial \u201cMi Vida Loca \u2013 30 A\u00f1os\u201d: La Fiesta Inolvidable"},"content":{"rendered":"<h2 style=\"text-align: center;\">La formaci\u00f3n creada en 1986 confirm\u00f3 en el local palermitano un tour que recorrer\u00e1 todo el pa\u00eds, M\u00e9xico, Espa\u00f1a, Francia, Reino Unido y Alemania, para refrendar esa grabaci\u00f3n, la cual ser\u00e1 reeditada en un vinilo doble con tres temas en versiones sinf\u00f3nicas in\u00e9ditas.<\/h2>\n<p><!--more--><\/p>\n<h2 style=\"text-align: center;\"><a href=\"http:\/\/noticias1440.com.ar\/wp-content\/uploads\/2025\/08\/Los-Autentiicos-Decadentes-Lucille-06-08-2025-Foto-Gabriel-Imparato-A01.jpg\"><img loading=\"lazy\" decoding=\"async\" class=\"wp-image-2732 aligncenter\" src=\"http:\/\/noticias1440.com.ar\/wp-content\/uploads\/2025\/08\/Los-Autentiicos-Decadentes-Lucille-06-08-2025-Foto-Gabriel-Imparato-A01-300x151.jpg\" alt=\"\" width=\"914\" height=\"460\" srcset=\"http:\/\/noticias1440.com.ar\/wp-content\/uploads\/2025\/08\/Los-Autentiicos-Decadentes-Lucille-06-08-2025-Foto-Gabriel-Imparato-A01-300x151.jpg 300w, http:\/\/noticias1440.com.ar\/wp-content\/uploads\/2025\/08\/Los-Autentiicos-Decadentes-Lucille-06-08-2025-Foto-Gabriel-Imparato-A01-1024x516.jpg 1024w, http:\/\/noticias1440.com.ar\/wp-content\/uploads\/2025\/08\/Los-Autentiicos-Decadentes-Lucille-06-08-2025-Foto-Gabriel-Imparato-A01-768x387.jpg 768w, http:\/\/noticias1440.com.ar\/wp-content\/uploads\/2025\/08\/Los-Autentiicos-Decadentes-Lucille-06-08-2025-Foto-Gabriel-Imparato-A01.jpg 1196w\" sizes=\"auto, (max-width: 914px) 100vw, 914px\" \/><\/a><\/h2>\n<h2 style=\"text-align: center;\"><a href=\"http:\/\/noticias1440.com.ar\/wp-content\/uploads\/2025\/08\/NOMBRE-PARA-SITIO-WEB-3-5.jpg\"><img loading=\"lazy\" decoding=\"async\" class=\"size-medium wp-image-2731 alignleft\" src=\"http:\/\/noticias1440.com.ar\/wp-content\/uploads\/2025\/08\/NOMBRE-PARA-SITIO-WEB-3-5-300x61.jpg\" alt=\"\" width=\"300\" height=\"61\" srcset=\"http:\/\/noticias1440.com.ar\/wp-content\/uploads\/2025\/08\/NOMBRE-PARA-SITIO-WEB-3-5-300x61.jpg 300w, http:\/\/noticias1440.com.ar\/wp-content\/uploads\/2025\/08\/NOMBRE-PARA-SITIO-WEB-3-5.jpg 359w\" sizes=\"auto, (max-width: 300px) 100vw, 300px\" \/><\/a><\/h2>\n<h2 style=\"text-align: center;\"><\/h2>\n<p>&nbsp;<\/p>\n<p>&nbsp;<\/p>\n<h2 style=\"text-align: center;\"><strong>(Capital Federal \u2013 Mi\u00e9rcoles 06 de Agosto de 2025)<\/strong> A diferencia de una gran mayor\u00eda de artistas cuyo tercer \u00e1lbum obr\u00f3 como una frontera dividiendo un crecimiento progresivo\u00a0 con el fogonazo de masividad con gran \u00e9xito internacional,<strong> \u201cLos Aut\u00e9nticos Decadentes\u201d<\/strong> debieron aguardar un disco m\u00e1s para vivir esa fant\u00e1stica sensaci\u00f3n de concebir un nuevo proyecto y lograr esa respuesta amplificada exponencialmente a nivel internacional. Ese registro fue <strong>\u201cMi Vida Loca\u201d<\/strong>, trascendental grabaci\u00f3n que los catapult\u00f3 de una explosiva forma a lugares como M\u00e9xico, adem\u00e1s de consolidarlos a nivel nacional, donde dejaron de ser una numerosa banda en crecimiento, para finalmente establecerse como un grupo hecho y derecho que despej\u00f3 cualquier duda entre sus m\u00e1s acerbos cr\u00edticos, alcanzando a pocos d\u00edas de publicar ese CD una marca record de ventas en el pa\u00eds.<\/h2>\n<h2 style=\"text-align: center;\"><a href=\"http:\/\/noticias1440.com.ar\/wp-content\/uploads\/2025\/08\/Los-Autentiicos-Decadentes-Lucille-06-08-2025-Foto-Juliana-Wainsztein-A13.jpg\"><img loading=\"lazy\" decoding=\"async\" class=\"wp-image-2746 aligncenter\" src=\"http:\/\/noticias1440.com.ar\/wp-content\/uploads\/2025\/08\/Los-Autentiicos-Decadentes-Lucille-06-08-2025-Foto-Juliana-Wainsztein-A13-300x150.jpg\" alt=\"\" width=\"912\" height=\"456\" srcset=\"http:\/\/noticias1440.com.ar\/wp-content\/uploads\/2025\/08\/Los-Autentiicos-Decadentes-Lucille-06-08-2025-Foto-Juliana-Wainsztein-A13-300x150.jpg 300w, http:\/\/noticias1440.com.ar\/wp-content\/uploads\/2025\/08\/Los-Autentiicos-Decadentes-Lucille-06-08-2025-Foto-Juliana-Wainsztein-A13-1024x513.jpg 1024w, http:\/\/noticias1440.com.ar\/wp-content\/uploads\/2025\/08\/Los-Autentiicos-Decadentes-Lucille-06-08-2025-Foto-Juliana-Wainsztein-A13-768x385.jpg 768w, http:\/\/noticias1440.com.ar\/wp-content\/uploads\/2025\/08\/Los-Autentiicos-Decadentes-Lucille-06-08-2025-Foto-Juliana-Wainsztein-A13.jpg 1200w\" sizes=\"auto, (max-width: 912px) 100vw, 912px\" \/><\/a><\/h2>\n<h2 style=\"text-align: center;\"><strong>\u201cMi Vida Loca\u201d<\/strong> es el trabajo que marc\u00f3 ese antes y despu\u00e9s de una carrera iniciada en 1986,\u00a0 una recordad publicaci\u00f3n que incluye \u00e9xitos como <strong>\u201cLa guitarra\u201d, \u201cCoraz\u00f3n\u201d y \u201cEl murguero\u201d<\/strong>, entre otros, dejando traslucir r\u00e1pido la maduraci\u00f3n de un conjunto que sac\u00f3 matr\u00edcula de fen\u00f3meno social y musical en 1995, \u00e9poca donde el pop mostraba subidas y bajadas, en medio del \u201crock fierita\u201d que a esa altura era tendencia nacional con artistas que luego fueron decayendo en las radios. A treinta a\u00f1os de aqu\u00e9l lanzamiento, <strong>\u201cLos Aut\u00e9nticos Decadentes\u201d<\/strong> no solo son una banda consagrada, sino tambi\u00e9n un referente ineludible de una \u00e9poca musical que actualmente est\u00e1 en la consideraci\u00f3n de aquellos que no hab\u00edan nacido cuando se public\u00f3 <strong>\u201cMi Vida Loca\u201d<\/strong>, o quienes en ese momento opinaban que <strong>\u201cLAD\u201d<\/strong> era una formaci\u00f3n que tocaba sin demasiada consistencia, o literalmente a los tumbos.<\/h2>\n<h2 style=\"text-align: center;\"><a href=\"http:\/\/noticias1440.com.ar\/wp-content\/uploads\/2025\/08\/Los-Autentiicos-Decadentes-Lucille-06-08-2025-Foto-Gabriel-Imparato-A03.jpg\"><img loading=\"lazy\" decoding=\"async\" class=\"wp-image-2734 aligncenter\" src=\"http:\/\/noticias1440.com.ar\/wp-content\/uploads\/2025\/08\/Los-Autentiicos-Decadentes-Lucille-06-08-2025-Foto-Gabriel-Imparato-A03-300x151.jpg\" alt=\"\" width=\"916\" height=\"461\" srcset=\"http:\/\/noticias1440.com.ar\/wp-content\/uploads\/2025\/08\/Los-Autentiicos-Decadentes-Lucille-06-08-2025-Foto-Gabriel-Imparato-A03-300x151.jpg 300w, http:\/\/noticias1440.com.ar\/wp-content\/uploads\/2025\/08\/Los-Autentiicos-Decadentes-Lucille-06-08-2025-Foto-Gabriel-Imparato-A03-1024x514.jpg 1024w, http:\/\/noticias1440.com.ar\/wp-content\/uploads\/2025\/08\/Los-Autentiicos-Decadentes-Lucille-06-08-2025-Foto-Gabriel-Imparato-A03.jpg 1192w\" sizes=\"auto, (max-width: 916px) 100vw, 916px\" \/><\/a><\/h2>\n<h2 style=\"text-align: center;\">Despu\u00e9s de su exitosa aparici\u00f3n en el festival <strong>\u201cQuilmes Rock 2025\u201d<\/strong>, donde fueron protagonistas de la tercera jornada de shows, el grupo se tom\u00f3 unas pocas semanas de descanso para recargar las bater\u00edas y acomodar la log\u00edstica de la gran gira mundial que finalmente anunciaron anoche en el <strong>\u201cClub Lucille\u201d<\/strong>, con motivo del trig\u00e9simo aniversario de aquella publicaci\u00f3n musical que los puso de una forma muy merecida en un espacio del que jam\u00e1s descendieron. El local palermitano que est\u00e1 en Gorriti casi Humbolt luc\u00eda desbordado de medios de comunicaci\u00f3n, influencers y los amigos del conjunto, quienes degustaron un destacado c\u00f3ctel previa a la conferencia anunciada, que la numerosa banda ofreci\u00f3 para brindar novedades realmente muy importantes despu\u00e9s de su muy destacada participaci\u00f3n festival en el festival realizado por la productora <strong>\u201cPop Art\u201d<\/strong> en el <strong>Complejo Tecn\u00f3polis<\/strong>, donde m\u00e1s de 45 mil personas los vieron en uno de los escenarios centrales, concretando una destacada recorrida en su repertorio por sus m\u00e1s grandes \u00e9xitos.<\/h2>\n<h2 style=\"text-align: center;\"><a href=\"http:\/\/noticias1440.com.ar\/wp-content\/uploads\/2025\/08\/Los-Autentiicos-Decadentes-Lucille-06-08-2025-Foto-Gabriel-Imparato-A06.jpg\"><img loading=\"lazy\" decoding=\"async\" class=\"wp-image-2737 aligncenter\" src=\"http:\/\/noticias1440.com.ar\/wp-content\/uploads\/2025\/08\/Los-Autentiicos-Decadentes-Lucille-06-08-2025-Foto-Gabriel-Imparato-A06-300x147.jpg\" alt=\"\" width=\"910\" height=\"446\" srcset=\"http:\/\/noticias1440.com.ar\/wp-content\/uploads\/2025\/08\/Los-Autentiicos-Decadentes-Lucille-06-08-2025-Foto-Gabriel-Imparato-A06-300x147.jpg 300w, http:\/\/noticias1440.com.ar\/wp-content\/uploads\/2025\/08\/Los-Autentiicos-Decadentes-Lucille-06-08-2025-Foto-Gabriel-Imparato-A06-1024x503.jpg 1024w, http:\/\/noticias1440.com.ar\/wp-content\/uploads\/2025\/08\/Los-Autentiicos-Decadentes-Lucille-06-08-2025-Foto-Gabriel-Imparato-A06-768x377.jpg 768w, http:\/\/noticias1440.com.ar\/wp-content\/uploads\/2025\/08\/Los-Autentiicos-Decadentes-Lucille-06-08-2025-Foto-Gabriel-Imparato-A06.jpg 1199w\" sizes=\"auto, (max-width: 910px) 100vw, 910px\" \/><\/a><\/h2>\n<h2 style=\"text-align: center;\">Con la presencia de una moderadora que obra como enlace entre la productora <strong>Pop Art<\/strong>, el sello <strong>Sony Music Argentina<\/strong> y los m\u00fasicos, se conoci\u00f3 que en pocos d\u00edas se publicar\u00e1 una edici\u00f3n del disco <strong>\u201cMi Vida Loca\u201d (30 Aniversario)<\/strong>, con dos vinilos, audio remasterizado y como gran anexo tres versiones sinf\u00f3nicas de temas de ese trabajo, que la famosa formaci\u00f3n grab\u00f3 en vivo junto a la <strong>Filarm\u00f3nica de Mendoza<\/strong>, dirigida por <strong>Popi Spatocco<\/strong>, recordado arreglador y director musical de la cantante tucumana <strong>Mercedes Sosa<\/strong>. Como Adelanto \u00a0de esta salida en formato de 180 gramos con nuevo material, pudo verse el clip de la actuaci\u00f3n ocurrida en suelo provincial con el tema <strong>\u201cEl p\u00e1jaro vio el cielo y se vol\u00f3\u201d<\/strong>, primer corte de la nueva edici\u00f3n en formato 2025 de este recordado \u00e1lbum. Durante toda la velada se conocer\u00edan otras novedades del grupo, entre ellas el lanzamiento de un vino llamado <strong>\u201cMi Vida Loca\u201d<\/strong>, <em>una edici\u00f3n exclusiva de Cabernet Franc, desarrollado junto a Bodega Las Perdices para su l\u00ednea \u201cRock &amp; Perdices\u201d<\/em>, que la concurrencia pudo degustar durante toda la noche.<\/h2>\n<h2 style=\"text-align: center;\"><a href=\"http:\/\/noticias1440.com.ar\/wp-content\/uploads\/2025\/08\/Los-Autentiicos-Decadentes-Lucille-06-08-2025-Foto-Gabriel-Imparato-A05.jpg\"><img loading=\"lazy\" decoding=\"async\" class=\"wp-image-2736 aligncenter\" src=\"http:\/\/noticias1440.com.ar\/wp-content\/uploads\/2025\/08\/Los-Autentiicos-Decadentes-Lucille-06-08-2025-Foto-Gabriel-Imparato-A05-300x156.jpg\" alt=\"\" width=\"913\" height=\"475\" srcset=\"http:\/\/noticias1440.com.ar\/wp-content\/uploads\/2025\/08\/Los-Autentiicos-Decadentes-Lucille-06-08-2025-Foto-Gabriel-Imparato-A05-300x156.jpg 300w, http:\/\/noticias1440.com.ar\/wp-content\/uploads\/2025\/08\/Los-Autentiicos-Decadentes-Lucille-06-08-2025-Foto-Gabriel-Imparato-A05-1024x532.jpg 1024w, http:\/\/noticias1440.com.ar\/wp-content\/uploads\/2025\/08\/Los-Autentiicos-Decadentes-Lucille-06-08-2025-Foto-Gabriel-Imparato-A05-768x399.jpg 768w, http:\/\/noticias1440.com.ar\/wp-content\/uploads\/2025\/08\/Los-Autentiicos-Decadentes-Lucille-06-08-2025-Foto-Gabriel-Imparato-A05.jpg 1182w\" sizes=\"auto, (max-width: 913px) 100vw, 913px\" \/><\/a><\/h2>\n<h2 style=\"text-align: center;\">En el <strong>Club Lucille<\/strong> pasadas las 20:00 horas no cab\u00eda un alma para un evento social que por sus caracter\u00edsticas se presagiaba plenamente emotivo y con una enorme carga de fantas\u00eda y entusiasmo desbordado. <strong>Los Aut\u00e9nticos Decadentes<\/strong> decidieron iniciar formalmente la temporada de celebraciones por los 30 a\u00f1os de <strong>\u201cMi Vida Loca\u201d<\/strong>. Este encuentro realizado en un \u00e1mbito muy c\u00e1lido y entretenido, no solo reuni\u00f3 una importante cantidad de medios e influencers, sino tambi\u00e9n numerosos allegados a la banda, quienes acompa\u00f1aron a esta formaci\u00f3n desde sus comienzos. Aunque las fechas ya figuraban en una pantalla ubicada detr\u00e1s del escenario, que obligaba a colocar dos displays distintos para poder contener la totalidad de conciertos que llevar\u00e1n a cabo, la moderadora del evento nombr\u00f3 en primer lugar el que p<em>ondr\u00e1 en marcha esta extensa tourn\u00e9e, previsto el viernes 15 de agosto en Montevideo, Uruguay<\/em>, arrancando una secuencia que se extender\u00e1 por Argentina, Per\u00fa, Paraguay y M\u00e9xico en lo que resta de 2025.\u00a0 Ya en 2026, luego de algunas fechas en las costas de nuestra naci\u00f3n, llegar\u00e1n varias fechas confirmadas en Chile, Espa\u00f1a, Alemania, Francia y el Reino Unido. <strong>En Buenos Aires las fechas de los d\u00edas 26 y 27 de septiembre en el Movistar Arena Buenos Aires<\/strong> se vendieron muy velozmente, a tal punto que las del segundo concierto en el estadio moderno de Villa Crespo encuentran totalmente agotadas.<\/h2>\n<h2 style=\"text-align: center;\"><a href=\"http:\/\/noticias1440.com.ar\/wp-content\/uploads\/2025\/08\/Los-Autentiicos-Decadentes-Lucille-06-08-2025-Foto-Juliana-Wainsztein-A08-1.jpg\"><img loading=\"lazy\" decoding=\"async\" class=\"wp-image-2740 aligncenter\" src=\"http:\/\/noticias1440.com.ar\/wp-content\/uploads\/2025\/08\/Los-Autentiicos-Decadentes-Lucille-06-08-2025-Foto-Juliana-Wainsztein-A08-1-300x150.jpg\" alt=\"\" width=\"906\" height=\"453\" srcset=\"http:\/\/noticias1440.com.ar\/wp-content\/uploads\/2025\/08\/Los-Autentiicos-Decadentes-Lucille-06-08-2025-Foto-Juliana-Wainsztein-A08-1-300x150.jpg 300w, http:\/\/noticias1440.com.ar\/wp-content\/uploads\/2025\/08\/Los-Autentiicos-Decadentes-Lucille-06-08-2025-Foto-Juliana-Wainsztein-A08-1-1024x511.jpg 1024w, http:\/\/noticias1440.com.ar\/wp-content\/uploads\/2025\/08\/Los-Autentiicos-Decadentes-Lucille-06-08-2025-Foto-Juliana-Wainsztein-A08-1-768x383.jpg 768w, http:\/\/noticias1440.com.ar\/wp-content\/uploads\/2025\/08\/Los-Autentiicos-Decadentes-Lucille-06-08-2025-Foto-Juliana-Wainsztein-A08-1.jpg 1199w\" sizes=\"auto, (max-width: 906px) 100vw, 906px\" \/><\/a><\/h2>\n<h2 style=\"text-align: center;\">Por otra parte, pudo conocerse un anticipo de un documental sobre el disco <strong>\u201cMi Vida Loca\u201d<\/strong>, narrado por los propios m\u00fasicos, video que contendr\u00e1 muchas im\u00e1genes in\u00e9ditas de archivo, an\u00e9cdotas, testimonios de muy alto vuelo e incontables sorpresas de todos los colores, material que ser\u00e1 estrenado pr\u00f3ximamente por una plataforma de streaming, ni bien finalice la etapa de edici\u00f3n que actualmente est\u00e1 en sus \u00faltimos ajustes. Sum\u00e1ndose a las anteriores novedades y anuncios, tambi\u00e9n se conoci\u00f3 un aspecto inesperado para todos los fans de la legendaria formaci\u00f3n, al revelarse que en el universo decadente siempre hay lugar para sumar magia, pues <em>desde el Martes 5 de Agosto una l\u00ednea de taxis, intervenidos art\u00edsticamente por la banda, ya recorren las calles de Buenos Aires<\/em>, coment\u00e1ndose que dos unidades ploteadas con la art\u00edstica de ese m\u00edtico disco se encontraban estacionadas en la vereda del club musical para que la gente pudiese fotografiarlas. Al final de esta jornada, un afortunado que recibi\u00f3 un n\u00famero para participar, gan\u00f3 el sorteo de un viaje de regreso a su hogar en una de estas nuevas unidades, <em>manejada por el experimentado conductor <strong>Daniel Cavallo<\/strong><\/em>, quien no ocult\u00f3 su felicidad por participar de esta presentaci\u00f3n oficial, al saludar al p\u00fablico cuando fue presentado por toda la banda al comentarse la noticia.<\/h2>\n<h2 style=\"text-align: center;\"><a href=\"http:\/\/noticias1440.com.ar\/wp-content\/uploads\/2025\/08\/Los-Autentiicos-Decadentes-Lucille-06-08-2025-Foto-Gabriel-Imparato-A04.jpg\"><img loading=\"lazy\" decoding=\"async\" class=\"wp-image-2735 aligncenter\" src=\"http:\/\/noticias1440.com.ar\/wp-content\/uploads\/2025\/08\/Los-Autentiicos-Decadentes-Lucille-06-08-2025-Foto-Gabriel-Imparato-A04-300x150.jpg\" alt=\"\" width=\"912\" height=\"456\" srcset=\"http:\/\/noticias1440.com.ar\/wp-content\/uploads\/2025\/08\/Los-Autentiicos-Decadentes-Lucille-06-08-2025-Foto-Gabriel-Imparato-A04-300x150.jpg 300w, http:\/\/noticias1440.com.ar\/wp-content\/uploads\/2025\/08\/Los-Autentiicos-Decadentes-Lucille-06-08-2025-Foto-Gabriel-Imparato-A04-1024x512.jpg 1024w, http:\/\/noticias1440.com.ar\/wp-content\/uploads\/2025\/08\/Los-Autentiicos-Decadentes-Lucille-06-08-2025-Foto-Gabriel-Imparato-A04-768x384.jpg 768w, http:\/\/noticias1440.com.ar\/wp-content\/uploads\/2025\/08\/Los-Autentiicos-Decadentes-Lucille-06-08-2025-Foto-Gabriel-Imparato-A04.jpg 1195w\" sizes=\"auto, (max-width: 912px) 100vw, 912px\" \/><\/a><\/h2>\n<h2 style=\"text-align: center;\">Seguidamente lleg\u00f3 el tramo previsto con las preguntas de los medios que los m\u00fasicos en ese momento respondieron muy fieles a su forma de analizar las cosas. Consultados sobre c\u00f3mo fue reencontrarse con este recordado \u00e1lbum a 30 a\u00f1os de su publicaci\u00f3n, <strong>Gustavo \u201cCucho\u201d Parisi<\/strong> sostuvo que<em> \u201csin dudas \u201cMi Vida Loca\u201d es un disco bisagra, que marc\u00f3 un antes y un despu\u00e9s. Luego empezamos a tocar mejor, muy de a poco. Nos hicimos en el escenario, obviamente. Y este disco tambi\u00e9n tuvo la magia de grabarse afuera, en Estados Unidos, que le dio un sonido muy internacional. Tiene muchas canciones, muchos lados B que no se conocen por ah\u00ed y los lados A que son hits para toda la vida, \u00bfn\u00f3?, entonces es un disco que nos enorgullece. En esa movida, 95, 96, estaba todo el auge del rock en espa\u00f1ol. Y hab\u00eda toda una movida, hasta pol\u00edtica, con la m\u00fasica. Nosotros, totalmente apol\u00edticos siempre, pero con nuestra pol\u00edtica de la energ\u00eda tropical. Y entonces, este disco es dis\u00edmil, con los ritmos, con todo, pero tiene algo conceptual, si quer\u00e9s buscarlo. Hay algo, una magia que une las canciones\u201d<\/em>.<\/h2>\n<h2 style=\"text-align: center;\"><a href=\"http:\/\/noticias1440.com.ar\/wp-content\/uploads\/2025\/08\/Los-Autentiicos-Decadentes-Lucille-06-08-2025-Foto-Juliana-Wainsztein-A12.jpg\"><img loading=\"lazy\" decoding=\"async\" class=\"wp-image-2742 aligncenter\" src=\"http:\/\/noticias1440.com.ar\/wp-content\/uploads\/2025\/08\/Los-Autentiicos-Decadentes-Lucille-06-08-2025-Foto-Juliana-Wainsztein-A12-300x150.jpg\" alt=\"\" width=\"922\" height=\"461\" srcset=\"http:\/\/noticias1440.com.ar\/wp-content\/uploads\/2025\/08\/Los-Autentiicos-Decadentes-Lucille-06-08-2025-Foto-Juliana-Wainsztein-A12-300x150.jpg 300w, http:\/\/noticias1440.com.ar\/wp-content\/uploads\/2025\/08\/Los-Autentiicos-Decadentes-Lucille-06-08-2025-Foto-Juliana-Wainsztein-A12-1024x513.jpg 1024w, http:\/\/noticias1440.com.ar\/wp-content\/uploads\/2025\/08\/Los-Autentiicos-Decadentes-Lucille-06-08-2025-Foto-Juliana-Wainsztein-A12-768x385.jpg 768w, http:\/\/noticias1440.com.ar\/wp-content\/uploads\/2025\/08\/Los-Autentiicos-Decadentes-Lucille-06-08-2025-Foto-Juliana-Wainsztein-A12.jpg 1198w\" sizes=\"auto, (max-width: 922px) 100vw, 922px\" \/><\/a><\/h2>\n<h2 style=\"text-align: center;\"><strong>Diego \u201cCebolla\u201d Demarco<\/strong> record\u00f3 que <em>\u201ces un disco muy especial, estuvo, por ejemplo, rankeado en MTV, que fue el canal que nos abri\u00f3 las puertas a toda Latinoam\u00e9rica, hay que reconocerlo y agradecerle siempre, que \u201cLa guitarra\u201d fue n\u00famero uno, en la radio el tema fue ubicaci\u00f3n 1 durante seis semanas, n\u00famero uno, \u201cCoraz\u00f3n\u201d. Tambi\u00e9n le pusimos, por ejemplo, onda a los ritmos que estaban para abajo, esos a los que no le daban bola, como la cumbia y la murga, no era la murga como la ves hoy. Algo ya popular, que todo el mundo se mete en una murga, la familia quedaba como abandonada. Y para nosotros fue un orgullo. Porque hicimos cosas sin pensar en que se iba a pegar o no. Lo hicimos porque nos gustaba a nosotros. Y nuestro prop\u00f3sito era que nos emocione a nosotros\u00a0 y ah\u00ed s\u00ed poder devolverle todo a la gente\u201d.\u00a0 As\u00ed que siempre cre\u00edmos en lo que por ah\u00ed no estaba de moda, no pasaba, seguimos nuestros instintos\u201d<\/em>. Seguidamente, un movilero les pregunt\u00f3 sobre la \u201cf\u00f3rmula\u201d del grupo para perdurar con todos sus ingredientes, todos sus puntos de construcci\u00f3n y todo el fen\u00f3meno de las giras. En ese momento <strong>Mart\u00edn \u201cMoska\u201d Lorenzo<\/strong> indic\u00f3 que <em>\u201cno lo contamos, preg\u00fantale a Coca-Cola la f\u00f3rmula de la gaseosa a ver si se te la cuentan. Bueno, yo una parte la s\u00e9, \u00bfvos la sab\u00e9s? nosotros ya la contamos, \u00bfla sab\u00e9s o no?\u201d<\/em>(risas).<\/h2>\n<h2 style=\"text-align: center;\"><a href=\"http:\/\/noticias1440.com.ar\/wp-content\/uploads\/2025\/08\/Los-Autentiicos-Decadentes-Lucille-06-08-2025-Foto-Gabriel-Imparato-A02.jpg\"><img loading=\"lazy\" decoding=\"async\" class=\"wp-image-2733 aligncenter\" src=\"http:\/\/noticias1440.com.ar\/wp-content\/uploads\/2025\/08\/Los-Autentiicos-Decadentes-Lucille-06-08-2025-Foto-Gabriel-Imparato-A02-300x150.jpg\" alt=\"\" width=\"918\" height=\"459\" srcset=\"http:\/\/noticias1440.com.ar\/wp-content\/uploads\/2025\/08\/Los-Autentiicos-Decadentes-Lucille-06-08-2025-Foto-Gabriel-Imparato-A02-300x150.jpg 300w, http:\/\/noticias1440.com.ar\/wp-content\/uploads\/2025\/08\/Los-Autentiicos-Decadentes-Lucille-06-08-2025-Foto-Gabriel-Imparato-A02-1024x511.jpg 1024w, http:\/\/noticias1440.com.ar\/wp-content\/uploads\/2025\/08\/Los-Autentiicos-Decadentes-Lucille-06-08-2025-Foto-Gabriel-Imparato-A02-768x383.jpg 768w, http:\/\/noticias1440.com.ar\/wp-content\/uploads\/2025\/08\/Los-Autentiicos-Decadentes-Lucille-06-08-2025-Foto-Gabriel-Imparato-A02.jpg 1199w\" sizes=\"auto, (max-width: 918px) 100vw, 918px\" \/><\/a><\/h2>\n<h2 style=\"text-align: center;\">Despu\u00e9s de la conferencia ofrecida por la banda lleg\u00f3 el sorteo del viaje en el veh\u00edculo ploteado con la ic\u00f3nica tapa de <strong>\u201cMi Vida Loca\u201d<\/strong>, mientras los m\u00fasicos se preparaban sobre el escenario del <strong>\u201cClub Lucille\u201d<\/strong> para coronar ese encuentro social con un concierto fiel a su esp\u00edritu art\u00edstico en estas casi cuatro d\u00e9cadas de carrera. El repaso por ese disco con caracter\u00edsticas hist\u00f3ricas\u00a0 comenz\u00f3 como era de esperar con <strong>\u201cLa guitarra\u201d<\/strong>, aqu\u00e9l hit que en su video contaba con la presencia del comentarista deportivo <strong>Guillermo Nimo<\/strong>, un tema que abri\u00f3 el surco para la instalaci\u00f3n definitiva de la banda en todo el planeta. Esta secuencia evocativa continu\u00f3 con cl\u00e1sicos como <strong>\u201cMe mori de risa\u201d y \u201cAguinaldo\u201d<\/strong>, tras lo cual tocaron <strong>\u201cCoraz\u00f3n\u201d<\/strong>, un megahit en la voz de <strong>Jorge Serrano<\/strong>, recorrida que unos pocos minutos despu\u00e9s prosigui\u00f3 con <strong>\u201cDiosa\u201d, \u201cMil noches\u201d y \u201c El p\u00e1jaro vio el cielo y se vol\u00f3\u201d<\/strong>, tema que se conoci\u00f3 minutos antes en versi\u00f3n sinf\u00f3nica grabada en Mendoza. Este festejo y evocaci\u00f3n finaliz\u00f3 con <strong>\u201cEl murguero\u201d<\/strong>, mientras <strong>\u201cEl Truch\u201d<\/strong> bailaba con todos los m\u00fasicos sobre el escenario comandando el cierre de la fiesta decadente. La fiesta no se detendr\u00eda ah\u00ed pues, una vez finalizado este concierto evocativo, <strong>Gast\u00f3n Bernardou<\/strong> tom\u00f3 muy veloz control de las bandejas digitales y empez\u00f3 a pasar m\u00fasica para sostener la gran fiesta que <strong>Los Aut\u00e9nticos Decadentes<\/strong> propusieron, una velada dedicada al recuerdo de un \u00e1lbum con peso trascendental en la carrera del grupo y tambi\u00e9n para anunciar una gran gira mundial que comenzar\u00e1 en muy pocos d\u00edas <em>en la vecina orilla de Uruguay el pr\u00f3ximo Viernes 15 de Agosto<\/em>.<\/h2>\n<h2 style=\"text-align: center;\"><a href=\"http:\/\/noticias1440.com.ar\/wp-content\/uploads\/2025\/08\/Los-Autentiicos-Decadentes-Lucille-06-08-2025-Foto-Juliana-Wainsztein-A11.jpg\"><img loading=\"lazy\" decoding=\"async\" class=\"wp-image-2743 aligncenter\" src=\"http:\/\/noticias1440.com.ar\/wp-content\/uploads\/2025\/08\/Los-Autentiicos-Decadentes-Lucille-06-08-2025-Foto-Juliana-Wainsztein-A11-300x150.jpg\" alt=\"\" width=\"914\" height=\"457\" srcset=\"http:\/\/noticias1440.com.ar\/wp-content\/uploads\/2025\/08\/Los-Autentiicos-Decadentes-Lucille-06-08-2025-Foto-Juliana-Wainsztein-A11-300x150.jpg 300w, http:\/\/noticias1440.com.ar\/wp-content\/uploads\/2025\/08\/Los-Autentiicos-Decadentes-Lucille-06-08-2025-Foto-Juliana-Wainsztein-A11-1024x513.jpg 1024w, http:\/\/noticias1440.com.ar\/wp-content\/uploads\/2025\/08\/Los-Autentiicos-Decadentes-Lucille-06-08-2025-Foto-Juliana-Wainsztein-A11-768x385.jpg 768w, http:\/\/noticias1440.com.ar\/wp-content\/uploads\/2025\/08\/Los-Autentiicos-Decadentes-Lucille-06-08-2025-Foto-Juliana-Wainsztein-A11.jpg 1199w\" sizes=\"auto, (max-width: 914px) 100vw, 914px\" \/><\/a><\/h2>\n<h2 style=\"text-align: center;\"><span style=\"color: #993366;\"><strong>Fechas Tour \u201cMi Vida Loca 30 A\u00f1os \u2013 Temporada 2025\u201d<\/strong><\/span><\/h2>\n<h2 style=\"text-align: center;\">15\/8\/25 \u2013 Sitio Montevideo \u2013 Uruguay\u00a0 \/\/ 23\/8\/25 \u2013 Teatro Radio City \u2013 Mar del Plata \u2013 Argentina \/\/ 29\/8\/25 \u2013 Bioceres Arena \u2013 Rosario \u2013 Argentina\u00a0 \/\/ 6\/9\/25 \u2013 Complejo Auditorio Juan Victoria \u2013 San Juan \u2013 Argentina\u00a0 \/\/\u00a0 7\/9\/25 &#8211; Auditorio \u00c1ngel Bustelo &#8211; Mendoza \u2013 Argentina\u00a0 \/\/ 13\/9\/25 \u2013 Anfiteatro Parque de la Exposici\u00f3n &#8211; Lima \u2013 Per\u00fa\u00a0 \/\/\u00a0<strong>26\/9\/25 \u2013 Movistar Arena \u2013 Buenos Aires \u2013 Argentina\u00a0 \/\/ 27\/9\/25 &#8211; Movistar Arena \u2013 Buenos Aires \u2013 Argentina\u00a0<\/strong> \/\/ 3\/10\/25 \u2013 Teatro de la Ciudad &#8211; San Luis &#8211; Potosi &#8211; M\u00e9xico\u00a0\u00a0\/\/ 5\/10\/25 \u2013 Foro Arpa Queteraro \u2013 M\u00e9xico\u00a0 \/\/ 17\/10\/25 \u2013 Teatro San Carlos &#8211; Junin \u2013 Argentina\u00a0 \/\/ 18\/10\/25 \u2013 Hip\u00f3dromo de la Plata \u2013 Argentina\u00a0 \/\/ 25\/10\/25 \u2013 Puerto de Asunci\u00f3n \u2013 Paraguay\u00a0 \/\/ 7\/11\/25 &#8211; Estadio Harp Helu \u2013 Ciudad de M\u00e9xico \u2013 M\u00e9xico\u00a0 \/\/\u00a0\u00a020\/11 \u2013 Gimnasio Universitario Ciudad Ju\u00e1rez \u2013 M\u00e9xico\u00a0 \/\/ 22\/11\/25 \u2013 El Foro \u2013 Tijuana \u2013 M\u00e9xico\u00a0 \/\/ 23\/11\/25 \u2013 Hip\u00f3dromo de Hermosillo \u2013 M\u00e9xico\u00a0 \/\/ 27\/11\/25 &#8211; Auditorio Coca Cola \u2013 Isla M\u00e9rida \u2013 M\u00e9xico\u00a0 \/\/ 28\/11\/25 \u2013 Auditorio Stoa &#8211; Canc\u00fan \u2013 M\u00e9xico\u00a0 \/\/\u00a0\u00a029\/11\/25 &#8211; Escenario GNP Seguros &#8211; Monterrey \u2013 M\u00e9xico\u00a0 \/\/ 30\/11\/25 &#8211; Auditorio Telmex &#8211; Guadalajara \u2013 M\u00e9xico<\/h2>\n<h2 style=\"text-align: center;\"><a href=\"http:\/\/noticias1440.com.ar\/wp-content\/uploads\/2025\/08\/Los-Autentiicos-Decadentes-Lucille-06-08-2025-Foto-Gabriel-Imparato-A07.jpg\"><img loading=\"lazy\" decoding=\"async\" class=\"wp-image-2738 aligncenter\" src=\"http:\/\/noticias1440.com.ar\/wp-content\/uploads\/2025\/08\/Los-Autentiicos-Decadentes-Lucille-06-08-2025-Foto-Gabriel-Imparato-A07-300x151.jpg\" alt=\"\" width=\"918\" height=\"462\" srcset=\"http:\/\/noticias1440.com.ar\/wp-content\/uploads\/2025\/08\/Los-Autentiicos-Decadentes-Lucille-06-08-2025-Foto-Gabriel-Imparato-A07-300x151.jpg 300w, http:\/\/noticias1440.com.ar\/wp-content\/uploads\/2025\/08\/Los-Autentiicos-Decadentes-Lucille-06-08-2025-Foto-Gabriel-Imparato-A07-1024x515.jpg 1024w, http:\/\/noticias1440.com.ar\/wp-content\/uploads\/2025\/08\/Los-Autentiicos-Decadentes-Lucille-06-08-2025-Foto-Gabriel-Imparato-A07-768x387.jpg 768w, http:\/\/noticias1440.com.ar\/wp-content\/uploads\/2025\/08\/Los-Autentiicos-Decadentes-Lucille-06-08-2025-Foto-Gabriel-Imparato-A07.jpg 1200w\" sizes=\"auto, (max-width: 918px) 100vw, 918px\" \/><\/a><\/h2>\n<h2 style=\"text-align: center;\"><span style=\"color: #008000;\"><strong>Fechas Tour \u201cMi Vida Loca 30 A\u00f1os \u2013 Temporada 2026\u201d (Primeras fechas confirmadas para el pr\u00f3ximo a\u00f1o)<\/strong><\/span><\/h2>\n<h2 style=\"text-align: center;\">07\/02\/26 \u2013 Movistar Arena &#8211; Santiago \u2013 Chile\u00a0 \/\/\u00a0 14\/04\/26 &#8211; Sala Capitol \u2013 Santiago de Compostela \u2013 Espa\u00f1a\u00a0 \/\/ 17\/04\/26 &#8211; Sala Paris 15 &#8211; M\u00e1laga \u2013 Espa\u00f1a\u00a0 \/\/ 18\/04\/26 &#8211; Es Gremi &#8211; Mallorca \u2013 Espa\u00f1a\u00a0 \/\/ 19\/4\/26 &#8211; Razzmatazz 1 &#8211; Barcelona \u2013 Espa\u00f1a\u00a0 \/\/ 21\/4\/26 \u2013 Sala Moon &#8211; Valencia \u2013 Espa\u00f1a\u00a0 \/\/ 22\/4\/26 &#8211; Sala La Riviera &#8211; Madrid \u2013 Espa\u00f1a\u00a0 \/\/ 23\/4\/26 \u2013 Huxley Neue Welt &#8211; Berlin \u2013 Alemania\u00a0 \/\/ 24\/4\/26 &#8211; Electric Brixton &#8211; Londres \u2013 Reino Unido\u00a0 \/\/ 26\/4\/26 \u2013 Teatro Le Bataclan &#8211; Paris \u2013 Francia<\/h2>\n<p><a href=\"http:\/\/noticias1440.com.ar\/wp-content\/uploads\/2025\/08\/Autenticos-Decadentes-Foto-Juliana-Wainzstein-2025.jpg\"><img loading=\"lazy\" decoding=\"async\" class=\"wp-image-2785 aligncenter\" src=\"http:\/\/noticias1440.com.ar\/wp-content\/uploads\/2025\/08\/Autenticos-Decadentes-Foto-Juliana-Wainzstein-2025-300x150.jpg\" alt=\"\" width=\"910\" height=\"455\" srcset=\"http:\/\/noticias1440.com.ar\/wp-content\/uploads\/2025\/08\/Autenticos-Decadentes-Foto-Juliana-Wainzstein-2025-300x150.jpg 300w, http:\/\/noticias1440.com.ar\/wp-content\/uploads\/2025\/08\/Autenticos-Decadentes-Foto-Juliana-Wainzstein-2025-1024x512.jpg 1024w, http:\/\/noticias1440.com.ar\/wp-content\/uploads\/2025\/08\/Autenticos-Decadentes-Foto-Juliana-Wainzstein-2025-768x384.jpg 768w, http:\/\/noticias1440.com.ar\/wp-content\/uploads\/2025\/08\/Autenticos-Decadentes-Foto-Juliana-Wainzstein-2025.jpg 1197w\" sizes=\"auto, (max-width: 910px) 100vw, 910px\" \/><\/a><\/p>\n<h2 style=\"text-align: center;\"><\/h2>\n<h2 style=\"text-align: center;\"><strong>Los Aut\u00e9nticos Decadentes \u2013 \u201cClub Lucille\u201d \u2013 Martes 05 de Agosto de 2025<span style=\"color: #800080;\"> \u2013 (Setlist Completo): 01) La guitarra \u2013 02) Me mori de risa \u2013 03) Aguinaldo \u2013 04) Coraz\u00f3n \u2013 05) Diosa \u2013 06) Mil noches \u2013 07) El p\u00e1jaro vio el cielo y se vol\u00f3 \u2013 08) El murguero<\/span><\/strong><\/h2>\n<h2 style=\"text-align: center;\"><span style=\"color: #000080;\"><strong>Fotos Los Aut\u00e9nticos Decadentes \u2013 \u201cClub Lucille\u201d \u2013 Martes 05 Agosto 2025:<\/strong> <\/span><strong><span style=\"color: #ff0000;\">Juliana Wainsztein<\/span><\/strong> <span style=\"color: #ff0000;\"><strong>(Mangrullo Interior y Superpullman &#8211; Prensa LAD)<\/strong><\/span> \u2013 <span style=\"color: #000080;\"><strong>Fotos Show (Mangrullo exterior, merchandaising y toma nocturna unidad automotriz ploteada):<\/strong> <\/span><strong><span style=\"color: #0000ff;\">Gabriel Imparato (Agencia Noticias 1440)<\/span> <\/strong>\/\/ <span style=\"color: #993366;\"><strong>Una presentaci\u00f3n global de <span style=\"color: #008000;\">Pop Art Discos<\/span> y <span style=\"color: #000080;\">Sony Music Argentina<\/span> (2025)<\/strong><\/span><\/h2>\n<h2 style=\"text-align: center;\"><\/h2>\n<h2 style=\"text-align: center;\"><\/h2>\n<h2 style=\"text-align: center;\"><\/h2>\n<p>&nbsp;<\/p>\n<p>&nbsp;<\/p>\n","protected":false},"excerpt":{"rendered":"<p>La formaci\u00f3n creada en 1986 confirm\u00f3 en el local palermitano un tour que recorrer\u00e1 todo el pa\u00eds, M\u00e9xico, Espa\u00f1a, Francia, Reino Unido y Alemania, para refrendar esa grabaci\u00f3n, la cual ser\u00e1 reeditada en un vinilo doble con tres temas en versiones sinf\u00f3nicas in\u00e9ditas.<\/p>\n","protected":false},"author":1,"featured_media":2785,"comment_status":"closed","ping_status":"open","sticky":false,"template":"","format":"standard","meta":{"footnotes":""},"categories":[6],"tags":[],"class_list":["post-2728","post","type-post","status-publish","format-standard","has-post-thumbnail","hentry","category-lanzamientos"],"_links":{"self":[{"href":"http:\/\/noticias1440.com.ar\/index.php?rest_route=\/wp\/v2\/posts\/2728","targetHints":{"allow":["GET"]}}],"collection":[{"href":"http:\/\/noticias1440.com.ar\/index.php?rest_route=\/wp\/v2\/posts"}],"about":[{"href":"http:\/\/noticias1440.com.ar\/index.php?rest_route=\/wp\/v2\/types\/post"}],"author":[{"embeddable":true,"href":"http:\/\/noticias1440.com.ar\/index.php?rest_route=\/wp\/v2\/users\/1"}],"replies":[{"embeddable":true,"href":"http:\/\/noticias1440.com.ar\/index.php?rest_route=%2Fwp%2Fv2%2Fcomments&post=2728"}],"version-history":[{"count":6,"href":"http:\/\/noticias1440.com.ar\/index.php?rest_route=\/wp\/v2\/posts\/2728\/revisions"}],"predecessor-version":[{"id":2788,"href":"http:\/\/noticias1440.com.ar\/index.php?rest_route=\/wp\/v2\/posts\/2728\/revisions\/2788"}],"wp:featuredmedia":[{"embeddable":true,"href":"http:\/\/noticias1440.com.ar\/index.php?rest_route=\/wp\/v2\/media\/2785"}],"wp:attachment":[{"href":"http:\/\/noticias1440.com.ar\/index.php?rest_route=%2Fwp%2Fv2%2Fmedia&parent=2728"}],"wp:term":[{"taxonomy":"category","embeddable":true,"href":"http:\/\/noticias1440.com.ar\/index.php?rest_route=%2Fwp%2Fv2%2Fcategories&post=2728"},{"taxonomy":"post_tag","embeddable":true,"href":"http:\/\/noticias1440.com.ar\/index.php?rest_route=%2Fwp%2Fv2%2Ftags&post=2728"}],"curies":[{"name":"wp","href":"https:\/\/api.w.org\/{rel}","templated":true}]}}