{"id":2594,"date":"2025-07-27T15:34:40","date_gmt":"2025-07-27T15:34:40","guid":{"rendered":"https:\/\/noticias1440.com.ar\/?p=2594"},"modified":"2025-07-30T15:38:27","modified_gmt":"2025-07-30T15:38:27","slug":"otro-dia-perdido-mario-pergolini-quiere-revivir-a-la-television-pero-su-estructura-esta-muy-lejos-de-ayudarlo-en-ese-crucial-objetivo","status":"publish","type":"post","link":"http:\/\/noticias1440.com.ar\/?p=2594","title":{"rendered":"\u201cOtro D\u00eda Perdido\u201d: Mario Pergolini quiere revivir a la televisi\u00f3n, pero su estructura est\u00e1 muy lejos de ayudarlo en este crucial objetivo."},"content":{"rendered":"<h2 style=\"text-align: center;\">El conductor de \u201cCQC\u201d y \u201cAlgo Habr\u00e1n Hecho\u201d volvi\u00f3 a la pantalla chica tras 15 a\u00f1os de ausencia, una grata novedad dentro de un medio agonizante repleto de mediocres, flamante proyecto que en sus primeras diez entregas choc\u00f3 con integrantes y elementos que lo ayudaron poco y nada.<\/h2>\n<p><!--more--><\/p>\n<h2 style=\"text-align: center;\"><a href=\"http:\/\/noticias1440.com.ar\/wp-content\/uploads\/2025\/07\/Otro-Dia-Perdido-Foto-003-Vanesa-Bafaro-Prensa-El-Trece.jpg\"><img loading=\"lazy\" decoding=\"async\" class=\"wp-image-2600 aligncenter\" src=\"http:\/\/noticias1440.com.ar\/wp-content\/uploads\/2025\/07\/Otro-Dia-Perdido-Foto-003-Vanesa-Bafaro-Prensa-El-Trece-300x154.jpg\" alt=\"\" width=\"914\" height=\"469\" srcset=\"http:\/\/noticias1440.com.ar\/wp-content\/uploads\/2025\/07\/Otro-Dia-Perdido-Foto-003-Vanesa-Bafaro-Prensa-El-Trece-300x154.jpg 300w, http:\/\/noticias1440.com.ar\/wp-content\/uploads\/2025\/07\/Otro-Dia-Perdido-Foto-003-Vanesa-Bafaro-Prensa-El-Trece-1024x527.jpg 1024w, http:\/\/noticias1440.com.ar\/wp-content\/uploads\/2025\/07\/Otro-Dia-Perdido-Foto-003-Vanesa-Bafaro-Prensa-El-Trece-768x395.jpg 768w, http:\/\/noticias1440.com.ar\/wp-content\/uploads\/2025\/07\/Otro-Dia-Perdido-Foto-003-Vanesa-Bafaro-Prensa-El-Trece.jpg 1197w\" sizes=\"auto, (max-width: 914px) 100vw, 914px\" \/><\/a><\/h2>\n<h2 style=\"text-align: center;\"><a href=\"http:\/\/noticias1440.com.ar\/wp-content\/uploads\/2025\/07\/NOMBRE-PARA-SITIO-WEB-3-10.jpg\"><img loading=\"lazy\" decoding=\"async\" class=\"size-medium wp-image-2623 alignleft\" src=\"http:\/\/noticias1440.com.ar\/wp-content\/uploads\/2025\/07\/NOMBRE-PARA-SITIO-WEB-3-10-300x61.jpg\" alt=\"\" width=\"300\" height=\"61\" srcset=\"http:\/\/noticias1440.com.ar\/wp-content\/uploads\/2025\/07\/NOMBRE-PARA-SITIO-WEB-3-10-300x61.jpg 300w, http:\/\/noticias1440.com.ar\/wp-content\/uploads\/2025\/07\/NOMBRE-PARA-SITIO-WEB-3-10.jpg 359w\" sizes=\"auto, (max-width: 300px) 100vw, 300px\" \/><\/a><\/h2>\n<h2 style=\"text-align: center;\"><\/h2>\n<p>&nbsp;<\/p>\n<h2 style=\"text-align: center;\"><strong>(Capital Federal \u2013 Domingo 27 de Julio de 2025)<\/strong> La televisi\u00f3n abierta, esa a la que todos pueden acceder sin mucho m\u00e1s que un aparato y una antena para captarla, vive sin dudas la peor etapa de toda su historia por diversos y preocupantes motivos. Por un lado asoma la manipulaci\u00f3n que la pol\u00edtica hizo desde mediados de 2003, para convertirla con varias figuras de ese \u00e1mbito y empresarios afines, en inocultables unidades difusionales de sus ideolog\u00edas sin medir las consecuencias al respecto. En paralelo, la desesperaci\u00f3n de esos que buscando convertir sus se\u00f1ales en lugares exitosos, no midieron las reacciones que en estos tiempos puede provocar una se\u00f1al loteada entre productoras, buscan hacer su crucial maniobra con productos aborrecibles. La actual sociedad cada vez mira menos menos la \u201ccaja boba\u201d, atra\u00edda por el nuevo envase idiotizante, el cual viene en un formato port\u00e1til mucho m\u00e1s c\u00f3modo, embruteciendo a sectores de la poblaci\u00f3n que de proseguir con el intenso consumo, quedar\u00e1n m\u00e1s zombies y muertos en vida que los protagonistas de esos adefesios audiovisuales hechos para campos neuronales en permanente extinci\u00f3n. En este catastr\u00f3fico contexto actual, sorpresivamente <strong>Mario Daniel Pergolini<\/strong> decidi\u00f3 volver a la pantalla y dejar atr\u00e1s no solo sus recordadas afirmaciones del medio, sino esa promesa de no tropezar con una piedra que parece la excusa perfecta que tienen sus detractores, para seguir haciendo culto televisivo del odio instalado desde la pol\u00edtica.<\/h2>\n<h2 style=\"text-align: center;\"><a href=\"http:\/\/noticias1440.com.ar\/wp-content\/uploads\/2025\/07\/Otro-Dia-Perdido-Foto-008-Vanesa-Bafaro-Prensa-El-Trece.jpg\"><img loading=\"lazy\" decoding=\"async\" class=\"wp-image-2605 aligncenter\" src=\"http:\/\/noticias1440.com.ar\/wp-content\/uploads\/2025\/07\/Otro-Dia-Perdido-Foto-008-Vanesa-Bafaro-Prensa-El-Trece-300x151.jpg\" alt=\"\" width=\"910\" height=\"458\" srcset=\"http:\/\/noticias1440.com.ar\/wp-content\/uploads\/2025\/07\/Otro-Dia-Perdido-Foto-008-Vanesa-Bafaro-Prensa-El-Trece-300x151.jpg 300w, http:\/\/noticias1440.com.ar\/wp-content\/uploads\/2025\/07\/Otro-Dia-Perdido-Foto-008-Vanesa-Bafaro-Prensa-El-Trece-1024x514.jpg 1024w, http:\/\/noticias1440.com.ar\/wp-content\/uploads\/2025\/07\/Otro-Dia-Perdido-Foto-008-Vanesa-Bafaro-Prensa-El-Trece.jpg 1198w\" sizes=\"auto, (max-width: 910px) 100vw, 910px\" \/><\/a><\/h2>\n<h2 style=\"text-align: center;\">La llegada de <strong>\u201cOtro D\u00eda Perdido\u201d<\/strong> se da en duros tiempos donde la pantalla de <strong>\u201cEl Trece\u201d<\/strong> expone impiadosa a\u00f1os de haber mantenido una conducta err\u00e1tica, no reperfilar con gran sinton\u00eda su audiencia y apostar a manotazos de ahogado, que lejos de brindar un alivio al equipo de programaci\u00f3n, solo desnudaron un enorme festival de errores no forzados que la c\u00fapula programadora desat\u00f3 olvidando de manera bochornosa el detectable paladar del televidente. La franja nocturna, transformada en una parcela de horas loteadas entre varias productoras que rotan sus formatos, mantienen sus ganancias sin medir la dura erosi\u00f3n del formato en pantalla, \u00e9poca donde todo el tiempo hay que estar concursando a algo para sobrevivir en un pa\u00eds descuartizado por la villan\u00eda pol\u00edtica. Estos, por su parte, no parecen dispuestos a pagar las culpas por evidentes errores de la justicia o quienes tienen el poder de corregirlo, \u00e9poca donde la grilla de estos tiempos es un bloque de horas donde siempre la primera decisi\u00f3n ante el rechazo popular es mover los horarios de los ciclos, como si ese fuese el \u00fanico antibi\u00f3tico de mayor potencia para mejorar las garrafales metidas de pata programando un canal que supo ser elocuente l\u00edder en el viejo milenio.<\/h2>\n<h2 style=\"text-align: center;\"><a href=\"http:\/\/noticias1440.com.ar\/wp-content\/uploads\/2025\/07\/Otro-Dia-Perdido-Foto-007-Vanesa-Bafaro-Prensa-El-Trece.jpg\"><img loading=\"lazy\" decoding=\"async\" class=\"wp-image-2604 aligncenter\" src=\"http:\/\/noticias1440.com.ar\/wp-content\/uploads\/2025\/07\/Otro-Dia-Perdido-Foto-007-Vanesa-Bafaro-Prensa-El-Trece-300x151.jpg\" alt=\"\" width=\"912\" height=\"459\" srcset=\"http:\/\/noticias1440.com.ar\/wp-content\/uploads\/2025\/07\/Otro-Dia-Perdido-Foto-007-Vanesa-Bafaro-Prensa-El-Trece-300x151.jpg 300w, http:\/\/noticias1440.com.ar\/wp-content\/uploads\/2025\/07\/Otro-Dia-Perdido-Foto-007-Vanesa-Bafaro-Prensa-El-Trece-1024x515.jpg 1024w, http:\/\/noticias1440.com.ar\/wp-content\/uploads\/2025\/07\/Otro-Dia-Perdido-Foto-007-Vanesa-Bafaro-Prensa-El-Trece-768x386.jpg 768w, http:\/\/noticias1440.com.ar\/wp-content\/uploads\/2025\/07\/Otro-Dia-Perdido-Foto-007-Vanesa-Bafaro-Prensa-El-Trece.jpg 1194w\" sizes=\"auto, (max-width: 912px) 100vw, 912px\" \/><\/a><\/h2>\n<h2 style=\"text-align: center;\">La calesita de la retractaci\u00f3n permanente encuentra a esos oxidados ciclos, conducidos por <strong>Guido Kazka<\/strong> y <strong>Dar\u00edo Barassi<\/strong>, el primero famoso sus insufribles gritos y el segundo un batallador profesional que no termin\u00f3 de entender que lo suyo es conducir como puede hacerlo y n\u00f3 esos olvidables roles en la ficci\u00f3n, que no convencen ni al menos exigente en el campo actoral. Por eso que el conductor de <strong>\u201cCQC\u201d<\/strong> decida regresar a la se\u00f1al del solcito en esas l\u00fagubres condiciones buscando mejorar la franja prime time, sin dudas no necesita de un ic\u00f3nico como <strong>Mario Pergolini<\/strong>, sino del a\u00f1ejo y recordado equipo de <strong>\u201cSWAT\u201d con el ic\u00f3nico teniente Steve Forrest<\/strong> a la cabeza, con el objetivo central de purificar la brutal intoxicaci\u00f3n que vive un canal absolutamente saturado de personajes, tan impresentables y prescindibles, ocupando roles profesionales que ejercen con despampanante soberbia y nula autocr\u00edtica. La televisi\u00f3n nocturna sostiene sus \u201ccastas\u201d, evita innovar y apela a las acciones \u00a0m\u00e1s econ\u00f3micas para sobrevivir, mientras el rating general todos los a\u00f1os seva licuando. La sociedad que se cree moderna consume esa penicilina de segunda llamada \u201cplataforma de streaming\u201d, ese \u201cvideoclub del momento\u201d que tarde o temprano ser\u00e1 la siguiente v\u00edctima en la supuesta evoluci\u00f3n tecnol\u00f3gica de los medios de comunicaci\u00f3n.<\/h2>\n<h2 style=\"text-align: center;\"><a href=\"http:\/\/noticias1440.com.ar\/wp-content\/uploads\/2025\/07\/Otro-Dia-Perdido-Foto-009-Vanesa-Bafaro-Prensa-El-Trece.jpg\"><img loading=\"lazy\" decoding=\"async\" class=\"wp-image-2606 aligncenter\" src=\"http:\/\/noticias1440.com.ar\/wp-content\/uploads\/2025\/07\/Otro-Dia-Perdido-Foto-009-Vanesa-Bafaro-Prensa-El-Trece-300x152.jpg\" alt=\"\" width=\"908\" height=\"460\" srcset=\"http:\/\/noticias1440.com.ar\/wp-content\/uploads\/2025\/07\/Otro-Dia-Perdido-Foto-009-Vanesa-Bafaro-Prensa-El-Trece-300x152.jpg 300w, http:\/\/noticias1440.com.ar\/wp-content\/uploads\/2025\/07\/Otro-Dia-Perdido-Foto-009-Vanesa-Bafaro-Prensa-El-Trece-1024x518.jpg 1024w, http:\/\/noticias1440.com.ar\/wp-content\/uploads\/2025\/07\/Otro-Dia-Perdido-Foto-009-Vanesa-Bafaro-Prensa-El-Trece-768x388.jpg 768w, http:\/\/noticias1440.com.ar\/wp-content\/uploads\/2025\/07\/Otro-Dia-Perdido-Foto-009-Vanesa-Bafaro-Prensa-El-Trece.jpg 1197w\" sizes=\"auto, (max-width: 908px) 100vw, 908px\" \/><\/a><\/h2>\n<h2 style=\"text-align: center;\">Las apariciones de <strong>Mario Pergolini<\/strong> despu\u00e9s que cerr\u00f3 su participaci\u00f3n en la tv abierta, fueron espor\u00e1dicas presencias para realizar entrevistas con conductores como <strong>Jorge Rial<\/strong> o <strong>Jorge Lanata<\/strong>, entre otros, sosteniendo que su ciclo en la pantalla chica estaba cumplido y sosteniendo que su vuelta a la tv era altamente improbable, entendiendo interiormente que no exist\u00eda nada que pudiese motivarlo a nivel profesional. Bueno, esa utop\u00eda de su retorno al medio que lo encumbr\u00f3 qued\u00f3 despedazada por su arranque con <strong>\u201cOtro D\u00eda Perdido\u201d<\/strong>, ciclo que debut\u00f3 el lunes 14 de julio a las 22:30 horas con emisiones de lunes a viernes, formato que naturalmente estuvo en observaci\u00f3n central no tanto de los analistas, sino de aquellos que con esta vuelta parecen haber estado esperando cobrarse viejas deudas con el afiatado animador, quien en su momento asom\u00f3 como un conductor \u201crebelde\u201d liderando una corriente de formatos irreverentes, una \u00e9poca donde todo era susceptible de dinamitar o desacartonar dentro de c\u00e1nones cercanos con l\u00edmites muy filosos. El animador radial que en su momento reversion\u00f3 la ma\u00f1ana de la <strong>\u201cRock And Pop\u201d<\/strong> o propuso luego desde <strong>\u00abVorterix\u00bb<\/strong> cosas en la actualidad muy aplicadas por otros sectores de la industria, sin dudas entiende que este paso atr\u00e1s en su postulado tiene naturalmente costos que los dem\u00e1s van a facturarle muy duro y tupido.<\/h2>\n<h2 style=\"text-align: center;\"><a href=\"http:\/\/noticias1440.com.ar\/wp-content\/uploads\/2025\/07\/Otro-Dia-Perdido-Foto-001-Vanesa-Bafaro-Prensa-El-Trece.jpg\"><img loading=\"lazy\" decoding=\"async\" class=\"wp-image-2598 aligncenter\" src=\"http:\/\/noticias1440.com.ar\/wp-content\/uploads\/2025\/07\/Otro-Dia-Perdido-Foto-001-Vanesa-Bafaro-Prensa-El-Trece-300x153.jpg\" alt=\"\" width=\"912\" height=\"465\" srcset=\"http:\/\/noticias1440.com.ar\/wp-content\/uploads\/2025\/07\/Otro-Dia-Perdido-Foto-001-Vanesa-Bafaro-Prensa-El-Trece-300x153.jpg 300w, http:\/\/noticias1440.com.ar\/wp-content\/uploads\/2025\/07\/Otro-Dia-Perdido-Foto-001-Vanesa-Bafaro-Prensa-El-Trece-768x393.jpg 768w, http:\/\/noticias1440.com.ar\/wp-content\/uploads\/2025\/07\/Otro-Dia-Perdido-Foto-001-Vanesa-Bafaro-Prensa-El-Trece.jpg 1201w\" sizes=\"auto, (max-width: 912px) 100vw, 912px\" \/><\/a><\/h2>\n<h2 style=\"text-align: center;\">La oferta que le hicieron de tener su propio \u201clate-night show\u201d pintaba para proponerle algo que de haberse ejecutado con l\u00f3gica y libertad, le hubiese permitido ejercer hoy su oficio con gracia y notable seducci\u00f3n, pero la vuelta en una televisi\u00f3n con autocensura y permanente \u201cpolic\u00eda del pensamiento\u201d en sus responsables y empleados, claramente atent\u00f3 contra el objetivo de proponer algo que tal vez la audiencia quiere observar. En estos macabros y deformados tiempos que corren, miles y miles de televidentes no tienen derecho a ver a grandes figuras como <strong>Alberto Olmedo<\/strong>, <strong>Benny Hill<\/strong> o <strong>Roberto Pettinato<\/strong>, simplemente porque existe un impresentable y voluminoso dedo acusador que lucen los referentes de la vida pol\u00edtica, social y empresarial, quienes se erigen en indiscutidos jueces morales de nuestra existencia. En su sentir, la audiencia no tiene derecho a elegir que quiere ver y con que re\u00edrse, estructuras de un bloque intolerante que no entiende que si alg\u00fan personaje es contrario al sentir de la audiencia, ser\u00e1 finalmente ella misma la que deje de verlo por sus contenidos o manera de usar esos espacios en un medio de comunicaci\u00f3n, llevando a la baja el rating del lugar donde aparezca. La TV de hoy elige la autocensura y proh\u00edbe a esas figuras, pero curiosamente en varios ciclos de la actual pantalla chica, de una forma permanente aparecen mujeres maltratadas, incontables muestras de misoginia, cuerpos femeninos desnudos difundidos en redes sociales y varias aberraciones m\u00e1s, como el muy bochorno show de los cronistas policiales masturb\u00e1ndose verbalmente con las habituales desgracias ajenas, esas que suceden permanentemente en la Provincia de Buenos Aires, sin que nadie decida ponerle fin. Esta modernidad represora en la televisi\u00f3n tienen en sus actos una moral con doble vara, donde la influencia de ciertas ideolog\u00edas ha provocado la omisi\u00f3n de personas que tiempo atr\u00e1s no eran canceladas por sus conductas.<\/h2>\n<h2 style=\"text-align: center;\"><a href=\"http:\/\/noticias1440.com.ar\/wp-content\/uploads\/2025\/07\/Otro-Dia-Perdido-Foto-002-Vanesa-Bafaro-Prensa-El-Trece.jpg\"><img loading=\"lazy\" decoding=\"async\" class=\"wp-image-2599 aligncenter\" src=\"http:\/\/noticias1440.com.ar\/wp-content\/uploads\/2025\/07\/Otro-Dia-Perdido-Foto-002-Vanesa-Bafaro-Prensa-El-Trece-300x150.jpg\" alt=\"\" width=\"916\" height=\"458\" srcset=\"http:\/\/noticias1440.com.ar\/wp-content\/uploads\/2025\/07\/Otro-Dia-Perdido-Foto-002-Vanesa-Bafaro-Prensa-El-Trece-300x150.jpg 300w, http:\/\/noticias1440.com.ar\/wp-content\/uploads\/2025\/07\/Otro-Dia-Perdido-Foto-002-Vanesa-Bafaro-Prensa-El-Trece-1024x512.jpg 1024w, http:\/\/noticias1440.com.ar\/wp-content\/uploads\/2025\/07\/Otro-Dia-Perdido-Foto-002-Vanesa-Bafaro-Prensa-El-Trece-768x384.jpg 768w, http:\/\/noticias1440.com.ar\/wp-content\/uploads\/2025\/07\/Otro-Dia-Perdido-Foto-002-Vanesa-Bafaro-Prensa-El-Trece.jpg 1199w\" sizes=\"auto, (max-width: 916px) 100vw, 916px\" \/><\/a><\/h2>\n<h2 style=\"text-align: center;\">Plantear en estos tiempos la vuelta de un referente noventoso o de principios del reciente milenio a la tv tradicional, abri\u00f3 como era de esperar las dudas sobre el enfoque que esta persona desarrollar\u00eda, previendo que ante la menor vacilaci\u00f3n, le caer\u00eda el nefasto peso de\u00a0las redes sociales o aquellos personajes que se erigen en jueces \u00e9ticos de la sociedad que agoniza, figuras de baja estopa cultural que no resisten an\u00e1lisis y mucho menos, el aval que ciertos sectores pretenden darle, operando de esa forma una cancelaci\u00f3n por gusto, necesidad o simple conveniencia. Vivimos en una naci\u00f3n que ejerce permanentemente la ins\u00f3lita autocensura y donde la \u201cpolic\u00eda del pensamiento\u201d le indica a la gente cuales son las opciones que puede consumir, entidad que propag\u00f3 la cancelaci\u00f3n de quienes intenten violar ese sistema, postura de pensamiento impulsada por un partido pol\u00edtico cuyo m\u00edtico l\u00edder actualmente cumple prisi\u00f3n efectiva por cargos de corrupci\u00f3n. Argentina desde el 2003 se volvi\u00f3 un pa\u00eds amargado, violento, enormemente incitador del odio y fant\u00e1stico para los grupos que buscan la absoluta anulaci\u00f3n de la libertad de los dem\u00e1s, si no les conviene a sus perversos fines pol\u00edticos o econ\u00f3micos, aunque la moral asome negociable seg\u00fan las necesidades y tiempos, para favorecer a los todos delincuentes que gozan de impunidad dici\u00e9ndonos que ellos son la \u00fanica esperanza a nuestras existencias.<\/h2>\n<h2 style=\"text-align: center;\"><a href=\"http:\/\/noticias1440.com.ar\/wp-content\/uploads\/2025\/07\/Otro-Dia-Perdido-Foto-006-Vanesa-Bafaro-Prensa-El-Trece.jpg\"><img loading=\"lazy\" decoding=\"async\" class=\"wp-image-2603 aligncenter\" src=\"http:\/\/noticias1440.com.ar\/wp-content\/uploads\/2025\/07\/Otro-Dia-Perdido-Foto-006-Vanesa-Bafaro-Prensa-El-Trece-300x151.jpg\" alt=\"\" width=\"910\" height=\"458\" srcset=\"http:\/\/noticias1440.com.ar\/wp-content\/uploads\/2025\/07\/Otro-Dia-Perdido-Foto-006-Vanesa-Bafaro-Prensa-El-Trece-300x151.jpg 300w, http:\/\/noticias1440.com.ar\/wp-content\/uploads\/2025\/07\/Otro-Dia-Perdido-Foto-006-Vanesa-Bafaro-Prensa-El-Trece-1024x515.jpg 1024w, http:\/\/noticias1440.com.ar\/wp-content\/uploads\/2025\/07\/Otro-Dia-Perdido-Foto-006-Vanesa-Bafaro-Prensa-El-Trece-768x386.jpg 768w, http:\/\/noticias1440.com.ar\/wp-content\/uploads\/2025\/07\/Otro-Dia-Perdido-Foto-006-Vanesa-Bafaro-Prensa-El-Trece.jpg 1200w\" sizes=\"auto, (max-width: 910px) 100vw, 910px\" \/><\/a><\/h2>\n<h2 style=\"text-align: center;\">Unas cuantas voces argumentan que <strong>Mario Pergolini<\/strong> decidi\u00f3 volvi\u00f3 a la televisi\u00f3n para cubrir un d\u00e9ficit econ\u00f3mico acualmente existente en la firma <strong>\u00abVorterix\u00bb<\/strong>, pero el animador en sus declaraciones jam\u00e1s admiti\u00f3 algo as\u00ed. Ser\u00eda muy curioso que alguien decida en los tiempos que corren, salir a apagar un conflicto empresarial exponi\u00e9ndose en la televisi\u00f3n, solo para cubrir deudas existentes en otra zona de sus actividades. Interrogado por todas las condiciones que antepuso para volver a la pantalla, asom\u00f3 en primer t\u00e9rmino ser el sueldo mejor pago de la tv y sorpresivamente esa exisgencia, desde la vereda empresarial aceptaron su exigencia econ\u00f3micas, situaci\u00f3n que continu\u00f3 con ciertos pedidos hacia esa c\u00fapula programadora, recibiendo inmediatamente el firme aval de la emisora del barrio de Constituci\u00f3n. Al famoso animador de <strong>\u201cCQC\u201d<\/strong> le permitieron formatear a su gusto la total estructura para crear un \u201clate night show\u201d, particular formato que jam\u00e1s hab\u00eda realizado en su prolongada y exitosa carrera. La noticia del retorno de un indudable referente como <strong>Pergolini<\/strong> llam\u00f3 la atenci\u00f3n, para alguien que en su momento se\u00f1al\u00f3 muy harto y enojado que \u201cla televisi\u00f3n est\u00e1 muerta\u201d, admitiendo firme que \u201cya no tengo nada m\u00e1s que aportar a esta pantalla\u201d. Transcurrieron quince a\u00f1os y la noche del lunes 14 de julio a las 22:30 horas, figurar\u00e1 en los anales televisivos, como la jornada en la que <strong>Mario<\/strong> debi\u00f3 meterse en el bolsillo aquellas mitol\u00f3gicas declaraciones, al aparecer de traje y gafas oscuras en el escenario armado para el esperado debut de <strong>\u201cOtro D\u00eda Perdido\u201d<\/strong>.<\/h2>\n<h2 style=\"text-align: center;\"><a href=\"http:\/\/noticias1440.com.ar\/wp-content\/uploads\/2025\/07\/Otro-Dia-Perdido-Foto-004-Vanesa-Bafaro-Prensa-El-Trece.jpg\"><img loading=\"lazy\" decoding=\"async\" class=\"wp-image-2601 aligncenter\" src=\"http:\/\/noticias1440.com.ar\/wp-content\/uploads\/2025\/07\/Otro-Dia-Perdido-Foto-004-Vanesa-Bafaro-Prensa-El-Trece-300x150.jpg\" alt=\"\" width=\"924\" height=\"462\" srcset=\"http:\/\/noticias1440.com.ar\/wp-content\/uploads\/2025\/07\/Otro-Dia-Perdido-Foto-004-Vanesa-Bafaro-Prensa-El-Trece-300x150.jpg 300w, http:\/\/noticias1440.com.ar\/wp-content\/uploads\/2025\/07\/Otro-Dia-Perdido-Foto-004-Vanesa-Bafaro-Prensa-El-Trece-1024x512.jpg 1024w, http:\/\/noticias1440.com.ar\/wp-content\/uploads\/2025\/07\/Otro-Dia-Perdido-Foto-004-Vanesa-Bafaro-Prensa-El-Trece-768x384.jpg 768w, http:\/\/noticias1440.com.ar\/wp-content\/uploads\/2025\/07\/Otro-Dia-Perdido-Foto-004-Vanesa-Bafaro-Prensa-El-Trece.jpg 1200w\" sizes=\"auto, (max-width: 924px) 100vw, 924px\" \/><\/a><\/h2>\n<h2 style=\"text-align: center;\">Con gui\u00f3n de <strong>Alejandro Boresztein<\/strong> para los temas de actualidad, la producci\u00f3n de su gran socio en otros tiempos como <strong>Diego Guebel<\/strong> y el elocuente respaldo que <strong>\u00abEl Trece\u00bb<\/strong> decidi\u00f3 aplicar a esta nueva propuesta, finalmente lleg\u00f3 <strong>\u201cOtro D\u00eda Perdido\u201d<\/strong>, un env\u00edo nocturno que va de lunes a viernes a las 22:30 horas, pero no acontece en vivo, porque este formato se graba a las 16:30 y las horas siguientes hasta el horario de emisi\u00f3n son empleadas para la edici\u00f3n diaria del ciclo. Aparece en primer t\u00e9rmino un obvio interrogante: si quer\u00edan un programa con la electricidad de los \u201clate night shows\u201d, \u00bfporqu\u00e9 la decisi\u00f3n de grabarlo? \u00bfPor comodidad? \u00bfPara grabar y m\u00e1s tarde corregir ciertas impurezas y dejarlo bastante prolijo? Est\u00e1 claro que si quer\u00edan un formato de esas caracter\u00edsticas, lo mejor era hacerlo en vivo, banc\u00e1ndose los problemas o inconvenientes que pod\u00eda deparar una estructura de estas caracter\u00edsticas. Algunos argumentar\u00e1n que con la grabaci\u00f3n vespertina de \u201cun falso vivo\u201d se puede contar con conocidas figuras que en la banda nocturna son imposibles de conseguir para una entrevista. Muchos recuerdan que <strong>\u201cDuro de Domar\u201d<\/strong> con <strong>Roberto Pettinato<\/strong> en su arranque iba mayormente en vivo, a\u00fan asimilando que era un dilema el horario para convocar famosos. A lo sumo el formato en aqu\u00e9l momento se grababa un par de horas antes, pero n\u00f3 con una diferencia de casi seis horas como sucede con <strong>\u201cODP\u201d<\/strong> en la actualidad. Este nuevo ciclo en el canal del solcito multicolor hereda la posta del vig\u00e9simo octavo programa de juegos y premios conducido por el ultragrit\u00f3n de <strong>Guido Kazka<\/strong>, quien premia a las familias de los perritos que hagan pis y caca en una plataforma que simula un jard\u00edn invernal. A\u00fan con lo discutible, igualmente esa propuesta le dej\u00f3 al flamante programa del exitoso animador un piso de 7 puntos, nada despreciable para una se\u00f1al que ha descuidado esa banda horaria en calidad y rating en los \u00faltimos diez a\u00f1os.<\/h2>\n<h2 style=\"text-align: center;\"><a href=\"http:\/\/noticias1440.com.ar\/wp-content\/uploads\/2025\/07\/Otro-Dia-Perdido-Foto-005-Vanesa-Bafaro-Prensa-El-Trece.jpg\"><img loading=\"lazy\" decoding=\"async\" class=\"wp-image-2602 aligncenter\" src=\"http:\/\/noticias1440.com.ar\/wp-content\/uploads\/2025\/07\/Otro-Dia-Perdido-Foto-005-Vanesa-Bafaro-Prensa-El-Trece-300x150.jpg\" alt=\"\" width=\"918\" height=\"459\" srcset=\"http:\/\/noticias1440.com.ar\/wp-content\/uploads\/2025\/07\/Otro-Dia-Perdido-Foto-005-Vanesa-Bafaro-Prensa-El-Trece-300x150.jpg 300w, http:\/\/noticias1440.com.ar\/wp-content\/uploads\/2025\/07\/Otro-Dia-Perdido-Foto-005-Vanesa-Bafaro-Prensa-El-Trece-1024x512.jpg 1024w, http:\/\/noticias1440.com.ar\/wp-content\/uploads\/2025\/07\/Otro-Dia-Perdido-Foto-005-Vanesa-Bafaro-Prensa-El-Trece-768x384.jpg 768w, http:\/\/noticias1440.com.ar\/wp-content\/uploads\/2025\/07\/Otro-Dia-Perdido-Foto-005-Vanesa-Bafaro-Prensa-El-Trece.jpg 1198w\" sizes=\"auto, (max-width: 918px) 100vw, 918px\" \/><\/a><\/h2>\n<h2 style=\"text-align: center;\">El conocido formato en su apariencia estructural parece tener sus l\u00f3gicos componentes y personajes, pero es lo \u00fanico que vincula al estilo de programa con las caracter\u00edsticas de un \u201clate night show\u201d, pues una vez puesto en marcha aparecen varios segmentos donde las costuras t\u00e9cnicas o profesionales exponen flojos hilvanes, desluciendo as\u00ed un ambiente atractivo desde lo visual para esa hora de la noche. Acompa\u00f1an al famoso conductor dos panelistas, uno con una mayor participaci\u00f3n orbitando el rol de \u201cside back\u201d, para ser el apuntador o segundo en los temas tratados, formato que a diferencia del contexto original suma aqu\u00ed una persona m\u00e1s, lo que lleva a pensar que <strong>Mario<\/strong> prefiere salir con alguien de cada lado en su vuelta televisiva tal como en <strong>\u201cCQC\u201d<\/strong>, aunque aqu\u00ed son un hombre y una \u00a0mujer a sus costados. A la izquierda de la pantalla, <strong>Agustin Aristar\u00e1n<\/strong> encarna al ladero y del otro lado asoma una acompa\u00f1ante que m\u00e1s tarde analizaremos. Desde el arranque, la selecci\u00f3n de estos dos particulares panelistas, lejos de sumarle buenos socios al objetivo anhelado, lo coloca a <strong>MDP<\/strong> a remar en un oc\u00e9ano de abundante barro, arena y harina de maiz. Los pergaminos profesionales de este acompa\u00f1ante en la tv solo contienen en su breve pasado, un estruendoso fracaso en la tarde de la emisora con <strong>\u201cMatch Game\u201d<\/strong>, ciclo de preguntas con seudo famosos de segunda l\u00ednea, programa que fue levantado antes de los tradicionales tres meses de contrato habituales.<\/h2>\n<h2 style=\"text-align: center;\"><a href=\"http:\/\/noticias1440.com.ar\/wp-content\/uploads\/2025\/07\/Otro-Dia-Perdido-Foto-012-Vanesa-Bafaro-Prensa-El-Trece.jpg\"><img loading=\"lazy\" decoding=\"async\" class=\"wp-image-2609 aligncenter\" src=\"http:\/\/noticias1440.com.ar\/wp-content\/uploads\/2025\/07\/Otro-Dia-Perdido-Foto-012-Vanesa-Bafaro-Prensa-El-Trece-300x150.jpg\" alt=\"\" width=\"912\" height=\"456\" srcset=\"http:\/\/noticias1440.com.ar\/wp-content\/uploads\/2025\/07\/Otro-Dia-Perdido-Foto-012-Vanesa-Bafaro-Prensa-El-Trece-300x150.jpg 300w, http:\/\/noticias1440.com.ar\/wp-content\/uploads\/2025\/07\/Otro-Dia-Perdido-Foto-012-Vanesa-Bafaro-Prensa-El-Trece-1024x511.jpg 1024w, http:\/\/noticias1440.com.ar\/wp-content\/uploads\/2025\/07\/Otro-Dia-Perdido-Foto-012-Vanesa-Bafaro-Prensa-El-Trece-768x383.jpg 768w, http:\/\/noticias1440.com.ar\/wp-content\/uploads\/2025\/07\/Otro-Dia-Perdido-Foto-012-Vanesa-Bafaro-Prensa-El-Trece.jpg 1196w\" sizes=\"auto, (max-width: 912px) 100vw, 912px\" \/><\/a><\/h2>\n<h2 style=\"text-align: center;\">Este actor que tal vez en teatro pueda mostrar facetas m\u00e1s destacables, en la televisi\u00f3n de estos tiempos siempre suena impostado, sin naturalidad y forzado irremediablemente a devolverle al animador un di\u00e1logo flu\u00eddo con humor, pero la mayor\u00eda de las veces todas esas conductas carentes de naturalidad lo encuentran destemplado. Para mal de males, en los instantes donde el ciclo lo permite, insiste, con el aval del conductor, en hacer actos de ilusionismo con cartas u otros elementos, insufribles minutos donde todas esas maniobras terminan bien, pero con un proceso de concreci\u00f3n muy anodino y tosco. Del otro lado del escritorio del experimentado animador est\u00e1 <strong>Laila Roth<\/strong>, cuarentona standapera que viene del under con una popularidad en ese \u00e1mbito muy limitada. Esta colaboradora ubicada en el lado derecho de cualquier monitor puesta a sostener ciertos momentos del ciclo en <strong>\u00abEl Trece\u00bb<\/strong>, definitivamente defrauda sin l\u00edmites, con paup\u00e9rimas participaciones que lejos de ayudar al objetivo, parecen sumergirlo en las profundidades de una mediocridad plagada de frases y comportamientos elocuentemente muy mediocres.<\/h2>\n<h2 style=\"text-align: center;\"><a href=\"http:\/\/noticias1440.com.ar\/wp-content\/uploads\/2025\/07\/Otro-Dia-Perdido-Foto-011-Vanesa-Bafaro-Prensa-El-Trece.jpg\"><img loading=\"lazy\" decoding=\"async\" class=\"wp-image-2608 aligncenter\" src=\"http:\/\/noticias1440.com.ar\/wp-content\/uploads\/2025\/07\/Otro-Dia-Perdido-Foto-011-Vanesa-Bafaro-Prensa-El-Trece-300x151.jpg\" alt=\"\" width=\"912\" height=\"459\" srcset=\"http:\/\/noticias1440.com.ar\/wp-content\/uploads\/2025\/07\/Otro-Dia-Perdido-Foto-011-Vanesa-Bafaro-Prensa-El-Trece-300x151.jpg 300w, http:\/\/noticias1440.com.ar\/wp-content\/uploads\/2025\/07\/Otro-Dia-Perdido-Foto-011-Vanesa-Bafaro-Prensa-El-Trece-1024x514.jpg 1024w, http:\/\/noticias1440.com.ar\/wp-content\/uploads\/2025\/07\/Otro-Dia-Perdido-Foto-011-Vanesa-Bafaro-Prensa-El-Trece.jpg 1194w\" sizes=\"auto, (max-width: 912px) 100vw, 912px\" \/><\/a><\/h2>\n<h2 style=\"text-align: center;\"><strong>Roth<\/strong> sorprende por su regularidad: act\u00faa mal, canta mal, y baila mal, sin olvidar que solo ella se r\u00ede de sus chistes, bromas que solo pueden festejar aquellos seres que jam\u00e1s vieron a los grandes humoristas que tuvo el pa\u00eds antes del 2003. En los 10 primeros programas empeor\u00f3 a\u00fan m\u00e1s su condici\u00f3n, obrando como una voz de conciencia del m\u00edtico anfitri\u00f3n, una bochornosa conducta en la que pareci\u00f3 oficiar de polic\u00eda del pensamiento, dejando sensaciones agrias en el televidente. Es un misterio entender su presencia en este ciclo, podr\u00eda entenderse esta absurda inclusi\u00f3n como una de esas pel\u00edculas que desean participar de los <strong>\u00abOscars\u00bb<\/strong>, donde est\u00e1n obligadas forzosamente para competir a incluir una persona de color, otra de sexualidad no tradicional y tambi\u00e9n alguna que evidencie fallas psicof\u00edsicas muy perceptibles. A alg\u00fan despistado de la producci\u00f3n, por no decir una aseveraci\u00f3n sin dudas peor, se le ocurri\u00f3 que el programa tiene que ser pol\u00edticamente correcto antes que bien hecho o interesante en su propuesta, desvirtuando as\u00ed la idea del m\u00edtico \u201clate night show\u201d, l\u00edder en incorrecci\u00f3n general y rebeld\u00eda, algo que la pantalla argentina rechaza.<\/h2>\n<h2 style=\"text-align: center;\"><a href=\"http:\/\/noticias1440.com.ar\/wp-content\/uploads\/2025\/07\/Otro-Dia-Perdido-Foto-013-Vanesa-Bafaro-Prensa-El-Trece.jpg\"><img loading=\"lazy\" decoding=\"async\" class=\"wp-image-2610 aligncenter\" src=\"http:\/\/noticias1440.com.ar\/wp-content\/uploads\/2025\/07\/Otro-Dia-Perdido-Foto-013-Vanesa-Bafaro-Prensa-El-Trece-300x150.jpg\" alt=\"\" width=\"914\" height=\"457\" srcset=\"http:\/\/noticias1440.com.ar\/wp-content\/uploads\/2025\/07\/Otro-Dia-Perdido-Foto-013-Vanesa-Bafaro-Prensa-El-Trece-300x150.jpg 300w, http:\/\/noticias1440.com.ar\/wp-content\/uploads\/2025\/07\/Otro-Dia-Perdido-Foto-013-Vanesa-Bafaro-Prensa-El-Trece-1024x512.jpg 1024w, http:\/\/noticias1440.com.ar\/wp-content\/uploads\/2025\/07\/Otro-Dia-Perdido-Foto-013-Vanesa-Bafaro-Prensa-El-Trece-768x384.jpg 768w, http:\/\/noticias1440.com.ar\/wp-content\/uploads\/2025\/07\/Otro-Dia-Perdido-Foto-013-Vanesa-Bafaro-Prensa-El-Trece.jpg 1199w\" sizes=\"auto, (max-width: 914px) 100vw, 914px\" \/><\/a><\/h2>\n<h2 style=\"text-align: center;\">En sus primeras diez emisiones, <strong>\u201cOtro D\u00eda Perdido\u201d<\/strong> muestra algunas secciones fijas o con esas caracter\u00edsticas. Primero el mon\u00f3logo inicial, donde <strong>Mario<\/strong> analiza cuatro noticias del d\u00eda y tras cart\u00f3n da paso a los avisos publicitarios dentro de\u00a0 programa, todos hechos con Inteligencia Artificial, donde aparece difundiendo distintos productos comerciales con la compa\u00f1\u00eda de un espectacular gatito, manipulado con esta estructura digital. A continuaci\u00f3n llega un bloque titulado <strong>\u201cNo comment\u201d<\/strong>, donde se muestran videos de noticias ocurridas en la fecha que superan cualquier disparate esperable. Previo al invitado de turnio, llegan las efem\u00e9rides del d\u00eda asoman tambi\u00e9n presentadas con \u201cIA\u201d, una truca que muestra a un tal <strong>Esteban Echenique<\/strong> que comenta en poco m\u00e1s de 60 segundos tres o cuatro hechos que ocurrieron en una jornada como esa fecha escogida, material con una moderna calidad audiovisual. Entre el arranque del programa y los distintos mini-bloques, el enfoque de las personas en pantallas y dem\u00e1s im\u00e1genes que se muestran, sin dudas sobresale much\u00edsimo el ensamble con mucho sincronismo de esas opciones visuales, que aprovechan los gestos de cada persona enfocada, producto del trabajo de <strong>\u201cCune\u201d Molinero<\/strong>, hist\u00f3rico realizador de <strong>\u201cCaiga Quien Caiga\u201d<\/strong> quien aqu\u00ed pone toda la gama de articulaciones y maniobras de edici\u00f3n para potenciar lo presentado. Tambi\u00e9n ubicado del lado izquierdo, aparece atr\u00e1s de <strong>Agust\u00edn Aristar\u00e1n<\/strong> la banda <strong>\u201cNi\u00f1o Monja\u201d<\/strong>, un grupo supuestamente musical, estructura de cuatro personas que distan mucho de esa definici\u00f3n, aunque s\u00ed parecen en realidad ejecutantes, porque cualquier melod\u00eda famosa evocada por estos desali\u00f1ados int\u00e9rpretes, suena tan masacrada como si la hubiesen pisado los tanques de la armada norteamericana en el desembarco de Normand\u00eda a mediados del siglo pasado. Su participaci\u00f3n en escena luce pat\u00e9tica y lamentable, evidenciando que la producci\u00f3n de este flamante programa no quiso ponerse en gastos muy importantes, colocando entonces a cuatro amateurs con sus instrumentos a generar un poco de ruido atr\u00e1s de los di\u00e1logos existentes.<\/h2>\n<h2 style=\"text-align: center;\"><a href=\"http:\/\/noticias1440.com.ar\/wp-content\/uploads\/2025\/07\/Otro-Dia-Perdido-Foto-014-Vanesa-Bafaro-Prensa-El-Trece.jpg\"><img loading=\"lazy\" decoding=\"async\" class=\"wp-image-2611 aligncenter\" src=\"http:\/\/noticias1440.com.ar\/wp-content\/uploads\/2025\/07\/Otro-Dia-Perdido-Foto-014-Vanesa-Bafaro-Prensa-El-Trece-300x150.jpg\" alt=\"\" width=\"918\" height=\"459\" srcset=\"http:\/\/noticias1440.com.ar\/wp-content\/uploads\/2025\/07\/Otro-Dia-Perdido-Foto-014-Vanesa-Bafaro-Prensa-El-Trece-300x150.jpg 300w, http:\/\/noticias1440.com.ar\/wp-content\/uploads\/2025\/07\/Otro-Dia-Perdido-Foto-014-Vanesa-Bafaro-Prensa-El-Trece-1024x512.jpg 1024w, http:\/\/noticias1440.com.ar\/wp-content\/uploads\/2025\/07\/Otro-Dia-Perdido-Foto-014-Vanesa-Bafaro-Prensa-El-Trece-768x384.jpg 768w, http:\/\/noticias1440.com.ar\/wp-content\/uploads\/2025\/07\/Otro-Dia-Perdido-Foto-014-Vanesa-Bafaro-Prensa-El-Trece.jpg 1197w\" sizes=\"auto, (max-width: 918px) 100vw, 918px\" \/><\/a><\/h2>\n<h2 style=\"text-align: center;\">Cada noche finalmente llega el momento m\u00e1s esperado por el p\u00fablico y quienes conocen al legendario conductor televisivo, saben que la entrevista con el invitado especial puede deparar no solo el bloque m\u00e1s divertido, sino ese especial tramo donde el a\u00f1ejo animador ofrende su notable carisma y gracia para desarrollar una charla no solo entretenida, sino plagada de varios momentos risue\u00f1os. En el debut ese primer d\u00eda, <strong>Guillermo Francella<\/strong> lo acompa\u00f1\u00f3 con su prestancia, gener\u00e1ndose tramos muy graciosos, pero con la tensi\u00f3n del debut, aunque el famoso actor respondi\u00f3 bien en el arranque del nuevo formato. Solo 24 horas m\u00e1s tarde, <strong>Pergolini<\/strong> padeci\u00f3 a la vocalista urbana <strong>\u201cCazzu\u201d<\/strong>, una ins\u00edpida int\u00e9rprete, que ven\u00eda sin ganas de charlar y mucho menos cantar, lo que puso al \u201chost\u201d a remar con una mujer muy mal vestida y demasiado aturdida, que no aport\u00f3 nada a la segunda de esas charlas. En la tercera emisi\u00f3n, el actor <strong>Joaqu\u00edn Furriel<\/strong> colabor\u00f3 para ponerle toda la onda a la entrevista, haciendo algunas cosas ligadas al humor, pero curiosamente entre el debut del lunes y esa velada, el programa acus\u00f3 una fuerte ca\u00edda de un punto y veinte d\u00e9cimas de rating, bajando de 5.7 en el arranque a 5.2 el martes y luego a 4.7 durante la noche del mi\u00e9rcoles, encendiendo todas las alarmas existentes. La producci\u00f3n, que esos d\u00edas gast\u00f3 bastante p\u00f3lvora en un arranque explosivo, hab\u00eda conseguido que <strong>Cris Morena<\/strong> asistiese al programa, donde adem\u00e1s de charlar con el anfitri\u00f3n, recibir\u00eda un homenaje por su larga carrera como productora. Inesperadamente el martes a la noche, la rubia realizadora de tv llam\u00f3 a la productora para anunciar que no podr\u00eda presentarse en el nuevo programa de <strong>\u00abEl Trece\u00bb<\/strong>. \u00bfHabr\u00e1 sido porque no hubo autorizaci\u00f3n oficial de <strong>\u00abTLF\u00bb<\/strong>?<\/h2>\n<h2 style=\"text-align: center;\"><a href=\"http:\/\/noticias1440.com.ar\/wp-content\/uploads\/2025\/07\/Otro-Dia-Perdido-Foto-015-Vanesa-Bafaro-Prensa-El-Trece.jpg\"><img loading=\"lazy\" decoding=\"async\" class=\"wp-image-2612 aligncenter\" src=\"http:\/\/noticias1440.com.ar\/wp-content\/uploads\/2025\/07\/Otro-Dia-Perdido-Foto-015-Vanesa-Bafaro-Prensa-El-Trece-300x150.jpg\" alt=\"\" width=\"916\" height=\"458\" srcset=\"http:\/\/noticias1440.com.ar\/wp-content\/uploads\/2025\/07\/Otro-Dia-Perdido-Foto-015-Vanesa-Bafaro-Prensa-El-Trece-300x150.jpg 300w, http:\/\/noticias1440.com.ar\/wp-content\/uploads\/2025\/07\/Otro-Dia-Perdido-Foto-015-Vanesa-Bafaro-Prensa-El-Trece-1024x512.jpg 1024w, http:\/\/noticias1440.com.ar\/wp-content\/uploads\/2025\/07\/Otro-Dia-Perdido-Foto-015-Vanesa-Bafaro-Prensa-El-Trece-768x384.jpg 768w, http:\/\/noticias1440.com.ar\/wp-content\/uploads\/2025\/07\/Otro-Dia-Perdido-Foto-015-Vanesa-Bafaro-Prensa-El-Trece.jpg 1194w\" sizes=\"auto, (max-width: 916px) 100vw, 916px\" \/><\/a><\/h2>\n<h2 style=\"text-align: center;\">Lo m\u00e1s curioso fue que el jueves, con la frustrada presencia de <strong>Cris Morena<\/strong>, figura que iba a ser evocada profesionalmente, la producci\u00f3n de golpe y porrazo apost\u00f3 por <strong>Agustina Kampfer<\/strong>, otrora periodista y ahora una total referente freak del ambientalismo. Las cosas pod\u00edan haberse complicado mucho, pero contrariamente a lo imaginado, <strong>Pergolini<\/strong> supo aprovechar esa adversa situaci\u00f3n y convertir esa entrevista en un momento divertido y bizarro, cuando esta comunicadora mostr\u00f3 que pod\u00eda prender un f\u00f3sforo con los dedos de su pie derecho, sin olvidar que arrib\u00f3 al programa con un bolsito con partes de su placenta reconvertidas en distintos productos. Esa bolsa conten\u00eda un tamborcito y varias pastillas, una de las cuales tom\u00f3 <strong>Mario<\/strong> con agua de mar ofrendado por la invitada. La presencia de un especialista energ\u00e9tico y di\u00e1logos estramb\u00f3ticos dieron resultado valorable, porque la medici\u00f3n marc\u00f3 5.2, siete d\u00e9cimas m\u00e1s que lo ocurrido el d\u00eda anterior. El viernes, para la \u00faltima entrega de la primera semana de emisiones, estuvieron <strong>Malena Pichot<\/strong> y <strong>Pilar Gamboa<\/strong> para promocionar una serie de plataformas actualmente en exhibici\u00f3n por abono, una charla anodina sin demasiado inter\u00e9s hasta que apareci\u00f3 en pantalla un curioso joven que representar\u00e1 al pa\u00eds en una competencia de chino mandar\u00edn, invitado que logr\u00f3 casi sorpresivamente desacartonar esa chatura previa. En esos minutos el afiatado conductor logr\u00f3 maniobrar con m\u00e1s soltura, velada que alcanz\u00f3 5 puntos sin se\u00f1ales de poder medir m\u00e1s en una tradicional jornada que habitualmente tiene un menor encendido.<\/h2>\n<h2 style=\"text-align: center;\"><a href=\"http:\/\/noticias1440.com.ar\/wp-content\/uploads\/2025\/07\/Otro-Dia-Perdido-Foto-019-Vanesa-Bafaro-Prensa-El-Trece.jpg\"><img loading=\"lazy\" decoding=\"async\" class=\"wp-image-2616 aligncenter\" src=\"http:\/\/noticias1440.com.ar\/wp-content\/uploads\/2025\/07\/Otro-Dia-Perdido-Foto-019-Vanesa-Bafaro-Prensa-El-Trece-300x151.jpg\" alt=\"\" width=\"934\" height=\"470\" srcset=\"http:\/\/noticias1440.com.ar\/wp-content\/uploads\/2025\/07\/Otro-Dia-Perdido-Foto-019-Vanesa-Bafaro-Prensa-El-Trece-300x151.jpg 300w, http:\/\/noticias1440.com.ar\/wp-content\/uploads\/2025\/07\/Otro-Dia-Perdido-Foto-019-Vanesa-Bafaro-Prensa-El-Trece-1024x514.jpg 1024w, http:\/\/noticias1440.com.ar\/wp-content\/uploads\/2025\/07\/Otro-Dia-Perdido-Foto-019-Vanesa-Bafaro-Prensa-El-Trece-768x385.jpg 768w, http:\/\/noticias1440.com.ar\/wp-content\/uploads\/2025\/07\/Otro-Dia-Perdido-Foto-019-Vanesa-Bafaro-Prensa-El-Trece.jpg 1196w\" sizes=\"auto, (max-width: 934px) 100vw, 934px\" \/><\/a><\/h2>\n<h2 style=\"text-align: center;\">En el inicio de la segunda semana, en la sexta emisi\u00f3n, <strong>Pergolini<\/strong> recibi\u00f3 en la entrevista a la experimentada actriz, cantante y bailarina <strong>Florencia Pe\u00f1a<\/strong>, quien actualmente encabeza en la calle Corrientes el musical <strong>\u201cPretty Woman\u201d<\/strong>, basado en la pel\u00edcula de <strong>Julia Roberts<\/strong> y <strong>Richard Gere<\/strong>. Demostrando que su experiencia en la tv es muy fuerte, <strong>Mario<\/strong> concret\u00f3 un trabajo apropiado, generando una notable entrevista esa noche, pero muy ayudado por la experimentada artista, charla que tuvo de todo en un duelo de reflexiones tan divertidas como contempor\u00e1neas extendi\u00e9ndose m\u00e1s de lo habitual. Parad\u00f3jicamente, este no fue un programa con el rating esperado, marcando apenas 3.9 puntos, explotando de esta manera\u00a0 todas las luces rojas al registrar una medici\u00f3n tan floja, emisi\u00f3n que se ubic\u00f3 como la menos vista de todos los programas emitidos hasta esa velada. Al d\u00eda siguiente la silla del invitado tuvo a <strong>Eduardo Feinmann<\/strong> y la cosas pareci\u00f3 mejorar bastante, con una aguerrida pero graciosa charla entre ellos que levant\u00f3 polvareda medi\u00e1tica, marcando en el registro de <strong>Ibope<\/strong> 4.5 puntos. El ins\u00f3lito problema de esa jornada fue que alg\u00fan cretino ubicado en la producci\u00f3n, consider\u00f3 que lo ideal era sumar a dicha charla un par de artistas urbanos, para que reiteren esa pat\u00e9tica simulaci\u00f3n de creerse cantantes, abominable dueto que tir\u00f3 abajo todo lo concretado antes con el animador matutino de la radio <strong>Mitre AM<\/strong>.<\/h2>\n<h2 style=\"text-align: center;\"><a href=\"http:\/\/noticias1440.com.ar\/wp-content\/uploads\/2025\/07\/Otro-Dia-Perdido-Foto-017-Vanesa-Bafaro-Prensa-El-Trece.jpg\"><img loading=\"lazy\" decoding=\"async\" class=\"wp-image-2614 aligncenter\" src=\"http:\/\/noticias1440.com.ar\/wp-content\/uploads\/2025\/07\/Otro-Dia-Perdido-Foto-017-Vanesa-Bafaro-Prensa-El-Trece-300x154.jpg\" alt=\"\" width=\"919\" height=\"472\" srcset=\"http:\/\/noticias1440.com.ar\/wp-content\/uploads\/2025\/07\/Otro-Dia-Perdido-Foto-017-Vanesa-Bafaro-Prensa-El-Trece-300x154.jpg 300w, http:\/\/noticias1440.com.ar\/wp-content\/uploads\/2025\/07\/Otro-Dia-Perdido-Foto-017-Vanesa-Bafaro-Prensa-El-Trece-1024x525.jpg 1024w, http:\/\/noticias1440.com.ar\/wp-content\/uploads\/2025\/07\/Otro-Dia-Perdido-Foto-017-Vanesa-Bafaro-Prensa-El-Trece-768x394.jpg 768w, http:\/\/noticias1440.com.ar\/wp-content\/uploads\/2025\/07\/Otro-Dia-Perdido-Foto-017-Vanesa-Bafaro-Prensa-El-Trece.jpg 1198w\" sizes=\"auto, (max-width: 919px) 100vw, 919px\" \/><\/a><\/h2>\n<h2 style=\"text-align: center;\">Algo aliviados por esa leve mejor\u00eda, el ciclo encar\u00f3 la mitad de una nueva semana con un formato m\u00e1s establecido, pero como se\u00f1ala la Ley de Murphy \u201cSi algo est\u00e1 muy mal, a\u00fan puede ponerse peor\u201d y eso desafortunadamente ocurri\u00f3 el mi\u00e9rcoles, en la tercera noche del segundo bloque de programas grabados. Ese d\u00eda figuraba anunciado en los pasillos la participaci\u00f3n de <strong>Ram\u00f3n \u201cPalito\u201d Ortega<\/strong>, pero por motivos no aclarados, el gran cantante tucumano finalmente no fue de la partida. Su lugar en esa noche televisiva lo ocuparon el actor <strong>Luciano Castro<\/strong> y el cantante <strong>Ger\u00f3nimo Rauch<\/strong>, dupla que le puso onda a ese bloque, pero sorpresivamente los n\u00fameros para el ciclo fueron devastadores. En la madrugada del jueves 24, cuando supieron que el rating del programa solo hab\u00eda alcanzado un promedio de 3.0 puntos, la novedad fue un baldazo de agua helada para la producci\u00f3n del ciclo y tambi\u00e9n para quienes lo vienen siguiendo, al enterarse de la p\u00e9sima medici\u00f3n alcanzada ese mi\u00e9rcoles. Como era de esperar ese baj\u00edsimo n\u00famero de rating no pas\u00f3 desapercibido, apareciendo casi de inmediato en los medios una destacada\u00a0 cantidad de notas al respecto en distintos portales, aludiendo al \u201crating en ca\u00edda libre\u201d para este reciente estreno.<\/h2>\n<h2 style=\"text-align: center;\"><a href=\"http:\/\/noticias1440.com.ar\/wp-content\/uploads\/2025\/07\/Otro-Dia-Perdido-Foto-019-Vanesa-Bafaro-Prensa-El-Trece.jpg\"><img loading=\"lazy\" decoding=\"async\" class=\"wp-image-2616 aligncenter\" src=\"http:\/\/noticias1440.com.ar\/wp-content\/uploads\/2025\/07\/Otro-Dia-Perdido-Foto-019-Vanesa-Bafaro-Prensa-El-Trece-300x151.jpg\" alt=\"\" width=\"912\" height=\"459\" srcset=\"http:\/\/noticias1440.com.ar\/wp-content\/uploads\/2025\/07\/Otro-Dia-Perdido-Foto-019-Vanesa-Bafaro-Prensa-El-Trece-300x151.jpg 300w, http:\/\/noticias1440.com.ar\/wp-content\/uploads\/2025\/07\/Otro-Dia-Perdido-Foto-019-Vanesa-Bafaro-Prensa-El-Trece-1024x514.jpg 1024w, http:\/\/noticias1440.com.ar\/wp-content\/uploads\/2025\/07\/Otro-Dia-Perdido-Foto-019-Vanesa-Bafaro-Prensa-El-Trece.jpg 1196w\" sizes=\"auto, (max-width: 912px) 100vw, 912px\" \/><\/a><\/h2>\n<h2 style=\"text-align: center;\">Por suerte para los productores del programa, estaba por llegar la mejor emisi\u00f3n de todas las realizadas hasta la fecha, cuando ese jueves estuvo la cantante cordobesa <strong>Zoe Gotusso<\/strong>, quien adem\u00e1s de mostrar su brillante nivel musical, aport\u00f3 humor, picard\u00eda y una sensual conducta frente al animador porte\u00f1o. Cantando de manera superlativa, aportando picard\u00eda y chispa ba\u00f1ada de ingenuidad provincial, la responsable del disco <strong>\u201cCursi\u201d<\/strong> puso sobre el escenario televisivo de la productora<strong> \u201cLa Corte\u201d<\/strong> ese carisma que el ciclo ven\u00eda pidiendo a gritos desde el debut. Armando un poderoso tandem verbal con <strong>Pergolini<\/strong>, la emisi\u00f2n tuvo momentos brillantes y m\u00fasica con gran nivel, dejando claro que la artista proveniente de la localidad mediterr\u00e1nea atraviesa un momento superlativo sin dudas. Despu\u00e9s del baj\u00f3n del mi\u00e9rcoles, compitiendo con el partido de f\u00fatbol donde <strong>Boca Juniors<\/strong> qued\u00f3 eliminado de la <strong>\u201cCopa Argentina\u201d<\/strong>, el \u201clate night show\u201d con <strong>Mario<\/strong> obrando como buen doblista de la ascendente estrella pop depar\u00f3 un ascendente promedio en Ibope de 5.5. puntos, d\u00e1ndole un respiro a la producci\u00f3n del ciclo. La segunda semana finaliz\u00f3 con los muy insufribles int\u00e9rpretes de <strong>\u201cDivisi\u00f3n Palermo\u201d<\/strong>, un adefesio de ficci\u00f3n para plataformas digitales con dos figuras sobrevaluadas que se creen supuestamente graciosos, decepci\u00f3n cat\u00f3dica que baj\u00f3 lo alcanzado la noche anterior marcando 4.9 en el promedio de esa jornada, dejando expuesta la importancia de lo alcanzado 24 horas antes con una gran invitada musical.<\/h2>\n<h2 style=\"text-align: center;\"><a href=\"http:\/\/noticias1440.com.ar\/wp-content\/uploads\/2025\/07\/Otro-Dia-Perdido-Foto-020-Vanesa-Bafaro-Prensa-El-Trece.jpg\"><img loading=\"lazy\" decoding=\"async\" class=\"wp-image-2617 aligncenter\" src=\"http:\/\/noticias1440.com.ar\/wp-content\/uploads\/2025\/07\/Otro-Dia-Perdido-Foto-020-Vanesa-Bafaro-Prensa-El-Trece-300x153.jpg\" alt=\"\" width=\"912\" height=\"465\" srcset=\"http:\/\/noticias1440.com.ar\/wp-content\/uploads\/2025\/07\/Otro-Dia-Perdido-Foto-020-Vanesa-Bafaro-Prensa-El-Trece-300x153.jpg 300w, http:\/\/noticias1440.com.ar\/wp-content\/uploads\/2025\/07\/Otro-Dia-Perdido-Foto-020-Vanesa-Bafaro-Prensa-El-Trece-768x393.jpg 768w, http:\/\/noticias1440.com.ar\/wp-content\/uploads\/2025\/07\/Otro-Dia-Perdido-Foto-020-Vanesa-Bafaro-Prensa-El-Trece.jpg 1199w\" sizes=\"auto, (max-width: 912px) 100vw, 912px\" \/><\/a><\/h2>\n<h2 style=\"text-align: center;\">En algunas declaraciones previas al estreno del nuevo programa pro El trece y consultado sobre a quienes apuntaba este formato televisivo, <strong>Mario Pergolini<\/strong> en m\u00e1s de una ocasi\u00f3n sostuvo que el programa en alg\u00fan contexto o lectura estaba apuntado a personas de m\u00e1s de 50 a\u00f1os, aunque no descartaba que otros targets pudiesen sumarse al ciclo. Sin dudas en esas primeras diez emisiones, lo que sign\u00f3 ambas semanas de emisiones fue la enorme irregularidad de respuesta del p\u00fablico ante el programa, porque no hubo un denominador com\u00fan en los contenidos, por m\u00e1s que se hayan establecido ciertas secciones dentro de la estructura del programa. Obviamente, puertas adentro en la productora de este ciclo, las caras son de inocultable preocupaci\u00f3n pero sin entrar en p\u00e1nico, pensando que de seguir estos alica\u00eddos guarismos, el destino del programa podr\u00eda verse alterado en cuando a su duraci\u00f3n en pantalla, al registrar bajas de medici\u00f3n que lo ubican m\u00e1s cerca del tercero y el cuarto canal en las posiciones de <strong>Ibope<\/strong>, que de acercarse a <strong>\u201cLa Voz\u201d<\/strong>, el reality musical de <strong>\u00abTelef\u00e9\u00bb<\/strong> que lidera las transmisiones nocturnas, un formato que igual no consigue en su arranque las cifras de encendido de otros tiempos.<\/h2>\n<h2 style=\"text-align: center;\"><a href=\"http:\/\/noticias1440.com.ar\/wp-content\/uploads\/2025\/07\/Otro-Dia-Perdido-Foto-021-Vanesa-Bafaro-Prensa-El-Trece.jpg\"><img loading=\"lazy\" decoding=\"async\" class=\"wp-image-2618 aligncenter\" src=\"http:\/\/noticias1440.com.ar\/wp-content\/uploads\/2025\/07\/Otro-Dia-Perdido-Foto-021-Vanesa-Bafaro-Prensa-El-Trece-300x155.jpg\" alt=\"\" width=\"912\" height=\"471\" srcset=\"http:\/\/noticias1440.com.ar\/wp-content\/uploads\/2025\/07\/Otro-Dia-Perdido-Foto-021-Vanesa-Bafaro-Prensa-El-Trece-300x155.jpg 300w, http:\/\/noticias1440.com.ar\/wp-content\/uploads\/2025\/07\/Otro-Dia-Perdido-Foto-021-Vanesa-Bafaro-Prensa-El-Trece-1024x529.jpg 1024w, http:\/\/noticias1440.com.ar\/wp-content\/uploads\/2025\/07\/Otro-Dia-Perdido-Foto-021-Vanesa-Bafaro-Prensa-El-Trece-768x397.jpg 768w, http:\/\/noticias1440.com.ar\/wp-content\/uploads\/2025\/07\/Otro-Dia-Perdido-Foto-021-Vanesa-Bafaro-Prensa-El-Trece.jpg 1196w\" sizes=\"auto, (max-width: 912px) 100vw, 912px\" \/><\/a><\/h2>\n<h2 style=\"text-align: center;\">En este tema de los n\u00fameros de encendido, resulta imprescindible aclarar algunas cosas que permitir\u00e1n entender las claras razones del guarismo de este ciclo y tambi\u00e9n el \u00e9xito que ocurre firme en la vereda opuesta con el canal de las tres pelotitas. Hay decisiones que la emisora de Constituci\u00f3n tom\u00f3 en su momento en cuanto a programaci\u00f3n, las que al haberse mantenido tanto tiempo corrieron de foco y calidad la tradicional respuesta de la audiencia. Por eso ahora tampoco pueden esperarse demasiados milagros de rating en un canal donde la concatenaci\u00f3n de errores programando, se volvi\u00f3 lamentablemente una problem\u00e1tica costumbre donde nadie pareci\u00f3 discutir las consecuencias de ese proceder.\u00a0Desde mediados de la d\u00e9cada pasada, desafortunadamente <strong>Adri\u00e1n Suar<\/strong> err\u00f3 de punta a punta toda la programaci\u00f3n del bloque nocturno, en paralelo con el firme crecimiento y consolidaci\u00f3n en \u00ab<strong>TLF\u00bb<\/strong> en formatos que pegaron de inmediato, sin olvidar que la debacle del equipo period\u00edstico en la emisora de la calle Lima aconteci\u00f3 de manera brutal, primero con la p\u00e9sima dupla de <strong>Diego Leuco<\/strong> y <strong>Luciana Geuna<\/strong> para un bochornoso <strong>\u201cTelenoche\u201d<\/strong>, paup\u00e9rrimo efecto que se contagi\u00f3 veloz a los dem\u00e1s panoramas informativos del canal del solcito.<\/h2>\n<p><a href=\"http:\/\/noticias1440.com.ar\/wp-content\/uploads\/2025\/07\/Otro-Dia-Perdido-Foto-016-Vanesa-Bafaro-Prensa-El-Trece.jpg\"><img loading=\"lazy\" decoding=\"async\" class=\"wp-image-2613 aligncenter\" src=\"http:\/\/noticias1440.com.ar\/wp-content\/uploads\/2025\/07\/Otro-Dia-Perdido-Foto-016-Vanesa-Bafaro-Prensa-El-Trece-300x150.jpg\" alt=\"\" width=\"916\" height=\"458\" srcset=\"http:\/\/noticias1440.com.ar\/wp-content\/uploads\/2025\/07\/Otro-Dia-Perdido-Foto-016-Vanesa-Bafaro-Prensa-El-Trece-300x150.jpg 300w, http:\/\/noticias1440.com.ar\/wp-content\/uploads\/2025\/07\/Otro-Dia-Perdido-Foto-016-Vanesa-Bafaro-Prensa-El-Trece-1024x513.jpg 1024w, http:\/\/noticias1440.com.ar\/wp-content\/uploads\/2025\/07\/Otro-Dia-Perdido-Foto-016-Vanesa-Bafaro-Prensa-El-Trece-768x385.jpg 768w, http:\/\/noticias1440.com.ar\/wp-content\/uploads\/2025\/07\/Otro-Dia-Perdido-Foto-016-Vanesa-Bafaro-Prensa-El-Trece.jpg 1199w\" sizes=\"auto, (max-width: 916px) 100vw, 916px\" \/><\/a><\/p>\n<h2 style=\"text-align: center;\"><\/h2>\n<h2 style=\"text-align: center;\">Si a eso le sumamos la consolidaci\u00f3n de otros valiosos formatos en la competencia, m\u00e1s un empecinamiento en colocar solo programas con la presencia de <strong>Guido Kazka<\/strong> gritando \u00a0permanentemente en horario prime-time, nadie deber\u00eda sorprenderse cuando <strong>\u201cLa Voz\u201d<\/strong> ahora est\u00e1 casi triplicando todas las noches las mediciones de <strong>\u201cOtro D\u00eda Perdido\u201d<\/strong>. Entre los grandes pifies del triunvirato programador <strong>Suar-Codevilla-Fern\u00e1ndez<\/strong>, aparece sin dudas la postura de no haber retenido a <strong>Iv\u00e1n de Pineda<\/strong> en la emisora, permitiendo as\u00ed que \u00e9ste tras su estad\u00eda en la se\u00f1al de <strong>Artear<\/strong>, pasara muy velozmente a \u00ab<strong>TLF\u00bb<\/strong>, donde s\u00ed supieron valorarlo en su justa escala, brind\u00e1ndole espacios y formatos para mostrar su talento como conductor todo terreno en cualquier horario. El da\u00f1o en la emisora del solcito fue hecho y corregirlo demandar\u00e1 bastantes temporadas y cambios muy bruscos, buscando salir veloz del despampanante colapso que provocaron tantas decisiones demasiado equivocadas. Por eso, caerle encima ahora a la medici\u00f3n del programa de <strong>Mario Pergolini<\/strong>, parece fallido en asignar responsabilidades de lo que sucede, porque el presente de la se\u00f1al en cuanto a sus n\u00fameros, obviamente responde a las decisiones que se tomaron desde el 2015 en adelante, manteniendo el muy oxidado formato de baile en <strong>\u201cShowMatch\u201d<\/strong> y otros ciclos que no solo no reportaron n\u00fameros valiosos, sino que espantaron numerosos televidentes.<\/h2>\n<h2 style=\"text-align: center;\"><a href=\"http:\/\/noticias1440.com.ar\/wp-content\/uploads\/2025\/07\/Otro-Dia-Perdido-Foto-023-Vanesa-Bafaro-Prensa-El-Trece.jpg\"><img loading=\"lazy\" decoding=\"async\" class=\"wp-image-2620 aligncenter\" src=\"http:\/\/noticias1440.com.ar\/wp-content\/uploads\/2025\/07\/Otro-Dia-Perdido-Foto-023-Vanesa-Bafaro-Prensa-El-Trece-300x108.jpg\" alt=\"\" width=\"917\" height=\"330\" srcset=\"http:\/\/noticias1440.com.ar\/wp-content\/uploads\/2025\/07\/Otro-Dia-Perdido-Foto-023-Vanesa-Bafaro-Prensa-El-Trece-300x108.jpg 300w, http:\/\/noticias1440.com.ar\/wp-content\/uploads\/2025\/07\/Otro-Dia-Perdido-Foto-023-Vanesa-Bafaro-Prensa-El-Trece-1024x369.jpg 1024w, http:\/\/noticias1440.com.ar\/wp-content\/uploads\/2025\/07\/Otro-Dia-Perdido-Foto-023-Vanesa-Bafaro-Prensa-El-Trece-768x277.jpg 768w, http:\/\/noticias1440.com.ar\/wp-content\/uploads\/2025\/07\/Otro-Dia-Perdido-Foto-023-Vanesa-Bafaro-Prensa-El-Trece.jpg 1198w\" sizes=\"auto, (max-width: 917px) 100vw, 917px\" \/><\/a><\/h2>\n<h2 style=\"text-align: center;\">El desaf\u00edo que tiene por delante <strong>\u201cOtro D\u00eda Perdido\u201d<\/strong> es consolidar un formato de calidad, corrigiendo\u00a0 errores que le permitan crecer en calidad, purificando lo que sea necesario, para despu\u00e9s sostenerse en pantalla a fin de generar p\u00fablico cautivo. Habr\u00e1 que ver cu\u00e1nto tiempo le permite <strong>\u00abEl Trece\u00bb<\/strong> proseguir a <strong>\u201cODP\u201d<\/strong> en el aire en el caso que se mantenga con bajas mediciones de rating, mientras algunas voces desde la industria le han recomendado al conocido animador y empresario porte\u00f1o hacer este programa en vivo, buscando una espontaneidad que pueda impactar en la audiencia. Hoy, cuando las miradas est\u00e1n puestas en ver cu\u00e1n inminente puede ser la ca\u00edda de un gran creativo de la industria en su regreso al \u00e1mbito que lo consagr\u00f3, tambi\u00e9n se percibe que ciertos personajes de esta televisi\u00f3n viven la circunstancia de ajustar cuentas con quien supuestamente los ofendi\u00f3 en los \u201890s, un pase de factura que incluye a referentes de la comunidad homosexual, comunicadores de otros ciclos que disfrutan la err\u00e1tica respuesta del p\u00fablico al nuevo ciclo, m\u00e1s todos los que vieron en el conductor al m\u00e1s perfecto y destacado \u201cAntiCristo\u201d de la comunicaci\u00f3n.<\/h2>\n<h2 style=\"text-align: center;\"><a href=\"http:\/\/noticias1440.com.ar\/wp-content\/uploads\/2025\/07\/Otro-Dia-Perdido-Foto-018-Vanesa-Bafaro-Prensa-El-Trece.jpg\"><img loading=\"lazy\" decoding=\"async\" class=\"wp-image-2615 aligncenter\" src=\"http:\/\/noticias1440.com.ar\/wp-content\/uploads\/2025\/07\/Otro-Dia-Perdido-Foto-018-Vanesa-Bafaro-Prensa-El-Trece-300x152.jpg\" alt=\"\" width=\"912\" height=\"462\" srcset=\"http:\/\/noticias1440.com.ar\/wp-content\/uploads\/2025\/07\/Otro-Dia-Perdido-Foto-018-Vanesa-Bafaro-Prensa-El-Trece-300x152.jpg 300w, http:\/\/noticias1440.com.ar\/wp-content\/uploads\/2025\/07\/Otro-Dia-Perdido-Foto-018-Vanesa-Bafaro-Prensa-El-Trece-1024x518.jpg 1024w, http:\/\/noticias1440.com.ar\/wp-content\/uploads\/2025\/07\/Otro-Dia-Perdido-Foto-018-Vanesa-Bafaro-Prensa-El-Trece-768x389.jpg 768w, http:\/\/noticias1440.com.ar\/wp-content\/uploads\/2025\/07\/Otro-Dia-Perdido-Foto-018-Vanesa-Bafaro-Prensa-El-Trece.jpg 1199w\" sizes=\"auto, (max-width: 912px) 100vw, 912px\" \/><\/a><\/h2>\n<h2 style=\"text-align: center;\">Luchando en estas semanas para que el ciclo adquiera cierta personalidad y respuesta de audiencia, <strong>Mario Daniel Pergolini<\/strong> lleg\u00f3 a una televisi\u00f3n muy canibalista que no titubea en devorarse todo lo que pueda colocarse en su camino. P\u00e9simamente acompa\u00f1ado por unos personajes que hoy no son los mejores colaboradores para un retorno de esta jerarqu\u00eda, el animador, productor y realizador de radio\/tv\/Internet camina permanentemente seguido por numerosas luces rojas de las miras telesc\u00f3picas que lo tienen en foco. Acept\u00f3 regresar porque <strong>Mario<\/strong> pens\u00f3 que a\u00fan pod\u00eda ofrecerle algo a la pantalla chica o porque necesitaba despedirse dando batalla en una televisi\u00f3n actual que apesta a muy larga distancia. Con poco para ganar, fuera de lo estrictamente econ\u00f3mico y much\u00edsimo para perder en la despiadada cr\u00edtica que fulmina todos sus pasos en este proyecto, <strong>Pergolini<\/strong> permanece con la vista levantada, su talento para conducir junto a ese entra\u00f1able y divertido cinismo para mirar esta realidad medi\u00e1tica tan despedazada como insufrible en los tiempos que corren. <strong>\u201cOtro D\u00eda Perdido\u201d<\/strong> a juzgar por lo ocurrido hasta ahora es un programa asordinado por la polic\u00eda del pensamiento, con las obvias imposiciones que lucen los ciclos ahora, sufriendo el dif\u00edcil rating de una se\u00f1al que vive en permanente deterioro. Est\u00e1 muy claro que para hacer buen rock en la \u201ccaja boba\u201d, una bater\u00eda se toca \u201cen vivo\u201d con palos de madera, no con delicadas escobillas en una grabaci\u00f3n emitida horas m\u00e1s tarde.<\/h2>\n<h2 style=\"text-align: center;\"><a href=\"http:\/\/noticias1440.com.ar\/wp-content\/uploads\/2025\/07\/Otro-Dia-Perdido-Foto-024-Vanesa-Bafaro-Prensa-El-Trece.jpg\"><img loading=\"lazy\" decoding=\"async\" class=\"wp-image-2621 aligncenter\" src=\"http:\/\/noticias1440.com.ar\/wp-content\/uploads\/2025\/07\/Otro-Dia-Perdido-Foto-024-Vanesa-Bafaro-Prensa-El-Trece-300x155.jpg\" alt=\"\" width=\"910\" height=\"470\" srcset=\"http:\/\/noticias1440.com.ar\/wp-content\/uploads\/2025\/07\/Otro-Dia-Perdido-Foto-024-Vanesa-Bafaro-Prensa-El-Trece-300x155.jpg 300w, http:\/\/noticias1440.com.ar\/wp-content\/uploads\/2025\/07\/Otro-Dia-Perdido-Foto-024-Vanesa-Bafaro-Prensa-El-Trece-1024x529.jpg 1024w, http:\/\/noticias1440.com.ar\/wp-content\/uploads\/2025\/07\/Otro-Dia-Perdido-Foto-024-Vanesa-Bafaro-Prensa-El-Trece-768x397.jpg 768w, http:\/\/noticias1440.com.ar\/wp-content\/uploads\/2025\/07\/Otro-Dia-Perdido-Foto-024-Vanesa-Bafaro-Prensa-El-Trece.jpg 1201w\" sizes=\"auto, (max-width: 910px) 100vw, 910px\" \/><\/a><\/h2>\n<h2 style=\"text-align: center;\"><strong>\u201cOtro D\u00eda Perdido\u201d<\/strong> conducci\u00f3n <strong>Mario Daniel Pergolini<\/strong> por <strong>\u00abEl Trece\u00bb<\/strong> \/\/ Idea: <strong>Diego Guebel, Alejandro Borensztein y Mario Daniel Pergolini<\/strong> \/\/\u00a0Gui\u00f3n: <strong>Alejandro Borensztein<\/strong> \/\/\u00a0Producci\u00f3n: <strong>Diego Guebel y Alejandro Borensztein<\/strong> \/\/\u00a0Conducci\u00f3n: <strong>Mario Daniel Pergolin<\/strong>i \/\/\u00a0Lunes a Viernes a las 22:30 horas \/\/ Se graba a las 16:30hs, luego se edita y se emite a las 22:30 \/\/<\/h2>\n<h2><a href=\"http:\/\/noticias1440.com.ar\/wp-content\/uploads\/2025\/07\/Otro-Dia-Perdido-Foto-010-Vanesa-Bafaro-Prensa-El-Trece.jpg\"><img loading=\"lazy\" decoding=\"async\" class=\"wp-image-2607 aligncenter\" src=\"http:\/\/noticias1440.com.ar\/wp-content\/uploads\/2025\/07\/Otro-Dia-Perdido-Foto-010-Vanesa-Bafaro-Prensa-El-Trece-300x151.jpg\" alt=\"\" width=\"912\" height=\"459\" srcset=\"http:\/\/noticias1440.com.ar\/wp-content\/uploads\/2025\/07\/Otro-Dia-Perdido-Foto-010-Vanesa-Bafaro-Prensa-El-Trece-300x151.jpg 300w, http:\/\/noticias1440.com.ar\/wp-content\/uploads\/2025\/07\/Otro-Dia-Perdido-Foto-010-Vanesa-Bafaro-Prensa-El-Trece-1024x515.jpg 1024w, http:\/\/noticias1440.com.ar\/wp-content\/uploads\/2025\/07\/Otro-Dia-Perdido-Foto-010-Vanesa-Bafaro-Prensa-El-Trece-768x386.jpg 768w, http:\/\/noticias1440.com.ar\/wp-content\/uploads\/2025\/07\/Otro-Dia-Perdido-Foto-010-Vanesa-Bafaro-Prensa-El-Trece.jpg 1199w\" sizes=\"auto, (max-width: 912px) 100vw, 912px\" \/><\/a><\/h2>\n<h2 style=\"text-align: center;\"><strong>Ratings \u201cODP\u201d primeros diez programas:\u00a0\u00a0<\/strong>Lunes 14 de Julio de 2025 (<strong>Guillermo Francella<\/strong>) 5.7 puntos \/\/\u00a0Martes 15 de Julio de 2025 (<strong>Cazzu<\/strong>)) 5.2 puntos \/\/\u00a0Mi\u00e9rcoles 16 de Julio de 2025 (<strong>Joaqu\u00edn Furriel<\/strong>) : 4.5 puntos \/\/\u00a0Jueves 17 de Julio de 2025 (<strong>Agustina Kampfer\/prof BioEnerg\u00eda<\/strong>): 5.2 puntos \/\/\u00a0Viernes 18 de Julio de 2025 (<strong>Malena Pichot y Pilar Gamboa\/campe\u00f3n chino<\/strong>): 5.0 puntos \/\/\u00a0Lunes 21 de Julio de 2025 (<strong>Florencia Pe\u00f1a<\/strong>) 3.9 puntos \/\/\u00a0Martes 22 de Julio De 2025 (<strong>Eduardo Feinmann<\/strong>) 4.5 puntos \/\/\u00a0Mi\u00e9rcoles 23 de Julio 2025 (<strong>Luciano Castro \u2013 Ger\u00f3nimo Rauch<\/strong>) 3.0 puntos \/\/\u00a0Jueves 24 de Julio 2025 (<strong>Zoe Gotusso<\/strong>) 5.5 puntos \/\/\u00a0Viernes 25 de Julio 2025 (actores de <strong>Divisi\u00f3n Palermo<\/strong>) 4.9 puntos \/\/<strong><span style=\"color: #000080;\">Fotos de Prensa \u00abOtro D\u00eda Perdido\u00bb:<\/span> <span style=\"color: #800080;\">Vanesa Bafaro (Prensa \u00abEl Trece\u00bb)<\/span><\/strong><span style=\"color: #800080;\">\u00a0<\/span><\/h2>\n<h2 style=\"text-align: center;\"><\/h2>\n","protected":false},"excerpt":{"rendered":"<p>El conductor de \u201cCQC\u201d y \u201cAlgo Habr\u00e1n Hecho\u201d volvi\u00f3 a la pantalla chica tras 15 a\u00f1os de ausencia, una grata novedad dentro de un medio agonizante repleto de mediocres, flamante proyecto que en sus primeras diez entregas choc\u00f3 con integrantes y elementos que lo ayudaron poco y nada.<\/p>\n","protected":false},"author":1,"featured_media":2600,"comment_status":"closed","ping_status":"open","sticky":false,"template":"","format":"standard","meta":{"footnotes":""},"categories":[8,6],"tags":[],"class_list":["post-2594","post","type-post","status-publish","format-standard","has-post-thumbnail","hentry","category-criticas","category-lanzamientos"],"_links":{"self":[{"href":"http:\/\/noticias1440.com.ar\/index.php?rest_route=\/wp\/v2\/posts\/2594","targetHints":{"allow":["GET"]}}],"collection":[{"href":"http:\/\/noticias1440.com.ar\/index.php?rest_route=\/wp\/v2\/posts"}],"about":[{"href":"http:\/\/noticias1440.com.ar\/index.php?rest_route=\/wp\/v2\/types\/post"}],"author":[{"embeddable":true,"href":"http:\/\/noticias1440.com.ar\/index.php?rest_route=\/wp\/v2\/users\/1"}],"replies":[{"embeddable":true,"href":"http:\/\/noticias1440.com.ar\/index.php?rest_route=%2Fwp%2Fv2%2Fcomments&post=2594"}],"version-history":[{"count":8,"href":"http:\/\/noticias1440.com.ar\/index.php?rest_route=\/wp\/v2\/posts\/2594\/revisions"}],"predecessor-version":[{"id":2628,"href":"http:\/\/noticias1440.com.ar\/index.php?rest_route=\/wp\/v2\/posts\/2594\/revisions\/2628"}],"wp:featuredmedia":[{"embeddable":true,"href":"http:\/\/noticias1440.com.ar\/index.php?rest_route=\/wp\/v2\/media\/2600"}],"wp:attachment":[{"href":"http:\/\/noticias1440.com.ar\/index.php?rest_route=%2Fwp%2Fv2%2Fmedia&parent=2594"}],"wp:term":[{"taxonomy":"category","embeddable":true,"href":"http:\/\/noticias1440.com.ar\/index.php?rest_route=%2Fwp%2Fv2%2Fcategories&post=2594"},{"taxonomy":"post_tag","embeddable":true,"href":"http:\/\/noticias1440.com.ar\/index.php?rest_route=%2Fwp%2Fv2%2Ftags&post=2594"}],"curies":[{"name":"wp","href":"https:\/\/api.w.org\/{rel}","templated":true}]}}