{"id":2554,"date":"2025-07-25T17:40:37","date_gmt":"2025-07-25T17:40:37","guid":{"rendered":"https:\/\/noticias1440.com.ar\/?p=2554"},"modified":"2025-07-29T17:40:52","modified_gmt":"2025-07-29T17:40:52","slug":"walter-dominguez-concreto-un-espectacular-show-en-niceto-lado-b-con-facundo-arana-como-super-estrella-invitada","status":"publish","type":"post","link":"http:\/\/noticias1440.com.ar\/?p=2554","title":{"rendered":"Walter Dom\u00ednguez concret\u00f3 un espectacular show en \u201cNiceto \u2013 Lado B\u201d con Facundo Arana como s\u00faper estrella invitada"},"content":{"rendered":"<h2 style=\"text-align: center;\">El m\u00fasico y editor period\u00edstico present\u00f3 nuevo material en \u201cHumbolt\u201d con el legendario actor, cantante y saxofonista como invitado sorpresa, una velada que incluy\u00f3 adem\u00e1s la actuaci\u00f3n de solista \u201cNech\u201d como telonero en la sala lateral del famoso club palermitano.<\/h2>\n<p><!--more--><\/p>\n<p>&nbsp;<\/p>\n<h2 style=\"text-align: center;\"><a href=\"http:\/\/noticias1440.com.ar\/wp-content\/uploads\/2025\/07\/Walter-Dominguez-Niceto-Foto-Gabriel-Imparato-003.jpg\"><img loading=\"lazy\" decoding=\"async\" class=\"wp-image-2560 aligncenter\" src=\"http:\/\/noticias1440.com.ar\/wp-content\/uploads\/2025\/07\/Walter-Dominguez-Niceto-Foto-Gabriel-Imparato-003-300x151.jpg\" alt=\"\" width=\"912\" height=\"459\" srcset=\"http:\/\/noticias1440.com.ar\/wp-content\/uploads\/2025\/07\/Walter-Dominguez-Niceto-Foto-Gabriel-Imparato-003-300x151.jpg 300w, http:\/\/noticias1440.com.ar\/wp-content\/uploads\/2025\/07\/Walter-Dominguez-Niceto-Foto-Gabriel-Imparato-003-1024x516.jpg 1024w, http:\/\/noticias1440.com.ar\/wp-content\/uploads\/2025\/07\/Walter-Dominguez-Niceto-Foto-Gabriel-Imparato-003-768x387.jpg 768w, http:\/\/noticias1440.com.ar\/wp-content\/uploads\/2025\/07\/Walter-Dominguez-Niceto-Foto-Gabriel-Imparato-003.jpg 1198w\" sizes=\"auto, (max-width: 912px) 100vw, 912px\" \/><\/a><\/h2>\n<h2 style=\"text-align: center;\"><a href=\"http:\/\/noticias1440.com.ar\/wp-content\/uploads\/2025\/07\/NOMBRE-PARA-SITIO-WEB-3-7.jpg\"><img loading=\"lazy\" decoding=\"async\" class=\"size-medium wp-image-2567 alignleft\" src=\"http:\/\/noticias1440.com.ar\/wp-content\/uploads\/2025\/07\/NOMBRE-PARA-SITIO-WEB-3-7-300x61.jpg\" alt=\"\" width=\"300\" height=\"61\" srcset=\"http:\/\/noticias1440.com.ar\/wp-content\/uploads\/2025\/07\/NOMBRE-PARA-SITIO-WEB-3-7-300x61.jpg 300w, http:\/\/noticias1440.com.ar\/wp-content\/uploads\/2025\/07\/NOMBRE-PARA-SITIO-WEB-3-7.jpg 359w\" sizes=\"auto, (max-width: 300px) 100vw, 300px\" \/><\/a><\/h2>\n<h2 style=\"text-align: center;\"><\/h2>\n<p>&nbsp;<\/p>\n<h2 style=\"text-align: center;\"><strong>(Capital Federal \u2013 Viernes 25 de Julio de 2025)<\/strong> La excusa, simple y contempor\u00e1nea, tal como acontece con los int\u00e9rpretes actuales, era presentar su nuevo tema llamado <strong>\u201cMuchas vidas\u201d<\/strong>, lanzamiento del artista a trav\u00e9s de <strong>\u201cPopArtDiscos\u201d<\/strong> ocurrido durante fines del mes pasado a nivel internacional en todas las plataformas digitales. El concierto, anunciado en las \u00faltimas semanas por la divisional porte\u00f1a de la productora <strong>\u201cPop Art\u201d<\/strong> y tambi\u00e9n por el cantautor en sus redes sociales, tambi\u00e9n marc\u00f3 la vuelta a los escenarios despu\u00e9s de tocar en una de las jornadas desarrolladas en el complejo de <strong>\u201cTecn\u00f3polis\u201d<\/strong>, con motivo de una nueva edici\u00f3n del multitudinario festival <strong>\u201cQuilmes Rock 2025\u201d<\/strong>. Modesto y humilde, tal como suele autoproclamarse ante el inocultable entusiasmo de los dem\u00e1s, anoche <strong>Walter Dom\u00ednguez<\/strong> subi\u00f3 entusiasmado pero sereno al escenario de <strong>\u201cHumbolt\u201d<\/strong>, es decir el \u201cLado B\u201d del local <strong>\u201cNiceto Club\u201d<\/strong>, para ratificar que su repertorio tanto en sus diversos conjuntos como solista, ha adquirido con el paso de los a\u00f1os una necesaria maduraci\u00f3n para asomar en la actualidad como una compilaci\u00f3n de canciones que marcan su indiscutida evoluci\u00f3n como compositor e int\u00e9rprete, sin por ello descuidar en lo m\u00e1s m\u00ednimo su profesi\u00f3n como editor de la secci\u00f3n \u201cEspect\u00e1culos\u201d del diario <strong>\u201cClar\u00edn\u201d<\/strong> hace bastantes temporadas.<\/h2>\n<p>&nbsp;<\/p>\n<p><a href=\"http:\/\/noticias1440.com.ar\/wp-content\/uploads\/2025\/07\/Walter-Dominguez-Niceto-Foto-Gabriel-Imparato-005.jpg\"><img loading=\"lazy\" decoding=\"async\" class=\"wp-image-2562 aligncenter\" src=\"http:\/\/noticias1440.com.ar\/wp-content\/uploads\/2025\/07\/Walter-Dominguez-Niceto-Foto-Gabriel-Imparato-005-300x156.jpg\" alt=\"\" width=\"917\" height=\"477\" srcset=\"http:\/\/noticias1440.com.ar\/wp-content\/uploads\/2025\/07\/Walter-Dominguez-Niceto-Foto-Gabriel-Imparato-005-300x156.jpg 300w, http:\/\/noticias1440.com.ar\/wp-content\/uploads\/2025\/07\/Walter-Dominguez-Niceto-Foto-Gabriel-Imparato-005-1024x534.jpg 1024w, http:\/\/noticias1440.com.ar\/wp-content\/uploads\/2025\/07\/Walter-Dominguez-Niceto-Foto-Gabriel-Imparato-005-768x400.jpg 768w, http:\/\/noticias1440.com.ar\/wp-content\/uploads\/2025\/07\/Walter-Dominguez-Niceto-Foto-Gabriel-Imparato-005.jpg 1187w\" sizes=\"auto, (max-width: 917px) 100vw, 917px\" \/><\/a><\/p>\n<h2 style=\"text-align: center;\"><\/h2>\n<h2 style=\"text-align: center;\">A pesar del fr\u00edo, el agresivo viento nocturno y la circunstancia de proponer un recital un jueves a la noche de invierno en el escenario paralelo del reconocido club palermitano, la convocatoria fue sobrepasada en sus c\u00e1lculos esperados, cuando cerca de las 21:30 horas un poco m\u00e1s de doscientas personas abarrotaron ese lugar. Canciones como <strong>\u201cZoom\u201d<\/strong> y <strong>\u201cViejos Vinagres\u201d<\/strong> en formato \u201cextended dance\u201d pasadas por el DJ residente del lugar, le dieron a la previa un clima de contexto pop- rock muy cuidado. Ya con todo ordenando sobre escena, el primer recital se puso en marcha. <strong>\u201cNech\u201d<\/strong> es un joven solista que tiene un grupo con el cual viene haciendo versiones de canciones muy conocidas en vivo, las que tienen un tratamiento particular. Todos los teclados, secuencias y bronces asoman en formato de pista para acompa\u00f1ar un cuarteto de rock que suena ajustado y necesitado de mayor cantidad de horas sobre los proscenios, algo compensado por la buena voluntad de los ejecutantes a la hora de mostrar su material delante del p\u00fablico.<\/h2>\n<h2><a href=\"http:\/\/noticias1440.com.ar\/wp-content\/uploads\/2025\/07\/Walter-Dominguez-Niceto-Foto-Gabriel-Imparato-001.jpg\"><img loading=\"lazy\" decoding=\"async\" class=\"wp-image-2558 aligncenter\" src=\"http:\/\/noticias1440.com.ar\/wp-content\/uploads\/2025\/07\/Walter-Dominguez-Niceto-Foto-Gabriel-Imparato-001-300x151.jpg\" alt=\"\" width=\"918\" height=\"462\" srcset=\"http:\/\/noticias1440.com.ar\/wp-content\/uploads\/2025\/07\/Walter-Dominguez-Niceto-Foto-Gabriel-Imparato-001-300x151.jpg 300w, http:\/\/noticias1440.com.ar\/wp-content\/uploads\/2025\/07\/Walter-Dominguez-Niceto-Foto-Gabriel-Imparato-001-1024x515.jpg 1024w, http:\/\/noticias1440.com.ar\/wp-content\/uploads\/2025\/07\/Walter-Dominguez-Niceto-Foto-Gabriel-Imparato-001-768x387.jpg 768w, http:\/\/noticias1440.com.ar\/wp-content\/uploads\/2025\/07\/Walter-Dominguez-Niceto-Foto-Gabriel-Imparato-001.jpg 1200w\" sizes=\"auto, (max-width: 918px) 100vw, 918px\" \/><\/a><\/h2>\n<h2 style=\"text-align: center;\">El repertorio expuso un eclecticismo pop-rock intenso y la apertura fue con el hit <strong>\u201cLuna de miel en la mano\u201d, el cl\u00e1sico de Virus<\/strong>, secuencia que continu\u00f3 con <strong>\u201cCracker Island\u201d (Gorillaz)<\/strong>, <strong>\u201cYendo de la cama al living\u201d (Charly Garc\u00eda)<\/strong> y <strong>\u201cCanci\u00f3n Animal\u201d (Soda St\u00e9reo)<\/strong>, tras lo cual decidi\u00f3 estrenar su primer tema propio llamado<strong> \u201cAngel\u201d<\/strong>. Con buena aceptaci\u00f3n a esa canci\u00f3n, el set prosigui\u00f3 con <strong>\u201cLago en el cielo\u201d (Gustavo Cerati)<\/strong> , <strong>\u201cBad Habits\u201d (Ed Sheeran)<\/strong>, <strong>\u201cShout\u201d (Tears For Fears)<\/strong> y el segundo tema de su autor\u00eda, llamado <strong>\u201cEl sol cubre todo\u201d<\/strong>. Aplaudido por toda la concurrencia, dej\u00f3 el lugar a buena temperatura para que el espect\u00e1culo central pusiese primera en una noche donde el p\u00fablico mostr\u00f3 su \u00e1nimo de participar intensamente.<\/h2>\n<h2 style=\"text-align: center;\"><a href=\"http:\/\/noticias1440.com.ar\/wp-content\/uploads\/2025\/07\/Walter-Dominguez-Niceto-Foto-Gabriel-Imparato-004.jpg\"><img loading=\"lazy\" decoding=\"async\" class=\"wp-image-2561 aligncenter\" src=\"http:\/\/noticias1440.com.ar\/wp-content\/uploads\/2025\/07\/Walter-Dominguez-Niceto-Foto-Gabriel-Imparato-004-300x150.jpg\" alt=\"\" width=\"914\" height=\"457\" srcset=\"http:\/\/noticias1440.com.ar\/wp-content\/uploads\/2025\/07\/Walter-Dominguez-Niceto-Foto-Gabriel-Imparato-004-300x150.jpg 300w, http:\/\/noticias1440.com.ar\/wp-content\/uploads\/2025\/07\/Walter-Dominguez-Niceto-Foto-Gabriel-Imparato-004-1024x512.jpg 1024w, http:\/\/noticias1440.com.ar\/wp-content\/uploads\/2025\/07\/Walter-Dominguez-Niceto-Foto-Gabriel-Imparato-004-768x384.jpg 768w, http:\/\/noticias1440.com.ar\/wp-content\/uploads\/2025\/07\/Walter-Dominguez-Niceto-Foto-Gabriel-Imparato-004.jpg 1199w\" sizes=\"auto, (max-width: 914px) 100vw, 914px\" \/><\/a><\/h2>\n<h2 style=\"text-align: center;\"><strong>Walter Dom\u00ednguez<\/strong>, con una reconocida carrera en la industria period\u00edstica, mantiene en las \u00faltimas dos d\u00e9cadas un permanente y cuidado tiempo dedicado a la m\u00fasica, carrera que incluye sus grupos <strong>\u201cSoldado Venga!\u201d<\/strong>, <strong>\u201cAstro y sus boys\u201d<\/strong> y <strong>\u201cVeneno\u201d<\/strong>, que ha ido alternando con equilibradas fases como solista. Como a la mayor\u00eda de los artistas que se dedican con pasi\u00f3n y entusiasmo a este mettier, la pandemia obviamente le signific\u00f3 la puesta en pausa de esa actividad, ante la ausencia de conciertos p\u00fablicos durante aquel lapso con restricciones para reuniones masivas. Desde el retorno de las actividades que exist\u00edan previas a la crisis sanitaria, <strong>Dom\u00ednguez<\/strong> retom\u00f3 su costado solista, record\u00e1ndose que el guitarrista tiene publicados discos como <strong>\u201cRockero\u201d<\/strong>, <strong>\u201cActitud WD\u201d<\/strong> y <strong>\u201cTercero\u201d<\/strong>, lanzamientos que en su momento recibieron una muy destacada respuesta tanto en toda la estructura difusional como en los recitales efectuados a tal fin en distintas partes del pa\u00eds, siendo respaldado firmemente por la productora <strong>\u201cPop Art\u201d<\/strong> con su divisional discogr\u00e1fica en el pa\u00eds y el exterior. Paralelo a su rol de de m\u00fasico y editor period\u00edstico, <strong>Walter<\/strong> lanz\u00f3 en 2018 el libro <strong>\u201cSer\u00fa Gir\u00e1n, la historia\u201d<\/strong> por <strong>Editorial Planeta<\/strong>, pero consultado si seguir\u00e1 publicando nuevos trabajos de este perfil, confirm\u00f3 que esta faceta se encuentra firme en cuarteles de invierno, sin posibilidad aparente de retomar dicha actividad literaria.<\/h2>\n<h2 style=\"text-align: center;\"><a href=\"http:\/\/noticias1440.com.ar\/wp-content\/uploads\/2025\/07\/Walter-Dominguez-Niceto-Foto-Gabriel-Imparato-002.jpg\"><img loading=\"lazy\" decoding=\"async\" class=\"wp-image-2559 aligncenter\" src=\"http:\/\/noticias1440.com.ar\/wp-content\/uploads\/2025\/07\/Walter-Dominguez-Niceto-Foto-Gabriel-Imparato-002-300x151.jpg\" alt=\"\" width=\"914\" height=\"460\" srcset=\"http:\/\/noticias1440.com.ar\/wp-content\/uploads\/2025\/07\/Walter-Dominguez-Niceto-Foto-Gabriel-Imparato-002-300x151.jpg 300w, http:\/\/noticias1440.com.ar\/wp-content\/uploads\/2025\/07\/Walter-Dominguez-Niceto-Foto-Gabriel-Imparato-002-1024x515.jpg 1024w, http:\/\/noticias1440.com.ar\/wp-content\/uploads\/2025\/07\/Walter-Dominguez-Niceto-Foto-Gabriel-Imparato-002-768x386.jpg 768w, http:\/\/noticias1440.com.ar\/wp-content\/uploads\/2025\/07\/Walter-Dominguez-Niceto-Foto-Gabriel-Imparato-002.jpg 1197w\" sizes=\"auto, (max-width: 914px) 100vw, 914px\" \/><\/a><\/h2>\n<h2 style=\"text-align: center;\">A las 23:07 y con la gente ya reclamando el arranque del segundo evento, <strong>Walter<\/strong> subi\u00f3 a escena acompa\u00f1ado por su amigo y socio <strong>Lucas Sedler(guitarra)<\/strong>, banda completada con el bajista <strong>Maxi V\u00e1zquez<\/strong> y <strong>Marcelo C\u00f3ceres<\/strong> en la bater\u00eda. Con un sonido apropiado para el show central y una gran pantalla de cuarzo detr\u00e1s para proyectar im\u00e1genes a lo largo de su concierto, el guitarrista y sus socios pusieron en marcha una faena con 15 canciones programada sin pausas ni bises. La apertura fue con <strong>\u201cNueva Far\u00e1ndula\u201d<\/strong>, tema que en su momento tuvo un videoclip con las participaciones de conocidas figuras como <strong>Adabel Guerrero<\/strong>, el guitarrista <strong>Leandro \u201cLolo\u201d Fuentes<\/strong>, <strong>Hoby De Fino<\/strong>, <strong>Ileana Calabr\u00f3<\/strong> y el gran manager de moda <strong>Francisco \u201cPancho\u201d Dotto<\/strong>, un arranque firme que desnud\u00f3 en breves pinceladas lo macizo del listado preparado para la ocasi\u00f3n. Siguieron <strong>\u201cChico de la calle\u201d<\/strong>, <strong>\u201cTu descarte\u201d<\/strong>, <strong>\u201cLos m\u00fasicos\u201d<\/strong>, <strong>\u201cAhora ve\u201d<\/strong>, <strong>\u201cTestamento\u201d<\/strong>, <strong>\u201cHabl\u00e9\u201d<\/strong> y <strong>\u201cHoras extras\u201d<\/strong>, un pu\u00f1ado de canciones de distintas etapas del artista que mostraron su contundencia, pero sobre todo su permanencia en el repertorio del cantautor, composiciones que tuvieron en la mayor\u00eda de los casos destacados videoclips respaldando a la banda en vivo. Mostrando un enorme sentido de camarader\u00eda con su n\u00famero de apertura, <strong>Walter Dom\u00ednguez<\/strong> invit\u00f3 al escenario a <strong>\u201cNech\u201d<\/strong> para cantar juntos el tema <strong>\u201cLa chica del tren\u201d<\/strong>, un ameno momento con una de las obras de mayor tono pop dentro de la discograf\u00eda del m\u00fasico y editor.<\/h2>\n<h2 style=\"text-align: center;\"><a href=\"http:\/\/noticias1440.com.ar\/wp-content\/uploads\/2025\/07\/Walter-Dominguez-Niceto-Foto-Gabriel-Imparato-009.jpg\"><img loading=\"lazy\" decoding=\"async\" class=\"wp-image-2566 aligncenter\" src=\"http:\/\/noticias1440.com.ar\/wp-content\/uploads\/2025\/07\/Walter-Dominguez-Niceto-Foto-Gabriel-Imparato-009-300x155.jpg\" alt=\"\" width=\"912\" height=\"471\" srcset=\"http:\/\/noticias1440.com.ar\/wp-content\/uploads\/2025\/07\/Walter-Dominguez-Niceto-Foto-Gabriel-Imparato-009-300x155.jpg 300w, http:\/\/noticias1440.com.ar\/wp-content\/uploads\/2025\/07\/Walter-Dominguez-Niceto-Foto-Gabriel-Imparato-009-1024x530.jpg 1024w, http:\/\/noticias1440.com.ar\/wp-content\/uploads\/2025\/07\/Walter-Dominguez-Niceto-Foto-Gabriel-Imparato-009-768x397.jpg 768w, http:\/\/noticias1440.com.ar\/wp-content\/uploads\/2025\/07\/Walter-Dominguez-Niceto-Foto-Gabriel-Imparato-009.jpg 1196w\" sizes=\"auto, (max-width: 912px) 100vw, 912px\" \/><\/a><\/h2>\n<h2 style=\"text-align: center;\">Al espect\u00e1culo principal le quedaban seis canciones y tal como hab\u00eda comentado a varios de sus allegados durante la semana previa, <strong>Walter<\/strong> se hab\u00eda guardado una \u201ccarta sorpresa\u201d para el desenlace de esta nueva aparici\u00f3n en vivo. Sin muchos proleg\u00f3menos y con gran expectativa al anunciar un nuevo invitado en su concierto, <strong>Dom\u00ednguez<\/strong> present\u00f3 al actor, saxofonista y cantante <strong>Facundo Arana<\/strong> y <strong>\u201cNiceto B\u201d<\/strong> estall\u00f3 en firmes ovaciones, cuando la estrella de la ficci\u00f3n, las campa\u00f1as institucionales y la m\u00fasica subi\u00f3 a escena portando su saxo para sumarse al banquete rockero. Inmediatamente la banda con la figura invitada hicieron <strong>\u201cVeneno\u201d<\/strong>, una canci\u00f3n que le permiti\u00f3 al rubio vientista mostrar su experiencia y sabidur\u00eda interpretativa con un tema que ped\u00eda a gritos un buen solo en ese tono. Tras la nueva explosi\u00f3n del p\u00fablico con este afiatado quinteto a encendida propulsi\u00f3n para tocar la recta final del recital, el anfitri\u00f3n le cedi\u00f3 la voz principal a su invitado estelar para una maravillosa versi\u00f3n de <strong>\u201cStand By Me\u201d (Ben E. King)<\/strong>, donde <strong>Arana<\/strong> mostr\u00f3 que adem\u00e1s de sus pergaminos como saxofonista, sabe aprovechar su voz aguardentosa para ponerle a esa clase de temas una entonaci\u00f3n ligada al perfil de ic\u00f3nicas voces como <strong>Joe Cocker<\/strong>.<\/h2>\n<h2 style=\"text-align: center;\"><a href=\"http:\/\/noticias1440.com.ar\/wp-content\/uploads\/2025\/07\/Walter-Dominguez-Niceto-Foto-Gabriel-Imparato-007-1.jpg\"><img loading=\"lazy\" decoding=\"async\" class=\"wp-image-2564 aligncenter\" src=\"http:\/\/noticias1440.com.ar\/wp-content\/uploads\/2025\/07\/Walter-Dominguez-Niceto-Foto-Gabriel-Imparato-007-1-300x150.jpg\" alt=\"\" width=\"916\" height=\"458\" srcset=\"http:\/\/noticias1440.com.ar\/wp-content\/uploads\/2025\/07\/Walter-Dominguez-Niceto-Foto-Gabriel-Imparato-007-1-300x150.jpg 300w, http:\/\/noticias1440.com.ar\/wp-content\/uploads\/2025\/07\/Walter-Dominguez-Niceto-Foto-Gabriel-Imparato-007-1-1024x512.jpg 1024w, http:\/\/noticias1440.com.ar\/wp-content\/uploads\/2025\/07\/Walter-Dominguez-Niceto-Foto-Gabriel-Imparato-007-1-768x384.jpg 768w, http:\/\/noticias1440.com.ar\/wp-content\/uploads\/2025\/07\/Walter-Dominguez-Niceto-Foto-Gabriel-Imparato-007-1.jpg 1198w\" sizes=\"auto, (max-width: 916px) 100vw, 916px\" \/><\/a><\/h2>\n<h2 style=\"text-align: center;\"><strong>Walter<\/strong> decidi\u00f3 darle una breve pausa a su invitado sobre escena para reacomodarse tras ese brioso desembarco, minutos en los cuales el cuarteto rockero despach\u00f3 tres canciones de diferente concepci\u00f3n. Primero lleg\u00f3 el momento de oficializar <strong>\u201cMuchas Vidas\u201d<\/strong>, track recientemente lanzado por <strong>\u201cPopArtDiscos\u201d<\/strong>, una canci\u00f3n que peg\u00f3 en las audiencias con buena respuesta, tras lo cual <strong>Dom\u00ednguez<\/strong> interpret\u00f3 ese gracioso e ir\u00f3nico hit <strong>\u201cA m\u00ed no me gusta el rock\u201d<\/strong>, donde resalta los supuestos beneficios de hacer reggaetown o trap para la vida moderna. La canci\u00f3n que obr\u00f3 como falso final fue <strong>\u201cDe Noche\u201d<\/strong>, un tema con gran energ\u00eda y buena letra, mientras el p\u00fablico respaldaba con sincronizadas palmas la r\u00edtmica que transmite este tema. Obviamente, y teniendo presente nada menos que a un afiatado saxofonista all\u00ed en <strong>\u201cHumbolt\u201d<\/strong>, el guitarrista le curs\u00f3 a invitaci\u00f3n a <strong>Facundo Arana<\/strong> para que se sumase, mientras la audiencia apoyaba ese pedido. La medianoche marcaba el uso horario y al concierto le quedaban muy pocos minutos, mientras el p\u00fablico ya meditaba la maniobra para abandonar el barrio de Palermo en una noche bastante fr\u00eda y con muy poca gente circulando por esas residenciales calles repletas de boliches y sitios de gastronom\u00eda.<\/h2>\n<h2 style=\"text-align: center;\"><a href=\"http:\/\/noticias1440.com.ar\/wp-content\/uploads\/2025\/07\/Walter-Dominguez-Niceto-Foto-Gabriel-Imparato-010.jpg\"><img loading=\"lazy\" decoding=\"async\" class=\"wp-image-2569 aligncenter\" src=\"http:\/\/noticias1440.com.ar\/wp-content\/uploads\/2025\/07\/Walter-Dominguez-Niceto-Foto-Gabriel-Imparato-010-300x150.jpg\" alt=\"\" width=\"914\" height=\"457\" srcset=\"http:\/\/noticias1440.com.ar\/wp-content\/uploads\/2025\/07\/Walter-Dominguez-Niceto-Foto-Gabriel-Imparato-010-300x150.jpg 300w, http:\/\/noticias1440.com.ar\/wp-content\/uploads\/2025\/07\/Walter-Dominguez-Niceto-Foto-Gabriel-Imparato-010-1024x511.jpg 1024w, http:\/\/noticias1440.com.ar\/wp-content\/uploads\/2025\/07\/Walter-Dominguez-Niceto-Foto-Gabriel-Imparato-010-768x383.jpg 768w, http:\/\/noticias1440.com.ar\/wp-content\/uploads\/2025\/07\/Walter-Dominguez-Niceto-Foto-Gabriel-Imparato-010.jpg 1199w\" sizes=\"auto, (max-width: 914px) 100vw, 914px\" \/><\/a><\/h2>\n<h2 style=\"text-align: center;\">Requerido para las selfies abajo del escenario mientras esperaba ese momento de volver al escenario, <strong>Facundo Arana<\/strong> acept\u00f3 el convite de <strong>Walter<\/strong> y subi\u00f3 al escenario para sumar su saxo a la canci\u00f3n <strong>\u201cLinda\u201d<\/strong>, en un aguerrido desenlace de m\u00faltiples solos entre el gran vientista y la guitarra de <strong>Lucas Sedler<\/strong>. Ovacionados de manera estruendosa por la fuerte audiencia al lugar, el quinteto salud\u00f3 al p\u00fablico, hizo serena la tradicional ceremonia de \u201ccaravana\u201d para recibir los v\u00edtores, posteriormente se puso de espaldas a la gente para que el fot\u00f3grafo de la banda capturara ese momento y segundos despu\u00e9s levantar las manos en una despedida tan emotiva como impactante. En camarines, en un sinn\u00famero de abrazos que se repitieron entre los m\u00fasicos, algunos familiares y allegados, se respiraba aroma de mucha satisfacci\u00f3n en todos los involucrados. <strong>\u201cNech\u201d<\/strong> por un trabajo de telonero muy bien realizado, <strong>Walter Dom\u00ednguez<\/strong> por haber convertido a una simple presentaci\u00f3n de material en much\u00edsimo m\u00e1s que eso, pero sobre todo <strong>Facundo Arana<\/strong>, que a instancias de esta invitaci\u00f3n, se reencontr\u00f3 con un p\u00fablico que ama verlo en este rol de saxofonista y cantante, record\u00e1ndose que el actor tiene dos discos publicados por la filial argentina de <strong>Sony Music<\/strong>. El anfitri\u00f3n de esa gran velada no ocult\u00f3 su satisfacci\u00f3n por haber hecho en ese especial proscenio un recital que super\u00f3 por lejos todas las expectativas existentes, un show que tranquilamente puede inscribirse por su calentura, energ\u00eda y sorpresa en un top 5 hist\u00f3rico de las actuaciones que el conocido m\u00fasico y editor period\u00edstico realiz\u00f3 en toda su carrera musical.<\/h2>\n<h2 style=\"text-align: center;\"><a href=\"http:\/\/noticias1440.com.ar\/wp-content\/uploads\/2025\/07\/Walter-Dominguez-Niceto-Foto-Gabriel-Imparato-008.jpg\"><img loading=\"lazy\" decoding=\"async\" class=\"wp-image-2565 aligncenter\" src=\"http:\/\/noticias1440.com.ar\/wp-content\/uploads\/2025\/07\/Walter-Dominguez-Niceto-Foto-Gabriel-Imparato-008-300x151.jpg\" alt=\"\" width=\"918\" height=\"462\" srcset=\"http:\/\/noticias1440.com.ar\/wp-content\/uploads\/2025\/07\/Walter-Dominguez-Niceto-Foto-Gabriel-Imparato-008-300x151.jpg 300w, http:\/\/noticias1440.com.ar\/wp-content\/uploads\/2025\/07\/Walter-Dominguez-Niceto-Foto-Gabriel-Imparato-008-1024x515.jpg 1024w, http:\/\/noticias1440.com.ar\/wp-content\/uploads\/2025\/07\/Walter-Dominguez-Niceto-Foto-Gabriel-Imparato-008-768x386.jpg 768w, http:\/\/noticias1440.com.ar\/wp-content\/uploads\/2025\/07\/Walter-Dominguez-Niceto-Foto-Gabriel-Imparato-008.jpg 1194w\" sizes=\"auto, (max-width: 918px) 100vw, 918px\" \/><\/a><\/h2>\n<h2 style=\"text-align: center;\"><strong>Walter Dom\u00ednguez \u2013 \u201cHumbolt\u201d (Niceto Club \u2013 Lado B) \u2013 Jueves 24 de Julio de 2025 (Presentaci\u00f3n del single \u201cMuchas Vidas\u201d)<\/strong> M\u00fasicos: <strong>Walter Dom\u00ednguez<\/strong> (guitarra y voz), <strong>Lucas Sedler<\/strong> (guitarra y voces), <strong>Maxi V\u00e1zquez<\/strong> (bajo) y <strong>Marcelo C\u00f3ceres<\/strong> (bater\u00eda). Artista invitado: <strong>Facundo Arana<\/strong> (saxo y voces) \/\/ Lista de canciones: 01) Nueva far\u00e1ndula \u2013 02) Chico de la calle \u2013 03) Tu descarte \u2013 04) Los m\u00fasicos \u2013 Ahora ve \u2013 06) Testamento \u2013 07) Habl\u00e9 \u2013 08) Horas extras \u2013 09) La chica del tren (Con <strong>Nech<\/strong>) \u2013 10) Veneno (con <strong>Facundo Arana<\/strong> en saxo) \u2013 11 Stand by Me (con <strong>Facundo Arana<\/strong> en saxo y voces) \u2013 12) Muchas vidas (single 2025) \u2013 13) A mi no me gusta el rock \u2013 14) De Noche \u2013 15 Linda (con <strong>Facundo Arana<\/strong> en saxo). Duraci\u00f3n total: De 23:07 a 00:15 AM <strong>(Producci\u00f3n Pop Art \/\/ Prensa y Marketing Pop Art: Mariela Custodio)<\/strong><\/h2>\n<h2 style=\"text-align: center;\"><span style=\"color: #000080;\"><strong>Fotos Walter Dom\u00ednguez en \u201cNiceto Club &#8211; Lado B\u201d:<\/strong> <\/span><span style=\"color: #800080;\"><strong>Gabriel Imparato (Agencia Noticias 1440)<\/strong><\/span><\/h2>\n<h2 style=\"text-align: center;\"><\/h2>\n<h2 style=\"text-align: center;\"><\/h2>\n","protected":false},"excerpt":{"rendered":"<p>El m\u00fasico y editor period\u00edstico present\u00f3 nuevo material en \u201cHumbolt\u201d con el legendario actor, cantante y saxofonista como invitado sorpresa, una velada que incluy\u00f3 adem\u00e1s la actuaci\u00f3n de solista \u201cNech\u201d como telonero en la sala lateral del famoso club palermitano.<\/p>\n","protected":false},"author":1,"featured_media":2560,"comment_status":"closed","ping_status":"open","sticky":false,"template":"","format":"standard","meta":{"footnotes":""},"categories":[6,7],"tags":[],"class_list":["post-2554","post","type-post","status-publish","format-standard","has-post-thumbnail","hentry","category-lanzamientos","category-shows"],"_links":{"self":[{"href":"http:\/\/noticias1440.com.ar\/index.php?rest_route=\/wp\/v2\/posts\/2554","targetHints":{"allow":["GET"]}}],"collection":[{"href":"http:\/\/noticias1440.com.ar\/index.php?rest_route=\/wp\/v2\/posts"}],"about":[{"href":"http:\/\/noticias1440.com.ar\/index.php?rest_route=\/wp\/v2\/types\/post"}],"author":[{"embeddable":true,"href":"http:\/\/noticias1440.com.ar\/index.php?rest_route=\/wp\/v2\/users\/1"}],"replies":[{"embeddable":true,"href":"http:\/\/noticias1440.com.ar\/index.php?rest_route=%2Fwp%2Fv2%2Fcomments&post=2554"}],"version-history":[{"count":5,"href":"http:\/\/noticias1440.com.ar\/index.php?rest_route=\/wp\/v2\/posts\/2554\/revisions"}],"predecessor-version":[{"id":2571,"href":"http:\/\/noticias1440.com.ar\/index.php?rest_route=\/wp\/v2\/posts\/2554\/revisions\/2571"}],"wp:featuredmedia":[{"embeddable":true,"href":"http:\/\/noticias1440.com.ar\/index.php?rest_route=\/wp\/v2\/media\/2560"}],"wp:attachment":[{"href":"http:\/\/noticias1440.com.ar\/index.php?rest_route=%2Fwp%2Fv2%2Fmedia&parent=2554"}],"wp:term":[{"taxonomy":"category","embeddable":true,"href":"http:\/\/noticias1440.com.ar\/index.php?rest_route=%2Fwp%2Fv2%2Fcategories&post=2554"},{"taxonomy":"post_tag","embeddable":true,"href":"http:\/\/noticias1440.com.ar\/index.php?rest_route=%2Fwp%2Fv2%2Ftags&post=2554"}],"curies":[{"name":"wp","href":"https:\/\/api.w.org\/{rel}","templated":true}]}}