{"id":2513,"date":"2025-08-06T14:21:56","date_gmt":"2025-08-06T14:21:56","guid":{"rendered":"https:\/\/noticias1440.com.ar\/?p=2513"},"modified":"2025-08-06T23:49:00","modified_gmt":"2025-08-06T23:49:00","slug":"gorgui-moffatt-the-end-seguimos-amando-muchisimo-a-pink-floyd-pero-la-gente-tambien-quiere-cantar-bailar-y-divertirse","status":"publish","type":"post","link":"http:\/\/noticias1440.com.ar\/?p=2513","title":{"rendered":"Gorgui Moffatt (\u201cThe End\u201d): \u201cHemos tocado las canciones de Pink Floyd much\u00edsimas m\u00e1s veces que ellos\u201d"},"content":{"rendered":"<h2 style=\"text-align: center;\">El magn\u00edfico cantante realiz\u00f3 con su banda un gran show con el proyecto \u201cBackline\u201d en el <strong>Teatro Devoto<\/strong>, lugar donde el <strong>s\u00e1bado 16 de Agosto realizar\u00e1n con la banda tributo a Pink Floyd la revisi\u00f3n completa del disco \u201cWish You Were Here\u201d, al cumplirse 50 a\u00f1os de su edici\u00f3n.<\/strong> De esto y mucho m\u00e1s, el m\u00fasico habl\u00f3 en exclusiva.<\/h2>\n<p><!--more--><\/p>\n<p><a href=\"http:\/\/noticias1440.com.ar\/wp-content\/uploads\/2025\/07\/Gorgui-Moffatt-003-Foto-Andrea-Giorgi-y-Sofia-Conti.jpg\"><img loading=\"lazy\" decoding=\"async\" class=\"wp-image-2517 aligncenter\" src=\"http:\/\/noticias1440.com.ar\/wp-content\/uploads\/2025\/07\/Gorgui-Moffatt-003-Foto-Andrea-Giorgi-y-Sofia-Conti-300x155.jpg\" alt=\"\" width=\"912\" height=\"471\" srcset=\"http:\/\/noticias1440.com.ar\/wp-content\/uploads\/2025\/07\/Gorgui-Moffatt-003-Foto-Andrea-Giorgi-y-Sofia-Conti-300x155.jpg 300w, http:\/\/noticias1440.com.ar\/wp-content\/uploads\/2025\/07\/Gorgui-Moffatt-003-Foto-Andrea-Giorgi-y-Sofia-Conti-1024x529.jpg 1024w, http:\/\/noticias1440.com.ar\/wp-content\/uploads\/2025\/07\/Gorgui-Moffatt-003-Foto-Andrea-Giorgi-y-Sofia-Conti-768x397.jpg 768w, http:\/\/noticias1440.com.ar\/wp-content\/uploads\/2025\/07\/Gorgui-Moffatt-003-Foto-Andrea-Giorgi-y-Sofia-Conti.jpg 1193w\" sizes=\"auto, (max-width: 912px) 100vw, 912px\" \/><\/a><a href=\"http:\/\/noticias1440.com.ar\/wp-content\/uploads\/2025\/07\/The-End-Teatro-Devoto-2025.png\"><img loading=\"lazy\" decoding=\"async\" class=\"wp-image-2688 aligncenter\" src=\"http:\/\/noticias1440.com.ar\/wp-content\/uploads\/2025\/07\/The-End-Teatro-Devoto-2025-300x125.png\" alt=\"\" width=\"917\" height=\"382\" srcset=\"http:\/\/noticias1440.com.ar\/wp-content\/uploads\/2025\/07\/The-End-Teatro-Devoto-2025-300x125.png 300w, http:\/\/noticias1440.com.ar\/wp-content\/uploads\/2025\/07\/The-End-Teatro-Devoto-2025-768x320.png 768w, http:\/\/noticias1440.com.ar\/wp-content\/uploads\/2025\/07\/The-End-Teatro-Devoto-2025.png 960w\" sizes=\"auto, (max-width: 917px) 100vw, 917px\" \/><\/a><\/p>\n<h2 style=\"text-align: center;\"><\/h2>\n<h2 style=\"text-align: center;\"><a href=\"http:\/\/noticias1440.com.ar\/wp-content\/uploads\/2025\/07\/NOMBRE-PARA-SITIO-WEB-3-4.jpg\"><img loading=\"lazy\" decoding=\"async\" class=\"size-medium wp-image-2527 alignleft\" src=\"http:\/\/noticias1440.com.ar\/wp-content\/uploads\/2025\/07\/NOMBRE-PARA-SITIO-WEB-3-4-300x61.jpg\" alt=\"\" width=\"300\" height=\"61\" srcset=\"http:\/\/noticias1440.com.ar\/wp-content\/uploads\/2025\/07\/NOMBRE-PARA-SITIO-WEB-3-4-300x61.jpg 300w, http:\/\/noticias1440.com.ar\/wp-content\/uploads\/2025\/07\/NOMBRE-PARA-SITIO-WEB-3-4.jpg 359w\" sizes=\"auto, (max-width: 300px) 100vw, 300px\" \/><\/a><\/h2>\n<h2 style=\"text-align: center;\"><\/h2>\n<p>&nbsp;<\/p>\n<p>&nbsp;<\/p>\n<h2 style=\"text-align: center;\"><strong>(Capital Federal \u2013 Mi\u00e9rcoles 06 de Agosto de 2025)<\/strong> Est\u00e1 y\u00e9ndose la falsa primavera de los \u00faltimos d\u00edas, no hay nadie en las inmediaciones del Teatro Col\u00f3n y por la calle Viamonte al 1100 no hay tr\u00e1nsito, todos est\u00e1n regresando veloz a sus hogares. El fr\u00edo pone su cuota de suave incomodidad, pero hay 12 m\u00fasicos que llegan imperturbablemente a una gran sala subterr\u00e1nea ubicada justo enfrente del m\u00e1ximo coliseo argentino. Se re\u00fanen los lunes y mi\u00e9rcoles para ensayar, pase lo que pase, evitando excusas para no concurrir. Segundos antes de las 20 horas, llega con esa tradicional energ\u00eda y vitalidad que lo caracteriza. En apenas minuto y medio ubicado muy cerca de un stand de teclados, con nulas se\u00f1ales de la lluvia o el fr\u00edo, <strong>Gorgui Moffatt<\/strong>, el hist\u00f3rico cantante y l\u00edder de <strong>\u201cThe End\u201d<\/strong> est\u00e1 sentado muy tranquilo para hablar de esa banda y tambi\u00e9n de las <strong>fiestas \u201cBackline\u201d<\/strong>, una de las cuales se concret\u00f3 el s\u00e1bado 19 de Julio en el Teatro Devoto con excelente respuesta de p\u00fablico. En ese magn\u00edfico \u00e1mbito porte\u00f1o los m\u00fasicos que homenajean a Pink Floyd con una excelente recreaci\u00f3n,<strong> interpretar\u00e1n de forma completa el s\u00e1bado 16 de agosto a las 21:00 el \u00e1lbum de la banda inglesa \u201cWish You Were Here\u201d, al cumplirse 50 a\u00f1os de su lanzamiento<\/strong>, siendo el <strong>Teatro Devoto (Av Lincoln 3815 \u2013 Villa Devoto)<\/strong> un gran lugar para el atractivo concierto que los fans del rock sinf\u00f3nico podr\u00e1n disfrutar. El vocalista y l\u00edder del grupo <strong>\u00abTE\u00bb<\/strong> acepta hablar no solo de este show, sino de la reciente presentaci\u00f3n del \u201cM\u00f3dulo B\u201d que tienen para despuntar el vicio fuera del habitual conjunto de rock progresivo. <span style=\"color: #000080;\"><strong>Las entradas para el concierto del S\u00e1bado 16 en Devoto se consiguen en<\/strong><\/span> <strong><a href=\"https:\/\/www.ticketek.com.ar\/end\/teatro-devoto\">https:\/\/www.ticketek.com.ar\/end\/teatro-devoto<\/a><\/strong><\/h2>\n<p>&nbsp;<\/p>\n<h2 style=\"text-align: center;\"><a href=\"http:\/\/noticias1440.com.ar\/wp-content\/uploads\/2025\/07\/Gorgui-Moffatt-008-Foto-Gorgui-Moffatt.jpg\"><img loading=\"lazy\" decoding=\"async\" class=\"wp-image-2522 aligncenter\" src=\"http:\/\/noticias1440.com.ar\/wp-content\/uploads\/2025\/07\/Gorgui-Moffatt-008-Foto-Gorgui-Moffatt-300x150.jpg\" alt=\"\" width=\"914\" height=\"457\" srcset=\"http:\/\/noticias1440.com.ar\/wp-content\/uploads\/2025\/07\/Gorgui-Moffatt-008-Foto-Gorgui-Moffatt-300x150.jpg 300w, http:\/\/noticias1440.com.ar\/wp-content\/uploads\/2025\/07\/Gorgui-Moffatt-008-Foto-Gorgui-Moffatt-1024x513.jpg 1024w, http:\/\/noticias1440.com.ar\/wp-content\/uploads\/2025\/07\/Gorgui-Moffatt-008-Foto-Gorgui-Moffatt-768x385.jpg 768w, http:\/\/noticias1440.com.ar\/wp-content\/uploads\/2025\/07\/Gorgui-Moffatt-008-Foto-Gorgui-Moffatt.jpg 1197w\" sizes=\"auto, (max-width: 914px) 100vw, 914px\" \/><\/a><\/h2>\n<h2 style=\"text-align: center;\"><span style=\"color: #000080;\"><strong>Antes que hablemos del concierto de \u00abThe End\u00bb tocando completo \u00abWish You Were Here\u00bb el s\u00e1bado 16 en el Teatro Devoto,\u00a0 \u00a0\u00bfcu\u00e1ndo nacieron las fiestas en vivo de \u201cBackline\u201d?<\/strong><\/span><\/h2>\n<h2 style=\"text-align: center;\"><strong>Gorgui Moffatt<\/strong>: <strong>\u201cBackline Party\u201d<\/strong> naci\u00f3 hace 8 a\u00f1os, medio de casualidad. Nos hab\u00edan contratado para la fiesta de fin de a\u00f1o del Buenos Aires Long Tennis Club, con el grupo <strong>\u201cThe End\u201d<\/strong> y obviamente tocamos <strong>Pink Floyd<\/strong>. Cuando termin\u00f3 la fiesta, con toda la gente sentada, porque era una fiesta de fin de a\u00f1o, \u00bfn\u00f3?, terminamos de tocar, sube el presidente de la entidad al escenario y nos felicita. En un momento de su alocuci\u00f3n nos dice \u201cnos gustar\u00eda, ac\u00e1, enfrente de todos, invitarlos para el a\u00f1o que viene\u201d. Entonces nosotros obviamente dijimos que s\u00ed, porque nunca nos hab\u00edan contratado con tanta anticipaci\u00f3n y enseguida agreg\u00f3 algo m\u00e1s. Nos dijo.. \u201clo \u00fanico que tengo es un pedido, bueno, \u00bfpueden tocar otra cosa?\u201d. \u00a0Entonces, nosotros ah\u00ed le dijimos, \u201cbueno, \u00bfotro disco de Pink Floyd, que es lo que hacemos? Y nos contest\u00f3 \u201cn\u00f3, otra cosa, ustedes saben, \u00bfqu\u00e9 les puede costar a ustedes?\u201d Y ah\u00ed, medio con la presi\u00f3n de la gente encima, dijimos que s\u00ed, que bueno, que s\u00ed, nos aplaudieron, \u00a0que algo \u00edbamos a hacer.<\/h2>\n<h2 style=\"text-align: center;\"><\/h2>\n<h2 style=\"text-align: center;\"><span style=\"color: #000080;\"><strong>Resulta algo impresionante, porque los conminaron simp\u00e1ticamente a preparar un nuevo espect\u00e1culo musical para el siguiente a\u00f1o.<\/strong><\/span><\/h2>\n<h2 style=\"text-align: center;\"><strong>Gorgui Moffatf:<\/strong> Exacto. Pas\u00f3 todo ese a\u00f1o y cuando estaba llegando la \u00e9poca de hacer la fiesta, nos dimos cuenta que no hab\u00edamos hecho nada. Preocupados dijimos, \u201cche, hay que ponerse las pilas\u201d. Bueno, sacamos un tema de Soda St\u00e9reo, uno de Dire Straits, y no me acuerdo qu\u00e9 otras cosas m\u00e1s, finalmente hicimos un show mezclado entre Pink Floyd y algunos temas ochentosos. Cada vez que toc\u00e1bamos Pink Floyd, la gente muy copada, pero cuando toc\u00e1bamos algunos hits de los \u201880s, la gente se paraba, bailaba y cantaba sin parar. Para nosotros era toda una novedad, porque nos mir\u00e1bamos haciendo lo de Pink Floyd, no hay mucho baile que valga, as\u00ed que nos mir\u00e1bamos diciendo, \u201cch\u00e9, ac\u00e1 hay algo que no estamos viendo\u201d. Y claramente lo que nos pasaba es que nos estaba faltando este tipo de m\u00fasica para poder laburar en eventos y en fiestas de fin de a\u00f1o, porque la gente lo que quiere hacer es divertirse, bailar y pasarla bien. Con Pink Floyd, o sea, podes pasarla muy pero muy bien, pero no es esa porque es un espect\u00e1culo de rock. Exactamente. Y bueno, con la banda dijimos, \u201cch\u00e9, vamos a armar una banda que haga rock-pop de los ochenta\u201d.<\/h2>\n<h2 style=\"text-align: center;\"><a href=\"http:\/\/noticias1440.com.ar\/wp-content\/uploads\/2025\/07\/Gorgui-Moffatt-010-Foto-Gabriel-Imparato.jpg\"><img loading=\"lazy\" decoding=\"async\" class=\"wp-image-2524 aligncenter\" src=\"http:\/\/noticias1440.com.ar\/wp-content\/uploads\/2025\/07\/Gorgui-Moffatt-010-Foto-Gabriel-Imparato-300x154.jpg\" alt=\"\" width=\"908\" height=\"466\" srcset=\"http:\/\/noticias1440.com.ar\/wp-content\/uploads\/2025\/07\/Gorgui-Moffatt-010-Foto-Gabriel-Imparato-300x154.jpg 300w, http:\/\/noticias1440.com.ar\/wp-content\/uploads\/2025\/07\/Gorgui-Moffatt-010-Foto-Gabriel-Imparato-1024x526.jpg 1024w, http:\/\/noticias1440.com.ar\/wp-content\/uploads\/2025\/07\/Gorgui-Moffatt-010-Foto-Gabriel-Imparato-768x395.jpg 768w, http:\/\/noticias1440.com.ar\/wp-content\/uploads\/2025\/07\/Gorgui-Moffatt-010-Foto-Gabriel-Imparato.jpg 1201w\" sizes=\"auto, (max-width: 908px) 100vw, 908px\" \/><\/a><\/h2>\n<h2 style=\"text-align: center;\"><span style=\"color: #000080;\"><strong>O sea, utilizando la misma banda, pero haciendo otro formato musical.<\/strong><\/span><\/h2>\n<h2 style=\"text-align: center;\"><strong>Gorgui Moffatt:<\/strong> S\u00ed, pero en vez de doce personas como \u201cThe End\u201d, aqu\u00ed somos seis, pues algunos se prendieron y otros n\u00f3\u2026\u201cyo no tengo tiempo, a m\u00ed no me interesa, blah, blah, blah\u201d, entonces quedamos seis, que en realidad tambi\u00e9n era la idea, porque si son muchos para una banda de eventos, es un quilombo. Bueno, cuesti\u00f3n que empezamos as\u00ed, de a poquito, empezamos a sacar temas, siempre pensando en hacer temas completos, porque con \u201cThe End\u201d sacamos siempre el tema completo de Pink Floyd, pero ac\u00e1 nos dimos cuenta con la experiencia en vivo que no va el tema completo, hay que hacer de a partes, porque el DJ que es vivo nunca pone el tema completo en la fiesta, lo va como mechando y va enganchando con otros temas para que la fiesta siempre est\u00e9 bien arriba.<\/h2>\n<h2 style=\"text-align: center;\"><\/h2>\n<h2 style=\"text-align: center;\"><span style=\"color: #000080;\"><strong>Sin ir m\u00e1s lejos, Nile Rogers en su \u00faltima actuaci\u00f3n en el Movistar Arena el pasado 20 de mayo, termin\u00f3 tocando un \u00abmedley\u00bb con todos los \u00e9xitos compuestos en su <\/strong><\/span><span style=\"color: #000080;\"><strong>carrera.<\/strong><\/span><\/h2>\n<h2 style=\"text-align: center;\"><strong>Gorgui Moffatt<\/strong>: En este caso vendr\u00eda a ser, como dec\u00eds, un \u201cenganchadito de todos los mejores \u00abhitazos\u00bb de los 80-90\u201d, en ingl\u00e9s y castellano, rock nacional, de afuera, porque hemos metido de todo, la verdad que nos est\u00e1 yendo bien y esta banda est\u00e1 apuntada a hacer eventos, cumplea\u00f1os, casamientos, hemos hecho hasta divorcios (risas), de todo hemos hecho con \u201cBackline\u201d.<\/h2>\n<p><a href=\"http:\/\/noticias1440.com.ar\/wp-content\/uploads\/2025\/07\/Gorgui-Moffatt-011-Foto-Gabriel-Imparato.jpg\"><img loading=\"lazy\" decoding=\"async\" class=\"wp-image-2525 aligncenter\" src=\"http:\/\/noticias1440.com.ar\/wp-content\/uploads\/2025\/07\/Gorgui-Moffatt-011-Foto-Gabriel-Imparato-300x155.jpg\" alt=\"\" width=\"912\" height=\"471\" srcset=\"http:\/\/noticias1440.com.ar\/wp-content\/uploads\/2025\/07\/Gorgui-Moffatt-011-Foto-Gabriel-Imparato-300x155.jpg 300w, http:\/\/noticias1440.com.ar\/wp-content\/uploads\/2025\/07\/Gorgui-Moffatt-011-Foto-Gabriel-Imparato-1024x529.jpg 1024w, http:\/\/noticias1440.com.ar\/wp-content\/uploads\/2025\/07\/Gorgui-Moffatt-011-Foto-Gabriel-Imparato-768x396.jpg 768w, http:\/\/noticias1440.com.ar\/wp-content\/uploads\/2025\/07\/Gorgui-Moffatt-011-Foto-Gabriel-Imparato.jpg 1201w\" sizes=\"auto, (max-width: 912px) 100vw, 912px\" \/><\/a><\/p>\n<h2 style=\"text-align: center;\"><span style=\"color: #000080;\"><strong>\u00bfTen\u00edan la sensaci\u00f3n que la cuesti\u00f3n de hacer este formato pudiera asomar en el p\u00fablico que sigue \u201cThe End\u201d como algo negativo, por el prejuicio de hacer esto?<\/strong><\/span><\/h2>\n<h2 style=\"text-align: center;\"><strong>Gorgui Moffatt:<\/strong> S\u00ed, s\u00ed, lo pensamos. La realidad es que cuando surgi\u00f3 ese tema dijimos, \u201cmir\u00e1 nosotros seguimos siendo las mismas personas, seguimos amando a Pink Floyd, esto tampoco es que estamos haciendo cumbia\u201d, porque la verdad es que tenemos un l\u00edmite, porque por mal que venga uno y nos diga \u201cbueno ac\u00e1 tienen un palo verde, hagan cumbia\u201d, no nos va a salir, porque no lo tenemos en la sangre, no la sentimos, podr\u00edamos robar, pero ser\u00eda muy descarado. Y en cambio los \u201880s y su m\u00fasica la hemos vivido, todos fuimos adolescentes en los ochenta, por lo menos con la edad que tenemos y obviamente que no escuchamos toda la vida Pink Floyd, amamos Pink Floyd, lo seguimos amando, y lo seguimos interpretando con \u201cThe End\u201d, pero esto es como despuntar el vicio de la m\u00fasica m\u00e1s comercial o popular, que tambi\u00e9n es m\u00fasica hermosa, porque los temas de esa \u00e9poca son espectaculares, hay bandas tremendas y aparte hacemos los hitazos de cada uno de estos grupos, as\u00ed que lo pensamos, pero despu\u00e9s de ocho a\u00f1os con esto no hemos tenido malas repercusiones jam\u00e1s.<\/h2>\n<h2 style=\"text-align: center;\"><\/h2>\n<h2 style=\"text-align: center;\"><span style=\"color: #000080;\"><strong>Una vez que el formato estuvo armado y empezaron a tener cierta frecuencia de shows, \u00bfcu\u00e1l fue el criterio que usaron para seleccionar las canciones que se van a escuchar en el espect\u00e1culo?<\/strong><\/span><\/h2>\n<h2 style=\"text-align: center;\"><strong>Gorgui Moffatt:<\/strong> Bueno, lo que se va a escuchar en este show en particular en el Teatro Devoto, es que siempre estamos apuntando a que sea bien arriba, pero tambi\u00e9n hacemos alguna cosa menos intensa, cada bloque arranca con canciones mid-tempo, puede haber un \u201cAfrica\u201d de Toto, puede haber un \u201cEye in the Sky\u201d de Alan Parsons, algo que no es plenamente para bailar, pero la cosa siempre va in creyendo para llegar a que la gente se pare a bailar con muchas ganas.<\/h2>\n<h2 style=\"text-align: center;\"><\/h2>\n<h2 style=\"text-align: center;\"><span style=\"color: #000080;\"><strong>Incluso en un show de San Isidro el a\u00f1o pasado hicieron un par de temas lentos muy famosos.<\/strong><\/span><\/h2>\n<h2 style=\"text-align: center;\"><strong>Gorgui Moffatt<\/strong>: Bueno, va a haber un par de lentos, porque la gente lo pide y porque en esto de que vuelvan los `80s, es que \u201cvuelvan los lentos\u201d, entonces todos nos acordamos de cuando \u00edbamos a bailar en esa \u00e9poca con alguna chica, lo que quer\u00edamos es que el DJ ponga lentos para poder \u201carrimar un poquito\u201d (risas).<\/h2>\n<h2 style=\"text-align: center;\"><a href=\"http:\/\/noticias1440.com.ar\/wp-content\/uploads\/2025\/07\/Gorgui-Moffatt-009-Foto-Gorgui-Moffatt.jpg\"><img loading=\"lazy\" decoding=\"async\" class=\"wp-image-2523 aligncenter\" src=\"http:\/\/noticias1440.com.ar\/wp-content\/uploads\/2025\/07\/Gorgui-Moffatt-009-Foto-Gorgui-Moffatt-300x150.jpg\" alt=\"\" width=\"912\" height=\"456\" srcset=\"http:\/\/noticias1440.com.ar\/wp-content\/uploads\/2025\/07\/Gorgui-Moffatt-009-Foto-Gorgui-Moffatt-300x150.jpg 300w, http:\/\/noticias1440.com.ar\/wp-content\/uploads\/2025\/07\/Gorgui-Moffatt-009-Foto-Gorgui-Moffatt-1024x512.jpg 1024w, http:\/\/noticias1440.com.ar\/wp-content\/uploads\/2025\/07\/Gorgui-Moffatt-009-Foto-Gorgui-Moffatt-768x384.jpg 768w, http:\/\/noticias1440.com.ar\/wp-content\/uploads\/2025\/07\/Gorgui-Moffatt-009-Foto-Gorgui-Moffatt.jpg 1198w\" sizes=\"auto, (max-width: 912px) 100vw, 912px\" \/><\/a><\/h2>\n<h2 style=\"text-align: center;\"><span style=\"color: #000080;\"><strong>\u00bfC\u00f3mo viven esto de llevar este show este s\u00e1bado a un lugar muy grande como el Teatro Devoto y seguir manteniendo el espect\u00e1culo en constante funcionamiento?<\/strong><\/span><\/h2>\n<h2 style=\"text-align: center;\"><strong>Gorgui Moffatt<\/strong>: Lo que pretendemos es que la gente nos conozca y diga, \u201cyo podr\u00eda tener esta banda en mi casa, festejando algo y que no fuera una banda de casamiento, sino una banda en serio, ahora te voy a contar algo con respecto justamente a eso, pero lo todos queremos es que sea una vidriera con estos teatros. Hemos creado este espect\u00e1culo en donde la gente de m\u00e1s de 40, adem\u00e1s de ir a comer, al teatro o al cine, tambi\u00e9n tiene otra cosa para hacer que es esto de poder bailar o poder escuchar la m\u00fasica que nos hab\u00eda movilizado cuando \u00e9ramos adolescentes. Con respecto a esto que dec\u00eds de que no somos \u201cuna banda de casamientos\u201d, que es lo que quer\u00edamos lograr, de hecho Jano que es nuestro baterista, hab\u00eda pensado en armar esta banda con una bater\u00eda electr\u00f3nica, que es mucho m\u00e1s f\u00e1cil, enchuf\u00e1s y ya est\u00e1 programada, suena, listo, no hay que cablear, ni hay que microfonear, ni mucho menos proabr, pero en cuanto empezamos \u00e9l se dio cuenta que nunca \u00edbamos a ser una banda a media m\u00e1quina, \u00e9l y todos. O sea, nos dimos cuenta que segu\u00edamos teniendo tantas ganas de hacerlo a la perfecci\u00f3n y entonces cuando muchas veces nos present\u00e1bamos como banda de eventos, la gente que m\u00e1s o menos sab\u00eda, miraba el equipamiento, c\u00f3mo hab\u00edamos armado y dec\u00edan, \u201cpero ustedes no son una banda de eventos\u201d, y cuando son\u00e1bamos y ellos ve\u00edan lo que hac\u00edamos dec\u00edan \u201cn\u00f3, definitivamente no son una banda de eventos\u201d, as\u00ed que, pero bueno, va bien, son 8 a\u00f1os de su nacimiento.<\/h2>\n<h2 style=\"text-align: center;\"><\/h2>\n<h2 style=\"text-align: center;\"><span style=\"color: #000080;\"><strong>Hablando de existencia, \u00bfcu\u00e1nto tiempo tiene de vida \u201cThe End\u201d, un cl\u00e1sico de rock?<\/strong><\/span><\/h2>\n<h2 style=\"text-align: center;\"><strong>Gorgui Moffatt:<\/strong> Van 35 a\u00f1os, naci\u00f3 en el a\u00f1o \u00a01990, fines de ese a\u00f1o a principios del 91. Yo entr\u00e9 en el a\u00f1o 1995, pero antes hubo 4 cantantes.<\/h2>\n<h2 style=\"text-align: center;\"><span style=\"color: #000080;\"><strong>\u00bfC\u00f3mo ves ahora todo lo ocurrido en perspectiva? Casi cuatro d\u00e9cadas<\/strong><\/span><\/h2>\n<h2 style=\"text-align: center;\"><strong>Gorgui Moffatt:<\/strong> No apuramos nada el proceso, tuvimos mucho tiempo de tocar en bares y en pubs de la zona en donde naci\u00f3 \u201cThe End\u201d, que era la zona norte, empezamos a hacer teatros, nos empez\u00f3 a ir bien, empezamos a hacer dos teatros, dos funciones, 3 funciones llenas y no encontr\u00e1bamos el techo. Hasta que un momento dijimos, \u201cbueno y cruzamos la General Paz?\u201d, la cruzamos en el momento justo, que fue cuando el pa\u00eds estaba hecho flecos en el 2000, las bandas de afuera no ven\u00edan porque el pa\u00eds realmente estaba mal, y ah\u00ed fue cuando hicimos ese paso adelante y nos fue muy bien. La verdad que la banda se empez\u00f3 a posicionar y tiene, a pesar de ser una \u201cbanda tributo\u201d, con lo que eso conlleva, porque hay mucha gente que considera que las \u201cbandas tributo\u201d est\u00e1n mal vistas, tenemos por suerte como que hay un halo atr\u00e1s de \u201cThe End\u201d, de mucho respeto por haber tocado con m\u00fasicos importantes, porque se dan cuenta que todo lo hacemos con respeto y que no somos ningunos improvisados, despu\u00e9s de 35 a\u00f1os creo que lo tenemos ganado.<\/h2>\n<h2 style=\"text-align: center;\"><a href=\"http:\/\/noticias1440.com.ar\/wp-content\/uploads\/2025\/07\/Gorgui-Moffatt-004-Foto-Andrea-Giorgi-y-Sofia-Conti.jpg\"><img loading=\"lazy\" decoding=\"async\" class=\"wp-image-2518 aligncenter\" src=\"http:\/\/noticias1440.com.ar\/wp-content\/uploads\/2025\/07\/Gorgui-Moffatt-004-Foto-Andrea-Giorgi-y-Sofia-Conti-300x151.jpg\" alt=\"\" width=\"908\" height=\"457\" srcset=\"http:\/\/noticias1440.com.ar\/wp-content\/uploads\/2025\/07\/Gorgui-Moffatt-004-Foto-Andrea-Giorgi-y-Sofia-Conti-300x151.jpg 300w, http:\/\/noticias1440.com.ar\/wp-content\/uploads\/2025\/07\/Gorgui-Moffatt-004-Foto-Andrea-Giorgi-y-Sofia-Conti-1024x515.jpg 1024w, http:\/\/noticias1440.com.ar\/wp-content\/uploads\/2025\/07\/Gorgui-Moffatt-004-Foto-Andrea-Giorgi-y-Sofia-Conti-768x386.jpg 768w, http:\/\/noticias1440.com.ar\/wp-content\/uploads\/2025\/07\/Gorgui-Moffatt-004-Foto-Andrea-Giorgi-y-Sofia-Conti.jpg 1192w\" sizes=\"auto, (max-width: 908px) 100vw, 908px\" \/><\/a><\/h2>\n<h2 style=\"text-align: center;\"><span style=\"color: #000080;\"><strong>Hablando de repertorios, con \u201cThe End\u201d se les vuelve muy traum\u00e1tico tener que tocar siempre temas del \u00e1lbum doble \u201cThe Wall\u201d?<\/strong><\/span><\/h2>\n<h2 style=\"text-align: center;\"><strong>Gorgui Moffatt<\/strong>: Seguro, puede parecer esclavizante, pero no s\u00e9 si \u201cesclavizante\u201d es la palabra, pero que estamos cansados de tocar algunos temas, s\u00ed, es verdad. Pero como todo m\u00fasico que compone sus temas, siempre dicen \u201cest\u00e1s cansado de tocar el hitazo que te piden\u201d, y lo ten\u00e9s que tocar, o sea, lamentablemente hay algunos que se han revelado y no los han tocado y les ha ido mal con eso. Yo creo que no podemos renegar de todo eso, de vuelta, los temas no son nuestros, pero incluso creo que los hemos tocado m\u00e1s veces que los mism\u00edsimos Pink Floyd (risas), vos vas a ver un recital de m\u00fasica de Pink Floyd y no pueden faltar \u201cAnother Brick In The Wall Part 2\u201d, \u201cComfortably Numb\u201d, \u201cHey You\u201d, \u201cWish You Were Here\u201d, hay temas que no pueden salir del listado, eso entonces ya lo tenemos incorporado y sabemos que un gran porcentaje del show se repite todas las veces.<\/h2>\n<h2 style=\"text-align: center;\"><span style=\"color: #000080;\"><strong>\u00bfC\u00f3mo toman esto que \u201cThe End\u201d es una recreaci\u00f3n muy bien elaborada de una banda ic\u00f3nica que ya existe m\u00e1s y que la gente dice \u201cbueno, pero est\u00e1n ellos que tomaron la posta art\u00edstica y la siguen llevando con much\u00edsima fidelidad, como si fueran los m\u00fasicos de Pink Floyd\u201d? \u00bfC\u00f3mo viven ese respaldo de la gente a lo que han encarado?<\/strong><\/span><\/h2>\n<h2 style=\"text-align: center;\"><strong>Gorgui Moffatt<\/strong>: La verdad es que con much\u00edsima responsabilidad, porque a pesar que lo hacemos hace mucho tiempo y ya lo tenemos en los poros, no tenemos que hacer mucho esfuerzo para que nos salga, pero para evitar descuidos muchas veces cuando estamos por subir al escenario siempre nos juntamos y hablamos antes de salir, nos recordamos que la gente est\u00e1 pagando por vernos, que somos privilegiados de hacer lo que amamos y que la gente pague por eso, nos damos cuenta que por la cantidad de gente joven que hay en la platea, vemos que hay muchos que descubren al grupo Pink Floyd a trav\u00e9s de \u201cThe End\u201d, entonces nos ponen un lugar de poderosa responsabilidad en donde tenemos que hacer las cosas bien para representar a nuestros \u00eddolos de la mejor manera.<\/h2>\n<h2 style=\"text-align: center;\"><a href=\"http:\/\/noticias1440.com.ar\/wp-content\/uploads\/2025\/07\/Gorgui-Moffatt-010-Foto-Gabriel-Imparato.jpg\"><img loading=\"lazy\" decoding=\"async\" class=\"wp-image-2524 aligncenter\" src=\"http:\/\/noticias1440.com.ar\/wp-content\/uploads\/2025\/07\/Gorgui-Moffatt-010-Foto-Gabriel-Imparato-300x154.jpg\" alt=\"\" width=\"908\" height=\"466\" srcset=\"http:\/\/noticias1440.com.ar\/wp-content\/uploads\/2025\/07\/Gorgui-Moffatt-010-Foto-Gabriel-Imparato-300x154.jpg 300w, http:\/\/noticias1440.com.ar\/wp-content\/uploads\/2025\/07\/Gorgui-Moffatt-010-Foto-Gabriel-Imparato-1024x526.jpg 1024w, http:\/\/noticias1440.com.ar\/wp-content\/uploads\/2025\/07\/Gorgui-Moffatt-010-Foto-Gabriel-Imparato-768x395.jpg 768w, http:\/\/noticias1440.com.ar\/wp-content\/uploads\/2025\/07\/Gorgui-Moffatt-010-Foto-Gabriel-Imparato.jpg 1201w\" sizes=\"auto, (max-width: 908px) 100vw, 908px\" \/><\/a><\/h2>\n<h2 style=\"text-align: center;\"><span style=\"color: #000080;\"><strong>\u201cEl p\u00fablico se renueva\u201d, como dice Mirtha Legrand.<\/strong><\/span><\/h2>\n<h2 style=\"text-align: center;\"><strong>Gorgui Moffatt<\/strong>: (risas) Totalmente. Mira, yo siempre hago una pregunta en vivo en todos los shows, que la gente que viene lo sabe, \u201cque levanten la mano quien viene a ver a \u201cThe End\u201d por primera vez\u201d, te digo que m\u00e1s del 50% del p\u00fablico, tenemos un 60\/70 por ciento de gente nueva todas las veces y eso est\u00e1 buen\u00edsimo. Vos siempre ten\u00e9s a una persona en tu entorno que dices, \u201cch\u00e9, \u00bfconoces a \u201cThe End\u201d? \u201cAh, s\u00ed, los conozco, pero nunca fui\u201d, hay gente curiosa que se acerca, entonces creo que tenemos p\u00fablico para rato en Argentina y adem\u00e1s que estamos tratando de expandirnos siempre con lo que hacemos.<\/h2>\n<h2 style=\"text-align: center;\"><span style=\"color: #000080;\"><strong>\u00bfD\u00f3nde fue lo m\u00e1s lejos que han llegado con \u201cThe End\u201d fronteras afuera?<\/strong><\/span><\/h2>\n<h2 style=\"text-align: center;\"><strong>Gorgui Moffatt<\/strong>: A Espa\u00f1a.<\/h2>\n<h2 style=\"text-align: center;\"><span style=\"color: #000080;\"><strong>\u00bfY c\u00f3mo les fue en la \u201cmadre patria\u201d?<\/strong><\/span><\/h2>\n<h2 style=\"text-align: center;\"><strong>Gorgui Moffatt<\/strong>: Espectacular, la verdad que nos cost\u00f3, porque sigue siendo una banda muy numerosa, somos 12 personas en escena y los productores huyen despavoridos (risas), m\u00e1s cuando vos est\u00e1s sembrando como en nuestro caso y nadie est\u00e1 para poner plata para ir a sembrar una banda de 12 personas. Viste?, ac\u00e1 se toca Pink Floyd, pero por suerte en el 2023 lo logramos con un productor y nos fue muy bien, hicimos Madrid, Barcelona, Mallorca, y algo fue tremendo. Pens\u00e1bamos que iban a ir argentinos y pocos espa\u00f1oles, pero la verdad fue gente de todos lados, tuvimos ingleses, holandeses y la verdad es que un poco confirmaron lo que nosotros cre\u00edamos, que era que como nosotros hacemos Pink Floyd con calidad y ese plus latino, no porque agreguemos nada latino, sino porque es algo sangu\u00edneo y con huevos, entonces tenemos mucho rock, mucho Pink Floyd, se ve lo que transmitimos, como siempre decimos ac\u00e1 y en todos lados, hay tantos fan\u00e1ticos abajo del escenario como arriba del mismo y eso se demuestra, la verdad que nos fue muy bien.<\/h2>\n<h2 style=\"text-align: center;\"><a href=\"http:\/\/noticias1440.com.ar\/wp-content\/uploads\/2025\/07\/Gorgui-Moffatt-005-Foto-Andrea-Giorgi-y-Sofia-Conti.jpg\"><img loading=\"lazy\" decoding=\"async\" class=\"wp-image-2519 aligncenter\" src=\"http:\/\/noticias1440.com.ar\/wp-content\/uploads\/2025\/07\/Gorgui-Moffatt-005-Foto-Andrea-Giorgi-y-Sofia-Conti-300x155.jpg\" alt=\"\" width=\"912\" height=\"471\" srcset=\"http:\/\/noticias1440.com.ar\/wp-content\/uploads\/2025\/07\/Gorgui-Moffatt-005-Foto-Andrea-Giorgi-y-Sofia-Conti-300x155.jpg 300w, http:\/\/noticias1440.com.ar\/wp-content\/uploads\/2025\/07\/Gorgui-Moffatt-005-Foto-Andrea-Giorgi-y-Sofia-Conti-768x396.jpg 768w, http:\/\/noticias1440.com.ar\/wp-content\/uploads\/2025\/07\/Gorgui-Moffatt-005-Foto-Andrea-Giorgi-y-Sofia-Conti.jpg 1200w\" sizes=\"auto, (max-width: 912px) 100vw, 912px\" \/><\/a><\/h2>\n<h2 style=\"text-align: center;\"><span style=\"color: #000080;\"><strong>\u00bfC\u00f3mo fue para ustedes compatibilizar dos repertorios, el \u201cPink Floyd de Roger Waters\u201d, por decirlo de alguna forma, con el posterior \u201cPink Floyd de David Gilmour\u201d?<\/strong><\/span><\/h2>\n<h2 style=\"text-align: center;\"><strong>Gorgui Moffatt<\/strong>: Con naturalidad, o sea, sabemos que hay tres etapas, la etapa hecha con Sid Barrett, la que ser\u00eda m\u00e1s psicod\u00e9lica, luego la etapa en donde Gilmoure y Waters congeniaron y se llevaron bien, es ah\u00ed donde nosotros creemos que la \u201cmagia\u201d se produjo, discos como \u201cWish You Were Here\u201d, \u201cDark Side of the Moon\u201d o \u201cThe Wall\u201d, y luego la etapa \u201cPink Floyd post-Waters\u201d, en donde pas\u00f3 a ser un poco algo m\u00e1s \u201ccomercial\u201d, si se quiere decir, para algunas personas, por as\u00ed decirlo, que a nosotros nos gusta un mont\u00f3n y tratamos que en cada show haya algo de lo comercial, como la \u00faltima parte, algo de lo de Roger Waters y algo de lo de Syd Barrett, siempre hay para todos los gustos, sino con naturalidad.<\/h2>\n<h2 style=\"text-align: center;\"><span style=\"color: #000080;\"><strong>Siempre me acuerdo de un hist\u00f3rico fin de semana a principios de la d\u00e9cada pasada en que ustedes hicieron tres noches en el Gran Rex, algo ic\u00f3nico, acompa\u00f1ados por Durga Mc Broom, Guy Prat y John Carin. La gente no lo pod\u00eda creer, estaban como locos, trajeron a los m\u00fasicos originales, no es joda. \u00bfC\u00f3mo lo recuerdan? As\u00ed que adem\u00e1s ellos son muy buenos \u201cjefes de prensa\u201d de \u201cThe End\u201d, all\u00e1 comentan que \u201cestos tocan en serio, no es joda\u201d.<\/strong><\/span><\/h2>\n<h2 style=\"text-align: center;\"><strong>Gorgui Moffatt<\/strong>: (suave sonrisa) Es que para nosotros fue algo incre\u00edble, cada vez que nos acordamos. Ya lo tomamos naturalmente, porque tenemos muy buena relaci\u00f3n con ellos, especialmente con Durga y Guy. Hablamos de vez en cuando, pero el haber logrado ser la primera banda tributo en tocar con los m\u00fasicos originales, es un hito. Es uno m\u00e1s de los que hemos logrado con \u201cThe End\u201d, porque somos la primera \u201cbanda Floyd\u201d del mundo, la que naci\u00f3 primero, en 1990, despu\u00e9s vinieron los australianos, que se yo, los primeros en haber tocado con los m\u00fasicos originales, primeros en haber hecho \u201cThe Wall\u201d completo en vivo. Creemos que tambi\u00e9n fuimos los primeros en hacer algo sinf\u00f3nico, entonces la verdad que volv\u00e9s atr\u00e1s y pens\u00e1s en eso, todos nosotros al recordar esos d\u00edas obviamente est\u00e1bamos m\u00e1s nerviosos de hacer el ensayo con ellos, que hacer el show con la gente.<\/h2>\n<h2 style=\"text-align: center;\"><a href=\"http:\/\/noticias1440.com.ar\/wp-content\/uploads\/2025\/07\/Gorgui-Moffatt-001-Foto-Andrea-Giorgi-y-Sofia-Conti.jpg\"><img loading=\"lazy\" decoding=\"async\" class=\"wp-image-2515 aligncenter\" src=\"http:\/\/noticias1440.com.ar\/wp-content\/uploads\/2025\/07\/Gorgui-Moffatt-001-Foto-Andrea-Giorgi-y-Sofia-Conti-300x155.jpg\" alt=\"\" width=\"919\" height=\"475\" srcset=\"http:\/\/noticias1440.com.ar\/wp-content\/uploads\/2025\/07\/Gorgui-Moffatt-001-Foto-Andrea-Giorgi-y-Sofia-Conti-300x155.jpg 300w, http:\/\/noticias1440.com.ar\/wp-content\/uploads\/2025\/07\/Gorgui-Moffatt-001-Foto-Andrea-Giorgi-y-Sofia-Conti-768x396.jpg 768w\" sizes=\"auto, (max-width: 919px) 100vw, 919px\" \/><\/a><\/h2>\n<h2 style=\"text-align: center;\"><span style=\"color: #000080;\"><strong>Hicieron espect\u00e1culos conceptuales de casi todos los discos de Pink Floyd. Cuando ahora miras en perspectiva lo que hicieron y buscas la zanahoria adelante para ver cu\u00e1l es el camino que hay que seguir, \u00bfcu\u00e1l es el camino para elegir el nuevo repertorio, para que la gente siga seduciendo m\u00e1s all\u00e1 de que ustedes toquen b\u00e1rbaro?<\/strong><\/span><\/h2>\n<h2 style=\"text-align: center;\"><strong>Gorgui Moffatt<\/strong>: Justo en esta etapa que estamos viviendo ahora, ahora est\u00e1 pasando que estamos conmemorando los 50 a\u00f1os de muchos discos, fueron saliendo y entonces est\u00e1n cumpliendo cinco d\u00e9cadas, eso es una gran excusa. <strong>En este momento estamos haciendo el homenaje a los 50 a\u00f1os de \u201cWish You Were Here\u201d<\/strong>, despu\u00e9s siempre estamos craneando cosas nuevas, porque tenemos que ofrecer algo nuevo para que la gente decida volver a escucharnos. Adem\u00e1s de decir \u201cbueno lo hacen bien, bueno pero ya los vi 30 veces\u201d, ah\u00ed entonces ver que podemos ofrecer, hemos hecho algo sinf\u00f3nico, con varias orquestas, con cuartetos de cuerdas, con coros, vaos \u201clevantando\u201d la pared en varios lugares tem\u00e1ticos.<\/h2>\n<h2 style=\"text-align: center;\"><span style=\"color: #000080;\"><strong>Te olvid\u00e1s de una cosa hist\u00f3rica despu\u00e9s de la pandemia. Actuaron tres noches en el Planetario, adentro y afuera.<\/strong><\/span><\/h2>\n<h2 style=\"text-align: center;\"><strong>Gorgui Moffatt<\/strong>: Eso fue una gran oportunidad que nos brindaron en el 2022 y la aprovechamos. \u00a0Siempre hay cosas para apuntar y tenemos ideas locas en la cabeza, incluso la famosa idea de tocar en el Valle de la Luna, como estaba el mito que Pink Floyd iba a venir y nunca lo hizo, otra idea, estoy delirando, es tocar en las Islas Malvinas \u201cm\u00fasica de Pink Floyd hecha por argentinos\u201d. Hay miles de cosas, porque siempre estamos craneando y esperemos que tengamos la lucidez y la juventud de poder llevarlo a cabo.<\/h2>\n<h2 style=\"text-align: center;\"><a href=\"http:\/\/noticias1440.com.ar\/wp-content\/uploads\/2025\/07\/Gorgui-Moffatt-002-Foto-Andrea-Giorgi-y-Sofia-Conti.jpg\"><img loading=\"lazy\" decoding=\"async\" class=\"wp-image-2516 aligncenter\" src=\"http:\/\/noticias1440.com.ar\/wp-content\/uploads\/2025\/07\/Gorgui-Moffatt-002-Foto-Andrea-Giorgi-y-Sofia-Conti-300x151.jpg\" alt=\"\" width=\"920\" height=\"463\" srcset=\"http:\/\/noticias1440.com.ar\/wp-content\/uploads\/2025\/07\/Gorgui-Moffatt-002-Foto-Andrea-Giorgi-y-Sofia-Conti-300x151.jpg 300w, http:\/\/noticias1440.com.ar\/wp-content\/uploads\/2025\/07\/Gorgui-Moffatt-002-Foto-Andrea-Giorgi-y-Sofia-Conti-1024x515.jpg 1024w, http:\/\/noticias1440.com.ar\/wp-content\/uploads\/2025\/07\/Gorgui-Moffatt-002-Foto-Andrea-Giorgi-y-Sofia-Conti-768x386.jpg 768w, http:\/\/noticias1440.com.ar\/wp-content\/uploads\/2025\/07\/Gorgui-Moffatt-002-Foto-Andrea-Giorgi-y-Sofia-Conti.jpg 1198w\" sizes=\"auto, (max-width: 920px) 100vw, 920px\" \/><\/a><\/h2>\n<h2 style=\"text-align: center;\"><span style=\"color: #000080;\"><strong>\u00bfCu\u00e1ntas veces les piden cada a\u00f1o que vuelvan a hacer \u201cThe Wall\u201d en vivo completo?<\/strong><\/span><\/h2>\n<h2 style=\"text-align: center;\"><strong>Gorgui Moffatt:<\/strong> Todo el tiempo (risas). \u201cThe Wall\u201d se hizo mucho y tambi\u00e9n nosotros laburamos para eso, cuando empezamos a cranear \u201cThe Wall\u201d en un show y c\u00f3mo lo har\u00edamos, a medida que \u00edbamos pensando qu\u00e9 hacer y ve\u00edamos todos los gastos que iba a tener. Esa peque\u00f1a cosa o aqu\u00e9l detalle que quer\u00edamos agregar, por ejemplo el avi\u00f3n que pase por arriba de la gente en \u201cIn the flesh\u201d, la gente lo vio, no s\u00e9 si lo vio 10 segundos en escena, es mucho, pero para nosotros fue una fortuna (risas), un gasto que despu\u00e9s no lo recuperamos. De hecho, despu\u00e9s de ese \u201cThe Wall\u201d en el Luna Park en el 2004, tuvimos que laburar dos a\u00f1os para pagar todo lo del avi\u00f3n (risas), pero al momento de decidir lo dijimos, \u201cac\u00e1 o nos quedamos cortos o nos rompemos\u201d, doblamos la apuesta, y por suerte doblamos la apuesta y la gente se acuerda de ese show. Despu\u00e9s lo hicimos en el Teatro Coliseo, lo hicimos en varios lugares, tambi\u00e9n en el interior, pero ac\u00e1 s\u00ed en el Coliseo, fue completamente distinto, como que \u201cThe Wall\u201d es muy grandilocuente, es todo masivo, en Luna Park fue el lugar perfecto para hacerlo.<\/h2>\n<h2 style=\"text-align: center;\"><span style=\"color: #000080;\"><strong>\u00bfHay nuevos referentes de la m\u00fasica que se puedan equiparar con lo que sembr\u00f3 en su momento Pink Floyd como grupo? Sin titubear, pod\u00e9s decir \u201cn\u00f3\u201d, no hay problema.<\/strong><\/span><\/h2>\n<h2 style=\"text-align: center;\"><strong>Gorgui Moffatt<\/strong>: A mi me cuesta, por eso ahora estoy en mi salsa, con \u201cThe End\u201d y con \u201cBackline\u201d, porque hago las cosas que me gustan, soy muy ochentoso, muy ochentoso, a veces demasiado, a mis hijos los \u201ctorturo\u201d, pero escuchan buena m\u00fasica, mi hijo de seis a\u00f1os se duerme con m\u00fasica ochentosa, con Pink Floyd, con Marillion, con cosas que \u00e9 me pide. Entonces creo que ah\u00ed le estoy dando una base para que despu\u00e9s, sin renegar que despu\u00e9s escuche el trap, cumbia o que escuchen lo que quieran, tenga una base. Pero en respuesta a tu pregunta, creo que el nivel de muchas bandas de los ochenta que nosotros conocemos, que hicieron lo que hicieron, yo creo que no hay equivalente en la actualidad, hay muy buenas bandas y me gustan, pero n\u00f3, me pon\u00e9s eso en un aprieto, no podr\u00eda en este momento decirte una, no te podr\u00eda contestar eso, no hay ninguna que acumule ese tipo de pergaminos, son bandas tremendas s\u00ed, pero que acumulen todos esos pergaminos art\u00edsticos y culturales es muy dif\u00edcil.<\/h2>\n<h2 style=\"text-align: center;\"><a href=\"http:\/\/noticias1440.com.ar\/wp-content\/uploads\/2025\/07\/Gorgui-Moffatt-006-Foto-Andrea-Giorgi-y-Sofia-Conti.jpg\"><img loading=\"lazy\" decoding=\"async\" class=\"wp-image-2520 aligncenter\" src=\"http:\/\/noticias1440.com.ar\/wp-content\/uploads\/2025\/07\/Gorgui-Moffatt-006-Foto-Andrea-Giorgi-y-Sofia-Conti-300x150.jpg\" alt=\"\" width=\"916\" height=\"458\" srcset=\"http:\/\/noticias1440.com.ar\/wp-content\/uploads\/2025\/07\/Gorgui-Moffatt-006-Foto-Andrea-Giorgi-y-Sofia-Conti-300x150.jpg 300w, http:\/\/noticias1440.com.ar\/wp-content\/uploads\/2025\/07\/Gorgui-Moffatt-006-Foto-Andrea-Giorgi-y-Sofia-Conti-1024x512.jpg 1024w, http:\/\/noticias1440.com.ar\/wp-content\/uploads\/2025\/07\/Gorgui-Moffatt-006-Foto-Andrea-Giorgi-y-Sofia-Conti-768x384.jpg 768w, http:\/\/noticias1440.com.ar\/wp-content\/uploads\/2025\/07\/Gorgui-Moffatt-006-Foto-Andrea-Giorgi-y-Sofia-Conti.jpg 1202w\" sizes=\"auto, (max-width: 916px) 100vw, 916px\" \/><\/a><\/h2>\n<h2 style=\"text-align: center;\"><span style=\"color: #000080;\"><strong>La gente te conoce en tu rol de \u201cBatman\u201d, que es el hombre que se sube a cantar en los shows de \u201cThe End\u201d. Fuera del escenario, \u201cBruno D\u00edaz\u201d \u00bfqui\u00e9n es?, \u00bfcu\u00e1l es el trabajo lateral que ten\u00e9s paralelo a lo art\u00edstico?<\/strong><\/span><\/h2>\n<h2 style=\"text-align: center;\"><strong>Gorgui Moffatt<\/strong>: \u201cBruno D\u00edaz\u201d (risas) trabaja en un colegio, es profesor de educaci\u00f3n f\u00edsica y tambi\u00e9n en el mismo colegio vuelca un poco todo su conocimiento de t\u00e9cnica, de sonido, de iluminaci\u00f3n en los eventos que hace ese colegio, que es un colegio grande que tiene muchos eventos como es el Colegio San Andr\u00e9s. S\u00ed, me gusta y es el colegio al que fui, adem\u00e1s que tengo la camiseta puesta de la instituci\u00f3n que me permite, porque me conocen hace much\u00edsimos a\u00f1os, que si tengo que viajar por las bandas y por mi laburo como artista, no me hacen ning\u00fan problema, as\u00ed que para m\u00ed todo esto es un golazo, se combina muy bien con lo que hago.<\/h2>\n<h2 style=\"text-align: center;\"><span style=\"color: #000080;\"><strong>\u00bfC\u00f3mo sos en tu rol semanal de profesor o maestro de \u00abEducaci\u00f3n F\u00edsica\u00bb?<\/strong><\/span><\/h2>\n<h2 style=\"text-align: center;\"><strong>Gorgui Moffatt<\/strong>: Paciente, paciente pero \u201cvieja escuela\u201d, \u201cvieja escuela\u201d que quiere decir esto, por ejemplo en el deporte pasa mucho que los chicos no tienen constancia, no les divierte, por lo menos en mi \u00e9poca yo como deportista, que fui muy deportista, estaba entrenado como un animal, ahora es como que los chicos no tienen ese \u201cchip\u201d, no quieren tener toda esa constancia en el deporte, yo lo viv\u00ed, para m\u00ed si quer\u00e9s lograr algo, ten\u00e9s que meterle mucho porque si no sale bien.<\/h2>\n<h2 style=\"text-align: center;\"><span style=\"color: #000080;\"><strong>\u00bfQu\u00e9 edad ten\u00e9s?<\/strong><\/span><\/h2>\n<h2 style=\"text-align: center;\"><strong>Gorgui Moffatt<\/strong>: 55 a\u00f1os.<\/h2>\n<h2 style=\"text-align: center;\"><span style=\"color: #000080;\"><strong>\u00bfCu\u00e1ntos hijos?<\/strong><\/span><\/h2>\n<h2 style=\"text-align: center;\"><strong>Gorgui Moffatt<\/strong>: Tengo 4 hijos, tengo a Juanita (27), Alexa (25), Dylan (21) y despu\u00e9s de una \u201csegunda administraci\u00f3n\u201d (risas) naci\u00f3 Max, que tiene 6 a\u00f1os.<\/h2>\n<h2 style=\"text-align: center;\"><span style=\"color: #000080;\"><strong>\u00bfC\u00f3mo ven ellos al pap\u00e1 que es \u201cprofesor de d\u00eda y m\u00fasico de noche\u201d?<\/strong><\/span><\/h2>\n<h2 style=\"text-align: center;\"><strong>Gorgui Moffatt<\/strong>: Ellos lo que ven de mi es que, o lo que trato de inculcarles es, en realidad te estoy contestando mal, ellos me ven con naturalidad, tienen un padre rockero que le gusta la m\u00fasica, que le gusta el deporte y que todo lo que hace es con pasi\u00f3n, o sea yo si no me apasiona algo no lo hago, he hecho cosas en mi vida que no las sent\u00eda y que las ten\u00eda que hacer porque hay salir a laburar.<\/h2>\n<h2 style=\"text-align: center;\"><a href=\"http:\/\/noticias1440.com.ar\/wp-content\/uploads\/2025\/07\/Gorgui-Moffatt-003-Foto-Andrea-Giorgi-y-Sofia-Conti.jpg\"><img loading=\"lazy\" decoding=\"async\" class=\"wp-image-2517 aligncenter\" src=\"http:\/\/noticias1440.com.ar\/wp-content\/uploads\/2025\/07\/Gorgui-Moffatt-003-Foto-Andrea-Giorgi-y-Sofia-Conti-300x155.jpg\" alt=\"\" width=\"912\" height=\"471\" srcset=\"http:\/\/noticias1440.com.ar\/wp-content\/uploads\/2025\/07\/Gorgui-Moffatt-003-Foto-Andrea-Giorgi-y-Sofia-Conti-300x155.jpg 300w, http:\/\/noticias1440.com.ar\/wp-content\/uploads\/2025\/07\/Gorgui-Moffatt-003-Foto-Andrea-Giorgi-y-Sofia-Conti-1024x529.jpg 1024w, http:\/\/noticias1440.com.ar\/wp-content\/uploads\/2025\/07\/Gorgui-Moffatt-003-Foto-Andrea-Giorgi-y-Sofia-Conti-768x397.jpg 768w, http:\/\/noticias1440.com.ar\/wp-content\/uploads\/2025\/07\/Gorgui-Moffatt-003-Foto-Andrea-Giorgi-y-Sofia-Conti.jpg 1193w\" sizes=\"auto, (max-width: 912px) 100vw, 912px\" \/><\/a><\/h2>\n<h2 style=\"text-align: center;\"><span style=\"color: #000080;\"><strong>\u00bfPor ejemplo qu\u00e9 clase de trabajo?<\/strong><\/span><\/h2>\n<h2 style=\"text-align: center;\"><strong>Gorgui Moffatt<\/strong>: \u00bfPor ejemplo?&#8230;De todo, he hecho tapizados de cuero para autos,trabaj\u00e9 en una empresa vendiendo m\u00e1rmoles, una firma de log\u00edstica, una empresa de colocaci\u00f3n de carteles en el punto de venta, la verdad que he hecho de todo en mi vida, f\u00e1brica de cordones tuve, pero digamos y esto tambi\u00e9n un poco lo traigo porque yo lo que trato de inculcar a mis hijos, es que lo que \u201chagas lo que te apasione\u201d, porque si no la vas a pasar mal. Me acuerdo que tuve una conversaci\u00f3n una vez con mi viejo, yo ten\u00eda creo que 30 a\u00f1os y le digo a mi viejo, \u201cviejo, vine a esta vida a pasarla bien\u201d y \u00e9l no lo entendi\u00f3, no le gust\u00f3 y me dijo \u00bfc\u00f3mo va a pasar? todo bien pero\u2026 entendi\u00f3 que era una joda. Era una joda, de verdad incluso hasta a mi mujer le digo, muchas veces estando con ella, de golpe me echaban de un laburo, algo que me pas\u00f3, me dice \u201c\u00bfc\u00f3mo no est\u00e1s llorando?\u201d \u201cya est\u00e1, ahora paso p\u00e1gina, voy a otro lado\u201d. Adem\u00e1s siempre estoy buscando el vaso medio lleno, es como mi filosof\u00eda central<\/h2>\n<h2 style=\"text-align: center;\"><span style=\"color: #000080;\"><strong>\u201cThe End\u201d siempre se present\u00f3 en eventos propios. Ustedes siempre tocaron en esa clase de eventos propios, \u00bfalguna vez les ofrecieron tocar en alg\u00fan festival o en otro lugar que compartan sitio con otros artistas?<\/strong><\/span><\/h2>\n<h2 style=\"text-align: center;\"><strong>Gorgui Moffatt<\/strong>: Hemos compartido escenario, estuvimos por ejemplo una vez en Brasil, fuimos con dos \u201cbandas tributo\u201d, una de Kiss y otra de Queen, estuvo muy bueno, nos ha pasado, no mucho, pero hemos compartido escenario con otros. Pero no con artistas que no sean \u201ctributo\u201d. Mira, una vez hicimos de teloneros de \u201cFish\u201d, cantante de \u201cMarillion\u201d, cuando vino una vez ac\u00e1, iba a hacer un Gran Rex pero le iba a quedar grande encarar ese teatro, porque la gente no estaba como para llenarlo. Tuvieron que remar. N\u00f3, entonces nos llam\u00f3 quien era un productor que nos conoc\u00eda, me dijo \u201cchicos \u00bfquieren hacer ustedes de teloneros?\u201d\u00a0 Entonces entramos como teloneros y medio que el teatro al final funcion\u00f3, lo conocimos a Fish y bueno, yo era fan\u00e1tico de \u201cMarillion\u201d as\u00ed que estaba como loco. Y eso fue una experiencia tremenda, pero no recuerdo haber tocado con alg\u00fan otro artista.<\/h2>\n<h2 style=\"text-align: center;\"><a href=\"http:\/\/noticias1440.com.ar\/wp-content\/uploads\/2025\/07\/Gorgui-Moffatt-007-Foto-Andrea-Giorgi-y-Sofia-Conti.jpg\"><img loading=\"lazy\" decoding=\"async\" class=\"wp-image-2521 aligncenter\" src=\"http:\/\/noticias1440.com.ar\/wp-content\/uploads\/2025\/07\/Gorgui-Moffatt-007-Foto-Andrea-Giorgi-y-Sofia-Conti-300x150.jpg\" alt=\"\" width=\"908\" height=\"454\" srcset=\"http:\/\/noticias1440.com.ar\/wp-content\/uploads\/2025\/07\/Gorgui-Moffatt-007-Foto-Andrea-Giorgi-y-Sofia-Conti-300x150.jpg 300w, http:\/\/noticias1440.com.ar\/wp-content\/uploads\/2025\/07\/Gorgui-Moffatt-007-Foto-Andrea-Giorgi-y-Sofia-Conti-1024x513.jpg 1024w, http:\/\/noticias1440.com.ar\/wp-content\/uploads\/2025\/07\/Gorgui-Moffatt-007-Foto-Andrea-Giorgi-y-Sofia-Conti-768x385.jpg 768w, http:\/\/noticias1440.com.ar\/wp-content\/uploads\/2025\/07\/Gorgui-Moffatt-007-Foto-Andrea-Giorgi-y-Sofia-Conti.jpg 1198w\" sizes=\"auto, (max-width: 908px) 100vw, 908px\" \/><\/a><\/h2>\n<h2 style=\"text-align: center;\"><span style=\"color: #000080;\"><strong>O sea, por decir un ejemplo supuesto, \u00bfjam\u00e1s compartieron un festival o un evento donde estuviesen grupos como \u201cLos Pericos\u201d o \u201cKapanga\u201d.<\/strong><\/span><\/h2>\n<h2 style=\"text-align: center;\"><strong>Gorgui Moffatt<\/strong>: N\u00f3, lo que s\u00ed nos pas\u00f3 es en el local \u201cRoxy Live\u201d por ejemplo hace much\u00edsimos a\u00f1os tocamos con Charly Garc\u00eda, tambi\u00e9n otra vez estuvios con \u00e9l tocando en una gran fiesta de la revista \u201cGente\u201d all\u00e1 por el a\u00f1o 2000.<\/h2>\n<h2 style=\"text-align: center;\"><span style=\"color: #000080;\"><strong>\u00bfPodr\u00edas recordar por favor aquella situaci\u00f3n?<\/strong><\/span><\/h2>\n<h2 style=\"text-align: center;\"><strong>Gorgui Moffatt<\/strong>: Mira, \u00e9l (Charly) estaba ah\u00ed en ese local de m\u00fasica y vio que est\u00e1bamos tocando Pink Floyd y se subi\u00f3 al escenario, no pregunt\u00f3 (risas). Entonces uno de los tecladistas inmediatamente se par\u00f3 y Charly se sent\u00f3 y all\u00e1 fue, terminamos tocamos dos canciones con \u00e9l. Lo mismo pas\u00f3 luego en la fiesta de la revista \u201cGente\u201d en otro lugar de Capital, nosotros est\u00e1bamos contratados y toc\u00e1bamos algo de Pink Floyd y despu\u00e9s ven\u00eda Charly Garc\u00eda con su show. Y cuando nosotros est\u00e1bamos terminando, \u00e9l subi\u00f3 al escenario antes y dijo \u201cn\u00f3, no se vayan, no se vayan\u201d, y se subi\u00f3 para tocar otro tema de Pink Floyd con nosotros. Entonces, eso es tremendo, son grandes gustos en la vida que nos hemos dado.<\/h2>\n<h2 style=\"text-align: center;\"><a href=\"http:\/\/noticias1440.com.ar\/wp-content\/uploads\/2025\/07\/Gorgui-Moffatt-012-Foto-Gabriel-Imparato.jpg\"><img loading=\"lazy\" decoding=\"async\" class=\"wp-image-2526 aligncenter\" src=\"http:\/\/noticias1440.com.ar\/wp-content\/uploads\/2025\/07\/Gorgui-Moffatt-012-Foto-Gabriel-Imparato-300x150.jpg\" alt=\"\" width=\"904\" height=\"452\" srcset=\"http:\/\/noticias1440.com.ar\/wp-content\/uploads\/2025\/07\/Gorgui-Moffatt-012-Foto-Gabriel-Imparato-300x150.jpg 300w, http:\/\/noticias1440.com.ar\/wp-content\/uploads\/2025\/07\/Gorgui-Moffatt-012-Foto-Gabriel-Imparato-1024x512.jpg 1024w, http:\/\/noticias1440.com.ar\/wp-content\/uploads\/2025\/07\/Gorgui-Moffatt-012-Foto-Gabriel-Imparato-768x384.jpg 768w, http:\/\/noticias1440.com.ar\/wp-content\/uploads\/2025\/07\/Gorgui-Moffatt-012-Foto-Gabriel-Imparato.jpg 1198w\" sizes=\"auto, (max-width: 904px) 100vw, 904px\" \/><\/a><\/h2>\n<h2 style=\"text-align: center;\"><span style=\"color: #000080;\"><strong>Hace muchas temporadas que \u201cThe End\u201d tiene muy buena respuesta, lo mismo pasa con otros int\u00e9rpretes como \u201cThe Beats\u201d, \u201cDr. Queen\u201d o \u201cDios salve a la reina\u201d. \u00bfC\u00f3mo ves a estos int\u00e9rpretes como ustedes que dicen \u201cbueno, vamos a tocar esta m\u00fasica\u201d y luego casi por arte de magia hay un mont\u00f3n de gente que los va a ver y dice \u201cgracias por tocarla\u201d.<\/strong><\/span><\/h2>\n<h2 style=\"text-align: center;\"><strong>Gorgui Moffatt<\/strong>: Es muy fuerte, es que es un poco el prejuicio sobre el que habl\u00e1bamos antes, el prejuicio que tiene mucha gente con respecto a las \u201cbandas tributo\u201d. Y la realidad es que si sos as\u00ed de cerrado porque no pens\u00e1s que haya una banda que interprete la m\u00fasica de otro grupo banda. Entonces Wolfgang Amadeus Mozart se muri\u00f3 y no podemos escuchar m\u00e1s la m\u00fasica de Mozart en vivo. De hecho todo lo grabado de Mozart no est\u00e1 tocado por Mozart, as\u00ed de simple.<\/h2>\n<h2 style=\"text-align: center;\"><span style=\"color: #000080;\"><strong>El periodista y productor Ricardo Medina (\u00abThe Musical Box\u00bb), especialista en discos de rock progresivo, en su momento se\u00f1alaba que \u201cla m\u00fasica que hacen ustedes, el rock sinf\u00f3nico, de alguna forma fue como la \u201cm\u00fasica cl\u00e1sica\u201d del siglo veinte\u00bb.<\/strong><\/span><\/h2>\n<h2 style=\"text-align: center;\"><strong>Gorgui Moffatt:<\/strong> Exactamente. Y entonces cuando nosotros nacimos como grupo hab\u00eda dos bandas que hac\u00edan tributo. Una era \u201cRael\u201d que hac\u00eda \u201cGenesis\u201d en sus comienzos y la otra era \u201cDanger Tour\u201d que hac\u00edan el repertorio de \u201cThe Beatles\u201d Y la verdad que ahora las \u201cbandas tributo\u201d est\u00e1n creciendo un mont\u00f3n, porque ellas se lo est\u00e1n tomando muy seriamente y lo elaboran bien, est\u00e1 buen\u00edsimo, la realidad es que es m\u00fasica que \u201cle pertenece a todos\u201d. Nosotros pagamos los derechos para hacerla y no estamos teniendo inconvenientes. Est\u00e1 buen\u00edsima, la verdad es que con todo esto que sucede, seguimos sorprendi\u00e9ndonos mucho y lo disfrutamos permanentemente.<\/h2>\n<p>&nbsp;<\/p>\n<p>&nbsp;<\/p>\n<h2 style=\"text-align: center;\"><strong><span style=\"color: #0000ff;\">Show \u00abThe End\u00bb \u00e1lbum \u00abWish You Were Here\u00bb 50 Aniversario &#8211; Entradas en venta en:<\/span><\/strong><\/h2>\n<h2><strong><a href=\"https:\/\/www.ticketek.com.ar\/end\/teatro-devoto\">https:\/\/www.ticketek.com.ar\/end\/teatro-devoto<\/a><\/strong><\/h2>\n<h2 style=\"text-align: center;\"><strong><span style=\"color: #0000ff;\">\u00a0<\/span><\/strong><\/h2>\n<ul>\n<li>\n<h2 style=\"text-align: center;\"><em><strong><span style=\"color: #000080;\">Fotos \u00abThe End\u00bb Estadio Luna Park y Teatro Gran Rex<\/span>: <span style=\"color: #ff0000;\">Agencia C&amp;G (Sof\u00eda Conti y Andrea Giorgi)<\/span> \/\/ <span style=\"color: #800080;\">Fotos \u00abBackline\u00bb<\/span> : <span style=\"color: #003300;\">Gorgui Moffatt<\/span> \/\/ <span style=\"color: #000080;\">Fotos entrevista exclusiva sala de ensayos \u00abThe End\u00bb<\/span>: <span style=\"color: #000000;\">Gabriel Imparato (Agencia Noticias 1440)\u00a0<\/span><\/strong><\/em><\/h2>\n<\/li>\n<\/ul>\n","protected":false},"excerpt":{"rendered":"<p>El magn\u00edfico cantante realiz\u00f3 con su banda un gran show con el proyecto \u201cBackline\u201d en el Teatro Devoto, lugar donde el s\u00e1bado 16 de Agosto realizar\u00e1n con la banda tributo a Pink Floyd la revisi\u00f3n completa del disco \u201cWish You Were Here\u201d, al cumplirse 50 a\u00f1os de su edici\u00f3n. De esto y mucho m\u00e1s, el&hellip;<\/p>\n","protected":false},"author":1,"featured_media":2517,"comment_status":"closed","ping_status":"open","sticky":false,"template":"","format":"standard","meta":{"footnotes":""},"categories":[4],"tags":[],"class_list":["post-2513","post","type-post","status-publish","format-standard","has-post-thumbnail","hentry","category-entrevistas"],"_links":{"self":[{"href":"http:\/\/noticias1440.com.ar\/index.php?rest_route=\/wp\/v2\/posts\/2513","targetHints":{"allow":["GET"]}}],"collection":[{"href":"http:\/\/noticias1440.com.ar\/index.php?rest_route=\/wp\/v2\/posts"}],"about":[{"href":"http:\/\/noticias1440.com.ar\/index.php?rest_route=\/wp\/v2\/types\/post"}],"author":[{"embeddable":true,"href":"http:\/\/noticias1440.com.ar\/index.php?rest_route=\/wp\/v2\/users\/1"}],"replies":[{"embeddable":true,"href":"http:\/\/noticias1440.com.ar\/index.php?rest_route=%2Fwp%2Fv2%2Fcomments&post=2513"}],"version-history":[{"count":12,"href":"http:\/\/noticias1440.com.ar\/index.php?rest_route=\/wp\/v2\/posts\/2513\/revisions"}],"predecessor-version":[{"id":2692,"href":"http:\/\/noticias1440.com.ar\/index.php?rest_route=\/wp\/v2\/posts\/2513\/revisions\/2692"}],"wp:featuredmedia":[{"embeddable":true,"href":"http:\/\/noticias1440.com.ar\/index.php?rest_route=\/wp\/v2\/media\/2517"}],"wp:attachment":[{"href":"http:\/\/noticias1440.com.ar\/index.php?rest_route=%2Fwp%2Fv2%2Fmedia&parent=2513"}],"wp:term":[{"taxonomy":"category","embeddable":true,"href":"http:\/\/noticias1440.com.ar\/index.php?rest_route=%2Fwp%2Fv2%2Fcategories&post=2513"},{"taxonomy":"post_tag","embeddable":true,"href":"http:\/\/noticias1440.com.ar\/index.php?rest_route=%2Fwp%2Fv2%2Ftags&post=2513"}],"curies":[{"name":"wp","href":"https:\/\/api.w.org\/{rel}","templated":true}]}}