{"id":2389,"date":"2025-05-18T01:51:59","date_gmt":"2025-05-18T01:51:59","guid":{"rendered":"https:\/\/noticias1440.com.ar\/?p=2389"},"modified":"2025-08-03T02:15:55","modified_gmt":"2025-08-03T02:15:55","slug":"richard-coleman-explica-a-solas-en-su-casa-como-es-el-incorrecto-uso-de-la-metafora-yo-no-reflejo-la-realidad-en-mis-letras","status":"publish","type":"post","link":"http:\/\/noticias1440.com.ar\/?p=2389","title":{"rendered":"Richard Coleman explica a solas en su casa como es \u201cEl (in)correcto uso de la met\u00e1fora\u201d: \u201cYo no reflejo la realidad en mis letras\u201d"},"content":{"rendered":"<h2 style=\"text-align: center;\"><strong>Noticias 1440<\/strong> accedi\u00f3 d\u00edas despu\u00e9s de una audici\u00f3n oficial en la productora <strong>\u00abPopArt\u00bb<\/strong>, a conocer el nuevo material en el estudio hogare\u00f1o junto al talentoso artista. Tras este aproach \u00edntimo con su flamante disco, el brillante m\u00fasico brind\u00f3 numerosas y extensas declaraciones previas a su show del <strong>27 de septiembre en Niceto Club<\/strong>.<\/h2>\n<p><!--more--><\/p>\n<h2><a href=\"http:\/\/noticias1440.com.ar\/wp-content\/uploads\/2025\/08\/Richard-Coleman-Note-May-2025-A21-Foto-Prensa-Pop-Art-Music.jpg\"><img loading=\"lazy\" decoding=\"async\" class=\"wp-image-2670 aligncenter\" src=\"http:\/\/noticias1440.com.ar\/wp-content\/uploads\/2025\/08\/Richard-Coleman-Note-May-2025-A21-Foto-Prensa-Pop-Art-Music-300x151.jpg\" alt=\"\" width=\"912\" height=\"459\" srcset=\"http:\/\/noticias1440.com.ar\/wp-content\/uploads\/2025\/08\/Richard-Coleman-Note-May-2025-A21-Foto-Prensa-Pop-Art-Music-300x151.jpg 300w, http:\/\/noticias1440.com.ar\/wp-content\/uploads\/2025\/08\/Richard-Coleman-Note-May-2025-A21-Foto-Prensa-Pop-Art-Music-1024x515.jpg 1024w, http:\/\/noticias1440.com.ar\/wp-content\/uploads\/2025\/08\/Richard-Coleman-Note-May-2025-A21-Foto-Prensa-Pop-Art-Music-768x386.jpg 768w, http:\/\/noticias1440.com.ar\/wp-content\/uploads\/2025\/08\/Richard-Coleman-Note-May-2025-A21-Foto-Prensa-Pop-Art-Music.jpg 1193w\" sizes=\"auto, (max-width: 912px) 100vw, 912px\" \/><\/a><\/h2>\n<h2><a href=\"http:\/\/noticias1440.com.ar\/wp-content\/uploads\/2025\/08\/NOMBRE-PARA-SITIO-WEB-3-1.jpg\"><img loading=\"lazy\" decoding=\"async\" class=\"size-medium wp-image-2677 alignleft\" src=\"http:\/\/noticias1440.com.ar\/wp-content\/uploads\/2025\/08\/NOMBRE-PARA-SITIO-WEB-3-1-300x61.jpg\" alt=\"\" width=\"300\" height=\"61\" srcset=\"http:\/\/noticias1440.com.ar\/wp-content\/uploads\/2025\/08\/NOMBRE-PARA-SITIO-WEB-3-1-300x61.jpg 300w, http:\/\/noticias1440.com.ar\/wp-content\/uploads\/2025\/08\/NOMBRE-PARA-SITIO-WEB-3-1.jpg 359w\" sizes=\"auto, (max-width: 300px) 100vw, 300px\" \/><\/a><\/h2>\n<h2 style=\"text-align: center;\"><\/h2>\n<p>&nbsp;<\/p>\n<h2 style=\"text-align: center;\"><strong>(Capital Federal \u2013 Domingo 18 de Mayo de 2025)<\/strong> Han pasado diez d\u00edas desde que el sello <strong>\u201cPopArtDiscos\u201d<\/strong> concret\u00f3 una audici\u00f3n oficial para editores y directivos de medios, en las oficinas de la casa discogr\u00e1fica en la zona de Colegiales. En la misma, los asistentes que fueron convocados pudieron degustar la primera pasada oficial del \u00e1lbum <strong>\u201cEl (in)correcto uso de la met\u00e1fora\u201d<\/strong>, la primera producci\u00f3n de estudios con duraci\u00f3n tradicional de disco despu\u00e9s de la pandemia, lanzada por el exitoso compositor, guitarrista y cantante <strong>Richard Coleman<\/strong>. Las expectativas iniciales parecen haber hallado buen eco en quienes tuvieron la posibilidad de concurrir a las oficinas de la calle Nicaragua al 5900, pero la difusi\u00f3n de un nuevo registro plantea una ingenier\u00eda prolongada para asentar un trabajo art\u00edstico que demand\u00f3 varios meses para ver la luz. El m\u00fasico, satisfecho por la reacci\u00f3n inicial de los medios en esa reuni\u00f3n protocolar, mostr\u00f3 su inquietud ante la ausencia de este medio para esa presentaci\u00f3n. Su <strong>manager, la realizadora y empresaria Alejandra Bredeston<\/strong>, ante esta curiosa situaci\u00f3n, tom\u00f3 la firme determinaci\u00f3n el jueves 16 por la noche de comunicarse con este comunicador, para proponerle una experiencia mejor: escuchar las canciones del \u00e1lbum en el estudio privado del artista durante la tarde del s\u00e1bado 17, acompa\u00f1ado por el m\u00fasico en un ambiente \u00f3ptimo para disfrutar y analizar el flamante material publicado.<\/h2>\n<p>&nbsp;<\/p>\n<p><a href=\"http:\/\/noticias1440.com.ar\/wp-content\/uploads\/2025\/08\/Richard-Coleman-Note-May-2025-A01-Foto-Prensa-Pop-Art-Music.jpg\"><img loading=\"lazy\" decoding=\"async\" class=\"wp-image-2649 aligncenter\" src=\"http:\/\/noticias1440.com.ar\/wp-content\/uploads\/2025\/08\/Richard-Coleman-Note-May-2025-A01-Foto-Prensa-Pop-Art-Music-300x166.jpg\" alt=\"\" width=\"909\" height=\"503\" srcset=\"http:\/\/noticias1440.com.ar\/wp-content\/uploads\/2025\/08\/Richard-Coleman-Note-May-2025-A01-Foto-Prensa-Pop-Art-Music-300x166.jpg 300w, http:\/\/noticias1440.com.ar\/wp-content\/uploads\/2025\/08\/Richard-Coleman-Note-May-2025-A01-Foto-Prensa-Pop-Art-Music-1024x566.jpg 1024w, http:\/\/noticias1440.com.ar\/wp-content\/uploads\/2025\/08\/Richard-Coleman-Note-May-2025-A01-Foto-Prensa-Pop-Art-Music-768x425.jpg 768w, http:\/\/noticias1440.com.ar\/wp-content\/uploads\/2025\/08\/Richard-Coleman-Note-May-2025-A01-Foto-Prensa-Pop-Art-Music.jpg 1112w\" sizes=\"auto, (max-width: 909px) 100vw, 909px\" \/><\/a><\/p>\n<h2 style=\"text-align: center;\">En una tarde muy desapacible totalmente nublada, sin vestigios de sol y una lluvia que no ha cesado desde la madrugada, la tranquilidad en la zona de Villa Urquiza es contundente y pocos circulan pasadas las 17 horas. En un a\u00f1ejo chalet cercano a la Avenida Congreso, la bienvenida la ofrecen el propio <strong>Richard Coleman<\/strong>, su manager y pareja, am\u00e9n de Rosita, una cari\u00f1osa gata que apenas todos buscan confortable asiento, ocupa un taburete con la bandera de Inglaterra. El estudio del consagrado compositor, guitarrista y cantante est\u00e1 repleto de vinilos, CDs, instrumentos, procesadores de sonidos y otros delicados detalles que brindan una magistral calidez a quienes tienen la chance de estar en el estudio. Antes de comenzar la pasada completa del nuevo disco, la recepci\u00f3n incluye una reconfortante taza de t\u00e9 con leche y unas masitas secas, algo que tranquilamente encajar\u00eda con un cl\u00e1sico \u201cFive O\u00b4Clock Tea\u201d, pero en un barrio repleto de viviendas bajas sin edificios a la vista. Dando algunas directivas sobre donde ubicarse para recibir el audio de mejor forma y brindando un extenso dossier en papel con amplios detalles t\u00e9cnicos, suenan las nueve canciones que integran este trabajo <strong>(Salimos caminando \u2013 Eternidad-Como antes-Entre s\u00e1banas-Oscuras intenciones-Fiebre-Polaroid-Residencia-El buque)<\/strong>.<\/h2>\n<p><a href=\"http:\/\/noticias1440.com.ar\/wp-content\/uploads\/2025\/08\/Richard-Coleman-Note-May-2025-A27-Foto-Prensa-Pop-Art-Music.jpg\"><img loading=\"lazy\" decoding=\"async\" class=\"wp-image-2676 aligncenter\" src=\"http:\/\/noticias1440.com.ar\/wp-content\/uploads\/2025\/08\/Richard-Coleman-Note-May-2025-A27-Foto-Prensa-Pop-Art-Music-300x150.jpg\" alt=\"\" width=\"918\" height=\"459\" srcset=\"http:\/\/noticias1440.com.ar\/wp-content\/uploads\/2025\/08\/Richard-Coleman-Note-May-2025-A27-Foto-Prensa-Pop-Art-Music-300x150.jpg 300w, http:\/\/noticias1440.com.ar\/wp-content\/uploads\/2025\/08\/Richard-Coleman-Note-May-2025-A27-Foto-Prensa-Pop-Art-Music-1024x511.jpg 1024w, http:\/\/noticias1440.com.ar\/wp-content\/uploads\/2025\/08\/Richard-Coleman-Note-May-2025-A27-Foto-Prensa-Pop-Art-Music-768x383.jpg 768w, http:\/\/noticias1440.com.ar\/wp-content\/uploads\/2025\/08\/Richard-Coleman-Note-May-2025-A27-Foto-Prensa-Pop-Art-Music.jpg 1198w\" sizes=\"auto, (max-width: 918px) 100vw, 918px\" \/><\/a><\/p>\n<h2 style=\"text-align: center;\">Hay enormes gestos de satisfacci\u00f3n en este consagrado artista y razones no le faltan tras la escucha del flamante material, un concepto art\u00edstico que expone la vigencia del m\u00fasico despu\u00e9s de cuatro d\u00e9cadas de carrera. <strong>\u201cEl (in)correcto uso de la met\u00e1fora\u201d<\/strong> no solo es una gran producci\u00f3n musical, sino el trabajo m\u00e1s valioso del creativo argentino desde la salida del <strong>CD \u201cIncandescente\u201d<\/strong>. La mayor\u00eda del material fue creado por el guitarrista con formato de cuarteto de rock, a lo que despu\u00e9s le sucedi\u00f3 la adaptaci\u00f3n en estudio con la compa\u00f1\u00eda del <strong>\u201cTrans Siberian Express\u201d<\/strong>, la banda que lo acompa\u00f1a hace m\u00e1s de una d\u00e9cada y media en sus conciertos. El disco cuenta con las participaciones de <strong>Flopa Lestani<\/strong> en voces, una aparici\u00f3n vocal especial de <strong>Lidia Borda<\/strong> en el tema que cierra el disco y naturalmente, la valiosa presencia del m\u00edtico violero <strong>Phil Manzanera (\u201cRoxy Music\u201d)<\/strong> en los tres primeros temas del lado A del disco, dividido as\u00ed pues su publicaci\u00f3n am\u00e9n de las plataformas, ser\u00e1 por primera vez en acetato de 180 gramos en la primavera porte\u00f1a. Este nuevo registro de la m\u00e1xima figura solista del rock de nuestra naci\u00f3n cuenta con la producci\u00f3n del realizador <strong>Juan Blas Caballero<\/strong>, lanzamiento que incluye una colaboraci\u00f3n en esa \u00e1rea del talentoso cantante y compositor <strong>Alejandro Sergi (\u201cMiranda\u201d)<\/strong> en el tema <strong>\u201cFiebre\u201d<\/strong>. Despu\u00e9s de oir con lujo t\u00e9cnico el \u00e1lbum en donde fue compuesto y grabado, <strong>Richard Coleman<\/strong> vuelve a convidar t\u00e9, masitas y acepta feliz charlar de este disco que lo llena de profundo orgullo.<\/h2>\n<p><a href=\"http:\/\/noticias1440.com.ar\/wp-content\/uploads\/2025\/08\/Richard-Coleman-Note-May-2025-A03-Foto-Gabriel-Imparato.jpg\"><img loading=\"lazy\" decoding=\"async\" class=\"wp-image-2651 aligncenter\" src=\"http:\/\/noticias1440.com.ar\/wp-content\/uploads\/2025\/08\/Richard-Coleman-Note-May-2025-A03-Foto-Gabriel-Imparato-300x150.jpg\" alt=\"\" width=\"904\" height=\"452\" srcset=\"http:\/\/noticias1440.com.ar\/wp-content\/uploads\/2025\/08\/Richard-Coleman-Note-May-2025-A03-Foto-Gabriel-Imparato-300x150.jpg 300w, http:\/\/noticias1440.com.ar\/wp-content\/uploads\/2025\/08\/Richard-Coleman-Note-May-2025-A03-Foto-Gabriel-Imparato-1024x512.jpg 1024w, http:\/\/noticias1440.com.ar\/wp-content\/uploads\/2025\/08\/Richard-Coleman-Note-May-2025-A03-Foto-Gabriel-Imparato-768x384.jpg 768w, http:\/\/noticias1440.com.ar\/wp-content\/uploads\/2025\/08\/Richard-Coleman-Note-May-2025-A03-Foto-Gabriel-Imparato.jpg 1199w\" sizes=\"auto, (max-width: 904px) 100vw, 904px\" \/><\/a><\/p>\n<h2 style=\"text-align: center;\"><strong>\u00bfEn que momento tomaste la decisi\u00f3n para que el proyecto \u201cEl (in)correcto uso de la met\u00e1fora\u201d fuese formateado a vinilo en tiempo y separaci\u00f3n de contenidos?<\/strong><br \/>\n<strong>Richard Coleman<\/strong>: Mir\u00e1, en realidad desde que aparecieron las ganas y la necesidad genuina de hacer un \u00e1lbum, lo pens\u00e9 desde un principio como un vinilo. Fue como cambiar la estrategia de un proyecto y decir \u201cbueno, cuando tenga ocho temas, tengo un disco, no tengo que hacer 25\u201d. Entonces de alguna manera, me hice como una \u201ctrampita\u201d para pensar que iba a ser m\u00e1s f\u00e1cil, como que iba a poder llegar a hacerlo. Como hacer una especie de miniserie sonora con una determinada cantidad de cap\u00edtulos, pero adem\u00e1s el proyecto estuvo pensado con un l\u00edmite de tiempo. Me puse a trabajar, entre enero y febrero del a\u00f1o pasado, que hablamos ac\u00e1 en casa de dejar de tocar, de no arrancar el a\u00f1o con la banda en vivo en marzo como hacemos todos los a\u00f1os, sino hacerlo reci\u00e9n en mayo. Entonces lo que yo me propuse entre febrero y mayo era tener el disco compuesto, eso era , ten\u00eda que llegar a mayo con las ocho canciones del \u00e1lbum listas para trabajar. \u00bfPorqu\u00e9? Porque sab\u00eda que hasta ah\u00ed era el l\u00edmite de autonom\u00eda que ten\u00edamos para poder estar sin salir a tocar, una vez que empezara a tocar con la banda ya iba a ser un show por mes, o sea, ya no iba a poder tener la continuidad, la dedicaci\u00f3n y la obsesi\u00f3n que tuve en esos tres meses de concentraci\u00f3n en los cuales pude componer todo.<\/h2>\n<p>&nbsp;<\/p>\n<p><a href=\"http:\/\/noticias1440.com.ar\/wp-content\/uploads\/2025\/08\/Richard-Coleman-Note-May-2025-A24-Foto-Prensa-Pop-Art-Music.jpg\"><img loading=\"lazy\" decoding=\"async\" class=\"wp-image-2673 aligncenter\" src=\"http:\/\/noticias1440.com.ar\/wp-content\/uploads\/2025\/08\/Richard-Coleman-Note-May-2025-A24-Foto-Prensa-Pop-Art-Music-300x150.jpg\" alt=\"\" width=\"912\" height=\"456\" srcset=\"http:\/\/noticias1440.com.ar\/wp-content\/uploads\/2025\/08\/Richard-Coleman-Note-May-2025-A24-Foto-Prensa-Pop-Art-Music-300x150.jpg 300w, http:\/\/noticias1440.com.ar\/wp-content\/uploads\/2025\/08\/Richard-Coleman-Note-May-2025-A24-Foto-Prensa-Pop-Art-Music-1024x511.jpg 1024w, http:\/\/noticias1440.com.ar\/wp-content\/uploads\/2025\/08\/Richard-Coleman-Note-May-2025-A24-Foto-Prensa-Pop-Art-Music-768x383.jpg 768w, http:\/\/noticias1440.com.ar\/wp-content\/uploads\/2025\/08\/Richard-Coleman-Note-May-2025-A24-Foto-Prensa-Pop-Art-Music.jpg 1198w\" sizes=\"auto, (max-width: 912px) 100vw, 912px\" \/><\/a><\/p>\n<h2 style=\"text-align: center;\"><strong>\u00bfEn la gacetilla figura que se efectuaron algunas grabaciones en Londres. \u00bfQu\u00e9 es lo que se registr\u00f3 en territorio europeo?<\/strong><br \/>\n<strong>Richard Coleman<\/strong>: Fueron las grabaciones que efectu\u00f3 Phil Manzanera en su estudio. Eso se hizo en la ciudad de Londres y desde all\u00ed me lo envi\u00f3. Eso est\u00e1 colocado entre los datos t\u00e9cnicos y es una \u201cchapa\u201d (risas), pero no viaj\u00e9 a grabar a ning\u00fan lado porque es un disco de presupuesto muy sencillo, muy austero.<\/h2>\n<h2 style=\"text-align: center;\"><strong>\u00bfC\u00f3mo hiciste para congeniar con Phil su participaci\u00f3n?<\/strong><br \/>\n<strong>Richard Coleman<\/strong>: B\u00e1sicamente desde que hab\u00edamos acordado en el a\u00f1o 2022, que fue la \u00faltima vez que nos vimos, en diciembre de aqu\u00e9l a\u00f1o que estuve en Londres, no es que siempre voy a esa ciudad, fue un a\u00f1o que tuve la suerte de poder hacer un par de viajes, cuando me iba de esa localidad le pregunt\u00e9. Le dije \u201cen alg\u00fan momento voy a grabar un \u00e1lbum nuevo, me gustar\u00eda que participaras, \u00bfest\u00e1s dispuesto? Me dijo \u201cs\u00ed Richard, no hay ning\u00fan problema, vos mandame todos los tracks y lo hacemos\u201d. Esas fueron sus palabras, entonces en mitad del 2024 cuando ya ten\u00eda los temas compuestos y estaba viendo que tipo de intervenci\u00f3n externa le pod\u00eda agregar, un invitado o alguna otra cosa como lo que hicimos con Ale Sergi, \u00bfqu\u00e9 se le pod\u00eda hacer? Ah\u00ed fue me acord\u00e9, porque me hab\u00eda olvidado, que hab\u00edamos quedado en eso con Phil. Entonces ah\u00ed le escrib\u00ed, me dijo \u201cclaro Richards, estoy dispuesto, mandame los temas y los vemos\u201d. Le mand\u00e9 tres temas para que eligiera uno. N\u00f3, me grab\u00f3 los tres, un divino. Me contest\u00f3 \u201cmir\u00e1, me divert\u00ed, me encantaron los temas, la pas\u00e9 muy bien, puse un mont\u00f3n de cosas, eleg\u00ed lo que vos quieras, vas a tener que elegir, pero sentite libre de manipularlo\u201d. Primero lleg\u00f3 un mail con un tema, y despu\u00e9s otro con las otras dos canciones, dije \u201cme hizo todo!\u201d (risas).<\/h2>\n<p>&nbsp;<\/p>\n<p><a href=\"http:\/\/noticias1440.com.ar\/wp-content\/uploads\/2025\/08\/Richard-Coleman-Note-May-2025-A17-Foto-Prensa-Pop-Art-Music.jpg\"><img loading=\"lazy\" decoding=\"async\" class=\"wp-image-2666 aligncenter\" src=\"http:\/\/noticias1440.com.ar\/wp-content\/uploads\/2025\/08\/Richard-Coleman-Note-May-2025-A17-Foto-Prensa-Pop-Art-Music-300x155.jpg\" alt=\"\" width=\"914\" height=\"472\" srcset=\"http:\/\/noticias1440.com.ar\/wp-content\/uploads\/2025\/08\/Richard-Coleman-Note-May-2025-A17-Foto-Prensa-Pop-Art-Music-300x155.jpg 300w, http:\/\/noticias1440.com.ar\/wp-content\/uploads\/2025\/08\/Richard-Coleman-Note-May-2025-A17-Foto-Prensa-Pop-Art-Music-1024x529.jpg 1024w, http:\/\/noticias1440.com.ar\/wp-content\/uploads\/2025\/08\/Richard-Coleman-Note-May-2025-A17-Foto-Prensa-Pop-Art-Music-768x397.jpg 768w, http:\/\/noticias1440.com.ar\/wp-content\/uploads\/2025\/08\/Richard-Coleman-Note-May-2025-A17-Foto-Prensa-Pop-Art-Music.jpg 1200w\" sizes=\"auto, (max-width: 914px) 100vw, 914px\" \/><\/a><\/p>\n<h2 style=\"text-align: center;\"><strong>Reci\u00e9n mencionaste a Sergi de \u201cMiranda\u201d. \u00bfC\u00f3mo fue que finalmente aparece Ale en este nuevo proyecto discogr\u00e1fico que est\u00e1s lanzando?<\/strong><br \/>\n<strong>Richard Coleman<\/strong>: Fue as\u00ed, porque una de las cosas \u201craras\u201d del disco, porque es raro, es el tema \u201cFiebre\u201d, que fue uno de los primeros que compuse para el \u00e1lbum, los tres primeros fueron \u201cOscuras intenciones\u201d, \u201cResidencia\u201d y \u201cFiebre\u201d, esos son los tres primeros temas escritos de esta nueva producci\u00f3n. A \u201cFiebre\u201d ten\u00eda ganas de \u201cromperlo\u201d un poco al tema, no estaba convencido y quer\u00eda \u201cjuguetearlo\u201d un poco, ten\u00eda muchas ganas que alguien metiera mano en la canci\u00f3n a ver si la pod\u00eda llevar para otro lado. Se me ocurri\u00f3 a partir que estaba pensando en esa idea, estaba escuchando John Grant, que es un artista que sigo mucho, un gran cantante, muy inteligente en el uso de la electr\u00f3nica, bueno entonces yo pensaba, \u201cestar\u00eda bueno hacer algo al estilo de John Grant\u201d y mientras dec\u00eda eso, iba por la autopista y v\u00ed el cartel con el anuncio de los shows de \u201cMiranda\u201d en Ferro, lo v\u00ed en esa imagen a Ale, tengo una relaci\u00f3n con \u00e9l, nos hemos cruzado varias veces y lo llam\u00e9. \u201cAle, \u00bfporqu\u00e9 no te ven\u00eds al estudio? Tengo ganas que vengas a escuchar un tema y ver que le metas mano, para ver que se te ocurre hacer\u201d. Bueno, con Ale la pasamos muy bien, fue muy divertido, estuvimos toda una tarde con Juan Blas (Caballero) y Ale en el estudio, entonces empezamos a achurarlo al tema, a cambiarle la estructura, en realidad fue como una situaci\u00f3n de brainstorming, algo muy colaborativo, lo que hizo \u00e9l fue muy lindo, fue resolver una parte de la melod\u00eda y la salida del estribillo hacia la estrofa, le agreg\u00f3 un acorde, ponele, de todo lo que hizo, fue para adelante y para atr\u00e1s, anduvo, llegue a casa con el tema que hab\u00eda quedado as\u00ed chiquitito, porque de todo lo que era fue cortado y le devolv\u00ed un poquito de \u201cmaldad\u201d, porque se le hab\u00eda ido el misterio y la maldad, hab\u00edan quedado en otro plano, pero se lo devolv\u00ed a eso, eleg\u00ed realmente lo que el tema no ten\u00eda, manteniendo el aporte que hizo Sergio, que fue muy valioso, eso fue algo muy lindo.<\/h2>\n<p>&nbsp;<\/p>\n<p><a href=\"http:\/\/noticias1440.com.ar\/wp-content\/uploads\/2025\/08\/Richard-Coleman-Note-May-2025-A08-Foto-Gabriel-Imparato.jpg\"><img loading=\"lazy\" decoding=\"async\" class=\"wp-image-2657 aligncenter\" src=\"http:\/\/noticias1440.com.ar\/wp-content\/uploads\/2025\/08\/Richard-Coleman-Note-May-2025-A08-Foto-Gabriel-Imparato-300x155.jpg\" alt=\"\" width=\"908\" height=\"469\" srcset=\"http:\/\/noticias1440.com.ar\/wp-content\/uploads\/2025\/08\/Richard-Coleman-Note-May-2025-A08-Foto-Gabriel-Imparato-300x155.jpg 300w, http:\/\/noticias1440.com.ar\/wp-content\/uploads\/2025\/08\/Richard-Coleman-Note-May-2025-A08-Foto-Gabriel-Imparato-1024x530.jpg 1024w, http:\/\/noticias1440.com.ar\/wp-content\/uploads\/2025\/08\/Richard-Coleman-Note-May-2025-A08-Foto-Gabriel-Imparato-768x398.jpg 768w, http:\/\/noticias1440.com.ar\/wp-content\/uploads\/2025\/08\/Richard-Coleman-Note-May-2025-A08-Foto-Gabriel-Imparato.jpg 1188w\" sizes=\"auto, (max-width: 908px) 100vw, 908px\" \/><\/a><\/p>\n<p>&nbsp;<\/p>\n<h2 style=\"text-align: center;\"><strong>\u00bfCu\u00e1l fue el mayor momento de complicaci\u00f3n en la grabaci\u00f3n?<\/strong><br \/>\n<strong>Richard Coleman<\/strong>: Bueno, \u201cPolaroid\u201d se llamaba \u201cPermanecer\u201d, fue una de las canciones que compuse en abril de 2024 y cuando la termin\u00e9, estaba contento con lo que hab\u00eda pasado, pero en la medida en que lo segu\u00eda escuchando hab\u00eda algo que no me hac\u00eda feliz, algo del tema que no me hac\u00eda sentir bien. A vos que te tengo confianza, te lo cuento, de oscuro se me pas\u00f3 a \u201ctriste\u201d, que no es lo mismo, o sea, no era ese tipo de oscuridad, no era lo que estaba buscando, lo escuchaba y hab\u00eda una congoja, una tristeza y me empez\u00f3 a oler raro, empec\u00e9 a darle vueltas. Hab\u00eda algo que no estaba bien, Triste, Era triste. Era eso y cuando lo cant\u00e9 en el estudio lo par\u00e9, le dije a Juan Blas (Caballero) \u201cn\u00f3, esto as\u00ed no va a andar, dejame que me lo llevo y lo reformulo\u201d. Esto fue en octubre del a\u00f1o pasado, o sea, el tema ya estaba compuesto, todo, ya estaba arreglado. Entonces me lo traje ac\u00e1, me puse a trabajarlo, borr\u00e9 toda la melod\u00eda, escrib\u00ed todas las estrofas de nuevo y le cambi\u00e9 la estructura, el estribillo qued\u00f3 como estaba, eso qued\u00f3, porque el tema estaba ah\u00ed. La tem\u00e1tica y el concepto sin dudas estaba en el estribillo, era como la canci\u00f3n llegaba ah\u00ed que no estaba bueno. Entonces, ese fue \u201cun momento\u201d, estaba el disco muy avanzado y si no resolv\u00eda eso me quedaba sin tema, o iba a poner un tema de relleno, que era lo \u00faltimo que quer\u00eda hacer. Eso fue el momento m\u00e1s complicado de la grabaci\u00f3n.<\/h2>\n<p>&nbsp;<\/p>\n<p><a href=\"http:\/\/noticias1440.com.ar\/wp-content\/uploads\/2025\/08\/Richard-Coleman-Note-May-2025-A04-Foto-Gabriel-Imparato.jpg\"><img loading=\"lazy\" decoding=\"async\" class=\"wp-image-2652 aligncenter\" src=\"http:\/\/noticias1440.com.ar\/wp-content\/uploads\/2025\/08\/Richard-Coleman-Note-May-2025-A04-Foto-Gabriel-Imparato-300x157.jpg\" alt=\"\" width=\"911\" height=\"477\" srcset=\"http:\/\/noticias1440.com.ar\/wp-content\/uploads\/2025\/08\/Richard-Coleman-Note-May-2025-A04-Foto-Gabriel-Imparato-300x157.jpg 300w, http:\/\/noticias1440.com.ar\/wp-content\/uploads\/2025\/08\/Richard-Coleman-Note-May-2025-A04-Foto-Gabriel-Imparato-1024x535.jpg 1024w, http:\/\/noticias1440.com.ar\/wp-content\/uploads\/2025\/08\/Richard-Coleman-Note-May-2025-A04-Foto-Gabriel-Imparato-768x401.jpg 768w, http:\/\/noticias1440.com.ar\/wp-content\/uploads\/2025\/08\/Richard-Coleman-Note-May-2025-A04-Foto-Gabriel-Imparato.jpg 1178w\" sizes=\"auto, (max-width: 911px) 100vw, 911px\" \/><\/a><\/p>\n<h2 style=\"text-align: center;\"><strong>\u00bfC\u00f3mo y cu\u00e1ndo tomaste la decisi\u00f3n de incluir una nueva versi\u00f3n de \u201cEntre S\u00e1banas\u201d, tema inclu\u00eddo en el \u00e1lbum debut de tu viejo grupo \u00abFricci\u00f3n\u00bb en los \u201880s?<\/strong><br \/>\n<strong>Richard Coleman<\/strong>: Mir\u00e1, me vino como\u2026me ilumin\u00e9 de alguna manera, y la necesidad hizo lo suyo. Por un lado, cuando lo empezamos a tocar con la banda durante el 2023, lo empezamos a tocar en vivo de nuevo, una canci\u00f3n que no se tocaba en vivo desde 1989 en formato de banda, nunca se volvi\u00f3 a tocar ese tema. Tremendo, tremendo. Lo empec\u00e9 a tocar en algunos shows ac\u00fasticos, una versi\u00f3n linda con la guitarra ac\u00fastica, estaba buena, o sea que lo cant\u00e9 mucho m\u00e1s ese tema solo con la guitarra, que ning\u00fan otro tema de \u00abFricci\u00f3n\u00bb, es una canci\u00f3n que le tengo mucho cari\u00f1o, y\u2026\u00bfporqu\u00e9 le tengo cari\u00f1o?&#8230;porque nunca me cerr\u00f3 la versi\u00f3n que qued\u00f3 grabada en \u201cConsumaci\u00f3n o consumo\u201d. No qued\u00f3 bien, lo grabamos muy apurados, hay algo que no estuvo bien, cuando lo empec\u00e9 a cantar m\u00e1s, era una canci\u00f3n que me hac\u00eda sentir muy bien, entonces la integr\u00e9 al repertorio de la banda, sonaba tremenda, empez\u00f3 a sonar b\u00e1rbara y la tocamos durante el 2023 y tambi\u00e9n al a\u00f1o siguiente. En el detallismo el tema ahora gan\u00f3 mucho, le sub\u00ed el tempo, estaba muy cantada, entonces ahora la cant\u00e9 realmente con mucha naturalidad, porque son a\u00f1os de haber interpretado el tema, pero sin grabarlo, algo que no tuvo la primera versi\u00f3n: Y me pas\u00f3 que cuando reacomod\u00e9 estos ocho temas, con la edici\u00f3n y las subidas de tempo, los cambios de la composici\u00f3n, me qued\u00f3 corto el disco, yo quer\u00eda un \u00e1lbum de unos 38, 39 minutos como mucho, as\u00ed, y me hab\u00eda quedado de 36 y ese tiempo para m\u00ed era muy corto, era como un extended play o un EP largo. Dije \u201cn\u00f3, esto para m\u00ed n\u00f3, esto no es lo que estoy buscando\u201d, y en ese momento todav\u00eda no hab\u00edamos hecho la sesi\u00f3n de grabaci\u00f3n de bater\u00edas, entonces le digo a Juan Blas \u201cmir\u00e1, quiero grabar esta canci\u00f3n tambi\u00e9n, porque tiene mucho que ver con todo el concepto del disco\u201d, encaja con las letras, o sea encaja perfectamente y suena verdaderamente muy bien. La versi\u00f3n es bastante distinta, aunque no se note, esta es tocada, la bater\u00eda y todo, entonces eso lo decid\u00ed justo el d\u00eda anterior a la sesi\u00f3n de bater\u00eda, que le dije a Diego \u201cche, vamos a agregar este tema, qu\u00e9 te parece?\u201d, \u201cbuen\u00edsimo\u201d, a \u00e9l le encanta, le fascina, as\u00ed que ah\u00ed fue la decisi\u00f3n de un d\u00eda para el otro, se hizo esa versi\u00f3n y toda la banda feliz, a todos les encantaba tocarlo y a m\u00ed me encant\u00f3.<\/h2>\n<p>&nbsp;<\/p>\n<p><a href=\"http:\/\/noticias1440.com.ar\/wp-content\/uploads\/2025\/08\/Richard-Coleman-Note-May-2025-A26-Foto-Prensa-Pop-Art-Music.jpg\"><img loading=\"lazy\" decoding=\"async\" class=\"wp-image-2675 aligncenter\" src=\"http:\/\/noticias1440.com.ar\/wp-content\/uploads\/2025\/08\/Richard-Coleman-Note-May-2025-A26-Foto-Prensa-Pop-Art-Music-300x151.jpg\" alt=\"\" width=\"912\" height=\"459\" srcset=\"http:\/\/noticias1440.com.ar\/wp-content\/uploads\/2025\/08\/Richard-Coleman-Note-May-2025-A26-Foto-Prensa-Pop-Art-Music-300x151.jpg 300w, http:\/\/noticias1440.com.ar\/wp-content\/uploads\/2025\/08\/Richard-Coleman-Note-May-2025-A26-Foto-Prensa-Pop-Art-Music-1024x515.jpg 1024w, http:\/\/noticias1440.com.ar\/wp-content\/uploads\/2025\/08\/Richard-Coleman-Note-May-2025-A26-Foto-Prensa-Pop-Art-Music-768x387.jpg 768w, http:\/\/noticias1440.com.ar\/wp-content\/uploads\/2025\/08\/Richard-Coleman-Note-May-2025-A26-Foto-Prensa-Pop-Art-Music.jpg 1198w\" sizes=\"auto, (max-width: 912px) 100vw, 912px\" \/><\/a><\/p>\n<h2 style=\"text-align: center;\"><strong>Por supuesto a Daniel Castro, bajista de la segunda fase de Fricci\u00f3n.<\/strong><br \/>\n<strong>Richard Coleman<\/strong>: Claro, claro, que \u00e9l el tema no lo grab\u00f3, pero si lo toc\u00f3 en vivo, si lo lleg\u00f3 a tocar, este track en los shows lo toc\u00e1bamos con el bajo \u201cMark III\u201d de \u00abFricci\u00f3n\u00bb.<\/h2>\n<h2 style=\"text-align: center;\"><strong>Las \u00faltimas dudas. Dentro de las letras hay tres frases en el disco muy interesantes. Una es, concepto que tiene que ver con la realidad, \u201cla ambici\u00f3n est\u00e1 de moda\u201d, la otra es \u201cnada es como antes\u201d y la tercera \u201cel diablo en la lengua\u201d. \u00bfSon inspiradas en todo lo que me contabas que hab\u00edas ido a \u201cMarcha por la Educaci\u00f3n\u201d y que estabas m\u00e1s permeable de muchas cosas que ven\u00edan pasando en los \u00faltimos tiempos? \u00bfSent\u00eds que esas tres frases est\u00e1n emergentes de esa sensibilidad sobre ciertas situaciones?<\/strong><br \/>\n<strong>Richard Coleman<\/strong>: Y s\u00ed, tiene mucho que ver, realmente tiene mucho que ver, el contexto esta vez me influy\u00f3 en la composici\u00f3n de las letras como nunca. Nunca en mi vida me hab\u00eda sentido tan susceptible a eso, inclusive este contexto se apropi\u00f3 de algunas letras, cosas que yo hab\u00eda escrito y que despu\u00e9s la realidad es como que las reafirm\u00f3 y me las llev\u00f3 para otro lado, no era la intenci\u00f3n, esto ya lo he comentado, porque yo no reflejo la realidad en mis letras, no me dedico a eso, el trabajo es mucho m\u00e1s claro, ni panfletos, ni canciones de protesta, nada de eso, ni siquiera de pedo que haga alguna historia de vez en cuando, que ac\u00e1 hay una linda. Entonces bueno, \u201cla ambici\u00f3n\u201d tiene mucho que ver con esta urgencia, tiene que ver con el consumo tambi\u00e9n, porque se completa con otra, \u201cla destreza ya pas\u00f3\u201d, \u201cla ambici\u00f3n est\u00e1 de moda pero la destreza\u201d, pero hacer bien las cosas no est\u00e1 muy valorado. Simplemente es la ambici\u00f3n, es tenerlo todo de la manera m\u00e1s pajera posible, soy un poeta en alto (risas), Eso por un lado, despu\u00e9s la de \u201cnada es como antes\u201d, esto est\u00e1 bueno que me lo pregunt\u00e1s, porque obviamente siempre hay mucha ambig\u00fcedad en lo que escribo, siempre fui as\u00ed para escribir, y el \u201cnada es como antes\u201d no est\u00e1 dicho de manera\u2026a\u00f1orando, no es nost\u00e1lgico, es una sentencia, es firme. Vos pens\u00e1s que est\u00e1n pasando las cosas como antes, pero es terminante, nada es como antes, o sea, dejate de jorobar con la nostalgia, porque no es nada, no es ni bueno ni malo, no es como antes, claro, claro.<\/h2>\n<p>&nbsp;<\/p>\n<p><a href=\"http:\/\/noticias1440.com.ar\/wp-content\/uploads\/2025\/08\/Richard-Coleman-Note-May-2025-A23-Foto-Prensa-Pop-Art-Music.jpg\"><img loading=\"lazy\" decoding=\"async\" class=\"wp-image-2672 aligncenter\" src=\"http:\/\/noticias1440.com.ar\/wp-content\/uploads\/2025\/08\/Richard-Coleman-Note-May-2025-A23-Foto-Prensa-Pop-Art-Music-300x154.jpg\" alt=\"\" width=\"910\" height=\"467\" srcset=\"http:\/\/noticias1440.com.ar\/wp-content\/uploads\/2025\/08\/Richard-Coleman-Note-May-2025-A23-Foto-Prensa-Pop-Art-Music-300x154.jpg 300w, http:\/\/noticias1440.com.ar\/wp-content\/uploads\/2025\/08\/Richard-Coleman-Note-May-2025-A23-Foto-Prensa-Pop-Art-Music-1024x527.jpg 1024w, http:\/\/noticias1440.com.ar\/wp-content\/uploads\/2025\/08\/Richard-Coleman-Note-May-2025-A23-Foto-Prensa-Pop-Art-Music-768x395.jpg 768w, http:\/\/noticias1440.com.ar\/wp-content\/uploads\/2025\/08\/Richard-Coleman-Note-May-2025-A23-Foto-Prensa-Pop-Art-Music.jpg 1197w\" sizes=\"auto, (max-width: 910px) 100vw, 910px\" \/><\/a><\/p>\n<h2 style=\"text-align: center;\"><strong>S\u00e9 que contaste a algunas personas que esto lo vas a tocar \u201cpor orden de p\u00faa completo\u201d, o sea el show involucra dos partes: todo el disco nuevo y despu\u00e9s lo dem\u00e1s.<\/strong><br \/>\n<strong>Richard Coleman<\/strong>: Si bueno, ese es el proyecto, inicialmente la idea es que vamos a tocar el disco entero y todo junto, despu\u00e9s veo como sigue. Pero ese es el primer proyecto, lo tengo medio charlado, falta bastante, porque reci\u00e9n estamos todos aprendiendo a tocar los temas del disco, estoy disfrutando de esta parte porque es muy lindo, lo que va pas\u00e1ndolo al vivo, es algo muy lindo este proceso, despu\u00e9s para las presentaciones la idea inicial es esa, pero creo que lo voy a tocar as\u00ed.<\/h2>\n<h2 style=\"text-align: center;\"><strong>\u00bfSegu\u00eds con la tesis operativa de tocar en lugares como los que viniste haciendo shows \u00faltimamente, estilo \u201cNiceto Club\u201d y esas cosas?<\/strong><br \/>\n<strong>Richard Coleman<\/strong>: Si, en Niceto, porque el \u00e1lbum saldr\u00e1 a principios de junio, est\u00e1 confirmado que vamos a presentarlo oficialmente en \u201cNiceto Club\u201d, un sitio que me gusta much\u00edsimo, me gusta el \u201cshow rockero\u201d. Ya definimos la \u00e9poca del a\u00f1o en que vamos a llevarlo a cabo.<\/h2>\n<h2 style=\"text-align: center;\"><strong>\u00bfHay una fecha espec\u00edfica para oficializarlo en ese destacado lugar en Palermo?<\/strong><br \/>\n<strong>Richard Coleman<\/strong>: S\u00ed, el s\u00e1bado 27 de septiembre a las 20:00 hs, fijamos la fecha de oficializaci\u00f3n para fines de septiembre, y s\u00ed, porque hay algo que tiene que ver tambi\u00e9n con este tema de la nostalgia y todo eso, yo estoy ya convencido de que el auge de la nostalgia en mi generaci\u00f3n o la generaci\u00f3n \u201cm\u00e1s 40\u201d, lo voy a estirar un poquitito, digamos, en estos 20 a\u00f1os de generaci\u00f3n, yo entiendo, puedo entender el tema de que bueno, al final del viaje uno se pone a pensar en la juventud. A recordar aquellos momentos, bueno a m\u00ed no me pasa eso y creo que hay un mont\u00f3n de gente que tampoco le pasa, pero como ahora no est\u00e1n rodeados de est\u00edmulos v\u00e1lidos nuevos que le hablen en su idioma, sino\u2026\u00bften\u00e9s que escuchar m\u00fasica de j\u00f3venes para escuchar algo nuevo?, no pasa por ah\u00ed, porque ten\u00e9s que aprender un lenguaje que no es el tuyo, me parece que hay una generaci\u00f3n que al final termina escuchando todas aquellas canciones que escuchaba hace 30 a\u00f1os, porque ahora no hay temas actuales que cubran ese lugar emotivo.<\/h2>\n<p>&nbsp;<\/p>\n<p><a href=\"http:\/\/noticias1440.com.ar\/wp-content\/uploads\/2025\/08\/Richard-Coleman-Note-May-2025-A07-Foto-Gabriel-Imparato.jpg\"><img loading=\"lazy\" decoding=\"async\" class=\"wp-image-2654 aligncenter\" src=\"http:\/\/noticias1440.com.ar\/wp-content\/uploads\/2025\/08\/Richard-Coleman-Note-May-2025-A07-Foto-Gabriel-Imparato-300x154.jpg\" alt=\"\" width=\"910\" height=\"467\" srcset=\"http:\/\/noticias1440.com.ar\/wp-content\/uploads\/2025\/08\/Richard-Coleman-Note-May-2025-A07-Foto-Gabriel-Imparato-300x154.jpg 300w, http:\/\/noticias1440.com.ar\/wp-content\/uploads\/2025\/08\/Richard-Coleman-Note-May-2025-A07-Foto-Gabriel-Imparato-1024x526.jpg 1024w, http:\/\/noticias1440.com.ar\/wp-content\/uploads\/2025\/08\/Richard-Coleman-Note-May-2025-A07-Foto-Gabriel-Imparato-768x395.jpg 768w, http:\/\/noticias1440.com.ar\/wp-content\/uploads\/2025\/08\/Richard-Coleman-Note-May-2025-A07-Foto-Gabriel-Imparato.jpg 1202w\" sizes=\"auto, (max-width: 910px) 100vw, 910px\" \/><\/a><\/p>\n<h2 style=\"text-align: center;\"><strong>Bueno, gracias por decirlo. Me llev\u00e1s a la pregunta que ten\u00eda preparada y que no sab\u00eda si plantearla o n\u00f3. Al afirmar eso, puedo pregunt\u00e1rtelo. \u00bfEst\u00e1 mal visto hacer rock? Sos el solista de rock m\u00e1s importante que tiene el pa\u00eds, con tus cosas marc\u00e1s una huella, existen en tu m\u00fasica desde el rock s\u00f3nico con modificaciones hasta rock fino, muy laburado, con un cuidado est\u00e9tico. Hay un perfume tambi\u00e9n de otras cosas, Hay algo de David Bowie en el disco, no sos alguien que hace cumbia y al otro d\u00eda tecno. \u00bfEst\u00e1 mal visto hacer rock? porque este nuevo \u00e1lbum es un disco de rock muy en serio<\/strong><br \/>\n<strong>Richard Coleman<\/strong>: Qu\u00e9 se yo!, en el barrio me saludan todos y me quieren (risas), pero no s\u00e9 si est\u00e1 mal visto o no, lo que te puedo decir para estilizar, mir\u00e1 hay algo as\u00ed, o sea en realidad el disco es una consecuencia de mi trayectoria. Entonces hay un poco de todo, o sea est\u00e1 Manzanera, ponele, esa es la voz, o sea mir\u00e1 el cuadro ese de mi estudio, ese es el primer disco donde lo escuch\u00e9 a Phil Manzanera, es el disco, est\u00e1 la foto de Brian Eno, ese es \u201cBefore and After Science\u201d, ah\u00ed estaba Manzanera. Ese vinilo lo compr\u00e9 a los 15 a\u00f1os, desde ah\u00ed, lo de David Bowie, lo del New Wave, The Cars, hay Human League, hay noventas por todos lados tambi\u00e9n, hay estribillos de esa d\u00e9cada, hay cosas de los 2000 y hay cuestiones de uptempo muy The Cure. Pero claro, tambi\u00e9n sin embargo el sonido es el de ahora, porque est\u00e1 todo filtrado, es lo que dec\u00edas vos hace un rato, es como hacer eso con el sonido de ahora, como sonar\u00eda ahora algo de los 80s, escuch\u00e1s la banda de ahora que viaja, extrapola eso y lo agrega como aditivo, claro. Entonces no s\u00e9 si est\u00e1 bien visto o mal visto hacer rock o n\u00f3, no forzar\u00eda la m\u00e1quina, o sea ya bastante estoy muy contento con esto, no sab\u00eda que me iba a salir tan lindo, honestamente estoy orgulloso, el \u00e1lbum me sali\u00f3 b\u00e1rbaro, pero no me pondr\u00eda a buscar un \u201cflow\u201d, con \u201cflow\u201d quiero decir lo que hacen los traperos para que sonara actual. No le cambiar\u00eda el ritmo, pero sin embargo dejarlos, que ellos est\u00e1n viniendo m\u00e1s para ac\u00e1 que nosotros para all\u00e1, est\u00e1n sumando varias cosas, el \u00faltimo disco de Wos o de Dillom son discos de rock, porque est\u00e1n haciendo eso, cantan a su estilo, dicen otras cosas, pero est\u00e1n fusionando eso, Pusieron el tenedor en todas esas cosas y empezaron a pinchar all\u00ed, porque ellos ahora est\u00e1n haciendo fusi\u00f3n, ellos est\u00e1n creciendo como artistas tambi\u00e9n.<\/h2>\n<p>&nbsp;<\/p>\n<p><a href=\"http:\/\/noticias1440.com.ar\/wp-content\/uploads\/2025\/08\/Richard-Coleman-Note-May-2025-A11-Foto-Gabriel-Imparato.jpg\"><img loading=\"lazy\" decoding=\"async\" class=\"wp-image-2660 aligncenter\" src=\"http:\/\/noticias1440.com.ar\/wp-content\/uploads\/2025\/08\/Richard-Coleman-Note-May-2025-A11-Foto-Gabriel-Imparato-300x150.jpg\" alt=\"\" width=\"908\" height=\"454\" srcset=\"http:\/\/noticias1440.com.ar\/wp-content\/uploads\/2025\/08\/Richard-Coleman-Note-May-2025-A11-Foto-Gabriel-Imparato-300x150.jpg 300w, http:\/\/noticias1440.com.ar\/wp-content\/uploads\/2025\/08\/Richard-Coleman-Note-May-2025-A11-Foto-Gabriel-Imparato-1024x511.jpg 1024w, http:\/\/noticias1440.com.ar\/wp-content\/uploads\/2025\/08\/Richard-Coleman-Note-May-2025-A11-Foto-Gabriel-Imparato-768x383.jpg 768w, http:\/\/noticias1440.com.ar\/wp-content\/uploads\/2025\/08\/Richard-Coleman-Note-May-2025-A11-Foto-Gabriel-Imparato.jpg 1199w\" sizes=\"auto, (max-width: 908px) 100vw, 908px\" \/><\/a><\/p>\n<h2 style=\"text-align: center;\"><strong>Ultima pregunta. El \u00fanico show que tuviste en medio de todo este proceso de grabaci\u00f3n de esta nueva producci\u00f3n y toda esta \u00faltima etapa fue el realizado en el \u201cQuilmes Rock 2025\u201d. Te agradecer\u00eda me cuentes c\u00f3mo experimentaste ese particular recital. Primero te movieron de escenario, pues originalmente ibas a tocar en el \u201cEnigma\u201d y pasaste al \u201cPopArt\u201d. \u00bfC\u00f3mo viviste ese show en ese escenario mientras se ven\u00eda todo esto del nuevo disco?<\/strong><br \/>\n<strong>Richard Coleman<\/strong>: Estuvo lindo, la verdad que el concierto estuvo muy bien, me sent\u00ed muy bien, tocamos bien porque en realidad ah\u00ed retraje todo lo que est\u00e1bamos haciendo el a\u00f1o pasado, que era tocar los temas nuevos en vivo, en este del \u201cQuilmes\u201dme priv\u00e9, toqu\u00e9 como antes porque ya estaba en la calle, pero como a\u00fan no estaba terminado lo nuevo, lo planteamos como highlights o algo as\u00ed. Entonces s\u00ed, me sent\u00ed bien, muy bien recibido por el p\u00fablico, me gust\u00f3 la audiencia, me gust\u00f3 m\u00e1s que el otro show en el \u201cQuilmes 2022\u201d, ni hablar!. Hubo una convocatoria cuando terminamos de tocar ah\u00ed en el gran escenario \u201cPopArt\u201d, hab\u00eda mucha m\u00e1s gente que cuando empezamos, que eso es lindo. Ya me hab\u00eda pasado algo parecido en el \u201cPrimavera Sound 2023\u201d en Parque Sarmiento, que tocamos m\u00e1s temprano a la tarde, tipo a las 5 de la tarde, que fue lindo, la verdad que fue bueno, el escenario estuvo bien y yo me sent\u00eda en ese \u201cPrimavera Sound\u201d como contenido por el hecho de que ese d\u00eda hab\u00eda p\u00fablico que iba a ver a \u201cSlow Dive\u201d, obviamente que estaba \u201cThe Cure\u201d, entonces \u201cest\u00e1bamos m\u00e1s en familia\u201d (risas), ac\u00e1 ahora en abril no sab\u00eda con qu\u00e9 me iba a encontrar, era \u201cun d\u00eda de rock nacional\u201d as\u00ed muy fuerte y eso me encant\u00f3, me encant\u00f3 mucho el p\u00fablico, me recibi\u00f3 muy bien, me sent\u00ed querido.<\/h2>\n<p>&nbsp;<\/p>\n<p><a href=\"http:\/\/noticias1440.com.ar\/wp-content\/uploads\/2025\/08\/Richard-Coleman-Note-May-2025-A10-Foto-Prensa-Pop-Art-Music.jpg\"><img loading=\"lazy\" decoding=\"async\" class=\"wp-image-2659 aligncenter\" src=\"http:\/\/noticias1440.com.ar\/wp-content\/uploads\/2025\/08\/Richard-Coleman-Note-May-2025-A10-Foto-Prensa-Pop-Art-Music-300x150.jpg\" alt=\"\" width=\"916\" height=\"458\" srcset=\"http:\/\/noticias1440.com.ar\/wp-content\/uploads\/2025\/08\/Richard-Coleman-Note-May-2025-A10-Foto-Prensa-Pop-Art-Music-300x150.jpg 300w, http:\/\/noticias1440.com.ar\/wp-content\/uploads\/2025\/08\/Richard-Coleman-Note-May-2025-A10-Foto-Prensa-Pop-Art-Music-1024x511.jpg 1024w, http:\/\/noticias1440.com.ar\/wp-content\/uploads\/2025\/08\/Richard-Coleman-Note-May-2025-A10-Foto-Prensa-Pop-Art-Music-768x383.jpg 768w, http:\/\/noticias1440.com.ar\/wp-content\/uploads\/2025\/08\/Richard-Coleman-Note-May-2025-A10-Foto-Prensa-Pop-Art-Music.jpg 1199w\" sizes=\"auto, (max-width: 916px) 100vw, 916px\" \/><\/a><\/p>\n<p>&nbsp;<\/p>\n<h2 style=\"text-align: center;\"><strong>Adem\u00e1s cerraste esa noche con un regalo para la gente, tocando una ic\u00f3nica canci\u00f3n de Soda St\u00e9reo para un p\u00fablico que se fue con el coraz\u00f3n palpitando a 7.000 revoluciones.<\/strong><br \/>\n<strong>Richard Coleman<\/strong>: Ah, s\u00ed claro bueno, \u201cToma la ruta\u201d, ah\u00ed \u201ctomamos la ruta\u201d, s\u00ed, eso fue b\u00e1rbaro, bueno, fue un buen golpe, por un lado es cierto que lo ven\u00edamos tocando y nos encanta, porque la canci\u00f3n adem\u00e1s tiene el contexto s\u00f3nico de las cosas musicales que venimos haciendo. Por eso ese tema se subi\u00f3 al repertorio, porque no estaba forzado, el a\u00f1o pasado lo tocamos en \u201cNiceto Club\u201d, la noche que estuvo Fernando Nal\u00e9 en el bajo, porque Dany Castro ten\u00eda una fecha con Abel Pintos. Muy claro, pero ese gran tema ya lo hab\u00edamos tocado antes con los chicos as\u00ed que estuvo muy bien, fue un buen show.<\/h2>\n<p>&nbsp;<\/p>\n<h2><span style=\"color: #333399;\"><strong><span style=\"color: #008000;\">Richard Coleman &#8211; Show de oficializaci\u00f3n de \u00abEl (in)correcto uso de la met\u00e1fora\u00bb (Pop Art Discos) <span style=\"color: #ff00ff;\">el pr\u00f3ximo S\u00e1bado 27 de Septiembre de 2025 en \u00abNiceto Club\u00bb a las 20:00 horas<\/span>. Entradas disponibles en<\/span>\u00a0<\/strong><\/span><\/h2>\n<h2><span style=\"color: #333399;\">https:\/\/www.passline.com\/eventos\/richard-coleman-el-transsiberian-express-en-niceto-club-402649<\/span><\/h2>\n<p>&nbsp;<\/p>\n<h2><strong><span style=\"color: #000080;\">Fotos Difusi\u00f3n Richard Coleman \/\/ Fotos RC \u00abQuilmes Rock 2025\u00bb (Mangrullo Interno):<\/span> <span style=\"color: #ff0000;\"><span style=\"color: #008000;\">Mariela Custodio<\/span> (Pop Art Music)<\/span> \/\/ <span style=\"color: #000080;\"><span style=\"color: #800080;\">Fotos Documental \u00abQuilmes Rock 2025 DOT\u00bb y Fotos RC \u00abQuilmes Rock 2025\u00bb (Zona exterior)<\/span>:<\/span> <span style=\"color: #000000;\">Gabriel Imparato (Agencia Noticias 1440)<\/span><\/strong><\/h2>\n<p>&nbsp;<\/p>\n<p>&nbsp;<\/p>\n<p>&nbsp;<\/p>\n","protected":false},"excerpt":{"rendered":"<p>Noticias 1440 accedi\u00f3 d\u00edas despu\u00e9s de una audici\u00f3n oficial en la productora \u00abPopArt\u00bb, a conocer el nuevo material en el estudio hogare\u00f1o junto al talentoso artista. Tras este aproach \u00edntimo con su flamante disco, el brillante m\u00fasico brind\u00f3 numerosas y extensas declaraciones previas a su show del 27 de septiembre en Niceto Club.<\/p>\n","protected":false},"author":1,"featured_media":2670,"comment_status":"closed","ping_status":"open","sticky":false,"template":"","format":"standard","meta":{"footnotes":""},"categories":[4,6],"tags":[],"class_list":["post-2389","post","type-post","status-publish","format-standard","has-post-thumbnail","hentry","category-entrevistas","category-lanzamientos"],"_links":{"self":[{"href":"http:\/\/noticias1440.com.ar\/index.php?rest_route=\/wp\/v2\/posts\/2389","targetHints":{"allow":["GET"]}}],"collection":[{"href":"http:\/\/noticias1440.com.ar\/index.php?rest_route=\/wp\/v2\/posts"}],"about":[{"href":"http:\/\/noticias1440.com.ar\/index.php?rest_route=\/wp\/v2\/types\/post"}],"author":[{"embeddable":true,"href":"http:\/\/noticias1440.com.ar\/index.php?rest_route=\/wp\/v2\/users\/1"}],"replies":[{"embeddable":true,"href":"http:\/\/noticias1440.com.ar\/index.php?rest_route=%2Fwp%2Fv2%2Fcomments&post=2389"}],"version-history":[{"count":9,"href":"http:\/\/noticias1440.com.ar\/index.php?rest_route=\/wp\/v2\/posts\/2389\/revisions"}],"predecessor-version":[{"id":2684,"href":"http:\/\/noticias1440.com.ar\/index.php?rest_route=\/wp\/v2\/posts\/2389\/revisions\/2684"}],"wp:featuredmedia":[{"embeddable":true,"href":"http:\/\/noticias1440.com.ar\/index.php?rest_route=\/wp\/v2\/media\/2670"}],"wp:attachment":[{"href":"http:\/\/noticias1440.com.ar\/index.php?rest_route=%2Fwp%2Fv2%2Fmedia&parent=2389"}],"wp:term":[{"taxonomy":"category","embeddable":true,"href":"http:\/\/noticias1440.com.ar\/index.php?rest_route=%2Fwp%2Fv2%2Fcategories&post=2389"},{"taxonomy":"post_tag","embeddable":true,"href":"http:\/\/noticias1440.com.ar\/index.php?rest_route=%2Fwp%2Fv2%2Ftags&post=2389"}],"curies":[{"name":"wp","href":"https:\/\/api.w.org\/{rel}","templated":true}]}}