{"id":2180,"date":"2025-05-12T23:22:12","date_gmt":"2025-05-12T23:22:12","guid":{"rendered":"https:\/\/noticias1440.com.ar\/?p=2180"},"modified":"2025-06-04T23:25:10","modified_gmt":"2025-06-04T23:25:10","slug":"la-musica-fue-la-gran-protagonista-en-el-cierre-de-la-49-feria-del-libro","status":"publish","type":"post","link":"http:\/\/noticias1440.com.ar\/?p=2180","title":{"rendered":"La m\u00fasica argentina fue la gran protagonista en el cierre de la 49 Feria del Libro"},"content":{"rendered":"<h2 style=\"text-align: center;\">En una jornada con importante asistencia de p\u00fablico, \u201cTango 64\u201d, \u201cPipo Cipolatti y los de Negro\u201d junto a \u201cKevin Johansen &amp; Liniers\u201d ofrecieron grandes conciertos en una muestra literaria que ratific\u00f3 la grave crisis que vive este sector cultural.<\/h2>\n<p><!--more--><\/p>\n<h2 style=\"text-align: center;\"><a href=\"http:\/\/noticias1440.com.ar\/wp-content\/uploads\/2025\/05\/Fotos-Shows-49-Feria-de-Libro-Gabriel-Imparato-A011.jpg\"><img loading=\"lazy\" decoding=\"async\" class=\"wp-image-2232 aligncenter\" src=\"http:\/\/noticias1440.com.ar\/wp-content\/uploads\/2025\/05\/Fotos-Shows-49-Feria-de-Libro-Gabriel-Imparato-A011-300x151.jpg\" alt=\"\" width=\"908\" height=\"457\" srcset=\"http:\/\/noticias1440.com.ar\/wp-content\/uploads\/2025\/05\/Fotos-Shows-49-Feria-de-Libro-Gabriel-Imparato-A011-300x151.jpg 300w, http:\/\/noticias1440.com.ar\/wp-content\/uploads\/2025\/05\/Fotos-Shows-49-Feria-de-Libro-Gabriel-Imparato-A011-1024x514.jpg 1024w, http:\/\/noticias1440.com.ar\/wp-content\/uploads\/2025\/05\/Fotos-Shows-49-Feria-de-Libro-Gabriel-Imparato-A011.jpg 1194w\" sizes=\"auto, (max-width: 908px) 100vw, 908px\" \/><\/a><\/h2>\n<h2 style=\"text-align: center;\"><a href=\"http:\/\/noticias1440.com.ar\/wp-content\/uploads\/2025\/05\/NOMBRE-PARA-SITIO-WEB-3-9.jpg\"><img loading=\"lazy\" decoding=\"async\" class=\"size-medium wp-image-2237 alignleft\" src=\"http:\/\/noticias1440.com.ar\/wp-content\/uploads\/2025\/05\/NOMBRE-PARA-SITIO-WEB-3-9-300x61.jpg\" alt=\"\" width=\"300\" height=\"61\" srcset=\"http:\/\/noticias1440.com.ar\/wp-content\/uploads\/2025\/05\/NOMBRE-PARA-SITIO-WEB-3-9-300x61.jpg 300w, http:\/\/noticias1440.com.ar\/wp-content\/uploads\/2025\/05\/NOMBRE-PARA-SITIO-WEB-3-9.jpg 359w\" sizes=\"auto, (max-width: 300px) 100vw, 300px\" \/><\/a><\/h2>\n<h2 style=\"text-align: center;\"><\/h2>\n<p>&nbsp;<\/p>\n<h2 style=\"text-align: center;\"><strong>(Capital Federal \u2013 Lunes 12 de Mayo de 2025)<\/strong> El cl\u00e1sico de todas las temporadas aparece absolutamente herido de gravedad, con una industria literaria que no cesa de manifestar un empecinamiento terap\u00e9utico para combatir la crisis que lo afecta desde mediados de 2003, dram\u00e1tica situaci\u00f3n que desnud\u00f3 que la 49 Feria del Libro, a pesar de los loables intentos que ejercen sus organizadores, donde estos no puede contrarrestar una oxidada estructura de editoras que mantienen su encaprichada tesitura de seguir publicando textos intrascendentes, autores impresentables y otros personajes que amparados en una supuesta respuesta de seguidores digitales, se creen totalmente capaces de publicar sus estupideces considerando que hacer un libro, asoma para todos ellos exactamente igual que filmar un horrible y vomitivo video de TikTok en sus muy nauseabundos celulares de moda. A los grav\u00edsimos problemas econ\u00f3micos surgidos de la inflaci\u00f3n entre 2003 y 2015 por aquellos bochornosos manejos pol\u00edticos nacionales ligados al falso socialismo, el valor del papel lleg\u00f3 a las nubes y ninguno supo ponerle freno en su momento a esa irracionalidad seudo-popular, sin olvidar que hoy el elevad\u00edsimo precio final de un libro es un disparate por el tipo de producto que se ofrece.<\/h2>\n<h2 style=\"text-align: center;\"><a href=\"http:\/\/noticias1440.com.ar\/wp-content\/uploads\/2025\/05\/Fotos-Shows-49-Feria-de-Libro-Gabriel-Imparato-A002.jpg\"><img loading=\"lazy\" decoding=\"async\" class=\"wp-image-2224 aligncenter\" src=\"http:\/\/noticias1440.com.ar\/wp-content\/uploads\/2025\/05\/Fotos-Shows-49-Feria-de-Libro-Gabriel-Imparato-A002-300x152.jpg\" alt=\"\" width=\"904\" height=\"458\" srcset=\"http:\/\/noticias1440.com.ar\/wp-content\/uploads\/2025\/05\/Fotos-Shows-49-Feria-de-Libro-Gabriel-Imparato-A002-300x152.jpg 300w, http:\/\/noticias1440.com.ar\/wp-content\/uploads\/2025\/05\/Fotos-Shows-49-Feria-de-Libro-Gabriel-Imparato-A002-768x388.jpg 768w, http:\/\/noticias1440.com.ar\/wp-content\/uploads\/2025\/05\/Fotos-Shows-49-Feria-de-Libro-Gabriel-Imparato-A002.jpg 1186w\" sizes=\"auto, (max-width: 904px) 100vw, 904px\" \/><\/a><\/h2>\n<h2 style=\"text-align: center;\">Si la industria no recapacita, la edici\u00f3n n\u00famero 50 los hallar\u00e1 exhibiendo sus fracasos en un triste galp\u00f3n con menor espacio que este destacado espacio en el famoso cruce de las avenidas Santa Fe y Dorrego. Desde la inauguraci\u00f3n con duros incidentes provocados por manifestantes pol\u00edticos de fuerzas pol\u00edticas que odian la democracia, hasta la presencia de candidatos legislativos a la b\u00fasqueda de votos indefinidos, la edici\u00f3n 49 de la Feria del Libro olvid\u00f3 su objetivo de consolidar el formato f\u00edsico, sin ejercer como corresponde una apropiada seducci\u00f3n en los consumidores de un valios\u00edsimo objeto cultural que en estos tiempos languidece entre una brutal carrada de p\u00e9simos autores, sin olvidar la vergonzosa y enfermiza utilizaci\u00f3n del celular como pol\u00e9mica unidad central formativa en todas las nuevas generaciones. Los auspiciantes cada vez tienen menos inter\u00e9s en respaldar estas realizaciones anuales en La Rural, porque otros sectores de la industria aprovechan esta masiva reuni\u00f3n social para difundir estructuras que conspiran contra el mundo literario.<\/h2>\n<h2 style=\"text-align: center;\"><a href=\"http:\/\/noticias1440.com.ar\/wp-content\/uploads\/2025\/05\/Fotos-Shows-49-Feria-de-Libro-Gabriel-Imparato-A001.jpg\"><img loading=\"lazy\" decoding=\"async\" class=\"wp-image-2223 aligncenter\" src=\"http:\/\/noticias1440.com.ar\/wp-content\/uploads\/2025\/05\/Fotos-Shows-49-Feria-de-Libro-Gabriel-Imparato-A001-300x156.jpg\" alt=\"\" width=\"906\" height=\"471\" srcset=\"http:\/\/noticias1440.com.ar\/wp-content\/uploads\/2025\/05\/Fotos-Shows-49-Feria-de-Libro-Gabriel-Imparato-A001-300x156.jpg 300w, http:\/\/noticias1440.com.ar\/wp-content\/uploads\/2025\/05\/Fotos-Shows-49-Feria-de-Libro-Gabriel-Imparato-A001-1024x534.jpg 1024w\" sizes=\"auto, (max-width: 906px) 100vw, 906px\" \/><\/a><\/h2>\n<h2 style=\"text-align: center;\">Aunque la jornada de cierre est\u00e1 prevista hoy en el enorme predio de La Rural, anoche las principales editoriales comenzaron a \u00faltima hora a desarmar sus stands, entendiendo que el arranque de la semana no ameritaba tener tanta infraestructura ensamblada en una fecha laborable, cuya asistencia de visitantes es sencillamente paup\u00e9rrima. Por eso cuando los relojes marcaban las 19:00 horas, la mayor\u00eda de los locales de atenci\u00f3n comenz\u00f3 el lento desarmado de esas estructuras. Un rato antes, en el play\u00f3n externo comenzaron algunos eventos musicales, con uno de ellos montado en un trailler a pocos metros de la avenida Santa Fe. Los responsables de abrir ese escenario fueron los integrantes del exitoso grupo \u201cTango 64\u201d, una orquesta moderna de integrantes que recorren el repertorio de los a\u00f1os \u201850s, \u201860s y \u201870s con mucha precisi\u00f3n y cuidado, demostrando gran inter\u00e9s y pasi\u00f3n en el circuito de conciertos que brindan a lo largo del a\u00f1o en distintos lugares del pa\u00eds. Pasadas las 18:45 horas y con un repertorio muy entretenido, el conjunto arranc\u00f3 su espect\u00e1culo ante unas 1000 personas que celebraron esa actividad musical en medio de tanto ruido en el interior de la muestra literaria, con parlantes aturdidores promocionando elementos que no aportan absolutamente nada al consumo del a\u00f1ejo objeto cultural.<\/h2>\n<h2 style=\"text-align: center;\"><a href=\"http:\/\/noticias1440.com.ar\/wp-content\/uploads\/2025\/05\/Fotos-Shows-49-Feria-de-Libro-Gabriel-Imparato-A003.jpg\"><img loading=\"lazy\" decoding=\"async\" class=\"wp-image-2225 aligncenter\" src=\"http:\/\/noticias1440.com.ar\/wp-content\/uploads\/2025\/05\/Fotos-Shows-49-Feria-de-Libro-Gabriel-Imparato-A003-300x168.jpg\" alt=\"\" width=\"904\" height=\"506\" srcset=\"http:\/\/noticias1440.com.ar\/wp-content\/uploads\/2025\/05\/Fotos-Shows-49-Feria-de-Libro-Gabriel-Imparato-A003-300x168.jpg 300w, http:\/\/noticias1440.com.ar\/wp-content\/uploads\/2025\/05\/Fotos-Shows-49-Feria-de-Libro-Gabriel-Imparato-A003-1024x573.jpg 1024w, http:\/\/noticias1440.com.ar\/wp-content\/uploads\/2025\/05\/Fotos-Shows-49-Feria-de-Libro-Gabriel-Imparato-A003-768x430.jpg 768w, http:\/\/noticias1440.com.ar\/wp-content\/uploads\/2025\/05\/Fotos-Shows-49-Feria-de-Libro-Gabriel-Imparato-A003.jpg 1100w\" sizes=\"auto, (max-width: 904px) 100vw, 904px\" \/><\/a><\/h2>\n<h2 style=\"text-align: center;\">Aludir a una estructura abocada por j\u00f3venes interesados en el tango no generar\u00eda muchas novedades o demasiadas diferencias con algunos conjuntos que encaran esa colecci\u00f3n de composiciones, pero aqu\u00ed en este caso la sustancial y definitiva diferencia es que dentro de la formaci\u00f3n que ya lleva varias temporadas de \u00e9xito, se encuentran Patricio P\u00e9rez y Esteban Zanardi, integrantes del grupo tributo \u201cThe Beats\u201d, banda que hace 38 a\u00f1os que encara la discograf\u00eda de \u201cThe Beatles\u201d con una precisi\u00f3n deslumbrante. Patricio en el rol de George Harrison y Esteban en el papel de Ringo Starr, son ya artistas consagrados que ahora se desdoblan durante cada temporada en esta habitual actividad tanguera, muy bien acompa\u00f1ados por la vocalista Ana Castro en un evento que seduce por su consistencia mel\u00f3dica. Ante un p\u00fablico sorprendido en el sector externo por este evento del 2 x 4 bien elaborado, el recital urbano depar\u00f3 conocidas y gloriosas canciones en la voces de P\u00e9rez y Castro, una dupla que son\u00f3 muy bien respaldada por el team instrumental comandado por Esteban Zanardi desde su piano el\u00e9ctrico. Dando destacada respuesta al numeroso p\u00fablico que los vio en ese particular espacio al aire libre, el grupo ahora repetir\u00e1 su seductor ritual urbano este jueves a las 21:00 horas en el conocido club Torcuato Tasso en el barrio de Barracas.<\/h2>\n<h2 style=\"text-align: center;\"><a href=\"http:\/\/noticias1440.com.ar\/wp-content\/uploads\/2025\/05\/Fotos-Shows-49-Feria-de-Libro-Gabriel-Imparato-A004.jpg\"><img loading=\"lazy\" decoding=\"async\" class=\"wp-image-2226 aligncenter\" src=\"http:\/\/noticias1440.com.ar\/wp-content\/uploads\/2025\/05\/Fotos-Shows-49-Feria-de-Libro-Gabriel-Imparato-A004-300x150.jpg\" alt=\"\" width=\"908\" height=\"454\" srcset=\"http:\/\/noticias1440.com.ar\/wp-content\/uploads\/2025\/05\/Fotos-Shows-49-Feria-de-Libro-Gabriel-Imparato-A004-300x150.jpg 300w, http:\/\/noticias1440.com.ar\/wp-content\/uploads\/2025\/05\/Fotos-Shows-49-Feria-de-Libro-Gabriel-Imparato-A004-1024x512.jpg 1024w, http:\/\/noticias1440.com.ar\/wp-content\/uploads\/2025\/05\/Fotos-Shows-49-Feria-de-Libro-Gabriel-Imparato-A004-768x384.jpg 768w, http:\/\/noticias1440.com.ar\/wp-content\/uploads\/2025\/05\/Fotos-Shows-49-Feria-de-Libro-Gabriel-Imparato-A004.jpg 1194w\" sizes=\"auto, (max-width: 908px) 100vw, 908px\" \/><\/a><\/h2>\n<h2 style=\"text-align: center;\">Exactamente a las 20:00 horas, en ese mismo trailler preparado para ver recitales con muy buen sonido a una altura apropiada, lleg\u00f3 Pipo Cipolatti, en esta oportunidad acompa\u00f1ado por el grupo \u201cLos de Negro\u201d, integrado por Saul en (bajo), Tato (guitarra), Farsa (bater\u00eda), Lautaro (teclados) y Lisy (cantante principal). A finales del viejo milenio y por decisi\u00f3n de su hist\u00f3rico l\u00edder, la nomenclatura de \u201cLos Twist\u201d desapareci\u00f3 como tal, aunque todos los espect\u00e1culos que protagoniza el fundador de este grupo mantienen afortunadamente el maravilloso repertorio de esa banda, pionera en el rock-pop humor\u00edstico, una tendencia de elevado valor cultural que tiempo m\u00e1s tarde refrendar\u00edan algunos int\u00e9rpretes o tambi\u00e9n la gama de proyectos continuadores que el pelirrojo int\u00e9rprete encar\u00f3, tras disolver ese gran conjunto surgido a principios de los \u201880s. En ese trailer y recibidos por una muy extensa ovaci\u00f3n, Pipo y en este caso \u201cLos de Negro\u201d, por estar vestidos todos\u00a0 los integrantes de manera total con ese color, a excepci\u00f3n de sus camisas, encararon un repertorio que tiene su estructura central en el \u00e1lbum \u201cLa dicha en movimiento\u201d, \u00e1lbum y cassette publicado el 17 de octubre del a\u00f1o 1983, t\u00edtulo que responde al nombre que la Polic\u00eda Federal asignaba de una manera interna en todos sus comentarios operacionales, a la sustancia ilegal que surge del procesamiento qu\u00edmico de las hojas de coca (coca\u00edna).<\/h2>\n<h2 style=\"text-align: center;\"><a href=\"http:\/\/noticias1440.com.ar\/wp-content\/uploads\/2025\/05\/Fotos-Shows-49-Feria-de-Libro-Gabriel-Imparato-A006-1.jpg\"><img loading=\"lazy\" decoding=\"async\" class=\"wp-image-2229 aligncenter\" src=\"http:\/\/noticias1440.com.ar\/wp-content\/uploads\/2025\/05\/Fotos-Shows-49-Feria-de-Libro-Gabriel-Imparato-A006-1-300x156.jpg\" alt=\"\" width=\"906\" height=\"471\" srcset=\"http:\/\/noticias1440.com.ar\/wp-content\/uploads\/2025\/05\/Fotos-Shows-49-Feria-de-Libro-Gabriel-Imparato-A006-1-300x156.jpg 300w, http:\/\/noticias1440.com.ar\/wp-content\/uploads\/2025\/05\/Fotos-Shows-49-Feria-de-Libro-Gabriel-Imparato-A006-1-1024x532.jpg 1024w, http:\/\/noticias1440.com.ar\/wp-content\/uploads\/2025\/05\/Fotos-Shows-49-Feria-de-Libro-Gabriel-Imparato-A006-1-768x399.jpg 768w, http:\/\/noticias1440.com.ar\/wp-content\/uploads\/2025\/05\/Fotos-Shows-49-Feria-de-Libro-Gabriel-Imparato-A006-1.jpg 1187w\" sizes=\"auto, (max-width: 906px) 100vw, 906px\" \/><\/a><\/h2>\n<h2 style=\"text-align: center;\">Respaldado por una banda muy eficaz, contundente y adecuadamente afilada el show se puso en marcha con la contagiosa \u201cJugando Hulla Hulla\u201d, con la vocalista Lisy al frente de la banda acompa\u00f1ada por el anfitri\u00f3n del show, \u00e1gil apertura que se continu\u00f3 con la r\u00edtmica obra \u201cEn el bowling\u201d. Minutos despu\u00e9s, la voz protag\u00f3nica pas\u00f3 a manos de Pipo, quien con su inoxidable humor mantuvo muy entretenido al p\u00fablico con sus comentarios y gags sin freno alguno. As\u00ed lleg\u00f3 \u201c25 Estrellas de Oro\u201d, ese cl\u00e1sico que en su letra cuenta que en la famosa moto del General Juan Domingo Per\u00f3n estaban ubicados \u201cLos Twist\u201d, letra que no tiene desperdicio alguno. Tras cart\u00f3n Cipolatti se permiti\u00f3 cantar una canci\u00f3n de esas que no suele estar muy frecuentemente en sus shows, divertidos segundos donde el pelirrojo vocalista interpret\u00f3 \u201cEl Padrecito Cordob\u00e9s\u201d, una graciosa vi\u00f1eta de perfil eclesi\u00e1stico en tiempos de un nuevo papado poni\u00e9ndose en marcha. Tras cart\u00f3n lleg\u00f3 \u201cSalsa para vivir\u201d, otra de las inmaculadas piezas del disco debut del grupo, tras lo cual nuevamente el anfitri\u00f3n prefiri\u00f3 por unos isntantes correrse bastante veloz del repertorio tradicional, interpretando el casi desconocido tema \u201cEl Pap\u00e1 de Abraham\u201d, otro de esos \u201clados B\u201d que contempla su obra desde principios de los \u201880s.<\/h2>\n<p><a href=\"http:\/\/noticias1440.com.ar\/wp-content\/uploads\/2025\/05\/Fotos-Shows-49-Feria-de-Libro-Gabriel-Imparato-A011.jpg\"><img loading=\"lazy\" decoding=\"async\" class=\"wp-image-2232 aligncenter\" src=\"http:\/\/noticias1440.com.ar\/wp-content\/uploads\/2025\/05\/Fotos-Shows-49-Feria-de-Libro-Gabriel-Imparato-A011-300x151.jpg\" alt=\"\" width=\"906\" height=\"456\" srcset=\"http:\/\/noticias1440.com.ar\/wp-content\/uploads\/2025\/05\/Fotos-Shows-49-Feria-de-Libro-Gabriel-Imparato-A011-300x151.jpg 300w, http:\/\/noticias1440.com.ar\/wp-content\/uploads\/2025\/05\/Fotos-Shows-49-Feria-de-Libro-Gabriel-Imparato-A011-1024x514.jpg 1024w, http:\/\/noticias1440.com.ar\/wp-content\/uploads\/2025\/05\/Fotos-Shows-49-Feria-de-Libro-Gabriel-Imparato-A011.jpg 1194w\" sizes=\"auto, (max-width: 906px) 100vw, 906px\" \/><\/a><\/p>\n<h2 style=\"text-align: center;\"><\/h2>\n<h2 style=\"text-align: center;\">Cedi\u00e9ndole la posta a su destacada cantante Lisy, llegaron dos joyas de la \u00f3pera prima de esta formaci\u00f3n nacional como \u201cEl Twist de Luis\u201d y \u201cCleopatra, la reina del Twist\u201d, temas que convirtieron al proscenio externo nocturno en un volc\u00e1n pop muy arengado, tras esa secuencia de maravillosas canciones que tiene ese primer opus de aquella banda. Pipo y Lisy en conjunto cantaron \u201cEl primero te lo regalan\u201d, sostenidos por una base rockera sin miramientos que demostr\u00f3 la excelente curadur\u00eda que tiene Cipolatti a la hora de armar cada una de sus formaciones. Nuevamente con su cantante femenina en rol protag\u00f3nico y Pipo secund\u00e1ndola, lleg\u00f3 \u201cRicardo Rub\u00e9n\u201d, otra hilarante p\u00e1gina pop con destacada letra y un arreglo twistero sencillamente demoledor. Entre tema y tema, el legendario m\u00fasico que form\u00f3 tiempo m\u00e1s tarde el ensamble de rock cristiano \u201cLos Parroquia\u201d, aprovech\u00f3 la circunstancia de estar actuando en vivo en una muestra de neto tono literario, para encarar primero \u201ca capella\u201d y segundos m\u00e1s tarde acompa\u00f1ado por sus m\u00fasicos el muy tradicional \u201cHimno a Sarmiento\u201d, dejando en claro el pelirrojo artista que puede asomar loco o muy disparatado en sus apariciones, pero que no come vidrio y est\u00e1 en un notable sincronismo\u00a0 con la realidad que nos circunda. La fant\u00e1stica fiesta pop en ese escenario muy cercano a la Avenida Santa Fe termin\u00f3 con dos golpes creativos de knockout impactantes como \u201cEl estudiante\u201d (que incluy\u00f3 solos de todos los instrumentos en escena) y la inconfundible \u201cPens\u00e9 que se trataba de cieguitos\u201d, una joya pop inquebrantable al paso del tiempo. Este recital de Pipo Cipolatti acompa\u00f1ado por Sa\u00fal, Tato, Farsa, Lautaro y Lisy en vivo, dej\u00f3 en claro que cuando el conocido m\u00fasico quiere, puede seguir renovando su reinado en la escena pop m\u00e1s ligada al humor reflexivo, ambientado en una escena popular de gran altura.<\/h2>\n<h2 style=\"text-align: center;\"><a href=\"http:\/\/noticias1440.com.ar\/wp-content\/uploads\/2025\/05\/Fotos-Shows-49-Feria-de-Libro-Gabriel-Imparato-A007.jpg\"><img loading=\"lazy\" decoding=\"async\" class=\"wp-image-2230 aligncenter\" src=\"http:\/\/noticias1440.com.ar\/wp-content\/uploads\/2025\/05\/Fotos-Shows-49-Feria-de-Libro-Gabriel-Imparato-A007-300x157.jpg\" alt=\"\" width=\"917\" height=\"480\" srcset=\"http:\/\/noticias1440.com.ar\/wp-content\/uploads\/2025\/05\/Fotos-Shows-49-Feria-de-Libro-Gabriel-Imparato-A007-300x157.jpg 300w, http:\/\/noticias1440.com.ar\/wp-content\/uploads\/2025\/05\/Fotos-Shows-49-Feria-de-Libro-Gabriel-Imparato-A007-1024x535.jpg 1024w, http:\/\/noticias1440.com.ar\/wp-content\/uploads\/2025\/05\/Fotos-Shows-49-Feria-de-Libro-Gabriel-Imparato-A007-768x401.jpg 768w, http:\/\/noticias1440.com.ar\/wp-content\/uploads\/2025\/05\/Fotos-Shows-49-Feria-de-Libro-Gabriel-Imparato-A007.jpg 1183w\" sizes=\"auto, (max-width: 917px) 100vw, 917px\" \/><\/a><\/h2>\n<h2 style=\"text-align: center;\">Al domingo musical todav\u00eda le quedaba el espect\u00e1culo central, previsto sobre el peque\u00f1o escenario de una plataforma de streaming, plaf\u00f3n de show armado a pocos metros de esa habitual parcela arenosa utilizada para desfiles y actos conmemorativos. Aprovechando esa aparici\u00f3n en La Rural, Kevin Johansen y Liniers volvieron a presentar el espect\u00e1culo conjunto que inauguraron durante el a\u00f1o 2009, en el cual Kevin repasa gran parte de sus canciones mientras Ricardo Siri (Liniers) realiza en vivo diferentes dibujos relacionados con los temas interpretados por su compa\u00f1ero art\u00edstico. En esta oportunidad, el concierto sirvi\u00f3 como excusa para promocionar el nuevo \u00e1lbum \u201cDesde que te Madrid\u201d publicado por Sony Music Argentina, un concierto que la gran dupla concret\u00f3 en vivo en la capital espa\u00f1ola en los \u00faltimos meses, material que ya se encuentra a la venta, detalle que pudo comprobarse con un destacado stand ubicado al costado del escenario no solo con ese \u00e1lbum f\u00edsico, sino con otros lanzamientos anteriores del exitoso artista nacido en Alaska. Exactamente a las 20:00 horas y con mucha calma en el \u00e1rea de trabajo, Kevin (sin banda, pero con guitarra y secuencias) y Ricardo \u201cLiniers\u201d Siri con su gran\u00a0 tablero televisado en una pantalla gigante ubicada detr\u00e1s del escenario, comenzaron un divert\u00edsimo espect\u00e1culo con m\u00faltiples variantes y alternativas.<\/h2>\n<h2 style=\"text-align: center;\"><a href=\"http:\/\/noticias1440.com.ar\/wp-content\/uploads\/2025\/05\/Fotos-Shows-49-Feria-de-Libro-Gabriel-Imparato-A009.jpg\"><img loading=\"lazy\" decoding=\"async\" class=\"wp-image-2234 aligncenter\" src=\"http:\/\/noticias1440.com.ar\/wp-content\/uploads\/2025\/05\/Fotos-Shows-49-Feria-de-Libro-Gabriel-Imparato-A009-300x151.jpg\" alt=\"\" width=\"908\" height=\"457\" srcset=\"http:\/\/noticias1440.com.ar\/wp-content\/uploads\/2025\/05\/Fotos-Shows-49-Feria-de-Libro-Gabriel-Imparato-A009-300x151.jpg 300w, http:\/\/noticias1440.com.ar\/wp-content\/uploads\/2025\/05\/Fotos-Shows-49-Feria-de-Libro-Gabriel-Imparato-A009-1024x516.jpg 1024w, http:\/\/noticias1440.com.ar\/wp-content\/uploads\/2025\/05\/Fotos-Shows-49-Feria-de-Libro-Gabriel-Imparato-A009-768x387.jpg 768w, http:\/\/noticias1440.com.ar\/wp-content\/uploads\/2025\/05\/Fotos-Shows-49-Feria-de-Libro-Gabriel-Imparato-A009.jpg 1197w\" sizes=\"auto, (max-width: 908px) 100vw, 908px\" \/><\/a><\/h2>\n<h2 style=\"text-align: center;\">El repertorio en este show guard\u00f3 relaci\u00f3n parcial con parte del nuevo disco de Johansen junto al dibujante grabado en la madre patria, concierto que se puso en marcha con esa pegadiza pieza llamada \u201cEs como el d\u00eda\u201d, tras la cual lleg\u00f3 ocurrir sin demasiadas pausa\u00a0 \u201cModern Love\u201d, esa bell\u00edsima versi\u00f3n del tema de David Bowie. La lista seleccionada a tono con un evento de estas caracter\u00edsticas continu\u00f3 con \u201cNo voy a ser yo\u201d, \u201cBaja a la tierra\u201d, \u201cSur o no sur\u201d, \u201cMc Guevara o Che Donalds\u201d, \u201cLa hamaca\u201d, \u201cEl c\u00edrculo\u201d y una cuidada versi\u00f3n de \u201cLa chanson de Prevert\u201d. Tal como suele ocurrir en sus m\u00e1s recientes apariciones en vivo, a mitad de espect\u00e1culo, los protagonistas invirtieron los roles, bloque donde Liniers se calz\u00f3 un doble cuatro, diminuto instrumento que tiene como su nombre lo indica tan solo cuatro cuerdas. Armando peque\u00f1os acordes de manera prolija, mientras Johansen se ubicaba c\u00f3modo en el tablero iniciando su dibujo, Ricardo Siri aprovech\u00f3 la presentaci\u00f3n para se\u00f1alar que apenas con cuatro acordes se pod\u00edan componer un mont\u00f3n de temas con buena estructura mel\u00f3dica. Lo que vendr\u00eda instantes despu\u00e9s fue una genial manera de tomarse a la m\u00fasica pop con much\u00edsimo humor, mientras Kevin, entusiasmado con los pinceles iniciaba su obra con muy cuidadosos y medidos bosquejos.<\/h2>\n<h2 style=\"text-align: center;\"><a href=\"http:\/\/noticias1440.com.ar\/wp-content\/uploads\/2025\/05\/Fotos-Shows-49-Feria-de-Libro-Gabriel-Imparato-A010.jpg\"><img loading=\"lazy\" decoding=\"async\" class=\"wp-image-2233 aligncenter\" src=\"http:\/\/noticias1440.com.ar\/wp-content\/uploads\/2025\/05\/Fotos-Shows-49-Feria-de-Libro-Gabriel-Imparato-A010-300x157.jpg\" alt=\"\" width=\"906\" height=\"474\" srcset=\"http:\/\/noticias1440.com.ar\/wp-content\/uploads\/2025\/05\/Fotos-Shows-49-Feria-de-Libro-Gabriel-Imparato-A010-300x157.jpg 300w, http:\/\/noticias1440.com.ar\/wp-content\/uploads\/2025\/05\/Fotos-Shows-49-Feria-de-Libro-Gabriel-Imparato-A010-1024x536.jpg 1024w, http:\/\/noticias1440.com.ar\/wp-content\/uploads\/2025\/05\/Fotos-Shows-49-Feria-de-Libro-Gabriel-Imparato-A010-768x402.jpg 768w, http:\/\/noticias1440.com.ar\/wp-content\/uploads\/2025\/05\/Fotos-Shows-49-Feria-de-Libro-Gabriel-Imparato-A010.jpg 1179w\" sizes=\"auto, (max-width: 906px) 100vw, 906px\" \/><\/a><\/h2>\n<h2 style=\"text-align: center;\">Liniers, con esa maravillosa veta humor\u00edstica que lo caracteriza, pero manteniendo una gran prolijidad al frente del escenario en ese rol de m\u00fasico, encar\u00f3 ocho canciones que seg\u00fan su an\u00e1lisis tienen esos cuatro acordes, los cuales no pudo identificar musicalmente, llam\u00e1ndolos simplemente \u201cuno, dos, tres y cuatro\u201d (risas). En un bloque muy desopilante pasaron \u00e9xitos como \u201cUnder the bridge\u201d (Red Hot Chili Peppers), \u201cTrue Colors\u201d(Cindy Lauper), \u201c\u201dWith Or Without You\u201d (U2), \u201cTake On Me\u201d (A-ha), \u201cNo Woman No Cry\u201d (Bob Marley), \u201cBarbie Girl\u201d(Aqua), \u201cWaka Waka\u201d(Shakira) y \u201cYesterday\u201d (The Beatles), mientras la audiencia celebraba enromes carcajadas esa amena ocurrencia del dibujante. El desenlace de ese desopilante tramo, ya cuando Johansen hab\u00eda culminado su dibujo fue la presencia del cantante detr\u00e1s del pintor, para ejecutar a cuatro mano aqu\u00e9l instrumento de doble mango ese gran himno del rock ingl\u00e9s llamado \u201cCreep\u201d (Radiohead), secuencia que las casi 2000 personas reunidas en el lugar celebraron divertidas con mucha felicidad esa inversi\u00f3n de tareas sobre escena. Pero al show de cierre en La Rural todav\u00eda le faltaba un nuevo tramo de canciones a cargo de Kevin, bloque que reuni\u00f3 en esos 45 minutos de clausura una gama de hits atemporales del m\u00fasico argentino.<\/h2>\n<h2 style=\"text-align: center;\"><a href=\"http:\/\/noticias1440.com.ar\/wp-content\/uploads\/2025\/05\/Fotos-Shows-49-Feria-de-Libro-Gabriel-Imparato-A008.jpg\"><img loading=\"lazy\" decoding=\"async\" class=\"wp-image-2231 aligncenter\" src=\"http:\/\/noticias1440.com.ar\/wp-content\/uploads\/2025\/05\/Fotos-Shows-49-Feria-de-Libro-Gabriel-Imparato-A008-300x151.jpg\" alt=\"\" width=\"908\" height=\"457\" srcset=\"http:\/\/noticias1440.com.ar\/wp-content\/uploads\/2025\/05\/Fotos-Shows-49-Feria-de-Libro-Gabriel-Imparato-A008-300x151.jpg 300w, http:\/\/noticias1440.com.ar\/wp-content\/uploads\/2025\/05\/Fotos-Shows-49-Feria-de-Libro-Gabriel-Imparato-A008-1024x516.jpg 1024w, http:\/\/noticias1440.com.ar\/wp-content\/uploads\/2025\/05\/Fotos-Shows-49-Feria-de-Libro-Gabriel-Imparato-A008-768x387.jpg 768w, http:\/\/noticias1440.com.ar\/wp-content\/uploads\/2025\/05\/Fotos-Shows-49-Feria-de-Libro-Gabriel-Imparato-A008.jpg 1195w\" sizes=\"auto, (max-width: 908px) 100vw, 908px\" \/><\/a><\/h2>\n<h2 style=\"text-align: center;\">Ya con la ayuda de un secuencer con pistas preparadas para esa situaci\u00f3n, sonaron \u201cDesde que te perd\u00ed\u201d, \u201cSos tan fashion\u201d, \u201cDown with my baby\u201d (recordado \u00e9xito de la telenovela \u201cResistir\u00e9\u201d), \u201cAnoche so\u00f1\u00e9 contigo\u201d y \u201cGuacamole\u201d, canci\u00f3n en la que Liniers cedi\u00f3 su tablero al dibujante Miguel Rep, invitado visual que ilustro esa pista con una ilustraci\u00f3n del \u201cEternauta\u201d aludiendo a la conocida comida mexicana, en tanto que Ricardo Siri baj\u00f3 del escenario para armar un \u201ctrencito de festejo\u201d acompa\u00f1ado por parte del p\u00fablico dando vueltas cerca del sitio de show. A\u00fan con lo reducido del proscenio para dicho evento, por esas cosas del destino, la amena talentosa dupla de artistas se las ingeni\u00f3 para que unas veinte personas del p\u00fablico pudiesen subir veloz all\u00ed al\u00a0 escenario a bailar la contagiosa \u201cCumbiera Intelectual\u201d, mientras el resto hac\u00eda palmas y coros desde la parte inferior. El cierre de una colosal actuaci\u00f3n encontr\u00f3 a este dueto de artistas cantando \u201cFin de Fiesta\u201d, una entretenida noche donde tambi\u00e9n en un pasaje del concierto se desarroll\u00f3 un sentido recordatorio del baterista \u201cZurdo\u201d Roizner, fallecido el 14 de enero de 2024. Con el fr\u00edo y el reloj marcando firme los tiempos, el gran concierto de clausura de la 49 Feria del Libro culmin\u00f3 exitoso a las 21:28, mientras la audiencia iniciaba el lento \u00e9xodo por la salida de la Avenida Dorrego, tras una triada de destacados recitales que pusieron la cuota de calor y entretenimiento a una muestra que en todo ese mes de actividad hasta su cierre, hab\u00eda generado much\u00edsimas pol\u00e9micas que situaciones destacadas en lo cultural.<\/h2>\n<p>&nbsp;<\/p>\n<h2><em><strong><span style=\"color: #000080;\">Fotos 49 Feria Internacional del Libro :<\/span> <span style=\"color: #008000;\">Gabriel Imparato (Noticias 1440)<\/span><\/strong><\/em><\/h2>\n<h2 style=\"text-align: center;\"><\/h2>\n<h2 style=\"text-align: center;\"><\/h2>\n","protected":false},"excerpt":{"rendered":"<p>En una jornada con importante asistencia de p\u00fablico, \u201cTango 64\u201d, \u201cPipo Cipolatti y los de Negro\u201d junto a \u201cKevin Johansen &amp; Liniers\u201d ofrecieron grandes conciertos en una muestra literaria que ratific\u00f3 la grave crisis que vive este sector cultural.<\/p>\n","protected":false},"author":1,"featured_media":2234,"comment_status":"closed","ping_status":"open","sticky":false,"template":"","format":"standard","meta":{"footnotes":""},"categories":[8,5],"tags":[],"class_list":["post-2180","post","type-post","status-publish","format-standard","has-post-thumbnail","hentry","category-criticas","category-informes"],"_links":{"self":[{"href":"http:\/\/noticias1440.com.ar\/index.php?rest_route=\/wp\/v2\/posts\/2180","targetHints":{"allow":["GET"]}}],"collection":[{"href":"http:\/\/noticias1440.com.ar\/index.php?rest_route=\/wp\/v2\/posts"}],"about":[{"href":"http:\/\/noticias1440.com.ar\/index.php?rest_route=\/wp\/v2\/types\/post"}],"author":[{"embeddable":true,"href":"http:\/\/noticias1440.com.ar\/index.php?rest_route=\/wp\/v2\/users\/1"}],"replies":[{"embeddable":true,"href":"http:\/\/noticias1440.com.ar\/index.php?rest_route=%2Fwp%2Fv2%2Fcomments&post=2180"}],"version-history":[{"count":6,"href":"http:\/\/noticias1440.com.ar\/index.php?rest_route=\/wp\/v2\/posts\/2180\/revisions"}],"predecessor-version":[{"id":2292,"href":"http:\/\/noticias1440.com.ar\/index.php?rest_route=\/wp\/v2\/posts\/2180\/revisions\/2292"}],"wp:featuredmedia":[{"embeddable":true,"href":"http:\/\/noticias1440.com.ar\/index.php?rest_route=\/wp\/v2\/media\/2234"}],"wp:attachment":[{"href":"http:\/\/noticias1440.com.ar\/index.php?rest_route=%2Fwp%2Fv2%2Fmedia&parent=2180"}],"wp:term":[{"taxonomy":"category","embeddable":true,"href":"http:\/\/noticias1440.com.ar\/index.php?rest_route=%2Fwp%2Fv2%2Fcategories&post=2180"},{"taxonomy":"post_tag","embeddable":true,"href":"http:\/\/noticias1440.com.ar\/index.php?rest_route=%2Fwp%2Fv2%2Ftags&post=2180"}],"curies":[{"name":"wp","href":"https:\/\/api.w.org\/{rel}","templated":true}]}}