{"id":2116,"date":"2025-05-12T17:04:43","date_gmt":"2025-05-12T17:04:43","guid":{"rendered":"https:\/\/noticias1440.com.ar\/?p=2116"},"modified":"2025-05-14T04:30:11","modified_gmt":"2025-05-14T04:30:11","slug":"michel-peyronel-habla-en-entrevista-exclusiva-las-canciones-de-riff-permanecen-vigentes","status":"publish","type":"post","link":"http:\/\/noticias1440.com.ar\/?p=2116","title":{"rendered":"Michel Peyronel habla en entrevista exclusiva: \u201cLas canciones de \u00abRiff\u00bb permanecen vigentes\u201d"},"content":{"rendered":"<h2 style=\"text-align: center;\">Acompa\u00f1ado por \u201cLos Humanoides\u201d y la presencia estelar como invitado del guitarrista \u00a0H\u00e9ctor \u201cBoff\u201d Serafine, el baterista del hist\u00f3rico grupo de rock and roll actuar\u00e1 este viernes en el local \u201cLucille\u201d a las 20:00 horas, esperado concierto con localidades totalmente agotadas.<\/h2>\n<p><!--more--><\/p>\n<h2 style=\"text-align: center;\"><a href=\"http:\/\/noticias1440.com.ar\/wp-content\/uploads\/2025\/05\/Michel-Peyronel-QR-Fest-2025-Foto-Prensa-Quilmes-Rock-A003.jpg\"><img loading=\"lazy\" decoding=\"async\" class=\"wp-image-2125 aligncenter\" src=\"http:\/\/noticias1440.com.ar\/wp-content\/uploads\/2025\/05\/Michel-Peyronel-QR-Fest-2025-Foto-Prensa-Quilmes-Rock-A003-300x155.jpg\" alt=\"\" width=\"904\" height=\"467\" srcset=\"http:\/\/noticias1440.com.ar\/wp-content\/uploads\/2025\/05\/Michel-Peyronel-QR-Fest-2025-Foto-Prensa-Quilmes-Rock-A003-300x155.jpg 300w, http:\/\/noticias1440.com.ar\/wp-content\/uploads\/2025\/05\/Michel-Peyronel-QR-Fest-2025-Foto-Prensa-Quilmes-Rock-A003-1024x528.jpg 1024w, http:\/\/noticias1440.com.ar\/wp-content\/uploads\/2025\/05\/Michel-Peyronel-QR-Fest-2025-Foto-Prensa-Quilmes-Rock-A003-768x396.jpg 768w, http:\/\/noticias1440.com.ar\/wp-content\/uploads\/2025\/05\/Michel-Peyronel-QR-Fest-2025-Foto-Prensa-Quilmes-Rock-A003.jpg 1199w\" sizes=\"auto, (max-width: 904px) 100vw, 904px\" \/><\/a><\/h2>\n<h2 style=\"text-align: center;\"><a href=\"http:\/\/noticias1440.com.ar\/wp-content\/uploads\/2025\/05\/NOMBRE-PARA-SITIO-WEB-3-3.jpg\"><img loading=\"lazy\" decoding=\"async\" class=\"size-medium wp-image-2126 alignleft\" src=\"http:\/\/noticias1440.com.ar\/wp-content\/uploads\/2025\/05\/NOMBRE-PARA-SITIO-WEB-3-3-300x61.jpg\" alt=\"\" width=\"300\" height=\"61\" srcset=\"http:\/\/noticias1440.com.ar\/wp-content\/uploads\/2025\/05\/NOMBRE-PARA-SITIO-WEB-3-3-300x61.jpg 300w, http:\/\/noticias1440.com.ar\/wp-content\/uploads\/2025\/05\/NOMBRE-PARA-SITIO-WEB-3-3.jpg 359w\" sizes=\"auto, (max-width: 300px) 100vw, 300px\" \/><\/a><\/h2>\n<h2 style=\"text-align: center;\"><\/h2>\n<p>12<\/p>\n<h2 style=\"text-align: center;\"><strong>(Capital Federal \u2013 Lunes 121 de Mayo de 2025)\u00a0<\/strong> Su destacada presencia acompa\u00f1ado por la banda que form\u00f3 hace muy poco tiempo, depar\u00f3 uno de los mejores shows que tuvo la edici\u00f3n 2025 del \u201cQuilmes Rock\u201d recientemente en Villa Martelli, sin olvidar que esta afiatada banda tuvo a su cargo el cierre del festival \u201cVivamos Musica\u201d en el Parque Roca a fines de la temporada pasada. \u201cMichel Peyronel y los Humanoides\u201d el 13 de abril tuvo que bailar con la dif\u00edcil tarea de presentarse despu\u00e9s de \u201cLa Mancha de Rolando\u201d en el escenario \u201cGeiser\u201d en la muestra rockera realizada en Tecn\u00f3polis, durante la \u00faltima fecha del evento auspiciado por la conocida firma cervecera. Tras el concierto de Manu Quieto y sus socios, la mayor\u00eda del p\u00fablico se hab\u00eda retirado de este lugar corriendo firme hacia el escenario donde tocar\u00edan Los Piojos, encargados de cerrar la \u00faltima fecha del festival realizado en esa zona bonaerense. Ubicado bastante cerca de la mesa de monitoreo sobre el escenario, el legendario baterista se asom\u00f3 para chequear la cantidad de espectadores a esa hora del anochecer, cuando se aproximaba el horario de inicio de su recital. Mir\u00f3 con detenimiento m\u00e1s de una vez y evit\u00f3 atragantarse mientras tomaba un sorbo de agua de la botella que sosten\u00eda, optando por reirse de manera franca al momento de analizar todo lo que ocurr\u00eda. En el play\u00f3n hab\u00eda apenas unas treinta personas ubicadas, pero cabe decirlo, muy interesadas en escuchar al grupo rockero.<\/h2>\n<h2 style=\"text-align: center;\"><a href=\"http:\/\/noticias1440.com.ar\/wp-content\/uploads\/2025\/05\/Michel-Peyronel-QR-Fest-2025-Foto-Gabriel-Imparato-A001.jpg\"><img loading=\"lazy\" decoding=\"async\" class=\"wp-image-2120 aligncenter\" src=\"http:\/\/noticias1440.com.ar\/wp-content\/uploads\/2025\/05\/Michel-Peyronel-QR-Fest-2025-Foto-Gabriel-Imparato-A001-300x156.jpg\" alt=\"\" width=\"908\" height=\"472\" srcset=\"http:\/\/noticias1440.com.ar\/wp-content\/uploads\/2025\/05\/Michel-Peyronel-QR-Fest-2025-Foto-Gabriel-Imparato-A001-300x156.jpg 300w, http:\/\/noticias1440.com.ar\/wp-content\/uploads\/2025\/05\/Michel-Peyronel-QR-Fest-2025-Foto-Gabriel-Imparato-A001-1024x531.jpg 1024w, http:\/\/noticias1440.com.ar\/wp-content\/uploads\/2025\/05\/Michel-Peyronel-QR-Fest-2025-Foto-Gabriel-Imparato-A001-768x399.jpg 768w, http:\/\/noticias1440.com.ar\/wp-content\/uploads\/2025\/05\/Michel-Peyronel-QR-Fest-2025-Foto-Gabriel-Imparato-A001.jpg 1187w\" sizes=\"auto, (max-width: 908px) 100vw, 908px\" \/><\/a><\/h2>\n<h2 style=\"text-align: center;\">Bast\u00f3 que tocaran solo dos canciones del recordado grupo fundado en los \u201880s, para que gran cantidad de personas comenzaran a correr desde distintos lugares. Las corridas y los numerosos espectadores que comenzaron a preguntar porque la gente se dir\u00eda hacia esta plataforma, gener\u00f3 un efecto contagio muy fuerte y antes que arrancara la cuarta canci\u00f3n , m\u00e1s de 1200 personas ya estaban ubicadas cantando con gigantesca pasi\u00f3n varios cl\u00e1sicos del rock and roll nacidos hace cuatro d\u00e9cadas. El repertorio del grupo de \u00abMPYLH\u201d hace hincapi\u00e9 en muchos cl\u00e1sicos de \u00abRiff\u00bb (No obstante lo cual \u2013 Bienvenida a mi lado oscuro \u2013 Mal Romance \u2013 Mala noche \u2013 En la ciudad del gran r\u00edo \u2013 Pantalla del mundo nuevo \u2013 Lily Malone \u2013 Macadam 3210 \u2013 Que sea rock \u2013 Susy Cadillac), pero para potenciar a\u00fan m\u00e1s el regreso a los conciertos propios del conjunto, en esta oportunidad estipulada para el pr\u00f3ximo viernes habr\u00e1 algo que reforzar\u00e1 la fant\u00e1stica fiesta rockera prevista en muy pocas horas, adicionando a este recital la presencia de un personaje muy querido por los fieles seguidores del grupo que marc\u00f3 un antes y despu\u00e9s en la agitada escena rockera de los \u201880s<\/h2>\n<h2 style=\"text-align: center;\"><a href=\"http:\/\/noticias1440.com.ar\/wp-content\/uploads\/2025\/05\/Michel-Peyronel-QR-Fest-2025-Foto-Prensa-Quilmes-Rock-A001.jpg\"><img loading=\"lazy\" decoding=\"async\" class=\"wp-image-2123 aligncenter\" src=\"http:\/\/noticias1440.com.ar\/wp-content\/uploads\/2025\/05\/Michel-Peyronel-QR-Fest-2025-Foto-Prensa-Quilmes-Rock-A001-300x150.jpg\" alt=\"\" width=\"904\" height=\"452\" srcset=\"http:\/\/noticias1440.com.ar\/wp-content\/uploads\/2025\/05\/Michel-Peyronel-QR-Fest-2025-Foto-Prensa-Quilmes-Rock-A001-300x150.jpg 300w, http:\/\/noticias1440.com.ar\/wp-content\/uploads\/2025\/05\/Michel-Peyronel-QR-Fest-2025-Foto-Prensa-Quilmes-Rock-A001-1024x512.jpg 1024w, http:\/\/noticias1440.com.ar\/wp-content\/uploads\/2025\/05\/Michel-Peyronel-QR-Fest-2025-Foto-Prensa-Quilmes-Rock-A001-768x384.jpg 768w, http:\/\/noticias1440.com.ar\/wp-content\/uploads\/2025\/05\/Michel-Peyronel-QR-Fest-2025-Foto-Prensa-Quilmes-Rock-A001.jpg 1202w\" sizes=\"auto, (max-width: 904px) 100vw, 904px\" \/><\/a><\/h2>\n<h2 style=\"text-align: center;\">Con localidades totalmente agotadas a 72 horas de la fecha anunciada, finalmente este viernes a las 20:00 horas \u201cMichel Peyronel y los Humanoides\u201d se presentar\u00e1n en el Club \u201cLucille\u201d (Gorriti 5520), espect\u00e1culo donde concretar\u00e1n un \u201cHomenaje A Riff\u201d, actuaci\u00f3n que la banda anunci\u00f3 apenas finaliz\u00f3 su show en el \u201cQuilmes Rock\u201d para el viernes 16 de mayo en pleno Palermo Viejo. Esta agrupaci\u00f3n (Lucky Luke en bater\u00eda, Arito Rodr\u00edguez en guitarra r\u00edtmica, \u00a0Capitan Ded en el bajo y Jean Jacques Peyronel en la guitarra l\u00edder), tendr\u00e1 un invitado especial, puesto que el concierto en esa calida plataforma en la zona m\u00e1s paqueta del barrio palermitano contar\u00e1 con la presencia de H\u00e9ctor \u201cBoff\u201d Serafine, guitarrista original de \u00abRiff\u00bb como invitado especial. A pocos d\u00edas de este recital en ese destacado local de conciertos, el m\u00edtico baterista y cantante del conjunto que lider\u00f3 Pappo hasta principios de 2005 habl\u00f3 a solas con Noticias 1440 en su hogar, concediendo all\u00ed una extensa entrevista promocional, donde el talentoso m\u00fasico no evit\u00f3 ninguna consulta. Recordando con gran felicidad y orgullo su designaci\u00f3n en la legislatura porte\u00f1a como<span style=\"color: #000080;\"><em> \u201cPersonalidad Destacada de la Cultura de Buenos Aires\u201d<\/em><\/span> en octubre de 2024, el talentoso cantante y baterista se encarg\u00f3 de responder las siguientes preguntas:<\/h2>\n<h2 style=\"text-align: center;\"><a href=\"http:\/\/noticias1440.com.ar\/wp-content\/uploads\/2025\/05\/Michel-Peyronel-QR-Fest-2025-Foto-Gabriel-Imparato-A002.jpg\"><img loading=\"lazy\" decoding=\"async\" class=\"wp-image-2121 aligncenter\" src=\"http:\/\/noticias1440.com.ar\/wp-content\/uploads\/2025\/05\/Michel-Peyronel-QR-Fest-2025-Foto-Gabriel-Imparato-A002-300x157.jpg\" alt=\"\" width=\"906\" height=\"474\" srcset=\"http:\/\/noticias1440.com.ar\/wp-content\/uploads\/2025\/05\/Michel-Peyronel-QR-Fest-2025-Foto-Gabriel-Imparato-A002-300x157.jpg 300w, http:\/\/noticias1440.com.ar\/wp-content\/uploads\/2025\/05\/Michel-Peyronel-QR-Fest-2025-Foto-Gabriel-Imparato-A002-1024x536.jpg 1024w, http:\/\/noticias1440.com.ar\/wp-content\/uploads\/2025\/05\/Michel-Peyronel-QR-Fest-2025-Foto-Gabriel-Imparato-A002-768x402.jpg 768w, http:\/\/noticias1440.com.ar\/wp-content\/uploads\/2025\/05\/Michel-Peyronel-QR-Fest-2025-Foto-Gabriel-Imparato-A002.jpg 1188w\" sizes=\"auto, (max-width: 906px) 100vw, 906px\" \/><\/a><\/h2>\n<h2 style=\"text-align: center;\"><strong>Actuaste en la \u00faltima jornada del festival \u201cQuilmes Rock 2025\u201d realizado en Tecn\u00f3polis. \u00bfC\u00f2mo viviste ese show que ofrecieron con los Humanoides en el escenario \u201cGeiser\u201d?<\/strong><\/h2>\n<h2 style=\"text-align: center;\"><strong>Michel Peyronel:<\/strong> Algo de rock ten\u00eda que haber, n\u00f3? (risas), porque yo creo por m\u00e1s que digan que el rock est\u00e1 muerto y otras cosas por el estilo, mientras nos llenan ahora de esa m\u00fasica inmunda que hay, aquello en Tecn\u00f3polis ratific\u00f3 que este sitio donde habitamos es un \u201cRock And Roll Town\u201d, ac\u00e1 todos tienen el gen del rock metido adentro. En alg\u00fan momento durante el inicio del show que dimos la gente empez\u00f3 a reaccionar y vinieron de todos los sectores del complejo, viste?, ocurri\u00f3 justo cuando empezamos a tocar, ni bien arrancamos al principio hab\u00eda muy poca gente (risas) y despu\u00e9s estaba hasta las bolas, con la m\u00fasica de \u00abRiff\u00bb multiplicamos el p\u00fablico en pocos segundos. Sucede porque el buen rock es irresistible. Es lo m\u00e1s divertido que se puede hacer con la ropa puesta (risas).<\/h2>\n<h2 style=\"text-align: center;\"><a href=\"http:\/\/noticias1440.com.ar\/wp-content\/uploads\/2025\/05\/Michel-Peyronel-QR-Fest-2025-Foto-Prensa-Quilmes-Rock-A002.jpg\"><img loading=\"lazy\" decoding=\"async\" class=\"wp-image-2124 aligncenter\" src=\"http:\/\/noticias1440.com.ar\/wp-content\/uploads\/2025\/05\/Michel-Peyronel-QR-Fest-2025-Foto-Prensa-Quilmes-Rock-A002-300x166.jpg\" alt=\"\" width=\"907\" height=\"502\" srcset=\"http:\/\/noticias1440.com.ar\/wp-content\/uploads\/2025\/05\/Michel-Peyronel-QR-Fest-2025-Foto-Prensa-Quilmes-Rock-A002-300x166.jpg 300w, http:\/\/noticias1440.com.ar\/wp-content\/uploads\/2025\/05\/Michel-Peyronel-QR-Fest-2025-Foto-Prensa-Quilmes-Rock-A002-1024x568.jpg 1024w, http:\/\/noticias1440.com.ar\/wp-content\/uploads\/2025\/05\/Michel-Peyronel-QR-Fest-2025-Foto-Prensa-Quilmes-Rock-A002-768x426.jpg 768w, http:\/\/noticias1440.com.ar\/wp-content\/uploads\/2025\/05\/Michel-Peyronel-QR-Fest-2025-Foto-Prensa-Quilmes-Rock-A002.jpg 1115w\" sizes=\"auto, (max-width: 907px) 100vw, 907px\" \/><\/a><\/h2>\n<h2 style=\"text-align: center;\"><strong>\u00bfTomaste conciencia con el firme paso de las d\u00e9cadas, que algunas de las canciones que compusiste para ese hist\u00f3rico grupo de rock and roll adquirieron un aspecto visionario de lo que sucede en nuestro pa\u00eds como el caso de \u201cPantalla del mundo nuevo\u201d?<\/strong><\/h2>\n<h2 style=\"text-align: center;\"><strong>Michel Peyronel:<\/strong> S\u00ed, viste que el rock siempre estuvo bueno en su v\u00ednculo con la pantalla. Bueno, nos adelantamos 40 a\u00f1os a la realidad, ahora se cae \u201cWhatsapp\u201d y todos entran en p\u00e1nico, en los \u201880s dijimos que todo as\u00ed pod\u00eda irse a la mierda (risas), con esto no s\u00e9 si fui un futurista. A m\u00ed siempre me gust\u00f3 mucho la ciencia ficci\u00f3n, simplemente escrib\u00eda cosas que sent\u00eda, era de aludir a los llamados futuros dist\u00f3picos, como se los denomina ahora, lugares apocal\u00edpticos, me imaginaba situaciones as\u00ed. Y tanto no le err\u00e9. Muchos temas que compusimos para \u201cRiff\u201d son as\u00ed.<\/h2>\n<h2 style=\"text-align: center;\"><a href=\"http:\/\/noticias1440.com.ar\/wp-content\/uploads\/2025\/05\/Michel-Peyronel-QR-Fest-2025-Foto-Gabriel-Imparato-A003.jpg\"><img loading=\"lazy\" decoding=\"async\" class=\"wp-image-2122 aligncenter\" src=\"http:\/\/noticias1440.com.ar\/wp-content\/uploads\/2025\/05\/Michel-Peyronel-QR-Fest-2025-Foto-Gabriel-Imparato-A003-300x154.jpg\" alt=\"\" width=\"906\" height=\"465\" srcset=\"http:\/\/noticias1440.com.ar\/wp-content\/uploads\/2025\/05\/Michel-Peyronel-QR-Fest-2025-Foto-Gabriel-Imparato-A003-300x154.jpg 300w, http:\/\/noticias1440.com.ar\/wp-content\/uploads\/2025\/05\/Michel-Peyronel-QR-Fest-2025-Foto-Gabriel-Imparato-A003-1024x524.jpg 1024w, http:\/\/noticias1440.com.ar\/wp-content\/uploads\/2025\/05\/Michel-Peyronel-QR-Fest-2025-Foto-Gabriel-Imparato-A003-768x393.jpg 768w, http:\/\/noticias1440.com.ar\/wp-content\/uploads\/2025\/05\/Michel-Peyronel-QR-Fest-2025-Foto-Gabriel-Imparato-A003.jpg 1194w\" sizes=\"auto, (max-width: 906px) 100vw, 906px\" \/><\/a><\/h2>\n<h2 style=\"text-align: center;\"><strong>En pocos d\u00edas van a actuar en el Club \u201cLucille\u201d. \u00bfC\u00f3mo es el presente del grupo?<\/strong><\/h2>\n<h2 style=\"text-align: center;\"><strong>Michel Peyronel:<\/strong> Estamos bien, satisfechos con las cosas que fueron ocurriendo. En el show que vamos a hacer en \u201cLucille\u201d el viernes 16 de mayo a las 20:00 horas, vamos a hacer un tributo a \u201cRiff\u201d pero m\u00e1s completo que lo ocurrido en el \u201cQuilmes Rock\u201d, vamos a tocar m\u00e1s temas y tambi\u00e9n va a estar el \u201cjoven\u201d Boff (risas), as\u00ed que va a estar el 50 por ciento de \u201cRiff\u201d tocando en el escenario.<\/h2>\n<h2 style=\"text-align: center;\"><\/h2>\n<h2 style=\"text-align: center;\"><strong>\u00bfTe genera algo especial la chance de cantar en vivo acompa\u00f1ado de tu hijo Jean Jacques?<\/strong><\/h2>\n<h2 style=\"text-align: center;\"><strong>Michel Peyronel:<\/strong> S\u00ed, me emociona y divierte, siempre la pasamos b\u00e1rbaro, adem\u00e1s \u00e9sta es una banda de \u201cmilenialls\u201d que tiene una polenta b\u00e1rbara, terrible, y ah\u00ed lo ten\u00e9s, el rock lo llevan adentro, por m\u00e1s que el baterista toca vestido como un personaje muy conocido, ah\u00ed los ten\u00e9s, no pueden evitar de venir con nosotros en todo lo que hacemos.<\/h2>\n<p><a href=\"http:\/\/noticias1440.com.ar\/wp-content\/uploads\/2025\/05\/Michel-Peyronel-Foto-Prensa-Michel-Peyronel-YLH-A001.jpg\"><img loading=\"lazy\" decoding=\"async\" class=\"wp-image-2119 aligncenter\" src=\"http:\/\/noticias1440.com.ar\/wp-content\/uploads\/2025\/05\/Michel-Peyronel-Foto-Prensa-Michel-Peyronel-YLH-A001-300x150.jpg\" alt=\"\" width=\"904\" height=\"452\" srcset=\"http:\/\/noticias1440.com.ar\/wp-content\/uploads\/2025\/05\/Michel-Peyronel-Foto-Prensa-Michel-Peyronel-YLH-A001-300x150.jpg 300w, http:\/\/noticias1440.com.ar\/wp-content\/uploads\/2025\/05\/Michel-Peyronel-Foto-Prensa-Michel-Peyronel-YLH-A001-1024x512.jpg 1024w, http:\/\/noticias1440.com.ar\/wp-content\/uploads\/2025\/05\/Michel-Peyronel-Foto-Prensa-Michel-Peyronel-YLH-A001-768x384.jpg 768w, http:\/\/noticias1440.com.ar\/wp-content\/uploads\/2025\/05\/Michel-Peyronel-Foto-Prensa-Michel-Peyronel-YLH-A001.jpg 1199w\" sizes=\"auto, (max-width: 904px) 100vw, 904px\" \/><\/a><\/p>\n<h2 style=\"text-align: center;\"><\/h2>\n<h2 style=\"text-align: center;\"><strong>\u00bfAdvert\u00eds el peso hist\u00f3rico que adquirieron las canciones que interpretan en vivo?\u00a0<\/strong><\/h2>\n<h2 style=\"text-align: center;\"><strong>Michel Peyronel:<\/strong> No s\u00e9 si el repertorio de \u201cRiff\u201d que hacemos en los shows tiene un peso hist\u00f3rico, no lo s\u00e9, hist\u00f3rico suena como el pasado. En realidad lo que compruebo es que todas estas canciones permanecen vigentes, yo tiro para adelante, es lo m\u00e1s importante que puedo hacer en este proyecto que llevamos a cabo.<\/h2>\n<h2 style=\"text-align: center;\"><\/h2>\n<h2 style=\"text-align: center;\"><strong>El martes 25 de Febrero se cumplieron dos d\u00e9cadas de la inesperada muerte de Pappo traslad\u00e1ndose en moto por Luj\u00e1n.\u00a0 \u00bfC\u00f3mo lo record\u00e1s a veinte a\u00f1os de su partida f\u00edsica?<\/strong><\/h2>\n<h2 style=\"text-align: center;\"><strong>Michel Peyronel:<\/strong> Bien, con mucho agradecimiento y afecto. Con Pappo escrib\u00edamos muchas cosas juntos, la gran mayor\u00eda de las canciones las escribimos juntos. Norberto ten\u00eda mucha onda conmigo, que se yo, no exagerar\u00eda de asemejarnos a la dupla que integran Elton John y Bernie Taupin, viste?. Por ejemplo yo me siento muy af\u00edn a Bernie (Taupin) y con las canciones que escrib\u00eda, que es un crack, toda esa clase de cosas me importan mucho. A \u00e9l (por Pappo) mi labor le importaba mucho, Norberto lo valoraba mucho, no pod\u00eda hacer eso que hago yo. A \u00e9l le encantaba como lo hac\u00eda, verdaderamente le encantaba eso, de la misma forma que yo tampoco pod\u00eda hacer todo lo que Pappo hac\u00eda\u00a0 en el grupo. Lo que s\u00e9 es que entre los dos hicimos temas que quedaron \u201cmortales\u201d&#8230;<\/h2>\n<p>&nbsp;<\/p>\n<h2><em><strong><span style=\"color: #000080;\">Fotos \u00abMichel Peyronel y Los Humanoides\u00bb (Lateral Derecho y Fondo) :<\/span> <span style=\"color: #ff0000;\">Prensa Quilmes Rock 2025 (TyT Group &#8211; PopArt Music &#8211; Prensa Diego Perri)<\/span> <span style=\"color: #ff00ff;\">\/\/<\/span> <span style=\"color: #0000ff;\">Fotos \u00abMichel Peyronel y Los Humanoides\u00bb (Lateral Izquierdo):<\/span> <span style=\"color: #800080;\">Gabriel Imparato &#8211; Noticias 1440<\/span>\u00a0<span style=\"color: #ff00ff;\">\/\/<\/span> <span style=\"color: #008000;\">Foto Difusi\u00f3n \u00abMichel Peyronel y Los Humanoides\u00bb:<\/span> <span style=\"color: #ff0000;\">Jorge Gavil\u00e1n<\/span> \/\/ <span style=\"color: #000080;\">Asistencia Operativa Historial Noticioso:<\/span> <span style=\"color: #800080;\">Fabi\u00e1n Loyato.<\/span><\/strong><\/em><\/h2>\n<p>&nbsp;<\/p>\n<p>&nbsp;<\/p>\n","protected":false},"excerpt":{"rendered":"<p>Acompa\u00f1ado por \u201cLos Humanoides\u201d y la presencia estelar como invitado del guitarrista \u00a0H\u00e9ctor \u201cBoff\u201d Serafine, el baterista del hist\u00f3rico grupo de rock and roll actuar\u00e1 este viernes en el local \u201cLucille\u201d a las 20:00 horas, esperado concierto con localidades totalmente agotadas.<\/p>\n","protected":false},"author":1,"featured_media":2125,"comment_status":"closed","ping_status":"open","sticky":false,"template":"","format":"standard","meta":{"footnotes":""},"categories":[3,4],"tags":[],"class_list":["post-2116","post","type-post","status-publish","format-standard","has-post-thumbnail","hentry","category-actualidad","category-entrevistas"],"_links":{"self":[{"href":"http:\/\/noticias1440.com.ar\/index.php?rest_route=\/wp\/v2\/posts\/2116","targetHints":{"allow":["GET"]}}],"collection":[{"href":"http:\/\/noticias1440.com.ar\/index.php?rest_route=\/wp\/v2\/posts"}],"about":[{"href":"http:\/\/noticias1440.com.ar\/index.php?rest_route=\/wp\/v2\/types\/post"}],"author":[{"embeddable":true,"href":"http:\/\/noticias1440.com.ar\/index.php?rest_route=\/wp\/v2\/users\/1"}],"replies":[{"embeddable":true,"href":"http:\/\/noticias1440.com.ar\/index.php?rest_route=%2Fwp%2Fv2%2Fcomments&post=2116"}],"version-history":[{"count":12,"href":"http:\/\/noticias1440.com.ar\/index.php?rest_route=\/wp\/v2\/posts\/2116\/revisions"}],"predecessor-version":[{"id":2161,"href":"http:\/\/noticias1440.com.ar\/index.php?rest_route=\/wp\/v2\/posts\/2116\/revisions\/2161"}],"wp:featuredmedia":[{"embeddable":true,"href":"http:\/\/noticias1440.com.ar\/index.php?rest_route=\/wp\/v2\/media\/2125"}],"wp:attachment":[{"href":"http:\/\/noticias1440.com.ar\/index.php?rest_route=%2Fwp%2Fv2%2Fmedia&parent=2116"}],"wp:term":[{"taxonomy":"category","embeddable":true,"href":"http:\/\/noticias1440.com.ar\/index.php?rest_route=%2Fwp%2Fv2%2Fcategories&post=2116"},{"taxonomy":"post_tag","embeddable":true,"href":"http:\/\/noticias1440.com.ar\/index.php?rest_route=%2Fwp%2Fv2%2Ftags&post=2116"}],"curies":[{"name":"wp","href":"https:\/\/api.w.org\/{rel}","templated":true}]}}