{"id":2040,"date":"2025-04-14T03:35:00","date_gmt":"2025-04-14T03:35:00","guid":{"rendered":"https:\/\/noticias1440.com.ar\/?p=2040"},"modified":"2025-04-30T03:35:17","modified_gmt":"2025-04-30T03:35:17","slug":"quilmes-rock-2025-dias-3-y-4-a-veces-los-grandes-momentos-no-suceden-en-los-escenarios-principales","status":"publish","type":"post","link":"http:\/\/noticias1440.com.ar\/?p=2040","title":{"rendered":"\u201cQuilmes Rock 2025 \u2013 D\u00edas 3 y 4\u201d : A veces los grandes momentos no suceden en los escenarios principales"},"content":{"rendered":"<h2 style=\"text-align: center;\">Los protagonistas centrales del las \u00faltimas jornadas no aprovecharon a pleno tener toda la audiencia reunida frente a ellos, sobresaliendo aquellos recitales en proscenios de menor dimensi\u00f3n e infraestructura.<\/h2>\n<p><!--more--><\/p>\n<h2 style=\"text-align: center;\"><a href=\"http:\/\/noticias1440.com.ar\/wp-content\/uploads\/2025\/04\/Quilmes-Week-Dos-Foto-A006.jpg\"><img loading=\"lazy\" decoding=\"async\" class=\"wp-image-2049 aligncenter\" src=\"http:\/\/noticias1440.com.ar\/wp-content\/uploads\/2025\/04\/Quilmes-Week-Dos-Foto-A006-300x166.jpg\" alt=\"\" width=\"904\" height=\"500\" srcset=\"http:\/\/noticias1440.com.ar\/wp-content\/uploads\/2025\/04\/Quilmes-Week-Dos-Foto-A006-300x166.jpg 300w, http:\/\/noticias1440.com.ar\/wp-content\/uploads\/2025\/04\/Quilmes-Week-Dos-Foto-A006-1024x567.jpg 1024w, http:\/\/noticias1440.com.ar\/wp-content\/uploads\/2025\/04\/Quilmes-Week-Dos-Foto-A006-768x425.jpg 768w, http:\/\/noticias1440.com.ar\/wp-content\/uploads\/2025\/04\/Quilmes-Week-Dos-Foto-A006.jpg 1118w\" sizes=\"auto, (max-width: 904px) 100vw, 904px\" \/><\/a><\/h2>\n<p>&nbsp;<\/p>\n<p><a href=\"http:\/\/noticias1440.com.ar\/wp-content\/uploads\/2025\/04\/NOMBRE-PARA-SITIO-WEB-3.jpg\"><img loading=\"lazy\" decoding=\"async\" class=\"alignnone size-medium wp-image-2052\" src=\"http:\/\/noticias1440.com.ar\/wp-content\/uploads\/2025\/04\/NOMBRE-PARA-SITIO-WEB-3-300x61.jpg\" alt=\"\" width=\"300\" height=\"61\" srcset=\"http:\/\/noticias1440.com.ar\/wp-content\/uploads\/2025\/04\/NOMBRE-PARA-SITIO-WEB-3-300x61.jpg 300w, http:\/\/noticias1440.com.ar\/wp-content\/uploads\/2025\/04\/NOMBRE-PARA-SITIO-WEB-3.jpg 359w\" sizes=\"auto, (max-width: 300px) 100vw, 300px\" \/><\/a><\/p>\n<p>&nbsp;<\/p>\n<h2 style=\"text-align: center;\"><strong>(Capital Federal \u2013 Lunes 14 de Abril de 2025)<\/strong> Con una notable asistencia de p\u00fablico a las dos jornadas de cierre, la edici\u00f3n 2025 del festival \u201cQuilmes Rock\u201d dej\u00f3 en claro que este gran evento realizado en Tecn\u00f3polis no solo es la mejor muestra de m\u00fasica local que tiene Argentina, sino tambi\u00e9n la clara ratificaci\u00f3n que se puede concretar un mega-evento en la frontera entre el \u00e1mbito porte\u00f1o y el territorio bonaerense, generando no solo una valiosa convocatoria para un caleidoscopio sonoro como este, sino adem\u00e1s mostrar un excelente nivel de organizaci\u00f3n en un evento masivo a diferencia de otras presentaciones existentes en el pa\u00eds sin la precisi\u00f3n y jerarqu\u00eda del observado en el predio de Villa Martelli. Dentro del panorama expuesto en las jornadas 3 y 4 del \u201cQR 2025\u201d, sorprendi\u00f3 sin\u00a0 embargo que un bloque de int\u00e9rpretes que dispusieron de los dos escenarios m\u00e1s destacados, no hayan podido aprovechar al m\u00e1ximo la chance de tocar delante de una multitud, con lo que eso significa y tambi\u00e9n entendiendo a este evento como un recital propio y n\u00f3 una actuaci\u00f3n dentro de una muestra mayor de presentaciones.<\/h2>\n<p>&nbsp;<\/p>\n<h2 style=\"text-align: center;\"><a href=\"http:\/\/noticias1440.com.ar\/wp-content\/uploads\/2025\/04\/Quilmes-Week-Dos-Foto-A002.jpg\"><img loading=\"lazy\" decoding=\"async\" class=\"wp-image-2045 aligncenter\" src=\"http:\/\/noticias1440.com.ar\/wp-content\/uploads\/2025\/04\/Quilmes-Week-Dos-Foto-A002-300x166.jpg\" alt=\"\" width=\"904\" height=\"500\" srcset=\"http:\/\/noticias1440.com.ar\/wp-content\/uploads\/2025\/04\/Quilmes-Week-Dos-Foto-A002-300x166.jpg 300w, http:\/\/noticias1440.com.ar\/wp-content\/uploads\/2025\/04\/Quilmes-Week-Dos-Foto-A002-1024x566.jpg 1024w, http:\/\/noticias1440.com.ar\/wp-content\/uploads\/2025\/04\/Quilmes-Week-Dos-Foto-A002-768x424.jpg 768w, http:\/\/noticias1440.com.ar\/wp-content\/uploads\/2025\/04\/Quilmes-Week-Dos-Foto-A002.jpg 1113w\" sizes=\"auto, (max-width: 904px) 100vw, 904px\" \/><\/a><\/h2>\n<p>&nbsp;<\/p>\n<h2 style=\"text-align: center;\">Por suerte muchos integrantes del gran muestrario musical entendieron ese concepto y en las jornadas 3 y 4 ofrecieron conciertos que le aportaron no solo calidad al evento, sino la apropiada dosis de entretenimiento que estas realizaciones ameritan. Algunos tuvieron la chance de mostrar sus realidades art\u00edsticas en los dos escenarios principales y otros en los dem\u00e1s proscenios operativos. Los Aut\u00e9nticos Decadentes dejaron en claro que generar una fiesta en un espacio amplio les resulta sencillo, con un concierto pleno de matices con simpat\u00eda y mucha sincronizaci\u00f3n interpretativa. Rata Blanca expuso su gran permanencia rockera con un repertorio acorde a sus pergaminos, fiesta rockera donde Walter Giardino\u00a0 expuso sus mejores solos en un anochecer lleno de voltaje y grandes hits. Virus, tocando en plena tarde en uno de los stages m\u00e1s amplios del festival, cumpli\u00f3 con lo necesario en esa tercera jornada, pero la inesperada ausencia de Julio Moura en la guitarra l\u00edder fue un golpe duro de sobrellevar, m\u00e1s all\u00e1 del correcto desempe\u00f1o de sus compa\u00f1eros.<\/h2>\n<h2 style=\"text-align: center;\"><a href=\"http:\/\/noticias1440.com.ar\/wp-content\/uploads\/2025\/04\/Quilmes-Week-Dos-Foto-A008.jpg\"><img loading=\"lazy\" decoding=\"async\" class=\"wp-image-2051 aligncenter\" src=\"http:\/\/noticias1440.com.ar\/wp-content\/uploads\/2025\/04\/Quilmes-Week-Dos-Foto-A008-300x166.jpg\" alt=\"\" width=\"904\" height=\"500\" srcset=\"http:\/\/noticias1440.com.ar\/wp-content\/uploads\/2025\/04\/Quilmes-Week-Dos-Foto-A008-300x166.jpg 300w, http:\/\/noticias1440.com.ar\/wp-content\/uploads\/2025\/04\/Quilmes-Week-Dos-Foto-A008-1024x568.jpg 1024w, http:\/\/noticias1440.com.ar\/wp-content\/uploads\/2025\/04\/Quilmes-Week-Dos-Foto-A008-768x426.jpg 768w\" sizes=\"auto, (max-width: 904px) 100vw, 904px\" \/><\/a><\/h2>\n<h2 style=\"text-align: center;\">Richard Coleman, un brillante solista que debi\u00f3 mudar su concierto al plaf\u00f3n intermedio \u201cPopArt\u201d, luego que \u201c2 Minutos\u201d suspendi\u00f3 su recital por la enfermedad de su cantante, no titube\u00f3 en mixear varios de sus cl\u00e1sicos con material reciente, exhibiendo una notable madurez como guitarrista y cantante. Su lista arranc\u00f3 con un cl\u00e1sico de \u201cFricci\u00f3n\u201d como la incomparable \u201cPara terminar\u201d, tras lo cual repas\u00f3 su orbitar solista con \u201cTurbio elixir\u201d y \u201cCorre la voz\u201d, permiti\u00e9ndose mostrar obras bastante m\u00e1s recientes como \u201cComo antes\u201d y \u201cAra\u00f1as beb\u00e9\u201d. Coleman y el Transiberian Express interpretaron luego del genial disco \u201cF.A.C.I.L.\u201d ese notable track \u201cD\u00edas futuros\u201d, para cerrar esta bella mini-fiesta rockera acompa\u00f1ados de Flopa en coros encarando \u201cIncandescente\u201d y \u201cH\u00e9roes\u00bb, que el propio David Bowie elogi\u00f3 en su momento en las redes. Este gran recital cerr\u00f3 por suerte como todos esperaban, con el destacado recuerdo de Richard para Gustavo Cerati, proponiendo en la \u00faltima pieza en vivo la contundente \u201cToma la ruta\u201d, esa deslumbrante canci\u00f3n del disco \u201cDynamo\u201d de Soda St\u00e9reo. Sin dudas fue uno de los grandes momentos que dej\u00f3 la tercera fecha.<\/h2>\n<h2 style=\"text-align: center;\"><a href=\"http:\/\/noticias1440.com.ar\/wp-content\/uploads\/2025\/04\/Quilmes-Week-Dos-Foto-A004.jpg\"><img loading=\"lazy\" decoding=\"async\" class=\"wp-image-2047 aligncenter\" src=\"http:\/\/noticias1440.com.ar\/wp-content\/uploads\/2025\/04\/Quilmes-Week-Dos-Foto-A004-300x150.jpg\" alt=\"\" width=\"904\" height=\"452\" srcset=\"http:\/\/noticias1440.com.ar\/wp-content\/uploads\/2025\/04\/Quilmes-Week-Dos-Foto-A004-300x150.jpg 300w, http:\/\/noticias1440.com.ar\/wp-content\/uploads\/2025\/04\/Quilmes-Week-Dos-Foto-A004-1024x513.jpg 1024w, http:\/\/noticias1440.com.ar\/wp-content\/uploads\/2025\/04\/Quilmes-Week-Dos-Foto-A004-768x385.jpg 768w, http:\/\/noticias1440.com.ar\/wp-content\/uploads\/2025\/04\/Quilmes-Week-Dos-Foto-A004.jpg 1199w\" sizes=\"auto, (max-width: 904px) 100vw, 904px\" \/><\/a><\/h2>\n<h2><\/h2>\n<h2 style=\"text-align: center;\">La tercera jornada realizada el s\u00e1bado 12 en Villa Martelli depar\u00f3 atractivas actuaciones en diversos escenarios y quienes se las ingeniaron para sobresalir en \u00e1mbitos de menor espacio f\u00edsico fueron Benito Cerati, La Portuaria y Gustavo Cordera, que actuaron en el \u201cEscenario Enigma\u201d, conciertos con buenos repertorios, much\u00edsimo p\u00fablico y con gente muy entusiasmada por escucharlos. En los escenarios cercanos tambi\u00e9n hubo interesantes recitales, tal como sucedi\u00f3 con Eruca Sativa, Los Pericos, La Beriso y Dancing Mood, en un contexto de shows entre los stages \u201cGeiser\u201d y \u201cPopArt\u201d.<\/h2>\n<p>&nbsp;<\/p>\n<h2><a href=\"http:\/\/noticias1440.com.ar\/wp-content\/uploads\/2025\/04\/Quilmes-Week-Dos-Foto-A005.jpg\"><img loading=\"lazy\" decoding=\"async\" class=\"wp-image-2048 aligncenter\" src=\"http:\/\/noticias1440.com.ar\/wp-content\/uploads\/2025\/04\/Quilmes-Week-Dos-Foto-A005-300x150.jpg\" alt=\"\" width=\"904\" height=\"452\" srcset=\"http:\/\/noticias1440.com.ar\/wp-content\/uploads\/2025\/04\/Quilmes-Week-Dos-Foto-A005-300x150.jpg 300w, http:\/\/noticias1440.com.ar\/wp-content\/uploads\/2025\/04\/Quilmes-Week-Dos-Foto-A005-1024x513.jpg 1024w, http:\/\/noticias1440.com.ar\/wp-content\/uploads\/2025\/04\/Quilmes-Week-Dos-Foto-A005-768x385.jpg 768w, http:\/\/noticias1440.com.ar\/wp-content\/uploads\/2025\/04\/Quilmes-Week-Dos-Foto-A005.jpg 1196w\" sizes=\"auto, (max-width: 904px) 100vw, 904px\" \/><\/a><\/h2>\n<h2 style=\"text-align: center;\">La gran sorpresa del tercer d\u00eda en Tecn\u00f3polis fue \u201cMeme del Real\u201d, legendario integrante de Caf\u00e9 Tacuba que puso esa cuota de continentalismo que la muestra sonora requer\u00eda. Mientras su grupo atraviesa una etapa de descanso programado, el valioso tecladista de la banda mexicana brind\u00f3 un concierto de gran jerarqu\u00eda, sorprendiendo a los espectadores en el escenario \u201cQuilmes\u201d en la tarde del s\u00e1bado. Tal vez con una lista mucho menos festivalera y m\u00e1s pensada para un concierto propio, el legendario grupo Babas\u00f3nicos despleg\u00f3 una cuidada performance, pero los climas que ese listado gener\u00f3 le restaron algo de ritmo y eficaz contundencia a esta prestigiosa formaci\u00f3n del viejo milenio.<\/h2>\n<p>&nbsp;<\/p>\n<p><a href=\"http:\/\/noticias1440.com.ar\/wp-content\/uploads\/2025\/04\/Quilmes-Week-Dos-Foto-A007.jpg\"><img loading=\"lazy\" decoding=\"async\" class=\"wp-image-2050 aligncenter\" src=\"http:\/\/noticias1440.com.ar\/wp-content\/uploads\/2025\/04\/Quilmes-Week-Dos-Foto-A007-300x166.jpg\" alt=\"\" width=\"907\" height=\"502\" srcset=\"http:\/\/noticias1440.com.ar\/wp-content\/uploads\/2025\/04\/Quilmes-Week-Dos-Foto-A007-300x166.jpg 300w, http:\/\/noticias1440.com.ar\/wp-content\/uploads\/2025\/04\/Quilmes-Week-Dos-Foto-A007-1024x568.jpg 1024w, http:\/\/noticias1440.com.ar\/wp-content\/uploads\/2025\/04\/Quilmes-Week-Dos-Foto-A007-768x426.jpg 768w, http:\/\/noticias1440.com.ar\/wp-content\/uploads\/2025\/04\/Quilmes-Week-Dos-Foto-A007.jpg 1115w\" sizes=\"auto, (max-width: 907px) 100vw, 907px\" \/><\/a><\/p>\n<h2 style=\"text-align: center;\"><\/h2>\n<h2 style=\"text-align: center;\">Si bien ayer domingo la banda \u201cLos Piojos\u201d concitaba muy mayoritariamente la atenci\u00f3n y convocatoria del festival, no es menor que otros artistas a\u00fan en desventaja de audiencia propia se las ingeniaron para seducir al p\u00fablico del principal espect\u00e1culo programado en el play\u00f3n principal. Antes de la banda comandada por Ciro Mart\u00ednez, en los escenarios centrales estuvieron Massacre y Kapanga, que ofrecieron buenos shows a la altura de sus antecedentes, entendiendo muy bien que era el momento de divertir y tocar temas para una situaci\u00f3n de estas caracter\u00edsticas. En el escenario \u201cGeiser\u201d al anochecer, La Mancha de Rolando hizo usufructo de sus inoxidables hits, calentando una jornada rockera que iba subiendo en palpitaciones a medida que se acercaba el n\u00famero m\u00e1s convocante del cierre en Villa Martelli. Otro que sobresali\u00f3 en esas plataformas de menor porte fue \u201cPier\u201d, que sostenido en sus canciones m\u00e1s emblem\u00e1ticas, mantuvo muy arriba las pulsaciones de los que pod\u00edan entretenerse con los dem\u00e1s participantes del cuarto y \u00faltimo d\u00eda.<\/h2>\n<p>&nbsp;<\/p>\n<p><a href=\"http:\/\/noticias1440.com.ar\/wp-content\/uploads\/2025\/04\/Quilmes-Week-Dos-Foto-A001.jpg\"><img loading=\"lazy\" decoding=\"async\" class=\"wp-image-2044 aligncenter\" src=\"http:\/\/noticias1440.com.ar\/wp-content\/uploads\/2025\/04\/Quilmes-Week-Dos-Foto-A001-300x152.jpg\" alt=\"\" width=\"904\" height=\"458\" srcset=\"http:\/\/noticias1440.com.ar\/wp-content\/uploads\/2025\/04\/Quilmes-Week-Dos-Foto-A001-300x152.jpg 300w, http:\/\/noticias1440.com.ar\/wp-content\/uploads\/2025\/04\/Quilmes-Week-Dos-Foto-A001-1024x519.jpg 1024w, http:\/\/noticias1440.com.ar\/wp-content\/uploads\/2025\/04\/Quilmes-Week-Dos-Foto-A001-768x390.jpg 768w, http:\/\/noticias1440.com.ar\/wp-content\/uploads\/2025\/04\/Quilmes-Week-Dos-Foto-A001.jpg 1179w\" sizes=\"auto, (max-width: 904px) 100vw, 904px\" \/><\/a><\/p>\n<h2 style=\"text-align: center;\"><\/h2>\n<h2><\/h2>\n<h2 style=\"text-align: center;\">Dos conciertos generaron momentos sencillamente inolvidables: por un lado el recital de \u201cMichel y Los Humanoides \u2013 Tributo a Riff\u201d en el escenario \u201cGeiser\u201d, recital que cuando se puso en marcha solo ten\u00eda 60 espectadores delante del escenario, pero bast\u00f3 que estos m\u00fasicos tocaran los temas de aquella recordada banda de hard rock de los \u201880s, para que las personas que estaba en otros lugares saliesen enloquecidas corriendo veloz hacia ese \u00a0proscenio, situaci\u00f3n que depar\u00f3 que al terminar ese magn\u00edfico show la banda liderada por Michel Peyronel cerrara su presentaci\u00f3n delante de casi 2000 espectadores, coreando el nombre de \u201cPappo\u201d como mantra al final de ese atractivo concierto.<\/h2>\n<p>&nbsp;<\/p>\n<h2><a href=\"http:\/\/noticias1440.com.ar\/wp-content\/uploads\/2025\/04\/Quilmes-Week-Dos-Foto-A003.jpg\"><img loading=\"lazy\" decoding=\"async\" class=\"wp-image-2046 aligncenter\" src=\"http:\/\/noticias1440.com.ar\/wp-content\/uploads\/2025\/04\/Quilmes-Week-Dos-Foto-A003-300x151.jpg\" alt=\"\" width=\"908\" height=\"457\" srcset=\"http:\/\/noticias1440.com.ar\/wp-content\/uploads\/2025\/04\/Quilmes-Week-Dos-Foto-A003-300x151.jpg 300w, http:\/\/noticias1440.com.ar\/wp-content\/uploads\/2025\/04\/Quilmes-Week-Dos-Foto-A003-1024x514.jpg 1024w, http:\/\/noticias1440.com.ar\/wp-content\/uploads\/2025\/04\/Quilmes-Week-Dos-Foto-A003.jpg 1194w\" sizes=\"auto, (max-width: 908px) 100vw, 908px\" \/><\/a><\/h2>\n<h2><\/h2>\n<h2 style=\"text-align: center;\">Dentro del escenario \u201cEnigma\u201d y muy cerca de las 21 horas, despu\u00e9s de un muy desprolijo espect\u00e1culo de los Tabaleros, Miguel Zavaleta dudaba en arrancar el concierto de \u201cSueter\u201d con apenas 130 personas en ese lugar, pero lejos de ir a \u201clo menos de lo menos\u201d como dir\u00eda su ic\u00f3nico l\u00edder, la hist\u00f3rica y genial banda de rockpop ochentoso sali\u00f3 a escena como si estuviesen esper\u00e1ndolos 50 mil fans enloquecidos. Much\u00edsimos que no simpatizaban con estar en la presentaci\u00f3n del n\u00famero central rockero del domingo, lentamente se fueron acercando al encantador espect\u00e1culo con cl\u00e1sicos como \u201cV\u00eda M\u00e9xico\u201d, \u201cAmanece en el ruta\u201d o \u201cMam\u00e1 planchame la camisa\u201d, momento donde la banda guiada por el notable tecladista entr\u00f3 en clima, para ofrecer de manera muy convincente su concierto sin la presi\u00f3n del n\u00famero de asistentes, proporcionando sin dudas en el balance uno de los conciertos de mejor calidad musical en el cierre del \u201cQuilmes Rock 2025\u201d.<\/h2>\n<p>&nbsp;<\/p>\n<h2><em><strong><span style=\"color: #000080;\">Fotos \u00abQuilmes Rock 2025\u00bb &#8211; D\u00edas 3 y 4 :<\/span> <span style=\"color: #ff0000;\">Prensa PopArt \/\/ TyT Group \/\/ Diego Perri<\/span><\/strong><\/em><\/h2>\n","protected":false},"excerpt":{"rendered":"<p>Los protagonistas centrales del las \u00faltimas jornadas no aprovecharon a pleno tener toda la audiencia reunida frente a ellos, sobresaliendo aquellos recitales en proscenios de menor dimensi\u00f3n e infraestructura.<\/p>\n","protected":false},"author":1,"featured_media":2045,"comment_status":"closed","ping_status":"open","sticky":false,"template":"","format":"standard","meta":{"footnotes":""},"categories":[3,7],"tags":[],"class_list":["post-2040","post","type-post","status-publish","format-standard","has-post-thumbnail","hentry","category-actualidad","category-shows"],"_links":{"self":[{"href":"http:\/\/noticias1440.com.ar\/index.php?rest_route=\/wp\/v2\/posts\/2040","targetHints":{"allow":["GET"]}}],"collection":[{"href":"http:\/\/noticias1440.com.ar\/index.php?rest_route=\/wp\/v2\/posts"}],"about":[{"href":"http:\/\/noticias1440.com.ar\/index.php?rest_route=\/wp\/v2\/types\/post"}],"author":[{"embeddable":true,"href":"http:\/\/noticias1440.com.ar\/index.php?rest_route=\/wp\/v2\/users\/1"}],"replies":[{"embeddable":true,"href":"http:\/\/noticias1440.com.ar\/index.php?rest_route=%2Fwp%2Fv2%2Fcomments&post=2040"}],"version-history":[{"count":3,"href":"http:\/\/noticias1440.com.ar\/index.php?rest_route=\/wp\/v2\/posts\/2040\/revisions"}],"predecessor-version":[{"id":2053,"href":"http:\/\/noticias1440.com.ar\/index.php?rest_route=\/wp\/v2\/posts\/2040\/revisions\/2053"}],"wp:featuredmedia":[{"embeddable":true,"href":"http:\/\/noticias1440.com.ar\/index.php?rest_route=\/wp\/v2\/media\/2045"}],"wp:attachment":[{"href":"http:\/\/noticias1440.com.ar\/index.php?rest_route=%2Fwp%2Fv2%2Fmedia&parent=2040"}],"wp:term":[{"taxonomy":"category","embeddable":true,"href":"http:\/\/noticias1440.com.ar\/index.php?rest_route=%2Fwp%2Fv2%2Fcategories&post=2040"},{"taxonomy":"post_tag","embeddable":true,"href":"http:\/\/noticias1440.com.ar\/index.php?rest_route=%2Fwp%2Fv2%2Ftags&post=2040"}],"curies":[{"name":"wp","href":"https:\/\/api.w.org\/{rel}","templated":true}]}}