{"id":2002,"date":"2025-04-19T18:16:45","date_gmt":"2025-04-19T18:16:45","guid":{"rendered":"https:\/\/noticias1440.com.ar\/?p=2002"},"modified":"2025-04-25T21:48:37","modified_gmt":"2025-04-25T21:48:37","slug":"joaquin-sabina-concluyo-su-magistral-saga-de-shows-despedida-en-argentina-un-adios-que-le-dice-hola-a-los-maravillosos-recuerdos-imborrables","status":"publish","type":"post","link":"http:\/\/noticias1440.com.ar\/?p=2002","title":{"rendered":"Joaqu\u00edn Sabina finaliz\u00f3 su magistral saga de shows despedida en Argentina. Un \u201cadi\u00f3s\u201d que le dice \u201chola\u201d a los maravillosos recuerdos imborrables"},"content":{"rendered":"<h2 style=\"text-align: center;\">El notable artista nacido en Ubeda cerr\u00f3 anoche en el Movistar Arena un gran historial de recitales en el pa\u00eds que comenz\u00f3 all\u00e1 por 1986, espect\u00e1culo retrospectivo donde se mostr\u00f3 en buena forma y pleno a sus 76 a\u00f1os, luego de varios hechos que afectaron su salud.<\/h2>\n<p><!--more--><\/p>\n<h2 style=\"text-align: center;\"><a href=\"http:\/\/noticias1440.com.ar\/wp-content\/uploads\/2025\/04\/Fotos-Sabina-Noble-Prensa-Jimena-Arce-A009.jpg\"><img loading=\"lazy\" decoding=\"async\" class=\"wp-image-2012 aligncenter\" src=\"http:\/\/noticias1440.com.ar\/wp-content\/uploads\/2025\/04\/Fotos-Sabina-Noble-Prensa-Jimena-Arce-A009-300x151.jpg\" alt=\"\" width=\"906\" height=\"456\" srcset=\"http:\/\/noticias1440.com.ar\/wp-content\/uploads\/2025\/04\/Fotos-Sabina-Noble-Prensa-Jimena-Arce-A009-300x151.jpg 300w, http:\/\/noticias1440.com.ar\/wp-content\/uploads\/2025\/04\/Fotos-Sabina-Noble-Prensa-Jimena-Arce-A009-1024x516.jpg 1024w, http:\/\/noticias1440.com.ar\/wp-content\/uploads\/2025\/04\/Fotos-Sabina-Noble-Prensa-Jimena-Arce-A009-768x387.jpg 768w, http:\/\/noticias1440.com.ar\/wp-content\/uploads\/2025\/04\/Fotos-Sabina-Noble-Prensa-Jimena-Arce-A009.jpg 1198w\" sizes=\"auto, (max-width: 906px) 100vw, 906px\" \/><\/a><\/h2>\n<p><a href=\"http:\/\/noticias1440.com.ar\/wp-content\/uploads\/2025\/04\/NOMBRE-PARA-SITIO-WEB-1.jpg\"><img loading=\"lazy\" decoding=\"async\" class=\"size-medium wp-image-2016 alignleft\" src=\"http:\/\/noticias1440.com.ar\/wp-content\/uploads\/2025\/04\/NOMBRE-PARA-SITIO-WEB-1-300x61.jpg\" alt=\"\" width=\"300\" height=\"61\" srcset=\"http:\/\/noticias1440.com.ar\/wp-content\/uploads\/2025\/04\/NOMBRE-PARA-SITIO-WEB-1-300x61.jpg 300w, http:\/\/noticias1440.com.ar\/wp-content\/uploads\/2025\/04\/NOMBRE-PARA-SITIO-WEB-1.jpg 359w\" sizes=\"auto, (max-width: 300px) 100vw, 300px\" \/><\/a><\/p>\n<h2><\/h2>\n<p>&nbsp;<\/p>\n<h2 style=\"text-align: center;\"><strong>(Capital Federal \u2013 S\u00e1bado 19 de Abril de 2025)<\/strong> Debe representar una poderosa tensi\u00f3n la circunstancia de concretar una gira despedida mundial de los escenarios, para quien los ha disfrutado con tanta pasi\u00f3n y felicidad a lo largo de los \u00faltimas cinco d\u00e9cadas, ostentando en cada noche su pasi\u00f3n por lo encarado y sudando sin especulaci\u00f3n, hasta la \u00faltima gota para que el p\u00fablico vuelva a casa totalmente extasiado por esa ofrenda en vivo. Joaqu\u00edn Sabina, genial juglar nacido en Ubeda hace 76 a\u00f1os que conquist\u00f3 el coraz\u00f3n de muchos argentinos a mediados de los ochenta con el m\u00edtico vinilo \u201cJS y Viceversa en directo\u201d, sin dudas debe haber transitado un momento inc\u00f3modo y muy molesto segundos antes de las 21 horas, cuando desde la producci\u00f3n le indicaron que todo estaba listo para concretar all\u00ed en el Movistar Arena el \u00faltimo recital de su vida en Argentina, un lugar que no solo le dio doble ciudadan\u00eda de inmediato, sino que muchas veces fue su principal hogar cuando all\u00e1 en Espa\u00f1a el fen\u00f3meno de los cantautores pareci\u00f3 vivir una etapa de crisis, ante la llegada de muchos vocalistas o grupos plastificados fruto de la ingenier\u00eda de marketing.<\/h2>\n<p><a href=\"http:\/\/noticias1440.com.ar\/wp-content\/uploads\/2025\/04\/Fotos-Sabina-Noble-Prensa-Jimena-Arce-A011.jpg\"><img loading=\"lazy\" decoding=\"async\" class=\"wp-image-2014 aligncenter\" src=\"http:\/\/noticias1440.com.ar\/wp-content\/uploads\/2025\/04\/Fotos-Sabina-Noble-Prensa-Jimena-Arce-A011-300x167.jpg\" alt=\"\" width=\"905\" height=\"504\" srcset=\"http:\/\/noticias1440.com.ar\/wp-content\/uploads\/2025\/04\/Fotos-Sabina-Noble-Prensa-Jimena-Arce-A011-300x167.jpg 300w, http:\/\/noticias1440.com.ar\/wp-content\/uploads\/2025\/04\/Fotos-Sabina-Noble-Prensa-Jimena-Arce-A011-1024x571.jpg 1024w, http:\/\/noticias1440.com.ar\/wp-content\/uploads\/2025\/04\/Fotos-Sabina-Noble-Prensa-Jimena-Arce-A011-768x428.jpg 768w, http:\/\/noticias1440.com.ar\/wp-content\/uploads\/2025\/04\/Fotos-Sabina-Noble-Prensa-Jimena-Arce-A011.jpg 1111w\" sizes=\"auto, (max-width: 905px) 100vw, 905px\" \/><\/a><\/p>\n<h2 style=\"text-align: center;\">Inteligente y cauto por dem\u00e1s, Joaqu\u00edn supo admitir la llegada del momento crucial para frenar definitivamente y no lastimarse todav\u00eda m\u00e1s con aquellas situaciones que atraves\u00f3 antes de la pandemia, momentos donde su organismo no solo le ofrend\u00f3 fuertes alarmas sino una serie de ultimatums corporales, corporizados en graves problemas neuronales,<br \/>\ncard\u00edacos y \u00f3seos, sin olvidar que el 12 de febrero de 2020, a pocas semanas de comenzar la pandemia de covid-19, el cantautor espa\u00f1ol cay\u00f3 del escenario del WiZink Center de Madrid casi dos metros al suelo, cuando presentaba junto a amigo y colega Joan Manuel Serrat la recordada tourn\u00e9e mundial \u201cNo hay dos sin tres\u201d. A cinco a\u00f1os de aquella noche donde se peg\u00f3 un palo de aquellos y volvi\u00f3 a comprometer su per\u00edmetro craneal, Joaqu\u00edn supo que los recursos f\u00edsicos no sobran y hay que hacer las cosas antes que la maquinaria corporal lo conmine a menos intensidad y m\u00e1s precauci\u00f3n. Por eso el a\u00f1o pasado en una decisi\u00f3n razonable, finalmente anunci\u00f3 la gira despedida de los proscenios mundiales que lleva el sencillo t\u00edtulo de \u201cHola y Adi\u00f3s\u201d. Mejor irse como corresponde y no dar l\u00e1stima o verg\u00fcenza ajena en el lugar art\u00edstico donde m\u00e1s ha disfrutado su adrenal\u00ednica vida.<\/h2>\n<p><a href=\"http:\/\/noticias1440.com.ar\/wp-content\/uploads\/2025\/04\/Fotos-Sabina-Noble-Prensa-Jimena-Arce-A007.jpg\"><img loading=\"lazy\" decoding=\"async\" class=\"wp-image-2010 aligncenter\" src=\"http:\/\/noticias1440.com.ar\/wp-content\/uploads\/2025\/04\/Fotos-Sabina-Noble-Prensa-Jimena-Arce-A007-300x166.jpg\" alt=\"\" width=\"904\" height=\"500\" srcset=\"http:\/\/noticias1440.com.ar\/wp-content\/uploads\/2025\/04\/Fotos-Sabina-Noble-Prensa-Jimena-Arce-A007-300x166.jpg 300w, http:\/\/noticias1440.com.ar\/wp-content\/uploads\/2025\/04\/Fotos-Sabina-Noble-Prensa-Jimena-Arce-A007-1024x566.jpg 1024w, http:\/\/noticias1440.com.ar\/wp-content\/uploads\/2025\/04\/Fotos-Sabina-Noble-Prensa-Jimena-Arce-A007-768x425.jpg 768w, http:\/\/noticias1440.com.ar\/wp-content\/uploads\/2025\/04\/Fotos-Sabina-Noble-Prensa-Jimena-Arce-A007.jpg 1114w\" sizes=\"auto, (max-width: 904px) 100vw, 904px\" \/><\/a><\/p>\n<h2 style=\"text-align: center;\">Esta \u00faltima gira que recorre pa\u00edses como Estados Unidos, Costa Rica, Colombia, Chile, Per\u00fa, Uruguay y nuestra naci\u00f3n, tuvo su fase de cierre americano ayer en Buenos Aires, traves\u00eda por distintos escenarios que arranc\u00f3 en febrero de este a\u00f1o y que lo encontrar\u00e1 el pr\u00f3ximo mi\u00e9rcoles 30 de noviembre a la noche en Madrid dando ese aut\u00e9ntico \u201cultimo concierto\u201d, es una prueba de resistencia para alguien que sabe que esta gran oportunidad de concluir cinco d\u00e9cadas tocando en los tablados, merece una conclusi\u00f3n respetuosa para no pasar papelones o terminar en un estado de afectaci\u00f3n casi cuadripl\u00e9jica como su gran amigo Charly Garc\u00eda por estos d\u00edas. El lunes 24 de marzo el talentoso m\u00fasico de Espa\u00f1a arranc\u00f3 esta secuencia de diez presentaciones en Buenos Aires, convocando casi 130 mil asistentes durante estas semanas de conciertos porte\u00f1os, un emotivo desenlace que anoche lo mostr\u00f3 en muy buen estado f\u00edsico a pesar de una garganta que como es bien sabido, parece haber sufrido g\u00e1rgaras de vidrio y enjuagues bucales con la sangre de \u201cAlien, el octavo pasajero\u201d.<\/h2>\n<p><a href=\"http:\/\/noticias1440.com.ar\/wp-content\/uploads\/2025\/04\/Fotos-Sabina-Noble-Prensa-Jimena-Arce-A008.jpg\"><img loading=\"lazy\" decoding=\"async\" class=\"wp-image-2011 aligncenter\" src=\"http:\/\/noticias1440.com.ar\/wp-content\/uploads\/2025\/04\/Fotos-Sabina-Noble-Prensa-Jimena-Arce-A008-300x166.jpg\" alt=\"\" width=\"904\" height=\"500\" srcset=\"http:\/\/noticias1440.com.ar\/wp-content\/uploads\/2025\/04\/Fotos-Sabina-Noble-Prensa-Jimena-Arce-A008-300x166.jpg 300w, http:\/\/noticias1440.com.ar\/wp-content\/uploads\/2025\/04\/Fotos-Sabina-Noble-Prensa-Jimena-Arce-A008-1024x568.jpg 1024w, http:\/\/noticias1440.com.ar\/wp-content\/uploads\/2025\/04\/Fotos-Sabina-Noble-Prensa-Jimena-Arce-A008-768x426.jpg 768w\" sizes=\"auto, (max-width: 904px) 100vw, 904px\" \/><\/a><\/p>\n<h2 style=\"text-align: center;\">Sabina, m\u00e1s all\u00e1 de lo impulsivas que han sido sus conductas en el cruce de milenios, se muestra hoy much\u00edsimo m\u00e1s precavido, lo cual sin dudas qued\u00f3 expuesto ayer al cotejar la telemetr\u00eda emocional de sus actos en lo que fue te\u00f3ricamente su despedida del pa\u00eds, en medio de escuetos e incomprobables rumores que hablan de un recital masivo durante la primavera sudamericana, antes de la \u00faltima noche en suelo madrile\u00f1o bastante cerca de las fiestas de fin de a\u00f1o. Feliz y con entusiasmo moderado, pero sin sobreactuar la cautela de un proceso de diez recitales que tambi\u00e9n contiene ciertas conductas automatizadas con la finalidad de cerrar el \u00faltimo cap\u00edtulo de una manera impecable, no permiti\u00f3 que haya lugar para que la secuencia de shows fuera un burocr\u00e1tico tr\u00e1mite oficinesco con bostezos o malhumor, ante la obvia rigurosidad de tener que tocar un repertorio predeterminado y no poder cambiarlo por ninguna raz\u00f3n. En ese sentido, el anfitri\u00f3n mantiene controlado el seteo de situaciones, mientras por dentro mastica cierta melancol\u00eda por aquellas veladas en las que sus listas de temas volaba por los aires y el gran factor incierto se convert\u00eda en demoledor protagonista.<\/h2>\n<p><a href=\"http:\/\/noticias1440.com.ar\/wp-content\/uploads\/2025\/04\/Fotos-Sabina-Noble-Prensa-Jimena-Arce-A001.jpg\"><img loading=\"lazy\" decoding=\"async\" class=\"wp-image-2004 aligncenter\" src=\"http:\/\/noticias1440.com.ar\/wp-content\/uploads\/2025\/04\/Fotos-Sabina-Noble-Prensa-Jimena-Arce-A001-300x151.jpg\" alt=\"\" width=\"900\" height=\"453\" srcset=\"http:\/\/noticias1440.com.ar\/wp-content\/uploads\/2025\/04\/Fotos-Sabina-Noble-Prensa-Jimena-Arce-A001-300x151.jpg 300w, http:\/\/noticias1440.com.ar\/wp-content\/uploads\/2025\/04\/Fotos-Sabina-Noble-Prensa-Jimena-Arce-A001-1024x514.jpg 1024w, http:\/\/noticias1440.com.ar\/wp-content\/uploads\/2025\/04\/Fotos-Sabina-Noble-Prensa-Jimena-Arce-A001.jpg 1198w\" sizes=\"auto, (max-width: 900px) 100vw, 900px\" \/><\/a><\/p>\n<h2 style=\"text-align: center;\">En un merecido gesto de justicia, Iv\u00e1n Noble corre con el valioso honor de abrirle cada concierto a su m\u00e1s admirado juglar europeo, figura local que sin dudas ameritaba por su amistoso y popular v\u00ednculo con el espa\u00f1ol ser el encargado de calentar motores antes del espect\u00e1culo principal. Con la simple compa\u00f1\u00eda de un pianista y tocando guitarra solo en las circunstancias en que la canci\u00f3n lo requiere, el l\u00edder y fundador de Los Caballeros de la Quema reiter\u00f3 un apropiado listado de canciones, ligadas naturalmente al esp\u00edritu que signa sus obras en linkeado emocional con la estrella admirada desde un vamos. Dejando en claro que es un cantautor prestigioso que sabe dosificar sus tonos o ronqueras rockeras para embellecer aquellas historias que tanta repercusi\u00f3n alcanzaron desde los 90\u2019s, Noble arranc\u00f3 con \u201cPerdido por perdido\u201d y antes que los aplausos lo abrigaran, llegaron firmes \u201cUn minuto antes de quererte\u201d y \u201cDame un motivo\u201d, exhibiendo una sensibilidad acorde a ese espacio que amerita brindarse sin robar protagonismo a su a\u00f1ejo colega. Obviamente ante una situaci\u00f3n as\u00ed, nada m\u00e1s apropiado que cantar \u201cOtro jueves cobarde\u201d, esa pieza que ambos grabaron juntos cuando nac\u00eda esa amistad que se fortific\u00f3 con el elocuente paso de las d\u00e9cadas. En el segundo bloque de ese mini-set, Iv\u00e1n despach\u00f3 \u201cBienbenito\u201d, \u201cOlivia\u201d, \u201cSapo de otro pozo\u201dy \u201cAvanti Morocha\u201d, un tema que en versi\u00f3n ac\u00fastica se despega fuerte del arreglo futbolero que creci\u00f3 en otros tiempos pol\u00edticos y deportivos. Mostrando con elocuencia su intenso respeto por su par hispano, el talentoso artista argentino cerr\u00f3 cada noche con estricta puntualidad, dejando as\u00ed todo listo para que los t\u00e9cnicos ajusten los detalles finales de la despedida que miles ayer vinieron a presenciar.<\/h2>\n<p><a href=\"http:\/\/noticias1440.com.ar\/wp-content\/uploads\/2025\/04\/Fotos-Sabina-Noble-Prensa-Jimena-Arce-A010.jpg\"><img loading=\"lazy\" decoding=\"async\" class=\"wp-image-2013 aligncenter\" src=\"http:\/\/noticias1440.com.ar\/wp-content\/uploads\/2025\/04\/Fotos-Sabina-Noble-Prensa-Jimena-Arce-A010-300x150.jpg\" alt=\"\" width=\"904\" height=\"452\" srcset=\"http:\/\/noticias1440.com.ar\/wp-content\/uploads\/2025\/04\/Fotos-Sabina-Noble-Prensa-Jimena-Arce-A010-300x150.jpg 300w, http:\/\/noticias1440.com.ar\/wp-content\/uploads\/2025\/04\/Fotos-Sabina-Noble-Prensa-Jimena-Arce-A010-768x385.jpg 768w\" sizes=\"auto, (max-width: 904px) 100vw, 904px\" \/><\/a><\/p>\n<h2 style=\"text-align: center;\">Joaqu\u00edn es un inteligente pajarraco espa\u00f1ol que advirti\u00f3 cu\u00e1les son aquellas canciones que no pueden faltar en una situaci\u00f3n as\u00ed, conmin\u00e1ndolo a sostener sin titubeos un listado de 22 temas que, obviamente podr\u00eda ser m\u00e1s extenso en su contenido, pero todos los estudios biom\u00e9tricos del gran protagonista en estas diez noches, desnudan que ser\u00eda obligarlo sin necesidad alguna a un repertorio innecesariamente engorroso y desgastante. Igualmente los par\u00e1metros respiratorios son los necesariamente claros, para entender que el cantautor necesita al menos un par de breaks para llegar erguido y bien parado al crucial momento de cerrar cada funci\u00f3n, destinada a cortar ahora su v\u00ednculo sobre las tablas con un p\u00fablico que querr\u00eda tenerlo mucho m\u00e1s como imprescindible compa\u00f1\u00eda. Cada velada la fiesta se pone en marcha con \u00abL\u00e1grimas de m\u00e1rmol\u201d y \u201cLo niego todo\u201d, pero sin dudas la tercera cauci\u00f3n prevista es la que enlaza a fondos ese amor que une a la audiencia con el hombre que ha sabido ganarse el coraz\u00f3n de millones a lo largo de varias d\u00e9cadas.<\/h2>\n<p><a href=\"http:\/\/noticias1440.com.ar\/wp-content\/uploads\/2025\/04\/Fotos-Sabina-Noble-Prensa-Jimena-Arce-A002.jpg\"><img loading=\"lazy\" decoding=\"async\" class=\"wp-image-2005 aligncenter\" src=\"http:\/\/noticias1440.com.ar\/wp-content\/uploads\/2025\/04\/Fotos-Sabina-Noble-Prensa-Jimena-Arce-A002-300x151.jpg\" alt=\"\" width=\"908\" height=\"457\" srcset=\"http:\/\/noticias1440.com.ar\/wp-content\/uploads\/2025\/04\/Fotos-Sabina-Noble-Prensa-Jimena-Arce-A002-300x151.jpg 300w, http:\/\/noticias1440.com.ar\/wp-content\/uploads\/2025\/04\/Fotos-Sabina-Noble-Prensa-Jimena-Arce-A002-1024x514.jpg 1024w, http:\/\/noticias1440.com.ar\/wp-content\/uploads\/2025\/04\/Fotos-Sabina-Noble-Prensa-Jimena-Arce-A002-768x386.jpg 768w, http:\/\/noticias1440.com.ar\/wp-content\/uploads\/2025\/04\/Fotos-Sabina-Noble-Prensa-Jimena-Arce-A002.jpg 1199w\" sizes=\"auto, (max-width: 908px) 100vw, 908px\" \/><\/a><\/p>\n<h2 style=\"text-align: center;\">Aunque se hable de discos m\u00e1s vendedores o canciones que supieron posicionar al artista en sus comienzos, est\u00e1 claro para los entendidos que el \u00e1lbum que clav\u00f3 la estaca fuerte en la construcci\u00f3n de una trayectoria sudamericana es \u201cMentiras Piadosas\u201d. Por ello ni bien la banda arranca los primeros compases del tema que titula ese disco, la totalidad del p\u00fablico empieza a cantar de pie irrefrenablemente, una famosa grabaci\u00f3n del a\u00f1o 1990 que Sabina se encarg\u00f3 de tocar en vivo casi completo un a\u00f1o m\u00e1s tarde en lo que fue su gran desembarco en el Estadio Luna Park, luego de conciertos en pubs y el Teatro Opera. Ese genial disco consolid\u00f3 lo que el juglar hispano hab\u00eda sembrado antes y otro tema de ese \u00e1lbum, tiempo m\u00e1s tarde reunir\u00eda al espa\u00f1ol con un conocido colega que por entonces ya ten\u00eda ganado un fuerte espacio en la escena musical porte\u00f1a tras un exitoso arranque en Rosario. Muchos entender\u00e1n a quien nos estamos refiriendo con estas descripciones, pero esa canci\u00f3n peg\u00f3 de tal forma en la audiencia argentina, que cada obra publicada despu\u00e9s alcanz\u00f3 otro inter\u00e9s de todos sus seguidores en el viejo milenio.<\/h2>\n<p><a href=\"http:\/\/noticias1440.com.ar\/wp-content\/uploads\/2025\/04\/Fotos-Sabina-Noble-Prensa-Jimena-Arce-A005.jpg\"><img loading=\"lazy\" decoding=\"async\" class=\"wp-image-2008 aligncenter\" src=\"http:\/\/noticias1440.com.ar\/wp-content\/uploads\/2025\/04\/Fotos-Sabina-Noble-Prensa-Jimena-Arce-A005-300x167.jpg\" alt=\"\" width=\"904\" height=\"503\" srcset=\"http:\/\/noticias1440.com.ar\/wp-content\/uploads\/2025\/04\/Fotos-Sabina-Noble-Prensa-Jimena-Arce-A005-300x167.jpg 300w, http:\/\/noticias1440.com.ar\/wp-content\/uploads\/2025\/04\/Fotos-Sabina-Noble-Prensa-Jimena-Arce-A005-1024x570.jpg 1024w, http:\/\/noticias1440.com.ar\/wp-content\/uploads\/2025\/04\/Fotos-Sabina-Noble-Prensa-Jimena-Arce-A005-768x427.jpg 768w, http:\/\/noticias1440.com.ar\/wp-content\/uploads\/2025\/04\/Fotos-Sabina-Noble-Prensa-Jimena-Arce-A005.jpg 1111w\" sizes=\"auto, (max-width: 904px) 100vw, 904px\" \/><\/a><\/p>\n<h2 style=\"text-align: center;\">En esa catarata de hits que no tienen pausa cada noche en el Movistar Arena, pasan con su exacto impacto composiciones como \u201cAhora que&#8230;\u201d y \u201c19 d\u00edas y 500 noches\u201d, dejando la \u00faltima un ambiente de contagiosa buler\u00eda entre los 13 mil asistentes. Antes de cantar esa maravillosa pieza mid-tempo \u201c\u00bfQui\u00e9n me ha robado el mes de abril?\u201d, Joaqu\u00edn que supo agradecer en cada momento las ovaciones del p\u00fablico y ostentosos aplausos, decide con justa raz\u00f3n detener por unos pocos instantes la velocidad del adi\u00f3s, para destacar all\u00ed en ese \u00faltimo concierto a dos personas que considera fundamentales en su consolidaci\u00f3n al pisar suelo argentino. Primero menciona a Juan Carlos Baglietto, con quien desde esas primeras visitas estableci\u00f3 una relaci\u00f3n inoxidable cargada de amor, admiraci\u00f3n y gran afecto, art\u00edfice de muchos shows donde ambos se convidaron la compa\u00f1\u00eda del otro para sentirse m\u00e1s protegidos y felices, dedic\u00e1ndole esas palabras a su colega que lo observ\u00f3 con emoci\u00f3n desde la platea central a pocos metros muy agradecido y emocionado por esa menci\u00f3n tan singular e inolvidable. Luego y pegado al agradecimiento al cantautor rosarino, Sabina mencion\u00f3 al \u201cTano\u201d Belfiore, que la mayor\u00eda desconoce, pero que para la industria es uno de los referentes m\u00e1s valiosos que ha tenido el mundo discogr\u00e1fico en el cruce de milenios. Encargado de la difusi\u00f3n de sus primeros discos para lo que era en ese momento el sello BMG, Vicente Belfiore es el otro destinatario de ese apartado fuera del protocolo prefijado para despedirse de los espectadores de esta naci\u00f3n.<\/h2>\n<p><a href=\"http:\/\/noticias1440.com.ar\/wp-content\/uploads\/2025\/04\/Fotos-Sabina-Noble-Prensa-Jimena-Arce-A003.jpg\"><img loading=\"lazy\" decoding=\"async\" class=\"wp-image-2006 aligncenter\" src=\"http:\/\/noticias1440.com.ar\/wp-content\/uploads\/2025\/04\/Fotos-Sabina-Noble-Prensa-Jimena-Arce-A003-300x166.jpg\" alt=\"\" width=\"909\" height=\"503\" srcset=\"http:\/\/noticias1440.com.ar\/wp-content\/uploads\/2025\/04\/Fotos-Sabina-Noble-Prensa-Jimena-Arce-A003-300x166.jpg 300w, http:\/\/noticias1440.com.ar\/wp-content\/uploads\/2025\/04\/Fotos-Sabina-Noble-Prensa-Jimena-Arce-A003-1024x568.jpg 1024w, http:\/\/noticias1440.com.ar\/wp-content\/uploads\/2025\/04\/Fotos-Sabina-Noble-Prensa-Jimena-Arce-A003-768x426.jpg 768w, http:\/\/noticias1440.com.ar\/wp-content\/uploads\/2025\/04\/Fotos-Sabina-Noble-Prensa-Jimena-Arce-A003.jpg 1114w\" sizes=\"auto, (max-width: 909px) 100vw, 909px\" \/><\/a><\/p>\n<h2 style=\"text-align: center;\">Antes que el concierto ingrese a la mitad de recorrido, suena \u201cM\u00e1s de cien mentiras\u201d, un tema donde el m\u00fasico aprovecha para presentar al grupo que lo acompa\u00f1a en esta amplia tourn\u00e9e como despedida de los grandes proscenios. Asoman as\u00ed Jaime Asua Abasolo y Montenegro Borja en guitarras, algo que lleva a pensar matem\u00e1ticamente dentro de esas conjeturas interpretativas, que para reemplazar al expulsado Pancho Varona, el l\u00edder del conjunto ha necesitado poner a dos personas para esa tarea. La base r\u00edtmica del baterista Pedro Barcel\u00f3 y el percusionista Josemi Sagaste aporta eficacia y regularidad, pero nada m\u00e1s que eso, entramado donde una mujer se lleva los v\u00edtores de potenciar un contexto de sost\u00e9n bien armado y contundente. Esa mujer es nada menos que Laura G\u00f3mez Palma, una bell\u00edsima bajista argentina que a mediados de los ochentas se desdoblaba firme tocando las cuatro cuerdas en el primigenio arranque de \u201cMan Ray\u201d, mientras trabajaba todos los fines de semana como una de las dos \u201ccamareras top\u201d que tuvo el local musical \u201cShams\u201d, recordado pub de shows en la Avenida Lacroze, hist\u00f3rico sitio que por la crisis econ\u00f3mica de la siguiente d\u00e9cada se convirti\u00f3 en restaurante chino, gimnasio y ahora en un gran chalet tapiado sin conocerse algo de lo que sucede en su interior. Esa mujer de vigoroso desempe\u00f1o y una sensualidad sin par, sostiene la precisa arquitectura de fondo, con cada nota de esas cuatro cuerdas impactando por contundencia y ubicaci\u00f3n.<\/h2>\n<p><a href=\"http:\/\/noticias1440.com.ar\/wp-content\/uploads\/2025\/04\/Fotos-Sabina-Noble-Prensa-Jimena-Arce-A004.jpg\"><img loading=\"lazy\" decoding=\"async\" class=\"wp-image-2007 aligncenter\" src=\"http:\/\/noticias1440.com.ar\/wp-content\/uploads\/2025\/04\/Fotos-Sabina-Noble-Prensa-Jimena-Arce-A004-300x151.jpg\" alt=\"\" width=\"908\" height=\"457\" srcset=\"http:\/\/noticias1440.com.ar\/wp-content\/uploads\/2025\/04\/Fotos-Sabina-Noble-Prensa-Jimena-Arce-A004-300x151.jpg 300w, http:\/\/noticias1440.com.ar\/wp-content\/uploads\/2025\/04\/Fotos-Sabina-Noble-Prensa-Jimena-Arce-A004-1024x514.jpg 1024w, http:\/\/noticias1440.com.ar\/wp-content\/uploads\/2025\/04\/Fotos-Sabina-Noble-Prensa-Jimena-Arce-A004-768x386.jpg 768w, http:\/\/noticias1440.com.ar\/wp-content\/uploads\/2025\/04\/Fotos-Sabina-Noble-Prensa-Jimena-Arce-A004.jpg 1199w\" sizes=\"auto, (max-width: 908px) 100vw, 908px\" \/><\/a><\/p>\n<h2 style=\"text-align: center;\">Dos personajes se llevan las ovaciones del p\u00fablico. Por un lado el tecladista, violero y armoniquista Antonio Garc\u00eda de Diego, \u00fanico hist\u00f3rico sobreviviente de todas las bandas anteriores del espa\u00f1ol, que adem\u00e1s obra como director orquestal del proyecto, mientras la mayor\u00eda de las ovaciones se las lleva Tamara Barros, corista que adem\u00e1s de cantar como los dioses le aporta una escena a su participaci\u00f3n tan hipn\u00f3tica como seductora. Luego de ese tema que es un muestrario en vivo de sus socios, Sabina en una de esas programadas pausas para recomponer oxigeno, expulsar toxinas en el toilette y entonar su garganta con t\u00e9 y miel en temperatura apropiada, regresa luego que han sonado \u201cY si amanece por fin\u201d con Barros en el protag\u00f3nico vocal y \u201cPacto entre caballeros\u201d con As\u00faa comandando esa partitura vocal. En la recta protocolar final se cae de maduro que temas pueden asomar y el anfitri\u00f3n muy lejos de esculpir alg\u00fan batacazo fuera de programa, prefiere encarar con resistencia y muy buena predisposici\u00f3n Llegan \u201cDonde habita el olvido\u201d, \u201cPeces de ciudad\u201d, \u201cUna canci\u00f3n para la Magdalena\u201d y \u201cPor el boulevar de los sue\u00f1os rotos\u201d, donde el fantasma de la gran Chavela Vargas se cuela para emocionar m\u00e1s de lo esperado. Al borde de la despedida, la lista halla prefijadas cuatro piezas que se enlazan como duplas interpretativas. Primero con \u201cY sin embargo\u201d, para minutos m\u00e1s tarde hacer lo propio con \u201cNoches de boda &#8211; Y nos dieron las diez\u201d, entendiendo el p\u00fablico que ahora s\u00ed m\u00e1s que nunca el \u201cadi\u00f3s\u201d se hace m\u00e1s fuerte que el \u201chola\u201d del comienzo. Las pantallas, bastante lejos de mostrar con sus c\u00e1maras lo que sucede en escena, aportan pinturas ins\u00edpidas que no suman ni restan, muchas de ellas con tonos crom\u00e1ticos propios de un wallpaper.<\/h2>\n<p><a href=\"http:\/\/noticias1440.com.ar\/wp-content\/uploads\/2025\/04\/Fotos-Sabina-Noble-Prensa-Jimena-Arce-A006.jpg\"><img loading=\"lazy\" decoding=\"async\" class=\"wp-image-2009 aligncenter\" src=\"http:\/\/noticias1440.com.ar\/wp-content\/uploads\/2025\/04\/Fotos-Sabina-Noble-Prensa-Jimena-Arce-A006-300x166.jpg\" alt=\"\" width=\"922\" height=\"510\" srcset=\"http:\/\/noticias1440.com.ar\/wp-content\/uploads\/2025\/04\/Fotos-Sabina-Noble-Prensa-Jimena-Arce-A006-300x166.jpg 300w, http:\/\/noticias1440.com.ar\/wp-content\/uploads\/2025\/04\/Fotos-Sabina-Noble-Prensa-Jimena-Arce-A006-1024x568.jpg 1024w, http:\/\/noticias1440.com.ar\/wp-content\/uploads\/2025\/04\/Fotos-Sabina-Noble-Prensa-Jimena-Arce-A006-768x426.jpg 768w, http:\/\/noticias1440.com.ar\/wp-content\/uploads\/2025\/04\/Fotos-Sabina-Noble-Prensa-Jimena-Arce-A006.jpg 1113w\" sizes=\"auto, (max-width: 922px) 100vw, 922px\" \/><\/a><\/p>\n<h2 style=\"text-align: center;\">El saludo del grupo y su l\u00edder deja espacio para esa segunda pausa que el anfitri\u00f3n tiene programada, hasta que llegan los bises de impacto profundo. Ganando unos minutos m\u00e1s en su retorno al escenario suena \u201cLa canci\u00f3n m\u00e1s hermosa del mundo\u201d, entonada en ese bloque adicional por la aguerrida voz de Antonio Garc\u00eda de Diego, aunque en los \u00faltimos<br \/>\nocho compases, el due\u00f1o de la noche regresa a escena para cantarla con su contramaestre de manera muy sentida. Luego de \u201cTan joven y tan viejo\u201d, un tema que si hubiese faltado en la lista nadie hubiese manifestado demasiado pesar, llega ese otro momento fuerte de la fiesta que es \u201cCon la frente marchita\u201d, ese mega-hit melanc\u00f3lico inspirado en Buenos Aires y Madrid, donde se nota el v\u00ednculo del espa\u00f1ol con el p\u00fablico argentino. Para dar la estocada final llegan \u201cContigo\u201d y \u201cPrincesa\u201d, canciones que la gente convirti\u00f3 en cl\u00e1sicos del repertorio en vivo en el nuevo milenio, mientras el juglar hispano propon\u00eda diferentes proyectos, tramo del show donde la gente intuye que a ese \u201cadi\u00f3s\u201d programado le restan muy pocos minutos. La gran fiesta est\u00e1 llegando a ese climax dram\u00e1tico donde el artista salude por \u00faltima vez, si es que no hay alguna jugarreta que desconocemos.<\/h2>\n<p><a href=\"http:\/\/noticias1440.com.ar\/wp-content\/uploads\/2025\/04\/Fotos-Sabina-Noble-Prensa-Jimena-Arce-A012.jpg\"><img loading=\"lazy\" decoding=\"async\" class=\"wp-image-2015 aligncenter\" src=\"http:\/\/noticias1440.com.ar\/wp-content\/uploads\/2025\/04\/Fotos-Sabina-Noble-Prensa-Jimena-Arce-A012-300x154.jpg\" alt=\"\" width=\"910\" height=\"467\" srcset=\"http:\/\/noticias1440.com.ar\/wp-content\/uploads\/2025\/04\/Fotos-Sabina-Noble-Prensa-Jimena-Arce-A012-300x154.jpg 300w, http:\/\/noticias1440.com.ar\/wp-content\/uploads\/2025\/04\/Fotos-Sabina-Noble-Prensa-Jimena-Arce-A012-1024x527.jpg 1024w, http:\/\/noticias1440.com.ar\/wp-content\/uploads\/2025\/04\/Fotos-Sabina-Noble-Prensa-Jimena-Arce-A012-768x395.jpg 768w, http:\/\/noticias1440.com.ar\/wp-content\/uploads\/2025\/04\/Fotos-Sabina-Noble-Prensa-Jimena-Arce-A012.jpg 1200w\" sizes=\"auto, (max-width: 910px) 100vw, 910px\" \/><\/a><\/p>\n<h2 style=\"text-align: center;\">Lo que m\u00e1s llama la atenci\u00f3n en la \u00faltima canci\u00f3n del listado, es que del lado izquierdo del escenario pero abajo en el sector interno, muy cercano a las primeras filas de la platea, comienzan muy r\u00e1pido a agruparse cual hinchas, integrantes de la crew del artista como tambi\u00e9n mucha gente de la producci\u00f3n local. Desde los managers Jos\u00e9 Emilio Navarro y Cecilia Crespo, pasando por los productores locales Mario Arenas y Alberto Miguel, nadie quiere en ese cierre perderse los \u00faltimos instantes del espa\u00f1ol sobre un escenario argentino, minutos en los que pueden divisarse a referentes de la industria como Candela Booth, el propio Iv\u00e1n Noble, junto a su pareja y su manager Gustavo Martelo, am\u00e9n de la manager de prensa Jimena Arce y otros integrantes del equipo de producci\u00f3n para que esas diez noches ayer hayan finalizado tan exitosamente como todos estos las so\u00f1aron en su momento. Con la producci\u00f3n local de \u201cArenas Producciones\u201d y \u201cArtes Group\u201d, la decena de jornadas en el Movistar Arena cerraron anoche a \u00faltima hora con \u00e9xito absoluto y un magn\u00edfico artista convencido de saberse retirar, antes que los escenarios y quienes asisten a ellos decidan esa determinaci\u00f3n sin consultar al m\u00fasico. El eterno juglar Joaqu\u00edn Sabina sin dudas se mantendr\u00e1 eternamente en todos los amantes de la canci\u00f3n con esas pulsiones verdaderas, legando un repertorio inoxidable que por suerte resiste todas las tropel\u00edas del actual marketing proveniente de la bochornosa Miami, localidad yanqui con un nefasto paladar podrido de cyberlatinos automatizados. Demostrando que su gran obra es una de las joyas del arte que sostendr\u00e1 su vigencia indefinidamente, el muy querible cantante de Ubeda a sus 76 a\u00f1os saluda desde el escenario muy sonriente, sin permitirse ninguna l\u00e1grima, sabiendo que esta gran \u201ctravesura\u201d en suelo porte\u00f1o ha llegado despu\u00e9s de much\u00edsimas temporadas a su episodio m\u00e1s conmovedor. Lejos de la mirada masiva y ya permiti\u00e9ndose en camarines que sus ojos brillosos den rienda suelta a esa emoci\u00f3n del adi\u00f3s, Joaqu\u00edn entiende que ha procedido en todas estas d\u00e9cadas con la jerarqu\u00eda y calidad de un creativo musical tan brillante como encantador, creativo que ahora merecidamente disfrutar\u00e1 de otras cosas, entre ellas la tranquilidad del hogar y esas gratas reuniones con amigos y buen vino, tal vez escuchando su obra, esa que articula sentimientos de millones alrededor del mundo agradeciendo un aporte tan valioso como inolvidable.<\/h2>\n<h2><em><strong><span style=\"color: #000080;\">Fotos Joaqu\u00edn Sabina &#8211; Movistar Arena Viernes 18 de Abril de 2025 :<\/span> <span style=\"color: #003300;\">Tute de la Croix y Guido Adler<\/span><span style=\"color: #ff0000;\"> (equipo audiovisual para Jimena Arce Prensa).<\/span> <span style=\"color: #000080;\">Prensa shows Joaqu\u00edn Sabina en Argentina &#8211; Movistar Arena<\/span> : <span style=\"color: #ff0000;\">(Jimena Arce Prensa 2025)\u00a0\u00a0<\/span><\/strong><\/em><\/h2>\n<h2 style=\"text-align: center;\"><\/h2>\n<h2 style=\"text-align: center;\"><\/h2>\n<h2 style=\"text-align: center;\"><\/h2>\n","protected":false},"excerpt":{"rendered":"<p>El notable artista nacido en Ubeda cerr\u00f3 anoche en el Movistar Arena un gran historial de recitales en el pa\u00eds que comenz\u00f3 all\u00e1 por 1986, espect\u00e1culo retrospectivo donde se mostr\u00f3 en buena forma y pleno a sus 76 a\u00f1os, luego de varios hechos que afectaron su salud.<\/p>\n","protected":false},"author":1,"featured_media":2015,"comment_status":"closed","ping_status":"open","sticky":false,"template":"","format":"standard","meta":{"footnotes":""},"categories":[3,7],"tags":[],"class_list":["post-2002","post","type-post","status-publish","format-standard","has-post-thumbnail","hentry","category-actualidad","category-shows"],"_links":{"self":[{"href":"http:\/\/noticias1440.com.ar\/index.php?rest_route=\/wp\/v2\/posts\/2002","targetHints":{"allow":["GET"]}}],"collection":[{"href":"http:\/\/noticias1440.com.ar\/index.php?rest_route=\/wp\/v2\/posts"}],"about":[{"href":"http:\/\/noticias1440.com.ar\/index.php?rest_route=\/wp\/v2\/types\/post"}],"author":[{"embeddable":true,"href":"http:\/\/noticias1440.com.ar\/index.php?rest_route=\/wp\/v2\/users\/1"}],"replies":[{"embeddable":true,"href":"http:\/\/noticias1440.com.ar\/index.php?rest_route=%2Fwp%2Fv2%2Fcomments&post=2002"}],"version-history":[{"count":9,"href":"http:\/\/noticias1440.com.ar\/index.php?rest_route=\/wp\/v2\/posts\/2002\/revisions"}],"predecessor-version":[{"id":2024,"href":"http:\/\/noticias1440.com.ar\/index.php?rest_route=\/wp\/v2\/posts\/2002\/revisions\/2024"}],"wp:featuredmedia":[{"embeddable":true,"href":"http:\/\/noticias1440.com.ar\/index.php?rest_route=\/wp\/v2\/media\/2015"}],"wp:attachment":[{"href":"http:\/\/noticias1440.com.ar\/index.php?rest_route=%2Fwp%2Fv2%2Fmedia&parent=2002"}],"wp:term":[{"taxonomy":"category","embeddable":true,"href":"http:\/\/noticias1440.com.ar\/index.php?rest_route=%2Fwp%2Fv2%2Fcategories&post=2002"},{"taxonomy":"post_tag","embeddable":true,"href":"http:\/\/noticias1440.com.ar\/index.php?rest_route=%2Fwp%2Fv2%2Ftags&post=2002"}],"curies":[{"name":"wp","href":"https:\/\/api.w.org\/{rel}","templated":true}]}}