{"id":1966,"date":"2025-04-07T16:16:57","date_gmt":"2025-04-07T16:16:57","guid":{"rendered":"https:\/\/noticias1440.com.ar\/?p=1966"},"modified":"2025-04-12T04:21:40","modified_gmt":"2025-04-12T04:21:40","slug":"quilmes-rock-2025-dia-2-seru-giran-el-homenaje-nos-veremos-otra-vez","status":"publish","type":"post","link":"http:\/\/noticias1440.com.ar\/?p=1966","title":{"rendered":"\u201cQuilmes Rock 2025\u201d \u2013 D\u00eda 2 \u2013 Ser\u00fa Gir\u00e1n &#8211; El Homenaje: Nos veremos otra vez"},"content":{"rendered":"<h2 style=\"text-align: center;\">Pedro Aznar y David Leb\u00f3n se reunieron para interpretar varias canciones del grupo que integraron entre los a\u00f1os 1978 y 1992, show con las presencias de Dante Spinetta, Trueno y Sandra Mihanovich, formato que podr\u00eda repetirse con dos fechas en el Movistar Arena durante el pr\u00f3ximo semestre.<\/h2>\n<p><!--more--><\/p>\n<p><a href=\"http:\/\/noticias1440.com.ar\/wp-content\/uploads\/2025\/04\/Seru-Giran-Festival-Quilmes-Rock-2025-Foto-Prensa-Festival-QR-PopArtMusic-011.jpg\"><img loading=\"lazy\" decoding=\"async\" class=\"wp-image-1990 aligncenter\" src=\"http:\/\/noticias1440.com.ar\/wp-content\/uploads\/2025\/04\/Seru-Giran-Festival-Quilmes-Rock-2025-Foto-Prensa-Festival-QR-PopArtMusic-011-300x151.jpg\" alt=\"\" width=\"908\" height=\"457\" srcset=\"http:\/\/noticias1440.com.ar\/wp-content\/uploads\/2025\/04\/Seru-Giran-Festival-Quilmes-Rock-2025-Foto-Prensa-Festival-QR-PopArtMusic-011-300x151.jpg 300w, http:\/\/noticias1440.com.ar\/wp-content\/uploads\/2025\/04\/Seru-Giran-Festival-Quilmes-Rock-2025-Foto-Prensa-Festival-QR-PopArtMusic-011-1024x514.jpg 1024w, http:\/\/noticias1440.com.ar\/wp-content\/uploads\/2025\/04\/Seru-Giran-Festival-Quilmes-Rock-2025-Foto-Prensa-Festival-QR-PopArtMusic-011-768x386.jpg 768w, http:\/\/noticias1440.com.ar\/wp-content\/uploads\/2025\/04\/Seru-Giran-Festival-Quilmes-Rock-2025-Foto-Prensa-Festival-QR-PopArtMusic-011.jpg 1195w\" sizes=\"auto, (max-width: 908px) 100vw, 908px\" \/><\/a><\/p>\n<p>&nbsp;<\/p>\n<p><a href=\"http:\/\/noticias1440.com.ar\/wp-content\/uploads\/2025\/04\/FABIAN-LOYATO-NOYAS-NOTICIAS-1440.jpg\"><img loading=\"lazy\" decoding=\"async\" class=\"alignnone size-medium wp-image-1997\" src=\"http:\/\/noticias1440.com.ar\/wp-content\/uploads\/2025\/04\/FABIAN-LOYATO-NOYAS-NOTICIAS-1440-300x60.jpg\" alt=\"\" width=\"300\" height=\"60\" srcset=\"http:\/\/noticias1440.com.ar\/wp-content\/uploads\/2025\/04\/FABIAN-LOYATO-NOYAS-NOTICIAS-1440-300x60.jpg 300w, http:\/\/noticias1440.com.ar\/wp-content\/uploads\/2025\/04\/FABIAN-LOYATO-NOYAS-NOTICIAS-1440-460x93.jpg 460w, http:\/\/noticias1440.com.ar\/wp-content\/uploads\/2025\/04\/FABIAN-LOYATO-NOYAS-NOTICIAS-1440.jpg 467w\" sizes=\"auto, (max-width: 300px) 100vw, 300px\" \/><\/a><\/p>\n<h2 style=\"text-align: center;\"><\/h2>\n<h2><\/h2>\n<h2 style=\"text-align: center;\"><strong>(Capital Federal \u2013 Lunes 07 de Abril de 2025)<\/strong> Avatares del destino, ayer, cuando nos dirig\u00edamos al amplio predio de Tecn\u00f3polis con mi editor, empezamos a bromear con la idea de pedirle desde el campo de juego cerca del vallado al m\u00fasico Pedro Aznar que, rompiendo todo lo previsible del formato, tocara temas raros, oscuros, de la amplia discograf\u00eda de Ser\u00fa Gir\u00e1n, de esas canciones que ni por casualidad podr\u00edan \u00a0sonar en un listado para el \u201cQuilmes Rock 2025\u201d. A las 18:20, cuando el bajista y su colega David Leb\u00f3n subieron al proscenio \u201cQuilmes\u201d, la primera canci\u00f3n que tocaron fue \u201cAutos, Jets, Aviones, Barcos\u201d. \u00bfC\u00f3mo empez\u00f3 el set de \u00abSer\u00fa Giran \u2013 El Homenaje\u00bb en la segunda jornada del festival? S\u00ed, exactamente con ese tema del primer disco del grupo, que arranca con una poderosa batucada jazzera, que suena textualmente como si el bajista Jaco Pastorius (\u201cWeather Report\u201d) se hubiera radicado durante varios a\u00f1os a una posada en el sur de Brasil. No lo pod\u00edamos creer mientras ocurr\u00eda, pero lo que se escuchaba era una buena se\u00f1al.<\/h2>\n<h2 style=\"text-align: center;\"><a href=\"http:\/\/noticias1440.com.ar\/wp-content\/uploads\/2025\/04\/Seru-Giran-Festival-Quilmes-Rock-2025-Foto-Prensa-Festival-QR-PopArtMusic-005.jpg\"><img loading=\"lazy\" decoding=\"async\" class=\"wp-image-1972 aligncenter\" src=\"http:\/\/noticias1440.com.ar\/wp-content\/uploads\/2025\/04\/Seru-Giran-Festival-Quilmes-Rock-2025-Foto-Prensa-Festival-QR-PopArtMusic-005-300x165.jpg\" alt=\"\" width=\"911\" height=\"501\" srcset=\"http:\/\/noticias1440.com.ar\/wp-content\/uploads\/2025\/04\/Seru-Giran-Festival-Quilmes-Rock-2025-Foto-Prensa-Festival-QR-PopArtMusic-005-300x165.jpg 300w, http:\/\/noticias1440.com.ar\/wp-content\/uploads\/2025\/04\/Seru-Giran-Festival-Quilmes-Rock-2025-Foto-Prensa-Festival-QR-PopArtMusic-005.jpg 1115w\" sizes=\"auto, (max-width: 911px) 100vw, 911px\" \/><\/a><\/h2>\n<h2 style=\"text-align: center;\">Sin respiro y tras cart\u00f3n, Pedro agarr\u00f3 la ac\u00fastica y comenzaron a sonar los acordes de \u201cCanci\u00f3n de Alicia en el pa\u00eds\u201d (del tercer \u00e1lbum de estudio \u201cBicicleta\u201d), uno de los platos fuertes de la noche, mientras en la pantalla gigante del fondo se proyectaba aquella famosa foto del cuarteto rockero con las bocas encintadas de color blanco, simulando censura, tomada por el a\u00f1ejo retratista Rub\u00e9n And\u00f3n en 1980 para un recordado poster de la revista \u201cPelo\u201d, una l\u00e1mina que supe tener colgada en mi pared en tiempo real. Una gran l\u00e1grima de sangre ca\u00eda sobre la foto, remitiendo a aquellos \u201ca\u00f1os de plomo\u201d en la Argentina. El otrora c\u00e1ntico que sonaba en ese momento en los recitales de Ser\u00fa Gir\u00e1n \u201cSe va a acabar, se va a acabar, la dictadura militar!&#8230;\u201d fue reemplazado ahora por consignas contrarias al gobierno actual que Pedro ocupado en su tarea dej\u00f3 seguir, pero que David Leb\u00f3n, pacifista in extremis, quiso extinguir de inmediato con un t\u00edmido \u201cYa est\u00e1\u2026 ya pas\u00f3\u201d, como no queriendo permitir que el foco de la gran reuni\u00f3n se desviara de la comuni\u00f3n musical a la que el p\u00fablico dio su respaldo. En este punto vale destacar cual es la lectura correcta que debe hacerse del show que pudo apreciarse este \u00faltimo domingo 6 de abril en el \u201cQuilmes Rock 2025\u201d, bajo el adecuado t\u00edtulo de \u201cSer\u00fa Gir\u00e1n \u2013 El Homenaje\u201d. No fue un regreso como el ocurrido en diciembre de 1992, ni tampoco fue una reuni\u00f3n hecha y derecha. Charly Garc\u00eda no estuvo ni va a estar y ese dato esencial ya es much\u00edsimo. David Leb\u00f3n s\u00ed estuvo, pero un poco alejado del nivel eximio como cantante y guitarrista que exhib\u00eda en los a\u00f1os dorados de la banda. Es totalmente l\u00f3gico, pues hoy tiene m\u00e1s del doble de edad que en aquella gloriosa \u00e9poca, atravesando un largo y sinuoso camino, no exento de alguna que otra patinada como podr\u00eda ocurrirle a cualquiera..<\/h2>\n<h2 style=\"text-align: center;\"><a href=\"http:\/\/noticias1440.com.ar\/wp-content\/uploads\/2025\/04\/Seru-Giran-Festival-Quilmes-Rock-2025-Foto-Prensa-Festival-QR-PopArtMusic-004.jpg\"><img loading=\"lazy\" decoding=\"async\" class=\"wp-image-1971 aligncenter\" src=\"http:\/\/noticias1440.com.ar\/wp-content\/uploads\/2025\/04\/Seru-Giran-Festival-Quilmes-Rock-2025-Foto-Prensa-Festival-QR-PopArtMusic-004-300x167.jpg\" alt=\"\" width=\"904\" height=\"503\" srcset=\"http:\/\/noticias1440.com.ar\/wp-content\/uploads\/2025\/04\/Seru-Giran-Festival-Quilmes-Rock-2025-Foto-Prensa-Festival-QR-PopArtMusic-004-300x167.jpg 300w, http:\/\/noticias1440.com.ar\/wp-content\/uploads\/2025\/04\/Seru-Giran-Festival-Quilmes-Rock-2025-Foto-Prensa-Festival-QR-PopArtMusic-004-1024x570.jpg 1024w, http:\/\/noticias1440.com.ar\/wp-content\/uploads\/2025\/04\/Seru-Giran-Festival-Quilmes-Rock-2025-Foto-Prensa-Festival-QR-PopArtMusic-004-768x428.jpg 768w, http:\/\/noticias1440.com.ar\/wp-content\/uploads\/2025\/04\/Seru-Giran-Festival-Quilmes-Rock-2025-Foto-Prensa-Festival-QR-PopArtMusic-004.jpg 1112w\" sizes=\"auto, (max-width: 904px) 100vw, 904px\" \/><\/a><\/h2>\n<h2 style=\"text-align: center;\">Pero David, por sobre todas las cosas, es un pr\u00f3cer absolutamente indiscutido del rock argentino. Dio todo en 55 a\u00f1os ininterrumpidos de escenarios sin pausa alguna, obvia excepci\u00f3n de la reciente pandemia . El violero no solo gener\u00f3 una sinergia incomparable con Charly Garc\u00eda, lo que que deriv\u00f3 en la magn\u00edfica obra de los llamados \u201cBeatles Argentinos\u201d que hoy est\u00e1n revisitando, sino que adem\u00e1s fue bajista del primer \u201cPappo\u00b4s Blues\u201d, baterista del grupo \u201cColor Humano\u201d (reemplazado tiempo m\u00e1s tarde ir\u00f3nicamente por Oscar Moro), bajista de \u201cPescado Rabioso\u201d, l\u00edder de \u201cPolifemo\u201d y due\u00f1o de una prol\u00edfica carrera solista que se vi\u00f3 revitalizada en los \u00faltimos a\u00f1os, a partir de la edici\u00f3n de \u201cLeb\u00f3n &amp; Co\u201d en 2019 por el sello Sony Music Argentina. Hay en el poderoso rock nacional una santa trilog\u00eda por encima del resto: Pappo, Spinetta y Charly. El \u201cRuso\u201d, como lo llaman sus amigos y seres queridos, es el \u00fanico artista que comparti\u00f3 bandas con los tres reyes del olimpo rockero. Fin de la discusi\u00f3n.<\/h2>\n<h2 style=\"text-align: center;\"><a href=\"http:\/\/noticias1440.com.ar\/wp-content\/uploads\/2025\/04\/Seru-Giran-Festival-Quilmes-Rock-2025-Foto-Prensa-Festival-QR-PopArtMusic-002.jpg\"><img loading=\"lazy\" decoding=\"async\" class=\"wp-image-1969 aligncenter\" src=\"http:\/\/noticias1440.com.ar\/wp-content\/uploads\/2025\/04\/Seru-Giran-Festival-Quilmes-Rock-2025-Foto-Prensa-Festival-QR-PopArtMusic-002-300x151.jpg\" alt=\"\" width=\"908\" height=\"457\" srcset=\"http:\/\/noticias1440.com.ar\/wp-content\/uploads\/2025\/04\/Seru-Giran-Festival-Quilmes-Rock-2025-Foto-Prensa-Festival-QR-PopArtMusic-002-300x151.jpg 300w, http:\/\/noticias1440.com.ar\/wp-content\/uploads\/2025\/04\/Seru-Giran-Festival-Quilmes-Rock-2025-Foto-Prensa-Festival-QR-PopArtMusic-002-1024x514.jpg 1024w, http:\/\/noticias1440.com.ar\/wp-content\/uploads\/2025\/04\/Seru-Giran-Festival-Quilmes-Rock-2025-Foto-Prensa-Festival-QR-PopArtMusic-002.jpg 1196w\" sizes=\"auto, (max-width: 908px) 100vw, 908px\" \/><\/a><\/h2>\n<h2 style=\"text-align: center;\">Hecha esta salvedad, vale preguntarse si a esta altura del partido le podemos reclamar algo a David. Si entr\u00f3 tarde en alg\u00fan tema, si pifi\u00f3 alg\u00fan falsete o si se le complic\u00f3 con el Teleprompter donde aparec\u00edan las letras de los temas para apuntarlo. \u00bfLe pedimos hoy a McCartney que cante como en Wings o le bancamos su voz muy rota, como ocurri\u00f3 el a\u00f1o pasado en los shows de River? Cada vez que viene Deep Purple, \u00bfalguien espera que el vocalista Ian Gillan replique sus agudos salvajes como en \u201cMade in Japan\u201d de 1972 o simplemente celebramos que siga estando all\u00ed compartiendo su arte? Creo que por ah\u00ed viene la mano, como dijera Miguel Grinberg. La idea de este show es celebrar el legado de Ser\u00fa Gir\u00e1n y de eso se trat\u00f3 lo que pudo apreciarse ayer domingo en el \u201cQuilmes Rock\u201d versi\u00f3n 2025.<\/h2>\n<p><a href=\"http:\/\/noticias1440.com.ar\/wp-content\/uploads\/2025\/04\/Seru-Giran-Festival-Quilmes-Rock-2025-Foto-Prensa-Festival-QR-PopArtMusic-001.jpg\"><img loading=\"lazy\" decoding=\"async\" class=\"wp-image-1968 aligncenter\" src=\"http:\/\/noticias1440.com.ar\/wp-content\/uploads\/2025\/04\/Seru-Giran-Festival-Quilmes-Rock-2025-Foto-Prensa-Festival-QR-PopArtMusic-001-300x150.jpg\" alt=\"\" width=\"902\" height=\"451\" srcset=\"http:\/\/noticias1440.com.ar\/wp-content\/uploads\/2025\/04\/Seru-Giran-Festival-Quilmes-Rock-2025-Foto-Prensa-Festival-QR-PopArtMusic-001-300x150.jpg 300w, http:\/\/noticias1440.com.ar\/wp-content\/uploads\/2025\/04\/Seru-Giran-Festival-Quilmes-Rock-2025-Foto-Prensa-Festival-QR-PopArtMusic-001-1024x512.jpg 1024w, http:\/\/noticias1440.com.ar\/wp-content\/uploads\/2025\/04\/Seru-Giran-Festival-Quilmes-Rock-2025-Foto-Prensa-Festival-QR-PopArtMusic-001-768x384.jpg 768w, http:\/\/noticias1440.com.ar\/wp-content\/uploads\/2025\/04\/Seru-Giran-Festival-Quilmes-Rock-2025-Foto-Prensa-Festival-QR-PopArtMusic-001.jpg 1195w\" sizes=\"auto, (max-width: 902px) 100vw, 902px\" \/><\/a><\/p>\n<h2 style=\"text-align: center;\">Absurdo ser\u00eda entonces pretender que sonaran como esa maquinaria perfecta que eran en la \u00e9poca del Teatro Coliseo en diciembre de 1981. Eso no ocurri\u00f3 en la reuni\u00f3n de River en 1992 y mucho menos pod\u00eda haber acontecido ahora, a pesar de Pedro, para el que no pasan los a\u00f1os, se mantiene como un int\u00e9rprete que sigue tocando y cantando en \u201cNivel Dios\u201d. Aqu\u00e9l carilindo y muy melenudo enrulado de los \u201880s es simplemente un extraterrestre. Si \u201cSer\u00fa Gir\u00e1n \u2013 El Homenaje\u201d fuera un equipo de f\u00fatbol, naturalmente ser\u00eda \u201cPedro + 10\u201d. Este genial multi-instrumentista y cantante se carg\u00f3 todo el proyecto a sus hombros, haciendo de Charly, de David por momentos y por supuesto de \u00e9l mismo, adem\u00e1s de asumir claramente la direcci\u00f3n musical de la banda en cada pista tocada, arquitectura interpretativa que completaron sobre escena Pedro Pascuale en guitarra, Leandro Bulacio y Federico Arreseygor en teclados (qued\u00f3 claro que se necesitan dos personas para reemplazar a Charly) y el baterista Mat\u00edas Sabagh, quien descoll\u00f3 reproduciendo en vivo el \u201csonido Moro\u201d a la perfecci\u00f3n.<\/h2>\n<p><a href=\"http:\/\/noticias1440.com.ar\/wp-content\/uploads\/2025\/04\/Seru-Giran-Festival-Quilmes-Rock-2025-Foto-Prensa-Festival-QR-PopArtMusic-006.jpg\"><img loading=\"lazy\" decoding=\"async\" class=\"wp-image-1973 aligncenter\" src=\"http:\/\/noticias1440.com.ar\/wp-content\/uploads\/2025\/04\/Seru-Giran-Festival-Quilmes-Rock-2025-Foto-Prensa-Festival-QR-PopArtMusic-006-300x151.jpg\" alt=\"\" width=\"904\" height=\"455\" srcset=\"http:\/\/noticias1440.com.ar\/wp-content\/uploads\/2025\/04\/Seru-Giran-Festival-Quilmes-Rock-2025-Foto-Prensa-Festival-QR-PopArtMusic-006-300x151.jpg 300w, http:\/\/noticias1440.com.ar\/wp-content\/uploads\/2025\/04\/Seru-Giran-Festival-Quilmes-Rock-2025-Foto-Prensa-Festival-QR-PopArtMusic-006-1024x516.jpg 1024w, http:\/\/noticias1440.com.ar\/wp-content\/uploads\/2025\/04\/Seru-Giran-Festival-Quilmes-Rock-2025-Foto-Prensa-Festival-QR-PopArtMusic-006-768x387.jpg 768w, http:\/\/noticias1440.com.ar\/wp-content\/uploads\/2025\/04\/Seru-Giran-Festival-Quilmes-Rock-2025-Foto-Prensa-Festival-QR-PopArtMusic-006.jpg 1199w\" sizes=\"auto, (max-width: 904px) 100vw, 904px\" \/><\/a><\/p>\n<h2 style=\"text-align: center;\"><\/h2>\n<h2 style=\"text-align: center;\">El tercer tema del concierto fue \u201cFrecuencia Modulada\u201d, una gema de \u201cLa Grasa de las Capitales\u201d (sello Music Hall &#8211; 1979) que estos int\u00e9rpretes rescataron del olvido y cuya letra suena m\u00e1s actual que nunca: \u201cSi en la m\u00fasica que escuchas ya no hay vida, si la letra ya no tiene inspiraci\u00f3n, si aunque aumentes el volumen ya no hay fuerza, son los tiempos que est\u00e1n huecos de emoci\u00f3n\u201d. En aqu\u00e9l momento hablaba de la \u201cDisco Music\u201d, g\u00e9nero dominante en las anal\u00f3gicas FMs de la \u00e9poca, pero esta l\u00edrica testimonial bien aplica al Reggaet\u00f3n, el Trap, Tini Stoessel y los dem\u00e1s sub-productos de este muy pobre presente musical que la sociedad atraviesa por estas muy desvalidas y escu\u00e1lidas horas. Le siguieron dos composiciones al hilo del \u00e1lbum \u201cSer\u00fa \u00b492\u201d: las canciones \u201cNos veremos otra vez\u201d, una balada ac\u00fastica cantada por David y \u201cSi me das tu Amor\u201d, de tono happy-pop a cargo de Pedro. El show en el predio de Villa Martelli en su totalidad fue hermoso, pero si hay algo que pueda ameritar cr\u00edticas, es sin dudas el armado central del setlist. Todos sabemos que el \u00e1lbum del regreso en los &#8217;90s llamado \u201cSer\u00fa \u00b492\u201d, no estuvo a la altura de sus exquisitos antecedentes discogr\u00e1ficos. Retrata de \u00a0un registro intrascendente, grabado en un momento bastante dif\u00edcil de alguno de sus integrantes (\u00bfCharly?). Partiendo de ese crucial punto, \u00bftuvo sentido que cuatro de los doce tracks ejecutados ayer en VillaMartelli hayan sido de ese pol\u00e9mico disco? Es decir, exactamente un tercio del show planteado ayer al anochecer. Corresponde se\u00f1alarlo, m\u00e1xime cuando este proyecto especial dej\u00f3 afuera canciones muy emblem\u00e1ticas compuestas por Charly Garc\u00eda como \u201cViernes 3AM\u201d, \u201cA los j\u00f3venes de ayer\u201d, \u201cDesarma y sangra\u201d, \u201cPeperina\u201d o \u201cCinema verit\u00e9\u201d. Es el \u00fanico reproche que se les puede efectuar a este emotivo homenaje. Alguno tambi\u00e9n dir\u00e1 \u201cPedro, copate para las fechas que vienen en el Movistar Arena en algunos meses (se estima que van a ser varias) y llen\u00e1 la lista con m\u00e1s universo Garc\u00eda, por favor\u201d.<\/h2>\n<h2 style=\"text-align: center;\"><a href=\"http:\/\/noticias1440.com.ar\/wp-content\/uploads\/2025\/04\/Seru-Giran-Festival-Quilmes-Rock-2025-Foto-Prensa-Festival-QR-PopArtMusic-007.jpg\"><img loading=\"lazy\" decoding=\"async\" class=\"wp-image-1974 aligncenter\" src=\"http:\/\/noticias1440.com.ar\/wp-content\/uploads\/2025\/04\/Seru-Giran-Festival-Quilmes-Rock-2025-Foto-Prensa-Festival-QR-PopArtMusic-007-300x150.jpg\" alt=\"\" width=\"760\" height=\"380\" srcset=\"http:\/\/noticias1440.com.ar\/wp-content\/uploads\/2025\/04\/Seru-Giran-Festival-Quilmes-Rock-2025-Foto-Prensa-Festival-QR-PopArtMusic-007-300x150.jpg 300w, http:\/\/noticias1440.com.ar\/wp-content\/uploads\/2025\/04\/Seru-Giran-Festival-Quilmes-Rock-2025-Foto-Prensa-Festival-QR-PopArtMusic-007-1024x513.jpg 1024w, http:\/\/noticias1440.com.ar\/wp-content\/uploads\/2025\/04\/Seru-Giran-Festival-Quilmes-Rock-2025-Foto-Prensa-Festival-QR-PopArtMusic-007-768x385.jpg 768w, http:\/\/noticias1440.com.ar\/wp-content\/uploads\/2025\/04\/Seru-Giran-Festival-Quilmes-Rock-2025-Foto-Prensa-Festival-QR-PopArtMusic-007.jpg 1197w\" sizes=\"auto, (max-width: 760px) 100vw, 760px\" \/><\/a><\/h2>\n<h2 style=\"text-align: center;\">Las cosas volvieron a su lugar con el cl\u00e1sico \u201cNoche de Perros\u201d, tema que Leb\u00f3n sigue tocando como solista y quiz\u00e1s por eso fue uno de los que mejor sonaron en toda la noche, con ese grandioso solo final \u201calla Gilmour\u201d, ejecuci\u00f3n que transmite un clima asfixiante que va in crescendo todo el tiempo. Sencillamente una gloria absoluta. Promediaba el concierto y ni noticias de los invitados. Nada se adelant\u00f3 al respecto, pero muchos cre\u00edan que la presentaci\u00f3n de anoche ser\u00eda un desfile incesante de m\u00fasicos ocupando el lugar de Garc\u00eda, al estilo de lo ocurrido con Soda St\u00e9reo con la extra\u00f1a \u201cGira Gracias Totales\u201d entre 2020 y 2022, pero evidentemente esa no era la idea. Pedro y David se repartieron las voces en \u201cA Cada Hombre una Mujer\u201d, del citado \u201cSer\u00fa \u00b492\u201d, pero cuando en la segunda parte del tema hizo su entrada la colosal cantante Sandra Mihanovich, poniendo cada nota y silencio en el lugar correcto, dot\u00f3 de enorme emoci\u00f3n y garra a la canci\u00f3n, un tema que son\u00f3 con ella mucho mejor que en su versi\u00f3n original publicada por Sony Music hace 33 a\u00f1os.<\/h2>\n<h2 style=\"text-align: center;\"><a href=\"http:\/\/noticias1440.com.ar\/wp-content\/uploads\/2025\/04\/Seru-Giran-Festival-Quilmes-Rock-2025-Foto-Prensa-Festival-QR-PopArtMusic-008.jpg\"><img loading=\"lazy\" decoding=\"async\" class=\"wp-image-1975 aligncenter\" src=\"http:\/\/noticias1440.com.ar\/wp-content\/uploads\/2025\/04\/Seru-Giran-Festival-Quilmes-Rock-2025-Foto-Prensa-Festival-QR-PopArtMusic-008-300x167.jpg\" alt=\"\" width=\"905\" height=\"504\" srcset=\"http:\/\/noticias1440.com.ar\/wp-content\/uploads\/2025\/04\/Seru-Giran-Festival-Quilmes-Rock-2025-Foto-Prensa-Festival-QR-PopArtMusic-008-300x167.jpg 300w, http:\/\/noticias1440.com.ar\/wp-content\/uploads\/2025\/04\/Seru-Giran-Festival-Quilmes-Rock-2025-Foto-Prensa-Festival-QR-PopArtMusic-008-1024x569.jpg 1024w, http:\/\/noticias1440.com.ar\/wp-content\/uploads\/2025\/04\/Seru-Giran-Festival-Quilmes-Rock-2025-Foto-Prensa-Festival-QR-PopArtMusic-008-768x427.jpg 768w, http:\/\/noticias1440.com.ar\/wp-content\/uploads\/2025\/04\/Seru-Giran-Festival-Quilmes-Rock-2025-Foto-Prensa-Festival-QR-PopArtMusic-008.jpg 1110w\" sizes=\"auto, (max-width: 905px) 100vw, 905px\" \/><\/a><\/h2>\n<h2 style=\"text-align: center;\">La talentosa cantante que populariz\u00f3 \u201cPuerto Pollensa\u201d en su momento fue injustamente discriminada por todo el espectro del rock de la \u00e9poca, sin excepciones. Si en 1982 dec\u00edas que te gustaba Sandra Mihanovich, ser\u00edas irremediablemente excomulgado del gran \u201cghetto rockero\u201d y se\u00f1alado severamente sin miramientos por todos los pasillos. Por eso fue notablemente valorable su inclusi\u00f3n. Adem\u00e1s, Mihanovich, tal como Aznar, mantiene sus dotes canoras intactas a pesar del erosionante paso de las d\u00e9cadas. No es moneda corriente. Con \u201cEsperando Nacer\u201d, otra pieza del repertorio habitual de Leb\u00f3n como solista, pudo escucharse el \u00fanico tema perteneciente al \u00e1lbum \u201cPeperina\u201d y con \u201cMundo agradable\u201d, aquella balada bastardeada por el empresario Alejandro Romay para sonorizar su bizarro institucional de fin de a\u00f1o en Canal 9 durante 1992 (Millenials, por favor buscar en la plataforma YouTube), asom\u00f3 la segunda estrella invitada de la noche: Dante Spinetta, el cincuenta por ciento de los \u201cIKV\u201d que apareci\u00f3 en el escenario presentado por el \u201cRuso\u201d como \u201cmi sobrino\u201d, magn\u00edfico ejecutante que la descosi\u00f3 a cargo de los dos solos de guitarra, esos que hizo en su momento el \u201cdividido\u201d Ricardo Mollo durante 2019, para la exitosa reversi\u00f3n incluida en el multipremiado registro de estudio \u201cLeb\u00f3n &amp; Co\u201d.<\/h2>\n<h2 style=\"text-align: center;\"><a href=\"http:\/\/noticias1440.com.ar\/wp-content\/uploads\/2025\/04\/Seru-Giran-Festival-Quilmes-Rock-2025-Foto-Prensa-Festival-QR-PopArtMusic-010.jpg\"><img loading=\"lazy\" decoding=\"async\" class=\"wp-image-1977 aligncenter\" src=\"http:\/\/noticias1440.com.ar\/wp-content\/uploads\/2025\/04\/Seru-Giran-Festival-Quilmes-Rock-2025-Foto-Prensa-Festival-QR-PopArtMusic-010-300x151.jpg\" alt=\"\" width=\"908\" height=\"457\" srcset=\"http:\/\/noticias1440.com.ar\/wp-content\/uploads\/2025\/04\/Seru-Giran-Festival-Quilmes-Rock-2025-Foto-Prensa-Festival-QR-PopArtMusic-010-300x151.jpg 300w, http:\/\/noticias1440.com.ar\/wp-content\/uploads\/2025\/04\/Seru-Giran-Festival-Quilmes-Rock-2025-Foto-Prensa-Festival-QR-PopArtMusic-010-1024x514.jpg 1024w, http:\/\/noticias1440.com.ar\/wp-content\/uploads\/2025\/04\/Seru-Giran-Festival-Quilmes-Rock-2025-Foto-Prensa-Festival-QR-PopArtMusic-010-768x386.jpg 768w, http:\/\/noticias1440.com.ar\/wp-content\/uploads\/2025\/04\/Seru-Giran-Festival-Quilmes-Rock-2025-Foto-Prensa-Festival-QR-PopArtMusic-010.jpg 1197w\" sizes=\"auto, (max-width: 908px) 100vw, 908px\" \/><\/a><\/h2>\n<h2 style=\"text-align: center;\">El tramo final del espect\u00e1culo depar\u00f3 las canciones \u201cCuanto tiempo m\u00e1s llevar\u00e1\u201d y \u201cNo llores por m\u00ed, Argentina\u201d con Juanito Moro a cargo de la bater\u00eda, \u00a0ocupando el lugar de su padre, confirmando que lo suyo no es mera portaci\u00f3n de apellido, sino que el traje r\u00edtmico le calza sin dudas a la perfecci\u00f3n. Al hijo del recordado baterista se lo pudo apreciar recientemente en Niceto Club, reemplazando a su pap\u00e1 en la excelente versi\u00f3n new millenium de \u201cLa M\u00e1quina de Hacer P\u00e1jaros\u201d y ahora en este \u201cQuilmes Rock\u201d con Ser\u00fa. Cart\u00f3n lleno, e incluso en un momento muy logrado por las c\u00e1maras y el editor central, apareci\u00f3 el primog\u00e9nito en los tambores ubicado en el medio de la pantalla gigante de fondo, con varias im\u00e1genes en sepia de Moro padre a sus laterales, lo que termin\u00f3 resultando muy emotivo.<\/h2>\n<p><a href=\"http:\/\/noticias1440.com.ar\/wp-content\/uploads\/2025\/04\/Seru-Giran-Festival-Quilmes-Rock-2025-Foto-Prensa-Festival-QR-PopArtMusic-012.jpg\"><img loading=\"lazy\" decoding=\"async\" class=\"wp-image-1989 aligncenter\" src=\"http:\/\/noticias1440.com.ar\/wp-content\/uploads\/2025\/04\/Seru-Giran-Festival-Quilmes-Rock-2025-Foto-Prensa-Festival-QR-PopArtMusic-012-300x166.jpg\" alt=\"\" width=\"904\" height=\"500\" srcset=\"http:\/\/noticias1440.com.ar\/wp-content\/uploads\/2025\/04\/Seru-Giran-Festival-Quilmes-Rock-2025-Foto-Prensa-Festival-QR-PopArtMusic-012-300x166.jpg 300w, http:\/\/noticias1440.com.ar\/wp-content\/uploads\/2025\/04\/Seru-Giran-Festival-Quilmes-Rock-2025-Foto-Prensa-Festival-QR-PopArtMusic-012-1024x567.jpg 1024w, http:\/\/noticias1440.com.ar\/wp-content\/uploads\/2025\/04\/Seru-Giran-Festival-Quilmes-Rock-2025-Foto-Prensa-Festival-QR-PopArtMusic-012-768x425.jpg 768w, http:\/\/noticias1440.com.ar\/wp-content\/uploads\/2025\/04\/Seru-Giran-Festival-Quilmes-Rock-2025-Foto-Prensa-Festival-QR-PopArtMusic-012.jpg 1116w\" sizes=\"auto, (max-width: 904px) 100vw, 904px\" \/><\/a><\/p>\n<h2 style=\"text-align: center;\"><\/h2>\n<h2 style=\"text-align: center;\">Despu\u00e9s del volc\u00e1nico solo de David en \u201cNo llores por m\u00ed Argentina\u201d, del primer \u00e1lbum en vivo del conjunto, la tercera sorpresa del concierto fue la inclusi\u00f3n del vocalista urbano \u201cTrueno\u201d, \u00faltimo invitado de la noche, rapeando all\u00ed un extenso texto que agradec\u00eda \u201cla invitaci\u00f3n\u201d, rimando con que ellos son \u201clos padres de nuestra generaci\u00f3n\u201d, para luego insertar una parte de su tema \u201cArgentina\u201d, mientras Pedro &amp; C\u00eda. bajaban un poco los decibeles, para luego terminar bien arriba. Luego de lo que encajaba como la lista formal, junto a la presentaci\u00f3n de la banda y el saludo final a la audiencia, ocurri\u00f3 la falsa retirada del proscenio a camarines, tras lo cual aconteci\u00f3 el momento m\u00e1s esperado por las 60 mil personas mirando al escenario \u201cQuilmes\u201d, minutos donde son\u00f3 uno de los m\u00e1s grandes himnos que posee el rock argentino, sino tal vez el mayor \u201cSeminare\u201d. El momento que se vivi\u00f3 en esos minutos a puro coro y celular, fue por dem\u00e1s emocionante. Pensemos que los miles de sub-20 presentes en Tecn\u00f3polis nunca vieron a Charly en vivo y que la gran mayor\u00eda de las 60.000 personas all\u00ed convocadas no hab\u00edan nacido ni siquiera cuando Ser\u00fa Gir\u00e1n volvi\u00f3 en 1992 para dar cuatro recitales en C\u00f3rdoba, Rosario y Buenos Aires. Solo unos cuantos privilegiados testigos despeinando canas en clara minor\u00eda, hab\u00edan visto al grupo en su mejor momento entre 1978 y 1982. De modo que ese instante de cierre en esa plataforma de comuni\u00f3n result\u00f3 m\u00e1gico, \u00fanico e irrepetible. La gente lo disfrut\u00f3 much\u00edsimo y la dupla Leb\u00f3n-Aznar ni hablar. Seguramente nos veremos otra vez.<\/h2>\n<h2 style=\"text-align: center;\"><a href=\"http:\/\/noticias1440.com.ar\/wp-content\/uploads\/2025\/04\/Seru-Giran-Festival-Quilmes-Rock-2025-Foto-Prensa-Festival-QR-PopArtMusic-003.jpg\"><img loading=\"lazy\" decoding=\"async\" class=\"wp-image-1970 alignnone\" src=\"http:\/\/noticias1440.com.ar\/wp-content\/uploads\/2025\/04\/Seru-Giran-Festival-Quilmes-Rock-2025-Foto-Prensa-Festival-QR-PopArtMusic-003-300x165.jpg\" alt=\"\" width=\"845\" height=\"465\" srcset=\"http:\/\/noticias1440.com.ar\/wp-content\/uploads\/2025\/04\/Seru-Giran-Festival-Quilmes-Rock-2025-Foto-Prensa-Festival-QR-PopArtMusic-003-300x165.jpg 300w, http:\/\/noticias1440.com.ar\/wp-content\/uploads\/2025\/04\/Seru-Giran-Festival-Quilmes-Rock-2025-Foto-Prensa-Festival-QR-PopArtMusic-003-1024x565.jpg 1024w, http:\/\/noticias1440.com.ar\/wp-content\/uploads\/2025\/04\/Seru-Giran-Festival-Quilmes-Rock-2025-Foto-Prensa-Festival-QR-PopArtMusic-003-768x424.jpg 768w, http:\/\/noticias1440.com.ar\/wp-content\/uploads\/2025\/04\/Seru-Giran-Festival-Quilmes-Rock-2025-Foto-Prensa-Festival-QR-PopArtMusic-003.jpg 1115w\" sizes=\"auto, (max-width: 845px) 100vw, 845px\" \/><\/a><\/h2>\n<h2><em><span style=\"color: #800080;\"><strong>Fotos \u00abQuilmes Rock 2025\u00bb<\/strong><\/span> : <strong>Diego Arnedo<\/strong> para <span style=\"color: #000080;\"><strong>Equipo<\/strong><\/span> <span style=\"color: #000080;\"><strong>Prensa PopArt Music (Mariela Custodio)<\/strong><\/span>, <span style=\"color: #003300;\"><strong>TyT Group (Tuti Tutehim y Sebasti\u00e1n Viviano)<\/strong><\/span> y <span style=\"color: #ff0000;\"><strong>Prensa Diego Perri (Diego Perri)<\/strong><\/span><\/em><\/h2>\n","protected":false},"excerpt":{"rendered":"<p>Pedro Aznar y David Leb\u00f3n se reunieron para interpretar varias canciones del grupo que integraron entre los a\u00f1os 1978 y 1992, show con las presencias de Dante Spinetta, Trueno y Sandra Mihanovich, formato que podr\u00eda repetirse con dos fechas en el Movistar Arena durante el pr\u00f3ximo semestre.<\/p>\n","protected":false},"author":1,"featured_media":1972,"comment_status":"closed","ping_status":"open","sticky":false,"template":"","format":"standard","meta":{"footnotes":""},"categories":[3,8,7],"tags":[],"class_list":["post-1966","post","type-post","status-publish","format-standard","has-post-thumbnail","hentry","category-actualidad","category-criticas","category-shows"],"_links":{"self":[{"href":"http:\/\/noticias1440.com.ar\/index.php?rest_route=\/wp\/v2\/posts\/1966","targetHints":{"allow":["GET"]}}],"collection":[{"href":"http:\/\/noticias1440.com.ar\/index.php?rest_route=\/wp\/v2\/posts"}],"about":[{"href":"http:\/\/noticias1440.com.ar\/index.php?rest_route=\/wp\/v2\/types\/post"}],"author":[{"embeddable":true,"href":"http:\/\/noticias1440.com.ar\/index.php?rest_route=\/wp\/v2\/users\/1"}],"replies":[{"embeddable":true,"href":"http:\/\/noticias1440.com.ar\/index.php?rest_route=%2Fwp%2Fv2%2Fcomments&post=1966"}],"version-history":[{"count":12,"href":"http:\/\/noticias1440.com.ar\/index.php?rest_route=\/wp\/v2\/posts\/1966\/revisions"}],"predecessor-version":[{"id":2000,"href":"http:\/\/noticias1440.com.ar\/index.php?rest_route=\/wp\/v2\/posts\/1966\/revisions\/2000"}],"wp:featuredmedia":[{"embeddable":true,"href":"http:\/\/noticias1440.com.ar\/index.php?rest_route=\/wp\/v2\/media\/1972"}],"wp:attachment":[{"href":"http:\/\/noticias1440.com.ar\/index.php?rest_route=%2Fwp%2Fv2%2Fmedia&parent=1966"}],"wp:term":[{"taxonomy":"category","embeddable":true,"href":"http:\/\/noticias1440.com.ar\/index.php?rest_route=%2Fwp%2Fv2%2Fcategories&post=1966"},{"taxonomy":"post_tag","embeddable":true,"href":"http:\/\/noticias1440.com.ar\/index.php?rest_route=%2Fwp%2Fv2%2Ftags&post=1966"}],"curies":[{"name":"wp","href":"https:\/\/api.w.org\/{rel}","templated":true}]}}