{"id":1942,"date":"2025-04-07T03:03:05","date_gmt":"2025-04-07T03:03:05","guid":{"rendered":"https:\/\/noticias1440.com.ar\/?p=1942"},"modified":"2025-04-11T03:45:00","modified_gmt":"2025-04-11T03:45:00","slug":"quilmes-rock-2025-un-valioso-caleidoscopio-de-musica-local-que-ratifico-su-vigencia-reuniendo-multitudes-entusiasmadas-en-el-complejo-tecnopolis","status":"publish","type":"post","link":"http:\/\/noticias1440.com.ar\/?p=1942","title":{"rendered":"\u201cQuilmes Rock 2025\u201d, un valioso caleidoscopio de m\u00fasica local que ratific\u00f3 su vigencia, reuniendo multitudes entusiasmadas en el enorme Complejo Tecn\u00f3polis"},"content":{"rendered":"<h2 style=\"text-align: center;\">La primera parte del festival realizado en el predio de Villa Martelli convoc\u00f3 casi 140 mil personas en dos jornadas, confirmando que es el mejor evento de rock-pop argento donde confluyen distintas generaciones y estilos sonoros en esta convenci\u00f3n nacional de alto impacto.<\/h2>\n<p><!--more--><\/p>\n<p>&nbsp;<\/p>\n<p><a href=\"http:\/\/noticias1440.com.ar\/wp-content\/uploads\/2025\/04\/Foto-Festival-Quilmes-Rock-2025-Foto-Prensa-Festival-QR-PopArtMusic-001.jpg\"><img loading=\"lazy\" decoding=\"async\" class=\"wp-image-1944 aligncenter\" src=\"http:\/\/noticias1440.com.ar\/wp-content\/uploads\/2025\/04\/Foto-Festival-Quilmes-Rock-2025-Foto-Prensa-Festival-QR-PopArtMusic-001-300x165.jpg\" alt=\"\" width=\"904\" height=\"497\" srcset=\"http:\/\/noticias1440.com.ar\/wp-content\/uploads\/2025\/04\/Foto-Festival-Quilmes-Rock-2025-Foto-Prensa-Festival-QR-PopArtMusic-001-300x165.jpg 300w, http:\/\/noticias1440.com.ar\/wp-content\/uploads\/2025\/04\/Foto-Festival-Quilmes-Rock-2025-Foto-Prensa-Festival-QR-PopArtMusic-001-1024x564.jpg 1024w, http:\/\/noticias1440.com.ar\/wp-content\/uploads\/2025\/04\/Foto-Festival-Quilmes-Rock-2025-Foto-Prensa-Festival-QR-PopArtMusic-001-768x423.jpg 768w, http:\/\/noticias1440.com.ar\/wp-content\/uploads\/2025\/04\/Foto-Festival-Quilmes-Rock-2025-Foto-Prensa-Festival-QR-PopArtMusic-001.jpg 1114w\" sizes=\"auto, (max-width: 904px) 100vw, 904px\" \/><\/a><\/p>\n<p>&nbsp;<\/p>\n<h1><span style=\"color: #000080;\">Por Gabriel Imparato y Fabi\u00e1n Loyato<\/span><\/h1>\n<h2 style=\"text-align: center;\"><strong>(Capital Federal \u2013 Lunes 07 de Abril de 2025)<\/strong> A pocas horas del brillante concierto de los \u201cRatones Paranoicos\u201d en el escenario principal \u201cRock\u201d, la sensaci\u00f3n del p\u00fablico, medios y organizadores apenas finalizado el primer fin de semana en el Complejo Tecn\u00f3polis, se mostraba coincidente en el an\u00e1lisis de lo ocurrido en el predio de Villa Martelli. Despu\u00e9s de 48 horas de grandes espect\u00e1culos en los cinco escenarios armados en este voluminoso espacio bonaerense, sin dudas el \u201cQuilmes Rock 2025\u201d confirm\u00f3 que no solo mantiene su poderosa vigencia como la mejor constelaci\u00f3n de artistas locales reunidos en un evento de dimensiones poco frecuentes, sino tambi\u00e9n como la mejor realizaci\u00f3n existente en\u00a0 suelo argentino para brindar a diferentes p\u00fablicos la m\u00e1s valiosa posibilidad de disfrutar de un m\u00e1gico caleidoscopio musical con acertada curadur\u00eda y brillante coordinaci\u00f3n ejecutiva. \u201cPopArtMusic\u201d y el respaldo de la exitosa firma cervecera \u201cQuilmes\u201d, obraron como una impactante sinergia que deriv\u00f3 en la brillante realizaci\u00f3n musical, ratificando el glorioso historial de un evento que se convirti\u00f3 en un cl\u00e1sico de cl\u00e1sicos de la m\u00fasica en este pa\u00eds.<\/h2>\n<h2 style=\"text-align: center;\"><a href=\"http:\/\/noticias1440.com.ar\/wp-content\/uploads\/2025\/04\/Foto-Festival-Quilmes-Rock-2025-Foto-Prensa-Festival-QR-PopArtMusic-002.jpg\"><img loading=\"lazy\" decoding=\"async\" class=\"wp-image-1945 aligncenter\" src=\"http:\/\/noticias1440.com.ar\/wp-content\/uploads\/2025\/04\/Foto-Festival-Quilmes-Rock-2025-Foto-Prensa-Festival-QR-PopArtMusic-002-300x166.jpg\" alt=\"\" width=\"904\" height=\"500\" srcset=\"http:\/\/noticias1440.com.ar\/wp-content\/uploads\/2025\/04\/Foto-Festival-Quilmes-Rock-2025-Foto-Prensa-Festival-QR-PopArtMusic-002-300x166.jpg 300w, http:\/\/noticias1440.com.ar\/wp-content\/uploads\/2025\/04\/Foto-Festival-Quilmes-Rock-2025-Foto-Prensa-Festival-QR-PopArtMusic-002-1024x566.jpg 1024w, http:\/\/noticias1440.com.ar\/wp-content\/uploads\/2025\/04\/Foto-Festival-Quilmes-Rock-2025-Foto-Prensa-Festival-QR-PopArtMusic-002-768x425.jpg 768w, http:\/\/noticias1440.com.ar\/wp-content\/uploads\/2025\/04\/Foto-Festival-Quilmes-Rock-2025-Foto-Prensa-Festival-QR-PopArtMusic-002.jpg 1112w\" sizes=\"auto, (max-width: 904px) 100vw, 904px\" \/><\/a><\/h2>\n<h2 style=\"text-align: center;\">Si hay un buen espect\u00e1culo con un lugar aceptable para presenciarlo, la gente no duda y le brinda su respaldo de manea inmediata, algo que se pudo constatar durante las \u00faltimas 48 horas en el complejo de Villa Martelli, cuando 140 mil asistentes respaldaron con enorme entusiasmo las dos primeras jornadas del prestigioso festival, exponiendo a cada instante un perceptible entusiasmo por disfrutar en un mismo espacio f\u00edsico de variadas opciones musicales. La exitosa productora de eventos art\u00edsticos recogi\u00f3 con detenimiento todas las experiencias acaecidas en la edici\u00f3n 2022, para corregir con notoria celeridad de manera autom\u00e1tica aquellos aspectos que pod\u00edan potenciar una convenci\u00f3n art\u00edstica que mejora en cada oportunidad. Esa mirada en detenimiento de todas las situaciones y elementos que a priori necesitaban un ajuste de sinton\u00eda, aparecieron como las prioridades imprescindibles a resolver y eso se not\u00f3 en muchos aspectos y detalles de esta nueva edici\u00f3n. La efectiva curadur\u00eda sobre la cuesti\u00f3n musical mostr\u00f3 muchas mejoras, pero todav\u00eda esta muestra de cuidado tono art\u00edstico puede evidenciar mejoras en cuanto a los horarios en que ciertas figuras de cada jornada se presentan y tambi\u00e9n con quienes chocan en los horarios.<\/h2>\n<h2 style=\"text-align: center;\"><a href=\"http:\/\/noticias1440.com.ar\/wp-content\/uploads\/2025\/04\/Foto-Festival-Quilmes-Rock-2025-Foto-Prensa-Festival-QR-PopArtMusic-004.jpg\"><img loading=\"lazy\" decoding=\"async\" class=\"wp-image-1947 aligncenter\" src=\"http:\/\/noticias1440.com.ar\/wp-content\/uploads\/2025\/04\/Foto-Festival-Quilmes-Rock-2025-Foto-Prensa-Festival-QR-PopArtMusic-004-300x149.jpg\" alt=\"\" width=\"904\" height=\"449\" srcset=\"http:\/\/noticias1440.com.ar\/wp-content\/uploads\/2025\/04\/Foto-Festival-Quilmes-Rock-2025-Foto-Prensa-Festival-QR-PopArtMusic-004-300x149.jpg 300w, http:\/\/noticias1440.com.ar\/wp-content\/uploads\/2025\/04\/Foto-Festival-Quilmes-Rock-2025-Foto-Prensa-Festival-QR-PopArtMusic-004-1024x509.jpg 1024w, http:\/\/noticias1440.com.ar\/wp-content\/uploads\/2025\/04\/Foto-Festival-Quilmes-Rock-2025-Foto-Prensa-Festival-QR-PopArtMusic-004-768x382.jpg 768w, http:\/\/noticias1440.com.ar\/wp-content\/uploads\/2025\/04\/Foto-Festival-Quilmes-Rock-2025-Foto-Prensa-Festival-QR-PopArtMusic-004.jpg 1194w\" sizes=\"auto, (max-width: 904px) 100vw, 904px\" \/><\/a><\/h2>\n<h2 style=\"text-align: center;\">Las dos primeras fechas confirmaron que hay artistas que permanecen inalterables en el cari\u00f1o del p\u00fablico, como Andr\u00e9s Calamaro, Ratones Paranoicos, Fabulosos Cadillacs y Las Pelotas, quienes con sus inoxidables repertorios sedujeron instant\u00e1neamente a todos los asistentes, pero tambi\u00e9n hay figuras que debutaron en el evento como Zoe Gotusso, quien expuso una simpat\u00eda y profesionalismo para no solo justificar su inclusi\u00f3n en esta muestra 2025, sino para tener a futuro un mejor horario en la grilla a la hora de mostrar sus canciones. Hubo int\u00e9rpretes que aprovecharon los horarios centrales, como Miranda o Las Pastillas del Abuelo, pero tambi\u00e9n asomaron conciertos en escenarios laterales como los de Hilda Lizarazu o Leo Garc\u00eda que marcaron puntos elevad\u00edsimos en el nivel musical que exhibi\u00f3 hasta el momento esta realizaci\u00f3n general, un caleidoscopio que naturalmente perdi\u00f3 en el nuevo milenio a solistas trascendentales que se extra\u00f1an much\u00edsimo. Dejando de lado la popularidad que lograron en la \u00faltima d\u00e9cada, algunos int\u00e9rpretes expusieron su consolidaci\u00f3n y ameritaron aparecer en sitios bastante m\u00e1s protag\u00f3nicos, como el grupo Conociendo a Rusia, sin olvidar el regreso de Los Cafres, una banda de reggae que estuvo tres a\u00f1os detenida sin recitales por la pandemia y luego por ciertas dificultades f\u00edsicas de su reconocido vocalista Guillermo Bonetto, quien luci\u00f3 muy recuperado en esta vuelta.<\/h2>\n<h2 style=\"text-align: center;\"><a href=\"http:\/\/noticias1440.com.ar\/wp-content\/uploads\/2025\/04\/Foto-Festival-Quilmes-Rock-2025-Foto-Prensa-Festival-QR-PopArtMusic-003.jpg\"><img loading=\"lazy\" decoding=\"async\" class=\"wp-image-1946 aligncenter\" src=\"http:\/\/noticias1440.com.ar\/wp-content\/uploads\/2025\/04\/Foto-Festival-Quilmes-Rock-2025-Foto-Prensa-Festival-QR-PopArtMusic-003-300x149.jpg\" alt=\"\" width=\"906\" height=\"450\" srcset=\"http:\/\/noticias1440.com.ar\/wp-content\/uploads\/2025\/04\/Foto-Festival-Quilmes-Rock-2025-Foto-Prensa-Festival-QR-PopArtMusic-003-300x149.jpg 300w, http:\/\/noticias1440.com.ar\/wp-content\/uploads\/2025\/04\/Foto-Festival-Quilmes-Rock-2025-Foto-Prensa-Festival-QR-PopArtMusic-003-1024x510.jpg 1024w, http:\/\/noticias1440.com.ar\/wp-content\/uploads\/2025\/04\/Foto-Festival-Quilmes-Rock-2025-Foto-Prensa-Festival-QR-PopArtMusic-003-768x382.jpg 768w, http:\/\/noticias1440.com.ar\/wp-content\/uploads\/2025\/04\/Foto-Festival-Quilmes-Rock-2025-Foto-Prensa-Festival-QR-PopArtMusic-003.jpg 1197w\" sizes=\"auto, (max-width: 906px) 100vw, 906px\" \/><\/a><\/h2>\n<h2 style=\"text-align: center;\">La idea de cerrar cada jornada al borde la medianoche o apenas pasadas las 00:00hs, dej\u00f3 la chance a quienes no cuentan con veh\u00edculos para tener un mejor plaf\u00f3n de retorno a sus hogares, pero est\u00e1 claro que el lugar todav\u00eda sigue siendo un sitio dif\u00edcil en la anhelada y muy necesaria armonizaci\u00f3n urbana para el ingreso y egreso de una verdadera multitud a un predio con amplias dimensiones. La se\u00f1alizaci\u00f3n de los lugares de show, como todos los horarios en que los artistas se presentaron este fin de semana mejor\u00f3 much\u00edsimo en relaci\u00f3n a la edici\u00f3n 2022, un enorme punto positivo en un gigantesco lugar donde los asistentes caminan no menos de seis kil\u00f3metros dentro y fuera del lugar para presenciar los distintos conciertos que se llevan a cabo cada d\u00eda. El buen tiempo acompa\u00f1\u00f3 la fiesta musical cada d\u00eda y tambi\u00e9n la valiosa colaboraci\u00f3n de personal preparado a tal fin para la permanente asistencia al espectador, un punto realmente muy destacado para aquellos que estuvieron por primera vez en Tecn\u00f3polis. Dos claras situaciones por distintos motivos acapararon la atenci\u00f3n dentro de una realizaci\u00f3n impecable para reunir a tantos artistas locales: por un lado el muy emotivo homenaje a Seru Giran realizado por el cincuenta por ciento de sus fundadores con un show valorado por la audiencia. En claro contraste a este momento de luz y buenas intenciones, la pat\u00e9tica presentaci\u00f3n de Dillom, convirtiendo su mediocre espect\u00e1culo en un claro acto pol\u00edtico de la actual oposici\u00f3n con sus permanentes incitaciones a la violencia social para ejecutar un magnicidio, fue una insospechada nota negativa de un valioso festival que no merec\u00eda a un personaje siniestro exponiendo frente a un numeroso p\u00fablico, todo su previsible resentimiento y desmesurado odio<\/h2>\n<h2><em><span style=\"color: #800080;\"><strong>Fotos \u00abQuilmes Rock 2025\u00bb<\/strong><\/span> : <strong>Diego Arnedo<\/strong> para <span style=\"color: #000080;\"><strong>Equipo<\/strong><\/span> <span style=\"color: #000080;\"><strong>Prensa PopArt Music (Mariela Custodio)<\/strong><\/span>, <span style=\"color: #003300;\"><strong>TyT Group (Tuti Tutehim y Sebasti\u00e1n Viviano)<\/strong><\/span> y <span style=\"color: #ff0000;\"><strong>Prensa Diego Perri (Diego Perri)<\/strong><\/span><\/em><\/h2>\n<h2><\/h2>\n<h2 style=\"text-align: center;\"><\/h2>\n","protected":false},"excerpt":{"rendered":"<p>La primera parte del festival realizado en el predio de Villa Martelli convoc\u00f3 casi 140 mil personas en dos jornadas, confirmando que es el mejor evento de rock-pop argento donde confluyen distintas generaciones y estilos sonoros en esta convenci\u00f3n nacional de alto impacto.<\/p>\n","protected":false},"author":1,"featured_media":1944,"comment_status":"closed","ping_status":"open","sticky":false,"template":"","format":"standard","meta":{"footnotes":""},"categories":[3,7],"tags":[],"class_list":["post-1942","post","type-post","status-publish","format-standard","has-post-thumbnail","hentry","category-actualidad","category-shows"],"_links":{"self":[{"href":"http:\/\/noticias1440.com.ar\/index.php?rest_route=\/wp\/v2\/posts\/1942","targetHints":{"allow":["GET"]}}],"collection":[{"href":"http:\/\/noticias1440.com.ar\/index.php?rest_route=\/wp\/v2\/posts"}],"about":[{"href":"http:\/\/noticias1440.com.ar\/index.php?rest_route=\/wp\/v2\/types\/post"}],"author":[{"embeddable":true,"href":"http:\/\/noticias1440.com.ar\/index.php?rest_route=\/wp\/v2\/users\/1"}],"replies":[{"embeddable":true,"href":"http:\/\/noticias1440.com.ar\/index.php?rest_route=%2Fwp%2Fv2%2Fcomments&post=1942"}],"version-history":[{"count":4,"href":"http:\/\/noticias1440.com.ar\/index.php?rest_route=\/wp\/v2\/posts\/1942\/revisions"}],"predecessor-version":[{"id":1964,"href":"http:\/\/noticias1440.com.ar\/index.php?rest_route=\/wp\/v2\/posts\/1942\/revisions\/1964"}],"wp:featuredmedia":[{"embeddable":true,"href":"http:\/\/noticias1440.com.ar\/index.php?rest_route=\/wp\/v2\/media\/1944"}],"wp:attachment":[{"href":"http:\/\/noticias1440.com.ar\/index.php?rest_route=%2Fwp%2Fv2%2Fmedia&parent=1942"}],"wp:term":[{"taxonomy":"category","embeddable":true,"href":"http:\/\/noticias1440.com.ar\/index.php?rest_route=%2Fwp%2Fv2%2Fcategories&post=1942"},{"taxonomy":"post_tag","embeddable":true,"href":"http:\/\/noticias1440.com.ar\/index.php?rest_route=%2Fwp%2Fv2%2Ftags&post=1942"}],"curies":[{"name":"wp","href":"https:\/\/api.w.org\/{rel}","templated":true}]}}