{"id":1911,"date":"2025-03-16T01:11:05","date_gmt":"2025-03-16T01:11:05","guid":{"rendered":"https:\/\/noticias1440.com.ar\/?p=1911"},"modified":"2025-03-24T01:26:57","modified_gmt":"2025-03-24T01:26:57","slug":"notable-homenaje-sinfonico-al-compositor-ennio-morricone-en-el-teatro-opera","status":"publish","type":"post","link":"http:\/\/noticias1440.com.ar\/?p=1911","title":{"rendered":"Notable homenaje sinf\u00f3nico al compositor Ennio Morricone en el Teatro Opera"},"content":{"rendered":"<h2 style=\"text-align: center;\">La orquesta \u201cAeropuertos Argentina\u201d y el Coro \u201cRendezvous\u201d revivieron el repertorio del talentoso realizador italiano de bandas de sonido en una notable puesta art\u00edstica, show con reconocidos m\u00fasicos de rock en la platea. El pr\u00f2ximo viernes 28 esta famosa sala recibir\u00e1 el destacado tributo sinf\u00f3nico a los films de James Bond.<\/h2>\n<p><!--more--><\/p>\n<p><a href=\"http:\/\/noticias1440.com.ar\/wp-content\/uploads\/2025\/03\/Foto-Ennio-Morricone-Show-Sinfonico-Gabriel-Imparato-A001.jpg\"><img loading=\"lazy\" decoding=\"async\" class=\"wp-image-1914 aligncenter\" src=\"http:\/\/noticias1440.com.ar\/wp-content\/uploads\/2025\/03\/Foto-Ennio-Morricone-Show-Sinfonico-Gabriel-Imparato-A001-300x156.jpg\" alt=\"\" width=\"908\" height=\"472\" srcset=\"http:\/\/noticias1440.com.ar\/wp-content\/uploads\/2025\/03\/Foto-Ennio-Morricone-Show-Sinfonico-Gabriel-Imparato-A001-300x156.jpg 300w, http:\/\/noticias1440.com.ar\/wp-content\/uploads\/2025\/03\/Foto-Ennio-Morricone-Show-Sinfonico-Gabriel-Imparato-A001-768x400.jpg 768w, http:\/\/noticias1440.com.ar\/wp-content\/uploads\/2025\/03\/Foto-Ennio-Morricone-Show-Sinfonico-Gabriel-Imparato-A001.jpg 1165w\" sizes=\"auto, (max-width: 908px) 100vw, 908px\" \/><\/a><\/p>\n<p><a href=\"http:\/\/noticias1440.com.ar\/wp-content\/uploads\/2025\/03\/NOMBRE-PARA-SITIO-WEB-10.jpg\"><img loading=\"lazy\" decoding=\"async\" class=\"alignnone size-medium wp-image-1920\" src=\"http:\/\/noticias1440.com.ar\/wp-content\/uploads\/2025\/03\/NOMBRE-PARA-SITIO-WEB-10-300x61.jpg\" alt=\"\" width=\"300\" height=\"61\" srcset=\"http:\/\/noticias1440.com.ar\/wp-content\/uploads\/2025\/03\/NOMBRE-PARA-SITIO-WEB-10-300x61.jpg 300w, http:\/\/noticias1440.com.ar\/wp-content\/uploads\/2025\/03\/NOMBRE-PARA-SITIO-WEB-10.jpg 359w\" sizes=\"auto, (max-width: 300px) 100vw, 300px\" \/><\/a><\/p>\n<h2 style=\"text-align: center;\"><strong>(Capital Federal \u2013 Domingo 16 de Marzo de 2025)<\/strong> Hablar del realizador Ennio Morricone es referirse inconfundiblemente a uno de los m\u00e1s importantes y trascendentales creadores de bandas de sonido para decenas de pel\u00edculas y numerosos programas de televisi\u00f3n en la historia mundial del arte, con un impacto cultural de dimensiones indescriptibles en todos los \u00e1mbitos culturales del planeta. Mientras toda la sociedad planetaria intenta digerir una de las m\u00e1s tristes noticias ocurridas durante la pandemia, con la muerte del genial m\u00fasico a los 91 a\u00f1os en la id\u00edlica Roma el 6 de julio de 2020. Esa noticia en medio de la dolorosa crisis sanitaria sorprendi\u00f3 a la enorme mayor\u00eda de los admiradores del m\u00fasico, quienes al a\u00f1o siguiente de su partida f\u00edsica conocieron el film documental \u201cEnnio, El Maestro\u201d, que retrata en casi 155 minutos la historia del gran compositor y arreglador. Si bien antes de la pandemia de covid 19 varias orquestas alrededor del mundo rend\u00edan oportuno homenaje a los cl\u00e1sicos perge\u00f1ados por el artista nacido en Italia, reci\u00e9n con su inesperada muerte a pocos d\u00edas del aislamiento masivo en el planeta, otros ensambles orquestales comenzaron a sumarse en la postura de homenajear al a\u00f1ejo y calificado realizador nacido en la \u201cbota europea\u201d, con canciones que reclamaban la interpretaci\u00f3n p\u00fablica mucho m\u00e1s tiempo.<\/h2>\n<h2 style=\"text-align: center;\"><a href=\"http:\/\/noticias1440.com.ar\/wp-content\/uploads\/2025\/03\/Foto-Ennio-Morricone-Show-Sinfonico-Gabriel-Imparato-A003.jpg\"><img loading=\"lazy\" decoding=\"async\" class=\"wp-image-1916 aligncenter\" src=\"http:\/\/noticias1440.com.ar\/wp-content\/uploads\/2025\/03\/Foto-Ennio-Morricone-Show-Sinfonico-Gabriel-Imparato-A003-300x151.jpg\" alt=\"\" width=\"904\" height=\"455\" srcset=\"http:\/\/noticias1440.com.ar\/wp-content\/uploads\/2025\/03\/Foto-Ennio-Morricone-Show-Sinfonico-Gabriel-Imparato-A003-300x151.jpg 300w, http:\/\/noticias1440.com.ar\/wp-content\/uploads\/2025\/03\/Foto-Ennio-Morricone-Show-Sinfonico-Gabriel-Imparato-A003-1024x514.jpg 1024w, http:\/\/noticias1440.com.ar\/wp-content\/uploads\/2025\/03\/Foto-Ennio-Morricone-Show-Sinfonico-Gabriel-Imparato-A003.jpg 1200w\" sizes=\"auto, (max-width: 904px) 100vw, 904px\" \/><\/a>En Argentina, reci\u00e9n en el 2024 esa seductora intenci\u00f3n de interpretar las canciones de la discograf\u00eda de Ennio Morricone se corporiz\u00f3 con dos conciertos, espect\u00e1culo titulado \u201cLa m\u00fasica de las pel\u00edculas\u201d. Esa iniciativa que provoc\u00f3 una respuesta inmediata en el p\u00fablico que ama esas composiciones que marcaron a fuego a los cin\u00e9filos, obraron de igual forma en los mel\u00f3manos que compraban los vinilos de todos esos films para volver a escuchar una y otra vez las piezas musicales tan ic\u00f3nicas, obras que posicionaron velozmente a una cifra destacada de largometrajes que quedaron en la historia por m\u00faltiples motivos de toda \u00edndole. La equilibrada pomposidad del valioso compositor italiano nacido en Roma el 10 de noviembre de 1928, sumado a arreglos con mucha delicadeza en ciertos tramos de sus partituras, lo convirtieron a\u00f1o tas a\u00f1o en un referente ineludible al cual acudieron muchos directores de cine, sabiendo internamente que una parte fundamental de sus proyectos necesitaba el sustento de una bandas de sonido que diera el clima a todas esas historias, las cuales rememor\u00e1bamos \u00a0apenas escuchamos esas composiciones.<\/h2>\n<h2 style=\"text-align: center;\"><a href=\"http:\/\/noticias1440.com.ar\/wp-content\/uploads\/2025\/03\/Foto-Ennio-Morricone-Show-Sinfonico-Gabriel-Imparato-A004.jpg\"><img loading=\"lazy\" decoding=\"async\" class=\"wp-image-1917 aligncenter\" src=\"http:\/\/noticias1440.com.ar\/wp-content\/uploads\/2025\/03\/Foto-Ennio-Morricone-Show-Sinfonico-Gabriel-Imparato-A004-300x147.jpg\" alt=\"\" width=\"906\" height=\"444\" srcset=\"http:\/\/noticias1440.com.ar\/wp-content\/uploads\/2025\/03\/Foto-Ennio-Morricone-Show-Sinfonico-Gabriel-Imparato-A004-300x147.jpg 300w, http:\/\/noticias1440.com.ar\/wp-content\/uploads\/2025\/03\/Foto-Ennio-Morricone-Show-Sinfonico-Gabriel-Imparato-A004-1024x502.jpg 1024w, http:\/\/noticias1440.com.ar\/wp-content\/uploads\/2025\/03\/Foto-Ennio-Morricone-Show-Sinfonico-Gabriel-Imparato-A004-768x377.jpg 768w, http:\/\/noticias1440.com.ar\/wp-content\/uploads\/2025\/03\/Foto-Ennio-Morricone-Show-Sinfonico-Gabriel-Imparato-A004.jpg 1197w\" sizes=\"auto, (max-width: 906px) 100vw, 906px\" \/><\/a><\/h2>\n<h2 style=\"text-align: center;\">Finalmente en un proyecto que mancomun\u00f3 a las exitosas productoras \u201cRelart Am\u00e9rica\u201d y \u201cMonitor Music Producciones\u201d, emprendimientos comandados por Luis Haze y Jorge Rodr\u00edguez respectivamente, anoche las emocionantes canciones de Morricone sonaron majestuosas en un recordatorio interpretativo que super\u00f3 largamente la idea del tributo, para ponerse de inmediatto a otra altura con adecuada interpretaci\u00f3n y sentimiento para potenciar la pureza de las obras que marcaron un antes y despu\u00e9s en la historia musical del mundo. El espect\u00e1culo anoche encarado por tercera vez desde su estreno se llama \u201cLa m\u00fasica de las pel\u00edculas\u201d, un evento a todas luces muy emotivo que desarrolla un recorrido certero por buena parte de los temas que el creativo europeo compuso en su destacada carrera. Con localidades totalmente agotadas y much\u00edsimo entusiasmo previo al show, la tercera funci\u00f3n realizada anoche en el Teatro Opera, visibiliz\u00f3 la necesidad de la gente de presenciar este tipo de conciertos. Por suerte la misma estructura de producci\u00f3n ofrecer\u00e1 grata respuesta a este deseo, cuando el pr\u00f3ximo viernes 28 una calificada orquesta con la batuta de Andr\u00e9s Robles, recorra las canciones del agente secreto con licencia para matar en el show \u201cJames Bond 007 Homenaje Sinf\u00f3nico\u201d, evento cuyos tickets est\u00e1n a la venta en el sitio web <a href=\"http:\/\/www.ticketek.com.ar\/\">www.ticketek.com.ar<\/a><\/h2>\n<h2 style=\"text-align: center;\"><a href=\"http:\/\/noticias1440.com.ar\/wp-content\/uploads\/2025\/03\/Foto-Ennio-Morricone-Show-Sinfonico-Gabriel-Imparato-A002.jpg\"><img loading=\"lazy\" decoding=\"async\" class=\"wp-image-1915 aligncenter\" src=\"http:\/\/noticias1440.com.ar\/wp-content\/uploads\/2025\/03\/Foto-Ennio-Morricone-Show-Sinfonico-Gabriel-Imparato-A002-300x151.jpg\" alt=\"\" width=\"902\" height=\"454\" srcset=\"http:\/\/noticias1440.com.ar\/wp-content\/uploads\/2025\/03\/Foto-Ennio-Morricone-Show-Sinfonico-Gabriel-Imparato-A002-300x151.jpg 300w, http:\/\/noticias1440.com.ar\/wp-content\/uploads\/2025\/03\/Foto-Ennio-Morricone-Show-Sinfonico-Gabriel-Imparato-A002-1024x514.jpg 1024w, http:\/\/noticias1440.com.ar\/wp-content\/uploads\/2025\/03\/Foto-Ennio-Morricone-Show-Sinfonico-Gabriel-Imparato-A002.jpg 1198w\" sizes=\"auto, (max-width: 902px) 100vw, 902px\" \/><\/a><\/h2>\n<h2 style=\"text-align: center;\">Los productores de este show sobre Ennio Morricone acertaron de cuajo con la f\u00f3rmula interpretativa para este proyecto y no buscaron nombres rimbombantes, apostando a la eficacia de los artistas seleccionados, sin importar sus pergaminos o historiales previos, entendiendo que el repertorio deb\u00eda estar por arriba de quienes lo encarar\u00edan. La juvenil \u201cOrquesta Aeropuertos Argentina\u201d, notable formato gestado por el empresario Eduardo Eurnekian, y el \u201cCoro Rendezvous\u201d, a\u00f1ejo ensamble que viene haci\u00e9ndose un lugar en los espect\u00e1culos de este perfil, supieron congeniar con mucha gracia y dinamismo para un repertorio exigente. De la mano de N\u00e9stor Tedesco, la sorpresa de la noche fue apreciar sobre el proscenio a un numeroso grupo de ejecutantes cuya edad promedio no llegaba a los 21 a\u00f1os, tocando con much\u00edsima presteza y perceptible ajuste una gama de partituras realmente muy exigentes. Tudesco anoche en el Opera, bastante lejos de esa insufrible ampulosidad que tienen los directores en vivo, prefiri\u00f3 comandar a juvenil estructura con mucha calma, gestos muy acotados y much\u00edsima tranquilidad. Detr\u00e1s de los instrumentos y coordinando todo casi escondida por los bronces, Constanza Fautario mantuvo toda la noche un equilibrio acorde al de su colega, transmitiendo sus ordenes en una estructura donde las partes se unieron para llevar a buen destino una obra muy cautivante. Ubicados en las primeras filas del codiciado sector \u00a0de plateas VIP, estuvieron los integrantes del famoso grupo de rock \u201cSu\u00e9ter\u201d Miguel Zavaleta y Alejandro Da Silvestre, artistas que \u00a0felicitaron a Jorge Rodr\u00edguez, uno de los productores del show, ni bien finaliz\u00f3 el show, acompa\u00f1ados por Marcelo Oliveri, locutor del concierto, mientras la gente abandonaba la cl\u00e1sica sala porte\u00f1a remodelada por los hermanos Grinbank (Daniel y Horacio) a fines del milenio pasado. .<\/h2>\n<p><a href=\"http:\/\/noticias1440.com.ar\/wp-content\/uploads\/2025\/03\/Foto-Ennio-Morricone-Show-Sinfonico-Gabriel-Imparato-A006.jpg\"><img loading=\"lazy\" decoding=\"async\" class=\"wp-image-1919 aligncenter\" src=\"http:\/\/noticias1440.com.ar\/wp-content\/uploads\/2025\/03\/Foto-Ennio-Morricone-Show-Sinfonico-Gabriel-Imparato-A006-300x153.jpg\" alt=\"\" width=\"906\" height=\"462\" srcset=\"http:\/\/noticias1440.com.ar\/wp-content\/uploads\/2025\/03\/Foto-Ennio-Morricone-Show-Sinfonico-Gabriel-Imparato-A006-300x153.jpg 300w, http:\/\/noticias1440.com.ar\/wp-content\/uploads\/2025\/03\/Foto-Ennio-Morricone-Show-Sinfonico-Gabriel-Imparato-A006-1024x522.jpg 1024w, http:\/\/noticias1440.com.ar\/wp-content\/uploads\/2025\/03\/Foto-Ennio-Morricone-Show-Sinfonico-Gabriel-Imparato-A006-768x391.jpg 768w, http:\/\/noticias1440.com.ar\/wp-content\/uploads\/2025\/03\/Foto-Ennio-Morricone-Show-Sinfonico-Gabriel-Imparato-A006.jpg 1197w\" sizes=\"auto, (max-width: 906px) 100vw, 906px\" \/><\/a><\/p>\n<h2 style=\"text-align: center;\"><\/h2>\n<h2 style=\"text-align: center;\">El repertorio, configurado en tres bloques de distinto calibre, present\u00f3 17 canciones con much\u00edsima significaci\u00f3n, estructura que contempl\u00f3 la proyecci\u00f3n simult\u00e1nea de valiosos fragmentos de los films cuyas canciones hab\u00edan sido seleccionadas. Fue as\u00ed que todos en esta velada desarrollada en en Opera pudieron observar en muchas im\u00e1genes a referentes cl\u00e1sicos de la pantalla grande como Clint Eastwood o Charles Bronson, sin olvidar a otros artistas que sumaron a esos fragmentos el necesario colorido emocional de las canciones que la orquesta encar\u00f3. Otro acierto fue la distendida presencia del comunicador Marcelo Oliveri, quien adem\u00e1s de introducir al ensamble y sus coordinadores interpretativos al proscenio, aport\u00f3 significativos datos de color del m\u00fasico homenajeado. Al principio de la presentaci\u00f3n sorprendi\u00f3 al p\u00fablico conocer que reci\u00e9n en 2006 Ennio Morricone pudo obtener su primer Oscar, de contexto honor\u00edfico, pero tuvo que esperar hasta 2016, noche en la que recibi\u00f3 el premio por \u201cLos Ocho M\u00e1s Odiados\u201d (\u201cThe Hatefull Height\u201d). Entre los grandes momentos que sobresalieron en la exitosa velada de ayer, sin dudas el que concit\u00f3 mucha curiosidad fue obviamente la interpretaci\u00f3n del tema del \u201cMundial de F\u00fatbol Argentina 1978\u201d, a\u00f1eja canci\u00f3n compuesta por este creativo para la recordada competencia futbolera que gan\u00f3 nuestro equipo en plena dictadura militar. Dentro del show presentado, dos momentos se robaron sin duda la funci\u00f3n, el primero fue al evocar esa composici\u00f3n deportiva que muy poca gente recordaba que el italiano la hab\u00eda compuesto, mientras que el segundo result\u00f3 la evocaci\u00f3n de dos figuras ic\u00f3nicas de la pantalla grande en los a\u00f1os \u201970s y \u201880s.<\/h2>\n<p><a href=\"http:\/\/noticias1440.com.ar\/wp-content\/uploads\/2025\/03\/Foto-Ennio-Morricone-Show-Sinfonico-Gabriel-Imparato-A005.jpg\"><img loading=\"lazy\" decoding=\"async\" class=\"wp-image-1918 aligncenter\" src=\"http:\/\/noticias1440.com.ar\/wp-content\/uploads\/2025\/03\/Foto-Ennio-Morricone-Show-Sinfonico-Gabriel-Imparato-A005-300x149.jpg\" alt=\"\" width=\"910\" height=\"452\" srcset=\"http:\/\/noticias1440.com.ar\/wp-content\/uploads\/2025\/03\/Foto-Ennio-Morricone-Show-Sinfonico-Gabriel-Imparato-A005-300x149.jpg 300w, http:\/\/noticias1440.com.ar\/wp-content\/uploads\/2025\/03\/Foto-Ennio-Morricone-Show-Sinfonico-Gabriel-Imparato-A005-1024x510.jpg 1024w, http:\/\/noticias1440.com.ar\/wp-content\/uploads\/2025\/03\/Foto-Ennio-Morricone-Show-Sinfonico-Gabriel-Imparato-A005-768x382.jpg 768w, http:\/\/noticias1440.com.ar\/wp-content\/uploads\/2025\/03\/Foto-Ennio-Morricone-Show-Sinfonico-Gabriel-Imparato-A005.jpg 1197w\" sizes=\"auto, (max-width: 910px) 100vw, 910px\" \/><\/a><\/p>\n<h2 style=\"text-align: center;\"><\/h2>\n<h2 style=\"text-align: center;\">La memoria de buena parte de los asistentes se conmovi\u00f3 cuando la orquesta encar\u00f3 la m\u00fasica del film \u201cEl Profesional\u201d, esa memorable pel\u00edcula protagonizada por el actor Jean Paul Belmondo, un int\u00e9rprete que en Argentina conserva una muy valios\u00edsima cantidad de seguidores. Durante esa evocaci\u00f3n, pudo verse en un clip muy bien armado las escenas de ese largometraje, mientras se sumaban tambi\u00e9n en paralelo las im\u00e1genes del funeral del artista franc\u00e9s, con la presencia del presidente Emmanuel Macron en la despedida al \u00eddolo galo, record\u00e1ndose al concluir ese clip, su enorme amistad con su colega Alain Delon, otro actor que visit\u00f3 la Argentina por su amistad con\u00a0 el ya desaparecido boxeador Carlos Monz\u00f3n. El ajustado concierto en la sala de la calle Corrientes transmiti\u00f3 mucha emoci\u00f3n en cada tramo encarado y sobresali\u00f3 de una manera casi permanente, la incre\u00edble calma que estos j\u00f3venes supieron mantener sobre escena a fin de ejecutar temas de complicada interpretaci\u00f3n en vivo, mostrando as\u00ed un compromiso muy digno en cada team de valor muy genuino. El otro punto fuerte del espect\u00e1culo, muy pero muy esperado por la gente en este \u00e1mbito c\u00e9ntrico, fue cuando la orquesta y el coro encararon la canci\u00f3n principal del largometraje \u201cCinema Paradiso\u201d, tema muy difundido en las radios locales. El show concebido para homenajear al gran compositor y arreglador Ennio Morricone, depar\u00f3 la chance de escuchar muy buena m\u00fasica, interpretada con mucha calidad y cuidado, dando a toda la audiencia la circunstancia de repasar una discograf\u00eda de excelencia creada por alguien con mucha pasi\u00f3n y sentimiento por su carrera profesional.\u00a0\u00a0\u00a0\u00a0\u00a0 .<\/h2>\n<h2 style=\"text-align: center;\"><a href=\"http:\/\/noticias1440.com.ar\/wp-content\/uploads\/2025\/03\/Foto-Ennio-Morricone-Show-Sinfonico-Gabriel-Imparato-A001.jpg\"><img loading=\"lazy\" decoding=\"async\" class=\"alignnone size-medium wp-image-1914\" src=\"http:\/\/noticias1440.com.ar\/wp-content\/uploads\/2025\/03\/Foto-Ennio-Morricone-Show-Sinfonico-Gabriel-Imparato-A001-300x156.jpg\" alt=\"\" width=\"300\" height=\"156\" srcset=\"http:\/\/noticias1440.com.ar\/wp-content\/uploads\/2025\/03\/Foto-Ennio-Morricone-Show-Sinfonico-Gabriel-Imparato-A001-300x156.jpg 300w, http:\/\/noticias1440.com.ar\/wp-content\/uploads\/2025\/03\/Foto-Ennio-Morricone-Show-Sinfonico-Gabriel-Imparato-A001-1024x534.jpg 1024w, http:\/\/noticias1440.com.ar\/wp-content\/uploads\/2025\/03\/Foto-Ennio-Morricone-Show-Sinfonico-Gabriel-Imparato-A001-768x400.jpg 768w, http:\/\/noticias1440.com.ar\/wp-content\/uploads\/2025\/03\/Foto-Ennio-Morricone-Show-Sinfonico-Gabriel-Imparato-A001.jpg 1165w\" sizes=\"auto, (max-width: 300px) 100vw, 300px\" \/><\/a><a href=\"http:\/\/noticias1440.com.ar\/wp-content\/uploads\/2025\/03\/Foto-Ennio-Morricone-Show-Sinfonico-Gabriel-Imparato-A006.jpg\"><img loading=\"lazy\" decoding=\"async\" class=\"alignnone size-medium wp-image-1919\" src=\"http:\/\/noticias1440.com.ar\/wp-content\/uploads\/2025\/03\/Foto-Ennio-Morricone-Show-Sinfonico-Gabriel-Imparato-A006-300x153.jpg\" alt=\"\" width=\"300\" height=\"153\" srcset=\"http:\/\/noticias1440.com.ar\/wp-content\/uploads\/2025\/03\/Foto-Ennio-Morricone-Show-Sinfonico-Gabriel-Imparato-A006-300x153.jpg 300w, http:\/\/noticias1440.com.ar\/wp-content\/uploads\/2025\/03\/Foto-Ennio-Morricone-Show-Sinfonico-Gabriel-Imparato-A006-1024x522.jpg 1024w, http:\/\/noticias1440.com.ar\/wp-content\/uploads\/2025\/03\/Foto-Ennio-Morricone-Show-Sinfonico-Gabriel-Imparato-A006-768x391.jpg 768w, http:\/\/noticias1440.com.ar\/wp-content\/uploads\/2025\/03\/Foto-Ennio-Morricone-Show-Sinfonico-Gabriel-Imparato-A006.jpg 1197w\" sizes=\"auto, (max-width: 300px) 100vw, 300px\" \/><\/a><\/h2>\n<h2 style=\"text-align: center;\"><strong>Repertorio \u201cHomenaje Sinf\u00f3nico &#8211; Ennio Morricone\u201d (Orquesta Aeropuertos Argentina y Coro Rendezvous)<\/strong> 01 Los Intocables \u2013 02 Himno Oficial Mundial Argentina 1978 \u2013 03 Malena &#8211; 04 Por Un Pu\u00f1ado de D\u00f3lares \u2013 05 La Misi\u00f3n \u2013\u00a0 \/\/ &#8211; 07 Erase Una Vez el Oeste \u2013 08 Erase Una Vez El Oeste (El hombre de la arm\u00f3nica) \u2013 09 Sacco y Vanzetti \u2013 10 Erase Una Vez En Am\u00e9rica \u2013 11 Los Ocho M\u00e1s Odiados (The Hatefull Height) \u2013 12 Novecento \u2013 13 El Bueno, El Malo y El Feo (tema del duelo) \u2013 14 Los Ca\u00f1ones de San Sebasti\u00e1n \u2013 \/\/ -15 El Profesional \u2013 16 Cinema Paradiso \u2013 17 El Bueno, El Malo y El Feo (tema principal) \/\/ &#8211; Bis: 18 Cinema Paradiso \u00a0\/\/ <strong><span style=\"color: #008000;\">Producci\u00f3n Luis Haze y Jorge Rodr\u00edguez<\/span><\/strong> \/\/ <strong><span style=\"color: #000080;\">Agradecimientos a Eduardo Eurnekian y H\u00e9ctor Cavallero<\/span><\/strong>) \/\/ Duraci\u00f3n 120 minutos) \/\/ <strong>Prensa de show: Diego Perri<\/strong><\/h2>\n<h2 style=\"text-align: center;\"><strong><span style=\"color: #003300;\">Pr\u00f3ximo Show Sinf\u00f3nico (Teatro Opera &#8211; Viernes 28 deMarzo a las 20:30hs)<\/span> : <em><span style=\"color: #ff0000;\">\u201cJames Bond 007 Homenaje Sinf\u00f3nico\u201d<\/span><\/em><\/strong>, evento cuyos tickets est\u00e1n a la venta en el sitio web <a href=\"http:\/\/www.ticketek.com.ar\/\">www.ticketek.com.ar<\/a><\/h2>\n<h2 style=\"text-align: center;\"><em><strong><span style=\"color: #003300;\">Fotos \u201cHomenaje Sinf\u00f3nico \u2013 Ennio Morricone\u201d:<\/span> <span style=\"color: #800080;\">Gabriel Imparato para <span style=\"color: #ff0000;\">\u201cTormato Visual Studios\u201d (2025)<\/span><\/span><\/strong><\/em><\/h2>\n","protected":false},"excerpt":{"rendered":"<p>La orquesta \u201cAeropuertos Argentina\u201d y el Coro \u201cRendezvous\u201d revivieron el repertorio del talentoso realizador italiano de bandas de sonido en una notable puesta art\u00edstica, show con reconocidos m\u00fasicos de rock en la platea. El pr\u00f2ximo viernes 28 esta famosa sala recibir\u00e1 el destacado tributo sinf\u00f3nico a los films de James Bond.<\/p>\n","protected":false},"author":1,"featured_media":1914,"comment_status":"closed","ping_status":"open","sticky":false,"template":"","format":"standard","meta":{"footnotes":""},"categories":[3,7],"tags":[],"class_list":["post-1911","post","type-post","status-publish","format-standard","has-post-thumbnail","hentry","category-actualidad","category-shows"],"_links":{"self":[{"href":"http:\/\/noticias1440.com.ar\/index.php?rest_route=\/wp\/v2\/posts\/1911","targetHints":{"allow":["GET"]}}],"collection":[{"href":"http:\/\/noticias1440.com.ar\/index.php?rest_route=\/wp\/v2\/posts"}],"about":[{"href":"http:\/\/noticias1440.com.ar\/index.php?rest_route=\/wp\/v2\/types\/post"}],"author":[{"embeddable":true,"href":"http:\/\/noticias1440.com.ar\/index.php?rest_route=\/wp\/v2\/users\/1"}],"replies":[{"embeddable":true,"href":"http:\/\/noticias1440.com.ar\/index.php?rest_route=%2Fwp%2Fv2%2Fcomments&post=1911"}],"version-history":[{"count":8,"href":"http:\/\/noticias1440.com.ar\/index.php?rest_route=\/wp\/v2\/posts\/1911\/revisions"}],"predecessor-version":[{"id":1927,"href":"http:\/\/noticias1440.com.ar\/index.php?rest_route=\/wp\/v2\/posts\/1911\/revisions\/1927"}],"wp:featuredmedia":[{"embeddable":true,"href":"http:\/\/noticias1440.com.ar\/index.php?rest_route=\/wp\/v2\/media\/1914"}],"wp:attachment":[{"href":"http:\/\/noticias1440.com.ar\/index.php?rest_route=%2Fwp%2Fv2%2Fmedia&parent=1911"}],"wp:term":[{"taxonomy":"category","embeddable":true,"href":"http:\/\/noticias1440.com.ar\/index.php?rest_route=%2Fwp%2Fv2%2Fcategories&post=1911"},{"taxonomy":"post_tag","embeddable":true,"href":"http:\/\/noticias1440.com.ar\/index.php?rest_route=%2Fwp%2Fv2%2Ftags&post=1911"}],"curies":[{"name":"wp","href":"https:\/\/api.w.org\/{rel}","templated":true}]}}