{"id":1890,"date":"2025-03-21T03:11:05","date_gmt":"2025-03-21T03:11:05","guid":{"rendered":"https:\/\/noticias1440.com.ar\/?p=1890"},"modified":"2025-03-21T03:24:55","modified_gmt":"2025-03-21T03:24:55","slug":"llega-el-nuevo-album-del-leon-de-las-pampas-a-dos-meses-de-su-muerte-en-una-fecha-especial-para-todos-sus-seguidores","status":"publish","type":"post","link":"http:\/\/noticias1440.com.ar\/?p=1890","title":{"rendered":"Llega el nuevo \u00e1lbum del \u201cLe\u00f3n de las Pampas\u201d a dos meses de su muerte, en una fecha especial para todos sus seguidores"},"content":{"rendered":"<h2 style=\"text-align: center;\">El proyecto \u201cLeo Dan por siempre\u201d llega a las bateas y plataformas en lo que hubiese sido su cumplea\u00f1os n\u00famero 83. El disco \u201cMis primeros \u00e9xitos\u201d abarca una gran colecci\u00f3n de grandes hits con nueva orquestaci\u00f3n, pero manteniendo la voz original de sus ic\u00f3nicos trabajos lanzados en el viejo milenio.<\/h2>\n<p><!--more--><\/p>\n<h2><a href=\"http:\/\/noticias1440.com.ar\/wp-content\/uploads\/2025\/03\/Leo-Dan-Escucha-Album-2025-en-Sony-Music-Foto-Gabriel-Imparato-A001.jpg\"><img loading=\"lazy\" decoding=\"async\" class=\"wp-image-1892 aligncenter\" src=\"http:\/\/noticias1440.com.ar\/wp-content\/uploads\/2025\/03\/Leo-Dan-Escucha-Album-2025-en-Sony-Music-Foto-Gabriel-Imparato-A001-300x169.jpg\" alt=\"\" width=\"907\" height=\"511\" srcset=\"http:\/\/noticias1440.com.ar\/wp-content\/uploads\/2025\/03\/Leo-Dan-Escucha-Album-2025-en-Sony-Music-Foto-Gabriel-Imparato-A001-300x169.jpg 300w, http:\/\/noticias1440.com.ar\/wp-content\/uploads\/2025\/03\/Leo-Dan-Escucha-Album-2025-en-Sony-Music-Foto-Gabriel-Imparato-A001-1024x577.jpg 1024w, http:\/\/noticias1440.com.ar\/wp-content\/uploads\/2025\/03\/Leo-Dan-Escucha-Album-2025-en-Sony-Music-Foto-Gabriel-Imparato-A001-768x433.jpg 768w, http:\/\/noticias1440.com.ar\/wp-content\/uploads\/2025\/03\/Leo-Dan-Escucha-Album-2025-en-Sony-Music-Foto-Gabriel-Imparato-A001-460x260.jpg 460w, http:\/\/noticias1440.com.ar\/wp-content\/uploads\/2025\/03\/Leo-Dan-Escucha-Album-2025-en-Sony-Music-Foto-Gabriel-Imparato-A001.jpg 1099w\" sizes=\"auto, (max-width: 907px) 100vw, 907px\" \/><\/a><\/h2>\n<h2><a href=\"http:\/\/noticias1440.com.ar\/wp-content\/uploads\/2025\/03\/NOMBRE-PARA-SITIO-WEB-8.jpg\"><img loading=\"lazy\" decoding=\"async\" class=\"alignnone size-medium wp-image-1898\" src=\"http:\/\/noticias1440.com.ar\/wp-content\/uploads\/2025\/03\/NOMBRE-PARA-SITIO-WEB-8-300x61.jpg\" alt=\"\" width=\"300\" height=\"61\" srcset=\"http:\/\/noticias1440.com.ar\/wp-content\/uploads\/2025\/03\/NOMBRE-PARA-SITIO-WEB-8-300x61.jpg 300w, http:\/\/noticias1440.com.ar\/wp-content\/uploads\/2025\/03\/NOMBRE-PARA-SITIO-WEB-8.jpg 359w\" sizes=\"auto, (max-width: 300px) 100vw, 300px\" \/><\/a><\/h2>\n<h2 style=\"text-align: center;\"><strong>(Capital Federal \u2013 Jueves 20 de Marzo de 2025)<\/strong> Por esas cosas del destino, no lleg\u00f3 a ver el trabajo terminado, a pesar de haber escuchado algunas de las primeras mezclas de este nuevo proyecto sobre su discograf\u00eda, cuando la muerte lo sorprendi\u00f3 en Miami, donde el artista de Santiago del Estero resid\u00eda hace varias temporadas trabajando sin cesar. En una decisi\u00f3n entendible, tras su inesperado fallecimiento trabajando en suelo estadounidense, la discogr\u00e1fica Sony Music Sur tom\u00f3 cartas en el asunto, porque el proyecto que el artista santiague\u00f1o desarroll\u00f3 con la compa\u00f1\u00eda lider de la m\u00fasica a nivel mundial, merec\u00eda su aparici\u00f3n en una fecha muy distintiva. Nacido en la localidad \u201cEstaci\u00f3n Atamisqui\u201d bajo su nomenclatura original de Leopoldo Dante Tevez Coronel el d\u00eda 22 de marzo de 1942, este reconocido cantautor que falleci\u00f3 en Miami, Florida el primer d\u00eda de este a\u00f1o tendr\u00e1 un recordatorio especial pasado ma\u00f1ana, cuando la colecci\u00f3n \u201cLeo Dan por siempre\u201d vea la luz en todas las bateas y plataformas mundiales bajo el t\u00edtulo \u201cMis primeros \u00e9xitos\u201d,\u00a0 una nueva grabaci\u00f3n de sus hits justo en la fecha que hubiese celebrado 83 a\u00f1os de vida.<\/h2>\n<h2 style=\"text-align: center;\"><a href=\"http:\/\/noticias1440.com.ar\/wp-content\/uploads\/2025\/03\/Leo-Dan-Escucha-Album-2025-en-Sony-Music-Foto-Gabriel-Imparato-A004.jpg\"><img loading=\"lazy\" decoding=\"async\" class=\"wp-image-1895 aligncenter\" src=\"http:\/\/noticias1440.com.ar\/wp-content\/uploads\/2025\/03\/Leo-Dan-Escucha-Album-2025-en-Sony-Music-Foto-Gabriel-Imparato-A004-300x167.jpg\" alt=\"\" width=\"902\" height=\"502\" srcset=\"http:\/\/noticias1440.com.ar\/wp-content\/uploads\/2025\/03\/Leo-Dan-Escucha-Album-2025-en-Sony-Music-Foto-Gabriel-Imparato-A004-300x167.jpg 300w, http:\/\/noticias1440.com.ar\/wp-content\/uploads\/2025\/03\/Leo-Dan-Escucha-Album-2025-en-Sony-Music-Foto-Gabriel-Imparato-A004-1024x571.jpg 1024w, http:\/\/noticias1440.com.ar\/wp-content\/uploads\/2025\/03\/Leo-Dan-Escucha-Album-2025-en-Sony-Music-Foto-Gabriel-Imparato-A004-768x428.jpg 768w, http:\/\/noticias1440.com.ar\/wp-content\/uploads\/2025\/03\/Leo-Dan-Escucha-Album-2025-en-Sony-Music-Foto-Gabriel-Imparato-A004.jpg 1103w\" sizes=\"auto, (max-width: 902px) 100vw, 902px\" \/><\/a><\/h2>\n<h2 style=\"text-align: center;\">Ayer en una reducida presentaci\u00f3n para medios especializados, algunos medios locales pudieron escuchar en la filial local del sello Sony Music parte de este material, grabaci\u00f3n que propone 20 canciones \u201cremodeladas\u201d, manteniendo la voz original de sus registros publicados oportunamente, dejando en claro que este trabajo recuerda con acierto todo lo realizado por \u201cEl Le\u00f3n de las Pampas\u201d, artista nacional que permanece vigente con sus discos, pero al mismo muy reconocido en el exterior, especialmente en la comunidad de fans habitando en toda Latinoam\u00e9rica. Con la coordinaci\u00f3n operativa de Sergio Ponfil y Lucila Juan, destacados host de esta clase de presentaciones discogr\u00e1ficas, tom\u00f3 en dicho evento la palabra Carlos Aparo, \u00a0label a cargo de esta producci\u00f3n, conocido referente de este perfil creativo, iniciando la oficializaci\u00f3n de este trabajo, recordando a la prensa que \u201cen el \u00faltimo a\u00f1o la m\u00fasica de Leo Dan tuvo un total de 1400 millones de reproducciones, ya sea en plataformas digitales, emisiones radiales y otras opciones. Curiosamente, de los n\u00fameros proporcionados, \u00a0el 50 por ciento de los mismos proviene de M\u00e9xico, un 40 del continente americano y solo un 10 corresponde a la Argentina, ojal\u00e1 podamos revertir esta situaci\u00f3n con este nuevo proyecto\u201d. Este primer dato del directivo dejo perplejos a todos aquellos que no siguen la carrera del santiague\u00f1o, un referente para ciertos lugares de este vector continental que mantiene una vigencia muy destacada.<\/h2>\n<h2 style=\"text-align: center;\"><a href=\"http:\/\/noticias1440.com.ar\/wp-content\/uploads\/2025\/03\/Leo-Dan-Escucha-Album-2025-en-Sony-Music-Foto-Gabriel-Imparato-A002.jpg\"><img loading=\"lazy\" decoding=\"async\" class=\"wp-image-1893 aligncenter\" src=\"http:\/\/noticias1440.com.ar\/wp-content\/uploads\/2025\/03\/Leo-Dan-Escucha-Album-2025-en-Sony-Music-Foto-Gabriel-Imparato-A002-300x128.jpg\" alt=\"\" width=\"905\" height=\"386\" srcset=\"http:\/\/noticias1440.com.ar\/wp-content\/uploads\/2025\/03\/Leo-Dan-Escucha-Album-2025-en-Sony-Music-Foto-Gabriel-Imparato-A002-300x128.jpg 300w, http:\/\/noticias1440.com.ar\/wp-content\/uploads\/2025\/03\/Leo-Dan-Escucha-Album-2025-en-Sony-Music-Foto-Gabriel-Imparato-A002-1024x436.jpg 1024w, http:\/\/noticias1440.com.ar\/wp-content\/uploads\/2025\/03\/Leo-Dan-Escucha-Album-2025-en-Sony-Music-Foto-Gabriel-Imparato-A002-768x327.jpg 768w, http:\/\/noticias1440.com.ar\/wp-content\/uploads\/2025\/03\/Leo-Dan-Escucha-Album-2025-en-Sony-Music-Foto-Gabriel-Imparato-A002.jpg 1196w\" sizes=\"auto, (max-width: 905px) 100vw, 905px\" \/><\/a><\/h2>\n<h2 style=\"text-align: center;\">A continuaci\u00f3n, Carlos Aparo present\u00f3 a Pablo Durand, director de A&amp;M de Sony Music Sur, quien brind\u00f3 precisiones sobre las grabaciones que se llevaron a cabo desde finales de 2023, cuando el artista y esta compa\u00f1\u00eda discogr\u00e1fica establecieron el camino correcto para procesar las ideas y convertirlas en una nueva producci\u00f3n. En ese sentido, Durand explic\u00f3 que \u201cdecidimos recorrer de otra manera el repertorio y en tiempos de plataformas y otros contextos digitales, encarar una actualizaci\u00f3n de sonido. La idea fue mantener las voces originales del cantante, pero colocando junto a las mismas una nueva banda con un equipo de m\u00fasicos que dotara al repertorio de un encuadre s\u00f3nico actualizado de profunda calidad y definici\u00f3n. En ese sentido se mantuvieron las pistas de la voz de Leo Dan, a las que se las remasteriz\u00f3 y puli\u00f3 de ciertas impurezas s\u00f3nicas, sumando un nuevo grupo que toc\u00f3 esas composiciones sin apartarse de los arreglos originales\u201d. Todas las bases, seg\u00fan explic\u00f3 este funcionario del prestigioso sello discogr\u00e1fico, contaron con las grabaciones realizadas en Los Angeles en las que tomaron parte el baterista V\u00edctor Indrizzo, el bajista Sean Hurley, en tanto que Diego Ortells (hist\u00f3rico tecladista de Alejandro Lerner) se encarg\u00f3 de todas las programaciones, quedando a cargo de Sergio P\u00e9rez las guitarras de estos temas.<\/h2>\n<h2 style=\"text-align: center;\"><a href=\"http:\/\/noticias1440.com.ar\/wp-content\/uploads\/2025\/03\/Leo-Dan-Escucha-Album-2025-en-Sony-Music-Foto-Gabriel-Imparato-A005.jpg\"><img loading=\"lazy\" decoding=\"async\" class=\"wp-image-1896 aligncenter\" src=\"http:\/\/noticias1440.com.ar\/wp-content\/uploads\/2025\/03\/Leo-Dan-Escucha-Album-2025-en-Sony-Music-Foto-Gabriel-Imparato-A005-300x168.jpg\" alt=\"\" width=\"907\" height=\"508\" srcset=\"http:\/\/noticias1440.com.ar\/wp-content\/uploads\/2025\/03\/Leo-Dan-Escucha-Album-2025-en-Sony-Music-Foto-Gabriel-Imparato-A005-300x168.jpg 300w, http:\/\/noticias1440.com.ar\/wp-content\/uploads\/2025\/03\/Leo-Dan-Escucha-Album-2025-en-Sony-Music-Foto-Gabriel-Imparato-A005-1024x574.jpg 1024w, http:\/\/noticias1440.com.ar\/wp-content\/uploads\/2025\/03\/Leo-Dan-Escucha-Album-2025-en-Sony-Music-Foto-Gabriel-Imparato-A005-768x430.jpg 768w, http:\/\/noticias1440.com.ar\/wp-content\/uploads\/2025\/03\/Leo-Dan-Escucha-Album-2025-en-Sony-Music-Foto-Gabriel-Imparato-A005.jpg 1099w\" sizes=\"auto, (max-width: 907px) 100vw, 907px\" \/><\/a><\/h2>\n<h2 style=\"text-align: center;\">La formaci\u00f3n se complet\u00f3 con el director y arreglador Dany Vila, quien hizo los arreglos de cuerdas y transcripciones de las partituras originales. Aparte de estas finas grabaciones en suelo estadounidense, la otra parte del novedoso registro se desarroll\u00f3 en los hist\u00f3ricos \u201cEstudios ION\u201d, tomando parte de estas tareas grandes referentes como Osvaldo Acedo, Justin Moshkevich y Dani Ianniruberto, etapa en la que Patricio Vilarejo coordin\u00f3 toda la orquesta de 12 m\u00fasicos para vestir a las canciones seleccionadas de un sonido 2025. Las im\u00e1genes que ilustran esta notable y emotiva producci\u00f3n que ver\u00e1 la luz en pocas horas, fueron tomadas en su momento por el gran retratista Antonio Massa, un fot\u00f3grafo que acompa\u00f1aba al cantautor de Santiago del Estero d\u00eda y noche en todas sus actividades art\u00edsticas, sin olvidar que Omar Souto corri\u00f3 con la tarea de plantear un dise\u00f1o gr\u00e1fico de estos lanzamientos acordes al caracter\u00edstico perfil del \u201cLe\u00f3n de las Pampas\u201d.<\/h2>\n<h2 style=\"text-align: center;\"><a href=\"http:\/\/noticias1440.com.ar\/wp-content\/uploads\/2025\/03\/Leo-Dan-Escucha-Album-2025-en-Sony-Music-Foto-Gabriel-Imparato-A003.jpg\"><img loading=\"lazy\" decoding=\"async\" class=\"wp-image-1894 aligncenter\" src=\"http:\/\/noticias1440.com.ar\/wp-content\/uploads\/2025\/03\/Leo-Dan-Escucha-Album-2025-en-Sony-Music-Foto-Gabriel-Imparato-A003-300x153.jpg\" alt=\"\" width=\"908\" height=\"463\" srcset=\"http:\/\/noticias1440.com.ar\/wp-content\/uploads\/2025\/03\/Leo-Dan-Escucha-Album-2025-en-Sony-Music-Foto-Gabriel-Imparato-A003-300x153.jpg 300w, http:\/\/noticias1440.com.ar\/wp-content\/uploads\/2025\/03\/Leo-Dan-Escucha-Album-2025-en-Sony-Music-Foto-Gabriel-Imparato-A003-1024x523.jpg 1024w, http:\/\/noticias1440.com.ar\/wp-content\/uploads\/2025\/03\/Leo-Dan-Escucha-Album-2025-en-Sony-Music-Foto-Gabriel-Imparato-A003-768x392.jpg 768w, http:\/\/noticias1440.com.ar\/wp-content\/uploads\/2025\/03\/Leo-Dan-Escucha-Album-2025-en-Sony-Music-Foto-Gabriel-Imparato-A003.jpg 1156w\" sizes=\"auto, (max-width: 908px) 100vw, 908px\" \/><\/a><\/h2>\n<h2 style=\"text-align: center;\">Las 20 canciones que aparecer\u00e1n en vinilo, compact disc y plataformas son \u201cComo te extra\u00f1o mi amor\u201d, \u201cTe he prometido\u201d, \u201cMary es mi amor\u201d, \u201cTe pido que me guies\u201d, Por un caminito\u201d, \u201cQue tiene la ni\u00f1a\u201d, \u201cComo poder saber si te amo\u201d, \u201cA la sombra de mi mam\u00e1\u201d, \u201cQue hermosa noche!\u201d, \u201cLibre, solterito y sin nadie\u201d, \u201cYo s\u00e9 que no es feliz\u201d, \u201cSusana llamame\u201d, \u201cUna calle nos separa\u201d, \u201cSolo una vez\u201d, \u201c\u201dPero\u2026Raquel\u201d, \u201cCelia\u201d, \u201cNunca me impedir\u00e1s\u201d, \u201cMary Isabel\u201d, \u201cFanny\u201d y \u201cEstelita\u201d. Para acompa\u00f1ar el nuevo trabajo que publicar\u00e1 Sony Music Sur en pocas horas\u201d, se conocer\u00e1 un documental que detalla las caracteristicas del flamante \u00e1lbum, destacado lanzamiento que suma un video para Youtube del tema \u201cComo te extra\u00f1o mi amor\u201d con una modelo y lugares adaptados a esa etapa anal\u00f3gica, para que finalmente el artista tenga su primer clip en esta conocida cadena de videos, tema que los mexicanos de Caf\u00e9 Tacuba popularizaron en un disco de versiones. \u201cEn este nuevo \u00e1lbum hemos regrabado mis primeros \u00e9xitos junto a talentosos m\u00fasicos y con toda la tecnolog\u00eda de hoy, manteniendo mi voz original, para poder seguir compartiendo con ustedes mi m\u00fasica. Gracias por acompa\u00f1arme en este viaje lleno de recuerdos y emociones\u201d, se\u00f1al\u00f3 a fines del a\u00f1o pasado el artista que naci\u00f3 en Santiago del Estero, un hist\u00f3rico \u201cLe\u00f3n de las Pampas\u201d que ahora sonar\u00e1 en todo contexto digital y anal\u00f3gico con mejor calidad y definici\u00f3n, tras la salida de este flamante \u00e1lbum que rinde justicia a un creativo que fue versionado por figuras como Palito Ortega, Olga Guillot, Mar\u00eda Marta Serra Lima, Wilfredo Vargas y la famosa banda mexicana, conjunto que lo revivi\u00f3 con aqu\u00e9l hit tan pegadizo y divertido.<\/h2>\n<h2 style=\"text-align: center;\"><a href=\"http:\/\/noticias1440.com.ar\/wp-content\/uploads\/2025\/03\/Leo-Dan-Escucha-Album-2025-en-Sony-Music-Foto-Gabriel-Imparato-A006.jpg\"><img loading=\"lazy\" decoding=\"async\" class=\"wp-image-1897 aligncenter\" src=\"http:\/\/noticias1440.com.ar\/wp-content\/uploads\/2025\/03\/Leo-Dan-Escucha-Album-2025-en-Sony-Music-Foto-Gabriel-Imparato-A006-300x168.jpg\" alt=\"\" width=\"907\" height=\"508\" srcset=\"http:\/\/noticias1440.com.ar\/wp-content\/uploads\/2025\/03\/Leo-Dan-Escucha-Album-2025-en-Sony-Music-Foto-Gabriel-Imparato-A006-300x168.jpg 300w, http:\/\/noticias1440.com.ar\/wp-content\/uploads\/2025\/03\/Leo-Dan-Escucha-Album-2025-en-Sony-Music-Foto-Gabriel-Imparato-A006-1024x574.jpg 1024w, http:\/\/noticias1440.com.ar\/wp-content\/uploads\/2025\/03\/Leo-Dan-Escucha-Album-2025-en-Sony-Music-Foto-Gabriel-Imparato-A006-768x431.jpg 768w, http:\/\/noticias1440.com.ar\/wp-content\/uploads\/2025\/03\/Leo-Dan-Escucha-Album-2025-en-Sony-Music-Foto-Gabriel-Imparato-A006.jpg 1102w\" sizes=\"auto, (max-width: 907px) 100vw, 907px\" \/><\/a><\/h2>\n<h2 style=\"text-align: center;\"><span style=\"color: #000080;\"><em><strong>Fotos Presentaci\u00f3n \u201cLeo Dan por siempre \u2013 Mis Primeros Exitos\u201d:<\/strong><\/em><\/span><span style=\"color: #008000;\"><em><strong>\u00a0<span style=\"color: #800080;\">Gabriel Imparato<\/span> para <span style=\"color: #ff0000;\">\u201cTormato Visual Studios\u201d<\/span> (2025)<\/strong><\/em><\/span><\/h2>\n<h2 style=\"text-align: center;\"><\/h2>\n<h2 style=\"text-align: center;\"><\/h2>\n","protected":false},"excerpt":{"rendered":"<p>El proyecto \u201cLeo Dan por siempre\u201d llega a las bateas y plataformas en lo que hubiese sido su cumplea\u00f1os n\u00famero 83. El disco \u201cMis primeros \u00e9xitos\u201d abarca una gran colecci\u00f3n de grandes hits con nueva orquestaci\u00f3n, pero manteniendo la voz original de sus ic\u00f3nicos trabajos lanzados en el viejo milenio.<\/p>\n","protected":false},"author":1,"featured_media":1892,"comment_status":"closed","ping_status":"open","sticky":false,"template":"","format":"standard","meta":{"footnotes":""},"categories":[6],"tags":[],"class_list":["post-1890","post","type-post","status-publish","format-standard","has-post-thumbnail","hentry","category-lanzamientos"],"_links":{"self":[{"href":"http:\/\/noticias1440.com.ar\/index.php?rest_route=\/wp\/v2\/posts\/1890","targetHints":{"allow":["GET"]}}],"collection":[{"href":"http:\/\/noticias1440.com.ar\/index.php?rest_route=\/wp\/v2\/posts"}],"about":[{"href":"http:\/\/noticias1440.com.ar\/index.php?rest_route=\/wp\/v2\/types\/post"}],"author":[{"embeddable":true,"href":"http:\/\/noticias1440.com.ar\/index.php?rest_route=\/wp\/v2\/users\/1"}],"replies":[{"embeddable":true,"href":"http:\/\/noticias1440.com.ar\/index.php?rest_route=%2Fwp%2Fv2%2Fcomments&post=1890"}],"version-history":[{"count":6,"href":"http:\/\/noticias1440.com.ar\/index.php?rest_route=\/wp\/v2\/posts\/1890\/revisions"}],"predecessor-version":[{"id":1903,"href":"http:\/\/noticias1440.com.ar\/index.php?rest_route=\/wp\/v2\/posts\/1890\/revisions\/1903"}],"wp:featuredmedia":[{"embeddable":true,"href":"http:\/\/noticias1440.com.ar\/index.php?rest_route=\/wp\/v2\/media\/1892"}],"wp:attachment":[{"href":"http:\/\/noticias1440.com.ar\/index.php?rest_route=%2Fwp%2Fv2%2Fmedia&parent=1890"}],"wp:term":[{"taxonomy":"category","embeddable":true,"href":"http:\/\/noticias1440.com.ar\/index.php?rest_route=%2Fwp%2Fv2%2Fcategories&post=1890"},{"taxonomy":"post_tag","embeddable":true,"href":"http:\/\/noticias1440.com.ar\/index.php?rest_route=%2Fwp%2Fv2%2Ftags&post=1890"}],"curies":[{"name":"wp","href":"https:\/\/api.w.org\/{rel}","templated":true}]}}