{"id":1875,"date":"2025-03-14T19:41:13","date_gmt":"2025-03-14T19:41:13","guid":{"rendered":"https:\/\/noticias1440.com.ar\/?p=1875"},"modified":"2025-03-21T03:23:33","modified_gmt":"2025-03-21T03:23:33","slug":"sergio-rotman-anticipa-el-gran-concierto-de-lfc-en-el-festival-quilmes-rock-2025-cadillacs-es-perfecto-para-festivales","status":"publish","type":"post","link":"http:\/\/noticias1440.com.ar\/?p=1875","title":{"rendered":"Sergio Rotman anticipa el gran concierto de \u00abLFC\u00bb en el festival \u201cQuilmes Rock 2025\u201d : \u201cCadillacs es perfecto para festivales\u201d"},"content":{"rendered":"<h2 style=\"text-align: center;\">La deslumbrante y trascendental banda formada a fines de los \u201880s cerrar\u00e1 el domingo 6 de abril de 2025 la segunda fecha del evento en el amplio predio de Tecn\u00f3polis, concierto al que\u00a0 se refiri\u00f3 el legendario saxofonista en una entrevista exclusiva con este medio.<\/h2>\n<p><!--more--><\/p>\n<h2><a href=\"http:\/\/noticias1440.com.ar\/wp-content\/uploads\/2025\/03\/Fabulosos-Cadillacs-Foto-PopArtMusic-A001.jpg\"><img loading=\"lazy\" decoding=\"async\" class=\"wp-image-1879 aligncenter\" src=\"http:\/\/noticias1440.com.ar\/wp-content\/uploads\/2025\/03\/Fabulosos-Cadillacs-Foto-PopArtMusic-A001-300x167.jpg\" alt=\"\" width=\"909\" height=\"506\" srcset=\"http:\/\/noticias1440.com.ar\/wp-content\/uploads\/2025\/03\/Fabulosos-Cadillacs-Foto-PopArtMusic-A001-300x167.jpg 300w, http:\/\/noticias1440.com.ar\/wp-content\/uploads\/2025\/03\/Fabulosos-Cadillacs-Foto-PopArtMusic-A001-1024x570.jpg 1024w, http:\/\/noticias1440.com.ar\/wp-content\/uploads\/2025\/03\/Fabulosos-Cadillacs-Foto-PopArtMusic-A001-768x427.jpg 768w, http:\/\/noticias1440.com.ar\/wp-content\/uploads\/2025\/03\/Fabulosos-Cadillacs-Foto-PopArtMusic-A001.jpg 1114w\" sizes=\"auto, (max-width: 909px) 100vw, 909px\" \/><\/a><\/h2>\n<h2><a href=\"http:\/\/noticias1440.com.ar\/wp-content\/uploads\/2025\/03\/NOMBRE-PARA-SITIO-WEB-6.jpg\"><img loading=\"lazy\" decoding=\"async\" class=\"alignnone size-medium wp-image-1877\" src=\"http:\/\/noticias1440.com.ar\/wp-content\/uploads\/2025\/03\/NOMBRE-PARA-SITIO-WEB-6-300x61.jpg\" alt=\"\" width=\"300\" height=\"61\" srcset=\"http:\/\/noticias1440.com.ar\/wp-content\/uploads\/2025\/03\/NOMBRE-PARA-SITIO-WEB-6-300x61.jpg 300w, http:\/\/noticias1440.com.ar\/wp-content\/uploads\/2025\/03\/NOMBRE-PARA-SITIO-WEB-6.jpg 359w\" sizes=\"auto, (max-width: 300px) 100vw, 300px\" \/><\/a><\/h2>\n<h2 style=\"text-align: center;\"><strong>(Capital Federal \u2013 Viernes 14 de Marzo de 2025)<\/strong> La muy excitante cuenta regresiva del Festival \u201cQuilmes Rock 2025\u201d que se desarrollar\u00e1 durante cuatro jornadas de abril (los d\u00edas 5, 6, 12 y 13) en el Complejo Tecn\u00f3polis, sin dudas constituye el evento local m\u00e1s importante de la actual temporada y el p\u00fablico no oculta su inter\u00e9s por esta realizaci\u00f3n de la productora \u201cPopArtMusic\u201d en conjunto con la empresa cervecera. El pr\u00f3ximo domingo 6 de abril de 2025, cuando se est\u00e9 llevando la segunda jornada habr\u00e1 varios recitales que acaparar\u00e1n la atenci\u00f3n, entre ellos los atractivos shows de \u201cLas Pastillas del Abuelo\u201d, \u201cConociendo Rusia\u201d, \u201cEMAUP\u201d, \u201cLos Cafres\u201d, \u201cDante Spinetta\u201d, \u201cJuana Molina\u201d, \u201cMi Amigo Invisible\u201d, \u201cViva El\u00e1stico\u201d, \u201cFeli Colina\u201d y el recuerdo que propondr\u00e1 \u201cSer\u00fa Gir\u00e1n \u2013 El Homenaje\u201d, encabezado por David Leb\u00f3n y Pedro Aznar junto a importantes invitados, para recordar varias de esas antol\u00f3gicas piezas del s\u00faper grupo liderado por Charly Garc\u00eda, quien oficialmente no estar\u00e1 presente en ese espect\u00e1culo. El plato fuerte de esa segunda fecha del festival en ese amplio predio de Villa Martelli, ser\u00e1 la presentaci\u00f3n de \u201cLos Fabulosos Cadillacs\u201d, quienes volver\u00e1n a tocar en nuestro pa\u00eds despu\u00e9s de un deslumbrante concierto en la cancha de Ferro a fines de la temporada 2023. A muy pocas semanas del arranque del \u201cQuilmes Rock 2025\u201d, Sergio Rotman, magistral saxofonista de \u201cLFC\u201d habl\u00f3 extensamente sobre la presencia de la talentosa banda surgida en los \u201880s en este gran caleidoscopio musical en \u201cTecn\u00f3polis\u201d, festival que tiene en venta las entradas para presenciarlo en <a href=\"http:\/\/www.quilmesrock.enigmatickets.com\/\">www.quilmesrock.enigmatickets.com<\/a><\/h2>\n<h2 style=\"text-align: center;\"><\/h2>\n<h2><a href=\"http:\/\/noticias1440.com.ar\/wp-content\/uploads\/2025\/03\/Fabulosos-Cadillacs-Foto-PopArtMusic-A002-1.jpg\"><img loading=\"lazy\" decoding=\"async\" class=\"wp-image-1909 aligncenter\" src=\"http:\/\/noticias1440.com.ar\/wp-content\/uploads\/2025\/03\/Fabulosos-Cadillacs-Foto-PopArtMusic-A002-1-300x164.jpg\" alt=\"\" width=\"911\" height=\"498\" srcset=\"http:\/\/noticias1440.com.ar\/wp-content\/uploads\/2025\/03\/Fabulosos-Cadillacs-Foto-PopArtMusic-A002-1-300x164.jpg 300w, http:\/\/noticias1440.com.ar\/wp-content\/uploads\/2025\/03\/Fabulosos-Cadillacs-Foto-PopArtMusic-A002-1-1024x559.jpg 1024w, http:\/\/noticias1440.com.ar\/wp-content\/uploads\/2025\/03\/Fabulosos-Cadillacs-Foto-PopArtMusic-A002-1-768x419.jpg 768w, http:\/\/noticias1440.com.ar\/wp-content\/uploads\/2025\/03\/Fabulosos-Cadillacs-Foto-PopArtMusic-A002-1.jpg 1201w\" sizes=\"auto, (max-width: 911px) 100vw, 911px\" \/><\/a><\/h2>\n<h2 style=\"text-align: center;\"><strong>\u00bfC\u00f3mo viven el regreso de los \u201cFabulosos Cadillacs\u201d a los festivales con su show previsto el 6 de abril en el \u201cQuilmes Rock 2025\u201d, despu\u00e9s de la hist\u00f3rica actuaci\u00f3n en la cancha de Ferro Carril Oeste a fines de la temporada 2023?<\/strong><\/h2>\n<h2 style=\"text-align: center;\"><strong>Sergio Rotman: <\/strong>No lo s\u00e9, no lo s\u00e9 porque hace mucho tiempo que no tocamos en un festival en Argentina, creo que el \u00faltimo fue por el 2015, 2016, en Cosqu\u00edn. No soy como te imaginaras, la persona m\u00e1s fan\u00e1tica de los festivales del mundo, pero \u201cCadillacs\u201d es perfecto para los festivales, hay una iron\u00eda ah\u00ed, siento que Buenos Aires necesita a los \u201cCadillacs\u201d, mucho m\u00e1s que lo que los \u201cCadillacs\u201d necesitamos Buenos Aires.<\/h2>\n<h2 style=\"text-align: center;\"><a href=\"http:\/\/noticias1440.com.ar\/wp-content\/uploads\/2025\/03\/Fabulosos-Cadillacs-Foto-PopArtMusic-A003-1.jpg\"><img loading=\"lazy\" decoding=\"async\" class=\"wp-image-1881 aligncenter\" src=\"http:\/\/noticias1440.com.ar\/wp-content\/uploads\/2025\/03\/Fabulosos-Cadillacs-Foto-PopArtMusic-A003-1-300x162.jpg\" alt=\"\" width=\"907\" height=\"490\" srcset=\"http:\/\/noticias1440.com.ar\/wp-content\/uploads\/2025\/03\/Fabulosos-Cadillacs-Foto-PopArtMusic-A003-1-300x162.jpg 300w, http:\/\/noticias1440.com.ar\/wp-content\/uploads\/2025\/03\/Fabulosos-Cadillacs-Foto-PopArtMusic-A003-1-1024x552.jpg 1024w, http:\/\/noticias1440.com.ar\/wp-content\/uploads\/2025\/03\/Fabulosos-Cadillacs-Foto-PopArtMusic-A003-1-768x414.jpg 768w, http:\/\/noticias1440.com.ar\/wp-content\/uploads\/2025\/03\/Fabulosos-Cadillacs-Foto-PopArtMusic-A003-1.jpg 1149w\" sizes=\"auto, (max-width: 907px) 100vw, 907px\" \/><\/a><\/h2>\n<h2 style=\"text-align: center;\"><strong>\u00bfC\u00f3mo es la foto actual de gira del grupo en estos \u00faltimos tiempos?<br \/>\nSergio Rotman:<\/strong> Hermosa, hermosa, yo todav\u00eda me estoy sorprendiendo pregunt\u00e1ndome cuando vamos a hacer un show malo, yo no recuerdo un show malo de los \u201cCadillacs\u201d, adem\u00e1s ahora tenemos un par de factores muy importantes. Primero un nivel de popularidad in\u00e9dito, segundo un par de muchachos -hijos de los \u201cCadillacs\u201d- dentro de la banda, que no son como la t\u00edpica \u201ctoca el hijo\u201d, n\u00f3, tienen un valor en si mismo que son incre\u00edbles, la banda est\u00e1 en un momento fant\u00e1stico. Fant\u00e1stico.<\/h2>\n<h2 style=\"text-align: center;\"><strong>Los hijos de Gaby (Vicentico) y Flavio (Cianciarullo) le agregaron un \u201cbot\u00f3n nitro\u201d a los shows de la banda, n\u00f3?<\/strong><\/h2>\n<h2 style=\"text-align: center;\"><strong>Sergio Rotman:<\/strong> S\u00ed pero n\u00f3, porque fijate que lo que ellos hicieron realmente fue adaptarse perfectamente a la banda, no es que la banda se adapt\u00f3 a ellos, sino ellos a nosotros, generalmente cuando ponen a los hijos hay una cosa de \u201cUyy, la juventud\u201d, pero en realidad hemos \u201cenvejecido\u201d a Astor y Florian\u2026(risas).<\/h2>\n<h2 style=\"text-align: center;\"><a href=\"http:\/\/noticias1440.com.ar\/wp-content\/uploads\/2025\/03\/Fabulosos-Cadillacs-Foto-PopArtMusic-A004.jpg\"><img loading=\"lazy\" decoding=\"async\" class=\"wp-image-1884 aligncenter\" src=\"http:\/\/noticias1440.com.ar\/wp-content\/uploads\/2025\/03\/Fabulosos-Cadillacs-Foto-PopArtMusic-A004-300x166.jpg\" alt=\"\" width=\"905\" height=\"501\" srcset=\"http:\/\/noticias1440.com.ar\/wp-content\/uploads\/2025\/03\/Fabulosos-Cadillacs-Foto-PopArtMusic-A004-300x166.jpg 300w, http:\/\/noticias1440.com.ar\/wp-content\/uploads\/2025\/03\/Fabulosos-Cadillacs-Foto-PopArtMusic-A004-1024x567.jpg 1024w, http:\/\/noticias1440.com.ar\/wp-content\/uploads\/2025\/03\/Fabulosos-Cadillacs-Foto-PopArtMusic-A004-768x425.jpg 768w, http:\/\/noticias1440.com.ar\/wp-content\/uploads\/2025\/03\/Fabulosos-Cadillacs-Foto-PopArtMusic-A004.jpg 1105w\" sizes=\"auto, (max-width: 905px) 100vw, 905px\" \/><\/a><\/h2>\n<h2 style=\"text-align: center;\"><strong>En las actuaciones de los \u201cFabulosos Cadillacs\u201d vos hac\u00e9s un despliegue esc\u00e9nico impresionante, da la sensaci\u00f3n que perd\u00e9s tres o cuatro kilos por concierto. Vas como un bastonero de un lado a otro en una tarea conmovedora e incansable. <\/strong><\/h2>\n<h2 style=\"text-align: center;\"><strong>Sergio Rotman:<\/strong> Yo le explico a la gente lo siguiente: El brass (secci\u00f3n de bronces) en los \u201cCadillacs\u201d afecta 16 compases una canci\u00f3n que tiene 140, entonces el resto del tiempo es muy dif\u00edcil. \u00bfQu\u00e9 hac\u00e9s?,\u00a0 porque los ca\u00f1os generalmente est\u00e1n detr\u00e1s, unos se\u00f1ores con anteojitos, con la partitura y cuando no tocan, se fuman un cigarro. Yo estoy adelante, veo las caras de la gente, entonces busco ese \u201cpersonaje\u201d, que le tengo que poner un nombre, alg\u00fan d\u00eda lo har\u00e9, que no soy yo definitivamente, pero que dentro de los \u201cCadillacs\u201d se siente absolutamente c\u00f3modo ah\u00ed y a gusto.<\/h2>\n<h2 style=\"text-align: center;\"><a href=\"http:\/\/noticias1440.com.ar\/wp-content\/uploads\/2025\/03\/Sergio-Rotman-Foto-A002-Foto-by-Gabriel-Anchorena-Uriburu-Tormato-Studios.jpg\"><img loading=\"lazy\" decoding=\"async\" class=\"wp-image-1854 aligncenter\" src=\"http:\/\/noticias1440.com.ar\/wp-content\/uploads\/2025\/03\/Sergio-Rotman-Foto-A002-Foto-by-Gabriel-Anchorena-Uriburu-Tormato-Studios-300x157.jpg\" alt=\"\" width=\"906\" height=\"474\" srcset=\"http:\/\/noticias1440.com.ar\/wp-content\/uploads\/2025\/03\/Sergio-Rotman-Foto-A002-Foto-by-Gabriel-Anchorena-Uriburu-Tormato-Studios-300x157.jpg 300w, http:\/\/noticias1440.com.ar\/wp-content\/uploads\/2025\/03\/Sergio-Rotman-Foto-A002-Foto-by-Gabriel-Anchorena-Uriburu-Tormato-Studios-1024x536.jpg 1024w, http:\/\/noticias1440.com.ar\/wp-content\/uploads\/2025\/03\/Sergio-Rotman-Foto-A002-Foto-by-Gabriel-Anchorena-Uriburu-Tormato-Studios-768x402.jpg 768w, http:\/\/noticias1440.com.ar\/wp-content\/uploads\/2025\/03\/Sergio-Rotman-Foto-A002-Foto-by-Gabriel-Anchorena-Uriburu-Tormato-Studios.jpg 1171w\" sizes=\"auto, (max-width: 906px) 100vw, 906px\" \/><\/a><\/h2>\n<h2 style=\"text-align: center;\"><strong>\u00bfC\u00f3mo es el plan para esta temporada con ellos?<\/strong><\/h2>\n<h2 style=\"text-align: center;\">Sergio Rotman: Se avecina uno de los a\u00f1os m\u00e1s impresionantes. Vamos a ir a Europa de vuelta, vamos a llevar \u201cBasura Post Punk\u201d a Europa, vamos a hacer Madrid, Barcelona, Mayorca, M\u00e1laga, Par\u00eds, Londres y Berl\u00edn. Estos tres \u00faltimos est\u00e1n \u201csold out\u201d, el resto son festivales, pero los shows que son independiente los \u201cCadillacs\u201d se han tenido que mover a un lugar para meter el triple original de esa cifra estimada porque las ganas de ver a los \u201cCadillacs\u201d en Europa es muy grande, esas giras de \u201cCadillacs\u201d como nosotros las hacemos son muy impactantes, porque hay un nivel art\u00edstico y la calidad de todo, la gente que trabaja es cinco estrellas. Entonces podes hacer tu m\u00fasica en un ambiente que es incre\u00edble, sobre todo porque yo fui a Europa cuando en el 2014 dormimos todos en un solo cuarto. Entonces tiene ese gusto de que hoy en d\u00eda lo hacemos como se debe.<\/h2>\n<h2><em><strong>Entradas para adquirir del \u00abQuilmes Rock 2025\u00bb:<\/strong><\/em><\/h2>\n<h2 style=\"text-align: center;\"><a href=\"http:\/\/www.quilmesrock.enigmatickets.com\/\">www.quilmesrock.enigmatickets.com<\/a><\/h2>\n<p>&nbsp;<\/p>\n<h2><strong><span style=\"color: #000080;\">Fotos Oficiales \u00abLos Fabulosos Cadillacs\u00bb : Mariela Custodio (Gerencia de Prensa Prensa Pop ArtMusic 2025)<\/span> \/\/ <span style=\"color: #993366;\">Foto Sergio Rotman en \u00abStrummer\u00bb: Gabriel Imparato<\/span><\/strong><\/h2>\n","protected":false},"excerpt":{"rendered":"<p>La deslumbrante y trascendental banda formada a fines de los \u201880s cerrar\u00e1 el domingo 6 de abril de 2025 la segunda fecha del evento en el amplio predio de Tecn\u00f3polis, concierto al que\u00a0 se refiri\u00f3 el legendario saxofonista en una entrevista exclusiva con este medio.<\/p>\n","protected":false},"author":1,"featured_media":1878,"comment_status":"closed","ping_status":"open","sticky":false,"template":"","format":"standard","meta":{"footnotes":""},"categories":[3,4,6],"tags":[],"class_list":["post-1875","post","type-post","status-publish","format-standard","has-post-thumbnail","hentry","category-actualidad","category-entrevistas","category-lanzamientos"],"_links":{"self":[{"href":"http:\/\/noticias1440.com.ar\/index.php?rest_route=\/wp\/v2\/posts\/1875","targetHints":{"allow":["GET"]}}],"collection":[{"href":"http:\/\/noticias1440.com.ar\/index.php?rest_route=\/wp\/v2\/posts"}],"about":[{"href":"http:\/\/noticias1440.com.ar\/index.php?rest_route=\/wp\/v2\/types\/post"}],"author":[{"embeddable":true,"href":"http:\/\/noticias1440.com.ar\/index.php?rest_route=\/wp\/v2\/users\/1"}],"replies":[{"embeddable":true,"href":"http:\/\/noticias1440.com.ar\/index.php?rest_route=%2Fwp%2Fv2%2Fcomments&post=1875"}],"version-history":[{"count":6,"href":"http:\/\/noticias1440.com.ar\/index.php?rest_route=\/wp\/v2\/posts\/1875\/revisions"}],"predecessor-version":[{"id":1910,"href":"http:\/\/noticias1440.com.ar\/index.php?rest_route=\/wp\/v2\/posts\/1875\/revisions\/1910"}],"wp:featuredmedia":[{"embeddable":true,"href":"http:\/\/noticias1440.com.ar\/index.php?rest_route=\/wp\/v2\/media\/1878"}],"wp:attachment":[{"href":"http:\/\/noticias1440.com.ar\/index.php?rest_route=%2Fwp%2Fv2%2Fmedia&parent=1875"}],"wp:term":[{"taxonomy":"category","embeddable":true,"href":"http:\/\/noticias1440.com.ar\/index.php?rest_route=%2Fwp%2Fv2%2Fcategories&post=1875"},{"taxonomy":"post_tag","embeddable":true,"href":"http:\/\/noticias1440.com.ar\/index.php?rest_route=%2Fwp%2Fv2%2Ftags&post=1875"}],"curies":[{"name":"wp","href":"https:\/\/api.w.org\/{rel}","templated":true}]}}